{"id":19298,"date":"2026-09-03T10:56:25","date_gmt":"2026-09-03T08:56:25","guid":{"rendered":"https:\/\/www.emplea-te.com\/noticias-oposiciones\/?p=19298"},"modified":"2026-09-03T10:56:25","modified_gmt":"2026-09-03T08:56:25","slug":"universidad-politecnica-de-madrid-publicadas-las-listas-definitivas-de-aspirantes-admitidos-y-excluidos-en-la-convocatoria-de-67-plazas-de-administrativo-c1-y-fecha-del-primer-ejercicio","status":"publish","type":"post","link":"https:\/\/www.emplea-te.com\/noticias-oposiciones\/universidad-politecnica-de-madrid-publicadas-las-listas-definitivas-de-aspirantes-admitidos-y-excluidos-en-la-convocatoria-de-67-plazas-de-administrativo-c1-y-fecha-del-primer-ejercicio\/","title":{"rendered":"Universidad Polit\u00e9cnica de Madrid. Publicadas las listas definitivas de aspirantes admitidos y excluidos en la convocatoria de 67 plazas de  Administrativo C1 y fecha del primer ejercicio"},"content":{"rendered":"<p>La Universidad Polit\u00e9cnica de Madrid (UPM) ha publicado nuevas actualizaciones\u00a0 del proceso selectivo convocado para cubrir 67 plazas\u00a0 en la Escala Administrativa, Subgrupo C1, convocado por Resoluci\u00f3n de 7 de mayo de 2026.<\/p>\n<p>Lo vemos punto por punto:<\/p>\n<p><strong>-Publicadas las listas definitivas de aspirantes admitidos y excluidos:<\/p>\n<p>Relaci\u00f3n de aspirantes admitidos:<\/strong><br \/>\nConsulta la <a href=\"https:\/\/www.upm.es\/gsfs\/SFS53796\" target=\"_blank\" rel=\"noopener\"><strong>relaci\u00f3n definitiva de personas admitidas por turno general<\/strong><\/a><\/p>\n<p>Consulta la <a href=\"https:\/\/www.upm.es\/gsfs\/SFS53797\" target=\"_blank\" rel=\"noopener\"><strong>relaci\u00f3n definitiva de personas admitidas por turno de discapacidad<\/strong><\/a><\/p>\n<p><strong>Tambi\u00e9n se han publicado las relaciones definitivas de personas excluidas:<\/strong><\/p>\n<p>Consulta la <a href=\"https:\/\/www.upm.es\/gsfs\/SFS53797\" target=\"_blank\" rel=\"noopener\"><strong>relaci\u00f3n definitiva de personas excluidas por turno general<\/strong><\/a><\/p>\n<p>Consulta la<a href=\"https:\/\/www.upm.es\/gsfs\/SFS52473\" target=\"_blank\" rel=\"noopener\"><strong> relaci\u00f3n definitiva de personas excluidas por turno de discapacidad<\/strong><\/a><\/p>\n<p><strong>-Fecha de realizaci\u00f3n del primer ejercicio:<br \/>\n<\/strong>Se convoca a los aspirantes admitidos, a la realizaci\u00f3n del primer ejercicio el d\u00eda d\u00eda 19 de septiembre de 2026, a las 10:00 horas, en la Escuela T\u00e9cnica Superior de Ingenier\u00eda Aeron\u00e1utica y del Espacio, Plaza del Cardenal Cisneros, n\u00famero 3, 28040 Madrid.<br \/>\n<a href=\"https:\/\/www.upm.es\/gsfs\/SFS53795\" target=\"_blank\" rel=\"noopener\"><strong>\u00a0Consulta aqu\u00ed la Resoluci\u00f3n de 2 de septiembre de 2026 referente a la\u00a0 convocatoria del primer ejercicio<\/strong><\/a><\/p>\n<p><strong>-Publicada la distribuci\u00f3n de opositores por aulas:<br \/>\n<\/strong>La UPM tambi\u00e9n ha publicado los planos de la Escuela T\u00e9cnica Superior de Ingenier\u00eda Aeron\u00e1utica y del Espacio (ETSIAE) y la distribuci\u00f3n de los opositores\u00a0 por aulas.<br \/>\n<a href=\"https:\/\/www.upm.es\/gsfs\/SFS53801\"><strong>\u00a0Consulta aqu\u00ed los planos y la distribuci\u00f3n de opositores por aulas<\/strong><\/a><\/p>\n<p><strong>-Publicada nota informativa relativa a la realizaci\u00f3n del primer ejercicio:<br \/>\n<a href=\"https:\/\/www.upm.es\/gsfs\/SFS53802\" target=\"_blank\" rel=\"noopener\">Cons\u00faltala desde este enlace.\u00a0<\/a><\/strong><\/p>\n<p>&nbsp;<\/p>\n<p>&nbsp;<\/p>\n","protected":false},"excerpt":{"rendered":"<p>La Universidad Polit\u00e9cnica de Madrid (UPM) ha publicado nuevas actualizaciones\u00a0 del proceso selectivo convocado para cubrir 67 plazas\u00a0 en la Escala Administrativa, Subgrupo C1, convocado por Resoluci\u00f3n de 7 de mayo de 2026. Lo vemos punto por punto: -Publicadas las listas definitivas de aspirantes admitidos y excluidos: Relaci\u00f3n de aspirantes admitidos: Consulta la relaci\u00f3n definitiva &hellip; <a href=\"https:\/\/www.emplea-te.com\/noticias-oposiciones\/universidad-politecnica-de-madrid-publicadas-las-listas-definitivas-de-aspirantes-admitidos-y-excluidos-en-la-convocatoria-de-67-plazas-de-administrativo-c1-y-fecha-del-primer-ejercicio\/\" class=\"more-link\">Continuar leyendo<span class=\"screen-reader-text\"> \u00abUniversidad Polit\u00e9cnica de Madrid. Publicadas las listas definitivas de aspirantes admitidos y excluidos en la convocatoria de 67 plazas de  Administrativo C1 y fecha del primer ejercicio\u00bb<\/span><\/a><\/p>\n","protected":false},"author":1,"featured_media":0,"comment_status":"closed","ping_status":"closed","sticky":false,"template":"","format":"standard","meta":{"footnotes":""},"categories":[109,110],"tags":[82,49,71,103,87],"class_list":["post-19298","post","type-post","status-publish","format-standard","hentry","category-oposiciones-madrid","category-p-a-s-universidades-madrid","tag-acceso-libre","tag-convocatorias-de-oposiciones","tag-fecha-examenes","tag-informacion-procesos-selectivos","tag-listados-definitivos-de-aspirantes-admitidos-y-excluidos"],"yoast_head":"<!-- This site is optimized with the Yoast SEO plugin v27.6 - https:\/\/yoast.com\/product\/yoast-seo-wordpress\/ -->\n<title>Univ. Polit\u00e9cnica de Madrid. Convocatoria. Proceso selectivo.<\/title>\n<meta name=\"description\" content=\"Universidad Polit\u00e9cnica de Madrid. Listas definitivas de aspirantes admitidos y excluidos en la convocatoria de 67 plazas de Administrativo C1\" \/>\n<meta name=\"robots\" content=\"index, follow, max-snippet:-1, max-image-preview:large, max-video-preview:-1\" \/>\n<link rel=\"canonical\" href=\"https:\/\/www.emplea-te.com\/noticias-oposiciones\/universidad-politecnica-de-madrid-publicadas-las-listas-definitivas-de-aspirantes-admitidos-y-excluidos-en-la-convocatoria-de-67-plazas-de-administrativo-c1-y-fecha-del-primer-ejercicio\/\" \/>\n<meta property=\"og:locale\" content=\"es_ES\" \/>\n<meta property=\"og:type\" content=\"article\" \/>\n<meta property=\"og:title\" content=\"Univ. Polit\u00e9cnica de Madrid. Convocatoria. Proceso selectivo.\" \/>\n<meta property=\"og:description\" content=\"Universidad Polit\u00e9cnica de Madrid. Listas definitivas de aspirantes admitidos y excluidos en la convocatoria de 67 plazas de Administrativo C1\" \/>\n<meta property=\"og:url\" content=\"https:\/\/www.emplea-te.com\/noticias-oposiciones\/universidad-politecnica-de-madrid-publicadas-las-listas-definitivas-de-aspirantes-admitidos-y-excluidos-en-la-convocatoria-de-67-plazas-de-administrativo-c1-y-fecha-del-primer-ejercicio\/\" \/>\n<meta property=\"og:site_name\" content=\"Noticas de oposiciones por Academia Emplea-te\" \/>\n<meta property=\"article:publisher\" content=\"https:\/\/www.facebook.com\/AcademiaEmpleate\/\" \/>\n<meta property=\"article:published_time\" content=\"2026-09-03T08:56:25+00:00\" \/>\n<meta name=\"author\" content=\"Empleate\" \/>\n<meta name=\"twitter:card\" content=\"summary_large_image\" \/>\n<meta name=\"twitter:creator\" content=\"@Emplea_Te\" \/>\n<meta name=\"twitter:site\" content=\"@Emplea_Te\" \/>\n<meta name=\"twitter:label1\" content=\"Escrito por\" \/>\n\t<meta name=\"twitter:data1\" content=\"Empleate\" \/>\n\t<meta name=\"twitter:label2\" content=\"Tiempo de lectura\" \/>\n\t<meta name=\"twitter:data2\" content=\"2 minutos\" \/>\n<script type=\"application\/ld+json\" class=\"yoast-schema-graph\">{\"@context\":\"https:\\\/\\\/schema.org\",\"@graph\":[{\"@type\":\"Article\",\"@id\":\"https:\\\/\\\/www.emplea-te.com\\\/noticias-oposiciones\\\/universidad-politecnica-de-madrid-publicadas-las-listas-definitivas-de-aspirantes-admitidos-y-excluidos-en-la-convocatoria-de-67-plazas-de-administrativo-c1-y-fecha-del-primer-ejercicio\\\/#article\",\"isPartOf\":{\"@id\":\"https:\\\/\\\/www.emplea-te.com\\\/noticias-oposiciones\\\/universidad-politecnica-de-madrid-publicadas-las-listas-definitivas-de-aspirantes-admitidos-y-excluidos-en-la-convocatoria-de-67-plazas-de-administrativo-c1-y-fecha-del-primer-ejercicio\\\/\"},\"author\":{\"name\":\"Empleate\",\"@id\":\"https:\\\/\\\/www.emplea-te.com\\\/noticias-oposiciones\\\/#\\\/schema\\\/person\\\/d1bc587e1af2b95e9c32aba1795509a6\"},\"headline\":\"Universidad Polit\u00e9cnica de Madrid. Publicadas las listas definitivas de aspirantes admitidos y excluidos en la convocatoria de 67 plazas de Administrativo C1 y fecha del primer ejercicio\",\"datePublished\":\"2026-09-03T08:56:25+00:00\",\"mainEntityOfPage\":{\"@id\":\"https:\\\/\\\/www.emplea-te.com\\\/noticias-oposiciones\\\/universidad-politecnica-de-madrid-publicadas-las-listas-definitivas-de-aspirantes-admitidos-y-excluidos-en-la-convocatoria-de-67-plazas-de-administrativo-c1-y-fecha-del-primer-ejercicio\\\/\"},\"wordCount\":273,\"publisher\":{\"@id\":\"https:\\\/\\\/www.emplea-te.com\\\/noticias-oposiciones\\\/#organization\"},\"keywords\":[\"Acceso libre\",\"Convocatoria\",\"Fecha ex\u00e1menes\",\"Informaci\u00f3n procesos selectivos\",\"Listados Definitivos de aspirantes admitidos y excluidos\"],\"articleSection\":[\"Oposiciones Madrid.\",\"P.A.S Universidades Madrid\"],\"inLanguage\":\"es\"},{\"@type\":\"WebPage\",\"@id\":\"https:\\\/\\\/www.emplea-te.com\\\/noticias-oposiciones\\\/universidad-politecnica-de-madrid-publicadas-las-listas-definitivas-de-aspirantes-admitidos-y-excluidos-en-la-convocatoria-de-67-plazas-de-administrativo-c1-y-fecha-del-primer-ejercicio\\\/\",\"url\":\"https:\\\/\\\/www.emplea-te.com\\\/noticias-oposiciones\\\/universidad-politecnica-de-madrid-publicadas-las-listas-definitivas-de-aspirantes-admitidos-y-excluidos-en-la-convocatoria-de-67-plazas-de-administrativo-c1-y-fecha-del-primer-ejercicio\\\/\",\"name\":\"Univ. Polit\u00e9cnica de Madrid. Convocatoria. Proceso selectivo.\",\"isPartOf\":{\"@id\":\"https:\\\/\\\/www.emplea-te.com\\\/noticias-oposiciones\\\/#website\"},\"datePublished\":\"2026-09-03T08:56:25+00:00\",\"description\":\"Universidad Polit\u00e9cnica de Madrid. Listas definitivas de aspirantes admitidos y excluidos en la convocatoria de 67 plazas de Administrativo C1\",\"breadcrumb\":{\"@id\":\"https:\\\/\\\/www.emplea-te.com\\\/noticias-oposiciones\\\/universidad-politecnica-de-madrid-publicadas-las-listas-definitivas-de-aspirantes-admitidos-y-excluidos-en-la-convocatoria-de-67-plazas-de-administrativo-c1-y-fecha-del-primer-ejercicio\\\/#breadcrumb\"},\"inLanguage\":\"es\",\"potentialAction\":[{\"@type\":\"ReadAction\",\"target\":[\"https:\\\/\\\/www.emplea-te.com\\\/noticias-oposiciones\\\/universidad-politecnica-de-madrid-publicadas-las-listas-definitivas-de-aspirantes-admitidos-y-excluidos-en-la-convocatoria-de-67-plazas-de-administrativo-c1-y-fecha-del-primer-ejercicio\\\/\"]}]},{\"@type\":\"BreadcrumbList\",\"@id\":\"https:\\\/\\\/www.emplea-te.com\\\/noticias-oposiciones\\\/universidad-politecnica-de-madrid-publicadas-las-listas-definitivas-de-aspirantes-admitidos-y-excluidos-en-la-convocatoria-de-67-plazas-de-administrativo-c1-y-fecha-del-primer-ejercicio\\\/#breadcrumb\",\"itemListElement\":[{\"@type\":\"ListItem\",\"position\":1,\"name\":\"Noticias Oposiciones\",\"item\":\"https:\\\/\\\/www.emplea-te.com\\\/noticias-oposiciones\\\/\"},{\"@type\":\"ListItem\",\"position\":2,\"name\":\"Oposiciones Madrid.\",\"item\":\"https:\\\/\\\/www.emplea-te.com\\\/noticias-oposiciones\\\/categoria\\\/oposiciones-madrid\\\/\"},{\"@type\":\"ListItem\",\"position\":3,\"name\":\"Universidad Polit\u00e9cnica de Madrid. Publicadas las listas definitivas de aspirantes admitidos y excluidos en la convocatoria de 67 plazas de Administrativo C1 y fecha del primer ejercicio\"}]},{\"@type\":\"WebSite\",\"@id\":\"https:\\\/\\\/www.emplea-te.com\\\/noticias-oposiciones\\\/#website\",\"url\":\"https:\\\/\\\/www.emplea-te.com\\\/noticias-oposiciones\\\/\",\"name\":\"Noticas de oposiciones por Academia Emplea-te\",\"description\":\"Toda la actualidad de las ofertas y convocatorias.\",\"publisher\":{\"@id\":\"https:\\\/\\\/www.emplea-te.com\\\/noticias-oposiciones\\\/#organization\"},\"potentialAction\":[{\"@type\":\"SearchAction\",\"target\":{\"@type\":\"EntryPoint\",\"urlTemplate\":\"https:\\\/\\\/www.emplea-te.com\\\/noticias-oposiciones\\\/?s={search_term_string}\"},\"query-input\":{\"@type\":\"PropertyValueSpecification\",\"valueRequired\":true,\"valueName\":\"search_term_string\"}}],\"inLanguage\":\"es\"},{\"@type\":\"Organization\",\"@id\":\"https:\\\/\\\/www.emplea-te.com\\\/noticias-oposiciones\\\/#organization\",\"name\":\"Academia de oposiciones Empl\u00e9ate\",\"url\":\"https:\\\/\\\/www.emplea-te.com\\\/noticias-oposiciones\\\/\",\"logo\":{\"@type\":\"ImageObject\",\"inLanguage\":\"es\",\"@id\":\"https:\\\/\\\/www.emplea-te.com\\\/noticias-oposiciones\\\/#\\\/schema\\\/logo\\\/image\\\/\",\"url\":\"https:\\\/\\\/www.emplea-te.com\\\/noticias-oposiciones\\\/wp-content\\\/uploads\\\/2019\\\/04\\\/empleate.jpg\",\"contentUrl\":\"https:\\\/\\\/www.emplea-te.com\\\/noticias-oposiciones\\\/wp-content\\\/uploads\\\/2019\\\/04\\\/empleate.jpg\",\"width\":250,\"height\":150,\"caption\":\"Academia de oposiciones Empl\u00e9ate\"},\"image\":{\"@id\":\"https:\\\/\\\/www.emplea-te.com\\\/noticias-oposiciones\\\/#\\\/schema\\\/logo\\\/image\\\/\"},\"sameAs\":[\"https:\\\/\\\/www.facebook.com\\\/AcademiaEmpleate\\\/\",\"https:\\\/\\\/x.com\\\/Emplea_Te\",\"https:\\\/\\\/www.instagram.com\\\/academia_empleate\\\/\"]},{\"@type\":\"Person\",\"@id\":\"https:\\\/\\\/www.emplea-te.com\\\/noticias-oposiciones\\\/#\\\/schema\\\/person\\\/d1bc587e1af2b95e9c32aba1795509a6\",\"name\":\"Empleate\"}]}<\/script>\n<!-- \/ Yoast SEO plugin. -->","yoast_head_json":{"title":"Univ. Polit\u00e9cnica de Madrid. Convocatoria. Proceso selectivo.","description":"Universidad Polit\u00e9cnica de Madrid. Listas definitivas de aspirantes admitidos y excluidos en la convocatoria de 67 plazas de Administrativo C1","robots":{"index":"index","follow":"follow","max-snippet":"max-snippet:-1","max-image-preview":"max-image-preview:large","max-video-preview":"max-video-preview:-1"},"canonical":"https:\/\/www.emplea-te.com\/noticias-oposiciones\/universidad-politecnica-de-madrid-publicadas-las-listas-definitivas-de-aspirantes-admitidos-y-excluidos-en-la-convocatoria-de-67-plazas-de-administrativo-c1-y-fecha-del-primer-ejercicio\/","og_locale":"es_ES","og_type":"article","og_title":"Univ. Polit\u00e9cnica de Madrid. Convocatoria. Proceso selectivo.","og_description":"Universidad Polit\u00e9cnica de Madrid. Listas definitivas de aspirantes admitidos y excluidos en la convocatoria de 67 plazas de Administrativo C1","og_url":"https:\/\/www.emplea-te.com\/noticias-oposiciones\/universidad-politecnica-de-madrid-publicadas-las-listas-definitivas-de-aspirantes-admitidos-y-excluidos-en-la-convocatoria-de-67-plazas-de-administrativo-c1-y-fecha-del-primer-ejercicio\/","og_site_name":"Noticas de oposiciones por Academia Emplea-te","article_publisher":"https:\/\/www.facebook.com\/AcademiaEmpleate\/","article_published_time":"2026-09-03T08:56:25+00:00","author":"Empleate","twitter_card":"summary_large_image","twitter_creator":"@Emplea_Te","twitter_site":"@Emplea_Te","twitter_misc":{"Escrito por":"Empleate","Tiempo de lectura":"2 minutos"},"schema":{"@context":"https:\/\/schema.org","@graph":[{"@type":"Article","@id":"https:\/\/www.emplea-te.com\/noticias-oposiciones\/universidad-politecnica-de-madrid-publicadas-las-listas-definitivas-de-aspirantes-admitidos-y-excluidos-en-la-convocatoria-de-67-plazas-de-administrativo-c1-y-fecha-del-primer-ejercicio\/#article","isPartOf":{"@id":"https:\/\/www.emplea-te.com\/noticias-oposiciones\/universidad-politecnica-de-madrid-publicadas-las-listas-definitivas-de-aspirantes-admitidos-y-excluidos-en-la-convocatoria-de-67-plazas-de-administrativo-c1-y-fecha-del-primer-ejercicio\/"},"author":{"name":"Empleate","@id":"https:\/\/www.emplea-te.com\/noticias-oposiciones\/#\/schema\/person\/d1bc587e1af2b95e9c32aba1795509a6"},"headline":"Universidad Polit\u00e9cnica de Madrid. Publicadas las listas definitivas de aspirantes admitidos y excluidos en la convocatoria de 67 plazas de Administrativo C1 y fecha del primer ejercicio","datePublished":"2026-09-03T08:56:25+00:00","mainEntityOfPage":{"@id":"https:\/\/www.emplea-te.com\/noticias-oposiciones\/universidad-politecnica-de-madrid-publicadas-las-listas-definitivas-de-aspirantes-admitidos-y-excluidos-en-la-convocatoria-de-67-plazas-de-administrativo-c1-y-fecha-del-primer-ejercicio\/"},"wordCount":273,"publisher":{"@id":"https:\/\/www.emplea-te.com\/noticias-oposiciones\/#organization"},"keywords":["Acceso libre","Convocatoria","Fecha ex\u00e1menes","Informaci\u00f3n procesos selectivos","Listados Definitivos de aspirantes admitidos y excluidos"],"articleSection":["Oposiciones Madrid.","P.A.S Universidades Madrid"],"inLanguage":"es"},{"@type":"WebPage","@id":"https:\/\/www.emplea-te.com\/noticias-oposiciones\/universidad-politecnica-de-madrid-publicadas-las-listas-definitivas-de-aspirantes-admitidos-y-excluidos-en-la-convocatoria-de-67-plazas-de-administrativo-c1-y-fecha-del-primer-ejercicio\/","url":"https:\/\/www.emplea-te.com\/noticias-oposiciones\/universidad-politecnica-de-madrid-publicadas-las-listas-definitivas-de-aspirantes-admitidos-y-excluidos-en-la-convocatoria-de-67-plazas-de-administrativo-c1-y-fecha-del-primer-ejercicio\/","name":"Univ. Polit\u00e9cnica de Madrid. Convocatoria. Proceso selectivo.","isPartOf":{"@id":"https:\/\/www.emplea-te.com\/noticias-oposiciones\/#website"},"datePublished":"2026-09-03T08:56:25+00:00","description":"Universidad Polit\u00e9cnica de Madrid. Listas definitivas de aspirantes admitidos y excluidos en la convocatoria de 67 plazas de Administrativo C1","breadcrumb":{"@id":"https:\/\/www.emplea-te.com\/noticias-oposiciones\/universidad-politecnica-de-madrid-publicadas-las-listas-definitivas-de-aspirantes-admitidos-y-excluidos-en-la-convocatoria-de-67-plazas-de-administrativo-c1-y-fecha-del-primer-ejercicio\/#breadcrumb"},"inLanguage":"es","potentialAction":[{"@type":"ReadAction","target":["https:\/\/www.emplea-te.com\/noticias-oposiciones\/universidad-politecnica-de-madrid-publicadas-las-listas-definitivas-de-aspirantes-admitidos-y-excluidos-en-la-convocatoria-de-67-plazas-de-administrativo-c1-y-fecha-del-primer-ejercicio\/"]}]},{"@type":"BreadcrumbList","@id":"https:\/\/www.emplea-te.com\/noticias-oposiciones\/universidad-politecnica-de-madrid-publicadas-las-listas-definitivas-de-aspirantes-admitidos-y-excluidos-en-la-convocatoria-de-67-plazas-de-administrativo-c1-y-fecha-del-primer-ejercicio\/#breadcrumb","itemListElement":[{"@type":"ListItem","position":1,"name":"Noticias Oposiciones","item":"https:\/\/www.emplea-te.com\/noticias-oposiciones\/"},{"@type":"ListItem","position":2,"name":"Oposiciones Madrid.","item":"https:\/\/www.emplea-te.com\/noticias-oposiciones\/categoria\/oposiciones-madrid\/"},{"@type":"ListItem","position":3,"name":"Universidad Polit\u00e9cnica de Madrid. Publicadas las listas definitivas de aspirantes admitidos y excluidos en la convocatoria de 67 plazas de Administrativo C1 y fecha del primer ejercicio"}]},{"@type":"WebSite","@id":"https:\/\/www.emplea-te.com\/noticias-oposiciones\/#website","url":"https:\/\/www.emplea-te.com\/noticias-oposiciones\/","name":"Noticas de oposiciones por Academia Emplea-te","description":"Toda la actualidad de las ofertas y convocatorias.","publisher":{"@id":"https:\/\/www.emplea-te.com\/noticias-oposiciones\/#organization"},"potentialAction":[{"@type":"SearchAction","target":{"@type":"EntryPoint","urlTemplate":"https:\/\/www.emplea-te.com\/noticias-oposiciones\/?s={search_term_string}"},"query-input":{"@type":"PropertyValueSpecification","valueRequired":true,"valueName":"search_term_string"}}],"inLanguage":"es"},{"@type":"Organization","@id":"https:\/\/www.emplea-te.com\/noticias-oposiciones\/#organization","name":"Academia de oposiciones Empl\u00e9ate","url":"https:\/\/www.emplea-te.com\/noticias-oposiciones\/","logo":{"@type":"ImageObject","inLanguage":"es","@id":"https:\/\/www.emplea-te.com\/noticias-oposiciones\/#\/schema\/logo\/image\/","url":"https:\/\/www.emplea-te.com\/noticias-oposiciones\/wp-content\/uploads\/2019\/04\/empleate.jpg","contentUrl":"https:\/\/www.emplea-te.com\/noticias-oposiciones\/wp-content\/uploads\/2019\/04\/empleate.jpg","width":250,"height":150,"caption":"Academia de oposiciones Empl\u00e9ate"},"image":{"@id":"https:\/\/www.emplea-te.com\/noticias-oposiciones\/#\/schema\/logo\/image\/"},"sameAs":["https:\/\/www.facebook.com\/AcademiaEmpleate\/","https:\/\/x.com\/Emplea_Te","https:\/\/www.instagram.com\/academia_empleate\/"]},{"@type":"Person","@id":"https:\/\/www.emplea-te.com\/noticias-oposiciones\/#\/schema\/person\/d1bc587e1af2b95e9c32aba1795509a6","name":"Empleate"}]}},"_links":{"self":[{"href":"https:\/\/www.emplea-te.com\/noticias-oposiciones\/wp-json\/wp\/v2\/posts\/19298","targetHints":{"allow":["GET"]}}],"collection":[{"href":"https:\/\/www.emplea-te.com\/noticias-oposiciones\/wp-json\/wp\/v2\/posts"}],"about":[{"href":"https:\/\/www.emplea-te.com\/noticias-oposiciones\/wp-json\/wp\/v2\/types\/post"}],"author":[{"embeddable":true,"href":"https:\/\/www.emplea-te.com\/noticias-oposiciones\/wp-json\/wp\/v2\/users\/1"}],"replies":[{"embeddable":true,"href":"https:\/\/www.emplea-te.com\/noticias-oposiciones\/wp-json\/wp\/v2\/comments?post=19298"}],"version-history":[{"count":1,"href":"https:\/\/www.emplea-te.com\/noticias-oposiciones\/wp-json\/wp\/v2\/posts\/19298\/revisions"}],"predecessor-version":[{"id":19299,"href":"https:\/\/www.emplea-te.com\/noticias-oposiciones\/wp-json\/wp\/v2\/posts\/19298\/revisions\/19299"}],"wp:attachment":[{"href":"https:\/\/www.emplea-te.com\/noticias-oposiciones\/wp-json\/wp\/v2\/media?parent=19298"}],"wp:term":[{"taxonomy":"category","embeddable":true,"href":"https:\/\/www.emplea-te.com\/noticias-oposiciones\/wp-json\/wp\/v2\/categories?post=19298"},{"taxonomy":"post_tag","embeddable":true,"href":"https:\/\/www.emplea-te.com\/noticias-oposiciones\/wp-json\/wp\/v2\/tags?post=19298"}],"curies":[{"name":"wp","href":"https:\/\/api.w.org\/{rel}","templated":true}]}}