{"id":19304,"date":"2026-09-04T10:37:38","date_gmt":"2026-09-04T08:37:38","guid":{"rendered":"https:\/\/www.emplea-te.com\/noticias-oposiciones\/?p=19304"},"modified":"2026-09-04T10:37:38","modified_gmt":"2026-09-04T08:37:38","slug":"comunidad-de-madrid-criterios-de-correccion-para-el-2o-ejercicio-de-auxiliar-de-bibliotecas-c1-2023","status":"publish","type":"post","link":"https:\/\/www.emplea-te.com\/noticias-oposiciones\/comunidad-de-madrid-criterios-de-correccion-para-el-2o-ejercicio-de-auxiliar-de-bibliotecas-c1-2023\/","title":{"rendered":"Comunidad de Madrid. Criterios de correcci\u00f3n para el 2\u00ba ejercicio de Auxiliar de Bibliotecas C1-2023."},"content":{"rendered":"<p>La Comisi\u00f3n Delegada de la Comisi\u00f3n Permanente de Selecci\u00f3n encargada de juzgar el proceso selectivo de Auxiliar de Bibliotecas y Archivos C1 turno libre convocado por Orden 2111\/2023,\u00a0 ha publicado los criterios de valoraci\u00f3n que se aplicar\u00e1n al segundo ejercicio del proceso selectivo de T\u00e9cnicos Auxiliares de Archivos, Bibliotecas y Museos C1 de la Comunidad de Madrid.<\/p>\n<p><strong>Vemos un peque\u00f1o resumen:\u00a0\u00a0<\/strong><br \/>\nLos aspirantes dispondr\u00e1n de un m\u00e1ximo de 2 horas para elaborar por escrito 2 supuestos pr\u00e1cticos, desglosados en preguntas y relacionados con el temario espec\u00edfico de la convocatoria.<br \/>\nLos supuestos ser\u00e1n propuestos por el tribunal en la misma sesi\u00f3n en la que se celebre el ejercicio.<br \/>\nAdem\u00e1s, la escritura deber\u00e1 permitir una correcta lectura por cualquier miembro del tribunal y se deber\u00e1 evitar el uso de abreviaturas o signos poco habituales.<\/p>\n<p><strong>-\u00bfQu\u00e9 va a valorar el tribunal?<br \/>\n<\/strong>\u00a0Cada supuesto pr\u00e1ctico tendr\u00e1 una puntuaci\u00f3n m\u00e1xima de 30 puntos, repartidos de esta manera:<\/p>\n<p>1. Amplitud de conocimientos: hasta 27 puntos por supuesto.<br \/>\nSe valorar\u00e1:<br \/>\nLa amplitud y el rigor de los conocimientos.<br \/>\nQue el aspirante desarrolle correctamente todos los aspectos relacionados con el supuesto.<br \/>\nLa capacidad para aplicar los conocimientos a la situaci\u00f3n pr\u00e1ctica planteada.<br \/>\nImportante: desarrollar cuestiones que no tengan relaci\u00f3n directa con lo preguntado no se tendr\u00e1 en cuenta, y los errores te\u00f3ricos o de apreciaci\u00f3n penalizar\u00e1n.<\/p>\n<p>2. Claridad, orden y expresi\u00f3n escrita: hasta 3 puntos por supuesto.<br \/>\nEl tribunal tendr\u00e1 en cuenta la claridad y coherencia de la exposici\u00f3n, el orden de los argumentos, la calidad de la redacci\u00f3n, la presentaci\u00f3n y el uso correcto del lenguaje.<br \/>\nTambi\u00e9n ser\u00e1 importante evitar faltas de ortograf\u00eda y errores sint\u00e1cticos.<\/p>\n<p><strong>\u00a0-\u00bfQu\u00e9 nota necesitas para aprobar?<br \/>\n<\/strong>Para superar el ejercicio hay que conseguir un m\u00ednimo de 30 puntos en total.<strong><br \/>\n<\/strong><\/p>\n<p>Accede al contenido \u00edntegro de la publicaci\u00f3n desde este <a href=\"https:\/\/www.comunidad.madrid\/docs\/2026-09\/2111-2023-l-comunicacion-criterios-de-correccion-2-ejer-bibliotecas-c1-sin-firma.pdf?VersionId=SZf3d6rknqBmGZgN.IuLk2vwR.00_o6M\" target=\"_blank\" rel=\"noopener\"><strong>enlace.\u00a0<\/strong><\/a><\/p>\n<p>&nbsp;<\/p>\n","protected":false},"excerpt":{"rendered":"<p>La Comisi\u00f3n Delegada de la Comisi\u00f3n Permanente de Selecci\u00f3n encargada de juzgar el proceso selectivo de Auxiliar de Bibliotecas y Archivos C1 turno libre convocado por Orden 2111\/2023,\u00a0 ha publicado los criterios de valoraci\u00f3n que se aplicar\u00e1n al segundo ejercicio del proceso selectivo de T\u00e9cnicos Auxiliares de Archivos, Bibliotecas y Museos C1 de la Comunidad &hellip; <a href=\"https:\/\/www.emplea-te.com\/noticias-oposiciones\/comunidad-de-madrid-criterios-de-correccion-para-el-2o-ejercicio-de-auxiliar-de-bibliotecas-c1-2023\/\" class=\"more-link\">Continuar leyendo<span class=\"screen-reader-text\"> \u00abComunidad de Madrid. Criterios de correcci\u00f3n para el 2\u00ba ejercicio de Auxiliar de Bibliotecas C1-2023.\u00bb<\/span><\/a><\/p>\n","protected":false},"author":1,"featured_media":0,"comment_status":"closed","ping_status":"closed","sticky":false,"template":"","format":"standard","meta":{"footnotes":""},"categories":[109],"tags":[82,49,103],"class_list":["post-19304","post","type-post","status-publish","format-standard","hentry","category-oposiciones-madrid","tag-acceso-libre","tag-convocatorias-de-oposiciones","tag-informacion-procesos-selectivos"],"yoast_head":"<!-- This site is optimized with the Yoast SEO plugin v27.6 - https:\/\/yoast.com\/product\/yoast-seo-wordpress\/ -->\n<title>Comunidad de Madrid. Convocatoria. Procesos selectivo.<\/title>\n<meta name=\"description\" content=\"Comunidad de Madrid. Criterios de correcci\u00f3n para el 2\u00ba ejercicio de Auxiliar de Bibliotecas C1-2023. Cons\u00faltalos aqu\u00ed.\" \/>\n<meta name=\"robots\" content=\"index, follow, max-snippet:-1, max-image-preview:large, max-video-preview:-1\" \/>\n<link rel=\"canonical\" href=\"https:\/\/www.emplea-te.com\/noticias-oposiciones\/comunidad-de-madrid-criterios-de-correccion-para-el-2o-ejercicio-de-auxiliar-de-bibliotecas-c1-2023\/\" \/>\n<meta property=\"og:locale\" content=\"es_ES\" \/>\n<meta property=\"og:type\" content=\"article\" \/>\n<meta property=\"og:title\" content=\"Comunidad de Madrid. Convocatoria. Procesos selectivo.\" \/>\n<meta property=\"og:description\" content=\"Comunidad de Madrid. Criterios de correcci\u00f3n para el 2\u00ba ejercicio de Auxiliar de Bibliotecas C1-2023. Cons\u00faltalos aqu\u00ed.\" \/>\n<meta property=\"og:url\" content=\"https:\/\/www.emplea-te.com\/noticias-oposiciones\/comunidad-de-madrid-criterios-de-correccion-para-el-2o-ejercicio-de-auxiliar-de-bibliotecas-c1-2023\/\" \/>\n<meta property=\"og:site_name\" content=\"Noticas de oposiciones por Academia Emplea-te\" \/>\n<meta property=\"article:publisher\" content=\"https:\/\/www.facebook.com\/AcademiaEmpleate\/\" \/>\n<meta property=\"article:published_time\" content=\"2026-09-04T08:37:38+00:00\" \/>\n<meta name=\"author\" content=\"Empleate\" \/>\n<meta name=\"twitter:card\" content=\"summary_large_image\" \/>\n<meta name=\"twitter:creator\" content=\"@Emplea_Te\" \/>\n<meta name=\"twitter:site\" content=\"@Emplea_Te\" \/>\n<meta name=\"twitter:label1\" content=\"Escrito por\" \/>\n\t<meta name=\"twitter:data1\" content=\"Empleate\" \/>\n\t<meta name=\"twitter:label2\" content=\"Tiempo de lectura\" \/>\n\t<meta name=\"twitter:data2\" content=\"2 minutos\" \/>\n<script type=\"application\/ld+json\" class=\"yoast-schema-graph\">{\"@context\":\"https:\\\/\\\/schema.org\",\"@graph\":[{\"@type\":\"Article\",\"@id\":\"https:\\\/\\\/www.emplea-te.com\\\/noticias-oposiciones\\\/comunidad-de-madrid-criterios-de-correccion-para-el-2o-ejercicio-de-auxiliar-de-bibliotecas-c1-2023\\\/#article\",\"isPartOf\":{\"@id\":\"https:\\\/\\\/www.emplea-te.com\\\/noticias-oposiciones\\\/comunidad-de-madrid-criterios-de-correccion-para-el-2o-ejercicio-de-auxiliar-de-bibliotecas-c1-2023\\\/\"},\"author\":{\"name\":\"Empleate\",\"@id\":\"https:\\\/\\\/www.emplea-te.com\\\/noticias-oposiciones\\\/#\\\/schema\\\/person\\\/d1bc587e1af2b95e9c32aba1795509a6\"},\"headline\":\"Comunidad de Madrid. Criterios de correcci\u00f3n para el 2\u00ba ejercicio de Auxiliar de Bibliotecas C1-2023.\",\"datePublished\":\"2026-09-04T08:37:38+00:00\",\"mainEntityOfPage\":{\"@id\":\"https:\\\/\\\/www.emplea-te.com\\\/noticias-oposiciones\\\/comunidad-de-madrid-criterios-de-correccion-para-el-2o-ejercicio-de-auxiliar-de-bibliotecas-c1-2023\\\/\"},\"wordCount\":340,\"publisher\":{\"@id\":\"https:\\\/\\\/www.emplea-te.com\\\/noticias-oposiciones\\\/#organization\"},\"keywords\":[\"Acceso libre\",\"Convocatoria\",\"Informaci\u00f3n procesos selectivos\"],\"articleSection\":[\"Oposiciones Madrid.\"],\"inLanguage\":\"es\"},{\"@type\":\"WebPage\",\"@id\":\"https:\\\/\\\/www.emplea-te.com\\\/noticias-oposiciones\\\/comunidad-de-madrid-criterios-de-correccion-para-el-2o-ejercicio-de-auxiliar-de-bibliotecas-c1-2023\\\/\",\"url\":\"https:\\\/\\\/www.emplea-te.com\\\/noticias-oposiciones\\\/comunidad-de-madrid-criterios-de-correccion-para-el-2o-ejercicio-de-auxiliar-de-bibliotecas-c1-2023\\\/\",\"name\":\"Comunidad de Madrid. Convocatoria. Procesos selectivo.\",\"isPartOf\":{\"@id\":\"https:\\\/\\\/www.emplea-te.com\\\/noticias-oposiciones\\\/#website\"},\"datePublished\":\"2026-09-04T08:37:38+00:00\",\"description\":\"Comunidad de Madrid. Criterios de correcci\u00f3n para el 2\u00ba ejercicio de Auxiliar de Bibliotecas C1-2023. Cons\u00faltalos aqu\u00ed.\",\"breadcrumb\":{\"@id\":\"https:\\\/\\\/www.emplea-te.com\\\/noticias-oposiciones\\\/comunidad-de-madrid-criterios-de-correccion-para-el-2o-ejercicio-de-auxiliar-de-bibliotecas-c1-2023\\\/#breadcrumb\"},\"inLanguage\":\"es\",\"potentialAction\":[{\"@type\":\"ReadAction\",\"target\":[\"https:\\\/\\\/www.emplea-te.com\\\/noticias-oposiciones\\\/comunidad-de-madrid-criterios-de-correccion-para-el-2o-ejercicio-de-auxiliar-de-bibliotecas-c1-2023\\\/\"]}]},{\"@type\":\"BreadcrumbList\",\"@id\":\"https:\\\/\\\/www.emplea-te.com\\\/noticias-oposiciones\\\/comunidad-de-madrid-criterios-de-correccion-para-el-2o-ejercicio-de-auxiliar-de-bibliotecas-c1-2023\\\/#breadcrumb\",\"itemListElement\":[{\"@type\":\"ListItem\",\"position\":1,\"name\":\"Noticias Oposiciones\",\"item\":\"https:\\\/\\\/www.emplea-te.com\\\/noticias-oposiciones\\\/\"},{\"@type\":\"ListItem\",\"position\":2,\"name\":\"Oposiciones Madrid.\",\"item\":\"https:\\\/\\\/www.emplea-te.com\\\/noticias-oposiciones\\\/categoria\\\/oposiciones-madrid\\\/\"},{\"@type\":\"ListItem\",\"position\":3,\"name\":\"Comunidad de Madrid. Criterios de correcci\u00f3n para el 2\u00ba ejercicio de Auxiliar de Bibliotecas C1-2023.\"}]},{\"@type\":\"WebSite\",\"@id\":\"https:\\\/\\\/www.emplea-te.com\\\/noticias-oposiciones\\\/#website\",\"url\":\"https:\\\/\\\/www.emplea-te.com\\\/noticias-oposiciones\\\/\",\"name\":\"Noticas de oposiciones por Academia Emplea-te\",\"description\":\"Toda la actualidad de las ofertas y convocatorias.\",\"publisher\":{\"@id\":\"https:\\\/\\\/www.emplea-te.com\\\/noticias-oposiciones\\\/#organization\"},\"potentialAction\":[{\"@type\":\"SearchAction\",\"target\":{\"@type\":\"EntryPoint\",\"urlTemplate\":\"https:\\\/\\\/www.emplea-te.com\\\/noticias-oposiciones\\\/?s={search_term_string}\"},\"query-input\":{\"@type\":\"PropertyValueSpecification\",\"valueRequired\":true,\"valueName\":\"search_term_string\"}}],\"inLanguage\":\"es\"},{\"@type\":\"Organization\",\"@id\":\"https:\\\/\\\/www.emplea-te.com\\\/noticias-oposiciones\\\/#organization\",\"name\":\"Academia de oposiciones Empl\u00e9ate\",\"url\":\"https:\\\/\\\/www.emplea-te.com\\\/noticias-oposiciones\\\/\",\"logo\":{\"@type\":\"ImageObject\",\"inLanguage\":\"es\",\"@id\":\"https:\\\/\\\/www.emplea-te.com\\\/noticias-oposiciones\\\/#\\\/schema\\\/logo\\\/image\\\/\",\"url\":\"https:\\\/\\\/www.emplea-te.com\\\/noticias-oposiciones\\\/wp-content\\\/uploads\\\/2019\\\/04\\\/empleate.jpg\",\"contentUrl\":\"https:\\\/\\\/www.emplea-te.com\\\/noticias-oposiciones\\\/wp-content\\\/uploads\\\/2019\\\/04\\\/empleate.jpg\",\"width\":250,\"height\":150,\"caption\":\"Academia de oposiciones Empl\u00e9ate\"},\"image\":{\"@id\":\"https:\\\/\\\/www.emplea-te.com\\\/noticias-oposiciones\\\/#\\\/schema\\\/logo\\\/image\\\/\"},\"sameAs\":[\"https:\\\/\\\/www.facebook.com\\\/AcademiaEmpleate\\\/\",\"https:\\\/\\\/x.com\\\/Emplea_Te\",\"https:\\\/\\\/www.instagram.com\\\/academia_empleate\\\/\"]},{\"@type\":\"Person\",\"@id\":\"https:\\\/\\\/www.emplea-te.com\\\/noticias-oposiciones\\\/#\\\/schema\\\/person\\\/d1bc587e1af2b95e9c32aba1795509a6\",\"name\":\"Empleate\"}]}<\/script>\n<!-- \/ Yoast SEO plugin. -->","yoast_head_json":{"title":"Comunidad de Madrid. Convocatoria. Procesos selectivo.","description":"Comunidad de Madrid. Criterios de correcci\u00f3n para el 2\u00ba ejercicio de Auxiliar de Bibliotecas C1-2023. Cons\u00faltalos aqu\u00ed.","robots":{"index":"index","follow":"follow","max-snippet":"max-snippet:-1","max-image-preview":"max-image-preview:large","max-video-preview":"max-video-preview:-1"},"canonical":"https:\/\/www.emplea-te.com\/noticias-oposiciones\/comunidad-de-madrid-criterios-de-correccion-para-el-2o-ejercicio-de-auxiliar-de-bibliotecas-c1-2023\/","og_locale":"es_ES","og_type":"article","og_title":"Comunidad de Madrid. Convocatoria. Procesos selectivo.","og_description":"Comunidad de Madrid. Criterios de correcci\u00f3n para el 2\u00ba ejercicio de Auxiliar de Bibliotecas C1-2023. Cons\u00faltalos aqu\u00ed.","og_url":"https:\/\/www.emplea-te.com\/noticias-oposiciones\/comunidad-de-madrid-criterios-de-correccion-para-el-2o-ejercicio-de-auxiliar-de-bibliotecas-c1-2023\/","og_site_name":"Noticas de oposiciones por Academia Emplea-te","article_publisher":"https:\/\/www.facebook.com\/AcademiaEmpleate\/","article_published_time":"2026-09-04T08:37:38+00:00","author":"Empleate","twitter_card":"summary_large_image","twitter_creator":"@Emplea_Te","twitter_site":"@Emplea_Te","twitter_misc":{"Escrito por":"Empleate","Tiempo de lectura":"2 minutos"},"schema":{"@context":"https:\/\/schema.org","@graph":[{"@type":"Article","@id":"https:\/\/www.emplea-te.com\/noticias-oposiciones\/comunidad-de-madrid-criterios-de-correccion-para-el-2o-ejercicio-de-auxiliar-de-bibliotecas-c1-2023\/#article","isPartOf":{"@id":"https:\/\/www.emplea-te.com\/noticias-oposiciones\/comunidad-de-madrid-criterios-de-correccion-para-el-2o-ejercicio-de-auxiliar-de-bibliotecas-c1-2023\/"},"author":{"name":"Empleate","@id":"https:\/\/www.emplea-te.com\/noticias-oposiciones\/#\/schema\/person\/d1bc587e1af2b95e9c32aba1795509a6"},"headline":"Comunidad de Madrid. Criterios de correcci\u00f3n para el 2\u00ba ejercicio de Auxiliar de Bibliotecas C1-2023.","datePublished":"2026-09-04T08:37:38+00:00","mainEntityOfPage":{"@id":"https:\/\/www.emplea-te.com\/noticias-oposiciones\/comunidad-de-madrid-criterios-de-correccion-para-el-2o-ejercicio-de-auxiliar-de-bibliotecas-c1-2023\/"},"wordCount":340,"publisher":{"@id":"https:\/\/www.emplea-te.com\/noticias-oposiciones\/#organization"},"keywords":["Acceso libre","Convocatoria","Informaci\u00f3n procesos selectivos"],"articleSection":["Oposiciones Madrid."],"inLanguage":"es"},{"@type":"WebPage","@id":"https:\/\/www.emplea-te.com\/noticias-oposiciones\/comunidad-de-madrid-criterios-de-correccion-para-el-2o-ejercicio-de-auxiliar-de-bibliotecas-c1-2023\/","url":"https:\/\/www.emplea-te.com\/noticias-oposiciones\/comunidad-de-madrid-criterios-de-correccion-para-el-2o-ejercicio-de-auxiliar-de-bibliotecas-c1-2023\/","name":"Comunidad de Madrid. Convocatoria. Procesos selectivo.","isPartOf":{"@id":"https:\/\/www.emplea-te.com\/noticias-oposiciones\/#website"},"datePublished":"2026-09-04T08:37:38+00:00","description":"Comunidad de Madrid. Criterios de correcci\u00f3n para el 2\u00ba ejercicio de Auxiliar de Bibliotecas C1-2023. Cons\u00faltalos aqu\u00ed.","breadcrumb":{"@id":"https:\/\/www.emplea-te.com\/noticias-oposiciones\/comunidad-de-madrid-criterios-de-correccion-para-el-2o-ejercicio-de-auxiliar-de-bibliotecas-c1-2023\/#breadcrumb"},"inLanguage":"es","potentialAction":[{"@type":"ReadAction","target":["https:\/\/www.emplea-te.com\/noticias-oposiciones\/comunidad-de-madrid-criterios-de-correccion-para-el-2o-ejercicio-de-auxiliar-de-bibliotecas-c1-2023\/"]}]},{"@type":"BreadcrumbList","@id":"https:\/\/www.emplea-te.com\/noticias-oposiciones\/comunidad-de-madrid-criterios-de-correccion-para-el-2o-ejercicio-de-auxiliar-de-bibliotecas-c1-2023\/#breadcrumb","itemListElement":[{"@type":"ListItem","position":1,"name":"Noticias Oposiciones","item":"https:\/\/www.emplea-te.com\/noticias-oposiciones\/"},{"@type":"ListItem","position":2,"name":"Oposiciones Madrid.","item":"https:\/\/www.emplea-te.com\/noticias-oposiciones\/categoria\/oposiciones-madrid\/"},{"@type":"ListItem","position":3,"name":"Comunidad de Madrid. Criterios de correcci\u00f3n para el 2\u00ba ejercicio de Auxiliar de Bibliotecas C1-2023."}]},{"@type":"WebSite","@id":"https:\/\/www.emplea-te.com\/noticias-oposiciones\/#website","url":"https:\/\/www.emplea-te.com\/noticias-oposiciones\/","name":"Noticas de oposiciones por Academia Emplea-te","description":"Toda la actualidad de las ofertas y convocatorias.","publisher":{"@id":"https:\/\/www.emplea-te.com\/noticias-oposiciones\/#organization"},"potentialAction":[{"@type":"SearchAction","target":{"@type":"EntryPoint","urlTemplate":"https:\/\/www.emplea-te.com\/noticias-oposiciones\/?s={search_term_string}"},"query-input":{"@type":"PropertyValueSpecification","valueRequired":true,"valueName":"search_term_string"}}],"inLanguage":"es"},{"@type":"Organization","@id":"https:\/\/www.emplea-te.com\/noticias-oposiciones\/#organization","name":"Academia de oposiciones Empl\u00e9ate","url":"https:\/\/www.emplea-te.com\/noticias-oposiciones\/","logo":{"@type":"ImageObject","inLanguage":"es","@id":"https:\/\/www.emplea-te.com\/noticias-oposiciones\/#\/schema\/logo\/image\/","url":"https:\/\/www.emplea-te.com\/noticias-oposiciones\/wp-content\/uploads\/2019\/04\/empleate.jpg","contentUrl":"https:\/\/www.emplea-te.com\/noticias-oposiciones\/wp-content\/uploads\/2019\/04\/empleate.jpg","width":250,"height":150,"caption":"Academia de oposiciones Empl\u00e9ate"},"image":{"@id":"https:\/\/www.emplea-te.com\/noticias-oposiciones\/#\/schema\/logo\/image\/"},"sameAs":["https:\/\/www.facebook.com\/AcademiaEmpleate\/","https:\/\/x.com\/Emplea_Te","https:\/\/www.instagram.com\/academia_empleate\/"]},{"@type":"Person","@id":"https:\/\/www.emplea-te.com\/noticias-oposiciones\/#\/schema\/person\/d1bc587e1af2b95e9c32aba1795509a6","name":"Empleate"}]}},"_links":{"self":[{"href":"https:\/\/www.emplea-te.com\/noticias-oposiciones\/wp-json\/wp\/v2\/posts\/19304","targetHints":{"allow":["GET"]}}],"collection":[{"href":"https:\/\/www.emplea-te.com\/noticias-oposiciones\/wp-json\/wp\/v2\/posts"}],"about":[{"href":"https:\/\/www.emplea-te.com\/noticias-oposiciones\/wp-json\/wp\/v2\/types\/post"}],"author":[{"embeddable":true,"href":"https:\/\/www.emplea-te.com\/noticias-oposiciones\/wp-json\/wp\/v2\/users\/1"}],"replies":[{"embeddable":true,"href":"https:\/\/www.emplea-te.com\/noticias-oposiciones\/wp-json\/wp\/v2\/comments?post=19304"}],"version-history":[{"count":1,"href":"https:\/\/www.emplea-te.com\/noticias-oposiciones\/wp-json\/wp\/v2\/posts\/19304\/revisions"}],"predecessor-version":[{"id":19305,"href":"https:\/\/www.emplea-te.com\/noticias-oposiciones\/wp-json\/wp\/v2\/posts\/19304\/revisions\/19305"}],"wp:attachment":[{"href":"https:\/\/www.emplea-te.com\/noticias-oposiciones\/wp-json\/wp\/v2\/media?parent=19304"}],"wp:term":[{"taxonomy":"category","embeddable":true,"href":"https:\/\/www.emplea-te.com\/noticias-oposiciones\/wp-json\/wp\/v2\/categories?post=19304"},{"taxonomy":"post_tag","embeddable":true,"href":"https:\/\/www.emplea-te.com\/noticias-oposiciones\/wp-json\/wp\/v2\/tags?post=19304"}],"curies":[{"name":"wp","href":"https:\/\/api.w.org\/{rel}","templated":true}]}}