{"id":2224,"date":"2019-08-13T09:36:58","date_gmt":"2019-08-13T07:36:58","guid":{"rendered":"https:\/\/www.emplea-te.com\/noticias-oposiciones\/?p=2224"},"modified":"2020-03-05T16:14:41","modified_gmt":"2020-03-05T15:14:41","slug":"preparacion-oposiciones-nuevos-grupos-presenciales-plazo-de-matricula-abierto","status":"publish","type":"post","link":"https:\/\/www.emplea-te.com\/noticias-oposiciones\/preparacion-oposiciones-nuevos-grupos-presenciales-plazo-de-matricula-abierto\/","title":{"rendered":"Abrimos Nuevos grupos presenciales para preparar las oposiciones de las OEPS 2018 y 2019. Est\u00e1s a tiempo de matricularte."},"content":{"rendered":"<h6>Abrimos nuevos grupos para preparar las oposiciones de las OEP 2018 y 2019.<\/h6>\n<h6><a href=\"http:\/\/www.emplea-te.com\" target=\"_blank\" rel=\"noopener noreferrer\">Plazo de matr\u00edcula abierto<\/a><\/h6>\n<p>&nbsp;<\/p>\n<p>Os dejamos aqu\u00ed, el horario de cada curso de cada oposici\u00f3n:<\/p>\n<p><a href=\"https:\/\/www.emplea-te.com\/noticias-oposiciones\/ver-pdf\/?pdf=https%3A%2F%2Fwww.emplea-te.com%2Fnoticias-oposiciones%2Fwp-content%2Fuploads%2F2019%2F08%2FHORARIOS-TODOS-LOS-GRUPOS-AGOSTO-2019.pdf\"><img decoding=\"async\" class=\"alignnone size-full wp-image-2225\" src=\"https:\/\/www.emplea-te.com\/noticias-oposiciones\/wp-content\/uploads\/2019\/08\/HORARIO-TODOS-LOS-GRUPOS-AGOSTO-2019.jpg\" alt=\"\" width=\"1280\" height=\"1280\" srcset=\"https:\/\/www.emplea-te.com\/noticias-oposiciones\/wp-content\/uploads\/2019\/08\/HORARIO-TODOS-LOS-GRUPOS-AGOSTO-2019.jpg 1280w, https:\/\/www.emplea-te.com\/noticias-oposiciones\/wp-content\/uploads\/2019\/08\/HORARIO-TODOS-LOS-GRUPOS-AGOSTO-2019-300x300.jpg 300w, https:\/\/www.emplea-te.com\/noticias-oposiciones\/wp-content\/uploads\/2019\/08\/HORARIO-TODOS-LOS-GRUPOS-AGOSTO-2019-1024x1024.jpg 1024w, https:\/\/www.emplea-te.com\/noticias-oposiciones\/wp-content\/uploads\/2019\/08\/HORARIO-TODOS-LOS-GRUPOS-AGOSTO-2019-150x150.jpg 150w, https:\/\/www.emplea-te.com\/noticias-oposiciones\/wp-content\/uploads\/2019\/08\/HORARIO-TODOS-LOS-GRUPOS-AGOSTO-2019-768x768.jpg 768w, https:\/\/www.emplea-te.com\/noticias-oposiciones\/wp-content\/uploads\/2019\/08\/HORARIO-TODOS-LOS-GRUPOS-AGOSTO-2019-1200x1200.jpg 1200w, https:\/\/www.emplea-te.com\/noticias-oposiciones\/wp-content\/uploads\/2019\/08\/HORARIO-TODOS-LOS-GRUPOS-AGOSTO-2019-20x20.jpg 20w\" sizes=\"(max-width: 709px) 85vw, (max-width: 909px) 67vw, (max-width: 1362px) 62vw, 840px\" \/><\/a><\/p>\n<p>&nbsp;<\/p>\n<p>&nbsp;<\/p>\n<h6><a href=\"https:\/\/www.emplea-te.com\/noticias-oposiciones\/ver-pdf\/?pdf=https%3A%2F%2Fwww.emplea-te.com%2Fnoticias-oposiciones%2Fwp-content%2Fuploads%2F2019%2F08%2FHORARIOS-TODOS-LOS-GRUPOS-AGOSTO-2019.pdf\" target=\"_blank\" rel=\"noopener noreferrer\">HORARIOS TODOS LOS GRUPOS Agosto-Septiembre 2019<\/a><\/h6>\n<p><!--more--><\/p>\n<p>&nbsp;<\/p>\n<p>En el\u00a0 enlace de m\u00e1s abajo, pod\u00e9is consultar el horario de cada uno de los grupos para preparar distintas oposiciones.<br \/>\nHorarios de temario , inform\u00e1tica, psicot\u00e9cnicos , tests, y simulacros.<\/p>\n<h6><a href=\"https:\/\/www.emplea-te.com\/noticias-oposiciones\/ver-pdf\/?pdf=https%3A%2F%2Fwww.emplea-te.com%2Fnoticias-oposiciones%2Fwp-content%2Fuploads%2F2019%2F08%2FHORARIOS-TODOS-LOS-GRUPOS-AGOSTO-2019.pdf\">HORARIOS TODOS LOS GRUPOS AGOSTO &#8211; SEPTIEMBRE 2019<\/a><\/h6>\n<p>&nbsp;<\/p>\n<p>Solicita la informaci\u00f3n que necesites. Te orientamos para que elijas la oposici\u00f3n que se adapte perfectamente a tu perfil y situaci\u00f3n personal.<\/p>\n<h6><a href=\"https:\/\/www.emplea-te.com\/\">En este enlace pod\u00e9is acceder a la informaci\u00f3n de cada uno de los procesos selectivos .\u00a0<\/a><\/h6>\n<p>&nbsp;<\/p>\n<h2><a href=\"http:\/\/www.emplea-te.com\">En Empl\u00e9a [Te] &#8230;<\/a><\/h2>\n<p><img decoding=\"async\" class=\"alignnone size-full wp-image-2228\" src=\"https:\/\/www.emplea-te.com\/noticias-oposiciones\/wp-content\/uploads\/2019\/08\/Elegir-empleate.fw_.png\" alt=\"\" width=\"1280\" height=\"1280\" srcset=\"https:\/\/www.emplea-te.com\/noticias-oposiciones\/wp-content\/uploads\/2019\/08\/Elegir-empleate.fw_.png 1280w, https:\/\/www.emplea-te.com\/noticias-oposiciones\/wp-content\/uploads\/2019\/08\/Elegir-empleate.fw_-300x300.png 300w, https:\/\/www.emplea-te.com\/noticias-oposiciones\/wp-content\/uploads\/2019\/08\/Elegir-empleate.fw_-1024x1024.png 1024w, https:\/\/www.emplea-te.com\/noticias-oposiciones\/wp-content\/uploads\/2019\/08\/Elegir-empleate.fw_-150x150.png 150w, https:\/\/www.emplea-te.com\/noticias-oposiciones\/wp-content\/uploads\/2019\/08\/Elegir-empleate.fw_-768x768.png 768w, https:\/\/www.emplea-te.com\/noticias-oposiciones\/wp-content\/uploads\/2019\/08\/Elegir-empleate.fw_-1200x1200.png 1200w, https:\/\/www.emplea-te.com\/noticias-oposiciones\/wp-content\/uploads\/2019\/08\/Elegir-empleate.fw_-20x20.png 20w\" sizes=\"(max-width: 709px) 85vw, (max-width: 909px) 67vw, (max-width: 1362px) 62vw, 840px\" \/><\/p>\n<p>&nbsp;<\/p>\n<p>&nbsp;<\/p>\n","protected":false},"excerpt":{"rendered":"<p>Abrimos nuevos grupos para preparar las oposiciones de las OEP 2018 y 2019. Plazo de matr\u00edcula abierto &nbsp; Os dejamos aqu\u00ed, el horario de cada curso de cada oposici\u00f3n: &nbsp; &nbsp; HORARIOS TODOS LOS GRUPOS Agosto-Septiembre 2019<\/p>\n","protected":false},"author":1,"featured_media":0,"comment_status":"closed","ping_status":"open","sticky":false,"template":"","format":"standard","meta":{"footnotes":""},"categories":[23,9,13,21,12,14,4,26],"tags":[],"class_list":["post-2224","post","type-post","status-publish","format-standard","hentry","category-auxiliar-de-bibliotecas-c1","category-oposiciones-auxiliar-administrativo-c2","category-ayudantes-de-instituciones-penitenciarias-c1-acceso-libre","category-oposiciones-correos","category-gestion-de-la-administracion-civil-a2","category-oposiciones-justicia","category-oposiciones-xunta","category-universidad-de-a-coruna"],"yoast_head":"<!-- This site is optimized with the Yoast SEO plugin v27.5 - https:\/\/yoast.com\/product\/yoast-seo-wordpress\/ -->\n<title>Nuevos grupos Presenciales. Oferta de Empleo P\u00fablico 2018-2019<\/title>\n<meta name=\"description\" content=\"Nuevos grupos presenciales. Prepara las plazas de Empleo P\u00fablico de 2018\/2019 Estatales, Auton\u00f3micas y Locales en Empl\u00e9a-[TE]. \u00a1Convi\u00e9rtete en Funcionario!\" \/>\n<meta name=\"robots\" content=\"index, follow, max-snippet:-1, max-image-preview:large, max-video-preview:-1\" \/>\n<link rel=\"canonical\" href=\"https:\/\/www.emplea-te.com\/noticias-oposiciones\/preparacion-oposiciones-nuevos-grupos-presenciales-plazo-de-matricula-abierto\/\" \/>\n<meta property=\"og:locale\" content=\"es_ES\" \/>\n<meta property=\"og:type\" content=\"article\" \/>\n<meta property=\"og:title\" content=\"Nuevos grupos Presenciales. Oferta de Empleo P\u00fablico 2018-2019\" \/>\n<meta property=\"og:description\" content=\"Nuevos grupos presenciales. Prepara las plazas de Empleo P\u00fablico de 2018\/2019 Estatales, Auton\u00f3micas y Locales en Empl\u00e9a-[TE]. \u00a1Convi\u00e9rtete en Funcionario!\" \/>\n<meta property=\"og:url\" content=\"https:\/\/www.emplea-te.com\/noticias-oposiciones\/preparacion-oposiciones-nuevos-grupos-presenciales-plazo-de-matricula-abierto\/\" \/>\n<meta property=\"og:site_name\" content=\"Noticas de oposiciones por Academia Emplea-te\" \/>\n<meta property=\"article:publisher\" content=\"https:\/\/www.facebook.com\/AcademiaEmpleate\/\" \/>\n<meta property=\"article:published_time\" content=\"2019-08-13T07:36:58+00:00\" \/>\n<meta property=\"article:modified_time\" content=\"2020-03-05T15:14:41+00:00\" \/>\n<meta property=\"og:image\" content=\"https:\/\/www.emplea-te.com\/noticias-oposiciones\/wp-content\/uploads\/2019\/08\/HORARIO-TODOS-LOS-GRUPOS-AGOSTO-2019.jpg\" \/>\n<meta name=\"author\" content=\"Empleate\" \/>\n<meta name=\"twitter:card\" content=\"summary_large_image\" \/>\n<meta name=\"twitter:creator\" content=\"@Emplea_Te\" \/>\n<meta name=\"twitter:site\" content=\"@Emplea_Te\" \/>\n<meta name=\"twitter:label1\" content=\"Escrito por\" \/>\n\t<meta name=\"twitter:data1\" content=\"Empleate\" \/>\n\t<meta name=\"twitter:label2\" content=\"Tiempo de lectura\" \/>\n\t<meta name=\"twitter:data2\" content=\"1 minuto\" \/>\n<script type=\"application\/ld+json\" class=\"yoast-schema-graph\">{\"@context\":\"https:\\\/\\\/schema.org\",\"@graph\":[{\"@type\":\"Article\",\"@id\":\"https:\\\/\\\/www.emplea-te.com\\\/noticias-oposiciones\\\/preparacion-oposiciones-nuevos-grupos-presenciales-plazo-de-matricula-abierto\\\/#article\",\"isPartOf\":{\"@id\":\"https:\\\/\\\/www.emplea-te.com\\\/noticias-oposiciones\\\/preparacion-oposiciones-nuevos-grupos-presenciales-plazo-de-matricula-abierto\\\/\"},\"author\":{\"name\":\"Empleate\",\"@id\":\"https:\\\/\\\/www.emplea-te.com\\\/noticias-oposiciones\\\/#\\\/schema\\\/person\\\/d1bc587e1af2b95e9c32aba1795509a6\"},\"headline\":\"Abrimos Nuevos grupos presenciales para preparar las oposiciones de las OEPS 2018 y 2019. Est\u00e1s a tiempo de matricularte.\",\"datePublished\":\"2019-08-13T07:36:58+00:00\",\"dateModified\":\"2020-03-05T15:14:41+00:00\",\"mainEntityOfPage\":{\"@id\":\"https:\\\/\\\/www.emplea-te.com\\\/noticias-oposiciones\\\/preparacion-oposiciones-nuevos-grupos-presenciales-plazo-de-matricula-abierto\\\/\"},\"wordCount\":144,\"publisher\":{\"@id\":\"https:\\\/\\\/www.emplea-te.com\\\/noticias-oposiciones\\\/#organization\"},\"image\":{\"@id\":\"https:\\\/\\\/www.emplea-te.com\\\/noticias-oposiciones\\\/preparacion-oposiciones-nuevos-grupos-presenciales-plazo-de-matricula-abierto\\\/#primaryimage\"},\"thumbnailUrl\":\"https:\\\/\\\/www.emplea-te.com\\\/noticias-oposiciones\\\/wp-content\\\/uploads\\\/2019\\\/08\\\/HORARIO-TODOS-LOS-GRUPOS-AGOSTO-2019.jpg\",\"articleSection\":[\"Auxiliar de Bibliotecas C1\",\"Oposiciones Auxiliar Administrativo C2 Estado\",\"Oposiciones Ayudantes de Instituciones Penitenciarias C1\",\"Oposiciones Correos\",\"Oposiciones Gesti\u00f3n de la Administraci\u00f3n Civil A2\",\"Oposiciones Justicia\",\"Oposiciones Xunta\",\"Universidad de A Coru\u00f1a\"],\"inLanguage\":\"es\"},{\"@type\":\"WebPage\",\"@id\":\"https:\\\/\\\/www.emplea-te.com\\\/noticias-oposiciones\\\/preparacion-oposiciones-nuevos-grupos-presenciales-plazo-de-matricula-abierto\\\/\",\"url\":\"https:\\\/\\\/www.emplea-te.com\\\/noticias-oposiciones\\\/preparacion-oposiciones-nuevos-grupos-presenciales-plazo-de-matricula-abierto\\\/\",\"name\":\"Nuevos grupos Presenciales. Oferta de Empleo P\u00fablico 2018-2019\",\"isPartOf\":{\"@id\":\"https:\\\/\\\/www.emplea-te.com\\\/noticias-oposiciones\\\/#website\"},\"primaryImageOfPage\":{\"@id\":\"https:\\\/\\\/www.emplea-te.com\\\/noticias-oposiciones\\\/preparacion-oposiciones-nuevos-grupos-presenciales-plazo-de-matricula-abierto\\\/#primaryimage\"},\"image\":{\"@id\":\"https:\\\/\\\/www.emplea-te.com\\\/noticias-oposiciones\\\/preparacion-oposiciones-nuevos-grupos-presenciales-plazo-de-matricula-abierto\\\/#primaryimage\"},\"thumbnailUrl\":\"https:\\\/\\\/www.emplea-te.com\\\/noticias-oposiciones\\\/wp-content\\\/uploads\\\/2019\\\/08\\\/HORARIO-TODOS-LOS-GRUPOS-AGOSTO-2019.jpg\",\"datePublished\":\"2019-08-13T07:36:58+00:00\",\"dateModified\":\"2020-03-05T15:14:41+00:00\",\"description\":\"Nuevos grupos presenciales. Prepara las plazas de Empleo P\u00fablico de 2018\\\/2019 Estatales, Auton\u00f3micas y Locales en Empl\u00e9a-[TE]. \u00a1Convi\u00e9rtete en Funcionario!\",\"breadcrumb\":{\"@id\":\"https:\\\/\\\/www.emplea-te.com\\\/noticias-oposiciones\\\/preparacion-oposiciones-nuevos-grupos-presenciales-plazo-de-matricula-abierto\\\/#breadcrumb\"},\"inLanguage\":\"es\",\"potentialAction\":[{\"@type\":\"ReadAction\",\"target\":[\"https:\\\/\\\/www.emplea-te.com\\\/noticias-oposiciones\\\/preparacion-oposiciones-nuevos-grupos-presenciales-plazo-de-matricula-abierto\\\/\"]}]},{\"@type\":\"ImageObject\",\"inLanguage\":\"es\",\"@id\":\"https:\\\/\\\/www.emplea-te.com\\\/noticias-oposiciones\\\/preparacion-oposiciones-nuevos-grupos-presenciales-plazo-de-matricula-abierto\\\/#primaryimage\",\"url\":\"https:\\\/\\\/www.emplea-te.com\\\/noticias-oposiciones\\\/wp-content\\\/uploads\\\/2019\\\/08\\\/HORARIO-TODOS-LOS-GRUPOS-AGOSTO-2019.jpg\",\"contentUrl\":\"https:\\\/\\\/www.emplea-te.com\\\/noticias-oposiciones\\\/wp-content\\\/uploads\\\/2019\\\/08\\\/HORARIO-TODOS-LOS-GRUPOS-AGOSTO-2019.jpg\",\"width\":1280,\"height\":1280},{\"@type\":\"BreadcrumbList\",\"@id\":\"https:\\\/\\\/www.emplea-te.com\\\/noticias-oposiciones\\\/preparacion-oposiciones-nuevos-grupos-presenciales-plazo-de-matricula-abierto\\\/#breadcrumb\",\"itemListElement\":[{\"@type\":\"ListItem\",\"position\":1,\"name\":\"Noticias Oposiciones\",\"item\":\"https:\\\/\\\/www.emplea-te.com\\\/noticias-oposiciones\\\/\"},{\"@type\":\"ListItem\",\"position\":2,\"name\":\"Administraci\u00f3n General del Estado.\",\"item\":\"https:\\\/\\\/www.emplea-te.com\\\/noticias-oposiciones\\\/categoria\\\/administracion-general-del-estado\\\/\"},{\"@type\":\"ListItem\",\"position\":3,\"name\":\"Auxiliar de Bibliotecas C1\",\"item\":\"https:\\\/\\\/www.emplea-te.com\\\/noticias-oposiciones\\\/categoria\\\/administracion-general-del-estado\\\/auxiliar-de-bibliotecas-c1\\\/\"},{\"@type\":\"ListItem\",\"position\":4,\"name\":\"Abrimos Nuevos grupos presenciales para preparar las oposiciones de las OEPS 2018 y 2019. Est\u00e1s a tiempo de matricularte.\"}]},{\"@type\":\"WebSite\",\"@id\":\"https:\\\/\\\/www.emplea-te.com\\\/noticias-oposiciones\\\/#website\",\"url\":\"https:\\\/\\\/www.emplea-te.com\\\/noticias-oposiciones\\\/\",\"name\":\"Noticas de oposiciones por Academia Emplea-te\",\"description\":\"Toda la actualidad de las ofertas y convocatorias.\",\"publisher\":{\"@id\":\"https:\\\/\\\/www.emplea-te.com\\\/noticias-oposiciones\\\/#organization\"},\"potentialAction\":[{\"@type\":\"SearchAction\",\"target\":{\"@type\":\"EntryPoint\",\"urlTemplate\":\"https:\\\/\\\/www.emplea-te.com\\\/noticias-oposiciones\\\/?s={search_term_string}\"},\"query-input\":{\"@type\":\"PropertyValueSpecification\",\"valueRequired\":true,\"valueName\":\"search_term_string\"}}],\"inLanguage\":\"es\"},{\"@type\":\"Organization\",\"@id\":\"https:\\\/\\\/www.emplea-te.com\\\/noticias-oposiciones\\\/#organization\",\"name\":\"Academia de oposiciones Empl\u00e9ate\",\"url\":\"https:\\\/\\\/www.emplea-te.com\\\/noticias-oposiciones\\\/\",\"logo\":{\"@type\":\"ImageObject\",\"inLanguage\":\"es\",\"@id\":\"https:\\\/\\\/www.emplea-te.com\\\/noticias-oposiciones\\\/#\\\/schema\\\/logo\\\/image\\\/\",\"url\":\"https:\\\/\\\/www.emplea-te.com\\\/noticias-oposiciones\\\/wp-content\\\/uploads\\\/2019\\\/04\\\/empleate.jpg\",\"contentUrl\":\"https:\\\/\\\/www.emplea-te.com\\\/noticias-oposiciones\\\/wp-content\\\/uploads\\\/2019\\\/04\\\/empleate.jpg\",\"width\":250,\"height\":150,\"caption\":\"Academia de oposiciones Empl\u00e9ate\"},\"image\":{\"@id\":\"https:\\\/\\\/www.emplea-te.com\\\/noticias-oposiciones\\\/#\\\/schema\\\/logo\\\/image\\\/\"},\"sameAs\":[\"https:\\\/\\\/www.facebook.com\\\/AcademiaEmpleate\\\/\",\"https:\\\/\\\/x.com\\\/Emplea_Te\",\"https:\\\/\\\/www.instagram.com\\\/academia_empleate\\\/\"]},{\"@type\":\"Person\",\"@id\":\"https:\\\/\\\/www.emplea-te.com\\\/noticias-oposiciones\\\/#\\\/schema\\\/person\\\/d1bc587e1af2b95e9c32aba1795509a6\",\"name\":\"Empleate\"}]}<\/script>\n<!-- \/ Yoast SEO plugin. -->","yoast_head_json":{"title":"Nuevos grupos Presenciales. Oferta de Empleo P\u00fablico 2018-2019","description":"Nuevos grupos presenciales. Prepara las plazas de Empleo P\u00fablico de 2018\/2019 Estatales, Auton\u00f3micas y Locales en Empl\u00e9a-[TE]. \u00a1Convi\u00e9rtete en Funcionario!","robots":{"index":"index","follow":"follow","max-snippet":"max-snippet:-1","max-image-preview":"max-image-preview:large","max-video-preview":"max-video-preview:-1"},"canonical":"https:\/\/www.emplea-te.com\/noticias-oposiciones\/preparacion-oposiciones-nuevos-grupos-presenciales-plazo-de-matricula-abierto\/","og_locale":"es_ES","og_type":"article","og_title":"Nuevos grupos Presenciales. Oferta de Empleo P\u00fablico 2018-2019","og_description":"Nuevos grupos presenciales. Prepara las plazas de Empleo P\u00fablico de 2018\/2019 Estatales, Auton\u00f3micas y Locales en Empl\u00e9a-[TE]. \u00a1Convi\u00e9rtete en Funcionario!","og_url":"https:\/\/www.emplea-te.com\/noticias-oposiciones\/preparacion-oposiciones-nuevos-grupos-presenciales-plazo-de-matricula-abierto\/","og_site_name":"Noticas de oposiciones por Academia Emplea-te","article_publisher":"https:\/\/www.facebook.com\/AcademiaEmpleate\/","article_published_time":"2019-08-13T07:36:58+00:00","article_modified_time":"2020-03-05T15:14:41+00:00","og_image":[{"url":"https:\/\/www.emplea-te.com\/noticias-oposiciones\/wp-content\/uploads\/2019\/08\/HORARIO-TODOS-LOS-GRUPOS-AGOSTO-2019.jpg","type":"","width":"","height":""}],"author":"Empleate","twitter_card":"summary_large_image","twitter_creator":"@Emplea_Te","twitter_site":"@Emplea_Te","twitter_misc":{"Escrito por":"Empleate","Tiempo de lectura":"1 minuto"},"schema":{"@context":"https:\/\/schema.org","@graph":[{"@type":"Article","@id":"https:\/\/www.emplea-te.com\/noticias-oposiciones\/preparacion-oposiciones-nuevos-grupos-presenciales-plazo-de-matricula-abierto\/#article","isPartOf":{"@id":"https:\/\/www.emplea-te.com\/noticias-oposiciones\/preparacion-oposiciones-nuevos-grupos-presenciales-plazo-de-matricula-abierto\/"},"author":{"name":"Empleate","@id":"https:\/\/www.emplea-te.com\/noticias-oposiciones\/#\/schema\/person\/d1bc587e1af2b95e9c32aba1795509a6"},"headline":"Abrimos Nuevos grupos presenciales para preparar las oposiciones de las OEPS 2018 y 2019. Est\u00e1s a tiempo de matricularte.","datePublished":"2019-08-13T07:36:58+00:00","dateModified":"2020-03-05T15:14:41+00:00","mainEntityOfPage":{"@id":"https:\/\/www.emplea-te.com\/noticias-oposiciones\/preparacion-oposiciones-nuevos-grupos-presenciales-plazo-de-matricula-abierto\/"},"wordCount":144,"publisher":{"@id":"https:\/\/www.emplea-te.com\/noticias-oposiciones\/#organization"},"image":{"@id":"https:\/\/www.emplea-te.com\/noticias-oposiciones\/preparacion-oposiciones-nuevos-grupos-presenciales-plazo-de-matricula-abierto\/#primaryimage"},"thumbnailUrl":"https:\/\/www.emplea-te.com\/noticias-oposiciones\/wp-content\/uploads\/2019\/08\/HORARIO-TODOS-LOS-GRUPOS-AGOSTO-2019.jpg","articleSection":["Auxiliar de Bibliotecas C1","Oposiciones Auxiliar Administrativo C2 Estado","Oposiciones Ayudantes de Instituciones Penitenciarias C1","Oposiciones Correos","Oposiciones Gesti\u00f3n de la Administraci\u00f3n Civil A2","Oposiciones Justicia","Oposiciones Xunta","Universidad de A Coru\u00f1a"],"inLanguage":"es"},{"@type":"WebPage","@id":"https:\/\/www.emplea-te.com\/noticias-oposiciones\/preparacion-oposiciones-nuevos-grupos-presenciales-plazo-de-matricula-abierto\/","url":"https:\/\/www.emplea-te.com\/noticias-oposiciones\/preparacion-oposiciones-nuevos-grupos-presenciales-plazo-de-matricula-abierto\/","name":"Nuevos grupos Presenciales. Oferta de Empleo P\u00fablico 2018-2019","isPartOf":{"@id":"https:\/\/www.emplea-te.com\/noticias-oposiciones\/#website"},"primaryImageOfPage":{"@id":"https:\/\/www.emplea-te.com\/noticias-oposiciones\/preparacion-oposiciones-nuevos-grupos-presenciales-plazo-de-matricula-abierto\/#primaryimage"},"image":{"@id":"https:\/\/www.emplea-te.com\/noticias-oposiciones\/preparacion-oposiciones-nuevos-grupos-presenciales-plazo-de-matricula-abierto\/#primaryimage"},"thumbnailUrl":"https:\/\/www.emplea-te.com\/noticias-oposiciones\/wp-content\/uploads\/2019\/08\/HORARIO-TODOS-LOS-GRUPOS-AGOSTO-2019.jpg","datePublished":"2019-08-13T07:36:58+00:00","dateModified":"2020-03-05T15:14:41+00:00","description":"Nuevos grupos presenciales. Prepara las plazas de Empleo P\u00fablico de 2018\/2019 Estatales, Auton\u00f3micas y Locales en Empl\u00e9a-[TE]. \u00a1Convi\u00e9rtete en Funcionario!","breadcrumb":{"@id":"https:\/\/www.emplea-te.com\/noticias-oposiciones\/preparacion-oposiciones-nuevos-grupos-presenciales-plazo-de-matricula-abierto\/#breadcrumb"},"inLanguage":"es","potentialAction":[{"@type":"ReadAction","target":["https:\/\/www.emplea-te.com\/noticias-oposiciones\/preparacion-oposiciones-nuevos-grupos-presenciales-plazo-de-matricula-abierto\/"]}]},{"@type":"ImageObject","inLanguage":"es","@id":"https:\/\/www.emplea-te.com\/noticias-oposiciones\/preparacion-oposiciones-nuevos-grupos-presenciales-plazo-de-matricula-abierto\/#primaryimage","url":"https:\/\/www.emplea-te.com\/noticias-oposiciones\/wp-content\/uploads\/2019\/08\/HORARIO-TODOS-LOS-GRUPOS-AGOSTO-2019.jpg","contentUrl":"https:\/\/www.emplea-te.com\/noticias-oposiciones\/wp-content\/uploads\/2019\/08\/HORARIO-TODOS-LOS-GRUPOS-AGOSTO-2019.jpg","width":1280,"height":1280},{"@type":"BreadcrumbList","@id":"https:\/\/www.emplea-te.com\/noticias-oposiciones\/preparacion-oposiciones-nuevos-grupos-presenciales-plazo-de-matricula-abierto\/#breadcrumb","itemListElement":[{"@type":"ListItem","position":1,"name":"Noticias Oposiciones","item":"https:\/\/www.emplea-te.com\/noticias-oposiciones\/"},{"@type":"ListItem","position":2,"name":"Administraci\u00f3n General del Estado.","item":"https:\/\/www.emplea-te.com\/noticias-oposiciones\/categoria\/administracion-general-del-estado\/"},{"@type":"ListItem","position":3,"name":"Auxiliar de Bibliotecas C1","item":"https:\/\/www.emplea-te.com\/noticias-oposiciones\/categoria\/administracion-general-del-estado\/auxiliar-de-bibliotecas-c1\/"},{"@type":"ListItem","position":4,"name":"Abrimos Nuevos grupos presenciales para preparar las oposiciones de las OEPS 2018 y 2019. Est\u00e1s a tiempo de matricularte."}]},{"@type":"WebSite","@id":"https:\/\/www.emplea-te.com\/noticias-oposiciones\/#website","url":"https:\/\/www.emplea-te.com\/noticias-oposiciones\/","name":"Noticas de oposiciones por Academia Emplea-te","description":"Toda la actualidad de las ofertas y convocatorias.","publisher":{"@id":"https:\/\/www.emplea-te.com\/noticias-oposiciones\/#organization"},"potentialAction":[{"@type":"SearchAction","target":{"@type":"EntryPoint","urlTemplate":"https:\/\/www.emplea-te.com\/noticias-oposiciones\/?s={search_term_string}"},"query-input":{"@type":"PropertyValueSpecification","valueRequired":true,"valueName":"search_term_string"}}],"inLanguage":"es"},{"@type":"Organization","@id":"https:\/\/www.emplea-te.com\/noticias-oposiciones\/#organization","name":"Academia de oposiciones Empl\u00e9ate","url":"https:\/\/www.emplea-te.com\/noticias-oposiciones\/","logo":{"@type":"ImageObject","inLanguage":"es","@id":"https:\/\/www.emplea-te.com\/noticias-oposiciones\/#\/schema\/logo\/image\/","url":"https:\/\/www.emplea-te.com\/noticias-oposiciones\/wp-content\/uploads\/2019\/04\/empleate.jpg","contentUrl":"https:\/\/www.emplea-te.com\/noticias-oposiciones\/wp-content\/uploads\/2019\/04\/empleate.jpg","width":250,"height":150,"caption":"Academia de oposiciones Empl\u00e9ate"},"image":{"@id":"https:\/\/www.emplea-te.com\/noticias-oposiciones\/#\/schema\/logo\/image\/"},"sameAs":["https:\/\/www.facebook.com\/AcademiaEmpleate\/","https:\/\/x.com\/Emplea_Te","https:\/\/www.instagram.com\/academia_empleate\/"]},{"@type":"Person","@id":"https:\/\/www.emplea-te.com\/noticias-oposiciones\/#\/schema\/person\/d1bc587e1af2b95e9c32aba1795509a6","name":"Empleate"}]}},"_links":{"self":[{"href":"https:\/\/www.emplea-te.com\/noticias-oposiciones\/wp-json\/wp\/v2\/posts\/2224","targetHints":{"allow":["GET"]}}],"collection":[{"href":"https:\/\/www.emplea-te.com\/noticias-oposiciones\/wp-json\/wp\/v2\/posts"}],"about":[{"href":"https:\/\/www.emplea-te.com\/noticias-oposiciones\/wp-json\/wp\/v2\/types\/post"}],"author":[{"embeddable":true,"href":"https:\/\/www.emplea-te.com\/noticias-oposiciones\/wp-json\/wp\/v2\/users\/1"}],"replies":[{"embeddable":true,"href":"https:\/\/www.emplea-te.com\/noticias-oposiciones\/wp-json\/wp\/v2\/comments?post=2224"}],"version-history":[{"count":9,"href":"https:\/\/www.emplea-te.com\/noticias-oposiciones\/wp-json\/wp\/v2\/posts\/2224\/revisions"}],"predecessor-version":[{"id":2349,"href":"https:\/\/www.emplea-te.com\/noticias-oposiciones\/wp-json\/wp\/v2\/posts\/2224\/revisions\/2349"}],"wp:attachment":[{"href":"https:\/\/www.emplea-te.com\/noticias-oposiciones\/wp-json\/wp\/v2\/media?parent=2224"}],"wp:term":[{"taxonomy":"category","embeddable":true,"href":"https:\/\/www.emplea-te.com\/noticias-oposiciones\/wp-json\/wp\/v2\/categories?post=2224"},{"taxonomy":"post_tag","embeddable":true,"href":"https:\/\/www.emplea-te.com\/noticias-oposiciones\/wp-json\/wp\/v2\/tags?post=2224"}],"curies":[{"name":"wp","href":"https:\/\/api.w.org\/{rel}","templated":true}]}}