{"id":3307,"date":"2020-04-20T10:59:14","date_gmt":"2020-04-20T08:59:14","guid":{"rendered":"https:\/\/www.emplea-te.com\/noticias-oposiciones\/?p=3307"},"modified":"2020-04-20T10:59:14","modified_gmt":"2020-04-20T08:59:14","slug":"procesos-selectivos-age-ultima-hora-sobre-su-prevision-nota-informativa-del-inap-a-17-de-abril-de-2020","status":"publish","type":"post","link":"https:\/\/www.emplea-te.com\/noticias-oposiciones\/procesos-selectivos-age-ultima-hora-sobre-su-prevision-nota-informativa-del-inap-a-17-de-abril-de-2020\/","title":{"rendered":"Procesos selectivos AGE. \u00daltima hora sobre su previsi\u00f3n. Nota informativa del INAP a 17 de abril de 2020."},"content":{"rendered":"<p>&nbsp;<\/p>\n<p><img decoding=\"async\" class=\"alignleft wp-image-3308 size-medium\" src=\"https:\/\/www.emplea-te.com\/noticias-oposiciones\/wp-content\/uploads\/2020\/04\/university-105709_1280-300x225.jpg\" alt=\"\" width=\"300\" height=\"225\" srcset=\"https:\/\/www.emplea-te.com\/noticias-oposiciones\/wp-content\/uploads\/2020\/04\/university-105709_1280-300x225.jpg 300w, https:\/\/www.emplea-te.com\/noticias-oposiciones\/wp-content\/uploads\/2020\/04\/university-105709_1280-1024x768.jpg 1024w, https:\/\/www.emplea-te.com\/noticias-oposiciones\/wp-content\/uploads\/2020\/04\/university-105709_1280-768x576.jpg 768w, https:\/\/www.emplea-te.com\/noticias-oposiciones\/wp-content\/uploads\/2020\/04\/university-105709_1280-1200x900.jpg 1200w, https:\/\/www.emplea-te.com\/noticias-oposiciones\/wp-content\/uploads\/2020\/04\/university-105709_1280-20x15.jpg 20w, https:\/\/www.emplea-te.com\/noticias-oposiciones\/wp-content\/uploads\/2020\/04\/university-105709_1280.jpg 1280w\" sizes=\"(max-width: 300px) 85vw, 300px\" \/><\/p>\n<p><strong>Procesos selectivos AGE. \u00daltima hora sobre su previsi\u00f3n. Nota informativa del INAP a 17 de abril de 2020.<\/strong><\/p>\n<p><a href=\"https:\/\/www.inap.es\/inicio?p_p_id=contentviewerservice_WAR_alfresco_packportlet&amp;p_p_lifecycle=0&amp;p_p_state=maximized&amp;p_p_mode=view&amp;p_p_col_id=columna-3&amp;p_p_col_count=1&amp;_contentviewerservice_WAR_alfresco_packportlet_nodeName=PREVISION-PROCESOS-A-17-ABRIL_8490259.gcl&amp;_contentviewerservice_WAR_alfresco_packportlet_struts_action=%2Fcontentviewer%2Fview&amp;contentType=notice\" target=\"_blank\" rel=\"noopener noreferrer\">Accede aqu\u00ed al contenido de la nota informativa publicada a d\u00eda 17 de abril de 2020.<\/a><\/p>\n<p>&nbsp;<\/p>\n<p>Puntos principales de la Nota Informativa:<\/p>\n<p>&nbsp;<\/p>\n<p><strong>En el Cuerpo Superior de Administradores Civiles del Estado<\/strong>, el plazo para la presentaci\u00f3n de solicitudes abierto por la Resoluci\u00f3n de 28 de febrero de 2020, de la Secretar\u00eda de Estado de Funci\u00f3n P\u00fablica (BOE del 29), ha quedado suspendido. Por tanto, una vez deje de tener vigencia el Real Decreto 463\/2020, de 14 de marzo, se reanudar\u00e1 el c\u00f3mputo del<br \/>\nplazo, otorg\u00e1ndose los 10 d\u00edas h\u00e1biles restantes para presentar solicitudes, habilit\u00e1ndose la aplicaci\u00f3n IPS al efecto.<\/p>\n<p>La <strong>publicaci\u00f3n de las relaciones de opositores que han superado los segundos ejercicios de las pruebas selectivas <\/strong>\u00a0\u00a0para ingreso libre en el Cuerpo de Gesti\u00f3n de la Administraci\u00f3n Civil del Estado y en el Cuerpo de Gesti\u00f3n de Sistemas e Inform\u00e1tica de la Administraci\u00f3n del Estado, convocadas mediante Resoluci\u00f3n de 14 de junio de 2019 de la Secretar\u00eda de\u00a0Estado de Funci\u00f3n P\u00fablica, est\u00e1 prevista para la semana del 20 de abril.<\/p>\n<p>En las siguientes semanas se har\u00e1n p\u00fablicas, asimismo, las relaciones de <strong>aprobados de los ejercicios ya realizados<\/strong> de los restantes <strong>procesos selectivos<\/strong> que han sido convocados mediante la Resoluci\u00f3n de 14 de junio de 2019 de la Secretar\u00eda de Estado de Funci\u00f3n P\u00fablica<strong> (<em>Cuerpo de Gesti\u00f3n<\/em> de Sistemas e Inform\u00e1tica de la Administraci\u00f3n del Estado, promoci\u00f3n interna, <em>Cuerpo General Administrativo<\/em> de la Administraci\u00f3n del Estado, ingreso <\/strong><strong>libre, <em>Cuerpo de T\u00e9cnicos Auxiliares de Inform\u00e1tica<\/em> de la Administraci\u00f3n del Estado, ingreso libre, y <em>Cuerpo General Auxiliar<\/em> de la Administraci\u00f3n del Estado, ingreso libre).<\/strong><\/p>\n<p>Tambi\u00e9n <strong>se prev\u00e9 la pr\u00f3xima publicaci\u00f3n de la valoraci\u00f3n provisional de m\u00e9ritos de la fase de concurso de los aspirantes<\/strong> que han superado la fase de oposici\u00f3n de las pruebas selectivas para acceso, por promoci\u00f3n interna para personal funcionario y para personal laboral fijo, al Cuerpo General Auxiliar de la Administraci\u00f3n del Estado.<\/p>\n<p><strong>Los ejercicios de lecturas quedan sujetos a la desescalada del confinamiento<\/strong>, y los ejercicios pendientes de celebraci\u00f3n, previsiblemente, acompa\u00f1ar\u00e1n a la apertura de las aulas, todos ellos condicionados a la disponibilidad de espacios y equipos y a las indicaciones y protocolos de seguridad recomendados por las autoridades sanitarias. Los restantes procesos selectivos de promoci\u00f3n interna quedan condicionados por lo<br \/>\nanteriormente indicado, as\u00ed como por el estado de alerta declarado.<br \/>\n.<br \/>\n<strong>Dada la situaci\u00f3n de crisis sanitaria ocasionada por el COVID-19 estas previsiones pueden sufrir modificaciones<\/strong>, lo que ser\u00e1 anunciado a trav\u00e9s de la p\u00e1gina web de este Instituto Nacional de Administraci\u00f3n P\u00fablica.<\/p>\n<p>&nbsp;<\/p>\n","protected":false},"excerpt":{"rendered":"<p>&nbsp; Procesos selectivos AGE. \u00daltima hora sobre su previsi\u00f3n. Nota informativa del INAP a 17 de abril de 2020. Accede aqu\u00ed al contenido de la nota informativa publicada a d\u00eda 17 de abril de 2020. &nbsp; Puntos principales de la Nota Informativa: &nbsp; En el Cuerpo Superior de Administradores Civiles del Estado, el plazo para &hellip; <a href=\"https:\/\/www.emplea-te.com\/noticias-oposiciones\/procesos-selectivos-age-ultima-hora-sobre-su-prevision-nota-informativa-del-inap-a-17-de-abril-de-2020\/\" class=\"more-link\">Continuar leyendo<span class=\"screen-reader-text\"> \u00abProcesos selectivos AGE. \u00daltima hora sobre su previsi\u00f3n. Nota informativa del INAP a 17 de abril de 2020.\u00bb<\/span><\/a><\/p>\n","protected":false},"author":1,"featured_media":0,"comment_status":"closed","ping_status":"closed","sticky":false,"template":"","format":"standard","meta":{"footnotes":""},"categories":[47],"tags":[82,71,52,72],"class_list":["post-3307","post","type-post","status-publish","format-standard","hentry","category-administracion-general-del-estado","tag-acceso-libre","tag-fecha-examenes","tag-oposiciones-promocion-interna","tag-puntuaciones-y-notas-de-corte"],"yoast_head":"<!-- This site is optimized with the Yoast SEO plugin v27.5 - https:\/\/yoast.com\/product\/yoast-seo-wordpress\/ -->\n<title>Procesos selectivos AGE. \u00daltima hora sobre su previsi\u00f3n<\/title>\n<meta name=\"description\" content=\"Procesos selectivos AGE. \u00daltima hora sobre su previsi\u00f3n. Entra en el enlace y consulta la \u00falitma hora de la informaci\u00f3n de las oposiciones.\" \/>\n<meta name=\"robots\" content=\"index, follow, max-snippet:-1, max-image-preview:large, max-video-preview:-1\" \/>\n<link rel=\"canonical\" href=\"https:\/\/www.emplea-te.com\/noticias-oposiciones\/procesos-selectivos-age-ultima-hora-sobre-su-prevision-nota-informativa-del-inap-a-17-de-abril-de-2020\/\" \/>\n<meta property=\"og:locale\" content=\"es_ES\" \/>\n<meta property=\"og:type\" content=\"article\" \/>\n<meta property=\"og:title\" content=\"Procesos selectivos AGE. \u00daltima hora sobre su previsi\u00f3n\" \/>\n<meta property=\"og:description\" content=\"Procesos selectivos AGE. \u00daltima hora sobre su previsi\u00f3n. Entra en el enlace y consulta la \u00falitma hora de la informaci\u00f3n de las oposiciones.\" \/>\n<meta property=\"og:url\" content=\"https:\/\/www.emplea-te.com\/noticias-oposiciones\/procesos-selectivos-age-ultima-hora-sobre-su-prevision-nota-informativa-del-inap-a-17-de-abril-de-2020\/\" \/>\n<meta property=\"og:site_name\" content=\"Noticas de oposiciones por Academia Emplea-te\" \/>\n<meta property=\"article:publisher\" content=\"https:\/\/www.facebook.com\/AcademiaEmpleate\/\" \/>\n<meta property=\"article:published_time\" content=\"2020-04-20T08:59:14+00:00\" \/>\n<meta property=\"og:image\" content=\"https:\/\/www.emplea-te.com\/noticias-oposiciones\/wp-content\/uploads\/2020\/04\/university-105709_1280-300x225.jpg\" \/>\n<meta name=\"author\" content=\"Empleate\" \/>\n<meta name=\"twitter:card\" content=\"summary_large_image\" \/>\n<meta name=\"twitter:creator\" content=\"@Emplea_Te\" \/>\n<meta name=\"twitter:site\" content=\"@Emplea_Te\" \/>\n<meta name=\"twitter:label1\" content=\"Escrito por\" \/>\n\t<meta name=\"twitter:data1\" content=\"Empleate\" \/>\n\t<meta name=\"twitter:label2\" content=\"Tiempo de lectura\" \/>\n\t<meta name=\"twitter:data2\" content=\"2 minutos\" \/>\n<script type=\"application\/ld+json\" class=\"yoast-schema-graph\">{\"@context\":\"https:\\\/\\\/schema.org\",\"@graph\":[{\"@type\":\"Article\",\"@id\":\"https:\\\/\\\/www.emplea-te.com\\\/noticias-oposiciones\\\/procesos-selectivos-age-ultima-hora-sobre-su-prevision-nota-informativa-del-inap-a-17-de-abril-de-2020\\\/#article\",\"isPartOf\":{\"@id\":\"https:\\\/\\\/www.emplea-te.com\\\/noticias-oposiciones\\\/procesos-selectivos-age-ultima-hora-sobre-su-prevision-nota-informativa-del-inap-a-17-de-abril-de-2020\\\/\"},\"author\":{\"name\":\"Empleate\",\"@id\":\"https:\\\/\\\/www.emplea-te.com\\\/noticias-oposiciones\\\/#\\\/schema\\\/person\\\/d1bc587e1af2b95e9c32aba1795509a6\"},\"headline\":\"Procesos selectivos AGE. \u00daltima hora sobre su previsi\u00f3n. Nota informativa del INAP a 17 de abril de 2020.\",\"datePublished\":\"2020-04-20T08:59:14+00:00\",\"mainEntityOfPage\":{\"@id\":\"https:\\\/\\\/www.emplea-te.com\\\/noticias-oposiciones\\\/procesos-selectivos-age-ultima-hora-sobre-su-prevision-nota-informativa-del-inap-a-17-de-abril-de-2020\\\/\"},\"wordCount\":495,\"publisher\":{\"@id\":\"https:\\\/\\\/www.emplea-te.com\\\/noticias-oposiciones\\\/#organization\"},\"image\":{\"@id\":\"https:\\\/\\\/www.emplea-te.com\\\/noticias-oposiciones\\\/procesos-selectivos-age-ultima-hora-sobre-su-prevision-nota-informativa-del-inap-a-17-de-abril-de-2020\\\/#primaryimage\"},\"thumbnailUrl\":\"https:\\\/\\\/www.emplea-te.com\\\/noticias-oposiciones\\\/wp-content\\\/uploads\\\/2020\\\/04\\\/university-105709_1280-300x225.jpg\",\"keywords\":[\"Acceso libre\",\"Fecha ex\u00e1menes\",\"Promoci\u00f3n interna\",\"Puntuaciones y notas de corte\"],\"articleSection\":[\"Administraci\u00f3n General del Estado.\"],\"inLanguage\":\"es\"},{\"@type\":\"WebPage\",\"@id\":\"https:\\\/\\\/www.emplea-te.com\\\/noticias-oposiciones\\\/procesos-selectivos-age-ultima-hora-sobre-su-prevision-nota-informativa-del-inap-a-17-de-abril-de-2020\\\/\",\"url\":\"https:\\\/\\\/www.emplea-te.com\\\/noticias-oposiciones\\\/procesos-selectivos-age-ultima-hora-sobre-su-prevision-nota-informativa-del-inap-a-17-de-abril-de-2020\\\/\",\"name\":\"Procesos selectivos AGE. \u00daltima hora sobre su previsi\u00f3n\",\"isPartOf\":{\"@id\":\"https:\\\/\\\/www.emplea-te.com\\\/noticias-oposiciones\\\/#website\"},\"primaryImageOfPage\":{\"@id\":\"https:\\\/\\\/www.emplea-te.com\\\/noticias-oposiciones\\\/procesos-selectivos-age-ultima-hora-sobre-su-prevision-nota-informativa-del-inap-a-17-de-abril-de-2020\\\/#primaryimage\"},\"image\":{\"@id\":\"https:\\\/\\\/www.emplea-te.com\\\/noticias-oposiciones\\\/procesos-selectivos-age-ultima-hora-sobre-su-prevision-nota-informativa-del-inap-a-17-de-abril-de-2020\\\/#primaryimage\"},\"thumbnailUrl\":\"https:\\\/\\\/www.emplea-te.com\\\/noticias-oposiciones\\\/wp-content\\\/uploads\\\/2020\\\/04\\\/university-105709_1280-300x225.jpg\",\"datePublished\":\"2020-04-20T08:59:14+00:00\",\"description\":\"Procesos selectivos AGE. \u00daltima hora sobre su previsi\u00f3n. Entra en el enlace y consulta la \u00falitma hora de la informaci\u00f3n de las oposiciones.\",\"breadcrumb\":{\"@id\":\"https:\\\/\\\/www.emplea-te.com\\\/noticias-oposiciones\\\/procesos-selectivos-age-ultima-hora-sobre-su-prevision-nota-informativa-del-inap-a-17-de-abril-de-2020\\\/#breadcrumb\"},\"inLanguage\":\"es\",\"potentialAction\":[{\"@type\":\"ReadAction\",\"target\":[\"https:\\\/\\\/www.emplea-te.com\\\/noticias-oposiciones\\\/procesos-selectivos-age-ultima-hora-sobre-su-prevision-nota-informativa-del-inap-a-17-de-abril-de-2020\\\/\"]}]},{\"@type\":\"ImageObject\",\"inLanguage\":\"es\",\"@id\":\"https:\\\/\\\/www.emplea-te.com\\\/noticias-oposiciones\\\/procesos-selectivos-age-ultima-hora-sobre-su-prevision-nota-informativa-del-inap-a-17-de-abril-de-2020\\\/#primaryimage\",\"url\":\"https:\\\/\\\/www.emplea-te.com\\\/noticias-oposiciones\\\/wp-content\\\/uploads\\\/2020\\\/04\\\/university-105709_1280.jpg\",\"contentUrl\":\"https:\\\/\\\/www.emplea-te.com\\\/noticias-oposiciones\\\/wp-content\\\/uploads\\\/2020\\\/04\\\/university-105709_1280.jpg\",\"width\":1280,\"height\":960},{\"@type\":\"BreadcrumbList\",\"@id\":\"https:\\\/\\\/www.emplea-te.com\\\/noticias-oposiciones\\\/procesos-selectivos-age-ultima-hora-sobre-su-prevision-nota-informativa-del-inap-a-17-de-abril-de-2020\\\/#breadcrumb\",\"itemListElement\":[{\"@type\":\"ListItem\",\"position\":1,\"name\":\"Noticias Oposiciones\",\"item\":\"https:\\\/\\\/www.emplea-te.com\\\/noticias-oposiciones\\\/\"},{\"@type\":\"ListItem\",\"position\":2,\"name\":\"Administraci\u00f3n General del Estado.\",\"item\":\"https:\\\/\\\/www.emplea-te.com\\\/noticias-oposiciones\\\/categoria\\\/administracion-general-del-estado\\\/\"},{\"@type\":\"ListItem\",\"position\":3,\"name\":\"Procesos selectivos AGE. \u00daltima hora sobre su previsi\u00f3n. Nota informativa del INAP a 17 de abril de 2020.\"}]},{\"@type\":\"WebSite\",\"@id\":\"https:\\\/\\\/www.emplea-te.com\\\/noticias-oposiciones\\\/#website\",\"url\":\"https:\\\/\\\/www.emplea-te.com\\\/noticias-oposiciones\\\/\",\"name\":\"Noticas de oposiciones por Academia Emplea-te\",\"description\":\"Toda la actualidad de las ofertas y convocatorias.\",\"publisher\":{\"@id\":\"https:\\\/\\\/www.emplea-te.com\\\/noticias-oposiciones\\\/#organization\"},\"potentialAction\":[{\"@type\":\"SearchAction\",\"target\":{\"@type\":\"EntryPoint\",\"urlTemplate\":\"https:\\\/\\\/www.emplea-te.com\\\/noticias-oposiciones\\\/?s={search_term_string}\"},\"query-input\":{\"@type\":\"PropertyValueSpecification\",\"valueRequired\":true,\"valueName\":\"search_term_string\"}}],\"inLanguage\":\"es\"},{\"@type\":\"Organization\",\"@id\":\"https:\\\/\\\/www.emplea-te.com\\\/noticias-oposiciones\\\/#organization\",\"name\":\"Academia de oposiciones Empl\u00e9ate\",\"url\":\"https:\\\/\\\/www.emplea-te.com\\\/noticias-oposiciones\\\/\",\"logo\":{\"@type\":\"ImageObject\",\"inLanguage\":\"es\",\"@id\":\"https:\\\/\\\/www.emplea-te.com\\\/noticias-oposiciones\\\/#\\\/schema\\\/logo\\\/image\\\/\",\"url\":\"https:\\\/\\\/www.emplea-te.com\\\/noticias-oposiciones\\\/wp-content\\\/uploads\\\/2019\\\/04\\\/empleate.jpg\",\"contentUrl\":\"https:\\\/\\\/www.emplea-te.com\\\/noticias-oposiciones\\\/wp-content\\\/uploads\\\/2019\\\/04\\\/empleate.jpg\",\"width\":250,\"height\":150,\"caption\":\"Academia de oposiciones Empl\u00e9ate\"},\"image\":{\"@id\":\"https:\\\/\\\/www.emplea-te.com\\\/noticias-oposiciones\\\/#\\\/schema\\\/logo\\\/image\\\/\"},\"sameAs\":[\"https:\\\/\\\/www.facebook.com\\\/AcademiaEmpleate\\\/\",\"https:\\\/\\\/x.com\\\/Emplea_Te\",\"https:\\\/\\\/www.instagram.com\\\/academia_empleate\\\/\"]},{\"@type\":\"Person\",\"@id\":\"https:\\\/\\\/www.emplea-te.com\\\/noticias-oposiciones\\\/#\\\/schema\\\/person\\\/d1bc587e1af2b95e9c32aba1795509a6\",\"name\":\"Empleate\"}]}<\/script>\n<!-- \/ Yoast SEO plugin. -->","yoast_head_json":{"title":"Procesos selectivos AGE. \u00daltima hora sobre su previsi\u00f3n","description":"Procesos selectivos AGE. \u00daltima hora sobre su previsi\u00f3n. Entra en el enlace y consulta la \u00falitma hora de la informaci\u00f3n de las oposiciones.","robots":{"index":"index","follow":"follow","max-snippet":"max-snippet:-1","max-image-preview":"max-image-preview:large","max-video-preview":"max-video-preview:-1"},"canonical":"https:\/\/www.emplea-te.com\/noticias-oposiciones\/procesos-selectivos-age-ultima-hora-sobre-su-prevision-nota-informativa-del-inap-a-17-de-abril-de-2020\/","og_locale":"es_ES","og_type":"article","og_title":"Procesos selectivos AGE. \u00daltima hora sobre su previsi\u00f3n","og_description":"Procesos selectivos AGE. \u00daltima hora sobre su previsi\u00f3n. Entra en el enlace y consulta la \u00falitma hora de la informaci\u00f3n de las oposiciones.","og_url":"https:\/\/www.emplea-te.com\/noticias-oposiciones\/procesos-selectivos-age-ultima-hora-sobre-su-prevision-nota-informativa-del-inap-a-17-de-abril-de-2020\/","og_site_name":"Noticas de oposiciones por Academia Emplea-te","article_publisher":"https:\/\/www.facebook.com\/AcademiaEmpleate\/","article_published_time":"2020-04-20T08:59:14+00:00","og_image":[{"url":"https:\/\/www.emplea-te.com\/noticias-oposiciones\/wp-content\/uploads\/2020\/04\/university-105709_1280-300x225.jpg","type":"","width":"","height":""}],"author":"Empleate","twitter_card":"summary_large_image","twitter_creator":"@Emplea_Te","twitter_site":"@Emplea_Te","twitter_misc":{"Escrito por":"Empleate","Tiempo de lectura":"2 minutos"},"schema":{"@context":"https:\/\/schema.org","@graph":[{"@type":"Article","@id":"https:\/\/www.emplea-te.com\/noticias-oposiciones\/procesos-selectivos-age-ultima-hora-sobre-su-prevision-nota-informativa-del-inap-a-17-de-abril-de-2020\/#article","isPartOf":{"@id":"https:\/\/www.emplea-te.com\/noticias-oposiciones\/procesos-selectivos-age-ultima-hora-sobre-su-prevision-nota-informativa-del-inap-a-17-de-abril-de-2020\/"},"author":{"name":"Empleate","@id":"https:\/\/www.emplea-te.com\/noticias-oposiciones\/#\/schema\/person\/d1bc587e1af2b95e9c32aba1795509a6"},"headline":"Procesos selectivos AGE. \u00daltima hora sobre su previsi\u00f3n. Nota informativa del INAP a 17 de abril de 2020.","datePublished":"2020-04-20T08:59:14+00:00","mainEntityOfPage":{"@id":"https:\/\/www.emplea-te.com\/noticias-oposiciones\/procesos-selectivos-age-ultima-hora-sobre-su-prevision-nota-informativa-del-inap-a-17-de-abril-de-2020\/"},"wordCount":495,"publisher":{"@id":"https:\/\/www.emplea-te.com\/noticias-oposiciones\/#organization"},"image":{"@id":"https:\/\/www.emplea-te.com\/noticias-oposiciones\/procesos-selectivos-age-ultima-hora-sobre-su-prevision-nota-informativa-del-inap-a-17-de-abril-de-2020\/#primaryimage"},"thumbnailUrl":"https:\/\/www.emplea-te.com\/noticias-oposiciones\/wp-content\/uploads\/2020\/04\/university-105709_1280-300x225.jpg","keywords":["Acceso libre","Fecha ex\u00e1menes","Promoci\u00f3n interna","Puntuaciones y notas de corte"],"articleSection":["Administraci\u00f3n General del Estado."],"inLanguage":"es"},{"@type":"WebPage","@id":"https:\/\/www.emplea-te.com\/noticias-oposiciones\/procesos-selectivos-age-ultima-hora-sobre-su-prevision-nota-informativa-del-inap-a-17-de-abril-de-2020\/","url":"https:\/\/www.emplea-te.com\/noticias-oposiciones\/procesos-selectivos-age-ultima-hora-sobre-su-prevision-nota-informativa-del-inap-a-17-de-abril-de-2020\/","name":"Procesos selectivos AGE. \u00daltima hora sobre su previsi\u00f3n","isPartOf":{"@id":"https:\/\/www.emplea-te.com\/noticias-oposiciones\/#website"},"primaryImageOfPage":{"@id":"https:\/\/www.emplea-te.com\/noticias-oposiciones\/procesos-selectivos-age-ultima-hora-sobre-su-prevision-nota-informativa-del-inap-a-17-de-abril-de-2020\/#primaryimage"},"image":{"@id":"https:\/\/www.emplea-te.com\/noticias-oposiciones\/procesos-selectivos-age-ultima-hora-sobre-su-prevision-nota-informativa-del-inap-a-17-de-abril-de-2020\/#primaryimage"},"thumbnailUrl":"https:\/\/www.emplea-te.com\/noticias-oposiciones\/wp-content\/uploads\/2020\/04\/university-105709_1280-300x225.jpg","datePublished":"2020-04-20T08:59:14+00:00","description":"Procesos selectivos AGE. \u00daltima hora sobre su previsi\u00f3n. Entra en el enlace y consulta la \u00falitma hora de la informaci\u00f3n de las oposiciones.","breadcrumb":{"@id":"https:\/\/www.emplea-te.com\/noticias-oposiciones\/procesos-selectivos-age-ultima-hora-sobre-su-prevision-nota-informativa-del-inap-a-17-de-abril-de-2020\/#breadcrumb"},"inLanguage":"es","potentialAction":[{"@type":"ReadAction","target":["https:\/\/www.emplea-te.com\/noticias-oposiciones\/procesos-selectivos-age-ultima-hora-sobre-su-prevision-nota-informativa-del-inap-a-17-de-abril-de-2020\/"]}]},{"@type":"ImageObject","inLanguage":"es","@id":"https:\/\/www.emplea-te.com\/noticias-oposiciones\/procesos-selectivos-age-ultima-hora-sobre-su-prevision-nota-informativa-del-inap-a-17-de-abril-de-2020\/#primaryimage","url":"https:\/\/www.emplea-te.com\/noticias-oposiciones\/wp-content\/uploads\/2020\/04\/university-105709_1280.jpg","contentUrl":"https:\/\/www.emplea-te.com\/noticias-oposiciones\/wp-content\/uploads\/2020\/04\/university-105709_1280.jpg","width":1280,"height":960},{"@type":"BreadcrumbList","@id":"https:\/\/www.emplea-te.com\/noticias-oposiciones\/procesos-selectivos-age-ultima-hora-sobre-su-prevision-nota-informativa-del-inap-a-17-de-abril-de-2020\/#breadcrumb","itemListElement":[{"@type":"ListItem","position":1,"name":"Noticias Oposiciones","item":"https:\/\/www.emplea-te.com\/noticias-oposiciones\/"},{"@type":"ListItem","position":2,"name":"Administraci\u00f3n General del Estado.","item":"https:\/\/www.emplea-te.com\/noticias-oposiciones\/categoria\/administracion-general-del-estado\/"},{"@type":"ListItem","position":3,"name":"Procesos selectivos AGE. \u00daltima hora sobre su previsi\u00f3n. Nota informativa del INAP a 17 de abril de 2020."}]},{"@type":"WebSite","@id":"https:\/\/www.emplea-te.com\/noticias-oposiciones\/#website","url":"https:\/\/www.emplea-te.com\/noticias-oposiciones\/","name":"Noticas de oposiciones por Academia Emplea-te","description":"Toda la actualidad de las ofertas y convocatorias.","publisher":{"@id":"https:\/\/www.emplea-te.com\/noticias-oposiciones\/#organization"},"potentialAction":[{"@type":"SearchAction","target":{"@type":"EntryPoint","urlTemplate":"https:\/\/www.emplea-te.com\/noticias-oposiciones\/?s={search_term_string}"},"query-input":{"@type":"PropertyValueSpecification","valueRequired":true,"valueName":"search_term_string"}}],"inLanguage":"es"},{"@type":"Organization","@id":"https:\/\/www.emplea-te.com\/noticias-oposiciones\/#organization","name":"Academia de oposiciones Empl\u00e9ate","url":"https:\/\/www.emplea-te.com\/noticias-oposiciones\/","logo":{"@type":"ImageObject","inLanguage":"es","@id":"https:\/\/www.emplea-te.com\/noticias-oposiciones\/#\/schema\/logo\/image\/","url":"https:\/\/www.emplea-te.com\/noticias-oposiciones\/wp-content\/uploads\/2019\/04\/empleate.jpg","contentUrl":"https:\/\/www.emplea-te.com\/noticias-oposiciones\/wp-content\/uploads\/2019\/04\/empleate.jpg","width":250,"height":150,"caption":"Academia de oposiciones Empl\u00e9ate"},"image":{"@id":"https:\/\/www.emplea-te.com\/noticias-oposiciones\/#\/schema\/logo\/image\/"},"sameAs":["https:\/\/www.facebook.com\/AcademiaEmpleate\/","https:\/\/x.com\/Emplea_Te","https:\/\/www.instagram.com\/academia_empleate\/"]},{"@type":"Person","@id":"https:\/\/www.emplea-te.com\/noticias-oposiciones\/#\/schema\/person\/d1bc587e1af2b95e9c32aba1795509a6","name":"Empleate"}]}},"_links":{"self":[{"href":"https:\/\/www.emplea-te.com\/noticias-oposiciones\/wp-json\/wp\/v2\/posts\/3307","targetHints":{"allow":["GET"]}}],"collection":[{"href":"https:\/\/www.emplea-te.com\/noticias-oposiciones\/wp-json\/wp\/v2\/posts"}],"about":[{"href":"https:\/\/www.emplea-te.com\/noticias-oposiciones\/wp-json\/wp\/v2\/types\/post"}],"author":[{"embeddable":true,"href":"https:\/\/www.emplea-te.com\/noticias-oposiciones\/wp-json\/wp\/v2\/users\/1"}],"replies":[{"embeddable":true,"href":"https:\/\/www.emplea-te.com\/noticias-oposiciones\/wp-json\/wp\/v2\/comments?post=3307"}],"version-history":[{"count":1,"href":"https:\/\/www.emplea-te.com\/noticias-oposiciones\/wp-json\/wp\/v2\/posts\/3307\/revisions"}],"predecessor-version":[{"id":3309,"href":"https:\/\/www.emplea-te.com\/noticias-oposiciones\/wp-json\/wp\/v2\/posts\/3307\/revisions\/3309"}],"wp:attachment":[{"href":"https:\/\/www.emplea-te.com\/noticias-oposiciones\/wp-json\/wp\/v2\/media?parent=3307"}],"wp:term":[{"taxonomy":"category","embeddable":true,"href":"https:\/\/www.emplea-te.com\/noticias-oposiciones\/wp-json\/wp\/v2\/categories?post=3307"},{"taxonomy":"post_tag","embeddable":true,"href":"https:\/\/www.emplea-te.com\/noticias-oposiciones\/wp-json\/wp\/v2\/tags?post=3307"}],"curies":[{"name":"wp","href":"https:\/\/api.w.org\/{rel}","templated":true}]}}