{"id":3365,"date":"2020-05-22T11:02:23","date_gmt":"2020-05-22T09:02:23","guid":{"rendered":"https:\/\/www.emplea-te.com\/noticias-oposiciones\/?p=3365"},"modified":"2020-06-10T16:43:55","modified_gmt":"2020-06-10T14:43:55","slug":"oposiciones-de-justicia-ultima-hora-celebracion-procesos-selectivos","status":"publish","type":"post","link":"https:\/\/www.emplea-te.com\/noticias-oposiciones\/oposiciones-de-justicia-ultima-hora-celebracion-procesos-selectivos\/","title":{"rendered":"Oposiciones de Justicia. \u00daltima hora celebraci\u00f3n procesos selectivos."},"content":{"rendered":"<p><img decoding=\"async\" class=\"alignleft wp-image-2663 size-thumbnail\" src=\"https:\/\/www.emplea-te.com\/noticias-oposiciones\/wp-content\/uploads\/2019\/12\/Justicia-noticias-ultima-hora-150x150.jpg\" alt=\"\" width=\"150\" height=\"150\" \/><\/p>\n<p>Hoy , d\u00eda 22 de mayo de 2020, el CSIF publica la \u00a0\u00faltima horade la\u00a0 celebraci\u00f3n procesos selectivos de justicia de las oeps 2017-2018.<\/p>\n<p>En la web del Ministerio de Justicia se publican tambi\u00e9n la <a href=\"https:\/\/www.mjusticia.gob.es\/cs\/Satellite\/Portal\/es\/ciudadanos\/empleo-publico\/oposiciones-procesos\/gestion-procesal14?param1=2\" target=\"_blank\" rel=\"noopener noreferrer\">valoraci\u00f3n provisonal de\u00a0 \u00a0m\u00e9ritos de Gesti\u00f3n Procesal y Adminsitrativa.<\/a><\/p>\n<p>Las principales noticias que publica CSIF de los procesos selectivos son las siguientes:<\/p>\n<p><strong>Gesti\u00f3n Promoci\u00f3n Interna:<\/strong><\/p>\n<p>El plazo de 10 d\u00edas para alegaciones a la baremaci\u00f3n m\u00e9ritos empieza a correr hoy.<\/p>\n<p><strong>Auxilio Judicial<\/strong><\/p>\n<p>El n\u00famero de aspirantes y la incertidumbre sobre la evoluci\u00f3n de la COVID 19 (posibles rebrotes) retrasarian el primer ejercicio a octubre.<\/p>\n<p><strong>Tramitaci\u00f3n libre<\/strong><\/p>\n<p>El Ministerio baraja la primera quincena de julio para hacer el ejercicio de word. <a href=\"https:\/\/www.csif.es\/contenido\/nacional\/administracion-de-justicia\/298778\" target=\"_blank\" rel=\"noopener noreferrer\">Plantea la opci\u00f3n de aumentar las sedes de examen.\u00a0<\/a><\/p>\n<p><strong>Gesti\u00f3n Libre<\/strong><\/p>\n<p>Los ex\u00e1menes est\u00e1n corrigi\u00e9ndose por los tribunales. Esperan que est\u00e9n corregidos antes del verano.<\/p>\n<p><strong>Tramitaci\u00f3n Promoci\u00f3n Interna<\/strong><\/p>\n<p>Listas definitivas de m\u00e9ritos pendientes de la reactivaci\u00f3n de los plazos administrativos.<\/p>\n<p>Inf\u00f3rmate de como <a href=\"https:\/\/www.emplea-te.com\/2\/oposiciones-de-justicia\" target=\"_blank\" rel=\"noopener noreferrer\">preparar las oposiciones de Auxilio Judicial , Tramitaci\u00f3n procesal y Gesti\u00f3n procesal en nuestros grupos con n\u00famero reducido de alumnos y con servicio de tutor\u00eda individual.\u00a0<\/a><\/p>\n<p>&nbsp;<\/p>\n<p>&nbsp;<\/p>\n<p>&nbsp;<\/p>\n","protected":false},"excerpt":{"rendered":"<p>Hoy , d\u00eda 22 de mayo de 2020, el CSIF publica la \u00a0\u00faltima horade la\u00a0 celebraci\u00f3n procesos selectivos de justicia de las oeps 2017-2018. En la web del Ministerio de Justicia se publican tambi\u00e9n la valoraci\u00f3n provisonal de\u00a0 \u00a0m\u00e9ritos de Gesti\u00f3n Procesal y Adminsitrativa. Las principales noticias que publica CSIF de los procesos selectivos son &hellip; <a href=\"https:\/\/www.emplea-te.com\/noticias-oposiciones\/oposiciones-de-justicia-ultima-hora-celebracion-procesos-selectivos\/\" class=\"more-link\">Continuar leyendo<span class=\"screen-reader-text\"> \u00abOposiciones de Justicia. \u00daltima hora celebraci\u00f3n procesos selectivos.\u00bb<\/span><\/a><\/p>\n","protected":false},"author":1,"featured_media":0,"comment_status":"closed","ping_status":"closed","sticky":false,"template":"","format":"standard","meta":{"footnotes":""},"categories":[15,17,14,16],"tags":[49,71],"class_list":["post-3365","post","type-post","status-publish","format-standard","hentry","category-oposiciones-auxilio-judicial","category-oposiciones-gestion-procesal","category-oposiciones-justicia","category-oposiciones-tramitacion-procesal","tag-convocatorias-de-oposiciones","tag-fecha-examenes"],"yoast_head":"<!-- This site is optimized with the Yoast SEO plugin v27.5 - https:\/\/yoast.com\/product\/yoast-seo-wordpress\/ -->\n<title>Oposiciones de Justicia. \u00daltimas noticias procesos selectivos .<\/title>\n<meta name=\"description\" content=\"Oposiciones de Justicia. \u00daltimas noticias procesos selectivos de las oeps 2017-2018 turno libre y promoci\u00f3n interna. \u00a1Inf\u00f3rmate en el enlace!\" \/>\n<meta name=\"robots\" content=\"index, follow, max-snippet:-1, max-image-preview:large, max-video-preview:-1\" \/>\n<link rel=\"canonical\" href=\"https:\/\/www.emplea-te.com\/noticias-oposiciones\/oposiciones-de-justicia-ultima-hora-celebracion-procesos-selectivos\/\" \/>\n<meta property=\"og:locale\" content=\"es_ES\" \/>\n<meta property=\"og:type\" content=\"article\" \/>\n<meta property=\"og:title\" content=\"Oposiciones de Justicia. \u00daltimas noticias procesos selectivos .\" \/>\n<meta property=\"og:description\" content=\"Oposiciones de Justicia. \u00daltimas noticias procesos selectivos de las oeps 2017-2018 turno libre y promoci\u00f3n interna. \u00a1Inf\u00f3rmate en el enlace!\" \/>\n<meta property=\"og:url\" content=\"https:\/\/www.emplea-te.com\/noticias-oposiciones\/oposiciones-de-justicia-ultima-hora-celebracion-procesos-selectivos\/\" \/>\n<meta property=\"og:site_name\" content=\"Noticas de oposiciones por Academia Emplea-te\" \/>\n<meta property=\"article:publisher\" content=\"https:\/\/www.facebook.com\/AcademiaEmpleate\/\" \/>\n<meta property=\"article:published_time\" content=\"2020-05-22T09:02:23+00:00\" \/>\n<meta property=\"article:modified_time\" content=\"2020-06-10T14:43:55+00:00\" \/>\n<meta property=\"og:image\" content=\"https:\/\/www.emplea-te.com\/noticias-oposiciones\/wp-content\/uploads\/2019\/12\/Justicia-noticias-ultima-hora-150x150.jpg\" \/>\n<meta name=\"author\" content=\"Empleate\" \/>\n<meta name=\"twitter:card\" content=\"summary_large_image\" \/>\n<meta name=\"twitter:creator\" content=\"@Emplea_Te\" \/>\n<meta name=\"twitter:site\" content=\"@Emplea_Te\" \/>\n<meta name=\"twitter:label1\" content=\"Escrito por\" \/>\n\t<meta name=\"twitter:data1\" content=\"Empleate\" \/>\n\t<meta name=\"twitter:label2\" content=\"Tiempo de lectura\" \/>\n\t<meta name=\"twitter:data2\" content=\"1 minuto\" \/>\n<script type=\"application\/ld+json\" class=\"yoast-schema-graph\">{\"@context\":\"https:\\\/\\\/schema.org\",\"@graph\":[{\"@type\":\"Article\",\"@id\":\"https:\\\/\\\/www.emplea-te.com\\\/noticias-oposiciones\\\/oposiciones-de-justicia-ultima-hora-celebracion-procesos-selectivos\\\/#article\",\"isPartOf\":{\"@id\":\"https:\\\/\\\/www.emplea-te.com\\\/noticias-oposiciones\\\/oposiciones-de-justicia-ultima-hora-celebracion-procesos-selectivos\\\/\"},\"author\":{\"name\":\"Empleate\",\"@id\":\"https:\\\/\\\/www.emplea-te.com\\\/noticias-oposiciones\\\/#\\\/schema\\\/person\\\/d1bc587e1af2b95e9c32aba1795509a6\"},\"headline\":\"Oposiciones de Justicia. \u00daltima hora celebraci\u00f3n procesos selectivos.\",\"datePublished\":\"2020-05-22T09:02:23+00:00\",\"dateModified\":\"2020-06-10T14:43:55+00:00\",\"mainEntityOfPage\":{\"@id\":\"https:\\\/\\\/www.emplea-te.com\\\/noticias-oposiciones\\\/oposiciones-de-justicia-ultima-hora-celebracion-procesos-selectivos\\\/\"},\"wordCount\":219,\"publisher\":{\"@id\":\"https:\\\/\\\/www.emplea-te.com\\\/noticias-oposiciones\\\/#organization\"},\"image\":{\"@id\":\"https:\\\/\\\/www.emplea-te.com\\\/noticias-oposiciones\\\/oposiciones-de-justicia-ultima-hora-celebracion-procesos-selectivos\\\/#primaryimage\"},\"thumbnailUrl\":\"https:\\\/\\\/www.emplea-te.com\\\/noticias-oposiciones\\\/wp-content\\\/uploads\\\/2019\\\/12\\\/Justicia-noticias-ultima-hora-150x150.jpg\",\"keywords\":[\"Convocatoria\",\"Fecha ex\u00e1menes\"],\"articleSection\":[\"Oposiciones Auxilio Judicial\",\"Oposiciones Gesti\u00f3n Procesal\",\"Oposiciones Justicia\",\"Oposiciones Tramitaci\u00f3n Procesal\"],\"inLanguage\":\"es\"},{\"@type\":\"WebPage\",\"@id\":\"https:\\\/\\\/www.emplea-te.com\\\/noticias-oposiciones\\\/oposiciones-de-justicia-ultima-hora-celebracion-procesos-selectivos\\\/\",\"url\":\"https:\\\/\\\/www.emplea-te.com\\\/noticias-oposiciones\\\/oposiciones-de-justicia-ultima-hora-celebracion-procesos-selectivos\\\/\",\"name\":\"Oposiciones de Justicia. \u00daltimas noticias procesos selectivos .\",\"isPartOf\":{\"@id\":\"https:\\\/\\\/www.emplea-te.com\\\/noticias-oposiciones\\\/#website\"},\"primaryImageOfPage\":{\"@id\":\"https:\\\/\\\/www.emplea-te.com\\\/noticias-oposiciones\\\/oposiciones-de-justicia-ultima-hora-celebracion-procesos-selectivos\\\/#primaryimage\"},\"image\":{\"@id\":\"https:\\\/\\\/www.emplea-te.com\\\/noticias-oposiciones\\\/oposiciones-de-justicia-ultima-hora-celebracion-procesos-selectivos\\\/#primaryimage\"},\"thumbnailUrl\":\"https:\\\/\\\/www.emplea-te.com\\\/noticias-oposiciones\\\/wp-content\\\/uploads\\\/2019\\\/12\\\/Justicia-noticias-ultima-hora-150x150.jpg\",\"datePublished\":\"2020-05-22T09:02:23+00:00\",\"dateModified\":\"2020-06-10T14:43:55+00:00\",\"description\":\"Oposiciones de Justicia. \u00daltimas noticias procesos selectivos de las oeps 2017-2018 turno libre y promoci\u00f3n interna. \u00a1Inf\u00f3rmate en el enlace!\",\"breadcrumb\":{\"@id\":\"https:\\\/\\\/www.emplea-te.com\\\/noticias-oposiciones\\\/oposiciones-de-justicia-ultima-hora-celebracion-procesos-selectivos\\\/#breadcrumb\"},\"inLanguage\":\"es\",\"potentialAction\":[{\"@type\":\"ReadAction\",\"target\":[\"https:\\\/\\\/www.emplea-te.com\\\/noticias-oposiciones\\\/oposiciones-de-justicia-ultima-hora-celebracion-procesos-selectivos\\\/\"]}]},{\"@type\":\"ImageObject\",\"inLanguage\":\"es\",\"@id\":\"https:\\\/\\\/www.emplea-te.com\\\/noticias-oposiciones\\\/oposiciones-de-justicia-ultima-hora-celebracion-procesos-selectivos\\\/#primaryimage\",\"url\":\"https:\\\/\\\/www.emplea-te.com\\\/noticias-oposiciones\\\/wp-content\\\/uploads\\\/2019\\\/12\\\/Justicia-noticias-ultima-hora.jpg\",\"contentUrl\":\"https:\\\/\\\/www.emplea-te.com\\\/noticias-oposiciones\\\/wp-content\\\/uploads\\\/2019\\\/12\\\/Justicia-noticias-ultima-hora.jpg\",\"width\":1280,\"height\":960},{\"@type\":\"BreadcrumbList\",\"@id\":\"https:\\\/\\\/www.emplea-te.com\\\/noticias-oposiciones\\\/oposiciones-de-justicia-ultima-hora-celebracion-procesos-selectivos\\\/#breadcrumb\",\"itemListElement\":[{\"@type\":\"ListItem\",\"position\":1,\"name\":\"Noticias Oposiciones\",\"item\":\"https:\\\/\\\/www.emplea-te.com\\\/noticias-oposiciones\\\/\"},{\"@type\":\"ListItem\",\"position\":2,\"name\":\"Oposiciones Justicia\",\"item\":\"https:\\\/\\\/www.emplea-te.com\\\/noticias-oposiciones\\\/categoria\\\/oposiciones-justicia\\\/\"},{\"@type\":\"ListItem\",\"position\":3,\"name\":\"Oposiciones de Justicia. \u00daltima hora celebraci\u00f3n procesos selectivos.\"}]},{\"@type\":\"WebSite\",\"@id\":\"https:\\\/\\\/www.emplea-te.com\\\/noticias-oposiciones\\\/#website\",\"url\":\"https:\\\/\\\/www.emplea-te.com\\\/noticias-oposiciones\\\/\",\"name\":\"Noticas de oposiciones por Academia Emplea-te\",\"description\":\"Toda la actualidad de las ofertas y convocatorias.\",\"publisher\":{\"@id\":\"https:\\\/\\\/www.emplea-te.com\\\/noticias-oposiciones\\\/#organization\"},\"potentialAction\":[{\"@type\":\"SearchAction\",\"target\":{\"@type\":\"EntryPoint\",\"urlTemplate\":\"https:\\\/\\\/www.emplea-te.com\\\/noticias-oposiciones\\\/?s={search_term_string}\"},\"query-input\":{\"@type\":\"PropertyValueSpecification\",\"valueRequired\":true,\"valueName\":\"search_term_string\"}}],\"inLanguage\":\"es\"},{\"@type\":\"Organization\",\"@id\":\"https:\\\/\\\/www.emplea-te.com\\\/noticias-oposiciones\\\/#organization\",\"name\":\"Academia de oposiciones Empl\u00e9ate\",\"url\":\"https:\\\/\\\/www.emplea-te.com\\\/noticias-oposiciones\\\/\",\"logo\":{\"@type\":\"ImageObject\",\"inLanguage\":\"es\",\"@id\":\"https:\\\/\\\/www.emplea-te.com\\\/noticias-oposiciones\\\/#\\\/schema\\\/logo\\\/image\\\/\",\"url\":\"https:\\\/\\\/www.emplea-te.com\\\/noticias-oposiciones\\\/wp-content\\\/uploads\\\/2019\\\/04\\\/empleate.jpg\",\"contentUrl\":\"https:\\\/\\\/www.emplea-te.com\\\/noticias-oposiciones\\\/wp-content\\\/uploads\\\/2019\\\/04\\\/empleate.jpg\",\"width\":250,\"height\":150,\"caption\":\"Academia de oposiciones Empl\u00e9ate\"},\"image\":{\"@id\":\"https:\\\/\\\/www.emplea-te.com\\\/noticias-oposiciones\\\/#\\\/schema\\\/logo\\\/image\\\/\"},\"sameAs\":[\"https:\\\/\\\/www.facebook.com\\\/AcademiaEmpleate\\\/\",\"https:\\\/\\\/x.com\\\/Emplea_Te\",\"https:\\\/\\\/www.instagram.com\\\/academia_empleate\\\/\"]},{\"@type\":\"Person\",\"@id\":\"https:\\\/\\\/www.emplea-te.com\\\/noticias-oposiciones\\\/#\\\/schema\\\/person\\\/d1bc587e1af2b95e9c32aba1795509a6\",\"name\":\"Empleate\"}]}<\/script>\n<!-- \/ Yoast SEO plugin. -->","yoast_head_json":{"title":"Oposiciones de Justicia. \u00daltimas noticias procesos selectivos .","description":"Oposiciones de Justicia. \u00daltimas noticias procesos selectivos de las oeps 2017-2018 turno libre y promoci\u00f3n interna. \u00a1Inf\u00f3rmate en el enlace!","robots":{"index":"index","follow":"follow","max-snippet":"max-snippet:-1","max-image-preview":"max-image-preview:large","max-video-preview":"max-video-preview:-1"},"canonical":"https:\/\/www.emplea-te.com\/noticias-oposiciones\/oposiciones-de-justicia-ultima-hora-celebracion-procesos-selectivos\/","og_locale":"es_ES","og_type":"article","og_title":"Oposiciones de Justicia. \u00daltimas noticias procesos selectivos .","og_description":"Oposiciones de Justicia. \u00daltimas noticias procesos selectivos de las oeps 2017-2018 turno libre y promoci\u00f3n interna. \u00a1Inf\u00f3rmate en el enlace!","og_url":"https:\/\/www.emplea-te.com\/noticias-oposiciones\/oposiciones-de-justicia-ultima-hora-celebracion-procesos-selectivos\/","og_site_name":"Noticas de oposiciones por Academia Emplea-te","article_publisher":"https:\/\/www.facebook.com\/AcademiaEmpleate\/","article_published_time":"2020-05-22T09:02:23+00:00","article_modified_time":"2020-06-10T14:43:55+00:00","og_image":[{"url":"https:\/\/www.emplea-te.com\/noticias-oposiciones\/wp-content\/uploads\/2019\/12\/Justicia-noticias-ultima-hora-150x150.jpg","type":"","width":"","height":""}],"author":"Empleate","twitter_card":"summary_large_image","twitter_creator":"@Emplea_Te","twitter_site":"@Emplea_Te","twitter_misc":{"Escrito por":"Empleate","Tiempo de lectura":"1 minuto"},"schema":{"@context":"https:\/\/schema.org","@graph":[{"@type":"Article","@id":"https:\/\/www.emplea-te.com\/noticias-oposiciones\/oposiciones-de-justicia-ultima-hora-celebracion-procesos-selectivos\/#article","isPartOf":{"@id":"https:\/\/www.emplea-te.com\/noticias-oposiciones\/oposiciones-de-justicia-ultima-hora-celebracion-procesos-selectivos\/"},"author":{"name":"Empleate","@id":"https:\/\/www.emplea-te.com\/noticias-oposiciones\/#\/schema\/person\/d1bc587e1af2b95e9c32aba1795509a6"},"headline":"Oposiciones de Justicia. \u00daltima hora celebraci\u00f3n procesos selectivos.","datePublished":"2020-05-22T09:02:23+00:00","dateModified":"2020-06-10T14:43:55+00:00","mainEntityOfPage":{"@id":"https:\/\/www.emplea-te.com\/noticias-oposiciones\/oposiciones-de-justicia-ultima-hora-celebracion-procesos-selectivos\/"},"wordCount":219,"publisher":{"@id":"https:\/\/www.emplea-te.com\/noticias-oposiciones\/#organization"},"image":{"@id":"https:\/\/www.emplea-te.com\/noticias-oposiciones\/oposiciones-de-justicia-ultima-hora-celebracion-procesos-selectivos\/#primaryimage"},"thumbnailUrl":"https:\/\/www.emplea-te.com\/noticias-oposiciones\/wp-content\/uploads\/2019\/12\/Justicia-noticias-ultima-hora-150x150.jpg","keywords":["Convocatoria","Fecha ex\u00e1menes"],"articleSection":["Oposiciones Auxilio Judicial","Oposiciones Gesti\u00f3n Procesal","Oposiciones Justicia","Oposiciones Tramitaci\u00f3n Procesal"],"inLanguage":"es"},{"@type":"WebPage","@id":"https:\/\/www.emplea-te.com\/noticias-oposiciones\/oposiciones-de-justicia-ultima-hora-celebracion-procesos-selectivos\/","url":"https:\/\/www.emplea-te.com\/noticias-oposiciones\/oposiciones-de-justicia-ultima-hora-celebracion-procesos-selectivos\/","name":"Oposiciones de Justicia. \u00daltimas noticias procesos selectivos .","isPartOf":{"@id":"https:\/\/www.emplea-te.com\/noticias-oposiciones\/#website"},"primaryImageOfPage":{"@id":"https:\/\/www.emplea-te.com\/noticias-oposiciones\/oposiciones-de-justicia-ultima-hora-celebracion-procesos-selectivos\/#primaryimage"},"image":{"@id":"https:\/\/www.emplea-te.com\/noticias-oposiciones\/oposiciones-de-justicia-ultima-hora-celebracion-procesos-selectivos\/#primaryimage"},"thumbnailUrl":"https:\/\/www.emplea-te.com\/noticias-oposiciones\/wp-content\/uploads\/2019\/12\/Justicia-noticias-ultima-hora-150x150.jpg","datePublished":"2020-05-22T09:02:23+00:00","dateModified":"2020-06-10T14:43:55+00:00","description":"Oposiciones de Justicia. \u00daltimas noticias procesos selectivos de las oeps 2017-2018 turno libre y promoci\u00f3n interna. \u00a1Inf\u00f3rmate en el enlace!","breadcrumb":{"@id":"https:\/\/www.emplea-te.com\/noticias-oposiciones\/oposiciones-de-justicia-ultima-hora-celebracion-procesos-selectivos\/#breadcrumb"},"inLanguage":"es","potentialAction":[{"@type":"ReadAction","target":["https:\/\/www.emplea-te.com\/noticias-oposiciones\/oposiciones-de-justicia-ultima-hora-celebracion-procesos-selectivos\/"]}]},{"@type":"ImageObject","inLanguage":"es","@id":"https:\/\/www.emplea-te.com\/noticias-oposiciones\/oposiciones-de-justicia-ultima-hora-celebracion-procesos-selectivos\/#primaryimage","url":"https:\/\/www.emplea-te.com\/noticias-oposiciones\/wp-content\/uploads\/2019\/12\/Justicia-noticias-ultima-hora.jpg","contentUrl":"https:\/\/www.emplea-te.com\/noticias-oposiciones\/wp-content\/uploads\/2019\/12\/Justicia-noticias-ultima-hora.jpg","width":1280,"height":960},{"@type":"BreadcrumbList","@id":"https:\/\/www.emplea-te.com\/noticias-oposiciones\/oposiciones-de-justicia-ultima-hora-celebracion-procesos-selectivos\/#breadcrumb","itemListElement":[{"@type":"ListItem","position":1,"name":"Noticias Oposiciones","item":"https:\/\/www.emplea-te.com\/noticias-oposiciones\/"},{"@type":"ListItem","position":2,"name":"Oposiciones Justicia","item":"https:\/\/www.emplea-te.com\/noticias-oposiciones\/categoria\/oposiciones-justicia\/"},{"@type":"ListItem","position":3,"name":"Oposiciones de Justicia. \u00daltima hora celebraci\u00f3n procesos selectivos."}]},{"@type":"WebSite","@id":"https:\/\/www.emplea-te.com\/noticias-oposiciones\/#website","url":"https:\/\/www.emplea-te.com\/noticias-oposiciones\/","name":"Noticas de oposiciones por Academia Emplea-te","description":"Toda la actualidad de las ofertas y convocatorias.","publisher":{"@id":"https:\/\/www.emplea-te.com\/noticias-oposiciones\/#organization"},"potentialAction":[{"@type":"SearchAction","target":{"@type":"EntryPoint","urlTemplate":"https:\/\/www.emplea-te.com\/noticias-oposiciones\/?s={search_term_string}"},"query-input":{"@type":"PropertyValueSpecification","valueRequired":true,"valueName":"search_term_string"}}],"inLanguage":"es"},{"@type":"Organization","@id":"https:\/\/www.emplea-te.com\/noticias-oposiciones\/#organization","name":"Academia de oposiciones Empl\u00e9ate","url":"https:\/\/www.emplea-te.com\/noticias-oposiciones\/","logo":{"@type":"ImageObject","inLanguage":"es","@id":"https:\/\/www.emplea-te.com\/noticias-oposiciones\/#\/schema\/logo\/image\/","url":"https:\/\/www.emplea-te.com\/noticias-oposiciones\/wp-content\/uploads\/2019\/04\/empleate.jpg","contentUrl":"https:\/\/www.emplea-te.com\/noticias-oposiciones\/wp-content\/uploads\/2019\/04\/empleate.jpg","width":250,"height":150,"caption":"Academia de oposiciones Empl\u00e9ate"},"image":{"@id":"https:\/\/www.emplea-te.com\/noticias-oposiciones\/#\/schema\/logo\/image\/"},"sameAs":["https:\/\/www.facebook.com\/AcademiaEmpleate\/","https:\/\/x.com\/Emplea_Te","https:\/\/www.instagram.com\/academia_empleate\/"]},{"@type":"Person","@id":"https:\/\/www.emplea-te.com\/noticias-oposiciones\/#\/schema\/person\/d1bc587e1af2b95e9c32aba1795509a6","name":"Empleate"}]}},"_links":{"self":[{"href":"https:\/\/www.emplea-te.com\/noticias-oposiciones\/wp-json\/wp\/v2\/posts\/3365","targetHints":{"allow":["GET"]}}],"collection":[{"href":"https:\/\/www.emplea-te.com\/noticias-oposiciones\/wp-json\/wp\/v2\/posts"}],"about":[{"href":"https:\/\/www.emplea-te.com\/noticias-oposiciones\/wp-json\/wp\/v2\/types\/post"}],"author":[{"embeddable":true,"href":"https:\/\/www.emplea-te.com\/noticias-oposiciones\/wp-json\/wp\/v2\/users\/1"}],"replies":[{"embeddable":true,"href":"https:\/\/www.emplea-te.com\/noticias-oposiciones\/wp-json\/wp\/v2\/comments?post=3365"}],"version-history":[{"count":2,"href":"https:\/\/www.emplea-te.com\/noticias-oposiciones\/wp-json\/wp\/v2\/posts\/3365\/revisions"}],"predecessor-version":[{"id":3457,"href":"https:\/\/www.emplea-te.com\/noticias-oposiciones\/wp-json\/wp\/v2\/posts\/3365\/revisions\/3457"}],"wp:attachment":[{"href":"https:\/\/www.emplea-te.com\/noticias-oposiciones\/wp-json\/wp\/v2\/media?parent=3365"}],"wp:term":[{"taxonomy":"category","embeddable":true,"href":"https:\/\/www.emplea-te.com\/noticias-oposiciones\/wp-json\/wp\/v2\/categories?post=3365"},{"taxonomy":"post_tag","embeddable":true,"href":"https:\/\/www.emplea-te.com\/noticias-oposiciones\/wp-json\/wp\/v2\/tags?post=3365"}],"curies":[{"name":"wp","href":"https:\/\/api.w.org\/{rel}","templated":true}]}}