{"id":3480,"date":"2020-06-19T10:14:40","date_gmt":"2020-06-19T08:14:40","guid":{"rendered":"https:\/\/www.emplea-te.com\/noticias-oposiciones\/?p=3480"},"modified":"2020-06-25T09:43:38","modified_gmt":"2020-06-25T07:43:38","slug":"el-ayuntamiento-de-a-coruna-convocara-436-plazas-de-empleo-publico-antes-de-finales-de-2021","status":"publish","type":"post","link":"https:\/\/www.emplea-te.com\/noticias-oposiciones\/el-ayuntamiento-de-a-coruna-convocara-436-plazas-de-empleo-publico-antes-de-finales-de-2021\/","title":{"rendered":"El Ayuntamiento de A Coru\u00f1a convocar\u00e1 436 plazas de empleo p\u00fablico antes de finales de 2021"},"content":{"rendered":"<p>&nbsp;<\/p>\n<p><img decoding=\"async\" class=\"alignleft wp-image-3481 size-medium\" src=\"https:\/\/www.emplea-te.com\/noticias-oposiciones\/wp-content\/uploads\/2020\/06\/Sin-t\u00edtulo-8-293x300.jpg\" alt=\"\" width=\"293\" height=\"300\" srcset=\"https:\/\/www.emplea-te.com\/noticias-oposiciones\/wp-content\/uploads\/2020\/06\/Sin-t\u00edtulo-8-293x300.jpg 293w, https:\/\/www.emplea-te.com\/noticias-oposiciones\/wp-content\/uploads\/2020\/06\/Sin-t\u00edtulo-8-1000x1024.jpg 1000w, https:\/\/www.emplea-te.com\/noticias-oposiciones\/wp-content\/uploads\/2020\/06\/Sin-t\u00edtulo-8-768x786.jpg 768w, https:\/\/www.emplea-te.com\/noticias-oposiciones\/wp-content\/uploads\/2020\/06\/Sin-t\u00edtulo-8-1200x1229.jpg 1200w, https:\/\/www.emplea-te.com\/noticias-oposiciones\/wp-content\/uploads\/2020\/06\/Sin-t\u00edtulo-8-20x20.jpg 20w, https:\/\/www.emplea-te.com\/noticias-oposiciones\/wp-content\/uploads\/2020\/06\/Sin-t\u00edtulo-8.jpg 1250w\" sizes=\"(max-width: 293px) 85vw, 293px\" \/><\/p>\n<p>Nos hacemos eco de una magn\u00edfica noticia para el Empleo P\u00fablico Local, publicada en el <a href=\"https:\/\/www.elespanol.com\/quincemil\/articulos\/actualidad\/el-ayuntamiento-de-a-coruna-convocara-436-plazas-de-empleo-publico-antes-de-finales-de-2021\" target=\"_blank\" rel=\"noopener noreferrer\">per\u00edodico quincemil\u00a0<\/a><\/p>\n<p><strong>El Ayuntamiento de A Coru\u00f1a convocar\u00e1 436 plazas de empleo p\u00fablico antes de finales de 2021.<\/strong><\/p>\n<p>El Ayuntamiento de A Coru\u00f1a ha anunciado la convocatoria de oferta de empleo p\u00fablico municipal, con la convocatoria de las pruebas para cubrir 436 plazas, de las que\u00a0<strong>180 son de libre concurrencia.<\/strong><\/p>\n<p>En total, ser\u00e1n\u00a0<strong>71 las plazas de turno libre\u00a0<\/strong>que se convocar\u00e1n para dotar de personal a diferentes servicios, a las que hay que a\u00f1adir\u00a0<strong>109 del plan de estabilizaci\u00f3n, tambi\u00e9n en libre concurrencia<\/strong>, seg\u00fan explica.<\/p>\n<div id=\"placeholderpubli2movil\"><\/div>\n<p><strong>La previsi\u00f3n es completar todos los procesos selectivos antes de que finalice 2021.<\/strong><br \/>\nLa oferta p\u00fablica de empleo del a\u00f1o 2020 contempla las 38 nuevas plazas, \u00abcubriendo todas las que permite la tasa de reposici\u00f3n\u00bb, a\u00f1ade. Adem\u00e1s, se a\u00f1aden otras 33 \u00abque o bien no fueron convocadas o est\u00e1n pendientes de concurso durante el anterior mandato\u00bb. La oferta de empleo incluye tambi\u00e9n 256 plazas de promoci\u00f3n interna.<\/p>\n<p>Fuente : <a href=\"https:\/\/www.elespanol.com\/quincemil\/articulos\/actualidad\/el-ayuntamiento-de-a-coruna-convocara-436-plazas-de-empleo-publico-antes-de-finales-de-2021\" target=\"_blank\" rel=\"noopener noreferrer\">Per\u00edodico quincemil<\/a><\/p>\n<p>&nbsp;<\/p>\n<p><strong>Es una convocatoria muy esperada, de la que ya se hablaba antes de la cuarentena.<\/strong> <strong>La previsi\u00f3n es completar todos los procesos selectivos antes de que finalice 2021.<\/strong><\/p>\n<p>Destacamos los siguientes procesos selectivos pendientes de convocar:<\/p>\n<h5><a href=\"https:\/\/www.emplea-te.com\/46-oposiciones-auxiliar-administrativo-concello-a-coru%C3%B1a-c2\" target=\"_blank\" rel=\"noopener noreferrer\">44 Plazas de Auxiliar Administrativo C2 que puedes preparar en nuestros grupos presenciales o a trav\u00e9s de formaci\u00f3n telem\u00e1tica.<\/a><\/h5>\n<h5><a href=\"https:\/\/www.emplea-te.com\/46-oposiciones-auxiliar-administrativo-concello-a-coru%C3%B1a-c2\" target=\"_blank\" rel=\"noopener noreferrer\">Las 44 Plazas provienen de las OEPs 2017 y 2018 (que fue modificada)<\/a><\/h5>\n<h5><a href=\"https:\/\/www.emplea-te.com\/55\/oposiciones-de-comunidad-autonoma-de-galicia\" target=\"_blank\" rel=\"noopener noreferrer\">Inf\u00f3rmate de nuestros cursos presenciales y online para preparar las oposiciones al Ayuntamiento de A Coru\u00f1a.<\/a><\/h5>\n","protected":false},"excerpt":{"rendered":"<p>&nbsp; Nos hacemos eco de una magn\u00edfica noticia para el Empleo P\u00fablico Local, publicada en el per\u00edodico quincemil\u00a0 El Ayuntamiento de A Coru\u00f1a convocar\u00e1 436 plazas de empleo p\u00fablico antes de finales de 2021. El Ayuntamiento de A Coru\u00f1a ha anunciado la convocatoria de oferta de empleo p\u00fablico municipal, con la convocatoria de las pruebas &hellip; <a href=\"https:\/\/www.emplea-te.com\/noticias-oposiciones\/el-ayuntamiento-de-a-coruna-convocara-436-plazas-de-empleo-publico-antes-de-finales-de-2021\/\" class=\"more-link\">Continuar leyendo<span class=\"screen-reader-text\"> \u00abEl Ayuntamiento de A Coru\u00f1a convocar\u00e1 436 plazas de empleo p\u00fablico antes de finales de 2021\u00bb<\/span><\/a><\/p>\n","protected":false},"author":1,"featured_media":0,"comment_status":"closed","ping_status":"closed","sticky":false,"template":"","format":"standard","meta":{"footnotes":""},"categories":[37,56],"tags":[49],"class_list":["post-3480","post","type-post","status-publish","format-standard","hentry","category-convocatorias-ayuntamientos","category-oposiciones-autonomicas-galicia","tag-convocatorias-de-oposiciones"],"yoast_head":"<!-- This site is optimized with the Yoast SEO plugin v27.5 - https:\/\/yoast.com\/product\/yoast-seo-wordpress\/ -->\n<title>El Ayto. de A Coru\u00f1a convocar\u00e1 436 plazas de empleo p\u00fablico antes de finales de 2021.<\/title>\n<meta name=\"description\" content=\"El Ayto. de A Coru\u00f1a convocar\u00e1 436 plazas de empleo p\u00fablico antes de finales de 2021.\" \/>\n<meta name=\"robots\" content=\"index, follow, max-snippet:-1, max-image-preview:large, max-video-preview:-1\" \/>\n<link rel=\"canonical\" href=\"https:\/\/www.emplea-te.com\/noticias-oposiciones\/el-ayuntamiento-de-a-coruna-convocara-436-plazas-de-empleo-publico-antes-de-finales-de-2021\/\" \/>\n<meta property=\"og:locale\" content=\"es_ES\" \/>\n<meta property=\"og:type\" content=\"article\" \/>\n<meta property=\"og:title\" content=\"El Ayto. de A Coru\u00f1a convocar\u00e1 436 plazas de empleo p\u00fablico antes de finales de 2021.\" \/>\n<meta property=\"og:description\" content=\"El Ayto. de A Coru\u00f1a convocar\u00e1 436 plazas de empleo p\u00fablico antes de finales de 2021.\" \/>\n<meta property=\"og:url\" content=\"https:\/\/www.emplea-te.com\/noticias-oposiciones\/el-ayuntamiento-de-a-coruna-convocara-436-plazas-de-empleo-publico-antes-de-finales-de-2021\/\" \/>\n<meta property=\"og:site_name\" content=\"Noticas de oposiciones por Academia Emplea-te\" \/>\n<meta property=\"article:publisher\" content=\"https:\/\/www.facebook.com\/AcademiaEmpleate\/\" \/>\n<meta property=\"article:published_time\" content=\"2020-06-19T08:14:40+00:00\" \/>\n<meta property=\"article:modified_time\" content=\"2020-06-25T07:43:38+00:00\" \/>\n<meta property=\"og:image\" content=\"https:\/\/www.emplea-te.com\/noticias-oposiciones\/wp-content\/uploads\/2020\/06\/Sin-t\u00edtulo-8-293x300.jpg\" \/>\n<meta name=\"author\" content=\"Empleate\" \/>\n<meta name=\"twitter:card\" content=\"summary_large_image\" \/>\n<meta name=\"twitter:creator\" content=\"@Emplea_Te\" \/>\n<meta name=\"twitter:site\" content=\"@Emplea_Te\" \/>\n<meta name=\"twitter:label1\" content=\"Escrito por\" \/>\n\t<meta name=\"twitter:data1\" content=\"Empleate\" \/>\n\t<meta name=\"twitter:label2\" content=\"Tiempo de lectura\" \/>\n\t<meta name=\"twitter:data2\" content=\"1 minuto\" \/>\n<script type=\"application\/ld+json\" class=\"yoast-schema-graph\">{\"@context\":\"https:\\\/\\\/schema.org\",\"@graph\":[{\"@type\":\"Article\",\"@id\":\"https:\\\/\\\/www.emplea-te.com\\\/noticias-oposiciones\\\/el-ayuntamiento-de-a-coruna-convocara-436-plazas-de-empleo-publico-antes-de-finales-de-2021\\\/#article\",\"isPartOf\":{\"@id\":\"https:\\\/\\\/www.emplea-te.com\\\/noticias-oposiciones\\\/el-ayuntamiento-de-a-coruna-convocara-436-plazas-de-empleo-publico-antes-de-finales-de-2021\\\/\"},\"author\":{\"name\":\"Empleate\",\"@id\":\"https:\\\/\\\/www.emplea-te.com\\\/noticias-oposiciones\\\/#\\\/schema\\\/person\\\/d1bc587e1af2b95e9c32aba1795509a6\"},\"headline\":\"El Ayuntamiento de A Coru\u00f1a convocar\u00e1 436 plazas de empleo p\u00fablico antes de finales de 2021\",\"datePublished\":\"2020-06-19T08:14:40+00:00\",\"dateModified\":\"2020-06-25T07:43:38+00:00\",\"mainEntityOfPage\":{\"@id\":\"https:\\\/\\\/www.emplea-te.com\\\/noticias-oposiciones\\\/el-ayuntamiento-de-a-coruna-convocara-436-plazas-de-empleo-publico-antes-de-finales-de-2021\\\/\"},\"wordCount\":288,\"publisher\":{\"@id\":\"https:\\\/\\\/www.emplea-te.com\\\/noticias-oposiciones\\\/#organization\"},\"keywords\":[\"Convocatoria\"],\"articleSection\":[\"Convocatorias Ayuntamientos\",\"Oposiciones Auton\u00f3micas Galicia\"],\"inLanguage\":\"es\"},{\"@type\":\"WebPage\",\"@id\":\"https:\\\/\\\/www.emplea-te.com\\\/noticias-oposiciones\\\/el-ayuntamiento-de-a-coruna-convocara-436-plazas-de-empleo-publico-antes-de-finales-de-2021\\\/\",\"url\":\"https:\\\/\\\/www.emplea-te.com\\\/noticias-oposiciones\\\/el-ayuntamiento-de-a-coruna-convocara-436-plazas-de-empleo-publico-antes-de-finales-de-2021\\\/\",\"name\":\"El Ayto. de A Coru\u00f1a convocar\u00e1 436 plazas de empleo p\u00fablico antes de finales de 2021.\",\"isPartOf\":{\"@id\":\"https:\\\/\\\/www.emplea-te.com\\\/noticias-oposiciones\\\/#website\"},\"datePublished\":\"2020-06-19T08:14:40+00:00\",\"dateModified\":\"2020-06-25T07:43:38+00:00\",\"description\":\"El Ayto. de A Coru\u00f1a convocar\u00e1 436 plazas de empleo p\u00fablico antes de finales de 2021.\",\"breadcrumb\":{\"@id\":\"https:\\\/\\\/www.emplea-te.com\\\/noticias-oposiciones\\\/el-ayuntamiento-de-a-coruna-convocara-436-plazas-de-empleo-publico-antes-de-finales-de-2021\\\/#breadcrumb\"},\"inLanguage\":\"es\",\"potentialAction\":[{\"@type\":\"ReadAction\",\"target\":[\"https:\\\/\\\/www.emplea-te.com\\\/noticias-oposiciones\\\/el-ayuntamiento-de-a-coruna-convocara-436-plazas-de-empleo-publico-antes-de-finales-de-2021\\\/\"]}]},{\"@type\":\"BreadcrumbList\",\"@id\":\"https:\\\/\\\/www.emplea-te.com\\\/noticias-oposiciones\\\/el-ayuntamiento-de-a-coruna-convocara-436-plazas-de-empleo-publico-antes-de-finales-de-2021\\\/#breadcrumb\",\"itemListElement\":[{\"@type\":\"ListItem\",\"position\":1,\"name\":\"Noticias Oposiciones\",\"item\":\"https:\\\/\\\/www.emplea-te.com\\\/noticias-oposiciones\\\/\"},{\"@type\":\"ListItem\",\"position\":2,\"name\":\"Oposiciones Auton\u00f3micas Galicia\",\"item\":\"https:\\\/\\\/www.emplea-te.com\\\/noticias-oposiciones\\\/categoria\\\/oposiciones-autonomicas-galicia\\\/\"},{\"@type\":\"ListItem\",\"position\":3,\"name\":\"El Ayuntamiento de A Coru\u00f1a convocar\u00e1 436 plazas de empleo p\u00fablico antes de finales de 2021\"}]},{\"@type\":\"WebSite\",\"@id\":\"https:\\\/\\\/www.emplea-te.com\\\/noticias-oposiciones\\\/#website\",\"url\":\"https:\\\/\\\/www.emplea-te.com\\\/noticias-oposiciones\\\/\",\"name\":\"Noticas de oposiciones por Academia Emplea-te\",\"description\":\"Toda la actualidad de las ofertas y convocatorias.\",\"publisher\":{\"@id\":\"https:\\\/\\\/www.emplea-te.com\\\/noticias-oposiciones\\\/#organization\"},\"potentialAction\":[{\"@type\":\"SearchAction\",\"target\":{\"@type\":\"EntryPoint\",\"urlTemplate\":\"https:\\\/\\\/www.emplea-te.com\\\/noticias-oposiciones\\\/?s={search_term_string}\"},\"query-input\":{\"@type\":\"PropertyValueSpecification\",\"valueRequired\":true,\"valueName\":\"search_term_string\"}}],\"inLanguage\":\"es\"},{\"@type\":\"Organization\",\"@id\":\"https:\\\/\\\/www.emplea-te.com\\\/noticias-oposiciones\\\/#organization\",\"name\":\"Academia de oposiciones Empl\u00e9ate\",\"url\":\"https:\\\/\\\/www.emplea-te.com\\\/noticias-oposiciones\\\/\",\"logo\":{\"@type\":\"ImageObject\",\"inLanguage\":\"es\",\"@id\":\"https:\\\/\\\/www.emplea-te.com\\\/noticias-oposiciones\\\/#\\\/schema\\\/logo\\\/image\\\/\",\"url\":\"https:\\\/\\\/www.emplea-te.com\\\/noticias-oposiciones\\\/wp-content\\\/uploads\\\/2019\\\/04\\\/empleate.jpg\",\"contentUrl\":\"https:\\\/\\\/www.emplea-te.com\\\/noticias-oposiciones\\\/wp-content\\\/uploads\\\/2019\\\/04\\\/empleate.jpg\",\"width\":250,\"height\":150,\"caption\":\"Academia de oposiciones Empl\u00e9ate\"},\"image\":{\"@id\":\"https:\\\/\\\/www.emplea-te.com\\\/noticias-oposiciones\\\/#\\\/schema\\\/logo\\\/image\\\/\"},\"sameAs\":[\"https:\\\/\\\/www.facebook.com\\\/AcademiaEmpleate\\\/\",\"https:\\\/\\\/x.com\\\/Emplea_Te\",\"https:\\\/\\\/www.instagram.com\\\/academia_empleate\\\/\"]},{\"@type\":\"Person\",\"@id\":\"https:\\\/\\\/www.emplea-te.com\\\/noticias-oposiciones\\\/#\\\/schema\\\/person\\\/d1bc587e1af2b95e9c32aba1795509a6\",\"name\":\"Empleate\"}]}<\/script>\n<!-- \/ Yoast SEO plugin. -->","yoast_head_json":{"title":"El Ayto. de A Coru\u00f1a convocar\u00e1 436 plazas de empleo p\u00fablico antes de finales de 2021.","description":"El Ayto. de A Coru\u00f1a convocar\u00e1 436 plazas de empleo p\u00fablico antes de finales de 2021.","robots":{"index":"index","follow":"follow","max-snippet":"max-snippet:-1","max-image-preview":"max-image-preview:large","max-video-preview":"max-video-preview:-1"},"canonical":"https:\/\/www.emplea-te.com\/noticias-oposiciones\/el-ayuntamiento-de-a-coruna-convocara-436-plazas-de-empleo-publico-antes-de-finales-de-2021\/","og_locale":"es_ES","og_type":"article","og_title":"El Ayto. de A Coru\u00f1a convocar\u00e1 436 plazas de empleo p\u00fablico antes de finales de 2021.","og_description":"El Ayto. de A Coru\u00f1a convocar\u00e1 436 plazas de empleo p\u00fablico antes de finales de 2021.","og_url":"https:\/\/www.emplea-te.com\/noticias-oposiciones\/el-ayuntamiento-de-a-coruna-convocara-436-plazas-de-empleo-publico-antes-de-finales-de-2021\/","og_site_name":"Noticas de oposiciones por Academia Emplea-te","article_publisher":"https:\/\/www.facebook.com\/AcademiaEmpleate\/","article_published_time":"2020-06-19T08:14:40+00:00","article_modified_time":"2020-06-25T07:43:38+00:00","og_image":[{"url":"https:\/\/www.emplea-te.com\/noticias-oposiciones\/wp-content\/uploads\/2020\/06\/Sin-t\u00edtulo-8-293x300.jpg","type":"","width":"","height":""}],"author":"Empleate","twitter_card":"summary_large_image","twitter_creator":"@Emplea_Te","twitter_site":"@Emplea_Te","twitter_misc":{"Escrito por":"Empleate","Tiempo de lectura":"1 minuto"},"schema":{"@context":"https:\/\/schema.org","@graph":[{"@type":"Article","@id":"https:\/\/www.emplea-te.com\/noticias-oposiciones\/el-ayuntamiento-de-a-coruna-convocara-436-plazas-de-empleo-publico-antes-de-finales-de-2021\/#article","isPartOf":{"@id":"https:\/\/www.emplea-te.com\/noticias-oposiciones\/el-ayuntamiento-de-a-coruna-convocara-436-plazas-de-empleo-publico-antes-de-finales-de-2021\/"},"author":{"name":"Empleate","@id":"https:\/\/www.emplea-te.com\/noticias-oposiciones\/#\/schema\/person\/d1bc587e1af2b95e9c32aba1795509a6"},"headline":"El Ayuntamiento de A Coru\u00f1a convocar\u00e1 436 plazas de empleo p\u00fablico antes de finales de 2021","datePublished":"2020-06-19T08:14:40+00:00","dateModified":"2020-06-25T07:43:38+00:00","mainEntityOfPage":{"@id":"https:\/\/www.emplea-te.com\/noticias-oposiciones\/el-ayuntamiento-de-a-coruna-convocara-436-plazas-de-empleo-publico-antes-de-finales-de-2021\/"},"wordCount":288,"publisher":{"@id":"https:\/\/www.emplea-te.com\/noticias-oposiciones\/#organization"},"keywords":["Convocatoria"],"articleSection":["Convocatorias Ayuntamientos","Oposiciones Auton\u00f3micas Galicia"],"inLanguage":"es"},{"@type":"WebPage","@id":"https:\/\/www.emplea-te.com\/noticias-oposiciones\/el-ayuntamiento-de-a-coruna-convocara-436-plazas-de-empleo-publico-antes-de-finales-de-2021\/","url":"https:\/\/www.emplea-te.com\/noticias-oposiciones\/el-ayuntamiento-de-a-coruna-convocara-436-plazas-de-empleo-publico-antes-de-finales-de-2021\/","name":"El Ayto. de A Coru\u00f1a convocar\u00e1 436 plazas de empleo p\u00fablico antes de finales de 2021.","isPartOf":{"@id":"https:\/\/www.emplea-te.com\/noticias-oposiciones\/#website"},"datePublished":"2020-06-19T08:14:40+00:00","dateModified":"2020-06-25T07:43:38+00:00","description":"El Ayto. de A Coru\u00f1a convocar\u00e1 436 plazas de empleo p\u00fablico antes de finales de 2021.","breadcrumb":{"@id":"https:\/\/www.emplea-te.com\/noticias-oposiciones\/el-ayuntamiento-de-a-coruna-convocara-436-plazas-de-empleo-publico-antes-de-finales-de-2021\/#breadcrumb"},"inLanguage":"es","potentialAction":[{"@type":"ReadAction","target":["https:\/\/www.emplea-te.com\/noticias-oposiciones\/el-ayuntamiento-de-a-coruna-convocara-436-plazas-de-empleo-publico-antes-de-finales-de-2021\/"]}]},{"@type":"BreadcrumbList","@id":"https:\/\/www.emplea-te.com\/noticias-oposiciones\/el-ayuntamiento-de-a-coruna-convocara-436-plazas-de-empleo-publico-antes-de-finales-de-2021\/#breadcrumb","itemListElement":[{"@type":"ListItem","position":1,"name":"Noticias Oposiciones","item":"https:\/\/www.emplea-te.com\/noticias-oposiciones\/"},{"@type":"ListItem","position":2,"name":"Oposiciones Auton\u00f3micas Galicia","item":"https:\/\/www.emplea-te.com\/noticias-oposiciones\/categoria\/oposiciones-autonomicas-galicia\/"},{"@type":"ListItem","position":3,"name":"El Ayuntamiento de A Coru\u00f1a convocar\u00e1 436 plazas de empleo p\u00fablico antes de finales de 2021"}]},{"@type":"WebSite","@id":"https:\/\/www.emplea-te.com\/noticias-oposiciones\/#website","url":"https:\/\/www.emplea-te.com\/noticias-oposiciones\/","name":"Noticas de oposiciones por Academia Emplea-te","description":"Toda la actualidad de las ofertas y convocatorias.","publisher":{"@id":"https:\/\/www.emplea-te.com\/noticias-oposiciones\/#organization"},"potentialAction":[{"@type":"SearchAction","target":{"@type":"EntryPoint","urlTemplate":"https:\/\/www.emplea-te.com\/noticias-oposiciones\/?s={search_term_string}"},"query-input":{"@type":"PropertyValueSpecification","valueRequired":true,"valueName":"search_term_string"}}],"inLanguage":"es"},{"@type":"Organization","@id":"https:\/\/www.emplea-te.com\/noticias-oposiciones\/#organization","name":"Academia de oposiciones Empl\u00e9ate","url":"https:\/\/www.emplea-te.com\/noticias-oposiciones\/","logo":{"@type":"ImageObject","inLanguage":"es","@id":"https:\/\/www.emplea-te.com\/noticias-oposiciones\/#\/schema\/logo\/image\/","url":"https:\/\/www.emplea-te.com\/noticias-oposiciones\/wp-content\/uploads\/2019\/04\/empleate.jpg","contentUrl":"https:\/\/www.emplea-te.com\/noticias-oposiciones\/wp-content\/uploads\/2019\/04\/empleate.jpg","width":250,"height":150,"caption":"Academia de oposiciones Empl\u00e9ate"},"image":{"@id":"https:\/\/www.emplea-te.com\/noticias-oposiciones\/#\/schema\/logo\/image\/"},"sameAs":["https:\/\/www.facebook.com\/AcademiaEmpleate\/","https:\/\/x.com\/Emplea_Te","https:\/\/www.instagram.com\/academia_empleate\/"]},{"@type":"Person","@id":"https:\/\/www.emplea-te.com\/noticias-oposiciones\/#\/schema\/person\/d1bc587e1af2b95e9c32aba1795509a6","name":"Empleate"}]}},"_links":{"self":[{"href":"https:\/\/www.emplea-te.com\/noticias-oposiciones\/wp-json\/wp\/v2\/posts\/3480","targetHints":{"allow":["GET"]}}],"collection":[{"href":"https:\/\/www.emplea-te.com\/noticias-oposiciones\/wp-json\/wp\/v2\/posts"}],"about":[{"href":"https:\/\/www.emplea-te.com\/noticias-oposiciones\/wp-json\/wp\/v2\/types\/post"}],"author":[{"embeddable":true,"href":"https:\/\/www.emplea-te.com\/noticias-oposiciones\/wp-json\/wp\/v2\/users\/1"}],"replies":[{"embeddable":true,"href":"https:\/\/www.emplea-te.com\/noticias-oposiciones\/wp-json\/wp\/v2\/comments?post=3480"}],"version-history":[{"count":3,"href":"https:\/\/www.emplea-te.com\/noticias-oposiciones\/wp-json\/wp\/v2\/posts\/3480\/revisions"}],"predecessor-version":[{"id":3495,"href":"https:\/\/www.emplea-te.com\/noticias-oposiciones\/wp-json\/wp\/v2\/posts\/3480\/revisions\/3495"}],"wp:attachment":[{"href":"https:\/\/www.emplea-te.com\/noticias-oposiciones\/wp-json\/wp\/v2\/media?parent=3480"}],"wp:term":[{"taxonomy":"category","embeddable":true,"href":"https:\/\/www.emplea-te.com\/noticias-oposiciones\/wp-json\/wp\/v2\/categories?post=3480"},{"taxonomy":"post_tag","embeddable":true,"href":"https:\/\/www.emplea-te.com\/noticias-oposiciones\/wp-json\/wp\/v2\/tags?post=3480"}],"curies":[{"name":"wp","href":"https:\/\/api.w.org\/{rel}","templated":true}]}}