{"id":3575,"date":"2020-07-20T09:53:35","date_gmt":"2020-07-20T07:53:35","guid":{"rendered":"https:\/\/www.emplea-te.com\/noticias-oposiciones\/?p=3575"},"modified":"2020-07-21T09:46:06","modified_gmt":"2020-07-21T07:46:06","slug":"publicada-la-la-xunta-de-gobierno-local-de-oferta-de-empleo-del-ayuntamiento-de-santiago-de-compostela-para-el-ano-2020","status":"publish","type":"post","link":"https:\/\/www.emplea-te.com\/noticias-oposiciones\/publicada-la-la-xunta-de-gobierno-local-de-oferta-de-empleo-del-ayuntamiento-de-santiago-de-compostela-para-el-ano-2020\/","title":{"rendered":"Publicada la La Xunta de Gobierno Local de  Oferta de Empleo del Ayuntamiento de Santiago de Compostela para el a\u00f1o 2020."},"content":{"rendered":"<p><img decoding=\"async\" class=\"alignleft wp-image-3576 size-medium\" src=\"https:\/\/www.emplea-te.com\/noticias-oposiciones\/wp-content\/uploads\/2020\/07\/Sin-t\u00edtulo-3-300x300.jpg\" alt=\"\" width=\"300\" height=\"300\" srcset=\"https:\/\/www.emplea-te.com\/noticias-oposiciones\/wp-content\/uploads\/2020\/07\/Sin-t\u00edtulo-3-300x300.jpg 300w, https:\/\/www.emplea-te.com\/noticias-oposiciones\/wp-content\/uploads\/2020\/07\/Sin-t\u00edtulo-3-1024x1024.jpg 1024w, https:\/\/www.emplea-te.com\/noticias-oposiciones\/wp-content\/uploads\/2020\/07\/Sin-t\u00edtulo-3-150x150.jpg 150w, https:\/\/www.emplea-te.com\/noticias-oposiciones\/wp-content\/uploads\/2020\/07\/Sin-t\u00edtulo-3-768x768.jpg 768w, https:\/\/www.emplea-te.com\/noticias-oposiciones\/wp-content\/uploads\/2020\/07\/Sin-t\u00edtulo-3-1200x1200.jpg 1200w, https:\/\/www.emplea-te.com\/noticias-oposiciones\/wp-content\/uploads\/2020\/07\/Sin-t\u00edtulo-3-20x20.jpg 20w, https:\/\/www.emplea-te.com\/noticias-oposiciones\/wp-content\/uploads\/2020\/07\/Sin-t\u00edtulo-3.jpg 1280w\" sizes=\"(max-width: 300px) 85vw, 300px\" \/><\/p>\n<p><strong>Se publica la Oferta de Empleo P\u00fablico de Santiago de Compostela para el a\u00f1o 2020.<\/strong><br \/>\n<a href=\"http:\/\/traductor.dicoruna.es\/fron-trad\/urlTranslate.php?direccion3=gl-es&amp;inurl=https:\/\/bop.dacoruna.gal\/bopportal\/publicado\/2020\/07\/20\/2020_0000004801.html\" target=\"_blank\" rel=\"noopener noreferrer\">La Xunta de Gobierno Local de la Ciudad de Santiago de Compostela, en la sesi\u00f3n com\u00fan que tuvo lugar el d\u00eda 6 de julio de 2020, aprob\u00f3 la Oferta de Empleo del Ayuntamiento de Santiago de Compostela para el a\u00f1o 2020<\/a><\/p>\n<p><a href=\"https:\/\/www.emplea-te.com\/cursos-para-oposiciones\" target=\"_blank\" rel=\"noopener noreferrer\">Inf\u00f3rmate de c\u00f3mo preparar estas plazas en nuestros grupos presenciales o grupales en este enlace<\/a><\/p>\n<p>Las plazas que contiene la OEP 2020 del Ayuntamiento de Santiago de Compostela son las siguientes:<\/p>\n<p class=\"P-rrafo-texto-negrita\">PERSONAL FUNCIONARIO<\/p>\n<table id=\"table-1\" class=\"Estilo-de-tabla-normal\">\n<colgroup>\n<col class=\"Row-Column-1\" \/>\n<col class=\"Row-Column-2\" \/>\n<col class=\"Row-Column-3\" \/>\n<col class=\"Row-Column-4\" \/>\n<col class=\"Row-Column-5\" \/>\n<col class=\"Row-Column-6\" \/><\/colgroup>\n<tbody>\n<tr class=\"Row-Column-7\">\n<td class=\"Estilo-de-celda-cabeza\">\n<p class=\"Tabla-cabecera-1 para-style-override-1\">N\u00ba plazas<\/p>\n<\/td>\n<td class=\"Estilo-de-celda-cabeza\">\n<p class=\"Tabla-cabecera-1 para-style-override-1\">Denominaci\u00f3n<\/p>\n<\/td>\n<td class=\"Estilo-de-celda-cabeza\">\n<p class=\"Tabla-cabecera-1 para-style-override-1\">Escala<\/p>\n<\/td>\n<td class=\"Estilo-de-celda-cabeza\">\n<p class=\"Tabla-cabecera-1 para-style-override-1\">Subescala<\/p>\n<\/td>\n<td class=\"Estilo-de-celda-cabeza\">\n<p class=\"Tabla-cabecera-1 para-style-override-1\">Clase<\/p>\n<\/td>\n<td class=\"Estilo-de-celda-cabeza\">\n<p class=\"Tabla-cabecera-1 para-style-override-1\">Grupo<\/p>\n<\/td>\n<\/tr>\n<tr class=\"Row-Column-7\">\n<td class=\"Estilo-de-celda-1\">\n<p class=\"Tabla-texto-1 para-style-override-2\">2<\/p>\n<\/td>\n<td class=\"Estilo-de-celda-1\">\n<p class=\"Tabla-texto-1 para-style-override-1\">T\u00e9cnico de Gesti\u00f3n<\/p>\n<\/td>\n<td class=\"Estilo-de-celda-1\">\n<p class=\"Tabla-texto-1 para-style-override-1\">Adm\u00f3n. General<\/p>\n<\/td>\n<td class=\"Estilo-de-celda-1\">\n<p class=\"Tabla-texto-1 para-style-override-1\">Gesti\u00f3n<\/p>\n<\/td>\n<td class=\"Estilo-de-celda-1\">\n<p class=\"Tabla-texto-1 para-style-override-1\">\n<\/td>\n<td class=\"Estilo-de-celda-1\">\n<p class=\"Tabla-texto-1 para-style-override-1\">A2<\/p>\n<\/td>\n<\/tr>\n<tr class=\"Row-Column-7\">\n<td class=\"Estilo-de-celda-1\">\n<p class=\"Tabla-texto-1 para-style-override-2\">5<\/p>\n<\/td>\n<td class=\"Estilo-de-celda-1\">\n<p class=\"Tabla-texto-1 para-style-override-1\">Administrativo (3 sentencia)<\/p>\n<\/td>\n<td class=\"Estilo-de-celda-1\">\n<p class=\"Tabla-texto-1 para-style-override-1\">Adm\u00f3n. General<\/p>\n<\/td>\n<td class=\"Estilo-de-celda-1\">\n<p class=\"Tabla-texto-1 para-style-override-1\">Administrativa<\/p>\n<\/td>\n<td class=\"Estilo-de-celda-1\">\n<p class=\"Tabla-texto-1 para-style-override-1\">\n<\/td>\n<td class=\"Estilo-de-celda-1\">\n<p class=\"Tabla-texto-1 para-style-override-1\">C1<\/p>\n<\/td>\n<\/tr>\n<tr class=\"Row-Column-7\">\n<td class=\"Estilo-de-celda-1\">\n<p class=\"Tabla-texto-1 para-style-override-2\">1<\/p>\n<\/td>\n<td class=\"Estilo-de-celda-1\">\n<p class=\"Tabla-texto-1 para-style-override-1\">Auxiliar administrativo<\/p>\n<\/td>\n<td class=\"Estilo-de-celda-1\">\n<p class=\"Tabla-texto-1 para-style-override-1\">Adm\u00f3n. General<\/p>\n<\/td>\n<td class=\"Estilo-de-celda-1\">\n<p class=\"Tabla-texto-1 para-style-override-1\">Auxiliar<\/p>\n<\/td>\n<td class=\"Estilo-de-celda-1\">\n<p class=\"Tabla-texto-1 para-style-override-1\">\n<\/td>\n<td class=\"Estilo-de-celda-1\">\n<p class=\"Tabla-texto-1 para-style-override-1\">C2<\/p>\n<\/td>\n<\/tr>\n<tr class=\"Row-Column-7\">\n<td class=\"Estilo-de-celda-1\">\n<p class=\"Tabla-texto-1 para-style-override-2\">2<\/p>\n<\/td>\n<td class=\"Estilo-de-celda-1\">\n<p class=\"Tabla-texto-1 para-style-override-1\">Uxier<\/p>\n<\/td>\n<td class=\"Estilo-de-celda-1\">\n<p class=\"Tabla-texto-1 para-style-override-1\">Adm\u00f3n. General<\/p>\n<\/td>\n<td class=\"Estilo-de-celda-1\">\n<p class=\"Tabla-texto-1 para-style-override-1\">Subalterna<\/p>\n<\/td>\n<td class=\"Estilo-de-celda-1\">\n<p class=\"Tabla-texto-1 para-style-override-1\">\n<\/td>\n<td class=\"Estilo-de-celda-1\">\n<p class=\"Tabla-texto-1 para-style-override-1\">Agrup. Profes.<\/p>\n<\/td>\n<\/tr>\n<tr class=\"Row-Column-7\">\n<td class=\"Estilo-de-celda-1\">\n<p class=\"Tabla-texto-1 para-style-override-2\">1<\/p>\n<\/td>\n<td class=\"Estilo-de-celda-1\">\n<p class=\"Tabla-texto-1 para-style-override-1\">Letrado<\/p>\n<\/td>\n<td class=\"Estilo-de-celda-1\">\n<p class=\"Tabla-texto-1 para-style-override-1\">Adm\u00f3n. Especial<\/p>\n<\/td>\n<td class=\"Estilo-de-celda-1\">\n<p class=\"Tabla-texto-1 para-style-override-1\">T\u00e9cnica<\/p>\n<\/td>\n<td class=\"Estilo-de-celda-1\">\n<p class=\"Tabla-texto-1 para-style-override-1\">T\u00e9cnicos superiores<\/p>\n<\/td>\n<td class=\"Estilo-de-celda-1\">\n<p class=\"Tabla-texto-1 para-style-override-1\">La1<\/p>\n<\/td>\n<\/tr>\n<tr class=\"Row-Column-7\">\n<td class=\"Estilo-de-celda-1\">\n<p class=\"Tabla-texto-1 para-style-override-3\"><span class=\"char-style-override-1\">1<\/span><\/p>\n<\/td>\n<td class=\"Estilo-de-celda-1\">\n<p class=\"Tabla-texto-1 para-style-override-1\">Arquitecto<\/p>\n<\/td>\n<td class=\"Estilo-de-celda-1\">\n<p class=\"Tabla-texto-1 para-style-override-1\">Adm\u00f3n. Especial<\/p>\n<\/td>\n<td class=\"Estilo-de-celda-1\">\n<p class=\"Tabla-texto-1 para-style-override-1\">T\u00e9cnica<\/p>\n<\/td>\n<td class=\"Estilo-de-celda-1\">\n<p class=\"Tabla-texto-1 para-style-override-1\">Tecnicos superiores<\/p>\n<\/td>\n<td class=\"Estilo-de-celda-1\">\n<p class=\"Tabla-texto-1 para-style-override-1\">La1<\/p>\n<\/td>\n<\/tr>\n<tr class=\"Row-Column-7\">\n<td class=\"Estilo-de-celda-1\">\n<p class=\"Tabla-texto-1 para-style-override-2\">1<\/p>\n<\/td>\n<td class=\"Estilo-de-celda-1\">\n<p class=\"Tabla-texto-1 para-style-override-1\">T\u00e9cnico medio prevenci\u00f3n riesgos laborales<\/p>\n<\/td>\n<td class=\"Estilo-de-celda-1\">\n<p class=\"Tabla-texto-1 para-style-override-1\">Adm\u00f3n. Especial<\/p>\n<\/td>\n<td class=\"Estilo-de-celda-1\">\n<p class=\"Tabla-texto-1 para-style-override-1\">T\u00e9cnica<\/p>\n<\/td>\n<td class=\"Estilo-de-celda-1\">\n<p class=\"Tabla-texto-1 para-style-override-1\">T\u00e9cnicos medios<\/p>\n<\/td>\n<td class=\"Estilo-de-celda-1\">\n<p class=\"Tabla-texto-1 para-style-override-1\">La2<\/p>\n<\/td>\n<\/tr>\n<tr class=\"Row-Column-7\">\n<td class=\"Estilo-de-celda-1\">\n<p class=\"Tabla-texto-1 para-style-override-2\">1<\/p>\n<\/td>\n<td class=\"Estilo-de-celda-1\">\n<p class=\"Tabla-texto-1 para-style-override-1\">Delineante<\/p>\n<\/td>\n<td class=\"Estilo-de-celda-1\">\n<p class=\"Tabla-texto-1 para-style-override-1\">Adm\u00f3n. Especial<\/p>\n<\/td>\n<td class=\"Estilo-de-celda-1\">\n<p class=\"Tabla-texto-1 para-style-override-1\">T\u00e9cnica<\/p>\n<\/td>\n<td class=\"Estilo-de-celda-1\">\n<p class=\"Tabla-texto-1 para-style-override-1\">T\u00e9cnicos medios<\/p>\n<\/td>\n<td class=\"Estilo-de-celda-1\">\n<p class=\"Tabla-texto-1 para-style-override-1\">C1<\/p>\n<\/td>\n<\/tr>\n<tr class=\"Row-Column-7\">\n<td class=\"Estilo-de-celda-1\">\n<p class=\"Tabla-texto-1 para-style-override-2\">2<\/p>\n<\/td>\n<td class=\"Estilo-de-celda-1\">\n<p class=\"Tabla-texto-1 para-style-override-1\">Oficial alba\u00f1il<\/p>\n<\/td>\n<td class=\"Estilo-de-celda-1\">\n<p class=\"Tabla-texto-1 para-style-override-1\">Adm\u00f3n. Especial<\/p>\n<\/td>\n<td class=\"Estilo-de-celda-1\">\n<p class=\"Tabla-texto-1 para-style-override-1\">Servicios especiales<\/p>\n<\/td>\n<td class=\"Estilo-de-celda-1\">\n<p class=\"Tabla-texto-1 para-style-override-1\">\n<\/td>\n<td class=\"Estilo-de-celda-1\">\n<p class=\"Tabla-texto-1 para-style-override-1\">C2<\/p>\n<\/td>\n<\/tr>\n<tr class=\"Row-Column-7\">\n<td class=\"Estilo-de-celda-1\">\n<p class=\"Tabla-texto-1 para-style-override-2\">1<\/p>\n<\/td>\n<td class=\"Estilo-de-celda-1\">\n<p class=\"Tabla-texto-1 para-style-override-1\">Oficial carpintero<\/p>\n<\/td>\n<td class=\"Estilo-de-celda-1\">\n<p class=\"Tabla-texto-1 para-style-override-1\">Adm\u00f3n. Especial<\/p>\n<\/td>\n<td class=\"Estilo-de-celda-1\">\n<p class=\"Tabla-texto-1 para-style-override-1\">Servicios especiales<\/p>\n<\/td>\n<td class=\"Estilo-de-celda-1\">\n<p class=\"Tabla-texto-1 para-style-override-1\">\n<\/td>\n<td class=\"Estilo-de-celda-1\">\n<p class=\"Tabla-texto-1 para-style-override-1\">C2<\/p>\n<\/td>\n<\/tr>\n<tr class=\"Row-Column-7\">\n<td class=\"Estilo-de-celda-1\">\n<p class=\"Tabla-texto-1 para-style-override-2\">1<\/p>\n<\/td>\n<td class=\"Estilo-de-celda-1\">\n<p class=\"Tabla-texto-1 para-style-override-1\">Auxiliar inspecci\u00f3n servicios<\/p>\n<\/td>\n<td class=\"Estilo-de-celda-1\">\n<p class=\"Tabla-texto-1 para-style-override-1\">Adm\u00f3n. Especial<\/p>\n<\/td>\n<td class=\"Estilo-de-celda-1\">\n<p class=\"Tabla-texto-1 para-style-override-1\">Servicios especiales<\/p>\n<\/td>\n<td class=\"Estilo-de-celda-1\">\n<p class=\"Tabla-texto-1 para-style-override-1\">\n<\/td>\n<td class=\"Estilo-de-celda-1\">\n<p class=\"Tabla-texto-1 para-style-override-1\">C2<\/p>\n<\/td>\n<\/tr>\n<tr class=\"Row-Column-7\">\n<td class=\"Estilo-de-celda-1\">\n<p class=\"Tabla-texto-1 para-style-override-2\">4<\/p>\n<\/td>\n<td class=\"Estilo-de-celda-1\">\n<p class=\"Tabla-texto-1 para-style-override-1\">Bombero-conductor<\/p>\n<\/td>\n<td class=\"Estilo-de-celda-1\">\n<p class=\"Tabla-texto-1 para-style-override-1\">Admon. Especial<\/p>\n<\/td>\n<td class=\"Estilo-de-celda-1\">\n<p class=\"Tabla-texto-1 para-style-override-1\">Servicios especiales<\/p>\n<\/td>\n<td class=\"Estilo-de-celda-1\">\n<p class=\"Tabla-texto-1 para-style-override-1\">Extinci\u00f3n de incendios<\/p>\n<\/td>\n<td class=\"Estilo-de-celda-1\">\n<p class=\"Tabla-texto-1 para-style-override-1\">C2<\/p>\n<\/td>\n<\/tr>\n<tr class=\"Row-Column-7\">\n<td class=\"Estilo-de-celda-1\">\n<p class=\"Tabla-texto-1 para-style-override-3\"><span class=\"char-style-override-1\">1<\/span><\/p>\n<\/td>\n<td class=\"Estilo-de-celda-1\">\n<p class=\"Tabla-texto-1 para-style-override-1\">Inspector Principal<\/p>\n<\/td>\n<td class=\"Estilo-de-celda-1\">\n<p class=\"Tabla-texto-1 para-style-override-1\">Admon Especial<\/p>\n<\/td>\n<td class=\"Estilo-de-celda-1\">\n<p class=\"Tabla-texto-1 para-style-override-1\">Servicios Especiales<\/p>\n<\/td>\n<td class=\"Estilo-de-celda-1\">\n<p class=\"Tabla-texto-1 para-style-override-1\">Polic\u00eda Local<\/p>\n<\/td>\n<td class=\"Estilo-de-celda-1\">\n<p class=\"Tabla-texto-1 para-style-override-1\">La2<\/p>\n<\/td>\n<\/tr>\n<tr class=\"Row-Column-7\">\n<td class=\"Estilo-de-celda-1\">\n<p class=\"Tabla-texto-1 para-style-override-2\">2<\/p>\n<\/td>\n<td class=\"Estilo-de-celda-1\">\n<p class=\"Tabla-texto-1 para-style-override-1\">Polic\u00eda<\/p>\n<\/td>\n<td class=\"Estilo-de-celda-1\">\n<p class=\"Tabla-texto-1 para-style-override-1\">Admon Especial<\/p>\n<\/td>\n<td class=\"Estilo-de-celda-1\">\n<p class=\"Tabla-texto-1 para-style-override-1\">Servicios Especiales<\/p>\n<\/td>\n<td class=\"Estilo-de-celda-1\">\n<p class=\"Tabla-texto-1 para-style-override-1\">Polic\u00eda Local<\/p>\n<\/td>\n<td class=\"Estilo-de-celda-1\">\n<p class=\"Tabla-texto-1 para-style-override-1\">C1<\/p>\n<\/td>\n<\/tr>\n<\/tbody>\n<\/table>\n<p class=\"P-rrafo-texto-negrita\">PERSONAL LABORAL<\/p>\n<table id=\"table-2\" class=\"Estilo-de-tabla-normal\">\n<colgroup>\n<col class=\"Row-Column-8\" \/>\n<col class=\"Row-Column-9\" \/>\n<col class=\"Row-Column-10\" \/>\n<col class=\"Row-Column-11\" \/><\/colgroup>\n<tbody>\n<tr class=\"Row-Column-12\">\n<td class=\"Estilo-de-celda-cabeza\">\n<p class=\"Tabla-cabecera-1 para-style-override-1\">N\u00ba<\/p>\n<\/td>\n<td class=\"Estilo-de-celda-cabeza\">\n<p class=\"Tabla-cabecera-1 para-style-override-1\">Denominaci\u00f3n<\/p>\n<\/td>\n<td class=\"Estilo-de-celda-cabeza\">\n<p class=\"Tabla-cabecera-1 para-style-override-1\">Escala<\/p>\n<\/td>\n<td class=\"Estilo-de-celda-cabeza\">\n<p class=\"Tabla-cabecera-1 para-style-override-1\">Grupo<\/p>\n<\/td>\n<\/tr>\n<tr class=\"Row-Column-12\">\n<td class=\"Estilo-de-celda-1\">\n<p class=\"Tabla-texto-1 para-style-override-2\">1<\/p>\n<\/td>\n<td class=\"Estilo-de-celda-1\">\n<p class=\"Tabla-texto-1 para-style-override-2\">Psic\u00f3logo<\/p>\n<\/td>\n<td class=\"Estilo-de-celda-1\">\n<p class=\"Tabla-texto-1 para-style-override-2\">Personal laboral<\/p>\n<\/td>\n<td class=\"Estilo-de-celda-1\">\n<p class=\"Tabla-texto-1 para-style-override-2\">La1<\/p>\n<\/td>\n<\/tr>\n<tr class=\"Row-Column-12\">\n<td class=\"Estilo-de-celda-1\">\n<p class=\"Tabla-texto-1 para-style-override-2\">1<\/p>\n<\/td>\n<td class=\"Estilo-de-celda-1\">\n<p class=\"Tabla-texto-1 para-style-override-2\">Educador familiar<\/p>\n<\/td>\n<td class=\"Estilo-de-celda-1\">\n<p class=\"Tabla-texto-1 para-style-override-2\">Personal laboral<\/p>\n<\/td>\n<td class=\"Estilo-de-celda-1\">\n<p class=\"Tabla-texto-1 para-style-override-2\">La2<\/p>\n<\/td>\n<\/tr>\n<\/tbody>\n<\/table>\n<p class=\"P-rrafo-texto-negrita\">B) Promoci\u00f3n interna.<\/p>\n<p class=\"P-rrafo-texto-negrita\">PERSONAL FUNCIONARIO<\/p>\n<table id=\"table-3\" class=\"Estilo-de-tabla-normal\">\n<colgroup>\n<col class=\"Row-Column-13\" \/>\n<col class=\"Row-Column-14\" \/>\n<col class=\"Row-Column-15\" \/>\n<col class=\"Row-Column-16\" \/>\n<col class=\"Row-Column-17\" \/>\n<col class=\"Row-Column-18\" \/><\/colgroup>\n<tbody>\n<tr class=\"Row-Column-19\">\n<td class=\"Estilo-de-celda-cabeza\">\n<p class=\"Tabla-cabecera-1 para-style-override-1\">N\u00ba plazas<\/p>\n<\/td>\n<td class=\"Estilo-de-celda-cabeza\">\n<p class=\"Tabla-cabecera-1 para-style-override-1\">Denominaci\u00f3n<\/p>\n<\/td>\n<td class=\"Estilo-de-celda-cabeza\">\n<p class=\"Tabla-cabecera-1 para-style-override-1\">Escala<\/p>\n<\/td>\n<td class=\"Estilo-de-celda-cabeza\">\n<p class=\"Tabla-cabecera-1 para-style-override-1\">Subescala<\/p>\n<\/td>\n<td class=\"Estilo-de-celda-cabeza\">\n<p class=\"Tabla-cabecera-1 para-style-override-1\">Clase<\/p>\n<\/td>\n<td class=\"Estilo-de-celda-cabeza\">\n<p class=\"Tabla-cabecera-1 para-style-override-1\">Grupo<\/p>\n<\/td>\n<\/tr>\n<tr class=\"Row-Column-19\">\n<td class=\"Estilo-de-celda-1\">\n<p class=\"Tabla-texto-1 para-style-override-2\">4<\/p>\n<\/td>\n<td class=\"Estilo-de-celda-1\">\n<p class=\"Tabla-texto-1 para-style-override-1\">T\u00e9cnico Administraci\u00f3n General<\/p>\n<\/td>\n<td class=\"Estilo-de-celda-1\">\n<p class=\"Tabla-texto-1 para-style-override-1\">Adm\u00f3n. General<\/p>\n<\/td>\n<td class=\"Estilo-de-celda-1\">\n<p class=\"Tabla-texto-1 para-style-override-1\">T\u00e9cnica<\/p>\n<\/td>\n<td class=\"Estilo-de-celda-1\">\n<p class=\"Tabla-texto-1 para-style-override-1\">\n<\/td>\n<td class=\"Estilo-de-celda-1\">\n<p class=\"Tabla-texto-1 para-style-override-2\">La1<\/p>\n<\/td>\n<\/tr>\n<tr class=\"Row-Column-19\">\n<td class=\"Estilo-de-celda-1\">\n<p class=\"Tabla-texto-1 para-style-override-2\">1<\/p>\n<\/td>\n<td class=\"Estilo-de-celda-1\">\n<p class=\"Tabla-texto-1 para-style-override-1\">Intendente<\/p>\n<\/td>\n<td class=\"Estilo-de-celda-1\">\n<p class=\"Tabla-texto-1 para-style-override-1\">Admon Especial<\/p>\n<\/td>\n<td class=\"Estilo-de-celda-1\">\n<p class=\"Tabla-texto-1 para-style-override-1\">Servicios especiales<\/p>\n<\/td>\n<td class=\"Estilo-de-celda-1\">\n<p class=\"Tabla-texto-1 para-style-override-1\">Polic\u00eda Local<\/p>\n<\/td>\n<td class=\"Estilo-de-celda-1\">\n<p class=\"Tabla-texto-1 para-style-override-2\">La1<\/p>\n<\/td>\n<\/tr>\n<tr class=\"Row-Column-19\">\n<td class=\"Estilo-de-celda-1\">\n<p class=\"Tabla-texto-1 para-style-override-2\">2<\/p>\n<\/td>\n<td class=\"Estilo-de-celda-1\">\n<p class=\"Tabla-texto-1 para-style-override-1\">Oficial<\/p>\n<\/td>\n<td class=\"Estilo-de-celda-1\">\n<p class=\"Tabla-texto-1 para-style-override-1\">Admon Especial<\/p>\n<\/td>\n<td class=\"Estilo-de-celda-1\">\n<p class=\"Tabla-texto-1 para-style-override-1\">Servicios Especiales<\/p>\n<\/td>\n<td class=\"Estilo-de-celda-1\">\n<p class=\"Tabla-texto-1 para-style-override-1\">Polic\u00eda Local<\/p>\n<\/td>\n<td class=\"Estilo-de-celda-1\">\n<p class=\"Tabla-texto-1 para-style-override-2\">C1<\/p>\n<\/td>\n<\/tr>\n<tr class=\"Row-Column-19\">\n<td class=\"Estilo-de-celda-1\">\n<p class=\"Tabla-texto-1 para-style-override-2\">2<\/p>\n<\/td>\n<td class=\"Estilo-de-celda-1\">\n<p class=\"Tabla-texto-1 para-style-override-1\">Sargento de Bomberos<\/p>\n<\/td>\n<td class=\"Estilo-de-celda-1\">\n<p class=\"Tabla-texto-1 para-style-override-1\">Adm\u00f3n. Especial<\/p>\n<\/td>\n<td class=\"Estilo-de-celda-1\">\n<p class=\"Tabla-texto-1 para-style-override-1\">Servicios especiales<\/p>\n<\/td>\n<td class=\"Estilo-de-celda-1\">\n<p class=\"Tabla-texto-1 para-style-override-1\">Bomberos<\/p>\n<\/td>\n<td class=\"Estilo-de-celda-1\">\n<p class=\"Tabla-texto-1 para-style-override-2\">C1<\/p>\n<\/td>\n<\/tr>\n<tr class=\"Row-Column-19\">\n<td class=\"Estilo-de-celda-1\">\n<p class=\"Tabla-texto-1 para-style-override-2\">5<\/p>\n<\/td>\n<td class=\"Estilo-de-celda-1\">\n<p class=\"Tabla-texto-1 para-style-override-1\">M\u00fasico Solista<\/p>\n<\/td>\n<td class=\"Estilo-de-celda-1\">\n<p class=\"Tabla-texto-1 para-style-override-1\">Admon Especial<\/p>\n<\/td>\n<td class=\"Estilo-de-celda-1\">\n<p class=\"Tabla-texto-1 para-style-override-1\">Servicios Especiales<\/p>\n<\/td>\n<td class=\"Estilo-de-celda-1\">\n<p class=\"Tabla-texto-1 para-style-override-1\">Cometidos especiales. Banda M\u00fasica<\/p>\n<\/td>\n<td class=\"Estilo-de-celda-1\">\n<p class=\"Tabla-texto-1 para-style-override-2\">La2<\/p>\n<\/td>\n<\/tr>\n<\/tbody>\n<\/table>\n<p class=\"P-rrafo-texto-negrita\">PERSONAL LABORAL<\/p>\n<table id=\"table-4\" class=\"Estilo-de-tabla-normal\">\n<colgroup>\n<col class=\"Row-Column-20\" \/>\n<col class=\"Row-Column-21\" \/>\n<col class=\"Row-Column-22\" \/>\n<col class=\"Row-Column-23\" \/><\/colgroup>\n<tbody>\n<tr class=\"Row-Column-24\">\n<td class=\"Estilo-de-celda-cabeza\">\n<p class=\"Tabla-cabecera-1 para-style-override-1\">N\u00ba plazas<\/p>\n<\/td>\n<td class=\"Estilo-de-celda-cabeza\">\n<p class=\"Tabla-cabecera-1 para-style-override-1\">Denominaci\u00f3n<\/p>\n<\/td>\n<td class=\"Estilo-de-celda-cabeza\">\n<p class=\"Tabla-cabecera-1 para-style-override-1\">Escala<\/p>\n<\/td>\n<td class=\"Estilo-de-celda-cabeza\">\n<p class=\"Tabla-cabecera-1 para-style-override-1\">Grupo<\/p>\n<\/td>\n<\/tr>\n<tr class=\"Row-Column-24\">\n<td class=\"Estilo-de-celda-1\">\n<p class=\"Tabla-texto-1 para-style-override-2\">4<\/p>\n<\/td>\n<td class=\"Estilo-de-celda-1\">\n<p class=\"Tabla-texto-1 para-style-override-2\">Coordinador Centros Socioculturales<\/p>\n<\/td>\n<td class=\"Estilo-de-celda-1\">\n<p class=\"Tabla-texto-1 para-style-override-2\">Personal Laboral<\/p>\n<\/td>\n<td class=\"Estilo-de-celda-1\">\n<p class=\"Tabla-texto-1 para-style-override-2\">La2<\/p>\n<\/td>\n<\/tr>\n<tr class=\"Row-Column-24\">\n<td class=\"Estilo-de-celda-1\">\n<p class=\"Tabla-texto-1 para-style-override-2\">1<\/p>\n<\/td>\n<td class=\"Estilo-de-celda-1\">\n<p class=\"Tabla-texto-1 para-style-override-2\">M\u00fasico<\/p>\n<\/td>\n<td class=\"Estilo-de-celda-1\">\n<p class=\"Tabla-texto-1 para-style-override-2\">Personal Laboral<\/p>\n<\/td>\n<td class=\"Estilo-de-celda-1\">\n<p class=\"Tabla-texto-1 para-style-override-2\">C1<\/p>\n<\/td>\n<\/tr>\n<\/tbody>\n<\/table>\n<p class=\"P-rrafo-texto-negrita\">Reserva para personas con discapacidad.<\/p>\n<p class=\"P-rrafo-texto-normal\">En el turno libre se reservan dos plazas para personas con discapacidad:<\/p>\n<p class=\"P-rrafo-texto-normal\">. 1 de uxier.<\/p>\n<p class=\"P-rrafo-texto-normal\">. 1 de auxiliar administrativo.<\/p>\n<p class=\"P-rrafo-texto-normal\">En el turno de promoci\u00f3n interna se reserva una plaza de m\u00fasico solista para personas con discapacidad.<\/p>\n<p class=\"P-rrafo-texto-normal para-style-override-4\">\n<p class=\"P-rrafo-texto-normal\">\n","protected":false},"excerpt":{"rendered":"<p>Se publica la Oferta de Empleo P\u00fablico de Santiago de Compostela para el a\u00f1o 2020. La Xunta de Gobierno Local de la Ciudad de Santiago de Compostela, en la sesi\u00f3n com\u00fan que tuvo lugar el d\u00eda 6 de julio de 2020, aprob\u00f3 la Oferta de Empleo del Ayuntamiento de Santiago de Compostela para el a\u00f1o &hellip; <a href=\"https:\/\/www.emplea-te.com\/noticias-oposiciones\/publicada-la-la-xunta-de-gobierno-local-de-oferta-de-empleo-del-ayuntamiento-de-santiago-de-compostela-para-el-ano-2020\/\" class=\"more-link\">Continuar leyendo<span class=\"screen-reader-text\"> \u00abPublicada la La Xunta de Gobierno Local de  Oferta de Empleo del Ayuntamiento de Santiago de Compostela para el a\u00f1o 2020.\u00bb<\/span><\/a><\/p>\n","protected":false},"author":1,"featured_media":0,"comment_status":"closed","ping_status":"closed","sticky":false,"template":"","format":"standard","meta":{"footnotes":""},"categories":[83,56],"tags":[82,84,52],"class_list":["post-3575","post","type-post","status-publish","format-standard","hentry","category-oep-2020-ayuntamientos","category-oposiciones-autonomicas-galicia","tag-acceso-libre","tag-oferta-de-empleo-publico","tag-oposiciones-promocion-interna"],"yoast_head":"<!-- This site is optimized with the Yoast SEO plugin v27.5 - https:\/\/yoast.com\/product\/yoast-seo-wordpress\/ -->\n<title>Publicada la OEP 2020 del Ayuntamiento de Santiago de Compostela.<\/title>\n<meta name=\"description\" content=\"Publicada la OEP 2020 del Ayuntamiento de Santiago de Compostela. Consulta las plazas ofertadas y c\u00f3mo preparte con nosotros\" \/>\n<meta name=\"robots\" content=\"index, follow, max-snippet:-1, max-image-preview:large, max-video-preview:-1\" \/>\n<link rel=\"canonical\" href=\"https:\/\/www.emplea-te.com\/noticias-oposiciones\/publicada-la-la-xunta-de-gobierno-local-de-oferta-de-empleo-del-ayuntamiento-de-santiago-de-compostela-para-el-ano-2020\/\" \/>\n<meta property=\"og:locale\" content=\"es_ES\" \/>\n<meta property=\"og:type\" content=\"article\" \/>\n<meta property=\"og:title\" content=\"Publicada la OEP 2020 del Ayuntamiento de Santiago de Compostela.\" \/>\n<meta property=\"og:description\" content=\"Publicada la OEP 2020 del Ayuntamiento de Santiago de Compostela. Consulta las plazas ofertadas y c\u00f3mo preparte con nosotros\" \/>\n<meta property=\"og:url\" content=\"https:\/\/www.emplea-te.com\/noticias-oposiciones\/publicada-la-la-xunta-de-gobierno-local-de-oferta-de-empleo-del-ayuntamiento-de-santiago-de-compostela-para-el-ano-2020\/\" \/>\n<meta property=\"og:site_name\" content=\"Noticas de oposiciones por Academia Emplea-te\" \/>\n<meta property=\"article:publisher\" content=\"https:\/\/www.facebook.com\/AcademiaEmpleate\/\" \/>\n<meta property=\"article:published_time\" content=\"2020-07-20T07:53:35+00:00\" \/>\n<meta property=\"article:modified_time\" content=\"2020-07-21T07:46:06+00:00\" \/>\n<meta property=\"og:image\" content=\"https:\/\/www.emplea-te.com\/noticias-oposiciones\/wp-content\/uploads\/2020\/07\/Sin-t\u00edtulo-3-300x300.jpg\" \/>\n<meta name=\"author\" content=\"Empleate\" \/>\n<meta name=\"twitter:card\" content=\"summary_large_image\" \/>\n<meta name=\"twitter:creator\" content=\"@Emplea_Te\" \/>\n<meta name=\"twitter:site\" content=\"@Emplea_Te\" \/>\n<meta name=\"twitter:label1\" content=\"Escrito por\" \/>\n\t<meta name=\"twitter:data1\" content=\"Empleate\" \/>\n\t<meta name=\"twitter:label2\" content=\"Tiempo de lectura\" \/>\n\t<meta name=\"twitter:data2\" content=\"2 minutos\" \/>\n<script type=\"application\/ld+json\" class=\"yoast-schema-graph\">{\"@context\":\"https:\\\/\\\/schema.org\",\"@graph\":[{\"@type\":\"Article\",\"@id\":\"https:\\\/\\\/www.emplea-te.com\\\/noticias-oposiciones\\\/publicada-la-la-xunta-de-gobierno-local-de-oferta-de-empleo-del-ayuntamiento-de-santiago-de-compostela-para-el-ano-2020\\\/#article\",\"isPartOf\":{\"@id\":\"https:\\\/\\\/www.emplea-te.com\\\/noticias-oposiciones\\\/publicada-la-la-xunta-de-gobierno-local-de-oferta-de-empleo-del-ayuntamiento-de-santiago-de-compostela-para-el-ano-2020\\\/\"},\"author\":{\"name\":\"Empleate\",\"@id\":\"https:\\\/\\\/www.emplea-te.com\\\/noticias-oposiciones\\\/#\\\/schema\\\/person\\\/d1bc587e1af2b95e9c32aba1795509a6\"},\"headline\":\"Publicada la La Xunta de Gobierno Local de Oferta de Empleo del Ayuntamiento de Santiago de Compostela para el a\u00f1o 2020.\",\"datePublished\":\"2020-07-20T07:53:35+00:00\",\"dateModified\":\"2020-07-21T07:46:06+00:00\",\"mainEntityOfPage\":{\"@id\":\"https:\\\/\\\/www.emplea-te.com\\\/noticias-oposiciones\\\/publicada-la-la-xunta-de-gobierno-local-de-oferta-de-empleo-del-ayuntamiento-de-santiago-de-compostela-para-el-ano-2020\\\/\"},\"wordCount\":398,\"publisher\":{\"@id\":\"https:\\\/\\\/www.emplea-te.com\\\/noticias-oposiciones\\\/#organization\"},\"keywords\":[\"Acceso libre\",\"Oferta de Empleo P\u00fablico\",\"Promoci\u00f3n interna\"],\"articleSection\":[\"OEP 2020 Ayuntamientos\",\"Oposiciones Auton\u00f3micas Galicia\"],\"inLanguage\":\"es\"},{\"@type\":\"WebPage\",\"@id\":\"https:\\\/\\\/www.emplea-te.com\\\/noticias-oposiciones\\\/publicada-la-la-xunta-de-gobierno-local-de-oferta-de-empleo-del-ayuntamiento-de-santiago-de-compostela-para-el-ano-2020\\\/\",\"url\":\"https:\\\/\\\/www.emplea-te.com\\\/noticias-oposiciones\\\/publicada-la-la-xunta-de-gobierno-local-de-oferta-de-empleo-del-ayuntamiento-de-santiago-de-compostela-para-el-ano-2020\\\/\",\"name\":\"Publicada la OEP 2020 del Ayuntamiento de Santiago de Compostela.\",\"isPartOf\":{\"@id\":\"https:\\\/\\\/www.emplea-te.com\\\/noticias-oposiciones\\\/#website\"},\"datePublished\":\"2020-07-20T07:53:35+00:00\",\"dateModified\":\"2020-07-21T07:46:06+00:00\",\"description\":\"Publicada la OEP 2020 del Ayuntamiento de Santiago de Compostela. Consulta las plazas ofertadas y c\u00f3mo preparte con nosotros\",\"breadcrumb\":{\"@id\":\"https:\\\/\\\/www.emplea-te.com\\\/noticias-oposiciones\\\/publicada-la-la-xunta-de-gobierno-local-de-oferta-de-empleo-del-ayuntamiento-de-santiago-de-compostela-para-el-ano-2020\\\/#breadcrumb\"},\"inLanguage\":\"es\",\"potentialAction\":[{\"@type\":\"ReadAction\",\"target\":[\"https:\\\/\\\/www.emplea-te.com\\\/noticias-oposiciones\\\/publicada-la-la-xunta-de-gobierno-local-de-oferta-de-empleo-del-ayuntamiento-de-santiago-de-compostela-para-el-ano-2020\\\/\"]}]},{\"@type\":\"BreadcrumbList\",\"@id\":\"https:\\\/\\\/www.emplea-te.com\\\/noticias-oposiciones\\\/publicada-la-la-xunta-de-gobierno-local-de-oferta-de-empleo-del-ayuntamiento-de-santiago-de-compostela-para-el-ano-2020\\\/#breadcrumb\",\"itemListElement\":[{\"@type\":\"ListItem\",\"position\":1,\"name\":\"Noticias Oposiciones\",\"item\":\"https:\\\/\\\/www.emplea-te.com\\\/noticias-oposiciones\\\/\"},{\"@type\":\"ListItem\",\"position\":2,\"name\":\"Oposiciones Auton\u00f3micas Galicia\",\"item\":\"https:\\\/\\\/www.emplea-te.com\\\/noticias-oposiciones\\\/categoria\\\/oposiciones-autonomicas-galicia\\\/\"},{\"@type\":\"ListItem\",\"position\":3,\"name\":\"OEP 2020 Ayuntamientos\",\"item\":\"https:\\\/\\\/www.emplea-te.com\\\/noticias-oposiciones\\\/categoria\\\/oposiciones-autonomicas-galicia\\\/oep-2020-ayuntamientos\\\/\"},{\"@type\":\"ListItem\",\"position\":4,\"name\":\"Publicada la La Xunta de Gobierno Local de Oferta de Empleo del Ayuntamiento de Santiago de Compostela para el a\u00f1o 2020.\"}]},{\"@type\":\"WebSite\",\"@id\":\"https:\\\/\\\/www.emplea-te.com\\\/noticias-oposiciones\\\/#website\",\"url\":\"https:\\\/\\\/www.emplea-te.com\\\/noticias-oposiciones\\\/\",\"name\":\"Noticas de oposiciones por Academia Emplea-te\",\"description\":\"Toda la actualidad de las ofertas y convocatorias.\",\"publisher\":{\"@id\":\"https:\\\/\\\/www.emplea-te.com\\\/noticias-oposiciones\\\/#organization\"},\"potentialAction\":[{\"@type\":\"SearchAction\",\"target\":{\"@type\":\"EntryPoint\",\"urlTemplate\":\"https:\\\/\\\/www.emplea-te.com\\\/noticias-oposiciones\\\/?s={search_term_string}\"},\"query-input\":{\"@type\":\"PropertyValueSpecification\",\"valueRequired\":true,\"valueName\":\"search_term_string\"}}],\"inLanguage\":\"es\"},{\"@type\":\"Organization\",\"@id\":\"https:\\\/\\\/www.emplea-te.com\\\/noticias-oposiciones\\\/#organization\",\"name\":\"Academia de oposiciones Empl\u00e9ate\",\"url\":\"https:\\\/\\\/www.emplea-te.com\\\/noticias-oposiciones\\\/\",\"logo\":{\"@type\":\"ImageObject\",\"inLanguage\":\"es\",\"@id\":\"https:\\\/\\\/www.emplea-te.com\\\/noticias-oposiciones\\\/#\\\/schema\\\/logo\\\/image\\\/\",\"url\":\"https:\\\/\\\/www.emplea-te.com\\\/noticias-oposiciones\\\/wp-content\\\/uploads\\\/2019\\\/04\\\/empleate.jpg\",\"contentUrl\":\"https:\\\/\\\/www.emplea-te.com\\\/noticias-oposiciones\\\/wp-content\\\/uploads\\\/2019\\\/04\\\/empleate.jpg\",\"width\":250,\"height\":150,\"caption\":\"Academia de oposiciones Empl\u00e9ate\"},\"image\":{\"@id\":\"https:\\\/\\\/www.emplea-te.com\\\/noticias-oposiciones\\\/#\\\/schema\\\/logo\\\/image\\\/\"},\"sameAs\":[\"https:\\\/\\\/www.facebook.com\\\/AcademiaEmpleate\\\/\",\"https:\\\/\\\/x.com\\\/Emplea_Te\",\"https:\\\/\\\/www.instagram.com\\\/academia_empleate\\\/\"]},{\"@type\":\"Person\",\"@id\":\"https:\\\/\\\/www.emplea-te.com\\\/noticias-oposiciones\\\/#\\\/schema\\\/person\\\/d1bc587e1af2b95e9c32aba1795509a6\",\"name\":\"Empleate\"}]}<\/script>\n<!-- \/ Yoast SEO plugin. -->","yoast_head_json":{"title":"Publicada la OEP 2020 del Ayuntamiento de Santiago de Compostela.","description":"Publicada la OEP 2020 del Ayuntamiento de Santiago de Compostela. Consulta las plazas ofertadas y c\u00f3mo preparte con nosotros","robots":{"index":"index","follow":"follow","max-snippet":"max-snippet:-1","max-image-preview":"max-image-preview:large","max-video-preview":"max-video-preview:-1"},"canonical":"https:\/\/www.emplea-te.com\/noticias-oposiciones\/publicada-la-la-xunta-de-gobierno-local-de-oferta-de-empleo-del-ayuntamiento-de-santiago-de-compostela-para-el-ano-2020\/","og_locale":"es_ES","og_type":"article","og_title":"Publicada la OEP 2020 del Ayuntamiento de Santiago de Compostela.","og_description":"Publicada la OEP 2020 del Ayuntamiento de Santiago de Compostela. Consulta las plazas ofertadas y c\u00f3mo preparte con nosotros","og_url":"https:\/\/www.emplea-te.com\/noticias-oposiciones\/publicada-la-la-xunta-de-gobierno-local-de-oferta-de-empleo-del-ayuntamiento-de-santiago-de-compostela-para-el-ano-2020\/","og_site_name":"Noticas de oposiciones por Academia Emplea-te","article_publisher":"https:\/\/www.facebook.com\/AcademiaEmpleate\/","article_published_time":"2020-07-20T07:53:35+00:00","article_modified_time":"2020-07-21T07:46:06+00:00","og_image":[{"url":"https:\/\/www.emplea-te.com\/noticias-oposiciones\/wp-content\/uploads\/2020\/07\/Sin-t\u00edtulo-3-300x300.jpg","type":"","width":"","height":""}],"author":"Empleate","twitter_card":"summary_large_image","twitter_creator":"@Emplea_Te","twitter_site":"@Emplea_Te","twitter_misc":{"Escrito por":"Empleate","Tiempo de lectura":"2 minutos"},"schema":{"@context":"https:\/\/schema.org","@graph":[{"@type":"Article","@id":"https:\/\/www.emplea-te.com\/noticias-oposiciones\/publicada-la-la-xunta-de-gobierno-local-de-oferta-de-empleo-del-ayuntamiento-de-santiago-de-compostela-para-el-ano-2020\/#article","isPartOf":{"@id":"https:\/\/www.emplea-te.com\/noticias-oposiciones\/publicada-la-la-xunta-de-gobierno-local-de-oferta-de-empleo-del-ayuntamiento-de-santiago-de-compostela-para-el-ano-2020\/"},"author":{"name":"Empleate","@id":"https:\/\/www.emplea-te.com\/noticias-oposiciones\/#\/schema\/person\/d1bc587e1af2b95e9c32aba1795509a6"},"headline":"Publicada la La Xunta de Gobierno Local de Oferta de Empleo del Ayuntamiento de Santiago de Compostela para el a\u00f1o 2020.","datePublished":"2020-07-20T07:53:35+00:00","dateModified":"2020-07-21T07:46:06+00:00","mainEntityOfPage":{"@id":"https:\/\/www.emplea-te.com\/noticias-oposiciones\/publicada-la-la-xunta-de-gobierno-local-de-oferta-de-empleo-del-ayuntamiento-de-santiago-de-compostela-para-el-ano-2020\/"},"wordCount":398,"publisher":{"@id":"https:\/\/www.emplea-te.com\/noticias-oposiciones\/#organization"},"keywords":["Acceso libre","Oferta de Empleo P\u00fablico","Promoci\u00f3n interna"],"articleSection":["OEP 2020 Ayuntamientos","Oposiciones Auton\u00f3micas Galicia"],"inLanguage":"es"},{"@type":"WebPage","@id":"https:\/\/www.emplea-te.com\/noticias-oposiciones\/publicada-la-la-xunta-de-gobierno-local-de-oferta-de-empleo-del-ayuntamiento-de-santiago-de-compostela-para-el-ano-2020\/","url":"https:\/\/www.emplea-te.com\/noticias-oposiciones\/publicada-la-la-xunta-de-gobierno-local-de-oferta-de-empleo-del-ayuntamiento-de-santiago-de-compostela-para-el-ano-2020\/","name":"Publicada la OEP 2020 del Ayuntamiento de Santiago de Compostela.","isPartOf":{"@id":"https:\/\/www.emplea-te.com\/noticias-oposiciones\/#website"},"datePublished":"2020-07-20T07:53:35+00:00","dateModified":"2020-07-21T07:46:06+00:00","description":"Publicada la OEP 2020 del Ayuntamiento de Santiago de Compostela. Consulta las plazas ofertadas y c\u00f3mo preparte con nosotros","breadcrumb":{"@id":"https:\/\/www.emplea-te.com\/noticias-oposiciones\/publicada-la-la-xunta-de-gobierno-local-de-oferta-de-empleo-del-ayuntamiento-de-santiago-de-compostela-para-el-ano-2020\/#breadcrumb"},"inLanguage":"es","potentialAction":[{"@type":"ReadAction","target":["https:\/\/www.emplea-te.com\/noticias-oposiciones\/publicada-la-la-xunta-de-gobierno-local-de-oferta-de-empleo-del-ayuntamiento-de-santiago-de-compostela-para-el-ano-2020\/"]}]},{"@type":"BreadcrumbList","@id":"https:\/\/www.emplea-te.com\/noticias-oposiciones\/publicada-la-la-xunta-de-gobierno-local-de-oferta-de-empleo-del-ayuntamiento-de-santiago-de-compostela-para-el-ano-2020\/#breadcrumb","itemListElement":[{"@type":"ListItem","position":1,"name":"Noticias Oposiciones","item":"https:\/\/www.emplea-te.com\/noticias-oposiciones\/"},{"@type":"ListItem","position":2,"name":"Oposiciones Auton\u00f3micas Galicia","item":"https:\/\/www.emplea-te.com\/noticias-oposiciones\/categoria\/oposiciones-autonomicas-galicia\/"},{"@type":"ListItem","position":3,"name":"OEP 2020 Ayuntamientos","item":"https:\/\/www.emplea-te.com\/noticias-oposiciones\/categoria\/oposiciones-autonomicas-galicia\/oep-2020-ayuntamientos\/"},{"@type":"ListItem","position":4,"name":"Publicada la La Xunta de Gobierno Local de Oferta de Empleo del Ayuntamiento de Santiago de Compostela para el a\u00f1o 2020."}]},{"@type":"WebSite","@id":"https:\/\/www.emplea-te.com\/noticias-oposiciones\/#website","url":"https:\/\/www.emplea-te.com\/noticias-oposiciones\/","name":"Noticas de oposiciones por Academia Emplea-te","description":"Toda la actualidad de las ofertas y convocatorias.","publisher":{"@id":"https:\/\/www.emplea-te.com\/noticias-oposiciones\/#organization"},"potentialAction":[{"@type":"SearchAction","target":{"@type":"EntryPoint","urlTemplate":"https:\/\/www.emplea-te.com\/noticias-oposiciones\/?s={search_term_string}"},"query-input":{"@type":"PropertyValueSpecification","valueRequired":true,"valueName":"search_term_string"}}],"inLanguage":"es"},{"@type":"Organization","@id":"https:\/\/www.emplea-te.com\/noticias-oposiciones\/#organization","name":"Academia de oposiciones Empl\u00e9ate","url":"https:\/\/www.emplea-te.com\/noticias-oposiciones\/","logo":{"@type":"ImageObject","inLanguage":"es","@id":"https:\/\/www.emplea-te.com\/noticias-oposiciones\/#\/schema\/logo\/image\/","url":"https:\/\/www.emplea-te.com\/noticias-oposiciones\/wp-content\/uploads\/2019\/04\/empleate.jpg","contentUrl":"https:\/\/www.emplea-te.com\/noticias-oposiciones\/wp-content\/uploads\/2019\/04\/empleate.jpg","width":250,"height":150,"caption":"Academia de oposiciones Empl\u00e9ate"},"image":{"@id":"https:\/\/www.emplea-te.com\/noticias-oposiciones\/#\/schema\/logo\/image\/"},"sameAs":["https:\/\/www.facebook.com\/AcademiaEmpleate\/","https:\/\/x.com\/Emplea_Te","https:\/\/www.instagram.com\/academia_empleate\/"]},{"@type":"Person","@id":"https:\/\/www.emplea-te.com\/noticias-oposiciones\/#\/schema\/person\/d1bc587e1af2b95e9c32aba1795509a6","name":"Empleate"}]}},"_links":{"self":[{"href":"https:\/\/www.emplea-te.com\/noticias-oposiciones\/wp-json\/wp\/v2\/posts\/3575","targetHints":{"allow":["GET"]}}],"collection":[{"href":"https:\/\/www.emplea-te.com\/noticias-oposiciones\/wp-json\/wp\/v2\/posts"}],"about":[{"href":"https:\/\/www.emplea-te.com\/noticias-oposiciones\/wp-json\/wp\/v2\/types\/post"}],"author":[{"embeddable":true,"href":"https:\/\/www.emplea-te.com\/noticias-oposiciones\/wp-json\/wp\/v2\/users\/1"}],"replies":[{"embeddable":true,"href":"https:\/\/www.emplea-te.com\/noticias-oposiciones\/wp-json\/wp\/v2\/comments?post=3575"}],"version-history":[{"count":1,"href":"https:\/\/www.emplea-te.com\/noticias-oposiciones\/wp-json\/wp\/v2\/posts\/3575\/revisions"}],"predecessor-version":[{"id":3577,"href":"https:\/\/www.emplea-te.com\/noticias-oposiciones\/wp-json\/wp\/v2\/posts\/3575\/revisions\/3577"}],"wp:attachment":[{"href":"https:\/\/www.emplea-te.com\/noticias-oposiciones\/wp-json\/wp\/v2\/media?parent=3575"}],"wp:term":[{"taxonomy":"category","embeddable":true,"href":"https:\/\/www.emplea-te.com\/noticias-oposiciones\/wp-json\/wp\/v2\/categories?post=3575"},{"taxonomy":"post_tag","embeddable":true,"href":"https:\/\/www.emplea-te.com\/noticias-oposiciones\/wp-json\/wp\/v2\/tags?post=3575"}],"curies":[{"name":"wp","href":"https:\/\/api.w.org\/{rel}","templated":true}]}}