{"id":3578,"date":"2020-07-20T10:30:08","date_gmt":"2020-07-20T08:30:08","guid":{"rendered":"https:\/\/www.emplea-te.com\/noticias-oposiciones\/?p=3578"},"modified":"2020-07-20T10:30:08","modified_gmt":"2020-07-20T08:30:08","slug":"bases-convocatoria-proceso-selectivo-concello-de-o-porrino-para-cubrir-plazas-de-auxiliar-administrativo-c2","status":"publish","type":"post","link":"https:\/\/www.emplea-te.com\/noticias-oposiciones\/bases-convocatoria-proceso-selectivo-concello-de-o-porrino-para-cubrir-plazas-de-auxiliar-administrativo-c2\/","title":{"rendered":"Bases convocatoria proceso selectivo concello de O Porri\u00f1o para cubrir plazas de Auxiliar Administrativo C2 ."},"content":{"rendered":"<p><img decoding=\"async\" class=\"alignleft wp-image-1495 size-medium\" src=\"https:\/\/www.emplea-te.com\/noticias-oposiciones\/wp-content\/uploads\/2019\/04\/solicita-informacion-de-nuestros-cursos-de-oposiciones-175x300.jpg\" alt=\"\" width=\"175\" height=\"300\" srcset=\"https:\/\/www.emplea-te.com\/noticias-oposiciones\/wp-content\/uploads\/2019\/04\/solicita-informacion-de-nuestros-cursos-de-oposiciones-175x300.jpg 175w, https:\/\/www.emplea-te.com\/noticias-oposiciones\/wp-content\/uploads\/2019\/04\/solicita-informacion-de-nuestros-cursos-de-oposiciones-12x20.jpg 12w, https:\/\/www.emplea-te.com\/noticias-oposiciones\/wp-content\/uploads\/2019\/04\/solicita-informacion-de-nuestros-cursos-de-oposiciones.jpg 300w\" sizes=\"(max-width: 175px) 85vw, 175px\" \/><\/p>\n<p>Publicado en el BOPPO de hoy, d\u00eda 20 de julio de 2020, las bases reguladoras del proceso selectivo para cubrir \u00a03 plazas de Auxiliar Administrativo C2 (r\u00e9gimen de interinidad) en el Concello de O Porri\u00f1o.<\/p>\n<p>Plazo de presentaci\u00f3n de solicitudes: 20 d\u00edas h\u00e1biles contados a partir de d\u00eda siguiente al de esta publicaci\u00f3n en el DOG<\/p>\n<p><a href=\"https:\/\/boppo.depo.gal\/web\/boppo\/detalle\/-\/boppo\/2020\/07\/20\/2020030433\" target=\"_blank\" rel=\"noopener noreferrer\">Enlace a Publicaci\u00f3n\u00a0<\/a><\/p>\n<p><a href=\"http:\/\/www.emplea-te.com\" target=\"_blank\" rel=\"noopener noreferrer\">Prep\u00e1rate en nuestros grupos presenciales o grupos online.<\/a><br \/>\nEl n\u00famero de alumnos es reducido en las dos modalidades .<\/p>\n<p>&nbsp;<\/p>\n","protected":false},"excerpt":{"rendered":"<p>Publicado en el BOPPO de hoy, d\u00eda 20 de julio de 2020, las bases reguladoras del proceso selectivo para cubrir \u00a03 plazas de Auxiliar Administrativo C2 (r\u00e9gimen de interinidad) en el Concello de O Porri\u00f1o. Plazo de presentaci\u00f3n de solicitudes: 20 d\u00edas h\u00e1biles contados a partir de d\u00eda siguiente al de esta publicaci\u00f3n en el &hellip; <a href=\"https:\/\/www.emplea-te.com\/noticias-oposiciones\/bases-convocatoria-proceso-selectivo-concello-de-o-porrino-para-cubrir-plazas-de-auxiliar-administrativo-c2\/\" class=\"more-link\">Continuar leyendo<span class=\"screen-reader-text\"> \u00abBases convocatoria proceso selectivo concello de O Porri\u00f1o para cubrir plazas de Auxiliar Administrativo C2 .\u00bb<\/span><\/a><\/p>\n","protected":false},"author":1,"featured_media":0,"comment_status":"closed","ping_status":"closed","sticky":false,"template":"","format":"standard","meta":{"footnotes":""},"categories":[37],"tags":[49,52],"class_list":["post-3578","post","type-post","status-publish","format-standard","hentry","category-convocatorias-ayuntamientos","tag-convocatorias-de-oposiciones","tag-oposiciones-promocion-interna"],"yoast_head":"<!-- This site is optimized with the Yoast SEO plugin v27.5 - https:\/\/yoast.com\/product\/yoast-seo-wordpress\/ -->\n<title>Convocado proceso selectivo Auxiliar Adminsitrativo Concello de O Porri\u00f1o<\/title>\n<meta name=\"description\" content=\"Convocado proceso selectivo Auxiliar Adminsitrativo Concello de O Porri\u00f1o (r\u00e9gimen de interinidad). \u00a1Prep\u00e1rate con nosotros! Ll\u00e1manos\" \/>\n<meta name=\"robots\" content=\"index, follow, max-snippet:-1, max-image-preview:large, max-video-preview:-1\" \/>\n<link rel=\"canonical\" href=\"https:\/\/www.emplea-te.com\/noticias-oposiciones\/bases-convocatoria-proceso-selectivo-concello-de-o-porrino-para-cubrir-plazas-de-auxiliar-administrativo-c2\/\" \/>\n<meta property=\"og:locale\" content=\"es_ES\" \/>\n<meta property=\"og:type\" content=\"article\" \/>\n<meta property=\"og:title\" content=\"Convocado proceso selectivo Auxiliar Adminsitrativo Concello de O Porri\u00f1o\" \/>\n<meta property=\"og:description\" content=\"Convocado proceso selectivo Auxiliar Adminsitrativo Concello de O Porri\u00f1o (r\u00e9gimen de interinidad). \u00a1Prep\u00e1rate con nosotros! Ll\u00e1manos\" \/>\n<meta property=\"og:url\" content=\"https:\/\/www.emplea-te.com\/noticias-oposiciones\/bases-convocatoria-proceso-selectivo-concello-de-o-porrino-para-cubrir-plazas-de-auxiliar-administrativo-c2\/\" \/>\n<meta property=\"og:site_name\" content=\"Noticas de oposiciones por Academia Emplea-te\" \/>\n<meta property=\"article:publisher\" content=\"https:\/\/www.facebook.com\/AcademiaEmpleate\/\" \/>\n<meta property=\"article:published_time\" content=\"2020-07-20T08:30:08+00:00\" \/>\n<meta property=\"og:image\" content=\"https:\/\/www.emplea-te.com\/noticias-oposiciones\/wp-content\/uploads\/2019\/04\/solicita-informacion-de-nuestros-cursos-de-oposiciones-175x300.jpg\" \/>\n<meta name=\"author\" content=\"Empleate\" \/>\n<meta name=\"twitter:card\" content=\"summary_large_image\" \/>\n<meta name=\"twitter:creator\" content=\"@Emplea_Te\" \/>\n<meta name=\"twitter:site\" content=\"@Emplea_Te\" \/>\n<meta name=\"twitter:label1\" content=\"Escrito por\" \/>\n\t<meta name=\"twitter:data1\" content=\"Empleate\" \/>\n<script type=\"application\/ld+json\" class=\"yoast-schema-graph\">{\"@context\":\"https:\\\/\\\/schema.org\",\"@graph\":[{\"@type\":\"Article\",\"@id\":\"https:\\\/\\\/www.emplea-te.com\\\/noticias-oposiciones\\\/bases-convocatoria-proceso-selectivo-concello-de-o-porrino-para-cubrir-plazas-de-auxiliar-administrativo-c2\\\/#article\",\"isPartOf\":{\"@id\":\"https:\\\/\\\/www.emplea-te.com\\\/noticias-oposiciones\\\/bases-convocatoria-proceso-selectivo-concello-de-o-porrino-para-cubrir-plazas-de-auxiliar-administrativo-c2\\\/\"},\"author\":{\"name\":\"Empleate\",\"@id\":\"https:\\\/\\\/www.emplea-te.com\\\/noticias-oposiciones\\\/#\\\/schema\\\/person\\\/d1bc587e1af2b95e9c32aba1795509a6\"},\"headline\":\"Bases convocatoria proceso selectivo concello de O Porri\u00f1o para cubrir plazas de Auxiliar Administrativo C2 .\",\"datePublished\":\"2020-07-20T08:30:08+00:00\",\"mainEntityOfPage\":{\"@id\":\"https:\\\/\\\/www.emplea-te.com\\\/noticias-oposiciones\\\/bases-convocatoria-proceso-selectivo-concello-de-o-porrino-para-cubrir-plazas-de-auxiliar-administrativo-c2\\\/\"},\"wordCount\":101,\"publisher\":{\"@id\":\"https:\\\/\\\/www.emplea-te.com\\\/noticias-oposiciones\\\/#organization\"},\"image\":{\"@id\":\"https:\\\/\\\/www.emplea-te.com\\\/noticias-oposiciones\\\/bases-convocatoria-proceso-selectivo-concello-de-o-porrino-para-cubrir-plazas-de-auxiliar-administrativo-c2\\\/#primaryimage\"},\"thumbnailUrl\":\"https:\\\/\\\/www.emplea-te.com\\\/noticias-oposiciones\\\/wp-content\\\/uploads\\\/2019\\\/04\\\/solicita-informacion-de-nuestros-cursos-de-oposiciones-175x300.jpg\",\"keywords\":[\"Convocatoria\",\"Promoci\u00f3n interna\"],\"articleSection\":[\"Convocatorias Ayuntamientos\"],\"inLanguage\":\"es\"},{\"@type\":\"WebPage\",\"@id\":\"https:\\\/\\\/www.emplea-te.com\\\/noticias-oposiciones\\\/bases-convocatoria-proceso-selectivo-concello-de-o-porrino-para-cubrir-plazas-de-auxiliar-administrativo-c2\\\/\",\"url\":\"https:\\\/\\\/www.emplea-te.com\\\/noticias-oposiciones\\\/bases-convocatoria-proceso-selectivo-concello-de-o-porrino-para-cubrir-plazas-de-auxiliar-administrativo-c2\\\/\",\"name\":\"Convocado proceso selectivo Auxiliar Adminsitrativo Concello de O Porri\u00f1o\",\"isPartOf\":{\"@id\":\"https:\\\/\\\/www.emplea-te.com\\\/noticias-oposiciones\\\/#website\"},\"primaryImageOfPage\":{\"@id\":\"https:\\\/\\\/www.emplea-te.com\\\/noticias-oposiciones\\\/bases-convocatoria-proceso-selectivo-concello-de-o-porrino-para-cubrir-plazas-de-auxiliar-administrativo-c2\\\/#primaryimage\"},\"image\":{\"@id\":\"https:\\\/\\\/www.emplea-te.com\\\/noticias-oposiciones\\\/bases-convocatoria-proceso-selectivo-concello-de-o-porrino-para-cubrir-plazas-de-auxiliar-administrativo-c2\\\/#primaryimage\"},\"thumbnailUrl\":\"https:\\\/\\\/www.emplea-te.com\\\/noticias-oposiciones\\\/wp-content\\\/uploads\\\/2019\\\/04\\\/solicita-informacion-de-nuestros-cursos-de-oposiciones-175x300.jpg\",\"datePublished\":\"2020-07-20T08:30:08+00:00\",\"description\":\"Convocado proceso selectivo Auxiliar Adminsitrativo Concello de O Porri\u00f1o (r\u00e9gimen de interinidad). \u00a1Prep\u00e1rate con nosotros! Ll\u00e1manos\",\"breadcrumb\":{\"@id\":\"https:\\\/\\\/www.emplea-te.com\\\/noticias-oposiciones\\\/bases-convocatoria-proceso-selectivo-concello-de-o-porrino-para-cubrir-plazas-de-auxiliar-administrativo-c2\\\/#breadcrumb\"},\"inLanguage\":\"es\",\"potentialAction\":[{\"@type\":\"ReadAction\",\"target\":[\"https:\\\/\\\/www.emplea-te.com\\\/noticias-oposiciones\\\/bases-convocatoria-proceso-selectivo-concello-de-o-porrino-para-cubrir-plazas-de-auxiliar-administrativo-c2\\\/\"]}]},{\"@type\":\"ImageObject\",\"inLanguage\":\"es\",\"@id\":\"https:\\\/\\\/www.emplea-te.com\\\/noticias-oposiciones\\\/bases-convocatoria-proceso-selectivo-concello-de-o-porrino-para-cubrir-plazas-de-auxiliar-administrativo-c2\\\/#primaryimage\",\"url\":\"https:\\\/\\\/www.emplea-te.com\\\/noticias-oposiciones\\\/wp-content\\\/uploads\\\/2019\\\/04\\\/solicita-informacion-de-nuestros-cursos-de-oposiciones.jpg\",\"contentUrl\":\"https:\\\/\\\/www.emplea-te.com\\\/noticias-oposiciones\\\/wp-content\\\/uploads\\\/2019\\\/04\\\/solicita-informacion-de-nuestros-cursos-de-oposiciones.jpg\",\"width\":300,\"height\":515},{\"@type\":\"BreadcrumbList\",\"@id\":\"https:\\\/\\\/www.emplea-te.com\\\/noticias-oposiciones\\\/bases-convocatoria-proceso-selectivo-concello-de-o-porrino-para-cubrir-plazas-de-auxiliar-administrativo-c2\\\/#breadcrumb\",\"itemListElement\":[{\"@type\":\"ListItem\",\"position\":1,\"name\":\"Noticias Oposiciones\",\"item\":\"https:\\\/\\\/www.emplea-te.com\\\/noticias-oposiciones\\\/\"},{\"@type\":\"ListItem\",\"position\":2,\"name\":\"Oposiciones Auton\u00f3micas Galicia\",\"item\":\"https:\\\/\\\/www.emplea-te.com\\\/noticias-oposiciones\\\/categoria\\\/oposiciones-autonomicas-galicia\\\/\"},{\"@type\":\"ListItem\",\"position\":3,\"name\":\"Convocatorias Ayuntamientos\",\"item\":\"https:\\\/\\\/www.emplea-te.com\\\/noticias-oposiciones\\\/categoria\\\/oposiciones-autonomicas-galicia\\\/convocatorias-ayuntamientos\\\/\"},{\"@type\":\"ListItem\",\"position\":4,\"name\":\"Bases convocatoria proceso selectivo concello de O Porri\u00f1o para cubrir plazas de Auxiliar Administrativo C2 .\"}]},{\"@type\":\"WebSite\",\"@id\":\"https:\\\/\\\/www.emplea-te.com\\\/noticias-oposiciones\\\/#website\",\"url\":\"https:\\\/\\\/www.emplea-te.com\\\/noticias-oposiciones\\\/\",\"name\":\"Noticas de oposiciones por Academia Emplea-te\",\"description\":\"Toda la actualidad de las ofertas y convocatorias.\",\"publisher\":{\"@id\":\"https:\\\/\\\/www.emplea-te.com\\\/noticias-oposiciones\\\/#organization\"},\"potentialAction\":[{\"@type\":\"SearchAction\",\"target\":{\"@type\":\"EntryPoint\",\"urlTemplate\":\"https:\\\/\\\/www.emplea-te.com\\\/noticias-oposiciones\\\/?s={search_term_string}\"},\"query-input\":{\"@type\":\"PropertyValueSpecification\",\"valueRequired\":true,\"valueName\":\"search_term_string\"}}],\"inLanguage\":\"es\"},{\"@type\":\"Organization\",\"@id\":\"https:\\\/\\\/www.emplea-te.com\\\/noticias-oposiciones\\\/#organization\",\"name\":\"Academia de oposiciones Empl\u00e9ate\",\"url\":\"https:\\\/\\\/www.emplea-te.com\\\/noticias-oposiciones\\\/\",\"logo\":{\"@type\":\"ImageObject\",\"inLanguage\":\"es\",\"@id\":\"https:\\\/\\\/www.emplea-te.com\\\/noticias-oposiciones\\\/#\\\/schema\\\/logo\\\/image\\\/\",\"url\":\"https:\\\/\\\/www.emplea-te.com\\\/noticias-oposiciones\\\/wp-content\\\/uploads\\\/2019\\\/04\\\/empleate.jpg\",\"contentUrl\":\"https:\\\/\\\/www.emplea-te.com\\\/noticias-oposiciones\\\/wp-content\\\/uploads\\\/2019\\\/04\\\/empleate.jpg\",\"width\":250,\"height\":150,\"caption\":\"Academia de oposiciones Empl\u00e9ate\"},\"image\":{\"@id\":\"https:\\\/\\\/www.emplea-te.com\\\/noticias-oposiciones\\\/#\\\/schema\\\/logo\\\/image\\\/\"},\"sameAs\":[\"https:\\\/\\\/www.facebook.com\\\/AcademiaEmpleate\\\/\",\"https:\\\/\\\/x.com\\\/Emplea_Te\",\"https:\\\/\\\/www.instagram.com\\\/academia_empleate\\\/\"]},{\"@type\":\"Person\",\"@id\":\"https:\\\/\\\/www.emplea-te.com\\\/noticias-oposiciones\\\/#\\\/schema\\\/person\\\/d1bc587e1af2b95e9c32aba1795509a6\",\"name\":\"Empleate\"}]}<\/script>\n<!-- \/ Yoast SEO plugin. -->","yoast_head_json":{"title":"Convocado proceso selectivo Auxiliar Adminsitrativo Concello de O Porri\u00f1o","description":"Convocado proceso selectivo Auxiliar Adminsitrativo Concello de O Porri\u00f1o (r\u00e9gimen de interinidad). \u00a1Prep\u00e1rate con nosotros! Ll\u00e1manos","robots":{"index":"index","follow":"follow","max-snippet":"max-snippet:-1","max-image-preview":"max-image-preview:large","max-video-preview":"max-video-preview:-1"},"canonical":"https:\/\/www.emplea-te.com\/noticias-oposiciones\/bases-convocatoria-proceso-selectivo-concello-de-o-porrino-para-cubrir-plazas-de-auxiliar-administrativo-c2\/","og_locale":"es_ES","og_type":"article","og_title":"Convocado proceso selectivo Auxiliar Adminsitrativo Concello de O Porri\u00f1o","og_description":"Convocado proceso selectivo Auxiliar Adminsitrativo Concello de O Porri\u00f1o (r\u00e9gimen de interinidad). \u00a1Prep\u00e1rate con nosotros! Ll\u00e1manos","og_url":"https:\/\/www.emplea-te.com\/noticias-oposiciones\/bases-convocatoria-proceso-selectivo-concello-de-o-porrino-para-cubrir-plazas-de-auxiliar-administrativo-c2\/","og_site_name":"Noticas de oposiciones por Academia Emplea-te","article_publisher":"https:\/\/www.facebook.com\/AcademiaEmpleate\/","article_published_time":"2020-07-20T08:30:08+00:00","og_image":[{"url":"https:\/\/www.emplea-te.com\/noticias-oposiciones\/wp-content\/uploads\/2019\/04\/solicita-informacion-de-nuestros-cursos-de-oposiciones-175x300.jpg","type":"","width":"","height":""}],"author":"Empleate","twitter_card":"summary_large_image","twitter_creator":"@Emplea_Te","twitter_site":"@Emplea_Te","twitter_misc":{"Escrito por":"Empleate"},"schema":{"@context":"https:\/\/schema.org","@graph":[{"@type":"Article","@id":"https:\/\/www.emplea-te.com\/noticias-oposiciones\/bases-convocatoria-proceso-selectivo-concello-de-o-porrino-para-cubrir-plazas-de-auxiliar-administrativo-c2\/#article","isPartOf":{"@id":"https:\/\/www.emplea-te.com\/noticias-oposiciones\/bases-convocatoria-proceso-selectivo-concello-de-o-porrino-para-cubrir-plazas-de-auxiliar-administrativo-c2\/"},"author":{"name":"Empleate","@id":"https:\/\/www.emplea-te.com\/noticias-oposiciones\/#\/schema\/person\/d1bc587e1af2b95e9c32aba1795509a6"},"headline":"Bases convocatoria proceso selectivo concello de O Porri\u00f1o para cubrir plazas de Auxiliar Administrativo C2 .","datePublished":"2020-07-20T08:30:08+00:00","mainEntityOfPage":{"@id":"https:\/\/www.emplea-te.com\/noticias-oposiciones\/bases-convocatoria-proceso-selectivo-concello-de-o-porrino-para-cubrir-plazas-de-auxiliar-administrativo-c2\/"},"wordCount":101,"publisher":{"@id":"https:\/\/www.emplea-te.com\/noticias-oposiciones\/#organization"},"image":{"@id":"https:\/\/www.emplea-te.com\/noticias-oposiciones\/bases-convocatoria-proceso-selectivo-concello-de-o-porrino-para-cubrir-plazas-de-auxiliar-administrativo-c2\/#primaryimage"},"thumbnailUrl":"https:\/\/www.emplea-te.com\/noticias-oposiciones\/wp-content\/uploads\/2019\/04\/solicita-informacion-de-nuestros-cursos-de-oposiciones-175x300.jpg","keywords":["Convocatoria","Promoci\u00f3n interna"],"articleSection":["Convocatorias Ayuntamientos"],"inLanguage":"es"},{"@type":"WebPage","@id":"https:\/\/www.emplea-te.com\/noticias-oposiciones\/bases-convocatoria-proceso-selectivo-concello-de-o-porrino-para-cubrir-plazas-de-auxiliar-administrativo-c2\/","url":"https:\/\/www.emplea-te.com\/noticias-oposiciones\/bases-convocatoria-proceso-selectivo-concello-de-o-porrino-para-cubrir-plazas-de-auxiliar-administrativo-c2\/","name":"Convocado proceso selectivo Auxiliar Adminsitrativo Concello de O Porri\u00f1o","isPartOf":{"@id":"https:\/\/www.emplea-te.com\/noticias-oposiciones\/#website"},"primaryImageOfPage":{"@id":"https:\/\/www.emplea-te.com\/noticias-oposiciones\/bases-convocatoria-proceso-selectivo-concello-de-o-porrino-para-cubrir-plazas-de-auxiliar-administrativo-c2\/#primaryimage"},"image":{"@id":"https:\/\/www.emplea-te.com\/noticias-oposiciones\/bases-convocatoria-proceso-selectivo-concello-de-o-porrino-para-cubrir-plazas-de-auxiliar-administrativo-c2\/#primaryimage"},"thumbnailUrl":"https:\/\/www.emplea-te.com\/noticias-oposiciones\/wp-content\/uploads\/2019\/04\/solicita-informacion-de-nuestros-cursos-de-oposiciones-175x300.jpg","datePublished":"2020-07-20T08:30:08+00:00","description":"Convocado proceso selectivo Auxiliar Adminsitrativo Concello de O Porri\u00f1o (r\u00e9gimen de interinidad). \u00a1Prep\u00e1rate con nosotros! Ll\u00e1manos","breadcrumb":{"@id":"https:\/\/www.emplea-te.com\/noticias-oposiciones\/bases-convocatoria-proceso-selectivo-concello-de-o-porrino-para-cubrir-plazas-de-auxiliar-administrativo-c2\/#breadcrumb"},"inLanguage":"es","potentialAction":[{"@type":"ReadAction","target":["https:\/\/www.emplea-te.com\/noticias-oposiciones\/bases-convocatoria-proceso-selectivo-concello-de-o-porrino-para-cubrir-plazas-de-auxiliar-administrativo-c2\/"]}]},{"@type":"ImageObject","inLanguage":"es","@id":"https:\/\/www.emplea-te.com\/noticias-oposiciones\/bases-convocatoria-proceso-selectivo-concello-de-o-porrino-para-cubrir-plazas-de-auxiliar-administrativo-c2\/#primaryimage","url":"https:\/\/www.emplea-te.com\/noticias-oposiciones\/wp-content\/uploads\/2019\/04\/solicita-informacion-de-nuestros-cursos-de-oposiciones.jpg","contentUrl":"https:\/\/www.emplea-te.com\/noticias-oposiciones\/wp-content\/uploads\/2019\/04\/solicita-informacion-de-nuestros-cursos-de-oposiciones.jpg","width":300,"height":515},{"@type":"BreadcrumbList","@id":"https:\/\/www.emplea-te.com\/noticias-oposiciones\/bases-convocatoria-proceso-selectivo-concello-de-o-porrino-para-cubrir-plazas-de-auxiliar-administrativo-c2\/#breadcrumb","itemListElement":[{"@type":"ListItem","position":1,"name":"Noticias Oposiciones","item":"https:\/\/www.emplea-te.com\/noticias-oposiciones\/"},{"@type":"ListItem","position":2,"name":"Oposiciones Auton\u00f3micas Galicia","item":"https:\/\/www.emplea-te.com\/noticias-oposiciones\/categoria\/oposiciones-autonomicas-galicia\/"},{"@type":"ListItem","position":3,"name":"Convocatorias Ayuntamientos","item":"https:\/\/www.emplea-te.com\/noticias-oposiciones\/categoria\/oposiciones-autonomicas-galicia\/convocatorias-ayuntamientos\/"},{"@type":"ListItem","position":4,"name":"Bases convocatoria proceso selectivo concello de O Porri\u00f1o para cubrir plazas de Auxiliar Administrativo C2 ."}]},{"@type":"WebSite","@id":"https:\/\/www.emplea-te.com\/noticias-oposiciones\/#website","url":"https:\/\/www.emplea-te.com\/noticias-oposiciones\/","name":"Noticas de oposiciones por Academia Emplea-te","description":"Toda la actualidad de las ofertas y convocatorias.","publisher":{"@id":"https:\/\/www.emplea-te.com\/noticias-oposiciones\/#organization"},"potentialAction":[{"@type":"SearchAction","target":{"@type":"EntryPoint","urlTemplate":"https:\/\/www.emplea-te.com\/noticias-oposiciones\/?s={search_term_string}"},"query-input":{"@type":"PropertyValueSpecification","valueRequired":true,"valueName":"search_term_string"}}],"inLanguage":"es"},{"@type":"Organization","@id":"https:\/\/www.emplea-te.com\/noticias-oposiciones\/#organization","name":"Academia de oposiciones Empl\u00e9ate","url":"https:\/\/www.emplea-te.com\/noticias-oposiciones\/","logo":{"@type":"ImageObject","inLanguage":"es","@id":"https:\/\/www.emplea-te.com\/noticias-oposiciones\/#\/schema\/logo\/image\/","url":"https:\/\/www.emplea-te.com\/noticias-oposiciones\/wp-content\/uploads\/2019\/04\/empleate.jpg","contentUrl":"https:\/\/www.emplea-te.com\/noticias-oposiciones\/wp-content\/uploads\/2019\/04\/empleate.jpg","width":250,"height":150,"caption":"Academia de oposiciones Empl\u00e9ate"},"image":{"@id":"https:\/\/www.emplea-te.com\/noticias-oposiciones\/#\/schema\/logo\/image\/"},"sameAs":["https:\/\/www.facebook.com\/AcademiaEmpleate\/","https:\/\/x.com\/Emplea_Te","https:\/\/www.instagram.com\/academia_empleate\/"]},{"@type":"Person","@id":"https:\/\/www.emplea-te.com\/noticias-oposiciones\/#\/schema\/person\/d1bc587e1af2b95e9c32aba1795509a6","name":"Empleate"}]}},"_links":{"self":[{"href":"https:\/\/www.emplea-te.com\/noticias-oposiciones\/wp-json\/wp\/v2\/posts\/3578","targetHints":{"allow":["GET"]}}],"collection":[{"href":"https:\/\/www.emplea-te.com\/noticias-oposiciones\/wp-json\/wp\/v2\/posts"}],"about":[{"href":"https:\/\/www.emplea-te.com\/noticias-oposiciones\/wp-json\/wp\/v2\/types\/post"}],"author":[{"embeddable":true,"href":"https:\/\/www.emplea-te.com\/noticias-oposiciones\/wp-json\/wp\/v2\/users\/1"}],"replies":[{"embeddable":true,"href":"https:\/\/www.emplea-te.com\/noticias-oposiciones\/wp-json\/wp\/v2\/comments?post=3578"}],"version-history":[{"count":1,"href":"https:\/\/www.emplea-te.com\/noticias-oposiciones\/wp-json\/wp\/v2\/posts\/3578\/revisions"}],"predecessor-version":[{"id":3579,"href":"https:\/\/www.emplea-te.com\/noticias-oposiciones\/wp-json\/wp\/v2\/posts\/3578\/revisions\/3579"}],"wp:attachment":[{"href":"https:\/\/www.emplea-te.com\/noticias-oposiciones\/wp-json\/wp\/v2\/media?parent=3578"}],"wp:term":[{"taxonomy":"category","embeddable":true,"href":"https:\/\/www.emplea-te.com\/noticias-oposiciones\/wp-json\/wp\/v2\/categories?post=3578"},{"taxonomy":"post_tag","embeddable":true,"href":"https:\/\/www.emplea-te.com\/noticias-oposiciones\/wp-json\/wp\/v2\/tags?post=3578"}],"curies":[{"name":"wp","href":"https:\/\/api.w.org\/{rel}","templated":true}]}}