{"id":3701,"date":"2020-09-15T10:34:38","date_gmt":"2020-09-15T08:34:38","guid":{"rendered":"https:\/\/www.emplea-te.com\/noticias-oposiciones\/?p=3701"},"modified":"2020-09-15T10:34:38","modified_gmt":"2020-09-15T08:34:38","slug":"convocatoria-del-ayuntamiento-de-cambados-para-cubrir-plaza-de-oficial-de-administracion-c2","status":"publish","type":"post","link":"https:\/\/www.emplea-te.com\/noticias-oposiciones\/convocatoria-del-ayuntamiento-de-cambados-para-cubrir-plaza-de-oficial-de-administracion-c2\/","title":{"rendered":"Convocatoria del Ayuntamiento de Cambados para cubrir plaza de Oficial de Administraci\u00f3n C2"},"content":{"rendered":"<p><img decoding=\"async\" class=\"alignleft wp-image-3037 size-full\" src=\"https:\/\/www.emplea-te.com\/noticias-oposiciones\/wp-content\/uploads\/2020\/03\/solicita-informacion-de-nuestros-cursos-de-oposiciones.jpg\" alt=\"\" width=\"300\" height=\"200\" srcset=\"https:\/\/www.emplea-te.com\/noticias-oposiciones\/wp-content\/uploads\/2020\/03\/solicita-informacion-de-nuestros-cursos-de-oposiciones.jpg 300w, https:\/\/www.emplea-te.com\/noticias-oposiciones\/wp-content\/uploads\/2020\/03\/solicita-informacion-de-nuestros-cursos-de-oposiciones-20x13.jpg 20w\" sizes=\"(max-width: 300px) 85vw, 300px\" \/><\/p>\n<p><strong>Se publica en el BOE de hoy, d\u00eda 15 de Septiembre de 2020, la Resoluci\u00f3n\u00a0 de Ayuntamiento de Cambados (Pontevedra) con la convocatoria para cubrir una plaza de de Oficial de Administraci\u00f3n, perteneciente a la escala de Administraci\u00f3n General, subescala Auxiliar, mediante el sistema de oposici\u00f3n, en turno libre.<\/strong><\/p>\n<p><a href=\"https:\/\/www.boe.es\/boe\/dias\/2020\/09\/15\/pdfs\/BOE-A-2020-10709.pdf\" target=\"_blank\" rel=\"noopener noreferrer\">Enlace a Resoluci\u00f3n\u00a0<\/a><\/p>\n<p>El plazo para presentar instancias es de 20 d\u00edas h\u00e1biles contados a partir del d\u00eda siguiente al de esta publicaci\u00f3n en el BOE. Es decir desde el d\u00eda 16 de Septiembre hasta el d\u00eda 13 de Octubre.<\/p>\n<p>Solic\u00edtanos informaci\u00f3n para prepararte en nuestros grupos presenciales o grupos online<\/p>\n<p><a href=\"https:\/\/www.emplea-te.com\/55\/oposiciones-de-comunidad-autonoma-de-galicia\" target=\"_blank\" rel=\"noopener noreferrer\">Entra en este enlace e inf\u00f3rmate de nuestros grupos. Adem\u00e1s desde aqu\u00ed puedes enviar un formulario para que te enviemos la informaci\u00f3n que necesitas\u00a0<\/a><\/p>\n<p>&nbsp;<\/p>\n<p>&nbsp;<\/p>\n","protected":false},"excerpt":{"rendered":"<p>Se publica en el BOE de hoy, d\u00eda 15 de Septiembre de 2020, la Resoluci\u00f3n\u00a0 de Ayuntamiento de Cambados (Pontevedra) con la convocatoria para cubrir una plaza de de Oficial de Administraci\u00f3n, perteneciente a la escala de Administraci\u00f3n General, subescala Auxiliar, mediante el sistema de oposici\u00f3n, en turno libre. Enlace a Resoluci\u00f3n\u00a0 El plazo para &hellip; <a href=\"https:\/\/www.emplea-te.com\/noticias-oposiciones\/convocatoria-del-ayuntamiento-de-cambados-para-cubrir-plaza-de-oficial-de-administracion-c2\/\" class=\"more-link\">Continuar leyendo<span class=\"screen-reader-text\"> \u00abConvocatoria del Ayuntamiento de Cambados para cubrir plaza de Oficial de Administraci\u00f3n C2\u00bb<\/span><\/a><\/p>\n","protected":false},"author":1,"featured_media":0,"comment_status":"closed","ping_status":"closed","sticky":false,"template":"","format":"standard","meta":{"footnotes":""},"categories":[37,56],"tags":[82,49],"class_list":["post-3701","post","type-post","status-publish","format-standard","hentry","category-convocatorias-ayuntamientos","category-oposiciones-autonomicas-galicia","tag-acceso-libre","tag-convocatorias-de-oposiciones"],"yoast_head":"<!-- This site is optimized with the Yoast SEO plugin v27.5 - https:\/\/yoast.com\/product\/yoast-seo-wordpress\/ -->\n<title>Convocatoria Ayto. Cambados para cubrir plaza de Oficial de Admon C2<\/title>\n<meta name=\"description\" content=\"Convocatoria Ayto. Cambados para cubrir plaza de Oficial de Admon subgrupo C2 (escala auxiliar). \u00a1\u00a1Inf\u00f3rmate y prep\u00e1rate con nosotros!!\" \/>\n<meta name=\"robots\" content=\"index, follow, max-snippet:-1, max-image-preview:large, max-video-preview:-1\" \/>\n<link rel=\"canonical\" href=\"https:\/\/www.emplea-te.com\/noticias-oposiciones\/convocatoria-del-ayuntamiento-de-cambados-para-cubrir-plaza-de-oficial-de-administracion-c2\/\" \/>\n<meta property=\"og:locale\" content=\"es_ES\" \/>\n<meta property=\"og:type\" content=\"article\" \/>\n<meta property=\"og:title\" content=\"Convocatoria Ayto. Cambados para cubrir plaza de Oficial de Admon C2\" \/>\n<meta property=\"og:description\" content=\"Convocatoria Ayto. Cambados para cubrir plaza de Oficial de Admon subgrupo C2 (escala auxiliar). \u00a1\u00a1Inf\u00f3rmate y prep\u00e1rate con nosotros!!\" \/>\n<meta property=\"og:url\" content=\"https:\/\/www.emplea-te.com\/noticias-oposiciones\/convocatoria-del-ayuntamiento-de-cambados-para-cubrir-plaza-de-oficial-de-administracion-c2\/\" \/>\n<meta property=\"og:site_name\" content=\"Noticas de oposiciones por Academia Emplea-te\" \/>\n<meta property=\"article:publisher\" content=\"https:\/\/www.facebook.com\/AcademiaEmpleate\/\" \/>\n<meta property=\"article:published_time\" content=\"2020-09-15T08:34:38+00:00\" \/>\n<meta property=\"og:image\" content=\"https:\/\/www.emplea-te.com\/noticias-oposiciones\/wp-content\/uploads\/2020\/03\/solicita-informacion-de-nuestros-cursos-de-oposiciones.jpg\" \/>\n<meta name=\"author\" content=\"Empleate\" \/>\n<meta name=\"twitter:card\" content=\"summary_large_image\" \/>\n<meta name=\"twitter:creator\" content=\"@Emplea_Te\" \/>\n<meta name=\"twitter:site\" content=\"@Emplea_Te\" \/>\n<meta name=\"twitter:label1\" content=\"Escrito por\" \/>\n\t<meta name=\"twitter:data1\" content=\"Empleate\" \/>\n\t<meta name=\"twitter:label2\" content=\"Tiempo de lectura\" \/>\n\t<meta name=\"twitter:data2\" content=\"1 minuto\" \/>\n<script type=\"application\/ld+json\" class=\"yoast-schema-graph\">{\"@context\":\"https:\\\/\\\/schema.org\",\"@graph\":[{\"@type\":\"Article\",\"@id\":\"https:\\\/\\\/www.emplea-te.com\\\/noticias-oposiciones\\\/convocatoria-del-ayuntamiento-de-cambados-para-cubrir-plaza-de-oficial-de-administracion-c2\\\/#article\",\"isPartOf\":{\"@id\":\"https:\\\/\\\/www.emplea-te.com\\\/noticias-oposiciones\\\/convocatoria-del-ayuntamiento-de-cambados-para-cubrir-plaza-de-oficial-de-administracion-c2\\\/\"},\"author\":{\"name\":\"Empleate\",\"@id\":\"https:\\\/\\\/www.emplea-te.com\\\/noticias-oposiciones\\\/#\\\/schema\\\/person\\\/d1bc587e1af2b95e9c32aba1795509a6\"},\"headline\":\"Convocatoria del Ayuntamiento de Cambados para cubrir plaza de Oficial de Administraci\u00f3n C2\",\"datePublished\":\"2020-09-15T08:34:38+00:00\",\"mainEntityOfPage\":{\"@id\":\"https:\\\/\\\/www.emplea-te.com\\\/noticias-oposiciones\\\/convocatoria-del-ayuntamiento-de-cambados-para-cubrir-plaza-de-oficial-de-administracion-c2\\\/\"},\"wordCount\":152,\"publisher\":{\"@id\":\"https:\\\/\\\/www.emplea-te.com\\\/noticias-oposiciones\\\/#organization\"},\"image\":{\"@id\":\"https:\\\/\\\/www.emplea-te.com\\\/noticias-oposiciones\\\/convocatoria-del-ayuntamiento-de-cambados-para-cubrir-plaza-de-oficial-de-administracion-c2\\\/#primaryimage\"},\"thumbnailUrl\":\"https:\\\/\\\/www.emplea-te.com\\\/noticias-oposiciones\\\/wp-content\\\/uploads\\\/2020\\\/03\\\/solicita-informacion-de-nuestros-cursos-de-oposiciones.jpg\",\"keywords\":[\"Acceso libre\",\"Convocatoria\"],\"articleSection\":[\"Convocatorias Ayuntamientos\",\"Oposiciones Auton\u00f3micas Galicia\"],\"inLanguage\":\"es\"},{\"@type\":\"WebPage\",\"@id\":\"https:\\\/\\\/www.emplea-te.com\\\/noticias-oposiciones\\\/convocatoria-del-ayuntamiento-de-cambados-para-cubrir-plaza-de-oficial-de-administracion-c2\\\/\",\"url\":\"https:\\\/\\\/www.emplea-te.com\\\/noticias-oposiciones\\\/convocatoria-del-ayuntamiento-de-cambados-para-cubrir-plaza-de-oficial-de-administracion-c2\\\/\",\"name\":\"Convocatoria Ayto. Cambados para cubrir plaza de Oficial de Admon C2\",\"isPartOf\":{\"@id\":\"https:\\\/\\\/www.emplea-te.com\\\/noticias-oposiciones\\\/#website\"},\"primaryImageOfPage\":{\"@id\":\"https:\\\/\\\/www.emplea-te.com\\\/noticias-oposiciones\\\/convocatoria-del-ayuntamiento-de-cambados-para-cubrir-plaza-de-oficial-de-administracion-c2\\\/#primaryimage\"},\"image\":{\"@id\":\"https:\\\/\\\/www.emplea-te.com\\\/noticias-oposiciones\\\/convocatoria-del-ayuntamiento-de-cambados-para-cubrir-plaza-de-oficial-de-administracion-c2\\\/#primaryimage\"},\"thumbnailUrl\":\"https:\\\/\\\/www.emplea-te.com\\\/noticias-oposiciones\\\/wp-content\\\/uploads\\\/2020\\\/03\\\/solicita-informacion-de-nuestros-cursos-de-oposiciones.jpg\",\"datePublished\":\"2020-09-15T08:34:38+00:00\",\"description\":\"Convocatoria Ayto. Cambados para cubrir plaza de Oficial de Admon subgrupo C2 (escala auxiliar). \u00a1\u00a1Inf\u00f3rmate y prep\u00e1rate con nosotros!!\",\"breadcrumb\":{\"@id\":\"https:\\\/\\\/www.emplea-te.com\\\/noticias-oposiciones\\\/convocatoria-del-ayuntamiento-de-cambados-para-cubrir-plaza-de-oficial-de-administracion-c2\\\/#breadcrumb\"},\"inLanguage\":\"es\",\"potentialAction\":[{\"@type\":\"ReadAction\",\"target\":[\"https:\\\/\\\/www.emplea-te.com\\\/noticias-oposiciones\\\/convocatoria-del-ayuntamiento-de-cambados-para-cubrir-plaza-de-oficial-de-administracion-c2\\\/\"]}]},{\"@type\":\"ImageObject\",\"inLanguage\":\"es\",\"@id\":\"https:\\\/\\\/www.emplea-te.com\\\/noticias-oposiciones\\\/convocatoria-del-ayuntamiento-de-cambados-para-cubrir-plaza-de-oficial-de-administracion-c2\\\/#primaryimage\",\"url\":\"https:\\\/\\\/www.emplea-te.com\\\/noticias-oposiciones\\\/wp-content\\\/uploads\\\/2020\\\/03\\\/solicita-informacion-de-nuestros-cursos-de-oposiciones.jpg\",\"contentUrl\":\"https:\\\/\\\/www.emplea-te.com\\\/noticias-oposiciones\\\/wp-content\\\/uploads\\\/2020\\\/03\\\/solicita-informacion-de-nuestros-cursos-de-oposiciones.jpg\",\"width\":300,\"height\":200},{\"@type\":\"BreadcrumbList\",\"@id\":\"https:\\\/\\\/www.emplea-te.com\\\/noticias-oposiciones\\\/convocatoria-del-ayuntamiento-de-cambados-para-cubrir-plaza-de-oficial-de-administracion-c2\\\/#breadcrumb\",\"itemListElement\":[{\"@type\":\"ListItem\",\"position\":1,\"name\":\"Noticias Oposiciones\",\"item\":\"https:\\\/\\\/www.emplea-te.com\\\/noticias-oposiciones\\\/\"},{\"@type\":\"ListItem\",\"position\":2,\"name\":\"Oposiciones Auton\u00f3micas Galicia\",\"item\":\"https:\\\/\\\/www.emplea-te.com\\\/noticias-oposiciones\\\/categoria\\\/oposiciones-autonomicas-galicia\\\/\"},{\"@type\":\"ListItem\",\"position\":3,\"name\":\"Convocatorias Ayuntamientos\",\"item\":\"https:\\\/\\\/www.emplea-te.com\\\/noticias-oposiciones\\\/categoria\\\/oposiciones-autonomicas-galicia\\\/convocatorias-ayuntamientos\\\/\"},{\"@type\":\"ListItem\",\"position\":4,\"name\":\"Convocatoria del Ayuntamiento de Cambados para cubrir plaza de Oficial de Administraci\u00f3n C2\"}]},{\"@type\":\"WebSite\",\"@id\":\"https:\\\/\\\/www.emplea-te.com\\\/noticias-oposiciones\\\/#website\",\"url\":\"https:\\\/\\\/www.emplea-te.com\\\/noticias-oposiciones\\\/\",\"name\":\"Noticas de oposiciones por Academia Emplea-te\",\"description\":\"Toda la actualidad de las ofertas y convocatorias.\",\"publisher\":{\"@id\":\"https:\\\/\\\/www.emplea-te.com\\\/noticias-oposiciones\\\/#organization\"},\"potentialAction\":[{\"@type\":\"SearchAction\",\"target\":{\"@type\":\"EntryPoint\",\"urlTemplate\":\"https:\\\/\\\/www.emplea-te.com\\\/noticias-oposiciones\\\/?s={search_term_string}\"},\"query-input\":{\"@type\":\"PropertyValueSpecification\",\"valueRequired\":true,\"valueName\":\"search_term_string\"}}],\"inLanguage\":\"es\"},{\"@type\":\"Organization\",\"@id\":\"https:\\\/\\\/www.emplea-te.com\\\/noticias-oposiciones\\\/#organization\",\"name\":\"Academia de oposiciones Empl\u00e9ate\",\"url\":\"https:\\\/\\\/www.emplea-te.com\\\/noticias-oposiciones\\\/\",\"logo\":{\"@type\":\"ImageObject\",\"inLanguage\":\"es\",\"@id\":\"https:\\\/\\\/www.emplea-te.com\\\/noticias-oposiciones\\\/#\\\/schema\\\/logo\\\/image\\\/\",\"url\":\"https:\\\/\\\/www.emplea-te.com\\\/noticias-oposiciones\\\/wp-content\\\/uploads\\\/2019\\\/04\\\/empleate.jpg\",\"contentUrl\":\"https:\\\/\\\/www.emplea-te.com\\\/noticias-oposiciones\\\/wp-content\\\/uploads\\\/2019\\\/04\\\/empleate.jpg\",\"width\":250,\"height\":150,\"caption\":\"Academia de oposiciones Empl\u00e9ate\"},\"image\":{\"@id\":\"https:\\\/\\\/www.emplea-te.com\\\/noticias-oposiciones\\\/#\\\/schema\\\/logo\\\/image\\\/\"},\"sameAs\":[\"https:\\\/\\\/www.facebook.com\\\/AcademiaEmpleate\\\/\",\"https:\\\/\\\/x.com\\\/Emplea_Te\",\"https:\\\/\\\/www.instagram.com\\\/academia_empleate\\\/\"]},{\"@type\":\"Person\",\"@id\":\"https:\\\/\\\/www.emplea-te.com\\\/noticias-oposiciones\\\/#\\\/schema\\\/person\\\/d1bc587e1af2b95e9c32aba1795509a6\",\"name\":\"Empleate\"}]}<\/script>\n<!-- \/ Yoast SEO plugin. -->","yoast_head_json":{"title":"Convocatoria Ayto. Cambados para cubrir plaza de Oficial de Admon C2","description":"Convocatoria Ayto. Cambados para cubrir plaza de Oficial de Admon subgrupo C2 (escala auxiliar). \u00a1\u00a1Inf\u00f3rmate y prep\u00e1rate con nosotros!!","robots":{"index":"index","follow":"follow","max-snippet":"max-snippet:-1","max-image-preview":"max-image-preview:large","max-video-preview":"max-video-preview:-1"},"canonical":"https:\/\/www.emplea-te.com\/noticias-oposiciones\/convocatoria-del-ayuntamiento-de-cambados-para-cubrir-plaza-de-oficial-de-administracion-c2\/","og_locale":"es_ES","og_type":"article","og_title":"Convocatoria Ayto. Cambados para cubrir plaza de Oficial de Admon C2","og_description":"Convocatoria Ayto. Cambados para cubrir plaza de Oficial de Admon subgrupo C2 (escala auxiliar). \u00a1\u00a1Inf\u00f3rmate y prep\u00e1rate con nosotros!!","og_url":"https:\/\/www.emplea-te.com\/noticias-oposiciones\/convocatoria-del-ayuntamiento-de-cambados-para-cubrir-plaza-de-oficial-de-administracion-c2\/","og_site_name":"Noticas de oposiciones por Academia Emplea-te","article_publisher":"https:\/\/www.facebook.com\/AcademiaEmpleate\/","article_published_time":"2020-09-15T08:34:38+00:00","og_image":[{"url":"https:\/\/www.emplea-te.com\/noticias-oposiciones\/wp-content\/uploads\/2020\/03\/solicita-informacion-de-nuestros-cursos-de-oposiciones.jpg","type":"","width":"","height":""}],"author":"Empleate","twitter_card":"summary_large_image","twitter_creator":"@Emplea_Te","twitter_site":"@Emplea_Te","twitter_misc":{"Escrito por":"Empleate","Tiempo de lectura":"1 minuto"},"schema":{"@context":"https:\/\/schema.org","@graph":[{"@type":"Article","@id":"https:\/\/www.emplea-te.com\/noticias-oposiciones\/convocatoria-del-ayuntamiento-de-cambados-para-cubrir-plaza-de-oficial-de-administracion-c2\/#article","isPartOf":{"@id":"https:\/\/www.emplea-te.com\/noticias-oposiciones\/convocatoria-del-ayuntamiento-de-cambados-para-cubrir-plaza-de-oficial-de-administracion-c2\/"},"author":{"name":"Empleate","@id":"https:\/\/www.emplea-te.com\/noticias-oposiciones\/#\/schema\/person\/d1bc587e1af2b95e9c32aba1795509a6"},"headline":"Convocatoria del Ayuntamiento de Cambados para cubrir plaza de Oficial de Administraci\u00f3n C2","datePublished":"2020-09-15T08:34:38+00:00","mainEntityOfPage":{"@id":"https:\/\/www.emplea-te.com\/noticias-oposiciones\/convocatoria-del-ayuntamiento-de-cambados-para-cubrir-plaza-de-oficial-de-administracion-c2\/"},"wordCount":152,"publisher":{"@id":"https:\/\/www.emplea-te.com\/noticias-oposiciones\/#organization"},"image":{"@id":"https:\/\/www.emplea-te.com\/noticias-oposiciones\/convocatoria-del-ayuntamiento-de-cambados-para-cubrir-plaza-de-oficial-de-administracion-c2\/#primaryimage"},"thumbnailUrl":"https:\/\/www.emplea-te.com\/noticias-oposiciones\/wp-content\/uploads\/2020\/03\/solicita-informacion-de-nuestros-cursos-de-oposiciones.jpg","keywords":["Acceso libre","Convocatoria"],"articleSection":["Convocatorias Ayuntamientos","Oposiciones Auton\u00f3micas Galicia"],"inLanguage":"es"},{"@type":"WebPage","@id":"https:\/\/www.emplea-te.com\/noticias-oposiciones\/convocatoria-del-ayuntamiento-de-cambados-para-cubrir-plaza-de-oficial-de-administracion-c2\/","url":"https:\/\/www.emplea-te.com\/noticias-oposiciones\/convocatoria-del-ayuntamiento-de-cambados-para-cubrir-plaza-de-oficial-de-administracion-c2\/","name":"Convocatoria Ayto. Cambados para cubrir plaza de Oficial de Admon C2","isPartOf":{"@id":"https:\/\/www.emplea-te.com\/noticias-oposiciones\/#website"},"primaryImageOfPage":{"@id":"https:\/\/www.emplea-te.com\/noticias-oposiciones\/convocatoria-del-ayuntamiento-de-cambados-para-cubrir-plaza-de-oficial-de-administracion-c2\/#primaryimage"},"image":{"@id":"https:\/\/www.emplea-te.com\/noticias-oposiciones\/convocatoria-del-ayuntamiento-de-cambados-para-cubrir-plaza-de-oficial-de-administracion-c2\/#primaryimage"},"thumbnailUrl":"https:\/\/www.emplea-te.com\/noticias-oposiciones\/wp-content\/uploads\/2020\/03\/solicita-informacion-de-nuestros-cursos-de-oposiciones.jpg","datePublished":"2020-09-15T08:34:38+00:00","description":"Convocatoria Ayto. Cambados para cubrir plaza de Oficial de Admon subgrupo C2 (escala auxiliar). \u00a1\u00a1Inf\u00f3rmate y prep\u00e1rate con nosotros!!","breadcrumb":{"@id":"https:\/\/www.emplea-te.com\/noticias-oposiciones\/convocatoria-del-ayuntamiento-de-cambados-para-cubrir-plaza-de-oficial-de-administracion-c2\/#breadcrumb"},"inLanguage":"es","potentialAction":[{"@type":"ReadAction","target":["https:\/\/www.emplea-te.com\/noticias-oposiciones\/convocatoria-del-ayuntamiento-de-cambados-para-cubrir-plaza-de-oficial-de-administracion-c2\/"]}]},{"@type":"ImageObject","inLanguage":"es","@id":"https:\/\/www.emplea-te.com\/noticias-oposiciones\/convocatoria-del-ayuntamiento-de-cambados-para-cubrir-plaza-de-oficial-de-administracion-c2\/#primaryimage","url":"https:\/\/www.emplea-te.com\/noticias-oposiciones\/wp-content\/uploads\/2020\/03\/solicita-informacion-de-nuestros-cursos-de-oposiciones.jpg","contentUrl":"https:\/\/www.emplea-te.com\/noticias-oposiciones\/wp-content\/uploads\/2020\/03\/solicita-informacion-de-nuestros-cursos-de-oposiciones.jpg","width":300,"height":200},{"@type":"BreadcrumbList","@id":"https:\/\/www.emplea-te.com\/noticias-oposiciones\/convocatoria-del-ayuntamiento-de-cambados-para-cubrir-plaza-de-oficial-de-administracion-c2\/#breadcrumb","itemListElement":[{"@type":"ListItem","position":1,"name":"Noticias Oposiciones","item":"https:\/\/www.emplea-te.com\/noticias-oposiciones\/"},{"@type":"ListItem","position":2,"name":"Oposiciones Auton\u00f3micas Galicia","item":"https:\/\/www.emplea-te.com\/noticias-oposiciones\/categoria\/oposiciones-autonomicas-galicia\/"},{"@type":"ListItem","position":3,"name":"Convocatorias Ayuntamientos","item":"https:\/\/www.emplea-te.com\/noticias-oposiciones\/categoria\/oposiciones-autonomicas-galicia\/convocatorias-ayuntamientos\/"},{"@type":"ListItem","position":4,"name":"Convocatoria del Ayuntamiento de Cambados para cubrir plaza de Oficial de Administraci\u00f3n C2"}]},{"@type":"WebSite","@id":"https:\/\/www.emplea-te.com\/noticias-oposiciones\/#website","url":"https:\/\/www.emplea-te.com\/noticias-oposiciones\/","name":"Noticas de oposiciones por Academia Emplea-te","description":"Toda la actualidad de las ofertas y convocatorias.","publisher":{"@id":"https:\/\/www.emplea-te.com\/noticias-oposiciones\/#organization"},"potentialAction":[{"@type":"SearchAction","target":{"@type":"EntryPoint","urlTemplate":"https:\/\/www.emplea-te.com\/noticias-oposiciones\/?s={search_term_string}"},"query-input":{"@type":"PropertyValueSpecification","valueRequired":true,"valueName":"search_term_string"}}],"inLanguage":"es"},{"@type":"Organization","@id":"https:\/\/www.emplea-te.com\/noticias-oposiciones\/#organization","name":"Academia de oposiciones Empl\u00e9ate","url":"https:\/\/www.emplea-te.com\/noticias-oposiciones\/","logo":{"@type":"ImageObject","inLanguage":"es","@id":"https:\/\/www.emplea-te.com\/noticias-oposiciones\/#\/schema\/logo\/image\/","url":"https:\/\/www.emplea-te.com\/noticias-oposiciones\/wp-content\/uploads\/2019\/04\/empleate.jpg","contentUrl":"https:\/\/www.emplea-te.com\/noticias-oposiciones\/wp-content\/uploads\/2019\/04\/empleate.jpg","width":250,"height":150,"caption":"Academia de oposiciones Empl\u00e9ate"},"image":{"@id":"https:\/\/www.emplea-te.com\/noticias-oposiciones\/#\/schema\/logo\/image\/"},"sameAs":["https:\/\/www.facebook.com\/AcademiaEmpleate\/","https:\/\/x.com\/Emplea_Te","https:\/\/www.instagram.com\/academia_empleate\/"]},{"@type":"Person","@id":"https:\/\/www.emplea-te.com\/noticias-oposiciones\/#\/schema\/person\/d1bc587e1af2b95e9c32aba1795509a6","name":"Empleate"}]}},"_links":{"self":[{"href":"https:\/\/www.emplea-te.com\/noticias-oposiciones\/wp-json\/wp\/v2\/posts\/3701","targetHints":{"allow":["GET"]}}],"collection":[{"href":"https:\/\/www.emplea-te.com\/noticias-oposiciones\/wp-json\/wp\/v2\/posts"}],"about":[{"href":"https:\/\/www.emplea-te.com\/noticias-oposiciones\/wp-json\/wp\/v2\/types\/post"}],"author":[{"embeddable":true,"href":"https:\/\/www.emplea-te.com\/noticias-oposiciones\/wp-json\/wp\/v2\/users\/1"}],"replies":[{"embeddable":true,"href":"https:\/\/www.emplea-te.com\/noticias-oposiciones\/wp-json\/wp\/v2\/comments?post=3701"}],"version-history":[{"count":1,"href":"https:\/\/www.emplea-te.com\/noticias-oposiciones\/wp-json\/wp\/v2\/posts\/3701\/revisions"}],"predecessor-version":[{"id":3702,"href":"https:\/\/www.emplea-te.com\/noticias-oposiciones\/wp-json\/wp\/v2\/posts\/3701\/revisions\/3702"}],"wp:attachment":[{"href":"https:\/\/www.emplea-te.com\/noticias-oposiciones\/wp-json\/wp\/v2\/media?parent=3701"}],"wp:term":[{"taxonomy":"category","embeddable":true,"href":"https:\/\/www.emplea-te.com\/noticias-oposiciones\/wp-json\/wp\/v2\/categories?post=3701"},{"taxonomy":"post_tag","embeddable":true,"href":"https:\/\/www.emplea-te.com\/noticias-oposiciones\/wp-json\/wp\/v2\/tags?post=3701"}],"curies":[{"name":"wp","href":"https:\/\/api.w.org\/{rel}","templated":true}]}}