{"id":3705,"date":"2020-09-16T09:52:59","date_gmt":"2020-09-16T07:52:59","guid":{"rendered":"https:\/\/www.emplea-te.com\/noticias-oposiciones\/?p=3705"},"modified":"2020-09-16T09:52:59","modified_gmt":"2020-09-16T07:52:59","slug":"publicados-los-tribunales-encargados-de-calificar-distintos-procesos-selectivos-de-la-xunta-de-galicia","status":"publish","type":"post","link":"https:\/\/www.emplea-te.com\/noticias-oposiciones\/publicados-los-tribunales-encargados-de-calificar-distintos-procesos-selectivos-de-la-xunta-de-galicia\/","title":{"rendered":"Publicados los Tribunales encargados de calificar distintos procesos selectivos de la Xunta de Galicia."},"content":{"rendered":"<p>&nbsp;<\/p>\n<p><img decoding=\"async\" class=\"alignleft wp-image-1502 size-full\" src=\"https:\/\/www.emplea-te.com\/noticias-oposiciones\/wp-content\/uploads\/2019\/04\/xunta_De_Galicia.png\" alt=\"Oposiciones Xunta\" width=\"315\" height=\"160\" srcset=\"https:\/\/www.emplea-te.com\/noticias-oposiciones\/wp-content\/uploads\/2019\/04\/xunta_De_Galicia.png 315w, https:\/\/www.emplea-te.com\/noticias-oposiciones\/wp-content\/uploads\/2019\/04\/xunta_De_Galicia-300x152.png 300w, https:\/\/www.emplea-te.com\/noticias-oposiciones\/wp-content\/uploads\/2019\/04\/xunta_De_Galicia-20x10.png 20w\" sizes=\"(max-width: 315px) 85vw, 315px\" \/><\/p>\n<p><strong>Se publica en el DOG de hoy, d\u00eda 16 de Septiembre de 2020, las Resoluciones en las que se designan los Tribunales encargados de calificar distintos procesos selectivos de la Xunta de Galicia.<\/strong><\/p>\n<p>Aqu\u00ed os dejamos los enlaces a cada una de las Resoluciones seg\u00fan subgrupos.<\/p>\n<p><strong>Procesos selectivos Acceso libre:\u00a0<\/strong><\/p>\n<p><a href=\"https:\/\/www.xunta.gal\/dog\/Publicados\/2020\/20200916\/AnuncioG0597-140920-0006_gl.html\" target=\"_blank\" rel=\"noopener noreferrer\">C2 Auxiliar Administrativo turno libre\u00a0<\/a><\/p>\n<p><a href=\"https:\/\/www.xunta.gal\/dog\/Publicados\/2020\/20200916\/AnuncioG0597-140920-0005_gl.html\" target=\"_blank\" rel=\"noopener noreferrer\">C1 Administrativo turno libre\u00a0<\/a><\/p>\n<p><a href=\"https:\/\/www.xunta.gal\/dog\/Publicados\/2020\/20200916\/AnuncioG0597-140920-0004_gl.html\" target=\"_blank\" rel=\"noopener noreferrer\">A2 Gesti\u00f3n de la Administraci\u00f3n turno libre\u00a0<\/a><\/p>\n<p><a href=\"https:\/\/www.xunta.gal\/dog\/Publicados\/2020\/20200916\/AnuncioG0597-140920-0003_gl.html\" target=\"_blank\" rel=\"noopener noreferrer\">A1 Cuerpo Superior de la Administraci\u00f3n turno libre\u00a0<\/a><\/p>\n<p><a href=\"https:\/\/www.xunta.gal\/dog\/Publicados\/2020\/20200916\/AnuncioG0597-140920-0001_gl.html\" target=\"_blank\" rel=\"noopener noreferrer\">Subaltenos A.P\u00a0<\/a><\/p>\n<p><strong>Consolidaci\u00f3n:\u00a0<\/strong><\/p>\n<p><a href=\"https:\/\/www.xunta.gal\/diario-oficial-galicia\/mostrarContenido.do?paginaCompleta=false&amp;idEstado=5&amp;rutaRelativa=true&amp;ruta=\/2020\/20200916\/Secciones3_gl.html\" target=\"_blank\" rel=\"noopener noreferrer\">Procesos de consolidaci\u00f3n de distintos grupos y categor\u00edas<\/a><\/p>\n<p>&nbsp;<\/p>\n<p><strong>CONOCE LAS FECHAS DE NUESTROS NUEVOS GRUPOS PARA PREPARAR ESTAS OPOSICIONES:\u00a0<\/strong><\/p>\n<p><a href=\"https:\/\/www.emplea-te.com\/54\/oposiciones-de-xunta-de-galicia\" target=\"_blank\" rel=\"noopener noreferrer\">Inf\u00f3rmate de nuestros grupos presenciales y online para preparar las oposiciones de la Xunta de Galicia en este enlace.\u00a0<\/a><\/p>\n<p>A lo largo de este mes (el d\u00eda 28 de septiembre) iniciamos nuevos grupos <strong>ONLINE\u00a0 para preparar las oposiciones de Administrativo C1 y Auxiliar Administrativo.\u00a0<\/strong><\/p>\n<p>El d\u00eda 30 de septiembre empezamos nuevo grupo <strong>PRESENCIAL para preparar las oposiciones de Gesti\u00f3n A2 de la administraci\u00f3n.\u00a0<\/strong><\/p>\n<p>A partir del d\u00eda 16 de septiembre empezamos grupo <strong>ONLINE para preparar las oposiciones de Gesti\u00f3n A2 de la administraci\u00f3n.\u00a0<\/strong><\/p>\n<p><strong>Ll\u00e1manos para solicitar informaci\u00f3n, sin compromiso. O entra en la web www.emplea-te.com y cubre un formulario. Nos pondremos en contacto contigo para informarte.\u00a0<\/strong><\/p>\n","protected":false},"excerpt":{"rendered":"<p>&nbsp; Se publica en el DOG de hoy, d\u00eda 16 de Septiembre de 2020, las Resoluciones en las que se designan los Tribunales encargados de calificar distintos procesos selectivos de la Xunta de Galicia. Aqu\u00ed os dejamos los enlaces a cada una de las Resoluciones seg\u00fan subgrupos. Procesos selectivos Acceso libre:\u00a0 C2 Auxiliar Administrativo turno &hellip; <a href=\"https:\/\/www.emplea-te.com\/noticias-oposiciones\/publicados-los-tribunales-encargados-de-calificar-distintos-procesos-selectivos-de-la-xunta-de-galicia\/\" class=\"more-link\">Continuar leyendo<span class=\"screen-reader-text\"> \u00abPublicados los Tribunales encargados de calificar distintos procesos selectivos de la Xunta de Galicia.\u00bb<\/span><\/a><\/p>\n","protected":false},"author":1,"featured_media":0,"comment_status":"closed","ping_status":"closed","sticky":false,"template":"","format":"standard","meta":{"footnotes":""},"categories":[60,57,58,59,4,43],"tags":[82],"class_list":["post-3705","post","type-post","status-publish","format-standard","hentry","category-administrativo-c1-xunta","category-auxiliar-administrativo-c2-xunta","category-cuerpo-de-gestion-de-la-administracion-a2-xunta","category-cuerpo-superior-de-la-administracion-a1-xunta","category-oposiciones-xunta","category-subalterno-a-p","tag-acceso-libre"],"yoast_head":"<!-- This site is optimized with the Yoast SEO plugin v27.5 - https:\/\/yoast.com\/product\/yoast-seo-wordpress\/ -->\n<title>Tribunales calificadores distintos procesos selectivos Xunta de Galicia.<\/title>\n<meta name=\"description\" content=\"Tribunales calificadores distintos procesos selectivos Xunta de Galicia por acceso libre y procesos de consolidaci\u00f3n. \u00a1Entra en el enlace!\" \/>\n<meta name=\"robots\" content=\"index, follow, max-snippet:-1, max-image-preview:large, max-video-preview:-1\" \/>\n<link rel=\"canonical\" href=\"https:\/\/www.emplea-te.com\/noticias-oposiciones\/publicados-los-tribunales-encargados-de-calificar-distintos-procesos-selectivos-de-la-xunta-de-galicia\/\" \/>\n<meta property=\"og:locale\" content=\"es_ES\" \/>\n<meta property=\"og:type\" content=\"article\" \/>\n<meta property=\"og:title\" content=\"Tribunales calificadores distintos procesos selectivos Xunta de Galicia.\" \/>\n<meta property=\"og:description\" content=\"Tribunales calificadores distintos procesos selectivos Xunta de Galicia por acceso libre y procesos de consolidaci\u00f3n. \u00a1Entra en el enlace!\" \/>\n<meta property=\"og:url\" content=\"https:\/\/www.emplea-te.com\/noticias-oposiciones\/publicados-los-tribunales-encargados-de-calificar-distintos-procesos-selectivos-de-la-xunta-de-galicia\/\" \/>\n<meta property=\"og:site_name\" content=\"Noticas de oposiciones por Academia Emplea-te\" \/>\n<meta property=\"article:publisher\" content=\"https:\/\/www.facebook.com\/AcademiaEmpleate\/\" \/>\n<meta property=\"article:published_time\" content=\"2020-09-16T07:52:59+00:00\" \/>\n<meta property=\"og:image\" content=\"https:\/\/www.emplea-te.com\/noticias-oposiciones\/wp-content\/uploads\/2019\/04\/xunta_De_Galicia.png\" \/>\n<meta name=\"author\" content=\"Empleate\" \/>\n<meta name=\"twitter:card\" content=\"summary_large_image\" \/>\n<meta name=\"twitter:creator\" content=\"@Emplea_Te\" \/>\n<meta name=\"twitter:site\" content=\"@Emplea_Te\" \/>\n<meta name=\"twitter:label1\" content=\"Escrito por\" \/>\n\t<meta name=\"twitter:data1\" content=\"Empleate\" \/>\n\t<meta name=\"twitter:label2\" content=\"Tiempo de lectura\" \/>\n\t<meta name=\"twitter:data2\" content=\"1 minuto\" \/>\n<script type=\"application\/ld+json\" class=\"yoast-schema-graph\">{\"@context\":\"https:\\\/\\\/schema.org\",\"@graph\":[{\"@type\":\"Article\",\"@id\":\"https:\\\/\\\/www.emplea-te.com\\\/noticias-oposiciones\\\/publicados-los-tribunales-encargados-de-calificar-distintos-procesos-selectivos-de-la-xunta-de-galicia\\\/#article\",\"isPartOf\":{\"@id\":\"https:\\\/\\\/www.emplea-te.com\\\/noticias-oposiciones\\\/publicados-los-tribunales-encargados-de-calificar-distintos-procesos-selectivos-de-la-xunta-de-galicia\\\/\"},\"author\":{\"name\":\"Empleate\",\"@id\":\"https:\\\/\\\/www.emplea-te.com\\\/noticias-oposiciones\\\/#\\\/schema\\\/person\\\/d1bc587e1af2b95e9c32aba1795509a6\"},\"headline\":\"Publicados los Tribunales encargados de calificar distintos procesos selectivos de la Xunta de Galicia.\",\"datePublished\":\"2020-09-16T07:52:59+00:00\",\"mainEntityOfPage\":{\"@id\":\"https:\\\/\\\/www.emplea-te.com\\\/noticias-oposiciones\\\/publicados-los-tribunales-encargados-de-calificar-distintos-procesos-selectivos-de-la-xunta-de-galicia\\\/\"},\"wordCount\":234,\"publisher\":{\"@id\":\"https:\\\/\\\/www.emplea-te.com\\\/noticias-oposiciones\\\/#organization\"},\"image\":{\"@id\":\"https:\\\/\\\/www.emplea-te.com\\\/noticias-oposiciones\\\/publicados-los-tribunales-encargados-de-calificar-distintos-procesos-selectivos-de-la-xunta-de-galicia\\\/#primaryimage\"},\"thumbnailUrl\":\"https:\\\/\\\/www.emplea-te.com\\\/noticias-oposiciones\\\/wp-content\\\/uploads\\\/2019\\\/04\\\/xunta_De_Galicia.png\",\"keywords\":[\"Acceso libre\"],\"articleSection\":[\"Administrativo C1 Xunta\",\"Auxiliar Administrativo C2 Xunta\",\"Cuerpo de Gesti\u00f3n de la Administraci\u00f3n A2 Xunta\",\"Cuerpo Superior de la Administraci\u00f3n A1 Xunta\",\"Oposiciones Xunta\",\"Subalterno A.P Xunta de Galicia\"],\"inLanguage\":\"es\"},{\"@type\":\"WebPage\",\"@id\":\"https:\\\/\\\/www.emplea-te.com\\\/noticias-oposiciones\\\/publicados-los-tribunales-encargados-de-calificar-distintos-procesos-selectivos-de-la-xunta-de-galicia\\\/\",\"url\":\"https:\\\/\\\/www.emplea-te.com\\\/noticias-oposiciones\\\/publicados-los-tribunales-encargados-de-calificar-distintos-procesos-selectivos-de-la-xunta-de-galicia\\\/\",\"name\":\"Tribunales calificadores distintos procesos selectivos Xunta de Galicia.\",\"isPartOf\":{\"@id\":\"https:\\\/\\\/www.emplea-te.com\\\/noticias-oposiciones\\\/#website\"},\"primaryImageOfPage\":{\"@id\":\"https:\\\/\\\/www.emplea-te.com\\\/noticias-oposiciones\\\/publicados-los-tribunales-encargados-de-calificar-distintos-procesos-selectivos-de-la-xunta-de-galicia\\\/#primaryimage\"},\"image\":{\"@id\":\"https:\\\/\\\/www.emplea-te.com\\\/noticias-oposiciones\\\/publicados-los-tribunales-encargados-de-calificar-distintos-procesos-selectivos-de-la-xunta-de-galicia\\\/#primaryimage\"},\"thumbnailUrl\":\"https:\\\/\\\/www.emplea-te.com\\\/noticias-oposiciones\\\/wp-content\\\/uploads\\\/2019\\\/04\\\/xunta_De_Galicia.png\",\"datePublished\":\"2020-09-16T07:52:59+00:00\",\"description\":\"Tribunales calificadores distintos procesos selectivos Xunta de Galicia por acceso libre y procesos de consolidaci\u00f3n. \u00a1Entra en el enlace!\",\"breadcrumb\":{\"@id\":\"https:\\\/\\\/www.emplea-te.com\\\/noticias-oposiciones\\\/publicados-los-tribunales-encargados-de-calificar-distintos-procesos-selectivos-de-la-xunta-de-galicia\\\/#breadcrumb\"},\"inLanguage\":\"es\",\"potentialAction\":[{\"@type\":\"ReadAction\",\"target\":[\"https:\\\/\\\/www.emplea-te.com\\\/noticias-oposiciones\\\/publicados-los-tribunales-encargados-de-calificar-distintos-procesos-selectivos-de-la-xunta-de-galicia\\\/\"]}]},{\"@type\":\"ImageObject\",\"inLanguage\":\"es\",\"@id\":\"https:\\\/\\\/www.emplea-te.com\\\/noticias-oposiciones\\\/publicados-los-tribunales-encargados-de-calificar-distintos-procesos-selectivos-de-la-xunta-de-galicia\\\/#primaryimage\",\"url\":\"https:\\\/\\\/www.emplea-te.com\\\/noticias-oposiciones\\\/wp-content\\\/uploads\\\/2019\\\/04\\\/xunta_De_Galicia.png\",\"contentUrl\":\"https:\\\/\\\/www.emplea-te.com\\\/noticias-oposiciones\\\/wp-content\\\/uploads\\\/2019\\\/04\\\/xunta_De_Galicia.png\",\"width\":315,\"height\":160,\"caption\":\"Oposiciones Xunta\"},{\"@type\":\"BreadcrumbList\",\"@id\":\"https:\\\/\\\/www.emplea-te.com\\\/noticias-oposiciones\\\/publicados-los-tribunales-encargados-de-calificar-distintos-procesos-selectivos-de-la-xunta-de-galicia\\\/#breadcrumb\",\"itemListElement\":[{\"@type\":\"ListItem\",\"position\":1,\"name\":\"Noticias Oposiciones\",\"item\":\"https:\\\/\\\/www.emplea-te.com\\\/noticias-oposiciones\\\/\"},{\"@type\":\"ListItem\",\"position\":2,\"name\":\"Oposiciones Xunta\",\"item\":\"https:\\\/\\\/www.emplea-te.com\\\/noticias-oposiciones\\\/categoria\\\/oposiciones-xunta\\\/\"},{\"@type\":\"ListItem\",\"position\":3,\"name\":\"Publicados los Tribunales encargados de calificar distintos procesos selectivos de la Xunta de Galicia.\"}]},{\"@type\":\"WebSite\",\"@id\":\"https:\\\/\\\/www.emplea-te.com\\\/noticias-oposiciones\\\/#website\",\"url\":\"https:\\\/\\\/www.emplea-te.com\\\/noticias-oposiciones\\\/\",\"name\":\"Noticas de oposiciones por Academia Emplea-te\",\"description\":\"Toda la actualidad de las ofertas y convocatorias.\",\"publisher\":{\"@id\":\"https:\\\/\\\/www.emplea-te.com\\\/noticias-oposiciones\\\/#organization\"},\"potentialAction\":[{\"@type\":\"SearchAction\",\"target\":{\"@type\":\"EntryPoint\",\"urlTemplate\":\"https:\\\/\\\/www.emplea-te.com\\\/noticias-oposiciones\\\/?s={search_term_string}\"},\"query-input\":{\"@type\":\"PropertyValueSpecification\",\"valueRequired\":true,\"valueName\":\"search_term_string\"}}],\"inLanguage\":\"es\"},{\"@type\":\"Organization\",\"@id\":\"https:\\\/\\\/www.emplea-te.com\\\/noticias-oposiciones\\\/#organization\",\"name\":\"Academia de oposiciones Empl\u00e9ate\",\"url\":\"https:\\\/\\\/www.emplea-te.com\\\/noticias-oposiciones\\\/\",\"logo\":{\"@type\":\"ImageObject\",\"inLanguage\":\"es\",\"@id\":\"https:\\\/\\\/www.emplea-te.com\\\/noticias-oposiciones\\\/#\\\/schema\\\/logo\\\/image\\\/\",\"url\":\"https:\\\/\\\/www.emplea-te.com\\\/noticias-oposiciones\\\/wp-content\\\/uploads\\\/2019\\\/04\\\/empleate.jpg\",\"contentUrl\":\"https:\\\/\\\/www.emplea-te.com\\\/noticias-oposiciones\\\/wp-content\\\/uploads\\\/2019\\\/04\\\/empleate.jpg\",\"width\":250,\"height\":150,\"caption\":\"Academia de oposiciones Empl\u00e9ate\"},\"image\":{\"@id\":\"https:\\\/\\\/www.emplea-te.com\\\/noticias-oposiciones\\\/#\\\/schema\\\/logo\\\/image\\\/\"},\"sameAs\":[\"https:\\\/\\\/www.facebook.com\\\/AcademiaEmpleate\\\/\",\"https:\\\/\\\/x.com\\\/Emplea_Te\",\"https:\\\/\\\/www.instagram.com\\\/academia_empleate\\\/\"]},{\"@type\":\"Person\",\"@id\":\"https:\\\/\\\/www.emplea-te.com\\\/noticias-oposiciones\\\/#\\\/schema\\\/person\\\/d1bc587e1af2b95e9c32aba1795509a6\",\"name\":\"Empleate\"}]}<\/script>\n<!-- \/ Yoast SEO plugin. -->","yoast_head_json":{"title":"Tribunales calificadores distintos procesos selectivos Xunta de Galicia.","description":"Tribunales calificadores distintos procesos selectivos Xunta de Galicia por acceso libre y procesos de consolidaci\u00f3n. \u00a1Entra en el enlace!","robots":{"index":"index","follow":"follow","max-snippet":"max-snippet:-1","max-image-preview":"max-image-preview:large","max-video-preview":"max-video-preview:-1"},"canonical":"https:\/\/www.emplea-te.com\/noticias-oposiciones\/publicados-los-tribunales-encargados-de-calificar-distintos-procesos-selectivos-de-la-xunta-de-galicia\/","og_locale":"es_ES","og_type":"article","og_title":"Tribunales calificadores distintos procesos selectivos Xunta de Galicia.","og_description":"Tribunales calificadores distintos procesos selectivos Xunta de Galicia por acceso libre y procesos de consolidaci\u00f3n. \u00a1Entra en el enlace!","og_url":"https:\/\/www.emplea-te.com\/noticias-oposiciones\/publicados-los-tribunales-encargados-de-calificar-distintos-procesos-selectivos-de-la-xunta-de-galicia\/","og_site_name":"Noticas de oposiciones por Academia Emplea-te","article_publisher":"https:\/\/www.facebook.com\/AcademiaEmpleate\/","article_published_time":"2020-09-16T07:52:59+00:00","og_image":[{"url":"https:\/\/www.emplea-te.com\/noticias-oposiciones\/wp-content\/uploads\/2019\/04\/xunta_De_Galicia.png","type":"","width":"","height":""}],"author":"Empleate","twitter_card":"summary_large_image","twitter_creator":"@Emplea_Te","twitter_site":"@Emplea_Te","twitter_misc":{"Escrito por":"Empleate","Tiempo de lectura":"1 minuto"},"schema":{"@context":"https:\/\/schema.org","@graph":[{"@type":"Article","@id":"https:\/\/www.emplea-te.com\/noticias-oposiciones\/publicados-los-tribunales-encargados-de-calificar-distintos-procesos-selectivos-de-la-xunta-de-galicia\/#article","isPartOf":{"@id":"https:\/\/www.emplea-te.com\/noticias-oposiciones\/publicados-los-tribunales-encargados-de-calificar-distintos-procesos-selectivos-de-la-xunta-de-galicia\/"},"author":{"name":"Empleate","@id":"https:\/\/www.emplea-te.com\/noticias-oposiciones\/#\/schema\/person\/d1bc587e1af2b95e9c32aba1795509a6"},"headline":"Publicados los Tribunales encargados de calificar distintos procesos selectivos de la Xunta de Galicia.","datePublished":"2020-09-16T07:52:59+00:00","mainEntityOfPage":{"@id":"https:\/\/www.emplea-te.com\/noticias-oposiciones\/publicados-los-tribunales-encargados-de-calificar-distintos-procesos-selectivos-de-la-xunta-de-galicia\/"},"wordCount":234,"publisher":{"@id":"https:\/\/www.emplea-te.com\/noticias-oposiciones\/#organization"},"image":{"@id":"https:\/\/www.emplea-te.com\/noticias-oposiciones\/publicados-los-tribunales-encargados-de-calificar-distintos-procesos-selectivos-de-la-xunta-de-galicia\/#primaryimage"},"thumbnailUrl":"https:\/\/www.emplea-te.com\/noticias-oposiciones\/wp-content\/uploads\/2019\/04\/xunta_De_Galicia.png","keywords":["Acceso libre"],"articleSection":["Administrativo C1 Xunta","Auxiliar Administrativo C2 Xunta","Cuerpo de Gesti\u00f3n de la Administraci\u00f3n A2 Xunta","Cuerpo Superior de la Administraci\u00f3n A1 Xunta","Oposiciones Xunta","Subalterno A.P Xunta de Galicia"],"inLanguage":"es"},{"@type":"WebPage","@id":"https:\/\/www.emplea-te.com\/noticias-oposiciones\/publicados-los-tribunales-encargados-de-calificar-distintos-procesos-selectivos-de-la-xunta-de-galicia\/","url":"https:\/\/www.emplea-te.com\/noticias-oposiciones\/publicados-los-tribunales-encargados-de-calificar-distintos-procesos-selectivos-de-la-xunta-de-galicia\/","name":"Tribunales calificadores distintos procesos selectivos Xunta de Galicia.","isPartOf":{"@id":"https:\/\/www.emplea-te.com\/noticias-oposiciones\/#website"},"primaryImageOfPage":{"@id":"https:\/\/www.emplea-te.com\/noticias-oposiciones\/publicados-los-tribunales-encargados-de-calificar-distintos-procesos-selectivos-de-la-xunta-de-galicia\/#primaryimage"},"image":{"@id":"https:\/\/www.emplea-te.com\/noticias-oposiciones\/publicados-los-tribunales-encargados-de-calificar-distintos-procesos-selectivos-de-la-xunta-de-galicia\/#primaryimage"},"thumbnailUrl":"https:\/\/www.emplea-te.com\/noticias-oposiciones\/wp-content\/uploads\/2019\/04\/xunta_De_Galicia.png","datePublished":"2020-09-16T07:52:59+00:00","description":"Tribunales calificadores distintos procesos selectivos Xunta de Galicia por acceso libre y procesos de consolidaci\u00f3n. \u00a1Entra en el enlace!","breadcrumb":{"@id":"https:\/\/www.emplea-te.com\/noticias-oposiciones\/publicados-los-tribunales-encargados-de-calificar-distintos-procesos-selectivos-de-la-xunta-de-galicia\/#breadcrumb"},"inLanguage":"es","potentialAction":[{"@type":"ReadAction","target":["https:\/\/www.emplea-te.com\/noticias-oposiciones\/publicados-los-tribunales-encargados-de-calificar-distintos-procesos-selectivos-de-la-xunta-de-galicia\/"]}]},{"@type":"ImageObject","inLanguage":"es","@id":"https:\/\/www.emplea-te.com\/noticias-oposiciones\/publicados-los-tribunales-encargados-de-calificar-distintos-procesos-selectivos-de-la-xunta-de-galicia\/#primaryimage","url":"https:\/\/www.emplea-te.com\/noticias-oposiciones\/wp-content\/uploads\/2019\/04\/xunta_De_Galicia.png","contentUrl":"https:\/\/www.emplea-te.com\/noticias-oposiciones\/wp-content\/uploads\/2019\/04\/xunta_De_Galicia.png","width":315,"height":160,"caption":"Oposiciones Xunta"},{"@type":"BreadcrumbList","@id":"https:\/\/www.emplea-te.com\/noticias-oposiciones\/publicados-los-tribunales-encargados-de-calificar-distintos-procesos-selectivos-de-la-xunta-de-galicia\/#breadcrumb","itemListElement":[{"@type":"ListItem","position":1,"name":"Noticias Oposiciones","item":"https:\/\/www.emplea-te.com\/noticias-oposiciones\/"},{"@type":"ListItem","position":2,"name":"Oposiciones Xunta","item":"https:\/\/www.emplea-te.com\/noticias-oposiciones\/categoria\/oposiciones-xunta\/"},{"@type":"ListItem","position":3,"name":"Publicados los Tribunales encargados de calificar distintos procesos selectivos de la Xunta de Galicia."}]},{"@type":"WebSite","@id":"https:\/\/www.emplea-te.com\/noticias-oposiciones\/#website","url":"https:\/\/www.emplea-te.com\/noticias-oposiciones\/","name":"Noticas de oposiciones por Academia Emplea-te","description":"Toda la actualidad de las ofertas y convocatorias.","publisher":{"@id":"https:\/\/www.emplea-te.com\/noticias-oposiciones\/#organization"},"potentialAction":[{"@type":"SearchAction","target":{"@type":"EntryPoint","urlTemplate":"https:\/\/www.emplea-te.com\/noticias-oposiciones\/?s={search_term_string}"},"query-input":{"@type":"PropertyValueSpecification","valueRequired":true,"valueName":"search_term_string"}}],"inLanguage":"es"},{"@type":"Organization","@id":"https:\/\/www.emplea-te.com\/noticias-oposiciones\/#organization","name":"Academia de oposiciones Empl\u00e9ate","url":"https:\/\/www.emplea-te.com\/noticias-oposiciones\/","logo":{"@type":"ImageObject","inLanguage":"es","@id":"https:\/\/www.emplea-te.com\/noticias-oposiciones\/#\/schema\/logo\/image\/","url":"https:\/\/www.emplea-te.com\/noticias-oposiciones\/wp-content\/uploads\/2019\/04\/empleate.jpg","contentUrl":"https:\/\/www.emplea-te.com\/noticias-oposiciones\/wp-content\/uploads\/2019\/04\/empleate.jpg","width":250,"height":150,"caption":"Academia de oposiciones Empl\u00e9ate"},"image":{"@id":"https:\/\/www.emplea-te.com\/noticias-oposiciones\/#\/schema\/logo\/image\/"},"sameAs":["https:\/\/www.facebook.com\/AcademiaEmpleate\/","https:\/\/x.com\/Emplea_Te","https:\/\/www.instagram.com\/academia_empleate\/"]},{"@type":"Person","@id":"https:\/\/www.emplea-te.com\/noticias-oposiciones\/#\/schema\/person\/d1bc587e1af2b95e9c32aba1795509a6","name":"Empleate"}]}},"_links":{"self":[{"href":"https:\/\/www.emplea-te.com\/noticias-oposiciones\/wp-json\/wp\/v2\/posts\/3705","targetHints":{"allow":["GET"]}}],"collection":[{"href":"https:\/\/www.emplea-te.com\/noticias-oposiciones\/wp-json\/wp\/v2\/posts"}],"about":[{"href":"https:\/\/www.emplea-te.com\/noticias-oposiciones\/wp-json\/wp\/v2\/types\/post"}],"author":[{"embeddable":true,"href":"https:\/\/www.emplea-te.com\/noticias-oposiciones\/wp-json\/wp\/v2\/users\/1"}],"replies":[{"embeddable":true,"href":"https:\/\/www.emplea-te.com\/noticias-oposiciones\/wp-json\/wp\/v2\/comments?post=3705"}],"version-history":[{"count":1,"href":"https:\/\/www.emplea-te.com\/noticias-oposiciones\/wp-json\/wp\/v2\/posts\/3705\/revisions"}],"predecessor-version":[{"id":3706,"href":"https:\/\/www.emplea-te.com\/noticias-oposiciones\/wp-json\/wp\/v2\/posts\/3705\/revisions\/3706"}],"wp:attachment":[{"href":"https:\/\/www.emplea-te.com\/noticias-oposiciones\/wp-json\/wp\/v2\/media?parent=3705"}],"wp:term":[{"taxonomy":"category","embeddable":true,"href":"https:\/\/www.emplea-te.com\/noticias-oposiciones\/wp-json\/wp\/v2\/categories?post=3705"},{"taxonomy":"post_tag","embeddable":true,"href":"https:\/\/www.emplea-te.com\/noticias-oposiciones\/wp-json\/wp\/v2\/tags?post=3705"}],"curies":[{"name":"wp","href":"https:\/\/api.w.org\/{rel}","templated":true}]}}