{"id":3774,"date":"2020-10-06T10:08:06","date_gmt":"2020-10-06T08:08:06","guid":{"rendered":"https:\/\/www.emplea-te.com\/noticias-oposiciones\/?p=3774"},"modified":"2020-10-06T10:08:06","modified_gmt":"2020-10-06T08:08:06","slug":"xunta-de-galicia-cuerpo-de-gestion-a2-de-la-administracion-general-promocion-interna-se-publican-puntuaciones-obtenidas-por-los-aspirantes-que-han-superado-el-proceso-selectivo-y-baremo-final-de-la","status":"publish","type":"post","link":"https:\/\/www.emplea-te.com\/noticias-oposiciones\/xunta-de-galicia-cuerpo-de-gestion-a2-de-la-administracion-general-promocion-interna-se-publican-puntuaciones-obtenidas-por-los-aspirantes-que-han-superado-el-proceso-selectivo-y-baremo-final-de-la\/","title":{"rendered":"Xunta de Galicia. Cuerpo de Gesti\u00f3n A2 de la administraci\u00f3n General promoci\u00f3n interna. Se publican puntuaciones obtenidas por los aspirantes que han superado el proceso selectivo y  Baremo final de la fase de concurso."},"content":{"rendered":"<p><img decoding=\"async\" class=\"alignleft wp-image-1502 size-full\" src=\"https:\/\/www.emplea-te.com\/noticias-oposiciones\/wp-content\/uploads\/2019\/04\/xunta_De_Galicia.png\" alt=\"Oposiciones Xunta\" width=\"315\" height=\"160\" srcset=\"https:\/\/www.emplea-te.com\/noticias-oposiciones\/wp-content\/uploads\/2019\/04\/xunta_De_Galicia.png 315w, https:\/\/www.emplea-te.com\/noticias-oposiciones\/wp-content\/uploads\/2019\/04\/xunta_De_Galicia-300x152.png 300w, https:\/\/www.emplea-te.com\/noticias-oposiciones\/wp-content\/uploads\/2019\/04\/xunta_De_Galicia-20x10.png 20w\" sizes=\"(max-width: 315px) 85vw, 315px\" \/><\/p>\n<p>Se publican en el DOG de hoy, d\u00eda 6 de octubre de 2020, las Resoluciones\u00a0 pro las que se hacen p\u00fablicos diversos acuerdos y tambi\u00e9n el baremo final de proceso selectivo (promoci\u00f3n interna) de Cuerpo de Gesti\u00f3n A2 de la Administraci\u00f3n General de la Xunta de Galicia.<\/p>\n<p><a href=\"https:\/\/www.xunta.gal\/dog\/Publicados\/2020\/20201006\/AnuncioG0597-300920-0004_gl.html\" target=\"_blank\" rel=\"noopener noreferrer\">Enlace a Resoluci\u00f3n con varios acuerdos publicados . Puntuaciones obtenidas.\u00a0<\/a><\/p>\n<p><a href=\"https:\/\/www.xunta.gal\/dog\/Publicados\/2020\/20201006\/AnuncioG0597-300920-0003_es.html\" target=\"_blank\" rel=\"noopener noreferrer\">Enlace a Resoluci\u00f3n con baremo final de la fase de concurso<\/a><\/p>\n<p><a href=\"https:\/\/www.emplea-te.com\/54\/oposiciones-de-xunta-de-galicia\" target=\"_blank\" rel=\"noopener noreferrer\">Inf\u00f3rmate de c\u00f3mo preparar pr\u00f3ximas convocatorias en nuestros grupos presenciales o grupales.\u00a0<\/a><\/p>\n<p>&nbsp;<\/p>\n","protected":false},"excerpt":{"rendered":"<p>Se publican en el DOG de hoy, d\u00eda 6 de octubre de 2020, las Resoluciones\u00a0 pro las que se hacen p\u00fablicos diversos acuerdos y tambi\u00e9n el baremo final de proceso selectivo (promoci\u00f3n interna) de Cuerpo de Gesti\u00f3n A2 de la Administraci\u00f3n General de la Xunta de Galicia. Enlace a Resoluci\u00f3n con varios acuerdos publicados . &hellip; <a href=\"https:\/\/www.emplea-te.com\/noticias-oposiciones\/xunta-de-galicia-cuerpo-de-gestion-a2-de-la-administracion-general-promocion-interna-se-publican-puntuaciones-obtenidas-por-los-aspirantes-que-han-superado-el-proceso-selectivo-y-baremo-final-de-la\/\" class=\"more-link\">Continuar leyendo<span class=\"screen-reader-text\"> \u00abXunta de Galicia. Cuerpo de Gesti\u00f3n A2 de la administraci\u00f3n General promoci\u00f3n interna. Se publican puntuaciones obtenidas por los aspirantes que han superado el proceso selectivo y  Baremo final de la fase de concurso.\u00bb<\/span><\/a><\/p>\n","protected":false},"author":1,"featured_media":0,"comment_status":"closed","ping_status":"closed","sticky":false,"template":"","format":"standard","meta":{"footnotes":""},"categories":[50,58,4],"tags":[52,72],"class_list":["post-3774","post","type-post","status-publish","format-standard","hentry","category-administracion-general-subgrupo-a2","category-cuerpo-de-gestion-de-la-administracion-a2-xunta","category-oposiciones-xunta","tag-oposiciones-promocion-interna","tag-puntuaciones-y-notas-de-corte"],"yoast_head":"<!-- This site is optimized with the Yoast SEO plugin v27.5 - https:\/\/yoast.com\/product\/yoast-seo-wordpress\/ -->\n<title>Cuerpo Gesti\u00f3n A2 de la Xunta de Galicia P.I Puntuaciones y baremo final .<\/title>\n<meta name=\"description\" content=\"Cuerpo de Gesti\u00f3n A2 de la Xunta de Galicia. Promoci\u00f3n interna . Puntuaciones y baremo final .\" \/>\n<meta name=\"robots\" content=\"index, follow, max-snippet:-1, max-image-preview:large, max-video-preview:-1\" \/>\n<link rel=\"canonical\" href=\"https:\/\/www.emplea-te.com\/noticias-oposiciones\/xunta-de-galicia-cuerpo-de-gestion-a2-de-la-administracion-general-promocion-interna-se-publican-puntuaciones-obtenidas-por-los-aspirantes-que-han-superado-el-proceso-selectivo-y-baremo-final-de-la\/\" \/>\n<meta property=\"og:locale\" content=\"es_ES\" \/>\n<meta property=\"og:type\" content=\"article\" \/>\n<meta property=\"og:title\" content=\"Cuerpo Gesti\u00f3n A2 de la Xunta de Galicia P.I Puntuaciones y baremo final .\" \/>\n<meta property=\"og:description\" content=\"Cuerpo de Gesti\u00f3n A2 de la Xunta de Galicia. Promoci\u00f3n interna . Puntuaciones y baremo final .\" \/>\n<meta property=\"og:url\" content=\"https:\/\/www.emplea-te.com\/noticias-oposiciones\/xunta-de-galicia-cuerpo-de-gestion-a2-de-la-administracion-general-promocion-interna-se-publican-puntuaciones-obtenidas-por-los-aspirantes-que-han-superado-el-proceso-selectivo-y-baremo-final-de-la\/\" \/>\n<meta property=\"og:site_name\" content=\"Noticas de oposiciones por Academia Emplea-te\" \/>\n<meta property=\"article:publisher\" content=\"https:\/\/www.facebook.com\/AcademiaEmpleate\/\" \/>\n<meta property=\"article:published_time\" content=\"2020-10-06T08:08:06+00:00\" \/>\n<meta property=\"og:image\" content=\"https:\/\/www.emplea-te.com\/noticias-oposiciones\/wp-content\/uploads\/2019\/04\/xunta_De_Galicia.png\" \/>\n<meta name=\"author\" content=\"Empleate\" \/>\n<meta name=\"twitter:card\" content=\"summary_large_image\" \/>\n<meta name=\"twitter:creator\" content=\"@Emplea_Te\" \/>\n<meta name=\"twitter:site\" content=\"@Emplea_Te\" \/>\n<meta name=\"twitter:label1\" content=\"Escrito por\" \/>\n\t<meta name=\"twitter:data1\" content=\"Empleate\" \/>\n<script type=\"application\/ld+json\" class=\"yoast-schema-graph\">{\"@context\":\"https:\\\/\\\/schema.org\",\"@graph\":[{\"@type\":\"Article\",\"@id\":\"https:\\\/\\\/www.emplea-te.com\\\/noticias-oposiciones\\\/xunta-de-galicia-cuerpo-de-gestion-a2-de-la-administracion-general-promocion-interna-se-publican-puntuaciones-obtenidas-por-los-aspirantes-que-han-superado-el-proceso-selectivo-y-baremo-final-de-la\\\/#article\",\"isPartOf\":{\"@id\":\"https:\\\/\\\/www.emplea-te.com\\\/noticias-oposiciones\\\/xunta-de-galicia-cuerpo-de-gestion-a2-de-la-administracion-general-promocion-interna-se-publican-puntuaciones-obtenidas-por-los-aspirantes-que-han-superado-el-proceso-selectivo-y-baremo-final-de-la\\\/\"},\"author\":{\"name\":\"Empleate\",\"@id\":\"https:\\\/\\\/www.emplea-te.com\\\/noticias-oposiciones\\\/#\\\/schema\\\/person\\\/d1bc587e1af2b95e9c32aba1795509a6\"},\"headline\":\"Xunta de Galicia. Cuerpo de Gesti\u00f3n A2 de la administraci\u00f3n General promoci\u00f3n interna. Se publican puntuaciones obtenidas por los aspirantes que han superado el proceso selectivo y Baremo final de la fase de concurso.\",\"datePublished\":\"2020-10-06T08:08:06+00:00\",\"mainEntityOfPage\":{\"@id\":\"https:\\\/\\\/www.emplea-te.com\\\/noticias-oposiciones\\\/xunta-de-galicia-cuerpo-de-gestion-a2-de-la-administracion-general-promocion-interna-se-publican-puntuaciones-obtenidas-por-los-aspirantes-que-han-superado-el-proceso-selectivo-y-baremo-final-de-la\\\/\"},\"wordCount\":126,\"publisher\":{\"@id\":\"https:\\\/\\\/www.emplea-te.com\\\/noticias-oposiciones\\\/#organization\"},\"image\":{\"@id\":\"https:\\\/\\\/www.emplea-te.com\\\/noticias-oposiciones\\\/xunta-de-galicia-cuerpo-de-gestion-a2-de-la-administracion-general-promocion-interna-se-publican-puntuaciones-obtenidas-por-los-aspirantes-que-han-superado-el-proceso-selectivo-y-baremo-final-de-la\\\/#primaryimage\"},\"thumbnailUrl\":\"https:\\\/\\\/www.emplea-te.com\\\/noticias-oposiciones\\\/wp-content\\\/uploads\\\/2019\\\/04\\\/xunta_De_Galicia.png\",\"keywords\":[\"Promoci\u00f3n interna\",\"Puntuaciones y notas de corte\"],\"articleSection\":[\"Administraci\u00f3n General Subgrupo A2\",\"Cuerpo de Gesti\u00f3n de la Administraci\u00f3n A2 Xunta\",\"Oposiciones Xunta\"],\"inLanguage\":\"es\"},{\"@type\":\"WebPage\",\"@id\":\"https:\\\/\\\/www.emplea-te.com\\\/noticias-oposiciones\\\/xunta-de-galicia-cuerpo-de-gestion-a2-de-la-administracion-general-promocion-interna-se-publican-puntuaciones-obtenidas-por-los-aspirantes-que-han-superado-el-proceso-selectivo-y-baremo-final-de-la\\\/\",\"url\":\"https:\\\/\\\/www.emplea-te.com\\\/noticias-oposiciones\\\/xunta-de-galicia-cuerpo-de-gestion-a2-de-la-administracion-general-promocion-interna-se-publican-puntuaciones-obtenidas-por-los-aspirantes-que-han-superado-el-proceso-selectivo-y-baremo-final-de-la\\\/\",\"name\":\"Cuerpo Gesti\u00f3n A2 de la Xunta de Galicia P.I Puntuaciones y baremo final .\",\"isPartOf\":{\"@id\":\"https:\\\/\\\/www.emplea-te.com\\\/noticias-oposiciones\\\/#website\"},\"primaryImageOfPage\":{\"@id\":\"https:\\\/\\\/www.emplea-te.com\\\/noticias-oposiciones\\\/xunta-de-galicia-cuerpo-de-gestion-a2-de-la-administracion-general-promocion-interna-se-publican-puntuaciones-obtenidas-por-los-aspirantes-que-han-superado-el-proceso-selectivo-y-baremo-final-de-la\\\/#primaryimage\"},\"image\":{\"@id\":\"https:\\\/\\\/www.emplea-te.com\\\/noticias-oposiciones\\\/xunta-de-galicia-cuerpo-de-gestion-a2-de-la-administracion-general-promocion-interna-se-publican-puntuaciones-obtenidas-por-los-aspirantes-que-han-superado-el-proceso-selectivo-y-baremo-final-de-la\\\/#primaryimage\"},\"thumbnailUrl\":\"https:\\\/\\\/www.emplea-te.com\\\/noticias-oposiciones\\\/wp-content\\\/uploads\\\/2019\\\/04\\\/xunta_De_Galicia.png\",\"datePublished\":\"2020-10-06T08:08:06+00:00\",\"description\":\"Cuerpo de Gesti\u00f3n A2 de la Xunta de Galicia. Promoci\u00f3n interna . Puntuaciones y baremo final .\",\"breadcrumb\":{\"@id\":\"https:\\\/\\\/www.emplea-te.com\\\/noticias-oposiciones\\\/xunta-de-galicia-cuerpo-de-gestion-a2-de-la-administracion-general-promocion-interna-se-publican-puntuaciones-obtenidas-por-los-aspirantes-que-han-superado-el-proceso-selectivo-y-baremo-final-de-la\\\/#breadcrumb\"},\"inLanguage\":\"es\",\"potentialAction\":[{\"@type\":\"ReadAction\",\"target\":[\"https:\\\/\\\/www.emplea-te.com\\\/noticias-oposiciones\\\/xunta-de-galicia-cuerpo-de-gestion-a2-de-la-administracion-general-promocion-interna-se-publican-puntuaciones-obtenidas-por-los-aspirantes-que-han-superado-el-proceso-selectivo-y-baremo-final-de-la\\\/\"]}]},{\"@type\":\"ImageObject\",\"inLanguage\":\"es\",\"@id\":\"https:\\\/\\\/www.emplea-te.com\\\/noticias-oposiciones\\\/xunta-de-galicia-cuerpo-de-gestion-a2-de-la-administracion-general-promocion-interna-se-publican-puntuaciones-obtenidas-por-los-aspirantes-que-han-superado-el-proceso-selectivo-y-baremo-final-de-la\\\/#primaryimage\",\"url\":\"https:\\\/\\\/www.emplea-te.com\\\/noticias-oposiciones\\\/wp-content\\\/uploads\\\/2019\\\/04\\\/xunta_De_Galicia.png\",\"contentUrl\":\"https:\\\/\\\/www.emplea-te.com\\\/noticias-oposiciones\\\/wp-content\\\/uploads\\\/2019\\\/04\\\/xunta_De_Galicia.png\",\"width\":315,\"height\":160,\"caption\":\"Oposiciones Xunta\"},{\"@type\":\"BreadcrumbList\",\"@id\":\"https:\\\/\\\/www.emplea-te.com\\\/noticias-oposiciones\\\/xunta-de-galicia-cuerpo-de-gestion-a2-de-la-administracion-general-promocion-interna-se-publican-puntuaciones-obtenidas-por-los-aspirantes-que-han-superado-el-proceso-selectivo-y-baremo-final-de-la\\\/#breadcrumb\",\"itemListElement\":[{\"@type\":\"ListItem\",\"position\":1,\"name\":\"Noticias Oposiciones\",\"item\":\"https:\\\/\\\/www.emplea-te.com\\\/noticias-oposiciones\\\/\"},{\"@type\":\"ListItem\",\"position\":2,\"name\":\"Oposiciones Xunta\",\"item\":\"https:\\\/\\\/www.emplea-te.com\\\/noticias-oposiciones\\\/categoria\\\/oposiciones-xunta\\\/\"},{\"@type\":\"ListItem\",\"position\":3,\"name\":\"Xunta de Galicia. Cuerpo de Gesti\u00f3n A2 de la administraci\u00f3n General promoci\u00f3n interna. Se publican puntuaciones obtenidas por los aspirantes que han superado el proceso selectivo y Baremo final de la fase de concurso.\"}]},{\"@type\":\"WebSite\",\"@id\":\"https:\\\/\\\/www.emplea-te.com\\\/noticias-oposiciones\\\/#website\",\"url\":\"https:\\\/\\\/www.emplea-te.com\\\/noticias-oposiciones\\\/\",\"name\":\"Noticas de oposiciones por Academia Emplea-te\",\"description\":\"Toda la actualidad de las ofertas y convocatorias.\",\"publisher\":{\"@id\":\"https:\\\/\\\/www.emplea-te.com\\\/noticias-oposiciones\\\/#organization\"},\"potentialAction\":[{\"@type\":\"SearchAction\",\"target\":{\"@type\":\"EntryPoint\",\"urlTemplate\":\"https:\\\/\\\/www.emplea-te.com\\\/noticias-oposiciones\\\/?s={search_term_string}\"},\"query-input\":{\"@type\":\"PropertyValueSpecification\",\"valueRequired\":true,\"valueName\":\"search_term_string\"}}],\"inLanguage\":\"es\"},{\"@type\":\"Organization\",\"@id\":\"https:\\\/\\\/www.emplea-te.com\\\/noticias-oposiciones\\\/#organization\",\"name\":\"Academia de oposiciones Empl\u00e9ate\",\"url\":\"https:\\\/\\\/www.emplea-te.com\\\/noticias-oposiciones\\\/\",\"logo\":{\"@type\":\"ImageObject\",\"inLanguage\":\"es\",\"@id\":\"https:\\\/\\\/www.emplea-te.com\\\/noticias-oposiciones\\\/#\\\/schema\\\/logo\\\/image\\\/\",\"url\":\"https:\\\/\\\/www.emplea-te.com\\\/noticias-oposiciones\\\/wp-content\\\/uploads\\\/2019\\\/04\\\/empleate.jpg\",\"contentUrl\":\"https:\\\/\\\/www.emplea-te.com\\\/noticias-oposiciones\\\/wp-content\\\/uploads\\\/2019\\\/04\\\/empleate.jpg\",\"width\":250,\"height\":150,\"caption\":\"Academia de oposiciones Empl\u00e9ate\"},\"image\":{\"@id\":\"https:\\\/\\\/www.emplea-te.com\\\/noticias-oposiciones\\\/#\\\/schema\\\/logo\\\/image\\\/\"},\"sameAs\":[\"https:\\\/\\\/www.facebook.com\\\/AcademiaEmpleate\\\/\",\"https:\\\/\\\/x.com\\\/Emplea_Te\",\"https:\\\/\\\/www.instagram.com\\\/academia_empleate\\\/\"]},{\"@type\":\"Person\",\"@id\":\"https:\\\/\\\/www.emplea-te.com\\\/noticias-oposiciones\\\/#\\\/schema\\\/person\\\/d1bc587e1af2b95e9c32aba1795509a6\",\"name\":\"Empleate\"}]}<\/script>\n<!-- \/ Yoast SEO plugin. -->","yoast_head_json":{"title":"Cuerpo Gesti\u00f3n A2 de la Xunta de Galicia P.I Puntuaciones y baremo final .","description":"Cuerpo de Gesti\u00f3n A2 de la Xunta de Galicia. Promoci\u00f3n interna . Puntuaciones y baremo final .","robots":{"index":"index","follow":"follow","max-snippet":"max-snippet:-1","max-image-preview":"max-image-preview:large","max-video-preview":"max-video-preview:-1"},"canonical":"https:\/\/www.emplea-te.com\/noticias-oposiciones\/xunta-de-galicia-cuerpo-de-gestion-a2-de-la-administracion-general-promocion-interna-se-publican-puntuaciones-obtenidas-por-los-aspirantes-que-han-superado-el-proceso-selectivo-y-baremo-final-de-la\/","og_locale":"es_ES","og_type":"article","og_title":"Cuerpo Gesti\u00f3n A2 de la Xunta de Galicia P.I Puntuaciones y baremo final .","og_description":"Cuerpo de Gesti\u00f3n A2 de la Xunta de Galicia. Promoci\u00f3n interna . Puntuaciones y baremo final .","og_url":"https:\/\/www.emplea-te.com\/noticias-oposiciones\/xunta-de-galicia-cuerpo-de-gestion-a2-de-la-administracion-general-promocion-interna-se-publican-puntuaciones-obtenidas-por-los-aspirantes-que-han-superado-el-proceso-selectivo-y-baremo-final-de-la\/","og_site_name":"Noticas de oposiciones por Academia Emplea-te","article_publisher":"https:\/\/www.facebook.com\/AcademiaEmpleate\/","article_published_time":"2020-10-06T08:08:06+00:00","og_image":[{"url":"https:\/\/www.emplea-te.com\/noticias-oposiciones\/wp-content\/uploads\/2019\/04\/xunta_De_Galicia.png","type":"","width":"","height":""}],"author":"Empleate","twitter_card":"summary_large_image","twitter_creator":"@Emplea_Te","twitter_site":"@Emplea_Te","twitter_misc":{"Escrito por":"Empleate"},"schema":{"@context":"https:\/\/schema.org","@graph":[{"@type":"Article","@id":"https:\/\/www.emplea-te.com\/noticias-oposiciones\/xunta-de-galicia-cuerpo-de-gestion-a2-de-la-administracion-general-promocion-interna-se-publican-puntuaciones-obtenidas-por-los-aspirantes-que-han-superado-el-proceso-selectivo-y-baremo-final-de-la\/#article","isPartOf":{"@id":"https:\/\/www.emplea-te.com\/noticias-oposiciones\/xunta-de-galicia-cuerpo-de-gestion-a2-de-la-administracion-general-promocion-interna-se-publican-puntuaciones-obtenidas-por-los-aspirantes-que-han-superado-el-proceso-selectivo-y-baremo-final-de-la\/"},"author":{"name":"Empleate","@id":"https:\/\/www.emplea-te.com\/noticias-oposiciones\/#\/schema\/person\/d1bc587e1af2b95e9c32aba1795509a6"},"headline":"Xunta de Galicia. Cuerpo de Gesti\u00f3n A2 de la administraci\u00f3n General promoci\u00f3n interna. Se publican puntuaciones obtenidas por los aspirantes que han superado el proceso selectivo y Baremo final de la fase de concurso.","datePublished":"2020-10-06T08:08:06+00:00","mainEntityOfPage":{"@id":"https:\/\/www.emplea-te.com\/noticias-oposiciones\/xunta-de-galicia-cuerpo-de-gestion-a2-de-la-administracion-general-promocion-interna-se-publican-puntuaciones-obtenidas-por-los-aspirantes-que-han-superado-el-proceso-selectivo-y-baremo-final-de-la\/"},"wordCount":126,"publisher":{"@id":"https:\/\/www.emplea-te.com\/noticias-oposiciones\/#organization"},"image":{"@id":"https:\/\/www.emplea-te.com\/noticias-oposiciones\/xunta-de-galicia-cuerpo-de-gestion-a2-de-la-administracion-general-promocion-interna-se-publican-puntuaciones-obtenidas-por-los-aspirantes-que-han-superado-el-proceso-selectivo-y-baremo-final-de-la\/#primaryimage"},"thumbnailUrl":"https:\/\/www.emplea-te.com\/noticias-oposiciones\/wp-content\/uploads\/2019\/04\/xunta_De_Galicia.png","keywords":["Promoci\u00f3n interna","Puntuaciones y notas de corte"],"articleSection":["Administraci\u00f3n General Subgrupo A2","Cuerpo de Gesti\u00f3n de la Administraci\u00f3n A2 Xunta","Oposiciones Xunta"],"inLanguage":"es"},{"@type":"WebPage","@id":"https:\/\/www.emplea-te.com\/noticias-oposiciones\/xunta-de-galicia-cuerpo-de-gestion-a2-de-la-administracion-general-promocion-interna-se-publican-puntuaciones-obtenidas-por-los-aspirantes-que-han-superado-el-proceso-selectivo-y-baremo-final-de-la\/","url":"https:\/\/www.emplea-te.com\/noticias-oposiciones\/xunta-de-galicia-cuerpo-de-gestion-a2-de-la-administracion-general-promocion-interna-se-publican-puntuaciones-obtenidas-por-los-aspirantes-que-han-superado-el-proceso-selectivo-y-baremo-final-de-la\/","name":"Cuerpo Gesti\u00f3n A2 de la Xunta de Galicia P.I Puntuaciones y baremo final .","isPartOf":{"@id":"https:\/\/www.emplea-te.com\/noticias-oposiciones\/#website"},"primaryImageOfPage":{"@id":"https:\/\/www.emplea-te.com\/noticias-oposiciones\/xunta-de-galicia-cuerpo-de-gestion-a2-de-la-administracion-general-promocion-interna-se-publican-puntuaciones-obtenidas-por-los-aspirantes-que-han-superado-el-proceso-selectivo-y-baremo-final-de-la\/#primaryimage"},"image":{"@id":"https:\/\/www.emplea-te.com\/noticias-oposiciones\/xunta-de-galicia-cuerpo-de-gestion-a2-de-la-administracion-general-promocion-interna-se-publican-puntuaciones-obtenidas-por-los-aspirantes-que-han-superado-el-proceso-selectivo-y-baremo-final-de-la\/#primaryimage"},"thumbnailUrl":"https:\/\/www.emplea-te.com\/noticias-oposiciones\/wp-content\/uploads\/2019\/04\/xunta_De_Galicia.png","datePublished":"2020-10-06T08:08:06+00:00","description":"Cuerpo de Gesti\u00f3n A2 de la Xunta de Galicia. Promoci\u00f3n interna . Puntuaciones y baremo final .","breadcrumb":{"@id":"https:\/\/www.emplea-te.com\/noticias-oposiciones\/xunta-de-galicia-cuerpo-de-gestion-a2-de-la-administracion-general-promocion-interna-se-publican-puntuaciones-obtenidas-por-los-aspirantes-que-han-superado-el-proceso-selectivo-y-baremo-final-de-la\/#breadcrumb"},"inLanguage":"es","potentialAction":[{"@type":"ReadAction","target":["https:\/\/www.emplea-te.com\/noticias-oposiciones\/xunta-de-galicia-cuerpo-de-gestion-a2-de-la-administracion-general-promocion-interna-se-publican-puntuaciones-obtenidas-por-los-aspirantes-que-han-superado-el-proceso-selectivo-y-baremo-final-de-la\/"]}]},{"@type":"ImageObject","inLanguage":"es","@id":"https:\/\/www.emplea-te.com\/noticias-oposiciones\/xunta-de-galicia-cuerpo-de-gestion-a2-de-la-administracion-general-promocion-interna-se-publican-puntuaciones-obtenidas-por-los-aspirantes-que-han-superado-el-proceso-selectivo-y-baremo-final-de-la\/#primaryimage","url":"https:\/\/www.emplea-te.com\/noticias-oposiciones\/wp-content\/uploads\/2019\/04\/xunta_De_Galicia.png","contentUrl":"https:\/\/www.emplea-te.com\/noticias-oposiciones\/wp-content\/uploads\/2019\/04\/xunta_De_Galicia.png","width":315,"height":160,"caption":"Oposiciones Xunta"},{"@type":"BreadcrumbList","@id":"https:\/\/www.emplea-te.com\/noticias-oposiciones\/xunta-de-galicia-cuerpo-de-gestion-a2-de-la-administracion-general-promocion-interna-se-publican-puntuaciones-obtenidas-por-los-aspirantes-que-han-superado-el-proceso-selectivo-y-baremo-final-de-la\/#breadcrumb","itemListElement":[{"@type":"ListItem","position":1,"name":"Noticias Oposiciones","item":"https:\/\/www.emplea-te.com\/noticias-oposiciones\/"},{"@type":"ListItem","position":2,"name":"Oposiciones Xunta","item":"https:\/\/www.emplea-te.com\/noticias-oposiciones\/categoria\/oposiciones-xunta\/"},{"@type":"ListItem","position":3,"name":"Xunta de Galicia. Cuerpo de Gesti\u00f3n A2 de la administraci\u00f3n General promoci\u00f3n interna. Se publican puntuaciones obtenidas por los aspirantes que han superado el proceso selectivo y Baremo final de la fase de concurso."}]},{"@type":"WebSite","@id":"https:\/\/www.emplea-te.com\/noticias-oposiciones\/#website","url":"https:\/\/www.emplea-te.com\/noticias-oposiciones\/","name":"Noticas de oposiciones por Academia Emplea-te","description":"Toda la actualidad de las ofertas y convocatorias.","publisher":{"@id":"https:\/\/www.emplea-te.com\/noticias-oposiciones\/#organization"},"potentialAction":[{"@type":"SearchAction","target":{"@type":"EntryPoint","urlTemplate":"https:\/\/www.emplea-te.com\/noticias-oposiciones\/?s={search_term_string}"},"query-input":{"@type":"PropertyValueSpecification","valueRequired":true,"valueName":"search_term_string"}}],"inLanguage":"es"},{"@type":"Organization","@id":"https:\/\/www.emplea-te.com\/noticias-oposiciones\/#organization","name":"Academia de oposiciones Empl\u00e9ate","url":"https:\/\/www.emplea-te.com\/noticias-oposiciones\/","logo":{"@type":"ImageObject","inLanguage":"es","@id":"https:\/\/www.emplea-te.com\/noticias-oposiciones\/#\/schema\/logo\/image\/","url":"https:\/\/www.emplea-te.com\/noticias-oposiciones\/wp-content\/uploads\/2019\/04\/empleate.jpg","contentUrl":"https:\/\/www.emplea-te.com\/noticias-oposiciones\/wp-content\/uploads\/2019\/04\/empleate.jpg","width":250,"height":150,"caption":"Academia de oposiciones Empl\u00e9ate"},"image":{"@id":"https:\/\/www.emplea-te.com\/noticias-oposiciones\/#\/schema\/logo\/image\/"},"sameAs":["https:\/\/www.facebook.com\/AcademiaEmpleate\/","https:\/\/x.com\/Emplea_Te","https:\/\/www.instagram.com\/academia_empleate\/"]},{"@type":"Person","@id":"https:\/\/www.emplea-te.com\/noticias-oposiciones\/#\/schema\/person\/d1bc587e1af2b95e9c32aba1795509a6","name":"Empleate"}]}},"_links":{"self":[{"href":"https:\/\/www.emplea-te.com\/noticias-oposiciones\/wp-json\/wp\/v2\/posts\/3774","targetHints":{"allow":["GET"]}}],"collection":[{"href":"https:\/\/www.emplea-te.com\/noticias-oposiciones\/wp-json\/wp\/v2\/posts"}],"about":[{"href":"https:\/\/www.emplea-te.com\/noticias-oposiciones\/wp-json\/wp\/v2\/types\/post"}],"author":[{"embeddable":true,"href":"https:\/\/www.emplea-te.com\/noticias-oposiciones\/wp-json\/wp\/v2\/users\/1"}],"replies":[{"embeddable":true,"href":"https:\/\/www.emplea-te.com\/noticias-oposiciones\/wp-json\/wp\/v2\/comments?post=3774"}],"version-history":[{"count":1,"href":"https:\/\/www.emplea-te.com\/noticias-oposiciones\/wp-json\/wp\/v2\/posts\/3774\/revisions"}],"predecessor-version":[{"id":3775,"href":"https:\/\/www.emplea-te.com\/noticias-oposiciones\/wp-json\/wp\/v2\/posts\/3774\/revisions\/3775"}],"wp:attachment":[{"href":"https:\/\/www.emplea-te.com\/noticias-oposiciones\/wp-json\/wp\/v2\/media?parent=3774"}],"wp:term":[{"taxonomy":"category","embeddable":true,"href":"https:\/\/www.emplea-te.com\/noticias-oposiciones\/wp-json\/wp\/v2\/categories?post=3774"},{"taxonomy":"post_tag","embeddable":true,"href":"https:\/\/www.emplea-te.com\/noticias-oposiciones\/wp-json\/wp\/v2\/tags?post=3774"}],"curies":[{"name":"wp","href":"https:\/\/api.w.org\/{rel}","templated":true}]}}