{"id":3778,"date":"2020-10-06T10:18:08","date_gmt":"2020-10-06T08:18:08","guid":{"rendered":"https:\/\/www.emplea-te.com\/noticias-oposiciones\/?p=3778"},"modified":"2020-10-06T10:18:08","modified_gmt":"2020-10-06T08:18:08","slug":"organo-administrativo-c1-xunta-de-galicia-promocion-interna-eleccion-provisonal-de-destinos","status":"publish","type":"post","link":"https:\/\/www.emplea-te.com\/noticias-oposiciones\/organo-administrativo-c1-xunta-de-galicia-promocion-interna-eleccion-provisonal-de-destinos\/","title":{"rendered":"\u00d3rgano Administrativo C1 Xunta de Galicia promoci\u00f3n interna. Elecci\u00f3n provisonal de destinos"},"content":{"rendered":"<p><img decoding=\"async\" class=\"alignleft wp-image-1502 size-full\" src=\"https:\/\/www.emplea-te.com\/noticias-oposiciones\/wp-content\/uploads\/2019\/04\/xunta_De_Galicia.png\" alt=\"Oposiciones Xunta\" width=\"315\" height=\"160\" srcset=\"https:\/\/www.emplea-te.com\/noticias-oposiciones\/wp-content\/uploads\/2019\/04\/xunta_De_Galicia.png 315w, https:\/\/www.emplea-te.com\/noticias-oposiciones\/wp-content\/uploads\/2019\/04\/xunta_De_Galicia-300x152.png 300w, https:\/\/www.emplea-te.com\/noticias-oposiciones\/wp-content\/uploads\/2019\/04\/xunta_De_Galicia-20x10.png 20w\" sizes=\"(max-width: 315px) 85vw, 315px\" \/><\/p>\n<p>Se publica en el DOG de hoy, d\u00eda 6 de octubre de 2020, la RESOLUCI\u00d3N de 1 de octubre de 2020 por la que se convoca para la <strong>elecci\u00f3n de destino provisional a las personas aspirantes que superaron el proceso selectivo para el ingreso por el turno de promoci\u00f3n interna<\/strong>, en el \u00f3rgano de administraci\u00f3n de la Administraci\u00f3n General de la Comunidad Aut\u00f3noma de Galicia, subgrupo C1, convocado por Orden de 1 de marzo de 2018.<\/p>\n<p><a href=\"https:\/\/www.xunta.gal\/dog\/Publicados\/2020\/20201006\/AnuncioG0597-300920-0005_gl.html\" target=\"_blank\" rel=\"noopener noreferrer\">Enlace a Resoluci\u00f3n\u00a0<\/a><\/p>\n<p>&nbsp;<\/p>\n<p>&nbsp;<\/p>\n","protected":false},"excerpt":{"rendered":"<p>Se publica en el DOG de hoy, d\u00eda 6 de octubre de 2020, la RESOLUCI\u00d3N de 1 de octubre de 2020 por la que se convoca para la elecci\u00f3n de destino provisional a las personas aspirantes que superaron el proceso selectivo para el ingreso por el turno de promoci\u00f3n interna, en el \u00f3rgano de administraci\u00f3n &hellip; <a href=\"https:\/\/www.emplea-te.com\/noticias-oposiciones\/organo-administrativo-c1-xunta-de-galicia-promocion-interna-eleccion-provisonal-de-destinos\/\" class=\"more-link\">Continuar leyendo<span class=\"screen-reader-text\"> \u00ab\u00d3rgano Administrativo C1 Xunta de Galicia promoci\u00f3n interna. Elecci\u00f3n provisonal de destinos\u00bb<\/span><\/a><\/p>\n","protected":false},"author":1,"featured_media":0,"comment_status":"closed","ping_status":"closed","sticky":false,"template":"","format":"standard","meta":{"footnotes":""},"categories":[60,4],"tags":[52],"class_list":["post-3778","post","type-post","status-publish","format-standard","hentry","category-administrativo-c1-xunta","category-oposiciones-xunta","tag-oposiciones-promocion-interna"],"yoast_head":"<!-- This site is optimized with the Yoast SEO plugin v27.5 - https:\/\/yoast.com\/product\/yoast-seo-wordpress\/ -->\n<title>Administrativo C1 Xunta de Galicia P.I elecci\u00f3n provisional de destinos<\/title>\n<meta name=\"description\" content=\"Administrativo C1 Xunta de Galicia (promoci\u00f3n interna) elecci\u00f3n provisional de destinos\" \/>\n<meta name=\"robots\" content=\"index, follow, max-snippet:-1, max-image-preview:large, max-video-preview:-1\" \/>\n<link rel=\"canonical\" href=\"https:\/\/www.emplea-te.com\/noticias-oposiciones\/organo-administrativo-c1-xunta-de-galicia-promocion-interna-eleccion-provisonal-de-destinos\/\" \/>\n<meta property=\"og:locale\" content=\"es_ES\" \/>\n<meta property=\"og:type\" content=\"article\" \/>\n<meta property=\"og:title\" content=\"Administrativo C1 Xunta de Galicia P.I elecci\u00f3n provisional de destinos\" \/>\n<meta property=\"og:description\" content=\"Administrativo C1 Xunta de Galicia (promoci\u00f3n interna) elecci\u00f3n provisional de destinos\" \/>\n<meta property=\"og:url\" content=\"https:\/\/www.emplea-te.com\/noticias-oposiciones\/organo-administrativo-c1-xunta-de-galicia-promocion-interna-eleccion-provisonal-de-destinos\/\" \/>\n<meta property=\"og:site_name\" content=\"Noticas de oposiciones por Academia Emplea-te\" \/>\n<meta property=\"article:publisher\" content=\"https:\/\/www.facebook.com\/AcademiaEmpleate\/\" \/>\n<meta property=\"article:published_time\" content=\"2020-10-06T08:18:08+00:00\" \/>\n<meta property=\"og:image\" content=\"https:\/\/www.emplea-te.com\/noticias-oposiciones\/wp-content\/uploads\/2019\/04\/xunta_De_Galicia.png\" \/>\n<meta name=\"author\" content=\"Empleate\" \/>\n<meta name=\"twitter:card\" content=\"summary_large_image\" \/>\n<meta name=\"twitter:creator\" content=\"@Emplea_Te\" \/>\n<meta name=\"twitter:site\" content=\"@Emplea_Te\" \/>\n<meta name=\"twitter:label1\" content=\"Escrito por\" \/>\n\t<meta name=\"twitter:data1\" content=\"Empleate\" \/>\n<script type=\"application\/ld+json\" class=\"yoast-schema-graph\">{\"@context\":\"https:\\\/\\\/schema.org\",\"@graph\":[{\"@type\":\"Article\",\"@id\":\"https:\\\/\\\/www.emplea-te.com\\\/noticias-oposiciones\\\/organo-administrativo-c1-xunta-de-galicia-promocion-interna-eleccion-provisonal-de-destinos\\\/#article\",\"isPartOf\":{\"@id\":\"https:\\\/\\\/www.emplea-te.com\\\/noticias-oposiciones\\\/organo-administrativo-c1-xunta-de-galicia-promocion-interna-eleccion-provisonal-de-destinos\\\/\"},\"author\":{\"name\":\"Empleate\",\"@id\":\"https:\\\/\\\/www.emplea-te.com\\\/noticias-oposiciones\\\/#\\\/schema\\\/person\\\/d1bc587e1af2b95e9c32aba1795509a6\"},\"headline\":\"\u00d3rgano Administrativo C1 Xunta de Galicia promoci\u00f3n interna. Elecci\u00f3n provisonal de destinos\",\"datePublished\":\"2020-10-06T08:18:08+00:00\",\"mainEntityOfPage\":{\"@id\":\"https:\\\/\\\/www.emplea-te.com\\\/noticias-oposiciones\\\/organo-administrativo-c1-xunta-de-galicia-promocion-interna-eleccion-provisonal-de-destinos\\\/\"},\"wordCount\":97,\"publisher\":{\"@id\":\"https:\\\/\\\/www.emplea-te.com\\\/noticias-oposiciones\\\/#organization\"},\"image\":{\"@id\":\"https:\\\/\\\/www.emplea-te.com\\\/noticias-oposiciones\\\/organo-administrativo-c1-xunta-de-galicia-promocion-interna-eleccion-provisonal-de-destinos\\\/#primaryimage\"},\"thumbnailUrl\":\"https:\\\/\\\/www.emplea-te.com\\\/noticias-oposiciones\\\/wp-content\\\/uploads\\\/2019\\\/04\\\/xunta_De_Galicia.png\",\"keywords\":[\"Promoci\u00f3n interna\"],\"articleSection\":[\"Administrativo C1 Xunta\",\"Oposiciones Xunta\"],\"inLanguage\":\"es\"},{\"@type\":\"WebPage\",\"@id\":\"https:\\\/\\\/www.emplea-te.com\\\/noticias-oposiciones\\\/organo-administrativo-c1-xunta-de-galicia-promocion-interna-eleccion-provisonal-de-destinos\\\/\",\"url\":\"https:\\\/\\\/www.emplea-te.com\\\/noticias-oposiciones\\\/organo-administrativo-c1-xunta-de-galicia-promocion-interna-eleccion-provisonal-de-destinos\\\/\",\"name\":\"Administrativo C1 Xunta de Galicia P.I elecci\u00f3n provisional de destinos\",\"isPartOf\":{\"@id\":\"https:\\\/\\\/www.emplea-te.com\\\/noticias-oposiciones\\\/#website\"},\"primaryImageOfPage\":{\"@id\":\"https:\\\/\\\/www.emplea-te.com\\\/noticias-oposiciones\\\/organo-administrativo-c1-xunta-de-galicia-promocion-interna-eleccion-provisonal-de-destinos\\\/#primaryimage\"},\"image\":{\"@id\":\"https:\\\/\\\/www.emplea-te.com\\\/noticias-oposiciones\\\/organo-administrativo-c1-xunta-de-galicia-promocion-interna-eleccion-provisonal-de-destinos\\\/#primaryimage\"},\"thumbnailUrl\":\"https:\\\/\\\/www.emplea-te.com\\\/noticias-oposiciones\\\/wp-content\\\/uploads\\\/2019\\\/04\\\/xunta_De_Galicia.png\",\"datePublished\":\"2020-10-06T08:18:08+00:00\",\"description\":\"Administrativo C1 Xunta de Galicia (promoci\u00f3n interna) elecci\u00f3n provisional de destinos\",\"breadcrumb\":{\"@id\":\"https:\\\/\\\/www.emplea-te.com\\\/noticias-oposiciones\\\/organo-administrativo-c1-xunta-de-galicia-promocion-interna-eleccion-provisonal-de-destinos\\\/#breadcrumb\"},\"inLanguage\":\"es\",\"potentialAction\":[{\"@type\":\"ReadAction\",\"target\":[\"https:\\\/\\\/www.emplea-te.com\\\/noticias-oposiciones\\\/organo-administrativo-c1-xunta-de-galicia-promocion-interna-eleccion-provisonal-de-destinos\\\/\"]}]},{\"@type\":\"ImageObject\",\"inLanguage\":\"es\",\"@id\":\"https:\\\/\\\/www.emplea-te.com\\\/noticias-oposiciones\\\/organo-administrativo-c1-xunta-de-galicia-promocion-interna-eleccion-provisonal-de-destinos\\\/#primaryimage\",\"url\":\"https:\\\/\\\/www.emplea-te.com\\\/noticias-oposiciones\\\/wp-content\\\/uploads\\\/2019\\\/04\\\/xunta_De_Galicia.png\",\"contentUrl\":\"https:\\\/\\\/www.emplea-te.com\\\/noticias-oposiciones\\\/wp-content\\\/uploads\\\/2019\\\/04\\\/xunta_De_Galicia.png\",\"width\":315,\"height\":160,\"caption\":\"Oposiciones Xunta\"},{\"@type\":\"BreadcrumbList\",\"@id\":\"https:\\\/\\\/www.emplea-te.com\\\/noticias-oposiciones\\\/organo-administrativo-c1-xunta-de-galicia-promocion-interna-eleccion-provisonal-de-destinos\\\/#breadcrumb\",\"itemListElement\":[{\"@type\":\"ListItem\",\"position\":1,\"name\":\"Noticias Oposiciones\",\"item\":\"https:\\\/\\\/www.emplea-te.com\\\/noticias-oposiciones\\\/\"},{\"@type\":\"ListItem\",\"position\":2,\"name\":\"Oposiciones Xunta\",\"item\":\"https:\\\/\\\/www.emplea-te.com\\\/noticias-oposiciones\\\/categoria\\\/oposiciones-xunta\\\/\"},{\"@type\":\"ListItem\",\"position\":3,\"name\":\"\u00d3rgano Administrativo C1 Xunta de Galicia promoci\u00f3n interna. Elecci\u00f3n provisonal de destinos\"}]},{\"@type\":\"WebSite\",\"@id\":\"https:\\\/\\\/www.emplea-te.com\\\/noticias-oposiciones\\\/#website\",\"url\":\"https:\\\/\\\/www.emplea-te.com\\\/noticias-oposiciones\\\/\",\"name\":\"Noticas de oposiciones por Academia Emplea-te\",\"description\":\"Toda la actualidad de las ofertas y convocatorias.\",\"publisher\":{\"@id\":\"https:\\\/\\\/www.emplea-te.com\\\/noticias-oposiciones\\\/#organization\"},\"potentialAction\":[{\"@type\":\"SearchAction\",\"target\":{\"@type\":\"EntryPoint\",\"urlTemplate\":\"https:\\\/\\\/www.emplea-te.com\\\/noticias-oposiciones\\\/?s={search_term_string}\"},\"query-input\":{\"@type\":\"PropertyValueSpecification\",\"valueRequired\":true,\"valueName\":\"search_term_string\"}}],\"inLanguage\":\"es\"},{\"@type\":\"Organization\",\"@id\":\"https:\\\/\\\/www.emplea-te.com\\\/noticias-oposiciones\\\/#organization\",\"name\":\"Academia de oposiciones Empl\u00e9ate\",\"url\":\"https:\\\/\\\/www.emplea-te.com\\\/noticias-oposiciones\\\/\",\"logo\":{\"@type\":\"ImageObject\",\"inLanguage\":\"es\",\"@id\":\"https:\\\/\\\/www.emplea-te.com\\\/noticias-oposiciones\\\/#\\\/schema\\\/logo\\\/image\\\/\",\"url\":\"https:\\\/\\\/www.emplea-te.com\\\/noticias-oposiciones\\\/wp-content\\\/uploads\\\/2019\\\/04\\\/empleate.jpg\",\"contentUrl\":\"https:\\\/\\\/www.emplea-te.com\\\/noticias-oposiciones\\\/wp-content\\\/uploads\\\/2019\\\/04\\\/empleate.jpg\",\"width\":250,\"height\":150,\"caption\":\"Academia de oposiciones Empl\u00e9ate\"},\"image\":{\"@id\":\"https:\\\/\\\/www.emplea-te.com\\\/noticias-oposiciones\\\/#\\\/schema\\\/logo\\\/image\\\/\"},\"sameAs\":[\"https:\\\/\\\/www.facebook.com\\\/AcademiaEmpleate\\\/\",\"https:\\\/\\\/x.com\\\/Emplea_Te\",\"https:\\\/\\\/www.instagram.com\\\/academia_empleate\\\/\"]},{\"@type\":\"Person\",\"@id\":\"https:\\\/\\\/www.emplea-te.com\\\/noticias-oposiciones\\\/#\\\/schema\\\/person\\\/d1bc587e1af2b95e9c32aba1795509a6\",\"name\":\"Empleate\"}]}<\/script>\n<!-- \/ Yoast SEO plugin. -->","yoast_head_json":{"title":"Administrativo C1 Xunta de Galicia P.I elecci\u00f3n provisional de destinos","description":"Administrativo C1 Xunta de Galicia (promoci\u00f3n interna) elecci\u00f3n provisional de destinos","robots":{"index":"index","follow":"follow","max-snippet":"max-snippet:-1","max-image-preview":"max-image-preview:large","max-video-preview":"max-video-preview:-1"},"canonical":"https:\/\/www.emplea-te.com\/noticias-oposiciones\/organo-administrativo-c1-xunta-de-galicia-promocion-interna-eleccion-provisonal-de-destinos\/","og_locale":"es_ES","og_type":"article","og_title":"Administrativo C1 Xunta de Galicia P.I elecci\u00f3n provisional de destinos","og_description":"Administrativo C1 Xunta de Galicia (promoci\u00f3n interna) elecci\u00f3n provisional de destinos","og_url":"https:\/\/www.emplea-te.com\/noticias-oposiciones\/organo-administrativo-c1-xunta-de-galicia-promocion-interna-eleccion-provisonal-de-destinos\/","og_site_name":"Noticas de oposiciones por Academia Emplea-te","article_publisher":"https:\/\/www.facebook.com\/AcademiaEmpleate\/","article_published_time":"2020-10-06T08:18:08+00:00","og_image":[{"url":"https:\/\/www.emplea-te.com\/noticias-oposiciones\/wp-content\/uploads\/2019\/04\/xunta_De_Galicia.png","type":"","width":"","height":""}],"author":"Empleate","twitter_card":"summary_large_image","twitter_creator":"@Emplea_Te","twitter_site":"@Emplea_Te","twitter_misc":{"Escrito por":"Empleate"},"schema":{"@context":"https:\/\/schema.org","@graph":[{"@type":"Article","@id":"https:\/\/www.emplea-te.com\/noticias-oposiciones\/organo-administrativo-c1-xunta-de-galicia-promocion-interna-eleccion-provisonal-de-destinos\/#article","isPartOf":{"@id":"https:\/\/www.emplea-te.com\/noticias-oposiciones\/organo-administrativo-c1-xunta-de-galicia-promocion-interna-eleccion-provisonal-de-destinos\/"},"author":{"name":"Empleate","@id":"https:\/\/www.emplea-te.com\/noticias-oposiciones\/#\/schema\/person\/d1bc587e1af2b95e9c32aba1795509a6"},"headline":"\u00d3rgano Administrativo C1 Xunta de Galicia promoci\u00f3n interna. Elecci\u00f3n provisonal de destinos","datePublished":"2020-10-06T08:18:08+00:00","mainEntityOfPage":{"@id":"https:\/\/www.emplea-te.com\/noticias-oposiciones\/organo-administrativo-c1-xunta-de-galicia-promocion-interna-eleccion-provisonal-de-destinos\/"},"wordCount":97,"publisher":{"@id":"https:\/\/www.emplea-te.com\/noticias-oposiciones\/#organization"},"image":{"@id":"https:\/\/www.emplea-te.com\/noticias-oposiciones\/organo-administrativo-c1-xunta-de-galicia-promocion-interna-eleccion-provisonal-de-destinos\/#primaryimage"},"thumbnailUrl":"https:\/\/www.emplea-te.com\/noticias-oposiciones\/wp-content\/uploads\/2019\/04\/xunta_De_Galicia.png","keywords":["Promoci\u00f3n interna"],"articleSection":["Administrativo C1 Xunta","Oposiciones Xunta"],"inLanguage":"es"},{"@type":"WebPage","@id":"https:\/\/www.emplea-te.com\/noticias-oposiciones\/organo-administrativo-c1-xunta-de-galicia-promocion-interna-eleccion-provisonal-de-destinos\/","url":"https:\/\/www.emplea-te.com\/noticias-oposiciones\/organo-administrativo-c1-xunta-de-galicia-promocion-interna-eleccion-provisonal-de-destinos\/","name":"Administrativo C1 Xunta de Galicia P.I elecci\u00f3n provisional de destinos","isPartOf":{"@id":"https:\/\/www.emplea-te.com\/noticias-oposiciones\/#website"},"primaryImageOfPage":{"@id":"https:\/\/www.emplea-te.com\/noticias-oposiciones\/organo-administrativo-c1-xunta-de-galicia-promocion-interna-eleccion-provisonal-de-destinos\/#primaryimage"},"image":{"@id":"https:\/\/www.emplea-te.com\/noticias-oposiciones\/organo-administrativo-c1-xunta-de-galicia-promocion-interna-eleccion-provisonal-de-destinos\/#primaryimage"},"thumbnailUrl":"https:\/\/www.emplea-te.com\/noticias-oposiciones\/wp-content\/uploads\/2019\/04\/xunta_De_Galicia.png","datePublished":"2020-10-06T08:18:08+00:00","description":"Administrativo C1 Xunta de Galicia (promoci\u00f3n interna) elecci\u00f3n provisional de destinos","breadcrumb":{"@id":"https:\/\/www.emplea-te.com\/noticias-oposiciones\/organo-administrativo-c1-xunta-de-galicia-promocion-interna-eleccion-provisonal-de-destinos\/#breadcrumb"},"inLanguage":"es","potentialAction":[{"@type":"ReadAction","target":["https:\/\/www.emplea-te.com\/noticias-oposiciones\/organo-administrativo-c1-xunta-de-galicia-promocion-interna-eleccion-provisonal-de-destinos\/"]}]},{"@type":"ImageObject","inLanguage":"es","@id":"https:\/\/www.emplea-te.com\/noticias-oposiciones\/organo-administrativo-c1-xunta-de-galicia-promocion-interna-eleccion-provisonal-de-destinos\/#primaryimage","url":"https:\/\/www.emplea-te.com\/noticias-oposiciones\/wp-content\/uploads\/2019\/04\/xunta_De_Galicia.png","contentUrl":"https:\/\/www.emplea-te.com\/noticias-oposiciones\/wp-content\/uploads\/2019\/04\/xunta_De_Galicia.png","width":315,"height":160,"caption":"Oposiciones Xunta"},{"@type":"BreadcrumbList","@id":"https:\/\/www.emplea-te.com\/noticias-oposiciones\/organo-administrativo-c1-xunta-de-galicia-promocion-interna-eleccion-provisonal-de-destinos\/#breadcrumb","itemListElement":[{"@type":"ListItem","position":1,"name":"Noticias Oposiciones","item":"https:\/\/www.emplea-te.com\/noticias-oposiciones\/"},{"@type":"ListItem","position":2,"name":"Oposiciones Xunta","item":"https:\/\/www.emplea-te.com\/noticias-oposiciones\/categoria\/oposiciones-xunta\/"},{"@type":"ListItem","position":3,"name":"\u00d3rgano Administrativo C1 Xunta de Galicia promoci\u00f3n interna. Elecci\u00f3n provisonal de destinos"}]},{"@type":"WebSite","@id":"https:\/\/www.emplea-te.com\/noticias-oposiciones\/#website","url":"https:\/\/www.emplea-te.com\/noticias-oposiciones\/","name":"Noticas de oposiciones por Academia Emplea-te","description":"Toda la actualidad de las ofertas y convocatorias.","publisher":{"@id":"https:\/\/www.emplea-te.com\/noticias-oposiciones\/#organization"},"potentialAction":[{"@type":"SearchAction","target":{"@type":"EntryPoint","urlTemplate":"https:\/\/www.emplea-te.com\/noticias-oposiciones\/?s={search_term_string}"},"query-input":{"@type":"PropertyValueSpecification","valueRequired":true,"valueName":"search_term_string"}}],"inLanguage":"es"},{"@type":"Organization","@id":"https:\/\/www.emplea-te.com\/noticias-oposiciones\/#organization","name":"Academia de oposiciones Empl\u00e9ate","url":"https:\/\/www.emplea-te.com\/noticias-oposiciones\/","logo":{"@type":"ImageObject","inLanguage":"es","@id":"https:\/\/www.emplea-te.com\/noticias-oposiciones\/#\/schema\/logo\/image\/","url":"https:\/\/www.emplea-te.com\/noticias-oposiciones\/wp-content\/uploads\/2019\/04\/empleate.jpg","contentUrl":"https:\/\/www.emplea-te.com\/noticias-oposiciones\/wp-content\/uploads\/2019\/04\/empleate.jpg","width":250,"height":150,"caption":"Academia de oposiciones Empl\u00e9ate"},"image":{"@id":"https:\/\/www.emplea-te.com\/noticias-oposiciones\/#\/schema\/logo\/image\/"},"sameAs":["https:\/\/www.facebook.com\/AcademiaEmpleate\/","https:\/\/x.com\/Emplea_Te","https:\/\/www.instagram.com\/academia_empleate\/"]},{"@type":"Person","@id":"https:\/\/www.emplea-te.com\/noticias-oposiciones\/#\/schema\/person\/d1bc587e1af2b95e9c32aba1795509a6","name":"Empleate"}]}},"_links":{"self":[{"href":"https:\/\/www.emplea-te.com\/noticias-oposiciones\/wp-json\/wp\/v2\/posts\/3778","targetHints":{"allow":["GET"]}}],"collection":[{"href":"https:\/\/www.emplea-te.com\/noticias-oposiciones\/wp-json\/wp\/v2\/posts"}],"about":[{"href":"https:\/\/www.emplea-te.com\/noticias-oposiciones\/wp-json\/wp\/v2\/types\/post"}],"author":[{"embeddable":true,"href":"https:\/\/www.emplea-te.com\/noticias-oposiciones\/wp-json\/wp\/v2\/users\/1"}],"replies":[{"embeddable":true,"href":"https:\/\/www.emplea-te.com\/noticias-oposiciones\/wp-json\/wp\/v2\/comments?post=3778"}],"version-history":[{"count":1,"href":"https:\/\/www.emplea-te.com\/noticias-oposiciones\/wp-json\/wp\/v2\/posts\/3778\/revisions"}],"predecessor-version":[{"id":3779,"href":"https:\/\/www.emplea-te.com\/noticias-oposiciones\/wp-json\/wp\/v2\/posts\/3778\/revisions\/3779"}],"wp:attachment":[{"href":"https:\/\/www.emplea-te.com\/noticias-oposiciones\/wp-json\/wp\/v2\/media?parent=3778"}],"wp:term":[{"taxonomy":"category","embeddable":true,"href":"https:\/\/www.emplea-te.com\/noticias-oposiciones\/wp-json\/wp\/v2\/categories?post=3778"},{"taxonomy":"post_tag","embeddable":true,"href":"https:\/\/www.emplea-te.com\/noticias-oposiciones\/wp-json\/wp\/v2\/tags?post=3778"}],"curies":[{"name":"wp","href":"https:\/\/api.w.org\/{rel}","templated":true}]}}