{"id":3780,"date":"2020-10-06T10:24:56","date_gmt":"2020-10-06T08:24:56","guid":{"rendered":"https:\/\/www.emplea-te.com\/noticias-oposiciones\/?p=3780"},"modified":"2020-10-06T10:24:56","modified_gmt":"2020-10-06T08:24:56","slug":"convocatoria-policia-local-ayuntamiento-de-pontevedra-oeps-2019-2020","status":"publish","type":"post","link":"https:\/\/www.emplea-te.com\/noticias-oposiciones\/convocatoria-policia-local-ayuntamiento-de-pontevedra-oeps-2019-2020\/","title":{"rendered":"Convocatoria Polic\u00eda Local Ayuntamiento de Pontevedra (OEPs 2019\/2020)"},"content":{"rendered":"<p><img decoding=\"async\" class=\"alignleft wp-image-1601 size-full\" src=\"https:\/\/www.emplea-te.com\/noticias-oposiciones\/wp-content\/uploads\/2019\/04\/Polic\u00eda-Local-.jpg\" alt=\"\" width=\"284\" height=\"337\" srcset=\"https:\/\/www.emplea-te.com\/noticias-oposiciones\/wp-content\/uploads\/2019\/04\/Polic\u00eda-Local-.jpg 284w, https:\/\/www.emplea-te.com\/noticias-oposiciones\/wp-content\/uploads\/2019\/04\/Polic\u00eda-Local--253x300.jpg 253w, https:\/\/www.emplea-te.com\/noticias-oposiciones\/wp-content\/uploads\/2019\/04\/Polic\u00eda-Local--17x20.jpg 17w\" sizes=\"(max-width: 284px) 85vw, 284px\" \/><\/p>\n<p>Se publica en el DOG de hoy, d\u00eda 6 de octubre de 2020 el ANUNCIO de la convocatoria para cubrir varias vacantes en el cuerpo de la Polic\u00eda Local del Ayuntamiento de Pontevedra OEP 2019 y 2020.<\/p>\n<p><a href=\"https:\/\/www.xunta.gal\/dog\/Publicados\/2020\/20201006\/AnuncioL238-150920-0001_gl.html\" target=\"_blank\" rel=\"noopener noreferrer\">Enlace a Anuncio publicado en el DOG<\/a><\/p>\n<p>&nbsp;<\/p>\n<p class=\"dog-base-sangria\"><span>El consejero delegado del Servicio de Personal y Cultura convoc\u00f3, mediante Resoluci\u00f3n de 25 de agosto de 2020, los procesos de selecci\u00f3n para cubrir diversas vacantes en la Polic\u00eda Local del Ayuntamiento de Pontevedra incluidas en la oferta p\u00fablica de empleo para 2019 y 2020 , que se enumeran a continuaci\u00f3n:<\/span><\/p>\n<p class=\"dog-base-sangria\"><span>Subgrupo A2. Clasificaci\u00f3n: Escala de administraci\u00f3n especial, subescala de servicios especiales, clase de polic\u00eda local.<br \/>\nN\u00famero de vacantes: 1.<br \/>\nNombre: inspector.<\/span><\/p>\n<p class=\"dog-base-sangria\"><span>\u00a0C. Subgrupo C1. Clasificaci\u00f3n: Escala de administraci\u00f3n especial, subescala de servicios especiales, clase de polic\u00eda local.<br \/>\nN\u00famero de vacantes: 2.<br \/>\nNombre: funcionario.<\/span><\/p>\n<p class=\"dog-base-sangria\"><span>\u00a0C. Subgrupo C1. Clasificaci\u00f3n: Escala de administraci\u00f3n especial, subescala de servicios especiales, clase de polic\u00eda local.<br \/>\nN\u00famero de vacantes: 2.<br \/>\nNombre: polic\u00eda.<\/span><\/p>\n<p class=\"dog-base-sangria\"><span>El plazo de <strong>presentaci\u00f3n de solicitudes ser\u00e1 de veinte d\u00edas naturales a partir del d\u00eda siguiente a la publicaci\u00f3n de esta convocatoria en el\u00a0<\/strong><\/span><strong><span class=\"dog-cursiva\">Bolet\u00edn Oficial del Estado<\/span><\/strong><span><strong>\u00a0,<\/strong> publicando las sucesivas convocatorias en el\u00a0<\/span><span class=\"dog-cursiva\"><span>Bolet\u00edn Oficial<\/span><\/span><span>\u00a0de la provincia de Pontevedra y en el consejo de administraci\u00f3n de la corporaci\u00f3n en los t\u00e9rminos establecidos. en las bases.<\/span><\/p>\n<p><a href=\"https:\/\/www.emplea-te.com\/9-oposiciones-de-policia-local\" target=\"_blank\" rel=\"noopener noreferrer\">Inf\u00f3rmate de c\u00f3mo prepararte en nuestros grupos presenciales o grupos online<\/a><\/p>\n<p>&nbsp;<\/p>\n","protected":false},"excerpt":{"rendered":"<p>Se publica en el DOG de hoy, d\u00eda 6 de octubre de 2020 el ANUNCIO de la convocatoria para cubrir varias vacantes en el cuerpo de la Polic\u00eda Local del Ayuntamiento de Pontevedra OEP 2019 y 2020. Enlace a Anuncio publicado en el DOG &nbsp; El consejero delegado del Servicio de Personal y Cultura convoc\u00f3, &hellip; <a href=\"https:\/\/www.emplea-te.com\/noticias-oposiciones\/convocatoria-policia-local-ayuntamiento-de-pontevedra-oeps-2019-2020\/\" class=\"more-link\">Continuar leyendo<span class=\"screen-reader-text\"> \u00abConvocatoria Polic\u00eda Local Ayuntamiento de Pontevedra (OEPs 2019\/2020)\u00bb<\/span><\/a><\/p>\n","protected":false},"author":1,"featured_media":0,"comment_status":"closed","ping_status":"closed","sticky":false,"template":"","format":"standard","meta":{"footnotes":""},"categories":[37],"tags":[49],"class_list":["post-3780","post","type-post","status-publish","format-standard","hentry","category-convocatorias-ayuntamientos","tag-convocatorias-de-oposiciones"],"yoast_head":"<!-- This site is optimized with the Yoast SEO plugin v27.5 - https:\/\/yoast.com\/product\/yoast-seo-wordpress\/ -->\n<title>Convocatoria plazas Polic\u00eda Local Ayuntamiento de Pontevedra.<\/title>\n<meta name=\"description\" content=\"Convocatoria plazas Polic\u00eda Local Ayuntamiento de Pontevedra. Inf\u00f3rmate en el enlace de c\u00f3mo prepararte en nuestros grupos.\" \/>\n<meta name=\"robots\" content=\"index, follow, max-snippet:-1, max-image-preview:large, max-video-preview:-1\" \/>\n<link rel=\"canonical\" href=\"https:\/\/www.emplea-te.com\/noticias-oposiciones\/convocatoria-policia-local-ayuntamiento-de-pontevedra-oeps-2019-2020\/\" \/>\n<meta property=\"og:locale\" content=\"es_ES\" \/>\n<meta property=\"og:type\" content=\"article\" \/>\n<meta property=\"og:title\" content=\"Convocatoria plazas Polic\u00eda Local Ayuntamiento de Pontevedra.\" \/>\n<meta property=\"og:description\" content=\"Convocatoria plazas Polic\u00eda Local Ayuntamiento de Pontevedra. Inf\u00f3rmate en el enlace de c\u00f3mo prepararte en nuestros grupos.\" \/>\n<meta property=\"og:url\" content=\"https:\/\/www.emplea-te.com\/noticias-oposiciones\/convocatoria-policia-local-ayuntamiento-de-pontevedra-oeps-2019-2020\/\" \/>\n<meta property=\"og:site_name\" content=\"Noticas de oposiciones por Academia Emplea-te\" \/>\n<meta property=\"article:publisher\" content=\"https:\/\/www.facebook.com\/AcademiaEmpleate\/\" \/>\n<meta property=\"article:published_time\" content=\"2020-10-06T08:24:56+00:00\" \/>\n<meta property=\"og:image\" content=\"https:\/\/www.emplea-te.com\/noticias-oposiciones\/wp-content\/uploads\/2019\/04\/Polic\u00eda-Local-.jpg\" \/>\n<meta name=\"author\" content=\"Empleate\" \/>\n<meta name=\"twitter:card\" content=\"summary_large_image\" \/>\n<meta name=\"twitter:creator\" content=\"@Emplea_Te\" \/>\n<meta name=\"twitter:site\" content=\"@Emplea_Te\" \/>\n<meta name=\"twitter:label1\" content=\"Escrito por\" \/>\n\t<meta name=\"twitter:data1\" content=\"Empleate\" \/>\n\t<meta name=\"twitter:label2\" content=\"Tiempo de lectura\" \/>\n\t<meta name=\"twitter:data2\" content=\"1 minuto\" \/>\n<script type=\"application\/ld+json\" class=\"yoast-schema-graph\">{\"@context\":\"https:\\\/\\\/schema.org\",\"@graph\":[{\"@type\":\"Article\",\"@id\":\"https:\\\/\\\/www.emplea-te.com\\\/noticias-oposiciones\\\/convocatoria-policia-local-ayuntamiento-de-pontevedra-oeps-2019-2020\\\/#article\",\"isPartOf\":{\"@id\":\"https:\\\/\\\/www.emplea-te.com\\\/noticias-oposiciones\\\/convocatoria-policia-local-ayuntamiento-de-pontevedra-oeps-2019-2020\\\/\"},\"author\":{\"name\":\"Empleate\",\"@id\":\"https:\\\/\\\/www.emplea-te.com\\\/noticias-oposiciones\\\/#\\\/schema\\\/person\\\/d1bc587e1af2b95e9c32aba1795509a6\"},\"headline\":\"Convocatoria Polic\u00eda Local Ayuntamiento de Pontevedra (OEPs 2019\\\/2020)\",\"datePublished\":\"2020-10-06T08:24:56+00:00\",\"mainEntityOfPage\":{\"@id\":\"https:\\\/\\\/www.emplea-te.com\\\/noticias-oposiciones\\\/convocatoria-policia-local-ayuntamiento-de-pontevedra-oeps-2019-2020\\\/\"},\"wordCount\":257,\"publisher\":{\"@id\":\"https:\\\/\\\/www.emplea-te.com\\\/noticias-oposiciones\\\/#organization\"},\"keywords\":[\"Convocatoria\"],\"articleSection\":[\"Convocatorias Ayuntamientos\"],\"inLanguage\":\"es\"},{\"@type\":\"WebPage\",\"@id\":\"https:\\\/\\\/www.emplea-te.com\\\/noticias-oposiciones\\\/convocatoria-policia-local-ayuntamiento-de-pontevedra-oeps-2019-2020\\\/\",\"url\":\"https:\\\/\\\/www.emplea-te.com\\\/noticias-oposiciones\\\/convocatoria-policia-local-ayuntamiento-de-pontevedra-oeps-2019-2020\\\/\",\"name\":\"Convocatoria plazas Polic\u00eda Local Ayuntamiento de Pontevedra.\",\"isPartOf\":{\"@id\":\"https:\\\/\\\/www.emplea-te.com\\\/noticias-oposiciones\\\/#website\"},\"datePublished\":\"2020-10-06T08:24:56+00:00\",\"description\":\"Convocatoria plazas Polic\u00eda Local Ayuntamiento de Pontevedra. Inf\u00f3rmate en el enlace de c\u00f3mo prepararte en nuestros grupos.\",\"breadcrumb\":{\"@id\":\"https:\\\/\\\/www.emplea-te.com\\\/noticias-oposiciones\\\/convocatoria-policia-local-ayuntamiento-de-pontevedra-oeps-2019-2020\\\/#breadcrumb\"},\"inLanguage\":\"es\",\"potentialAction\":[{\"@type\":\"ReadAction\",\"target\":[\"https:\\\/\\\/www.emplea-te.com\\\/noticias-oposiciones\\\/convocatoria-policia-local-ayuntamiento-de-pontevedra-oeps-2019-2020\\\/\"]}]},{\"@type\":\"BreadcrumbList\",\"@id\":\"https:\\\/\\\/www.emplea-te.com\\\/noticias-oposiciones\\\/convocatoria-policia-local-ayuntamiento-de-pontevedra-oeps-2019-2020\\\/#breadcrumb\",\"itemListElement\":[{\"@type\":\"ListItem\",\"position\":1,\"name\":\"Noticias Oposiciones\",\"item\":\"https:\\\/\\\/www.emplea-te.com\\\/noticias-oposiciones\\\/\"},{\"@type\":\"ListItem\",\"position\":2,\"name\":\"Oposiciones Auton\u00f3micas Galicia\",\"item\":\"https:\\\/\\\/www.emplea-te.com\\\/noticias-oposiciones\\\/categoria\\\/oposiciones-autonomicas-galicia\\\/\"},{\"@type\":\"ListItem\",\"position\":3,\"name\":\"Convocatorias Ayuntamientos\",\"item\":\"https:\\\/\\\/www.emplea-te.com\\\/noticias-oposiciones\\\/categoria\\\/oposiciones-autonomicas-galicia\\\/convocatorias-ayuntamientos\\\/\"},{\"@type\":\"ListItem\",\"position\":4,\"name\":\"Convocatoria Polic\u00eda Local Ayuntamiento de Pontevedra (OEPs 2019\\\/2020)\"}]},{\"@type\":\"WebSite\",\"@id\":\"https:\\\/\\\/www.emplea-te.com\\\/noticias-oposiciones\\\/#website\",\"url\":\"https:\\\/\\\/www.emplea-te.com\\\/noticias-oposiciones\\\/\",\"name\":\"Noticas de oposiciones por Academia Emplea-te\",\"description\":\"Toda la actualidad de las ofertas y convocatorias.\",\"publisher\":{\"@id\":\"https:\\\/\\\/www.emplea-te.com\\\/noticias-oposiciones\\\/#organization\"},\"potentialAction\":[{\"@type\":\"SearchAction\",\"target\":{\"@type\":\"EntryPoint\",\"urlTemplate\":\"https:\\\/\\\/www.emplea-te.com\\\/noticias-oposiciones\\\/?s={search_term_string}\"},\"query-input\":{\"@type\":\"PropertyValueSpecification\",\"valueRequired\":true,\"valueName\":\"search_term_string\"}}],\"inLanguage\":\"es\"},{\"@type\":\"Organization\",\"@id\":\"https:\\\/\\\/www.emplea-te.com\\\/noticias-oposiciones\\\/#organization\",\"name\":\"Academia de oposiciones Empl\u00e9ate\",\"url\":\"https:\\\/\\\/www.emplea-te.com\\\/noticias-oposiciones\\\/\",\"logo\":{\"@type\":\"ImageObject\",\"inLanguage\":\"es\",\"@id\":\"https:\\\/\\\/www.emplea-te.com\\\/noticias-oposiciones\\\/#\\\/schema\\\/logo\\\/image\\\/\",\"url\":\"https:\\\/\\\/www.emplea-te.com\\\/noticias-oposiciones\\\/wp-content\\\/uploads\\\/2019\\\/04\\\/empleate.jpg\",\"contentUrl\":\"https:\\\/\\\/www.emplea-te.com\\\/noticias-oposiciones\\\/wp-content\\\/uploads\\\/2019\\\/04\\\/empleate.jpg\",\"width\":250,\"height\":150,\"caption\":\"Academia de oposiciones Empl\u00e9ate\"},\"image\":{\"@id\":\"https:\\\/\\\/www.emplea-te.com\\\/noticias-oposiciones\\\/#\\\/schema\\\/logo\\\/image\\\/\"},\"sameAs\":[\"https:\\\/\\\/www.facebook.com\\\/AcademiaEmpleate\\\/\",\"https:\\\/\\\/x.com\\\/Emplea_Te\",\"https:\\\/\\\/www.instagram.com\\\/academia_empleate\\\/\"]},{\"@type\":\"Person\",\"@id\":\"https:\\\/\\\/www.emplea-te.com\\\/noticias-oposiciones\\\/#\\\/schema\\\/person\\\/d1bc587e1af2b95e9c32aba1795509a6\",\"name\":\"Empleate\"}]}<\/script>\n<!-- \/ Yoast SEO plugin. -->","yoast_head_json":{"title":"Convocatoria plazas Polic\u00eda Local Ayuntamiento de Pontevedra.","description":"Convocatoria plazas Polic\u00eda Local Ayuntamiento de Pontevedra. Inf\u00f3rmate en el enlace de c\u00f3mo prepararte en nuestros grupos.","robots":{"index":"index","follow":"follow","max-snippet":"max-snippet:-1","max-image-preview":"max-image-preview:large","max-video-preview":"max-video-preview:-1"},"canonical":"https:\/\/www.emplea-te.com\/noticias-oposiciones\/convocatoria-policia-local-ayuntamiento-de-pontevedra-oeps-2019-2020\/","og_locale":"es_ES","og_type":"article","og_title":"Convocatoria plazas Polic\u00eda Local Ayuntamiento de Pontevedra.","og_description":"Convocatoria plazas Polic\u00eda Local Ayuntamiento de Pontevedra. Inf\u00f3rmate en el enlace de c\u00f3mo prepararte en nuestros grupos.","og_url":"https:\/\/www.emplea-te.com\/noticias-oposiciones\/convocatoria-policia-local-ayuntamiento-de-pontevedra-oeps-2019-2020\/","og_site_name":"Noticas de oposiciones por Academia Emplea-te","article_publisher":"https:\/\/www.facebook.com\/AcademiaEmpleate\/","article_published_time":"2020-10-06T08:24:56+00:00","og_image":[{"url":"https:\/\/www.emplea-te.com\/noticias-oposiciones\/wp-content\/uploads\/2019\/04\/Polic\u00eda-Local-.jpg","type":"","width":"","height":""}],"author":"Empleate","twitter_card":"summary_large_image","twitter_creator":"@Emplea_Te","twitter_site":"@Emplea_Te","twitter_misc":{"Escrito por":"Empleate","Tiempo de lectura":"1 minuto"},"schema":{"@context":"https:\/\/schema.org","@graph":[{"@type":"Article","@id":"https:\/\/www.emplea-te.com\/noticias-oposiciones\/convocatoria-policia-local-ayuntamiento-de-pontevedra-oeps-2019-2020\/#article","isPartOf":{"@id":"https:\/\/www.emplea-te.com\/noticias-oposiciones\/convocatoria-policia-local-ayuntamiento-de-pontevedra-oeps-2019-2020\/"},"author":{"name":"Empleate","@id":"https:\/\/www.emplea-te.com\/noticias-oposiciones\/#\/schema\/person\/d1bc587e1af2b95e9c32aba1795509a6"},"headline":"Convocatoria Polic\u00eda Local Ayuntamiento de Pontevedra (OEPs 2019\/2020)","datePublished":"2020-10-06T08:24:56+00:00","mainEntityOfPage":{"@id":"https:\/\/www.emplea-te.com\/noticias-oposiciones\/convocatoria-policia-local-ayuntamiento-de-pontevedra-oeps-2019-2020\/"},"wordCount":257,"publisher":{"@id":"https:\/\/www.emplea-te.com\/noticias-oposiciones\/#organization"},"keywords":["Convocatoria"],"articleSection":["Convocatorias Ayuntamientos"],"inLanguage":"es"},{"@type":"WebPage","@id":"https:\/\/www.emplea-te.com\/noticias-oposiciones\/convocatoria-policia-local-ayuntamiento-de-pontevedra-oeps-2019-2020\/","url":"https:\/\/www.emplea-te.com\/noticias-oposiciones\/convocatoria-policia-local-ayuntamiento-de-pontevedra-oeps-2019-2020\/","name":"Convocatoria plazas Polic\u00eda Local Ayuntamiento de Pontevedra.","isPartOf":{"@id":"https:\/\/www.emplea-te.com\/noticias-oposiciones\/#website"},"datePublished":"2020-10-06T08:24:56+00:00","description":"Convocatoria plazas Polic\u00eda Local Ayuntamiento de Pontevedra. Inf\u00f3rmate en el enlace de c\u00f3mo prepararte en nuestros grupos.","breadcrumb":{"@id":"https:\/\/www.emplea-te.com\/noticias-oposiciones\/convocatoria-policia-local-ayuntamiento-de-pontevedra-oeps-2019-2020\/#breadcrumb"},"inLanguage":"es","potentialAction":[{"@type":"ReadAction","target":["https:\/\/www.emplea-te.com\/noticias-oposiciones\/convocatoria-policia-local-ayuntamiento-de-pontevedra-oeps-2019-2020\/"]}]},{"@type":"BreadcrumbList","@id":"https:\/\/www.emplea-te.com\/noticias-oposiciones\/convocatoria-policia-local-ayuntamiento-de-pontevedra-oeps-2019-2020\/#breadcrumb","itemListElement":[{"@type":"ListItem","position":1,"name":"Noticias Oposiciones","item":"https:\/\/www.emplea-te.com\/noticias-oposiciones\/"},{"@type":"ListItem","position":2,"name":"Oposiciones Auton\u00f3micas Galicia","item":"https:\/\/www.emplea-te.com\/noticias-oposiciones\/categoria\/oposiciones-autonomicas-galicia\/"},{"@type":"ListItem","position":3,"name":"Convocatorias Ayuntamientos","item":"https:\/\/www.emplea-te.com\/noticias-oposiciones\/categoria\/oposiciones-autonomicas-galicia\/convocatorias-ayuntamientos\/"},{"@type":"ListItem","position":4,"name":"Convocatoria Polic\u00eda Local Ayuntamiento de Pontevedra (OEPs 2019\/2020)"}]},{"@type":"WebSite","@id":"https:\/\/www.emplea-te.com\/noticias-oposiciones\/#website","url":"https:\/\/www.emplea-te.com\/noticias-oposiciones\/","name":"Noticas de oposiciones por Academia Emplea-te","description":"Toda la actualidad de las ofertas y convocatorias.","publisher":{"@id":"https:\/\/www.emplea-te.com\/noticias-oposiciones\/#organization"},"potentialAction":[{"@type":"SearchAction","target":{"@type":"EntryPoint","urlTemplate":"https:\/\/www.emplea-te.com\/noticias-oposiciones\/?s={search_term_string}"},"query-input":{"@type":"PropertyValueSpecification","valueRequired":true,"valueName":"search_term_string"}}],"inLanguage":"es"},{"@type":"Organization","@id":"https:\/\/www.emplea-te.com\/noticias-oposiciones\/#organization","name":"Academia de oposiciones Empl\u00e9ate","url":"https:\/\/www.emplea-te.com\/noticias-oposiciones\/","logo":{"@type":"ImageObject","inLanguage":"es","@id":"https:\/\/www.emplea-te.com\/noticias-oposiciones\/#\/schema\/logo\/image\/","url":"https:\/\/www.emplea-te.com\/noticias-oposiciones\/wp-content\/uploads\/2019\/04\/empleate.jpg","contentUrl":"https:\/\/www.emplea-te.com\/noticias-oposiciones\/wp-content\/uploads\/2019\/04\/empleate.jpg","width":250,"height":150,"caption":"Academia de oposiciones Empl\u00e9ate"},"image":{"@id":"https:\/\/www.emplea-te.com\/noticias-oposiciones\/#\/schema\/logo\/image\/"},"sameAs":["https:\/\/www.facebook.com\/AcademiaEmpleate\/","https:\/\/x.com\/Emplea_Te","https:\/\/www.instagram.com\/academia_empleate\/"]},{"@type":"Person","@id":"https:\/\/www.emplea-te.com\/noticias-oposiciones\/#\/schema\/person\/d1bc587e1af2b95e9c32aba1795509a6","name":"Empleate"}]}},"_links":{"self":[{"href":"https:\/\/www.emplea-te.com\/noticias-oposiciones\/wp-json\/wp\/v2\/posts\/3780","targetHints":{"allow":["GET"]}}],"collection":[{"href":"https:\/\/www.emplea-te.com\/noticias-oposiciones\/wp-json\/wp\/v2\/posts"}],"about":[{"href":"https:\/\/www.emplea-te.com\/noticias-oposiciones\/wp-json\/wp\/v2\/types\/post"}],"author":[{"embeddable":true,"href":"https:\/\/www.emplea-te.com\/noticias-oposiciones\/wp-json\/wp\/v2\/users\/1"}],"replies":[{"embeddable":true,"href":"https:\/\/www.emplea-te.com\/noticias-oposiciones\/wp-json\/wp\/v2\/comments?post=3780"}],"version-history":[{"count":1,"href":"https:\/\/www.emplea-te.com\/noticias-oposiciones\/wp-json\/wp\/v2\/posts\/3780\/revisions"}],"predecessor-version":[{"id":3781,"href":"https:\/\/www.emplea-te.com\/noticias-oposiciones\/wp-json\/wp\/v2\/posts\/3780\/revisions\/3781"}],"wp:attachment":[{"href":"https:\/\/www.emplea-te.com\/noticias-oposiciones\/wp-json\/wp\/v2\/media?parent=3780"}],"wp:term":[{"taxonomy":"category","embeddable":true,"href":"https:\/\/www.emplea-te.com\/noticias-oposiciones\/wp-json\/wp\/v2\/categories?post=3780"},{"taxonomy":"post_tag","embeddable":true,"href":"https:\/\/www.emplea-te.com\/noticias-oposiciones\/wp-json\/wp\/v2\/tags?post=3780"}],"curies":[{"name":"wp","href":"https:\/\/api.w.org\/{rel}","templated":true}]}}