{"id":3782,"date":"2020-10-08T10:14:30","date_gmt":"2020-10-08T08:14:30","guid":{"rendered":"https:\/\/www.emplea-te.com\/noticias-oposiciones\/?p=3782"},"modified":"2020-10-08T10:14:30","modified_gmt":"2020-10-08T08:14:30","slug":"usc-escala-de-gestion-a2-acceso-libre-y-promocion-interna-de-las-oeps-2017-2018-2019-aprobado-y-publicado-listado-definitivo-de-aspirantes-admitidos-y-excluidos-y-fecha-de-realizacion-del-primer-ej","status":"publish","type":"post","link":"https:\/\/www.emplea-te.com\/noticias-oposiciones\/usc-escala-de-gestion-a2-acceso-libre-y-promocion-interna-de-las-oeps-2017-2018-2019-aprobado-y-publicado-listado-definitivo-de-aspirantes-admitidos-y-excluidos-y-fecha-de-realizacion-del-primer-ej\/","title":{"rendered":"USC. Escala de Gesti\u00f3n A2 (acceso libre y promoci\u00f3n interna de las OEPs 2017\/2018\/2019) aprobado y publicado listado definitivo de aspirantes admitidos y excluidos y fecha de realizaci\u00f3n del primer ejercicio."},"content":{"rendered":"<p>&nbsp;<\/p>\n<p>&nbsp;<\/p>\n<p><img decoding=\"async\" class=\"alignleft wp-image-2205 size-medium\" src=\"https:\/\/www.emplea-te.com\/noticias-oposiciones\/wp-content\/uploads\/2019\/08\/USClogotipo-1-300x195.gif\" alt=\"\" width=\"300\" height=\"195\" srcset=\"https:\/\/www.emplea-te.com\/noticias-oposiciones\/wp-content\/uploads\/2019\/08\/USClogotipo-1-300x195.gif 300w, https:\/\/www.emplea-te.com\/noticias-oposiciones\/wp-content\/uploads\/2019\/08\/USClogotipo-1-20x13.gif 20w\" sizes=\"(max-width: 300px) 85vw, 300px\" \/><\/p>\n<p>USC. CONVOCATORIA.<br \/>\nSe publica en el DOG de fecha 7 de octubre de 2020 la Resoluci\u00f3n por la que Se hace p\u00fablico el listado definitivo de aspirantes admitidos y excluidos\u00a0 Escala de Gesti\u00f3n A2 (acceso libre y promoci\u00f3n interna de las OEPs 2017\/2018\/2019)\u00a0 \u00a0y fecha de realizaci\u00f3n del primer ejercicio.<\/p>\n<p><a href=\"https:\/\/www.xunta.gal\/dog\/Publicados\/2020\/20201007\/AnuncioG2018-280920-0001_es.html\" target=\"_blank\" rel=\"noopener noreferrer\">Enlace a Resoluci\u00f3n\u00a0<\/a><\/p>\n<p class=\"dog-base-sangria\">Por Resoluci\u00f3n rectoral de 4 de marzo de 2020 (DOG de 17 de marzo y BOE de 2 de\u00a0junio) se <strong>convocaron pruebas selectivas para cubrir trece plazas en la escala de gesti\u00f3n, subgrupo A2, cinco por el turno de promoci\u00f3n interna y ocho por el turno de acceso libre.<\/strong><\/p>\n<p class=\"dog-base-sangria\">Por Resoluci\u00f3n rectoral de 1 de julio de 2020 (DOG de 9 de julio) se aprob\u00f3 la relaci\u00f3n provisional de personas aspirantes admitidas y excluidas en las mencionadas pruebas selectivas, fij\u00e1ndose un plazo para enmendar los defectos que motivaran la exclusi\u00f3n u omisi\u00f3n.<\/p>\n<p>Resuelve:<\/p>\n<p class=\"dog-base-sangria\">Declarar aprobada y hacer p\u00fablica la lista definitiva de personas admitidas y excluidas por los turnos de promoci\u00f3n interna y de acceso libre a las citadas pruebas.<\/p>\n<p class=\"dog-base-sangria\">Indicar que la citada lista definitiva est\u00e1 expuesta en el tabl\u00f3n electr\u00f3nico de la USC y en la web: <a href=\"https:\/\/www.usc.es\/gl\/servizos\/plan_pas\/convocatorias.html.\" target=\"_blank\" rel=\"noopener noreferrer\">https:\/\/www.usc.es\/gl\/servizos\/plan_pas\/convocatorias.html.<\/a><\/p>\n<p class=\"dog-base-sangria\">\u00a0Convocar a las personas aspirantes admitidas que no est\u00e1n exentas de este ejercicio para la realizaci\u00f3n del primer ejercicio de la fase de oposici\u00f3n (pruebas de lengua gallega), el d\u00eda 30 de noviembre de 2020 a las 9.00 horas, en el Aula de Formaci\u00f3n de la Biblioteca Concepci\u00f3n Arenal, Campus Vida (calle de Os Fe\u00e1ns, Santiago de Compostela).<\/p>\n<p class=\"dog-base-sangria\">La publicaci\u00f3n de los sucesivos anuncios de celebraci\u00f3n de los dem\u00e1s ejercicios se efectuar\u00e1 por el tribunal en los locales donde se realizara la prueba anterior, en el tabl\u00f3n electr\u00f3nico de la universidad y en la p\u00e1gina web: <a href=\"http:\/\/www.usc.es\/gl\/servizos\/plan_pas\/convocatorias.html.\" target=\"_blank\" rel=\"noopener noreferrer\">http:\/\/www.usc.es\/gl\/servizos\/plan_pas\/convocatorias.html.<\/a><\/p>\n<p class=\"dog-base-sangria\">Contra la presente resoluci\u00f3n, que agota la v\u00eda administrativa, se podr\u00e1 interponer un recurso contencioso-administrativo ante el Juzgado de lo Contencioso-Administrativo de Santiago de Compostela, en el plazo de dos (2) meses contados desde el d\u00eda siguiente al de su publicaci\u00f3n, de conformidad con lo dispuesto en la Ley 29\/1998, de 13 de julio, reguladora de la jurisdicci\u00f3n contencioso-administrativa.<\/p>\n<p><a href=\"https:\/\/www.emplea-te.com\/55\/oposiciones-de-comunidad-autonoma-de-galicia\" target=\"_blank\" rel=\"noopener noreferrer\">Inf\u00f3rmate de nuestros grupos para preparar estas oposiciones<\/a><\/p>\n<p>&nbsp;<\/p>\n","protected":false},"excerpt":{"rendered":"<p>&nbsp; &nbsp; USC. CONVOCATORIA. Se publica en el DOG de fecha 7 de octubre de 2020 la Resoluci\u00f3n por la que Se hace p\u00fablico el listado definitivo de aspirantes admitidos y excluidos\u00a0 Escala de Gesti\u00f3n A2 (acceso libre y promoci\u00f3n interna de las OEPs 2017\/2018\/2019)\u00a0 \u00a0y fecha de realizaci\u00f3n del primer ejercicio. Enlace a Resoluci\u00f3n\u00a0 &hellip; <a href=\"https:\/\/www.emplea-te.com\/noticias-oposiciones\/usc-escala-de-gestion-a2-acceso-libre-y-promocion-interna-de-las-oeps-2017-2018-2019-aprobado-y-publicado-listado-definitivo-de-aspirantes-admitidos-y-excluidos-y-fecha-de-realizacion-del-primer-ej\/\" class=\"more-link\">Continuar leyendo<span class=\"screen-reader-text\"> \u00abUSC. Escala de Gesti\u00f3n A2 (acceso libre y promoci\u00f3n interna de las OEPs 2017\/2018\/2019) aprobado y publicado listado definitivo de aspirantes admitidos y excluidos y fecha de realizaci\u00f3n del primer ejercicio.\u00bb<\/span><\/a><\/p>\n","protected":false},"author":1,"featured_media":0,"comment_status":"closed","ping_status":"closed","sticky":false,"template":"","format":"standard","meta":{"footnotes":""},"categories":[40],"tags":[82,49,52],"class_list":["post-3782","post","type-post","status-publish","format-standard","hentry","category-universidad-santiago-de-compostela-usc","tag-acceso-libre","tag-convocatorias-de-oposiciones","tag-oposiciones-promocion-interna"],"yoast_head":"<!-- This site is optimized with the Yoast SEO plugin v27.5 - https:\/\/yoast.com\/product\/yoast-seo-wordpress\/ -->\n<title>USC. Convocadas 13 plazas de Escala de Gesti\u00f3n A2 (acceso libre y P.I)<\/title>\n<meta name=\"description\" content=\"USC. Convocatoria de 13 plazas de Escala de Gesti\u00f3n A2 (acceso libre y promoci\u00f3n interna) y fecha realizaci\u00f3n primer ejercicio.\" \/>\n<meta name=\"robots\" content=\"index, follow, max-snippet:-1, max-image-preview:large, max-video-preview:-1\" \/>\n<link rel=\"canonical\" href=\"https:\/\/www.emplea-te.com\/noticias-oposiciones\/usc-escala-de-gestion-a2-acceso-libre-y-promocion-interna-de-las-oeps-2017-2018-2019-aprobado-y-publicado-listado-definitivo-de-aspirantes-admitidos-y-excluidos-y-fecha-de-realizacion-del-primer-ej\/\" \/>\n<meta property=\"og:locale\" content=\"es_ES\" \/>\n<meta property=\"og:type\" content=\"article\" \/>\n<meta property=\"og:title\" content=\"USC. Convocadas 13 plazas de Escala de Gesti\u00f3n A2 (acceso libre y P.I)\" \/>\n<meta property=\"og:description\" content=\"USC. Convocatoria de 13 plazas de Escala de Gesti\u00f3n A2 (acceso libre y promoci\u00f3n interna) y fecha realizaci\u00f3n primer ejercicio.\" \/>\n<meta property=\"og:url\" content=\"https:\/\/www.emplea-te.com\/noticias-oposiciones\/usc-escala-de-gestion-a2-acceso-libre-y-promocion-interna-de-las-oeps-2017-2018-2019-aprobado-y-publicado-listado-definitivo-de-aspirantes-admitidos-y-excluidos-y-fecha-de-realizacion-del-primer-ej\/\" \/>\n<meta property=\"og:site_name\" content=\"Noticas de oposiciones por Academia Emplea-te\" \/>\n<meta property=\"article:publisher\" content=\"https:\/\/www.facebook.com\/AcademiaEmpleate\/\" \/>\n<meta property=\"article:published_time\" content=\"2020-10-08T08:14:30+00:00\" \/>\n<meta property=\"og:image\" content=\"https:\/\/www.emplea-te.com\/noticias-oposiciones\/wp-content\/uploads\/2019\/08\/USClogotipo-1-300x195.gif\" \/>\n<meta name=\"author\" content=\"Empleate\" \/>\n<meta name=\"twitter:card\" content=\"summary_large_image\" \/>\n<meta name=\"twitter:creator\" content=\"@Emplea_Te\" \/>\n<meta name=\"twitter:site\" content=\"@Emplea_Te\" \/>\n<meta name=\"twitter:label1\" content=\"Escrito por\" \/>\n\t<meta name=\"twitter:data1\" content=\"Empleate\" \/>\n\t<meta name=\"twitter:label2\" content=\"Tiempo de lectura\" \/>\n\t<meta name=\"twitter:data2\" content=\"2 minutos\" \/>\n<script type=\"application\/ld+json\" class=\"yoast-schema-graph\">{\"@context\":\"https:\\\/\\\/schema.org\",\"@graph\":[{\"@type\":\"Article\",\"@id\":\"https:\\\/\\\/www.emplea-te.com\\\/noticias-oposiciones\\\/usc-escala-de-gestion-a2-acceso-libre-y-promocion-interna-de-las-oeps-2017-2018-2019-aprobado-y-publicado-listado-definitivo-de-aspirantes-admitidos-y-excluidos-y-fecha-de-realizacion-del-primer-ej\\\/#article\",\"isPartOf\":{\"@id\":\"https:\\\/\\\/www.emplea-te.com\\\/noticias-oposiciones\\\/usc-escala-de-gestion-a2-acceso-libre-y-promocion-interna-de-las-oeps-2017-2018-2019-aprobado-y-publicado-listado-definitivo-de-aspirantes-admitidos-y-excluidos-y-fecha-de-realizacion-del-primer-ej\\\/\"},\"author\":{\"name\":\"Empleate\",\"@id\":\"https:\\\/\\\/www.emplea-te.com\\\/noticias-oposiciones\\\/#\\\/schema\\\/person\\\/d1bc587e1af2b95e9c32aba1795509a6\"},\"headline\":\"USC. Escala de Gesti\u00f3n A2 (acceso libre y promoci\u00f3n interna de las OEPs 2017\\\/2018\\\/2019) aprobado y publicado listado definitivo de aspirantes admitidos y excluidos y fecha de realizaci\u00f3n del primer ejercicio.\",\"datePublished\":\"2020-10-08T08:14:30+00:00\",\"mainEntityOfPage\":{\"@id\":\"https:\\\/\\\/www.emplea-te.com\\\/noticias-oposiciones\\\/usc-escala-de-gestion-a2-acceso-libre-y-promocion-interna-de-las-oeps-2017-2018-2019-aprobado-y-publicado-listado-definitivo-de-aspirantes-admitidos-y-excluidos-y-fecha-de-realizacion-del-primer-ej\\\/\"},\"wordCount\":433,\"publisher\":{\"@id\":\"https:\\\/\\\/www.emplea-te.com\\\/noticias-oposiciones\\\/#organization\"},\"image\":{\"@id\":\"https:\\\/\\\/www.emplea-te.com\\\/noticias-oposiciones\\\/usc-escala-de-gestion-a2-acceso-libre-y-promocion-interna-de-las-oeps-2017-2018-2019-aprobado-y-publicado-listado-definitivo-de-aspirantes-admitidos-y-excluidos-y-fecha-de-realizacion-del-primer-ej\\\/#primaryimage\"},\"thumbnailUrl\":\"https:\\\/\\\/www.emplea-te.com\\\/noticias-oposiciones\\\/wp-content\\\/uploads\\\/2019\\\/08\\\/USClogotipo-1-300x195.gif\",\"keywords\":[\"Acceso libre\",\"Convocatoria\",\"Promoci\u00f3n interna\"],\"articleSection\":[\"Universidad Santiago de Compostela USC\"],\"inLanguage\":\"es\"},{\"@type\":\"WebPage\",\"@id\":\"https:\\\/\\\/www.emplea-te.com\\\/noticias-oposiciones\\\/usc-escala-de-gestion-a2-acceso-libre-y-promocion-interna-de-las-oeps-2017-2018-2019-aprobado-y-publicado-listado-definitivo-de-aspirantes-admitidos-y-excluidos-y-fecha-de-realizacion-del-primer-ej\\\/\",\"url\":\"https:\\\/\\\/www.emplea-te.com\\\/noticias-oposiciones\\\/usc-escala-de-gestion-a2-acceso-libre-y-promocion-interna-de-las-oeps-2017-2018-2019-aprobado-y-publicado-listado-definitivo-de-aspirantes-admitidos-y-excluidos-y-fecha-de-realizacion-del-primer-ej\\\/\",\"name\":\"USC. Convocadas 13 plazas de Escala de Gesti\u00f3n A2 (acceso libre y P.I)\",\"isPartOf\":{\"@id\":\"https:\\\/\\\/www.emplea-te.com\\\/noticias-oposiciones\\\/#website\"},\"primaryImageOfPage\":{\"@id\":\"https:\\\/\\\/www.emplea-te.com\\\/noticias-oposiciones\\\/usc-escala-de-gestion-a2-acceso-libre-y-promocion-interna-de-las-oeps-2017-2018-2019-aprobado-y-publicado-listado-definitivo-de-aspirantes-admitidos-y-excluidos-y-fecha-de-realizacion-del-primer-ej\\\/#primaryimage\"},\"image\":{\"@id\":\"https:\\\/\\\/www.emplea-te.com\\\/noticias-oposiciones\\\/usc-escala-de-gestion-a2-acceso-libre-y-promocion-interna-de-las-oeps-2017-2018-2019-aprobado-y-publicado-listado-definitivo-de-aspirantes-admitidos-y-excluidos-y-fecha-de-realizacion-del-primer-ej\\\/#primaryimage\"},\"thumbnailUrl\":\"https:\\\/\\\/www.emplea-te.com\\\/noticias-oposiciones\\\/wp-content\\\/uploads\\\/2019\\\/08\\\/USClogotipo-1-300x195.gif\",\"datePublished\":\"2020-10-08T08:14:30+00:00\",\"description\":\"USC. Convocatoria de 13 plazas de Escala de Gesti\u00f3n A2 (acceso libre y promoci\u00f3n interna) y fecha realizaci\u00f3n primer ejercicio.\",\"breadcrumb\":{\"@id\":\"https:\\\/\\\/www.emplea-te.com\\\/noticias-oposiciones\\\/usc-escala-de-gestion-a2-acceso-libre-y-promocion-interna-de-las-oeps-2017-2018-2019-aprobado-y-publicado-listado-definitivo-de-aspirantes-admitidos-y-excluidos-y-fecha-de-realizacion-del-primer-ej\\\/#breadcrumb\"},\"inLanguage\":\"es\",\"potentialAction\":[{\"@type\":\"ReadAction\",\"target\":[\"https:\\\/\\\/www.emplea-te.com\\\/noticias-oposiciones\\\/usc-escala-de-gestion-a2-acceso-libre-y-promocion-interna-de-las-oeps-2017-2018-2019-aprobado-y-publicado-listado-definitivo-de-aspirantes-admitidos-y-excluidos-y-fecha-de-realizacion-del-primer-ej\\\/\"]}]},{\"@type\":\"ImageObject\",\"inLanguage\":\"es\",\"@id\":\"https:\\\/\\\/www.emplea-te.com\\\/noticias-oposiciones\\\/usc-escala-de-gestion-a2-acceso-libre-y-promocion-interna-de-las-oeps-2017-2018-2019-aprobado-y-publicado-listado-definitivo-de-aspirantes-admitidos-y-excluidos-y-fecha-de-realizacion-del-primer-ej\\\/#primaryimage\",\"url\":\"https:\\\/\\\/www.emplea-te.com\\\/noticias-oposiciones\\\/wp-content\\\/uploads\\\/2019\\\/08\\\/USClogotipo-1.gif\",\"contentUrl\":\"https:\\\/\\\/www.emplea-te.com\\\/noticias-oposiciones\\\/wp-content\\\/uploads\\\/2019\\\/08\\\/USClogotipo-1.gif\",\"width\":586,\"height\":380},{\"@type\":\"BreadcrumbList\",\"@id\":\"https:\\\/\\\/www.emplea-te.com\\\/noticias-oposiciones\\\/usc-escala-de-gestion-a2-acceso-libre-y-promocion-interna-de-las-oeps-2017-2018-2019-aprobado-y-publicado-listado-definitivo-de-aspirantes-admitidos-y-excluidos-y-fecha-de-realizacion-del-primer-ej\\\/#breadcrumb\",\"itemListElement\":[{\"@type\":\"ListItem\",\"position\":1,\"name\":\"Noticias Oposiciones\",\"item\":\"https:\\\/\\\/www.emplea-te.com\\\/noticias-oposiciones\\\/\"},{\"@type\":\"ListItem\",\"position\":2,\"name\":\"Oposiciones Auton\u00f3micas Galicia\",\"item\":\"https:\\\/\\\/www.emplea-te.com\\\/noticias-oposiciones\\\/categoria\\\/oposiciones-autonomicas-galicia\\\/\"},{\"@type\":\"ListItem\",\"position\":3,\"name\":\"Universidad Santiago de Compostela USC\",\"item\":\"https:\\\/\\\/www.emplea-te.com\\\/noticias-oposiciones\\\/categoria\\\/oposiciones-autonomicas-galicia\\\/universidad-santiago-de-compostela-usc\\\/\"},{\"@type\":\"ListItem\",\"position\":4,\"name\":\"USC. Escala de Gesti\u00f3n A2 (acceso libre y promoci\u00f3n interna de las OEPs 2017\\\/2018\\\/2019) aprobado y publicado listado definitivo de aspirantes admitidos y excluidos y fecha de realizaci\u00f3n del primer ejercicio.\"}]},{\"@type\":\"WebSite\",\"@id\":\"https:\\\/\\\/www.emplea-te.com\\\/noticias-oposiciones\\\/#website\",\"url\":\"https:\\\/\\\/www.emplea-te.com\\\/noticias-oposiciones\\\/\",\"name\":\"Noticas de oposiciones por Academia Emplea-te\",\"description\":\"Toda la actualidad de las ofertas y convocatorias.\",\"publisher\":{\"@id\":\"https:\\\/\\\/www.emplea-te.com\\\/noticias-oposiciones\\\/#organization\"},\"potentialAction\":[{\"@type\":\"SearchAction\",\"target\":{\"@type\":\"EntryPoint\",\"urlTemplate\":\"https:\\\/\\\/www.emplea-te.com\\\/noticias-oposiciones\\\/?s={search_term_string}\"},\"query-input\":{\"@type\":\"PropertyValueSpecification\",\"valueRequired\":true,\"valueName\":\"search_term_string\"}}],\"inLanguage\":\"es\"},{\"@type\":\"Organization\",\"@id\":\"https:\\\/\\\/www.emplea-te.com\\\/noticias-oposiciones\\\/#organization\",\"name\":\"Academia de oposiciones Empl\u00e9ate\",\"url\":\"https:\\\/\\\/www.emplea-te.com\\\/noticias-oposiciones\\\/\",\"logo\":{\"@type\":\"ImageObject\",\"inLanguage\":\"es\",\"@id\":\"https:\\\/\\\/www.emplea-te.com\\\/noticias-oposiciones\\\/#\\\/schema\\\/logo\\\/image\\\/\",\"url\":\"https:\\\/\\\/www.emplea-te.com\\\/noticias-oposiciones\\\/wp-content\\\/uploads\\\/2019\\\/04\\\/empleate.jpg\",\"contentUrl\":\"https:\\\/\\\/www.emplea-te.com\\\/noticias-oposiciones\\\/wp-content\\\/uploads\\\/2019\\\/04\\\/empleate.jpg\",\"width\":250,\"height\":150,\"caption\":\"Academia de oposiciones Empl\u00e9ate\"},\"image\":{\"@id\":\"https:\\\/\\\/www.emplea-te.com\\\/noticias-oposiciones\\\/#\\\/schema\\\/logo\\\/image\\\/\"},\"sameAs\":[\"https:\\\/\\\/www.facebook.com\\\/AcademiaEmpleate\\\/\",\"https:\\\/\\\/x.com\\\/Emplea_Te\",\"https:\\\/\\\/www.instagram.com\\\/academia_empleate\\\/\"]},{\"@type\":\"Person\",\"@id\":\"https:\\\/\\\/www.emplea-te.com\\\/noticias-oposiciones\\\/#\\\/schema\\\/person\\\/d1bc587e1af2b95e9c32aba1795509a6\",\"name\":\"Empleate\"}]}<\/script>\n<!-- \/ Yoast SEO plugin. -->","yoast_head_json":{"title":"USC. Convocadas 13 plazas de Escala de Gesti\u00f3n A2 (acceso libre y P.I)","description":"USC. Convocatoria de 13 plazas de Escala de Gesti\u00f3n A2 (acceso libre y promoci\u00f3n interna) y fecha realizaci\u00f3n primer ejercicio.","robots":{"index":"index","follow":"follow","max-snippet":"max-snippet:-1","max-image-preview":"max-image-preview:large","max-video-preview":"max-video-preview:-1"},"canonical":"https:\/\/www.emplea-te.com\/noticias-oposiciones\/usc-escala-de-gestion-a2-acceso-libre-y-promocion-interna-de-las-oeps-2017-2018-2019-aprobado-y-publicado-listado-definitivo-de-aspirantes-admitidos-y-excluidos-y-fecha-de-realizacion-del-primer-ej\/","og_locale":"es_ES","og_type":"article","og_title":"USC. Convocadas 13 plazas de Escala de Gesti\u00f3n A2 (acceso libre y P.I)","og_description":"USC. Convocatoria de 13 plazas de Escala de Gesti\u00f3n A2 (acceso libre y promoci\u00f3n interna) y fecha realizaci\u00f3n primer ejercicio.","og_url":"https:\/\/www.emplea-te.com\/noticias-oposiciones\/usc-escala-de-gestion-a2-acceso-libre-y-promocion-interna-de-las-oeps-2017-2018-2019-aprobado-y-publicado-listado-definitivo-de-aspirantes-admitidos-y-excluidos-y-fecha-de-realizacion-del-primer-ej\/","og_site_name":"Noticas de oposiciones por Academia Emplea-te","article_publisher":"https:\/\/www.facebook.com\/AcademiaEmpleate\/","article_published_time":"2020-10-08T08:14:30+00:00","og_image":[{"url":"https:\/\/www.emplea-te.com\/noticias-oposiciones\/wp-content\/uploads\/2019\/08\/USClogotipo-1-300x195.gif","type":"","width":"","height":""}],"author":"Empleate","twitter_card":"summary_large_image","twitter_creator":"@Emplea_Te","twitter_site":"@Emplea_Te","twitter_misc":{"Escrito por":"Empleate","Tiempo de lectura":"2 minutos"},"schema":{"@context":"https:\/\/schema.org","@graph":[{"@type":"Article","@id":"https:\/\/www.emplea-te.com\/noticias-oposiciones\/usc-escala-de-gestion-a2-acceso-libre-y-promocion-interna-de-las-oeps-2017-2018-2019-aprobado-y-publicado-listado-definitivo-de-aspirantes-admitidos-y-excluidos-y-fecha-de-realizacion-del-primer-ej\/#article","isPartOf":{"@id":"https:\/\/www.emplea-te.com\/noticias-oposiciones\/usc-escala-de-gestion-a2-acceso-libre-y-promocion-interna-de-las-oeps-2017-2018-2019-aprobado-y-publicado-listado-definitivo-de-aspirantes-admitidos-y-excluidos-y-fecha-de-realizacion-del-primer-ej\/"},"author":{"name":"Empleate","@id":"https:\/\/www.emplea-te.com\/noticias-oposiciones\/#\/schema\/person\/d1bc587e1af2b95e9c32aba1795509a6"},"headline":"USC. Escala de Gesti\u00f3n A2 (acceso libre y promoci\u00f3n interna de las OEPs 2017\/2018\/2019) aprobado y publicado listado definitivo de aspirantes admitidos y excluidos y fecha de realizaci\u00f3n del primer ejercicio.","datePublished":"2020-10-08T08:14:30+00:00","mainEntityOfPage":{"@id":"https:\/\/www.emplea-te.com\/noticias-oposiciones\/usc-escala-de-gestion-a2-acceso-libre-y-promocion-interna-de-las-oeps-2017-2018-2019-aprobado-y-publicado-listado-definitivo-de-aspirantes-admitidos-y-excluidos-y-fecha-de-realizacion-del-primer-ej\/"},"wordCount":433,"publisher":{"@id":"https:\/\/www.emplea-te.com\/noticias-oposiciones\/#organization"},"image":{"@id":"https:\/\/www.emplea-te.com\/noticias-oposiciones\/usc-escala-de-gestion-a2-acceso-libre-y-promocion-interna-de-las-oeps-2017-2018-2019-aprobado-y-publicado-listado-definitivo-de-aspirantes-admitidos-y-excluidos-y-fecha-de-realizacion-del-primer-ej\/#primaryimage"},"thumbnailUrl":"https:\/\/www.emplea-te.com\/noticias-oposiciones\/wp-content\/uploads\/2019\/08\/USClogotipo-1-300x195.gif","keywords":["Acceso libre","Convocatoria","Promoci\u00f3n interna"],"articleSection":["Universidad Santiago de Compostela USC"],"inLanguage":"es"},{"@type":"WebPage","@id":"https:\/\/www.emplea-te.com\/noticias-oposiciones\/usc-escala-de-gestion-a2-acceso-libre-y-promocion-interna-de-las-oeps-2017-2018-2019-aprobado-y-publicado-listado-definitivo-de-aspirantes-admitidos-y-excluidos-y-fecha-de-realizacion-del-primer-ej\/","url":"https:\/\/www.emplea-te.com\/noticias-oposiciones\/usc-escala-de-gestion-a2-acceso-libre-y-promocion-interna-de-las-oeps-2017-2018-2019-aprobado-y-publicado-listado-definitivo-de-aspirantes-admitidos-y-excluidos-y-fecha-de-realizacion-del-primer-ej\/","name":"USC. Convocadas 13 plazas de Escala de Gesti\u00f3n A2 (acceso libre y P.I)","isPartOf":{"@id":"https:\/\/www.emplea-te.com\/noticias-oposiciones\/#website"},"primaryImageOfPage":{"@id":"https:\/\/www.emplea-te.com\/noticias-oposiciones\/usc-escala-de-gestion-a2-acceso-libre-y-promocion-interna-de-las-oeps-2017-2018-2019-aprobado-y-publicado-listado-definitivo-de-aspirantes-admitidos-y-excluidos-y-fecha-de-realizacion-del-primer-ej\/#primaryimage"},"image":{"@id":"https:\/\/www.emplea-te.com\/noticias-oposiciones\/usc-escala-de-gestion-a2-acceso-libre-y-promocion-interna-de-las-oeps-2017-2018-2019-aprobado-y-publicado-listado-definitivo-de-aspirantes-admitidos-y-excluidos-y-fecha-de-realizacion-del-primer-ej\/#primaryimage"},"thumbnailUrl":"https:\/\/www.emplea-te.com\/noticias-oposiciones\/wp-content\/uploads\/2019\/08\/USClogotipo-1-300x195.gif","datePublished":"2020-10-08T08:14:30+00:00","description":"USC. Convocatoria de 13 plazas de Escala de Gesti\u00f3n A2 (acceso libre y promoci\u00f3n interna) y fecha realizaci\u00f3n primer ejercicio.","breadcrumb":{"@id":"https:\/\/www.emplea-te.com\/noticias-oposiciones\/usc-escala-de-gestion-a2-acceso-libre-y-promocion-interna-de-las-oeps-2017-2018-2019-aprobado-y-publicado-listado-definitivo-de-aspirantes-admitidos-y-excluidos-y-fecha-de-realizacion-del-primer-ej\/#breadcrumb"},"inLanguage":"es","potentialAction":[{"@type":"ReadAction","target":["https:\/\/www.emplea-te.com\/noticias-oposiciones\/usc-escala-de-gestion-a2-acceso-libre-y-promocion-interna-de-las-oeps-2017-2018-2019-aprobado-y-publicado-listado-definitivo-de-aspirantes-admitidos-y-excluidos-y-fecha-de-realizacion-del-primer-ej\/"]}]},{"@type":"ImageObject","inLanguage":"es","@id":"https:\/\/www.emplea-te.com\/noticias-oposiciones\/usc-escala-de-gestion-a2-acceso-libre-y-promocion-interna-de-las-oeps-2017-2018-2019-aprobado-y-publicado-listado-definitivo-de-aspirantes-admitidos-y-excluidos-y-fecha-de-realizacion-del-primer-ej\/#primaryimage","url":"https:\/\/www.emplea-te.com\/noticias-oposiciones\/wp-content\/uploads\/2019\/08\/USClogotipo-1.gif","contentUrl":"https:\/\/www.emplea-te.com\/noticias-oposiciones\/wp-content\/uploads\/2019\/08\/USClogotipo-1.gif","width":586,"height":380},{"@type":"BreadcrumbList","@id":"https:\/\/www.emplea-te.com\/noticias-oposiciones\/usc-escala-de-gestion-a2-acceso-libre-y-promocion-interna-de-las-oeps-2017-2018-2019-aprobado-y-publicado-listado-definitivo-de-aspirantes-admitidos-y-excluidos-y-fecha-de-realizacion-del-primer-ej\/#breadcrumb","itemListElement":[{"@type":"ListItem","position":1,"name":"Noticias Oposiciones","item":"https:\/\/www.emplea-te.com\/noticias-oposiciones\/"},{"@type":"ListItem","position":2,"name":"Oposiciones Auton\u00f3micas Galicia","item":"https:\/\/www.emplea-te.com\/noticias-oposiciones\/categoria\/oposiciones-autonomicas-galicia\/"},{"@type":"ListItem","position":3,"name":"Universidad Santiago de Compostela USC","item":"https:\/\/www.emplea-te.com\/noticias-oposiciones\/categoria\/oposiciones-autonomicas-galicia\/universidad-santiago-de-compostela-usc\/"},{"@type":"ListItem","position":4,"name":"USC. Escala de Gesti\u00f3n A2 (acceso libre y promoci\u00f3n interna de las OEPs 2017\/2018\/2019) aprobado y publicado listado definitivo de aspirantes admitidos y excluidos y fecha de realizaci\u00f3n del primer ejercicio."}]},{"@type":"WebSite","@id":"https:\/\/www.emplea-te.com\/noticias-oposiciones\/#website","url":"https:\/\/www.emplea-te.com\/noticias-oposiciones\/","name":"Noticas de oposiciones por Academia Emplea-te","description":"Toda la actualidad de las ofertas y convocatorias.","publisher":{"@id":"https:\/\/www.emplea-te.com\/noticias-oposiciones\/#organization"},"potentialAction":[{"@type":"SearchAction","target":{"@type":"EntryPoint","urlTemplate":"https:\/\/www.emplea-te.com\/noticias-oposiciones\/?s={search_term_string}"},"query-input":{"@type":"PropertyValueSpecification","valueRequired":true,"valueName":"search_term_string"}}],"inLanguage":"es"},{"@type":"Organization","@id":"https:\/\/www.emplea-te.com\/noticias-oposiciones\/#organization","name":"Academia de oposiciones Empl\u00e9ate","url":"https:\/\/www.emplea-te.com\/noticias-oposiciones\/","logo":{"@type":"ImageObject","inLanguage":"es","@id":"https:\/\/www.emplea-te.com\/noticias-oposiciones\/#\/schema\/logo\/image\/","url":"https:\/\/www.emplea-te.com\/noticias-oposiciones\/wp-content\/uploads\/2019\/04\/empleate.jpg","contentUrl":"https:\/\/www.emplea-te.com\/noticias-oposiciones\/wp-content\/uploads\/2019\/04\/empleate.jpg","width":250,"height":150,"caption":"Academia de oposiciones Empl\u00e9ate"},"image":{"@id":"https:\/\/www.emplea-te.com\/noticias-oposiciones\/#\/schema\/logo\/image\/"},"sameAs":["https:\/\/www.facebook.com\/AcademiaEmpleate\/","https:\/\/x.com\/Emplea_Te","https:\/\/www.instagram.com\/academia_empleate\/"]},{"@type":"Person","@id":"https:\/\/www.emplea-te.com\/noticias-oposiciones\/#\/schema\/person\/d1bc587e1af2b95e9c32aba1795509a6","name":"Empleate"}]}},"_links":{"self":[{"href":"https:\/\/www.emplea-te.com\/noticias-oposiciones\/wp-json\/wp\/v2\/posts\/3782","targetHints":{"allow":["GET"]}}],"collection":[{"href":"https:\/\/www.emplea-te.com\/noticias-oposiciones\/wp-json\/wp\/v2\/posts"}],"about":[{"href":"https:\/\/www.emplea-te.com\/noticias-oposiciones\/wp-json\/wp\/v2\/types\/post"}],"author":[{"embeddable":true,"href":"https:\/\/www.emplea-te.com\/noticias-oposiciones\/wp-json\/wp\/v2\/users\/1"}],"replies":[{"embeddable":true,"href":"https:\/\/www.emplea-te.com\/noticias-oposiciones\/wp-json\/wp\/v2\/comments?post=3782"}],"version-history":[{"count":1,"href":"https:\/\/www.emplea-te.com\/noticias-oposiciones\/wp-json\/wp\/v2\/posts\/3782\/revisions"}],"predecessor-version":[{"id":3783,"href":"https:\/\/www.emplea-te.com\/noticias-oposiciones\/wp-json\/wp\/v2\/posts\/3782\/revisions\/3783"}],"wp:attachment":[{"href":"https:\/\/www.emplea-te.com\/noticias-oposiciones\/wp-json\/wp\/v2\/media?parent=3782"}],"wp:term":[{"taxonomy":"category","embeddable":true,"href":"https:\/\/www.emplea-te.com\/noticias-oposiciones\/wp-json\/wp\/v2\/categories?post=3782"},{"taxonomy":"post_tag","embeddable":true,"href":"https:\/\/www.emplea-te.com\/noticias-oposiciones\/wp-json\/wp\/v2\/tags?post=3782"}],"curies":[{"name":"wp","href":"https:\/\/api.w.org\/{rel}","templated":true}]}}