{"id":3788,"date":"2020-10-13T10:50:38","date_gmt":"2020-10-13T08:50:38","guid":{"rendered":"https:\/\/www.emplea-te.com\/noticias-oposiciones\/?p=3788"},"modified":"2020-10-13T10:50:38","modified_gmt":"2020-10-13T08:50:38","slug":"auxiliar-administrativo-xunta-de-galicia-turno-libre-se-publica-modificacion-de-tribunal-encargado-de-juzgar-proceso-selectivo","status":"publish","type":"post","link":"https:\/\/www.emplea-te.com\/noticias-oposiciones\/auxiliar-administrativo-xunta-de-galicia-turno-libre-se-publica-modificacion-de-tribunal-encargado-de-juzgar-proceso-selectivo\/","title":{"rendered":"Auxiliar Administrativo Xunta de Galicia (turno libre) . Se publica modificaci\u00f3n de tribunal encargado de juzgar proceso selectivo."},"content":{"rendered":"<p><img decoding=\"async\" class=\"alignleft wp-image-1502 size-full\" src=\"https:\/\/www.emplea-te.com\/noticias-oposiciones\/wp-content\/uploads\/2019\/04\/xunta_De_Galicia.png\" alt=\"Oposiciones Xunta\" width=\"315\" height=\"160\" srcset=\"https:\/\/www.emplea-te.com\/noticias-oposiciones\/wp-content\/uploads\/2019\/04\/xunta_De_Galicia.png 315w, https:\/\/www.emplea-te.com\/noticias-oposiciones\/wp-content\/uploads\/2019\/04\/xunta_De_Galicia-300x152.png 300w, https:\/\/www.emplea-te.com\/noticias-oposiciones\/wp-content\/uploads\/2019\/04\/xunta_De_Galicia-20x10.png 20w\" sizes=\"(max-width: 315px) 85vw, 315px\" \/><\/p>\n<p>Se publica en el DOG de hoy, d\u00eda 13 de Octubre, la Resoluci\u00f3n por la que se modifica la composici\u00f3n del juzgado que deber\u00e1 habilitar el proceso selectivo, por el turno de libre acceso, para el ingreso en el \u00f3rgano auxiliar de la Administraci\u00f3n General de la Comunidad Aut\u00f3noma de Galicia , subgrupo C2.<\/p>\n<p><a href=\"https:\/\/www.xunta.gal\/dog\/Publicados\/2020\/20201013\/AnuncioG0597-061020-0001_gl.html\" target=\"_blank\" rel=\"noopener noreferrer\">Enlace a Resoluci\u00f3n\u00a0<\/a><\/p>\n<p>&nbsp;<\/p>\n","protected":false},"excerpt":{"rendered":"<p>Se publica en el DOG de hoy, d\u00eda 13 de Octubre, la Resoluci\u00f3n por la que se modifica la composici\u00f3n del juzgado que deber\u00e1 habilitar el proceso selectivo, por el turno de libre acceso, para el ingreso en el \u00f3rgano auxiliar de la Administraci\u00f3n General de la Comunidad Aut\u00f3noma de Galicia , subgrupo C2. Enlace &hellip; <a href=\"https:\/\/www.emplea-te.com\/noticias-oposiciones\/auxiliar-administrativo-xunta-de-galicia-turno-libre-se-publica-modificacion-de-tribunal-encargado-de-juzgar-proceso-selectivo\/\" class=\"more-link\">Continuar leyendo<span class=\"screen-reader-text\"> \u00abAuxiliar Administrativo Xunta de Galicia (turno libre) . Se publica modificaci\u00f3n de tribunal encargado de juzgar proceso selectivo.\u00bb<\/span><\/a><\/p>\n","protected":false},"author":1,"featured_media":0,"comment_status":"closed","ping_status":"closed","sticky":false,"template":"","format":"standard","meta":{"footnotes":""},"categories":[57,4],"tags":[82,49],"class_list":["post-3788","post","type-post","status-publish","format-standard","hentry","category-auxiliar-administrativo-c2-xunta","category-oposiciones-xunta","tag-acceso-libre","tag-convocatorias-de-oposiciones"],"yoast_head":"<!-- This site is optimized with the Yoast SEO plugin v27.5 - https:\/\/yoast.com\/product\/yoast-seo-wordpress\/ -->\n<title>Aux. Administrativo Xunta de Galicia (acceso libre) . Publicada modificaci\u00f3n del tribunal.<\/title>\n<meta name=\"description\" content=\"Auxiliar Administrativo Xunta de Galicia (acceso libre) . Publicada modificaci\u00f3n del tribunal.\" \/>\n<meta name=\"robots\" content=\"index, follow, max-snippet:-1, max-image-preview:large, max-video-preview:-1\" \/>\n<link rel=\"canonical\" href=\"https:\/\/www.emplea-te.com\/noticias-oposiciones\/auxiliar-administrativo-xunta-de-galicia-turno-libre-se-publica-modificacion-de-tribunal-encargado-de-juzgar-proceso-selectivo\/\" \/>\n<meta property=\"og:locale\" content=\"es_ES\" \/>\n<meta property=\"og:type\" content=\"article\" \/>\n<meta property=\"og:title\" content=\"Aux. Administrativo Xunta de Galicia (acceso libre) . Publicada modificaci\u00f3n del tribunal.\" \/>\n<meta property=\"og:description\" content=\"Auxiliar Administrativo Xunta de Galicia (acceso libre) . Publicada modificaci\u00f3n del tribunal.\" \/>\n<meta property=\"og:url\" content=\"https:\/\/www.emplea-te.com\/noticias-oposiciones\/auxiliar-administrativo-xunta-de-galicia-turno-libre-se-publica-modificacion-de-tribunal-encargado-de-juzgar-proceso-selectivo\/\" \/>\n<meta property=\"og:site_name\" content=\"Noticas de oposiciones por Academia Emplea-te\" \/>\n<meta property=\"article:publisher\" content=\"https:\/\/www.facebook.com\/AcademiaEmpleate\/\" \/>\n<meta property=\"article:published_time\" content=\"2020-10-13T08:50:38+00:00\" \/>\n<meta property=\"og:image\" content=\"https:\/\/www.emplea-te.com\/noticias-oposiciones\/wp-content\/uploads\/2019\/04\/xunta_De_Galicia.png\" \/>\n<meta name=\"author\" content=\"Empleate\" \/>\n<meta name=\"twitter:card\" content=\"summary_large_image\" \/>\n<meta name=\"twitter:creator\" content=\"@Emplea_Te\" \/>\n<meta name=\"twitter:site\" content=\"@Emplea_Te\" \/>\n<meta name=\"twitter:label1\" content=\"Escrito por\" \/>\n\t<meta name=\"twitter:data1\" content=\"Empleate\" \/>\n<script type=\"application\/ld+json\" class=\"yoast-schema-graph\">{\"@context\":\"https:\\\/\\\/schema.org\",\"@graph\":[{\"@type\":\"Article\",\"@id\":\"https:\\\/\\\/www.emplea-te.com\\\/noticias-oposiciones\\\/auxiliar-administrativo-xunta-de-galicia-turno-libre-se-publica-modificacion-de-tribunal-encargado-de-juzgar-proceso-selectivo\\\/#article\",\"isPartOf\":{\"@id\":\"https:\\\/\\\/www.emplea-te.com\\\/noticias-oposiciones\\\/auxiliar-administrativo-xunta-de-galicia-turno-libre-se-publica-modificacion-de-tribunal-encargado-de-juzgar-proceso-selectivo\\\/\"},\"author\":{\"name\":\"Empleate\",\"@id\":\"https:\\\/\\\/www.emplea-te.com\\\/noticias-oposiciones\\\/#\\\/schema\\\/person\\\/d1bc587e1af2b95e9c32aba1795509a6\"},\"headline\":\"Auxiliar Administrativo Xunta de Galicia (turno libre) . Se publica modificaci\u00f3n de tribunal encargado de juzgar proceso selectivo.\",\"datePublished\":\"2020-10-13T08:50:38+00:00\",\"mainEntityOfPage\":{\"@id\":\"https:\\\/\\\/www.emplea-te.com\\\/noticias-oposiciones\\\/auxiliar-administrativo-xunta-de-galicia-turno-libre-se-publica-modificacion-de-tribunal-encargado-de-juzgar-proceso-selectivo\\\/\"},\"wordCount\":80,\"publisher\":{\"@id\":\"https:\\\/\\\/www.emplea-te.com\\\/noticias-oposiciones\\\/#organization\"},\"image\":{\"@id\":\"https:\\\/\\\/www.emplea-te.com\\\/noticias-oposiciones\\\/auxiliar-administrativo-xunta-de-galicia-turno-libre-se-publica-modificacion-de-tribunal-encargado-de-juzgar-proceso-selectivo\\\/#primaryimage\"},\"thumbnailUrl\":\"https:\\\/\\\/www.emplea-te.com\\\/noticias-oposiciones\\\/wp-content\\\/uploads\\\/2019\\\/04\\\/xunta_De_Galicia.png\",\"keywords\":[\"Acceso libre\",\"Convocatoria\"],\"articleSection\":[\"Auxiliar Administrativo C2 Xunta\",\"Oposiciones Xunta\"],\"inLanguage\":\"es\"},{\"@type\":\"WebPage\",\"@id\":\"https:\\\/\\\/www.emplea-te.com\\\/noticias-oposiciones\\\/auxiliar-administrativo-xunta-de-galicia-turno-libre-se-publica-modificacion-de-tribunal-encargado-de-juzgar-proceso-selectivo\\\/\",\"url\":\"https:\\\/\\\/www.emplea-te.com\\\/noticias-oposiciones\\\/auxiliar-administrativo-xunta-de-galicia-turno-libre-se-publica-modificacion-de-tribunal-encargado-de-juzgar-proceso-selectivo\\\/\",\"name\":\"Aux. Administrativo Xunta de Galicia (acceso libre) . Publicada modificaci\u00f3n del tribunal.\",\"isPartOf\":{\"@id\":\"https:\\\/\\\/www.emplea-te.com\\\/noticias-oposiciones\\\/#website\"},\"primaryImageOfPage\":{\"@id\":\"https:\\\/\\\/www.emplea-te.com\\\/noticias-oposiciones\\\/auxiliar-administrativo-xunta-de-galicia-turno-libre-se-publica-modificacion-de-tribunal-encargado-de-juzgar-proceso-selectivo\\\/#primaryimage\"},\"image\":{\"@id\":\"https:\\\/\\\/www.emplea-te.com\\\/noticias-oposiciones\\\/auxiliar-administrativo-xunta-de-galicia-turno-libre-se-publica-modificacion-de-tribunal-encargado-de-juzgar-proceso-selectivo\\\/#primaryimage\"},\"thumbnailUrl\":\"https:\\\/\\\/www.emplea-te.com\\\/noticias-oposiciones\\\/wp-content\\\/uploads\\\/2019\\\/04\\\/xunta_De_Galicia.png\",\"datePublished\":\"2020-10-13T08:50:38+00:00\",\"description\":\"Auxiliar Administrativo Xunta de Galicia (acceso libre) . Publicada modificaci\u00f3n del tribunal.\",\"breadcrumb\":{\"@id\":\"https:\\\/\\\/www.emplea-te.com\\\/noticias-oposiciones\\\/auxiliar-administrativo-xunta-de-galicia-turno-libre-se-publica-modificacion-de-tribunal-encargado-de-juzgar-proceso-selectivo\\\/#breadcrumb\"},\"inLanguage\":\"es\",\"potentialAction\":[{\"@type\":\"ReadAction\",\"target\":[\"https:\\\/\\\/www.emplea-te.com\\\/noticias-oposiciones\\\/auxiliar-administrativo-xunta-de-galicia-turno-libre-se-publica-modificacion-de-tribunal-encargado-de-juzgar-proceso-selectivo\\\/\"]}]},{\"@type\":\"ImageObject\",\"inLanguage\":\"es\",\"@id\":\"https:\\\/\\\/www.emplea-te.com\\\/noticias-oposiciones\\\/auxiliar-administrativo-xunta-de-galicia-turno-libre-se-publica-modificacion-de-tribunal-encargado-de-juzgar-proceso-selectivo\\\/#primaryimage\",\"url\":\"https:\\\/\\\/www.emplea-te.com\\\/noticias-oposiciones\\\/wp-content\\\/uploads\\\/2019\\\/04\\\/xunta_De_Galicia.png\",\"contentUrl\":\"https:\\\/\\\/www.emplea-te.com\\\/noticias-oposiciones\\\/wp-content\\\/uploads\\\/2019\\\/04\\\/xunta_De_Galicia.png\",\"width\":315,\"height\":160,\"caption\":\"Oposiciones Xunta\"},{\"@type\":\"BreadcrumbList\",\"@id\":\"https:\\\/\\\/www.emplea-te.com\\\/noticias-oposiciones\\\/auxiliar-administrativo-xunta-de-galicia-turno-libre-se-publica-modificacion-de-tribunal-encargado-de-juzgar-proceso-selectivo\\\/#breadcrumb\",\"itemListElement\":[{\"@type\":\"ListItem\",\"position\":1,\"name\":\"Noticias Oposiciones\",\"item\":\"https:\\\/\\\/www.emplea-te.com\\\/noticias-oposiciones\\\/\"},{\"@type\":\"ListItem\",\"position\":2,\"name\":\"Oposiciones Xunta\",\"item\":\"https:\\\/\\\/www.emplea-te.com\\\/noticias-oposiciones\\\/categoria\\\/oposiciones-xunta\\\/\"},{\"@type\":\"ListItem\",\"position\":3,\"name\":\"Auxiliar Administrativo Xunta de Galicia (turno libre) . Se publica modificaci\u00f3n de tribunal encargado de juzgar proceso selectivo.\"}]},{\"@type\":\"WebSite\",\"@id\":\"https:\\\/\\\/www.emplea-te.com\\\/noticias-oposiciones\\\/#website\",\"url\":\"https:\\\/\\\/www.emplea-te.com\\\/noticias-oposiciones\\\/\",\"name\":\"Noticas de oposiciones por Academia Emplea-te\",\"description\":\"Toda la actualidad de las ofertas y convocatorias.\",\"publisher\":{\"@id\":\"https:\\\/\\\/www.emplea-te.com\\\/noticias-oposiciones\\\/#organization\"},\"potentialAction\":[{\"@type\":\"SearchAction\",\"target\":{\"@type\":\"EntryPoint\",\"urlTemplate\":\"https:\\\/\\\/www.emplea-te.com\\\/noticias-oposiciones\\\/?s={search_term_string}\"},\"query-input\":{\"@type\":\"PropertyValueSpecification\",\"valueRequired\":true,\"valueName\":\"search_term_string\"}}],\"inLanguage\":\"es\"},{\"@type\":\"Organization\",\"@id\":\"https:\\\/\\\/www.emplea-te.com\\\/noticias-oposiciones\\\/#organization\",\"name\":\"Academia de oposiciones Empl\u00e9ate\",\"url\":\"https:\\\/\\\/www.emplea-te.com\\\/noticias-oposiciones\\\/\",\"logo\":{\"@type\":\"ImageObject\",\"inLanguage\":\"es\",\"@id\":\"https:\\\/\\\/www.emplea-te.com\\\/noticias-oposiciones\\\/#\\\/schema\\\/logo\\\/image\\\/\",\"url\":\"https:\\\/\\\/www.emplea-te.com\\\/noticias-oposiciones\\\/wp-content\\\/uploads\\\/2019\\\/04\\\/empleate.jpg\",\"contentUrl\":\"https:\\\/\\\/www.emplea-te.com\\\/noticias-oposiciones\\\/wp-content\\\/uploads\\\/2019\\\/04\\\/empleate.jpg\",\"width\":250,\"height\":150,\"caption\":\"Academia de oposiciones Empl\u00e9ate\"},\"image\":{\"@id\":\"https:\\\/\\\/www.emplea-te.com\\\/noticias-oposiciones\\\/#\\\/schema\\\/logo\\\/image\\\/\"},\"sameAs\":[\"https:\\\/\\\/www.facebook.com\\\/AcademiaEmpleate\\\/\",\"https:\\\/\\\/x.com\\\/Emplea_Te\",\"https:\\\/\\\/www.instagram.com\\\/academia_empleate\\\/\"]},{\"@type\":\"Person\",\"@id\":\"https:\\\/\\\/www.emplea-te.com\\\/noticias-oposiciones\\\/#\\\/schema\\\/person\\\/d1bc587e1af2b95e9c32aba1795509a6\",\"name\":\"Empleate\"}]}<\/script>\n<!-- \/ Yoast SEO plugin. -->","yoast_head_json":{"title":"Aux. Administrativo Xunta de Galicia (acceso libre) . Publicada modificaci\u00f3n del tribunal.","description":"Auxiliar Administrativo Xunta de Galicia (acceso libre) . Publicada modificaci\u00f3n del tribunal.","robots":{"index":"index","follow":"follow","max-snippet":"max-snippet:-1","max-image-preview":"max-image-preview:large","max-video-preview":"max-video-preview:-1"},"canonical":"https:\/\/www.emplea-te.com\/noticias-oposiciones\/auxiliar-administrativo-xunta-de-galicia-turno-libre-se-publica-modificacion-de-tribunal-encargado-de-juzgar-proceso-selectivo\/","og_locale":"es_ES","og_type":"article","og_title":"Aux. Administrativo Xunta de Galicia (acceso libre) . Publicada modificaci\u00f3n del tribunal.","og_description":"Auxiliar Administrativo Xunta de Galicia (acceso libre) . Publicada modificaci\u00f3n del tribunal.","og_url":"https:\/\/www.emplea-te.com\/noticias-oposiciones\/auxiliar-administrativo-xunta-de-galicia-turno-libre-se-publica-modificacion-de-tribunal-encargado-de-juzgar-proceso-selectivo\/","og_site_name":"Noticas de oposiciones por Academia Emplea-te","article_publisher":"https:\/\/www.facebook.com\/AcademiaEmpleate\/","article_published_time":"2020-10-13T08:50:38+00:00","og_image":[{"url":"https:\/\/www.emplea-te.com\/noticias-oposiciones\/wp-content\/uploads\/2019\/04\/xunta_De_Galicia.png","type":"","width":"","height":""}],"author":"Empleate","twitter_card":"summary_large_image","twitter_creator":"@Emplea_Te","twitter_site":"@Emplea_Te","twitter_misc":{"Escrito por":"Empleate"},"schema":{"@context":"https:\/\/schema.org","@graph":[{"@type":"Article","@id":"https:\/\/www.emplea-te.com\/noticias-oposiciones\/auxiliar-administrativo-xunta-de-galicia-turno-libre-se-publica-modificacion-de-tribunal-encargado-de-juzgar-proceso-selectivo\/#article","isPartOf":{"@id":"https:\/\/www.emplea-te.com\/noticias-oposiciones\/auxiliar-administrativo-xunta-de-galicia-turno-libre-se-publica-modificacion-de-tribunal-encargado-de-juzgar-proceso-selectivo\/"},"author":{"name":"Empleate","@id":"https:\/\/www.emplea-te.com\/noticias-oposiciones\/#\/schema\/person\/d1bc587e1af2b95e9c32aba1795509a6"},"headline":"Auxiliar Administrativo Xunta de Galicia (turno libre) . Se publica modificaci\u00f3n de tribunal encargado de juzgar proceso selectivo.","datePublished":"2020-10-13T08:50:38+00:00","mainEntityOfPage":{"@id":"https:\/\/www.emplea-te.com\/noticias-oposiciones\/auxiliar-administrativo-xunta-de-galicia-turno-libre-se-publica-modificacion-de-tribunal-encargado-de-juzgar-proceso-selectivo\/"},"wordCount":80,"publisher":{"@id":"https:\/\/www.emplea-te.com\/noticias-oposiciones\/#organization"},"image":{"@id":"https:\/\/www.emplea-te.com\/noticias-oposiciones\/auxiliar-administrativo-xunta-de-galicia-turno-libre-se-publica-modificacion-de-tribunal-encargado-de-juzgar-proceso-selectivo\/#primaryimage"},"thumbnailUrl":"https:\/\/www.emplea-te.com\/noticias-oposiciones\/wp-content\/uploads\/2019\/04\/xunta_De_Galicia.png","keywords":["Acceso libre","Convocatoria"],"articleSection":["Auxiliar Administrativo C2 Xunta","Oposiciones Xunta"],"inLanguage":"es"},{"@type":"WebPage","@id":"https:\/\/www.emplea-te.com\/noticias-oposiciones\/auxiliar-administrativo-xunta-de-galicia-turno-libre-se-publica-modificacion-de-tribunal-encargado-de-juzgar-proceso-selectivo\/","url":"https:\/\/www.emplea-te.com\/noticias-oposiciones\/auxiliar-administrativo-xunta-de-galicia-turno-libre-se-publica-modificacion-de-tribunal-encargado-de-juzgar-proceso-selectivo\/","name":"Aux. Administrativo Xunta de Galicia (acceso libre) . Publicada modificaci\u00f3n del tribunal.","isPartOf":{"@id":"https:\/\/www.emplea-te.com\/noticias-oposiciones\/#website"},"primaryImageOfPage":{"@id":"https:\/\/www.emplea-te.com\/noticias-oposiciones\/auxiliar-administrativo-xunta-de-galicia-turno-libre-se-publica-modificacion-de-tribunal-encargado-de-juzgar-proceso-selectivo\/#primaryimage"},"image":{"@id":"https:\/\/www.emplea-te.com\/noticias-oposiciones\/auxiliar-administrativo-xunta-de-galicia-turno-libre-se-publica-modificacion-de-tribunal-encargado-de-juzgar-proceso-selectivo\/#primaryimage"},"thumbnailUrl":"https:\/\/www.emplea-te.com\/noticias-oposiciones\/wp-content\/uploads\/2019\/04\/xunta_De_Galicia.png","datePublished":"2020-10-13T08:50:38+00:00","description":"Auxiliar Administrativo Xunta de Galicia (acceso libre) . Publicada modificaci\u00f3n del tribunal.","breadcrumb":{"@id":"https:\/\/www.emplea-te.com\/noticias-oposiciones\/auxiliar-administrativo-xunta-de-galicia-turno-libre-se-publica-modificacion-de-tribunal-encargado-de-juzgar-proceso-selectivo\/#breadcrumb"},"inLanguage":"es","potentialAction":[{"@type":"ReadAction","target":["https:\/\/www.emplea-te.com\/noticias-oposiciones\/auxiliar-administrativo-xunta-de-galicia-turno-libre-se-publica-modificacion-de-tribunal-encargado-de-juzgar-proceso-selectivo\/"]}]},{"@type":"ImageObject","inLanguage":"es","@id":"https:\/\/www.emplea-te.com\/noticias-oposiciones\/auxiliar-administrativo-xunta-de-galicia-turno-libre-se-publica-modificacion-de-tribunal-encargado-de-juzgar-proceso-selectivo\/#primaryimage","url":"https:\/\/www.emplea-te.com\/noticias-oposiciones\/wp-content\/uploads\/2019\/04\/xunta_De_Galicia.png","contentUrl":"https:\/\/www.emplea-te.com\/noticias-oposiciones\/wp-content\/uploads\/2019\/04\/xunta_De_Galicia.png","width":315,"height":160,"caption":"Oposiciones Xunta"},{"@type":"BreadcrumbList","@id":"https:\/\/www.emplea-te.com\/noticias-oposiciones\/auxiliar-administrativo-xunta-de-galicia-turno-libre-se-publica-modificacion-de-tribunal-encargado-de-juzgar-proceso-selectivo\/#breadcrumb","itemListElement":[{"@type":"ListItem","position":1,"name":"Noticias Oposiciones","item":"https:\/\/www.emplea-te.com\/noticias-oposiciones\/"},{"@type":"ListItem","position":2,"name":"Oposiciones Xunta","item":"https:\/\/www.emplea-te.com\/noticias-oposiciones\/categoria\/oposiciones-xunta\/"},{"@type":"ListItem","position":3,"name":"Auxiliar Administrativo Xunta de Galicia (turno libre) . Se publica modificaci\u00f3n de tribunal encargado de juzgar proceso selectivo."}]},{"@type":"WebSite","@id":"https:\/\/www.emplea-te.com\/noticias-oposiciones\/#website","url":"https:\/\/www.emplea-te.com\/noticias-oposiciones\/","name":"Noticas de oposiciones por Academia Emplea-te","description":"Toda la actualidad de las ofertas y convocatorias.","publisher":{"@id":"https:\/\/www.emplea-te.com\/noticias-oposiciones\/#organization"},"potentialAction":[{"@type":"SearchAction","target":{"@type":"EntryPoint","urlTemplate":"https:\/\/www.emplea-te.com\/noticias-oposiciones\/?s={search_term_string}"},"query-input":{"@type":"PropertyValueSpecification","valueRequired":true,"valueName":"search_term_string"}}],"inLanguage":"es"},{"@type":"Organization","@id":"https:\/\/www.emplea-te.com\/noticias-oposiciones\/#organization","name":"Academia de oposiciones Empl\u00e9ate","url":"https:\/\/www.emplea-te.com\/noticias-oposiciones\/","logo":{"@type":"ImageObject","inLanguage":"es","@id":"https:\/\/www.emplea-te.com\/noticias-oposiciones\/#\/schema\/logo\/image\/","url":"https:\/\/www.emplea-te.com\/noticias-oposiciones\/wp-content\/uploads\/2019\/04\/empleate.jpg","contentUrl":"https:\/\/www.emplea-te.com\/noticias-oposiciones\/wp-content\/uploads\/2019\/04\/empleate.jpg","width":250,"height":150,"caption":"Academia de oposiciones Empl\u00e9ate"},"image":{"@id":"https:\/\/www.emplea-te.com\/noticias-oposiciones\/#\/schema\/logo\/image\/"},"sameAs":["https:\/\/www.facebook.com\/AcademiaEmpleate\/","https:\/\/x.com\/Emplea_Te","https:\/\/www.instagram.com\/academia_empleate\/"]},{"@type":"Person","@id":"https:\/\/www.emplea-te.com\/noticias-oposiciones\/#\/schema\/person\/d1bc587e1af2b95e9c32aba1795509a6","name":"Empleate"}]}},"_links":{"self":[{"href":"https:\/\/www.emplea-te.com\/noticias-oposiciones\/wp-json\/wp\/v2\/posts\/3788","targetHints":{"allow":["GET"]}}],"collection":[{"href":"https:\/\/www.emplea-te.com\/noticias-oposiciones\/wp-json\/wp\/v2\/posts"}],"about":[{"href":"https:\/\/www.emplea-te.com\/noticias-oposiciones\/wp-json\/wp\/v2\/types\/post"}],"author":[{"embeddable":true,"href":"https:\/\/www.emplea-te.com\/noticias-oposiciones\/wp-json\/wp\/v2\/users\/1"}],"replies":[{"embeddable":true,"href":"https:\/\/www.emplea-te.com\/noticias-oposiciones\/wp-json\/wp\/v2\/comments?post=3788"}],"version-history":[{"count":1,"href":"https:\/\/www.emplea-te.com\/noticias-oposiciones\/wp-json\/wp\/v2\/posts\/3788\/revisions"}],"predecessor-version":[{"id":3789,"href":"https:\/\/www.emplea-te.com\/noticias-oposiciones\/wp-json\/wp\/v2\/posts\/3788\/revisions\/3789"}],"wp:attachment":[{"href":"https:\/\/www.emplea-te.com\/noticias-oposiciones\/wp-json\/wp\/v2\/media?parent=3788"}],"wp:term":[{"taxonomy":"category","embeddable":true,"href":"https:\/\/www.emplea-te.com\/noticias-oposiciones\/wp-json\/wp\/v2\/categories?post=3788"},{"taxonomy":"post_tag","embeddable":true,"href":"https:\/\/www.emplea-te.com\/noticias-oposiciones\/wp-json\/wp\/v2\/tags?post=3788"}],"curies":[{"name":"wp","href":"https:\/\/api.w.org\/{rel}","templated":true}]}}