{"id":3790,"date":"2020-10-13T11:07:14","date_gmt":"2020-10-13T09:07:14","guid":{"rendered":"https:\/\/www.emplea-te.com\/noticias-oposiciones\/?p=3790"},"modified":"2020-10-21T17:41:58","modified_gmt":"2020-10-21T15:41:58","slug":"diputacion-provincial-de-a-coruna-publicadas-bases-que-regiran-las-convocatorias-de-los-procesos-selectivos-de-las-oeps-2018-2019-y-2020","status":"publish","type":"post","link":"https:\/\/www.emplea-te.com\/noticias-oposiciones\/diputacion-provincial-de-a-coruna-publicadas-bases-que-regiran-las-convocatorias-de-los-procesos-selectivos-de-las-oeps-2018-2019-y-2020\/","title":{"rendered":"Diputaci\u00f3n Provincial de A Coru\u00f1a. Publicadas bases que regir\u00e1n las convocatorias de los procesos selectivos de las OEPs 2018\/2019 y 2020"},"content":{"rendered":"<p><img decoding=\"async\" class=\"alignleft wp-image-3685 size-medium\" src=\"https:\/\/www.emplea-te.com\/noticias-oposiciones\/wp-content\/uploads\/2020\/09\/Deputacion-coruna-1-300x245.gif\" alt=\"\" width=\"300\" height=\"245\" srcset=\"https:\/\/www.emplea-te.com\/noticias-oposiciones\/wp-content\/uploads\/2020\/09\/Deputacion-coruna-1-300x245.gif 300w, https:\/\/www.emplea-te.com\/noticias-oposiciones\/wp-content\/uploads\/2020\/09\/Deputacion-coruna-1-20x16.gif 20w\" sizes=\"(max-width: 300px) 85vw, 300px\" \/><\/p>\n<p>Se publica en el\u00a0 BOP De la Provincia de A Coru\u00f1a de hoy, d\u00eda 13 de octubre, las Bases Generales que regir\u00e1n\u00a0 las convocatorias de los procesos selectivos de las OEPs 2018\/2019 y 2020.<\/p>\n<p><a href=\"https:\/\/bop.dicoruna.es\/bopportal\/publicado\/2020\/10\/13\/2020_0000006990.pdf\" target=\"_blank\" rel=\"noopener noreferrer\">Enlace a las bases Generales\u00a0<\/a><\/p>\n<p>El objeto de estas bases generales es regular los aspectos comunes a los procesos de selecci\u00f3n convocados por la Diputaci\u00f3n Provincial de A Coru\u00f1a para el acceso a distintas categor\u00edas de funcionarios de carrera, en ejecuci\u00f3n de la ampliaci\u00f3n de la oferta p\u00fablica de empleo del a\u00f1o 2018 (<a href=\"https:\/\/www.xunta.gal\/dog\/Publicados\/2019\/20190205\/AnuncioG1438-300119-0001_es.html\" target=\"_blank\" rel=\"noopener noreferrer\">DOG n\u00fam. 25, de 5 de febrero de 2019<\/a>) y la oferta de empleo p\u00fablico para los a\u00f1os 2019 y 2020 (<a href=\"https:\/\/www.xunta.gal\/dog\/Publicados\/2019\/20191211\/AnuncioG1438-041219-0001_es.html\" target=\"_blank\" rel=\"noopener noreferrer\">DOG no 235, de 11 de diciembre de 2019<\/a>, y <a href=\"https:\/\/www.xunta.gal\/dog\/Publicados\/2020\/20200629\/AnuncioG1438-220620-0001_es.html\" target=\"_blank\" rel=\"noopener noreferrer\">DOG no 127, de 29 de junio de 2020<\/a>), de acuerdo con previsto en el art\u00edculo 70 del Real Decreto Legislativo 5\/2015, de 30 de octubre, por el que se aprueba el texto refundido de la Ley del Estatuto B\u00e1sico de los Empleados P\u00fablicos.<\/p>\n<p>Los requisitos espec\u00edficos de cada proceso selectivo se establecer\u00e1n en las\u00a0 bases espec\u00edficas reguladoras de cada una de las convocatorias, en el\u00a0 marco de la\u00a0 aplicaci\u00f3n de las\u00a0 presentes bases.<\/p>\n<p><strong>Destacamos las siguientes plazas que puedes preparar con nosotros:<\/strong><\/p>\n<p><strong>T\u00e9cnico\/a de Gesti\u00f3n A2 : 4 plazas<\/strong><br \/>\n<strong>Administrativo C1:\u00a0 15 plazas\u00a0<\/strong><br \/>\n<strong>Auxiliar Administrativo C2: 7 plazas\u00a0<\/strong><br \/>\n<strong>Subalterno AP : 12 plazas\u00a0<\/strong><\/p>\n<p><a href=\"https:\/\/www.emplea-te.com\/55\/oposiciones-de-comunidad-autonoma-de-galicia\" target=\"_blank\" rel=\"noopener noreferrer\">Inf\u00f3rmate para prepararte en nuestros grupos presenciales o grupos On Line<\/a><\/p>\n","protected":false},"excerpt":{"rendered":"<p>Se publica en el\u00a0 BOP De la Provincia de A Coru\u00f1a de hoy, d\u00eda 13 de octubre, las Bases Generales que regir\u00e1n\u00a0 las convocatorias de los procesos selectivos de las OEPs 2018\/2019 y 2020. Enlace a las bases Generales\u00a0 El objeto de estas bases generales es regular los aspectos comunes a los procesos de selecci\u00f3n &hellip; <a href=\"https:\/\/www.emplea-te.com\/noticias-oposiciones\/diputacion-provincial-de-a-coruna-publicadas-bases-que-regiran-las-convocatorias-de-los-procesos-selectivos-de-las-oeps-2018-2019-y-2020\/\" class=\"more-link\">Continuar leyendo<span class=\"screen-reader-text\"> \u00abDiputaci\u00f3n Provincial de A Coru\u00f1a. Publicadas bases que regir\u00e1n las convocatorias de los procesos selectivos de las OEPs 2018\/2019 y 2020\u00bb<\/span><\/a><\/p>\n","protected":false},"author":1,"featured_media":0,"comment_status":"closed","ping_status":"closed","sticky":false,"template":"","format":"standard","meta":{"footnotes":""},"categories":[27],"tags":[49],"class_list":["post-3790","post","type-post","status-publish","format-standard","hentry","category-diputacion-de-a-coruna","tag-convocatorias-de-oposiciones"],"yoast_head":"<!-- This site is optimized with the Yoast SEO plugin v27.5 - https:\/\/yoast.com\/product\/yoast-seo-wordpress\/ -->\n<title>Bases convocatoria procesos selectivos Diputaci\u00f3n Provincial de A Coru\u00f1a .<\/title>\n<meta name=\"description\" content=\"Bases convocatoria procesos selectivos Diputaci\u00f3n Provincial de A Coru\u00f1a . Inf\u00f3rmate en el enlace. Prep\u00e1rate con nosotros.\" \/>\n<meta name=\"robots\" content=\"index, follow, max-snippet:-1, max-image-preview:large, max-video-preview:-1\" \/>\n<link rel=\"canonical\" href=\"https:\/\/www.emplea-te.com\/noticias-oposiciones\/diputacion-provincial-de-a-coruna-publicadas-bases-que-regiran-las-convocatorias-de-los-procesos-selectivos-de-las-oeps-2018-2019-y-2020\/\" \/>\n<meta property=\"og:locale\" content=\"es_ES\" \/>\n<meta property=\"og:type\" content=\"article\" \/>\n<meta property=\"og:title\" content=\"Bases convocatoria procesos selectivos Diputaci\u00f3n Provincial de A Coru\u00f1a .\" \/>\n<meta property=\"og:description\" content=\"Bases convocatoria procesos selectivos Diputaci\u00f3n Provincial de A Coru\u00f1a . Inf\u00f3rmate en el enlace. Prep\u00e1rate con nosotros.\" \/>\n<meta property=\"og:url\" content=\"https:\/\/www.emplea-te.com\/noticias-oposiciones\/diputacion-provincial-de-a-coruna-publicadas-bases-que-regiran-las-convocatorias-de-los-procesos-selectivos-de-las-oeps-2018-2019-y-2020\/\" \/>\n<meta property=\"og:site_name\" content=\"Noticas de oposiciones por Academia Emplea-te\" \/>\n<meta property=\"article:publisher\" content=\"https:\/\/www.facebook.com\/AcademiaEmpleate\/\" \/>\n<meta property=\"article:published_time\" content=\"2020-10-13T09:07:14+00:00\" \/>\n<meta property=\"article:modified_time\" content=\"2020-10-21T15:41:58+00:00\" \/>\n<meta property=\"og:image\" content=\"https:\/\/www.emplea-te.com\/noticias-oposiciones\/wp-content\/uploads\/2020\/09\/Deputacion-coruna-1-300x245.gif\" \/>\n<meta name=\"author\" content=\"Empleate\" \/>\n<meta name=\"twitter:card\" content=\"summary_large_image\" \/>\n<meta name=\"twitter:creator\" content=\"@Emplea_Te\" \/>\n<meta name=\"twitter:site\" content=\"@Emplea_Te\" \/>\n<meta name=\"twitter:label1\" content=\"Escrito por\" \/>\n\t<meta name=\"twitter:data1\" content=\"Empleate\" \/>\n\t<meta name=\"twitter:label2\" content=\"Tiempo de lectura\" \/>\n\t<meta name=\"twitter:data2\" content=\"1 minuto\" \/>\n<script type=\"application\/ld+json\" class=\"yoast-schema-graph\">{\"@context\":\"https:\\\/\\\/schema.org\",\"@graph\":[{\"@type\":\"Article\",\"@id\":\"https:\\\/\\\/www.emplea-te.com\\\/noticias-oposiciones\\\/diputacion-provincial-de-a-coruna-publicadas-bases-que-regiran-las-convocatorias-de-los-procesos-selectivos-de-las-oeps-2018-2019-y-2020\\\/#article\",\"isPartOf\":{\"@id\":\"https:\\\/\\\/www.emplea-te.com\\\/noticias-oposiciones\\\/diputacion-provincial-de-a-coruna-publicadas-bases-que-regiran-las-convocatorias-de-los-procesos-selectivos-de-las-oeps-2018-2019-y-2020\\\/\"},\"author\":{\"name\":\"Empleate\",\"@id\":\"https:\\\/\\\/www.emplea-te.com\\\/noticias-oposiciones\\\/#\\\/schema\\\/person\\\/d1bc587e1af2b95e9c32aba1795509a6\"},\"headline\":\"Diputaci\u00f3n Provincial de A Coru\u00f1a. Publicadas bases que regir\u00e1n las convocatorias de los procesos selectivos de las OEPs 2018\\\/2019 y 2020\",\"datePublished\":\"2020-10-13T09:07:14+00:00\",\"dateModified\":\"2020-10-21T15:41:58+00:00\",\"mainEntityOfPage\":{\"@id\":\"https:\\\/\\\/www.emplea-te.com\\\/noticias-oposiciones\\\/diputacion-provincial-de-a-coruna-publicadas-bases-que-regiran-las-convocatorias-de-los-procesos-selectivos-de-las-oeps-2018-2019-y-2020\\\/\"},\"wordCount\":256,\"publisher\":{\"@id\":\"https:\\\/\\\/www.emplea-te.com\\\/noticias-oposiciones\\\/#organization\"},\"image\":{\"@id\":\"https:\\\/\\\/www.emplea-te.com\\\/noticias-oposiciones\\\/diputacion-provincial-de-a-coruna-publicadas-bases-que-regiran-las-convocatorias-de-los-procesos-selectivos-de-las-oeps-2018-2019-y-2020\\\/#primaryimage\"},\"thumbnailUrl\":\"https:\\\/\\\/www.emplea-te.com\\\/noticias-oposiciones\\\/wp-content\\\/uploads\\\/2020\\\/09\\\/Deputacion-coruna-1-300x245.gif\",\"keywords\":[\"Convocatoria\"],\"articleSection\":[\"Diputaci\u00f3n de A Coru\u00f1a\"],\"inLanguage\":\"es\"},{\"@type\":\"WebPage\",\"@id\":\"https:\\\/\\\/www.emplea-te.com\\\/noticias-oposiciones\\\/diputacion-provincial-de-a-coruna-publicadas-bases-que-regiran-las-convocatorias-de-los-procesos-selectivos-de-las-oeps-2018-2019-y-2020\\\/\",\"url\":\"https:\\\/\\\/www.emplea-te.com\\\/noticias-oposiciones\\\/diputacion-provincial-de-a-coruna-publicadas-bases-que-regiran-las-convocatorias-de-los-procesos-selectivos-de-las-oeps-2018-2019-y-2020\\\/\",\"name\":\"Bases convocatoria procesos selectivos Diputaci\u00f3n Provincial de A Coru\u00f1a .\",\"isPartOf\":{\"@id\":\"https:\\\/\\\/www.emplea-te.com\\\/noticias-oposiciones\\\/#website\"},\"primaryImageOfPage\":{\"@id\":\"https:\\\/\\\/www.emplea-te.com\\\/noticias-oposiciones\\\/diputacion-provincial-de-a-coruna-publicadas-bases-que-regiran-las-convocatorias-de-los-procesos-selectivos-de-las-oeps-2018-2019-y-2020\\\/#primaryimage\"},\"image\":{\"@id\":\"https:\\\/\\\/www.emplea-te.com\\\/noticias-oposiciones\\\/diputacion-provincial-de-a-coruna-publicadas-bases-que-regiran-las-convocatorias-de-los-procesos-selectivos-de-las-oeps-2018-2019-y-2020\\\/#primaryimage\"},\"thumbnailUrl\":\"https:\\\/\\\/www.emplea-te.com\\\/noticias-oposiciones\\\/wp-content\\\/uploads\\\/2020\\\/09\\\/Deputacion-coruna-1-300x245.gif\",\"datePublished\":\"2020-10-13T09:07:14+00:00\",\"dateModified\":\"2020-10-21T15:41:58+00:00\",\"description\":\"Bases convocatoria procesos selectivos Diputaci\u00f3n Provincial de A Coru\u00f1a . Inf\u00f3rmate en el enlace. Prep\u00e1rate con nosotros.\",\"breadcrumb\":{\"@id\":\"https:\\\/\\\/www.emplea-te.com\\\/noticias-oposiciones\\\/diputacion-provincial-de-a-coruna-publicadas-bases-que-regiran-las-convocatorias-de-los-procesos-selectivos-de-las-oeps-2018-2019-y-2020\\\/#breadcrumb\"},\"inLanguage\":\"es\",\"potentialAction\":[{\"@type\":\"ReadAction\",\"target\":[\"https:\\\/\\\/www.emplea-te.com\\\/noticias-oposiciones\\\/diputacion-provincial-de-a-coruna-publicadas-bases-que-regiran-las-convocatorias-de-los-procesos-selectivos-de-las-oeps-2018-2019-y-2020\\\/\"]}]},{\"@type\":\"ImageObject\",\"inLanguage\":\"es\",\"@id\":\"https:\\\/\\\/www.emplea-te.com\\\/noticias-oposiciones\\\/diputacion-provincial-de-a-coruna-publicadas-bases-que-regiran-las-convocatorias-de-los-procesos-selectivos-de-las-oeps-2018-2019-y-2020\\\/#primaryimage\",\"url\":\"https:\\\/\\\/www.emplea-te.com\\\/noticias-oposiciones\\\/wp-content\\\/uploads\\\/2020\\\/09\\\/Deputacion-coruna-1.gif\",\"contentUrl\":\"https:\\\/\\\/www.emplea-te.com\\\/noticias-oposiciones\\\/wp-content\\\/uploads\\\/2020\\\/09\\\/Deputacion-coruna-1.gif\",\"width\":492,\"height\":401},{\"@type\":\"BreadcrumbList\",\"@id\":\"https:\\\/\\\/www.emplea-te.com\\\/noticias-oposiciones\\\/diputacion-provincial-de-a-coruna-publicadas-bases-que-regiran-las-convocatorias-de-los-procesos-selectivos-de-las-oeps-2018-2019-y-2020\\\/#breadcrumb\",\"itemListElement\":[{\"@type\":\"ListItem\",\"position\":1,\"name\":\"Noticias Oposiciones\",\"item\":\"https:\\\/\\\/www.emplea-te.com\\\/noticias-oposiciones\\\/\"},{\"@type\":\"ListItem\",\"position\":2,\"name\":\"Oposiciones Auton\u00f3micas Galicia\",\"item\":\"https:\\\/\\\/www.emplea-te.com\\\/noticias-oposiciones\\\/categoria\\\/oposiciones-autonomicas-galicia\\\/\"},{\"@type\":\"ListItem\",\"position\":3,\"name\":\"Diputaci\u00f3n de A Coru\u00f1a\",\"item\":\"https:\\\/\\\/www.emplea-te.com\\\/noticias-oposiciones\\\/categoria\\\/oposiciones-autonomicas-galicia\\\/diputacion-de-a-coruna\\\/\"},{\"@type\":\"ListItem\",\"position\":4,\"name\":\"Diputaci\u00f3n Provincial de A Coru\u00f1a. Publicadas bases que regir\u00e1n las convocatorias de los procesos selectivos de las OEPs 2018\\\/2019 y 2020\"}]},{\"@type\":\"WebSite\",\"@id\":\"https:\\\/\\\/www.emplea-te.com\\\/noticias-oposiciones\\\/#website\",\"url\":\"https:\\\/\\\/www.emplea-te.com\\\/noticias-oposiciones\\\/\",\"name\":\"Noticas de oposiciones por Academia Emplea-te\",\"description\":\"Toda la actualidad de las ofertas y convocatorias.\",\"publisher\":{\"@id\":\"https:\\\/\\\/www.emplea-te.com\\\/noticias-oposiciones\\\/#organization\"},\"potentialAction\":[{\"@type\":\"SearchAction\",\"target\":{\"@type\":\"EntryPoint\",\"urlTemplate\":\"https:\\\/\\\/www.emplea-te.com\\\/noticias-oposiciones\\\/?s={search_term_string}\"},\"query-input\":{\"@type\":\"PropertyValueSpecification\",\"valueRequired\":true,\"valueName\":\"search_term_string\"}}],\"inLanguage\":\"es\"},{\"@type\":\"Organization\",\"@id\":\"https:\\\/\\\/www.emplea-te.com\\\/noticias-oposiciones\\\/#organization\",\"name\":\"Academia de oposiciones Empl\u00e9ate\",\"url\":\"https:\\\/\\\/www.emplea-te.com\\\/noticias-oposiciones\\\/\",\"logo\":{\"@type\":\"ImageObject\",\"inLanguage\":\"es\",\"@id\":\"https:\\\/\\\/www.emplea-te.com\\\/noticias-oposiciones\\\/#\\\/schema\\\/logo\\\/image\\\/\",\"url\":\"https:\\\/\\\/www.emplea-te.com\\\/noticias-oposiciones\\\/wp-content\\\/uploads\\\/2019\\\/04\\\/empleate.jpg\",\"contentUrl\":\"https:\\\/\\\/www.emplea-te.com\\\/noticias-oposiciones\\\/wp-content\\\/uploads\\\/2019\\\/04\\\/empleate.jpg\",\"width\":250,\"height\":150,\"caption\":\"Academia de oposiciones Empl\u00e9ate\"},\"image\":{\"@id\":\"https:\\\/\\\/www.emplea-te.com\\\/noticias-oposiciones\\\/#\\\/schema\\\/logo\\\/image\\\/\"},\"sameAs\":[\"https:\\\/\\\/www.facebook.com\\\/AcademiaEmpleate\\\/\",\"https:\\\/\\\/x.com\\\/Emplea_Te\",\"https:\\\/\\\/www.instagram.com\\\/academia_empleate\\\/\"]},{\"@type\":\"Person\",\"@id\":\"https:\\\/\\\/www.emplea-te.com\\\/noticias-oposiciones\\\/#\\\/schema\\\/person\\\/d1bc587e1af2b95e9c32aba1795509a6\",\"name\":\"Empleate\"}]}<\/script>\n<!-- \/ Yoast SEO plugin. -->","yoast_head_json":{"title":"Bases convocatoria procesos selectivos Diputaci\u00f3n Provincial de A Coru\u00f1a .","description":"Bases convocatoria procesos selectivos Diputaci\u00f3n Provincial de A Coru\u00f1a . Inf\u00f3rmate en el enlace. Prep\u00e1rate con nosotros.","robots":{"index":"index","follow":"follow","max-snippet":"max-snippet:-1","max-image-preview":"max-image-preview:large","max-video-preview":"max-video-preview:-1"},"canonical":"https:\/\/www.emplea-te.com\/noticias-oposiciones\/diputacion-provincial-de-a-coruna-publicadas-bases-que-regiran-las-convocatorias-de-los-procesos-selectivos-de-las-oeps-2018-2019-y-2020\/","og_locale":"es_ES","og_type":"article","og_title":"Bases convocatoria procesos selectivos Diputaci\u00f3n Provincial de A Coru\u00f1a .","og_description":"Bases convocatoria procesos selectivos Diputaci\u00f3n Provincial de A Coru\u00f1a . Inf\u00f3rmate en el enlace. Prep\u00e1rate con nosotros.","og_url":"https:\/\/www.emplea-te.com\/noticias-oposiciones\/diputacion-provincial-de-a-coruna-publicadas-bases-que-regiran-las-convocatorias-de-los-procesos-selectivos-de-las-oeps-2018-2019-y-2020\/","og_site_name":"Noticas de oposiciones por Academia Emplea-te","article_publisher":"https:\/\/www.facebook.com\/AcademiaEmpleate\/","article_published_time":"2020-10-13T09:07:14+00:00","article_modified_time":"2020-10-21T15:41:58+00:00","og_image":[{"url":"https:\/\/www.emplea-te.com\/noticias-oposiciones\/wp-content\/uploads\/2020\/09\/Deputacion-coruna-1-300x245.gif","type":"","width":"","height":""}],"author":"Empleate","twitter_card":"summary_large_image","twitter_creator":"@Emplea_Te","twitter_site":"@Emplea_Te","twitter_misc":{"Escrito por":"Empleate","Tiempo de lectura":"1 minuto"},"schema":{"@context":"https:\/\/schema.org","@graph":[{"@type":"Article","@id":"https:\/\/www.emplea-te.com\/noticias-oposiciones\/diputacion-provincial-de-a-coruna-publicadas-bases-que-regiran-las-convocatorias-de-los-procesos-selectivos-de-las-oeps-2018-2019-y-2020\/#article","isPartOf":{"@id":"https:\/\/www.emplea-te.com\/noticias-oposiciones\/diputacion-provincial-de-a-coruna-publicadas-bases-que-regiran-las-convocatorias-de-los-procesos-selectivos-de-las-oeps-2018-2019-y-2020\/"},"author":{"name":"Empleate","@id":"https:\/\/www.emplea-te.com\/noticias-oposiciones\/#\/schema\/person\/d1bc587e1af2b95e9c32aba1795509a6"},"headline":"Diputaci\u00f3n Provincial de A Coru\u00f1a. Publicadas bases que regir\u00e1n las convocatorias de los procesos selectivos de las OEPs 2018\/2019 y 2020","datePublished":"2020-10-13T09:07:14+00:00","dateModified":"2020-10-21T15:41:58+00:00","mainEntityOfPage":{"@id":"https:\/\/www.emplea-te.com\/noticias-oposiciones\/diputacion-provincial-de-a-coruna-publicadas-bases-que-regiran-las-convocatorias-de-los-procesos-selectivos-de-las-oeps-2018-2019-y-2020\/"},"wordCount":256,"publisher":{"@id":"https:\/\/www.emplea-te.com\/noticias-oposiciones\/#organization"},"image":{"@id":"https:\/\/www.emplea-te.com\/noticias-oposiciones\/diputacion-provincial-de-a-coruna-publicadas-bases-que-regiran-las-convocatorias-de-los-procesos-selectivos-de-las-oeps-2018-2019-y-2020\/#primaryimage"},"thumbnailUrl":"https:\/\/www.emplea-te.com\/noticias-oposiciones\/wp-content\/uploads\/2020\/09\/Deputacion-coruna-1-300x245.gif","keywords":["Convocatoria"],"articleSection":["Diputaci\u00f3n de A Coru\u00f1a"],"inLanguage":"es"},{"@type":"WebPage","@id":"https:\/\/www.emplea-te.com\/noticias-oposiciones\/diputacion-provincial-de-a-coruna-publicadas-bases-que-regiran-las-convocatorias-de-los-procesos-selectivos-de-las-oeps-2018-2019-y-2020\/","url":"https:\/\/www.emplea-te.com\/noticias-oposiciones\/diputacion-provincial-de-a-coruna-publicadas-bases-que-regiran-las-convocatorias-de-los-procesos-selectivos-de-las-oeps-2018-2019-y-2020\/","name":"Bases convocatoria procesos selectivos Diputaci\u00f3n Provincial de A Coru\u00f1a .","isPartOf":{"@id":"https:\/\/www.emplea-te.com\/noticias-oposiciones\/#website"},"primaryImageOfPage":{"@id":"https:\/\/www.emplea-te.com\/noticias-oposiciones\/diputacion-provincial-de-a-coruna-publicadas-bases-que-regiran-las-convocatorias-de-los-procesos-selectivos-de-las-oeps-2018-2019-y-2020\/#primaryimage"},"image":{"@id":"https:\/\/www.emplea-te.com\/noticias-oposiciones\/diputacion-provincial-de-a-coruna-publicadas-bases-que-regiran-las-convocatorias-de-los-procesos-selectivos-de-las-oeps-2018-2019-y-2020\/#primaryimage"},"thumbnailUrl":"https:\/\/www.emplea-te.com\/noticias-oposiciones\/wp-content\/uploads\/2020\/09\/Deputacion-coruna-1-300x245.gif","datePublished":"2020-10-13T09:07:14+00:00","dateModified":"2020-10-21T15:41:58+00:00","description":"Bases convocatoria procesos selectivos Diputaci\u00f3n Provincial de A Coru\u00f1a . Inf\u00f3rmate en el enlace. Prep\u00e1rate con nosotros.","breadcrumb":{"@id":"https:\/\/www.emplea-te.com\/noticias-oposiciones\/diputacion-provincial-de-a-coruna-publicadas-bases-que-regiran-las-convocatorias-de-los-procesos-selectivos-de-las-oeps-2018-2019-y-2020\/#breadcrumb"},"inLanguage":"es","potentialAction":[{"@type":"ReadAction","target":["https:\/\/www.emplea-te.com\/noticias-oposiciones\/diputacion-provincial-de-a-coruna-publicadas-bases-que-regiran-las-convocatorias-de-los-procesos-selectivos-de-las-oeps-2018-2019-y-2020\/"]}]},{"@type":"ImageObject","inLanguage":"es","@id":"https:\/\/www.emplea-te.com\/noticias-oposiciones\/diputacion-provincial-de-a-coruna-publicadas-bases-que-regiran-las-convocatorias-de-los-procesos-selectivos-de-las-oeps-2018-2019-y-2020\/#primaryimage","url":"https:\/\/www.emplea-te.com\/noticias-oposiciones\/wp-content\/uploads\/2020\/09\/Deputacion-coruna-1.gif","contentUrl":"https:\/\/www.emplea-te.com\/noticias-oposiciones\/wp-content\/uploads\/2020\/09\/Deputacion-coruna-1.gif","width":492,"height":401},{"@type":"BreadcrumbList","@id":"https:\/\/www.emplea-te.com\/noticias-oposiciones\/diputacion-provincial-de-a-coruna-publicadas-bases-que-regiran-las-convocatorias-de-los-procesos-selectivos-de-las-oeps-2018-2019-y-2020\/#breadcrumb","itemListElement":[{"@type":"ListItem","position":1,"name":"Noticias Oposiciones","item":"https:\/\/www.emplea-te.com\/noticias-oposiciones\/"},{"@type":"ListItem","position":2,"name":"Oposiciones Auton\u00f3micas Galicia","item":"https:\/\/www.emplea-te.com\/noticias-oposiciones\/categoria\/oposiciones-autonomicas-galicia\/"},{"@type":"ListItem","position":3,"name":"Diputaci\u00f3n de A Coru\u00f1a","item":"https:\/\/www.emplea-te.com\/noticias-oposiciones\/categoria\/oposiciones-autonomicas-galicia\/diputacion-de-a-coruna\/"},{"@type":"ListItem","position":4,"name":"Diputaci\u00f3n Provincial de A Coru\u00f1a. Publicadas bases que regir\u00e1n las convocatorias de los procesos selectivos de las OEPs 2018\/2019 y 2020"}]},{"@type":"WebSite","@id":"https:\/\/www.emplea-te.com\/noticias-oposiciones\/#website","url":"https:\/\/www.emplea-te.com\/noticias-oposiciones\/","name":"Noticas de oposiciones por Academia Emplea-te","description":"Toda la actualidad de las ofertas y convocatorias.","publisher":{"@id":"https:\/\/www.emplea-te.com\/noticias-oposiciones\/#organization"},"potentialAction":[{"@type":"SearchAction","target":{"@type":"EntryPoint","urlTemplate":"https:\/\/www.emplea-te.com\/noticias-oposiciones\/?s={search_term_string}"},"query-input":{"@type":"PropertyValueSpecification","valueRequired":true,"valueName":"search_term_string"}}],"inLanguage":"es"},{"@type":"Organization","@id":"https:\/\/www.emplea-te.com\/noticias-oposiciones\/#organization","name":"Academia de oposiciones Empl\u00e9ate","url":"https:\/\/www.emplea-te.com\/noticias-oposiciones\/","logo":{"@type":"ImageObject","inLanguage":"es","@id":"https:\/\/www.emplea-te.com\/noticias-oposiciones\/#\/schema\/logo\/image\/","url":"https:\/\/www.emplea-te.com\/noticias-oposiciones\/wp-content\/uploads\/2019\/04\/empleate.jpg","contentUrl":"https:\/\/www.emplea-te.com\/noticias-oposiciones\/wp-content\/uploads\/2019\/04\/empleate.jpg","width":250,"height":150,"caption":"Academia de oposiciones Empl\u00e9ate"},"image":{"@id":"https:\/\/www.emplea-te.com\/noticias-oposiciones\/#\/schema\/logo\/image\/"},"sameAs":["https:\/\/www.facebook.com\/AcademiaEmpleate\/","https:\/\/x.com\/Emplea_Te","https:\/\/www.instagram.com\/academia_empleate\/"]},{"@type":"Person","@id":"https:\/\/www.emplea-te.com\/noticias-oposiciones\/#\/schema\/person\/d1bc587e1af2b95e9c32aba1795509a6","name":"Empleate"}]}},"_links":{"self":[{"href":"https:\/\/www.emplea-te.com\/noticias-oposiciones\/wp-json\/wp\/v2\/posts\/3790","targetHints":{"allow":["GET"]}}],"collection":[{"href":"https:\/\/www.emplea-te.com\/noticias-oposiciones\/wp-json\/wp\/v2\/posts"}],"about":[{"href":"https:\/\/www.emplea-te.com\/noticias-oposiciones\/wp-json\/wp\/v2\/types\/post"}],"author":[{"embeddable":true,"href":"https:\/\/www.emplea-te.com\/noticias-oposiciones\/wp-json\/wp\/v2\/users\/1"}],"replies":[{"embeddable":true,"href":"https:\/\/www.emplea-te.com\/noticias-oposiciones\/wp-json\/wp\/v2\/comments?post=3790"}],"version-history":[{"count":3,"href":"https:\/\/www.emplea-te.com\/noticias-oposiciones\/wp-json\/wp\/v2\/posts\/3790\/revisions"}],"predecessor-version":[{"id":3829,"href":"https:\/\/www.emplea-te.com\/noticias-oposiciones\/wp-json\/wp\/v2\/posts\/3790\/revisions\/3829"}],"wp:attachment":[{"href":"https:\/\/www.emplea-te.com\/noticias-oposiciones\/wp-json\/wp\/v2\/media?parent=3790"}],"wp:term":[{"taxonomy":"category","embeddable":true,"href":"https:\/\/www.emplea-te.com\/noticias-oposiciones\/wp-json\/wp\/v2\/categories?post=3790"},{"taxonomy":"post_tag","embeddable":true,"href":"https:\/\/www.emplea-te.com\/noticias-oposiciones\/wp-json\/wp\/v2\/tags?post=3790"}],"curies":[{"name":"wp","href":"https:\/\/api.w.org\/{rel}","templated":true}]}}