{"id":3906,"date":"2020-11-13T10:28:18","date_gmt":"2020-11-13T09:28:18","guid":{"rendered":"https:\/\/www.emplea-te.com\/noticias-oposiciones\/?p=3906"},"modified":"2020-11-13T10:28:18","modified_gmt":"2020-11-13T09:28:18","slug":"la-xunta-de-galicia-presenta-la-oferta-de-empleo-publico-de-2020-con-7-380-plazas-la-mayor-en-12-anos","status":"publish","type":"post","link":"https:\/\/www.emplea-te.com\/noticias-oposiciones\/la-xunta-de-galicia-presenta-la-oferta-de-empleo-publico-de-2020-con-7-380-plazas-la-mayor-en-12-anos\/","title":{"rendered":"La Xunta de Galicia presenta la Oferta de Empleo P\u00fablico de 2020 con 7.380 plazas. La mayor en 12 a\u00f1os."},"content":{"rendered":"<h5><img decoding=\"async\" class=\"wp-image-3907 size-medium aligncenter\" src=\"https:\/\/www.emplea-te.com\/noticias-oposiciones\/wp-content\/uploads\/2020\/11\/PRESENTACION-OEP-2020-300x300.jpg\" alt=\"\" width=\"300\" height=\"300\" srcset=\"https:\/\/www.emplea-te.com\/noticias-oposiciones\/wp-content\/uploads\/2020\/11\/PRESENTACION-OEP-2020-300x300.jpg 300w, https:\/\/www.emplea-te.com\/noticias-oposiciones\/wp-content\/uploads\/2020\/11\/PRESENTACION-OEP-2020-1024x1024.jpg 1024w, https:\/\/www.emplea-te.com\/noticias-oposiciones\/wp-content\/uploads\/2020\/11\/PRESENTACION-OEP-2020-150x150.jpg 150w, https:\/\/www.emplea-te.com\/noticias-oposiciones\/wp-content\/uploads\/2020\/11\/PRESENTACION-OEP-2020-768x768.jpg 768w, https:\/\/www.emplea-te.com\/noticias-oposiciones\/wp-content\/uploads\/2020\/11\/PRESENTACION-OEP-2020-1200x1200.jpg 1200w, https:\/\/www.emplea-te.com\/noticias-oposiciones\/wp-content\/uploads\/2020\/11\/PRESENTACION-OEP-2020-20x20.jpg 20w, https:\/\/www.emplea-te.com\/noticias-oposiciones\/wp-content\/uploads\/2020\/11\/PRESENTACION-OEP-2020.jpg 1280w\" sizes=\"(max-width: 300px) 85vw, 300px\" \/><\/h5>\n<h5>La mayor OFERTA DE EMPLEO P\u00daBLICO DE LA XUNTA en 12 a\u00f1os.<br \/>\nLa Xunta de Galicia presenta la Oferta de Empleo P\u00fablico de 2020 con 7.380 plazas.<\/h5>\n<p><span><strong>En el\u00a0 \u00e1mbito de la Administraci\u00f3n General<\/strong>, la oferta de empleo p\u00fablico <strong>asciende a 2.741 vacantes:<\/strong> 2.346 ser\u00e1n de acceso abierto y las otras 395 vacantes se reservan para procesos de promoci\u00f3n interna de los funcionarios de la Administraci\u00f3n. De estos, 1.215 corresponden al proceso de estabilizaci\u00f3n y consolidaci\u00f3n de la plantilla del Consorcio Igualdad y Bienestar.<\/span><\/p>\n<p><span><strong>En el \u00e1mbito de la salud se ofertar\u00e1n 985 plazas<\/strong>: 652 plazas para personal m\u00e9dico en las \u00e1reas de m\u00e1xima prioridad, siendo la mayor oferta de empleo para personal m\u00e9dico desde 2001;\u00a0275 puestos en personal t\u00e9cnico de enfermer\u00eda, fisioterapia, terapeuta ocupacional y farmacia;\u00a046 plazas en las categor\u00edas de gesti\u00f3n y servicios;\u00a0y 12 vacantes para personal de salud en la escala de salud p\u00fablica y administraci\u00f3n sanitaria.<\/span><\/p>\n<p><span><strong>En materia de educaci\u00f3n, en esta convocatoria se ofertan un total de 3.654 plazas:<\/strong> 2.036 de acceso abierto y 1.618 de promoci\u00f3n interna.<\/span><\/p>\n<p><span><strong>Adem\u00e1s, a esta oferta se sumar\u00e1n otras 3.263 vacantes para los nuevos procesos de funcionamiento a favor de la plantilla permanente de la Xunta<\/strong>, que se suman a las 1.400 ofertadas en los dos \u00faltimos a\u00f1os, de las cuales mil ya est\u00e1n ejecutadas y que se presentaron \u201d95 El% de la plantilla hizo lo que pudo \u201d, dijo el titular de la Xunta.<\/span><\/p>\n<p>Feijoo indic\u00f3 tambi\u00e9n que l<strong>os ex\u00e1menes se har\u00e1n a lo largo del pr\u00f3ximo a\u00f1o<\/strong>, y que en algunas modalidades, se compatibilizar\u00e1n con los que hubo que congelar por el covid. \u00ab<span lang=\"gl\">Agardo que no 2021 se poidan facer todos, pero iremos avisando das covocatorias\u00bb<\/span>, dijo en una comparecencia de prensa en la que calific\u00f3 esta oferta como \u00ab<span lang=\"gl\">unha oportunidade hist\u00f3rica\u00bb<\/span>, porque \u00ab<span lang=\"gl\">nunca houbo tantas prazas\u00bb<\/span>.<\/p>\n<p><a href=\"https:\/\/www.xunta.gal\/notas-de-prensa\/-\/nova\/53055\/xunta-presenta-oferta-emprego-publico-correspondente-2020-maior-dos-ultimos-12\" target=\"_blank\" rel=\"noopener noreferrer\">Enlace a nota informativa publicada en la Web de Funci\u00f3n P\u00fablica<\/a><\/p>\n<p><a href=\"https:\/\/www.emplea-te.com\/54\/oposiciones-de-xunta-de-galicia\" target=\"_blank\" rel=\"noopener noreferrer\">Informaci\u00f3n de nuestros grupos presenciales para preparar las oposiciones de Administraci\u00f3n General de la Xunta de Galicia.\u00a0<\/a><\/p>\n<p>&nbsp;<\/p>\n<p>&nbsp;<\/p>\n","protected":false},"excerpt":{"rendered":"<p>La mayor OFERTA DE EMPLEO P\u00daBLICO DE LA XUNTA en 12 a\u00f1os. La Xunta de Galicia presenta la Oferta de Empleo P\u00fablico de 2020 con 7.380 plazas. En el\u00a0 \u00e1mbito de la Administraci\u00f3n General, la oferta de empleo p\u00fablico asciende a 2.741 vacantes: 2.346 ser\u00e1n de acceso abierto y las otras 395 vacantes se reservan &hellip; <a href=\"https:\/\/www.emplea-te.com\/noticias-oposiciones\/la-xunta-de-galicia-presenta-la-oferta-de-empleo-publico-de-2020-con-7-380-plazas-la-mayor-en-12-anos\/\" class=\"more-link\">Continuar leyendo<span class=\"screen-reader-text\"> \u00abLa Xunta de Galicia presenta la Oferta de Empleo P\u00fablico de 2020 con 7.380 plazas. La mayor en 12 a\u00f1os.\u00bb<\/span><\/a><\/p>\n","protected":false},"author":1,"featured_media":0,"comment_status":"closed","ping_status":"closed","sticky":false,"template":"","format":"standard","meta":{"footnotes":""},"categories":[50,60,57,58,59,4,43],"tags":[84],"class_list":["post-3906","post","type-post","status-publish","format-standard","hentry","category-administracion-general-subgrupo-a2","category-administrativo-c1-xunta","category-auxiliar-administrativo-c2-xunta","category-cuerpo-de-gestion-de-la-administracion-a2-xunta","category-cuerpo-superior-de-la-administracion-a1-xunta","category-oposiciones-xunta","category-subalterno-a-p","tag-oferta-de-empleo-publico"],"yoast_head":"<!-- This site is optimized with the Yoast SEO plugin v27.5 - https:\/\/yoast.com\/product\/yoast-seo-wordpress\/ -->\n<title>Presentada la OEP 2020 de la Xunta de Galicia con 7.380 plazas.<\/title>\n<meta name=\"description\" content=\"Presentada la OEP 2020 de la Xunta de Galicia con 7.380 plazas vacantes. Solicita informaci\u00f3n para prepararte con nosotros.\" \/>\n<meta name=\"robots\" content=\"index, follow, max-snippet:-1, max-image-preview:large, max-video-preview:-1\" \/>\n<link rel=\"canonical\" href=\"https:\/\/www.emplea-te.com\/noticias-oposiciones\/la-xunta-de-galicia-presenta-la-oferta-de-empleo-publico-de-2020-con-7-380-plazas-la-mayor-en-12-anos\/\" \/>\n<meta property=\"og:locale\" content=\"es_ES\" \/>\n<meta property=\"og:type\" content=\"article\" \/>\n<meta property=\"og:title\" content=\"Presentada la OEP 2020 de la Xunta de Galicia con 7.380 plazas.\" \/>\n<meta property=\"og:description\" content=\"Presentada la OEP 2020 de la Xunta de Galicia con 7.380 plazas vacantes. Solicita informaci\u00f3n para prepararte con nosotros.\" \/>\n<meta property=\"og:url\" content=\"https:\/\/www.emplea-te.com\/noticias-oposiciones\/la-xunta-de-galicia-presenta-la-oferta-de-empleo-publico-de-2020-con-7-380-plazas-la-mayor-en-12-anos\/\" \/>\n<meta property=\"og:site_name\" content=\"Noticas de oposiciones por Academia Emplea-te\" \/>\n<meta property=\"article:publisher\" content=\"https:\/\/www.facebook.com\/AcademiaEmpleate\/\" \/>\n<meta property=\"article:published_time\" content=\"2020-11-13T09:28:18+00:00\" \/>\n<meta property=\"og:image\" content=\"https:\/\/www.emplea-te.com\/noticias-oposiciones\/wp-content\/uploads\/2020\/11\/PRESENTACION-OEP-2020-300x300.jpg\" \/>\n<meta name=\"author\" content=\"Empleate\" \/>\n<meta name=\"twitter:card\" content=\"summary_large_image\" \/>\n<meta name=\"twitter:creator\" content=\"@Emplea_Te\" \/>\n<meta name=\"twitter:site\" content=\"@Emplea_Te\" \/>\n<meta name=\"twitter:label1\" content=\"Escrito por\" \/>\n\t<meta name=\"twitter:data1\" content=\"Empleate\" \/>\n\t<meta name=\"twitter:label2\" content=\"Tiempo de lectura\" \/>\n\t<meta name=\"twitter:data2\" content=\"2 minutos\" \/>\n<script type=\"application\/ld+json\" class=\"yoast-schema-graph\">{\"@context\":\"https:\\\/\\\/schema.org\",\"@graph\":[{\"@type\":\"Article\",\"@id\":\"https:\\\/\\\/www.emplea-te.com\\\/noticias-oposiciones\\\/la-xunta-de-galicia-presenta-la-oferta-de-empleo-publico-de-2020-con-7-380-plazas-la-mayor-en-12-anos\\\/#article\",\"isPartOf\":{\"@id\":\"https:\\\/\\\/www.emplea-te.com\\\/noticias-oposiciones\\\/la-xunta-de-galicia-presenta-la-oferta-de-empleo-publico-de-2020-con-7-380-plazas-la-mayor-en-12-anos\\\/\"},\"author\":{\"name\":\"Empleate\",\"@id\":\"https:\\\/\\\/www.emplea-te.com\\\/noticias-oposiciones\\\/#\\\/schema\\\/person\\\/d1bc587e1af2b95e9c32aba1795509a6\"},\"headline\":\"La Xunta de Galicia presenta la Oferta de Empleo P\u00fablico de 2020 con 7.380 plazas. La mayor en 12 a\u00f1os.\",\"datePublished\":\"2020-11-13T09:28:18+00:00\",\"mainEntityOfPage\":{\"@id\":\"https:\\\/\\\/www.emplea-te.com\\\/noticias-oposiciones\\\/la-xunta-de-galicia-presenta-la-oferta-de-empleo-publico-de-2020-con-7-380-plazas-la-mayor-en-12-anos\\\/\"},\"wordCount\":368,\"publisher\":{\"@id\":\"https:\\\/\\\/www.emplea-te.com\\\/noticias-oposiciones\\\/#organization\"},\"image\":{\"@id\":\"https:\\\/\\\/www.emplea-te.com\\\/noticias-oposiciones\\\/la-xunta-de-galicia-presenta-la-oferta-de-empleo-publico-de-2020-con-7-380-plazas-la-mayor-en-12-anos\\\/#primaryimage\"},\"thumbnailUrl\":\"https:\\\/\\\/www.emplea-te.com\\\/noticias-oposiciones\\\/wp-content\\\/uploads\\\/2020\\\/11\\\/PRESENTACION-OEP-2020-300x300.jpg\",\"keywords\":[\"Oferta de Empleo P\u00fablico\"],\"articleSection\":[\"Administraci\u00f3n General Subgrupo A2\",\"Administrativo C1 Xunta\",\"Auxiliar Administrativo C2 Xunta\",\"Cuerpo de Gesti\u00f3n de la Administraci\u00f3n A2 Xunta\",\"Cuerpo Superior de la Administraci\u00f3n A1 Xunta\",\"Oposiciones Xunta\",\"Subalterno A.P Xunta de Galicia\"],\"inLanguage\":\"es\"},{\"@type\":\"WebPage\",\"@id\":\"https:\\\/\\\/www.emplea-te.com\\\/noticias-oposiciones\\\/la-xunta-de-galicia-presenta-la-oferta-de-empleo-publico-de-2020-con-7-380-plazas-la-mayor-en-12-anos\\\/\",\"url\":\"https:\\\/\\\/www.emplea-te.com\\\/noticias-oposiciones\\\/la-xunta-de-galicia-presenta-la-oferta-de-empleo-publico-de-2020-con-7-380-plazas-la-mayor-en-12-anos\\\/\",\"name\":\"Presentada la OEP 2020 de la Xunta de Galicia con 7.380 plazas.\",\"isPartOf\":{\"@id\":\"https:\\\/\\\/www.emplea-te.com\\\/noticias-oposiciones\\\/#website\"},\"primaryImageOfPage\":{\"@id\":\"https:\\\/\\\/www.emplea-te.com\\\/noticias-oposiciones\\\/la-xunta-de-galicia-presenta-la-oferta-de-empleo-publico-de-2020-con-7-380-plazas-la-mayor-en-12-anos\\\/#primaryimage\"},\"image\":{\"@id\":\"https:\\\/\\\/www.emplea-te.com\\\/noticias-oposiciones\\\/la-xunta-de-galicia-presenta-la-oferta-de-empleo-publico-de-2020-con-7-380-plazas-la-mayor-en-12-anos\\\/#primaryimage\"},\"thumbnailUrl\":\"https:\\\/\\\/www.emplea-te.com\\\/noticias-oposiciones\\\/wp-content\\\/uploads\\\/2020\\\/11\\\/PRESENTACION-OEP-2020-300x300.jpg\",\"datePublished\":\"2020-11-13T09:28:18+00:00\",\"description\":\"Presentada la OEP 2020 de la Xunta de Galicia con 7.380 plazas vacantes. Solicita informaci\u00f3n para prepararte con nosotros.\",\"breadcrumb\":{\"@id\":\"https:\\\/\\\/www.emplea-te.com\\\/noticias-oposiciones\\\/la-xunta-de-galicia-presenta-la-oferta-de-empleo-publico-de-2020-con-7-380-plazas-la-mayor-en-12-anos\\\/#breadcrumb\"},\"inLanguage\":\"es\",\"potentialAction\":[{\"@type\":\"ReadAction\",\"target\":[\"https:\\\/\\\/www.emplea-te.com\\\/noticias-oposiciones\\\/la-xunta-de-galicia-presenta-la-oferta-de-empleo-publico-de-2020-con-7-380-plazas-la-mayor-en-12-anos\\\/\"]}]},{\"@type\":\"ImageObject\",\"inLanguage\":\"es\",\"@id\":\"https:\\\/\\\/www.emplea-te.com\\\/noticias-oposiciones\\\/la-xunta-de-galicia-presenta-la-oferta-de-empleo-publico-de-2020-con-7-380-plazas-la-mayor-en-12-anos\\\/#primaryimage\",\"url\":\"https:\\\/\\\/www.emplea-te.com\\\/noticias-oposiciones\\\/wp-content\\\/uploads\\\/2020\\\/11\\\/PRESENTACION-OEP-2020.jpg\",\"contentUrl\":\"https:\\\/\\\/www.emplea-te.com\\\/noticias-oposiciones\\\/wp-content\\\/uploads\\\/2020\\\/11\\\/PRESENTACION-OEP-2020.jpg\",\"width\":1280,\"height\":1280},{\"@type\":\"BreadcrumbList\",\"@id\":\"https:\\\/\\\/www.emplea-te.com\\\/noticias-oposiciones\\\/la-xunta-de-galicia-presenta-la-oferta-de-empleo-publico-de-2020-con-7-380-plazas-la-mayor-en-12-anos\\\/#breadcrumb\",\"itemListElement\":[{\"@type\":\"ListItem\",\"position\":1,\"name\":\"Noticias Oposiciones\",\"item\":\"https:\\\/\\\/www.emplea-te.com\\\/noticias-oposiciones\\\/\"},{\"@type\":\"ListItem\",\"position\":2,\"name\":\"Oposiciones Xunta\",\"item\":\"https:\\\/\\\/www.emplea-te.com\\\/noticias-oposiciones\\\/categoria\\\/oposiciones-xunta\\\/\"},{\"@type\":\"ListItem\",\"position\":3,\"name\":\"La Xunta de Galicia presenta la Oferta de Empleo P\u00fablico de 2020 con 7.380 plazas. La mayor en 12 a\u00f1os.\"}]},{\"@type\":\"WebSite\",\"@id\":\"https:\\\/\\\/www.emplea-te.com\\\/noticias-oposiciones\\\/#website\",\"url\":\"https:\\\/\\\/www.emplea-te.com\\\/noticias-oposiciones\\\/\",\"name\":\"Noticas de oposiciones por Academia Emplea-te\",\"description\":\"Toda la actualidad de las ofertas y convocatorias.\",\"publisher\":{\"@id\":\"https:\\\/\\\/www.emplea-te.com\\\/noticias-oposiciones\\\/#organization\"},\"potentialAction\":[{\"@type\":\"SearchAction\",\"target\":{\"@type\":\"EntryPoint\",\"urlTemplate\":\"https:\\\/\\\/www.emplea-te.com\\\/noticias-oposiciones\\\/?s={search_term_string}\"},\"query-input\":{\"@type\":\"PropertyValueSpecification\",\"valueRequired\":true,\"valueName\":\"search_term_string\"}}],\"inLanguage\":\"es\"},{\"@type\":\"Organization\",\"@id\":\"https:\\\/\\\/www.emplea-te.com\\\/noticias-oposiciones\\\/#organization\",\"name\":\"Academia de oposiciones Empl\u00e9ate\",\"url\":\"https:\\\/\\\/www.emplea-te.com\\\/noticias-oposiciones\\\/\",\"logo\":{\"@type\":\"ImageObject\",\"inLanguage\":\"es\",\"@id\":\"https:\\\/\\\/www.emplea-te.com\\\/noticias-oposiciones\\\/#\\\/schema\\\/logo\\\/image\\\/\",\"url\":\"https:\\\/\\\/www.emplea-te.com\\\/noticias-oposiciones\\\/wp-content\\\/uploads\\\/2019\\\/04\\\/empleate.jpg\",\"contentUrl\":\"https:\\\/\\\/www.emplea-te.com\\\/noticias-oposiciones\\\/wp-content\\\/uploads\\\/2019\\\/04\\\/empleate.jpg\",\"width\":250,\"height\":150,\"caption\":\"Academia de oposiciones Empl\u00e9ate\"},\"image\":{\"@id\":\"https:\\\/\\\/www.emplea-te.com\\\/noticias-oposiciones\\\/#\\\/schema\\\/logo\\\/image\\\/\"},\"sameAs\":[\"https:\\\/\\\/www.facebook.com\\\/AcademiaEmpleate\\\/\",\"https:\\\/\\\/x.com\\\/Emplea_Te\",\"https:\\\/\\\/www.instagram.com\\\/academia_empleate\\\/\"]},{\"@type\":\"Person\",\"@id\":\"https:\\\/\\\/www.emplea-te.com\\\/noticias-oposiciones\\\/#\\\/schema\\\/person\\\/d1bc587e1af2b95e9c32aba1795509a6\",\"name\":\"Empleate\"}]}<\/script>\n<!-- \/ Yoast SEO plugin. -->","yoast_head_json":{"title":"Presentada la OEP 2020 de la Xunta de Galicia con 7.380 plazas.","description":"Presentada la OEP 2020 de la Xunta de Galicia con 7.380 plazas vacantes. Solicita informaci\u00f3n para prepararte con nosotros.","robots":{"index":"index","follow":"follow","max-snippet":"max-snippet:-1","max-image-preview":"max-image-preview:large","max-video-preview":"max-video-preview:-1"},"canonical":"https:\/\/www.emplea-te.com\/noticias-oposiciones\/la-xunta-de-galicia-presenta-la-oferta-de-empleo-publico-de-2020-con-7-380-plazas-la-mayor-en-12-anos\/","og_locale":"es_ES","og_type":"article","og_title":"Presentada la OEP 2020 de la Xunta de Galicia con 7.380 plazas.","og_description":"Presentada la OEP 2020 de la Xunta de Galicia con 7.380 plazas vacantes. Solicita informaci\u00f3n para prepararte con nosotros.","og_url":"https:\/\/www.emplea-te.com\/noticias-oposiciones\/la-xunta-de-galicia-presenta-la-oferta-de-empleo-publico-de-2020-con-7-380-plazas-la-mayor-en-12-anos\/","og_site_name":"Noticas de oposiciones por Academia Emplea-te","article_publisher":"https:\/\/www.facebook.com\/AcademiaEmpleate\/","article_published_time":"2020-11-13T09:28:18+00:00","og_image":[{"url":"https:\/\/www.emplea-te.com\/noticias-oposiciones\/wp-content\/uploads\/2020\/11\/PRESENTACION-OEP-2020-300x300.jpg","type":"","width":"","height":""}],"author":"Empleate","twitter_card":"summary_large_image","twitter_creator":"@Emplea_Te","twitter_site":"@Emplea_Te","twitter_misc":{"Escrito por":"Empleate","Tiempo de lectura":"2 minutos"},"schema":{"@context":"https:\/\/schema.org","@graph":[{"@type":"Article","@id":"https:\/\/www.emplea-te.com\/noticias-oposiciones\/la-xunta-de-galicia-presenta-la-oferta-de-empleo-publico-de-2020-con-7-380-plazas-la-mayor-en-12-anos\/#article","isPartOf":{"@id":"https:\/\/www.emplea-te.com\/noticias-oposiciones\/la-xunta-de-galicia-presenta-la-oferta-de-empleo-publico-de-2020-con-7-380-plazas-la-mayor-en-12-anos\/"},"author":{"name":"Empleate","@id":"https:\/\/www.emplea-te.com\/noticias-oposiciones\/#\/schema\/person\/d1bc587e1af2b95e9c32aba1795509a6"},"headline":"La Xunta de Galicia presenta la Oferta de Empleo P\u00fablico de 2020 con 7.380 plazas. La mayor en 12 a\u00f1os.","datePublished":"2020-11-13T09:28:18+00:00","mainEntityOfPage":{"@id":"https:\/\/www.emplea-te.com\/noticias-oposiciones\/la-xunta-de-galicia-presenta-la-oferta-de-empleo-publico-de-2020-con-7-380-plazas-la-mayor-en-12-anos\/"},"wordCount":368,"publisher":{"@id":"https:\/\/www.emplea-te.com\/noticias-oposiciones\/#organization"},"image":{"@id":"https:\/\/www.emplea-te.com\/noticias-oposiciones\/la-xunta-de-galicia-presenta-la-oferta-de-empleo-publico-de-2020-con-7-380-plazas-la-mayor-en-12-anos\/#primaryimage"},"thumbnailUrl":"https:\/\/www.emplea-te.com\/noticias-oposiciones\/wp-content\/uploads\/2020\/11\/PRESENTACION-OEP-2020-300x300.jpg","keywords":["Oferta de Empleo P\u00fablico"],"articleSection":["Administraci\u00f3n General Subgrupo A2","Administrativo C1 Xunta","Auxiliar Administrativo C2 Xunta","Cuerpo de Gesti\u00f3n de la Administraci\u00f3n A2 Xunta","Cuerpo Superior de la Administraci\u00f3n A1 Xunta","Oposiciones Xunta","Subalterno A.P Xunta de Galicia"],"inLanguage":"es"},{"@type":"WebPage","@id":"https:\/\/www.emplea-te.com\/noticias-oposiciones\/la-xunta-de-galicia-presenta-la-oferta-de-empleo-publico-de-2020-con-7-380-plazas-la-mayor-en-12-anos\/","url":"https:\/\/www.emplea-te.com\/noticias-oposiciones\/la-xunta-de-galicia-presenta-la-oferta-de-empleo-publico-de-2020-con-7-380-plazas-la-mayor-en-12-anos\/","name":"Presentada la OEP 2020 de la Xunta de Galicia con 7.380 plazas.","isPartOf":{"@id":"https:\/\/www.emplea-te.com\/noticias-oposiciones\/#website"},"primaryImageOfPage":{"@id":"https:\/\/www.emplea-te.com\/noticias-oposiciones\/la-xunta-de-galicia-presenta-la-oferta-de-empleo-publico-de-2020-con-7-380-plazas-la-mayor-en-12-anos\/#primaryimage"},"image":{"@id":"https:\/\/www.emplea-te.com\/noticias-oposiciones\/la-xunta-de-galicia-presenta-la-oferta-de-empleo-publico-de-2020-con-7-380-plazas-la-mayor-en-12-anos\/#primaryimage"},"thumbnailUrl":"https:\/\/www.emplea-te.com\/noticias-oposiciones\/wp-content\/uploads\/2020\/11\/PRESENTACION-OEP-2020-300x300.jpg","datePublished":"2020-11-13T09:28:18+00:00","description":"Presentada la OEP 2020 de la Xunta de Galicia con 7.380 plazas vacantes. Solicita informaci\u00f3n para prepararte con nosotros.","breadcrumb":{"@id":"https:\/\/www.emplea-te.com\/noticias-oposiciones\/la-xunta-de-galicia-presenta-la-oferta-de-empleo-publico-de-2020-con-7-380-plazas-la-mayor-en-12-anos\/#breadcrumb"},"inLanguage":"es","potentialAction":[{"@type":"ReadAction","target":["https:\/\/www.emplea-te.com\/noticias-oposiciones\/la-xunta-de-galicia-presenta-la-oferta-de-empleo-publico-de-2020-con-7-380-plazas-la-mayor-en-12-anos\/"]}]},{"@type":"ImageObject","inLanguage":"es","@id":"https:\/\/www.emplea-te.com\/noticias-oposiciones\/la-xunta-de-galicia-presenta-la-oferta-de-empleo-publico-de-2020-con-7-380-plazas-la-mayor-en-12-anos\/#primaryimage","url":"https:\/\/www.emplea-te.com\/noticias-oposiciones\/wp-content\/uploads\/2020\/11\/PRESENTACION-OEP-2020.jpg","contentUrl":"https:\/\/www.emplea-te.com\/noticias-oposiciones\/wp-content\/uploads\/2020\/11\/PRESENTACION-OEP-2020.jpg","width":1280,"height":1280},{"@type":"BreadcrumbList","@id":"https:\/\/www.emplea-te.com\/noticias-oposiciones\/la-xunta-de-galicia-presenta-la-oferta-de-empleo-publico-de-2020-con-7-380-plazas-la-mayor-en-12-anos\/#breadcrumb","itemListElement":[{"@type":"ListItem","position":1,"name":"Noticias Oposiciones","item":"https:\/\/www.emplea-te.com\/noticias-oposiciones\/"},{"@type":"ListItem","position":2,"name":"Oposiciones Xunta","item":"https:\/\/www.emplea-te.com\/noticias-oposiciones\/categoria\/oposiciones-xunta\/"},{"@type":"ListItem","position":3,"name":"La Xunta de Galicia presenta la Oferta de Empleo P\u00fablico de 2020 con 7.380 plazas. La mayor en 12 a\u00f1os."}]},{"@type":"WebSite","@id":"https:\/\/www.emplea-te.com\/noticias-oposiciones\/#website","url":"https:\/\/www.emplea-te.com\/noticias-oposiciones\/","name":"Noticas de oposiciones por Academia Emplea-te","description":"Toda la actualidad de las ofertas y convocatorias.","publisher":{"@id":"https:\/\/www.emplea-te.com\/noticias-oposiciones\/#organization"},"potentialAction":[{"@type":"SearchAction","target":{"@type":"EntryPoint","urlTemplate":"https:\/\/www.emplea-te.com\/noticias-oposiciones\/?s={search_term_string}"},"query-input":{"@type":"PropertyValueSpecification","valueRequired":true,"valueName":"search_term_string"}}],"inLanguage":"es"},{"@type":"Organization","@id":"https:\/\/www.emplea-te.com\/noticias-oposiciones\/#organization","name":"Academia de oposiciones Empl\u00e9ate","url":"https:\/\/www.emplea-te.com\/noticias-oposiciones\/","logo":{"@type":"ImageObject","inLanguage":"es","@id":"https:\/\/www.emplea-te.com\/noticias-oposiciones\/#\/schema\/logo\/image\/","url":"https:\/\/www.emplea-te.com\/noticias-oposiciones\/wp-content\/uploads\/2019\/04\/empleate.jpg","contentUrl":"https:\/\/www.emplea-te.com\/noticias-oposiciones\/wp-content\/uploads\/2019\/04\/empleate.jpg","width":250,"height":150,"caption":"Academia de oposiciones Empl\u00e9ate"},"image":{"@id":"https:\/\/www.emplea-te.com\/noticias-oposiciones\/#\/schema\/logo\/image\/"},"sameAs":["https:\/\/www.facebook.com\/AcademiaEmpleate\/","https:\/\/x.com\/Emplea_Te","https:\/\/www.instagram.com\/academia_empleate\/"]},{"@type":"Person","@id":"https:\/\/www.emplea-te.com\/noticias-oposiciones\/#\/schema\/person\/d1bc587e1af2b95e9c32aba1795509a6","name":"Empleate"}]}},"_links":{"self":[{"href":"https:\/\/www.emplea-te.com\/noticias-oposiciones\/wp-json\/wp\/v2\/posts\/3906","targetHints":{"allow":["GET"]}}],"collection":[{"href":"https:\/\/www.emplea-te.com\/noticias-oposiciones\/wp-json\/wp\/v2\/posts"}],"about":[{"href":"https:\/\/www.emplea-te.com\/noticias-oposiciones\/wp-json\/wp\/v2\/types\/post"}],"author":[{"embeddable":true,"href":"https:\/\/www.emplea-te.com\/noticias-oposiciones\/wp-json\/wp\/v2\/users\/1"}],"replies":[{"embeddable":true,"href":"https:\/\/www.emplea-te.com\/noticias-oposiciones\/wp-json\/wp\/v2\/comments?post=3906"}],"version-history":[{"count":1,"href":"https:\/\/www.emplea-te.com\/noticias-oposiciones\/wp-json\/wp\/v2\/posts\/3906\/revisions"}],"predecessor-version":[{"id":3908,"href":"https:\/\/www.emplea-te.com\/noticias-oposiciones\/wp-json\/wp\/v2\/posts\/3906\/revisions\/3908"}],"wp:attachment":[{"href":"https:\/\/www.emplea-te.com\/noticias-oposiciones\/wp-json\/wp\/v2\/media?parent=3906"}],"wp:term":[{"taxonomy":"category","embeddable":true,"href":"https:\/\/www.emplea-te.com\/noticias-oposiciones\/wp-json\/wp\/v2\/categories?post=3906"},{"taxonomy":"post_tag","embeddable":true,"href":"https:\/\/www.emplea-te.com\/noticias-oposiciones\/wp-json\/wp\/v2\/tags?post=3906"}],"curies":[{"name":"wp","href":"https:\/\/api.w.org\/{rel}","templated":true}]}}