{"id":3921,"date":"2020-11-17T10:40:04","date_gmt":"2020-11-17T09:40:04","guid":{"rendered":"https:\/\/www.emplea-te.com\/noticias-oposiciones\/?p=3921"},"modified":"2020-11-17T10:40:04","modified_gmt":"2020-11-17T09:40:04","slug":"ayuntamiento-de-vigo-publicadas-las-bases-generales-de-convocatoria-de-procesos-selectivos-de-las-oeps-2017-2018-y-2019","status":"publish","type":"post","link":"https:\/\/www.emplea-te.com\/noticias-oposiciones\/ayuntamiento-de-vigo-publicadas-las-bases-generales-de-convocatoria-de-procesos-selectivos-de-las-oeps-2017-2018-y-2019\/","title":{"rendered":"Ayuntamiento de Vigo. Publicadas las Bases generales de convocatoria de procesos selectivos de las OEPs 2017-2018 y 2019 ."},"content":{"rendered":"<p><img decoding=\"async\" class=\"alignleft wp-image-3922 size-medium\" src=\"https:\/\/www.emplea-te.com\/noticias-oposiciones\/wp-content\/uploads\/2020\/11\/descarga-300x107.png\" alt=\"\" width=\"300\" height=\"107\" srcset=\"https:\/\/www.emplea-te.com\/noticias-oposiciones\/wp-content\/uploads\/2020\/11\/descarga-300x107.png 300w, https:\/\/www.emplea-te.com\/noticias-oposiciones\/wp-content\/uploads\/2020\/11\/descarga-20x7.png 20w, https:\/\/www.emplea-te.com\/noticias-oposiciones\/wp-content\/uploads\/2020\/11\/descarga.png 377w\" sizes=\"(max-width: 300px) 85vw, 300px\" \/><\/p>\n<p>Ayuntamiento de Vigo .<br \/>\nSe publica en el BOPPO de hoy, d\u00eda 17 de noviembre de 2020, el anuncio con las bases de la convocatoria de distintos procesos selectivos correspondientes a plazas de las OEPs 2017-2018 y 2019 .<\/p>\n<p><a href=\"https:\/\/boppo.depo.gal\/detalle?p_p_id=82&amp;p_p_lifecycle=1&amp;p_p_state=normal&amp;p_p_mode=view&amp;p_p_col_pos=1&amp;p_p_col_count=3&amp;_82_struts_action=%2Flanguage%2Fview&amp;_82_redirect=%2Fweb%2Fboppo%2Fdetalle%2F-%2Fboppo%2F2020%2F11%2F17%2F2020051272&amp;languageId=es_ES\" target=\"_blank\" rel=\"noopener noreferrer\">Enlace al Anuncio publicado en el BOPPO\u00a0<\/a><\/p>\n<p>Destacamos las siguientes plazas:<\/p>\n<p>4 Plazas de T\u00e9cnico de la Administraci\u00f3n General A1 (sector jur\u00eddico)<br \/>\n3 son de acceso libre<br \/>\n1 es de promoci\u00f3n interna.<\/p>\n<p><a href=\"https:\/\/boppo.depo.gal\/detalle?p_p_id=82&amp;p_p_lifecycle=1&amp;p_p_state=normal&amp;p_p_mode=view&amp;p_p_col_pos=1&amp;p_p_col_count=3&amp;_82_struts_action=%2Flanguage%2Fview&amp;_82_redirect=%2Fweb%2Fboppo%2Fdetalle%2F-%2Fboppo%2F2020%2F11%2F17%2F2020051272&amp;languageId=es_ES\" target=\"_blank\" rel=\"noopener noreferrer\">Accede a la informaci\u00f3n de las pruebas y temario\u00a0<\/a><\/p>\n<p>Inf\u00f3rmate de c\u00f3mo prepararte en nuestros grupos presenciales enviando un formulario a nuestra web. \u00a1Puedes hacerlo desde aqu\u00ed!<\/p>\n","protected":false},"excerpt":{"rendered":"<p>Ayuntamiento de Vigo . Se publica en el BOPPO de hoy, d\u00eda 17 de noviembre de 2020, el anuncio con las bases de la convocatoria de distintos procesos selectivos correspondientes a plazas de las OEPs 2017-2018 y 2019 . Enlace al Anuncio publicado en el BOPPO\u00a0 Destacamos las siguientes plazas: 4 Plazas de T\u00e9cnico de &hellip; <a href=\"https:\/\/www.emplea-te.com\/noticias-oposiciones\/ayuntamiento-de-vigo-publicadas-las-bases-generales-de-convocatoria-de-procesos-selectivos-de-las-oeps-2017-2018-y-2019\/\" class=\"more-link\">Continuar leyendo<span class=\"screen-reader-text\"> \u00abAyuntamiento de Vigo. Publicadas las Bases generales de convocatoria de procesos selectivos de las OEPs 2017-2018 y 2019 .\u00bb<\/span><\/a><\/p>\n","protected":false},"author":1,"featured_media":0,"comment_status":"closed","ping_status":"closed","sticky":false,"template":"","format":"standard","meta":{"footnotes":""},"categories":[37,56],"tags":[82,49,52],"class_list":["post-3921","post","type-post","status-publish","format-standard","hentry","category-convocatorias-ayuntamientos","category-oposiciones-autonomicas-galicia","tag-acceso-libre","tag-convocatorias-de-oposiciones","tag-oposiciones-promocion-interna"],"yoast_head":"<!-- This site is optimized with the Yoast SEO plugin v27.5 - https:\/\/yoast.com\/product\/yoast-seo-wordpress\/ -->\n<title>Ayuntamiento de Vigo. Bases convocatoria para cubrir 4 plazas de A1<\/title>\n<meta name=\"description\" content=\"Ayuntamiento de Vigo. Bases generales convocatoria 4 plazas A1 T\u00e9cnico de Administraci\u00f3n General . \u00a1Prep\u00e1rate con nosotros!\" \/>\n<meta name=\"robots\" content=\"index, follow, max-snippet:-1, max-image-preview:large, max-video-preview:-1\" \/>\n<link rel=\"canonical\" href=\"https:\/\/www.emplea-te.com\/noticias-oposiciones\/ayuntamiento-de-vigo-publicadas-las-bases-generales-de-convocatoria-de-procesos-selectivos-de-las-oeps-2017-2018-y-2019\/\" \/>\n<meta property=\"og:locale\" content=\"es_ES\" \/>\n<meta property=\"og:type\" content=\"article\" \/>\n<meta property=\"og:title\" content=\"Ayuntamiento de Vigo. Bases convocatoria para cubrir 4 plazas de A1\" \/>\n<meta property=\"og:description\" content=\"Ayuntamiento de Vigo. Bases generales convocatoria 4 plazas A1 T\u00e9cnico de Administraci\u00f3n General . \u00a1Prep\u00e1rate con nosotros!\" \/>\n<meta property=\"og:url\" content=\"https:\/\/www.emplea-te.com\/noticias-oposiciones\/ayuntamiento-de-vigo-publicadas-las-bases-generales-de-convocatoria-de-procesos-selectivos-de-las-oeps-2017-2018-y-2019\/\" \/>\n<meta property=\"og:site_name\" content=\"Noticas de oposiciones por Academia Emplea-te\" \/>\n<meta property=\"article:publisher\" content=\"https:\/\/www.facebook.com\/AcademiaEmpleate\/\" \/>\n<meta property=\"article:published_time\" content=\"2020-11-17T09:40:04+00:00\" \/>\n<meta property=\"og:image\" content=\"https:\/\/www.emplea-te.com\/noticias-oposiciones\/wp-content\/uploads\/2020\/11\/descarga-300x107.png\" \/>\n<meta name=\"author\" content=\"Empleate\" \/>\n<meta name=\"twitter:card\" content=\"summary_large_image\" \/>\n<meta name=\"twitter:creator\" content=\"@Emplea_Te\" \/>\n<meta name=\"twitter:site\" content=\"@Emplea_Te\" \/>\n<meta name=\"twitter:label1\" content=\"Escrito por\" \/>\n\t<meta name=\"twitter:data1\" content=\"Empleate\" \/>\n<script type=\"application\/ld+json\" class=\"yoast-schema-graph\">{\"@context\":\"https:\\\/\\\/schema.org\",\"@graph\":[{\"@type\":\"Article\",\"@id\":\"https:\\\/\\\/www.emplea-te.com\\\/noticias-oposiciones\\\/ayuntamiento-de-vigo-publicadas-las-bases-generales-de-convocatoria-de-procesos-selectivos-de-las-oeps-2017-2018-y-2019\\\/#article\",\"isPartOf\":{\"@id\":\"https:\\\/\\\/www.emplea-te.com\\\/noticias-oposiciones\\\/ayuntamiento-de-vigo-publicadas-las-bases-generales-de-convocatoria-de-procesos-selectivos-de-las-oeps-2017-2018-y-2019\\\/\"},\"author\":{\"name\":\"Empleate\",\"@id\":\"https:\\\/\\\/www.emplea-te.com\\\/noticias-oposiciones\\\/#\\\/schema\\\/person\\\/d1bc587e1af2b95e9c32aba1795509a6\"},\"headline\":\"Ayuntamiento de Vigo. Publicadas las Bases generales de convocatoria de procesos selectivos de las OEPs 2017-2018 y 2019 .\",\"datePublished\":\"2020-11-17T09:40:04+00:00\",\"mainEntityOfPage\":{\"@id\":\"https:\\\/\\\/www.emplea-te.com\\\/noticias-oposiciones\\\/ayuntamiento-de-vigo-publicadas-las-bases-generales-de-convocatoria-de-procesos-selectivos-de-las-oeps-2017-2018-y-2019\\\/\"},\"wordCount\":115,\"publisher\":{\"@id\":\"https:\\\/\\\/www.emplea-te.com\\\/noticias-oposiciones\\\/#organization\"},\"image\":{\"@id\":\"https:\\\/\\\/www.emplea-te.com\\\/noticias-oposiciones\\\/ayuntamiento-de-vigo-publicadas-las-bases-generales-de-convocatoria-de-procesos-selectivos-de-las-oeps-2017-2018-y-2019\\\/#primaryimage\"},\"thumbnailUrl\":\"https:\\\/\\\/www.emplea-te.com\\\/noticias-oposiciones\\\/wp-content\\\/uploads\\\/2020\\\/11\\\/descarga-300x107.png\",\"keywords\":[\"Acceso libre\",\"Convocatoria\",\"Promoci\u00f3n interna\"],\"articleSection\":[\"Convocatorias Ayuntamientos\",\"Oposiciones Auton\u00f3micas Galicia\"],\"inLanguage\":\"es\"},{\"@type\":\"WebPage\",\"@id\":\"https:\\\/\\\/www.emplea-te.com\\\/noticias-oposiciones\\\/ayuntamiento-de-vigo-publicadas-las-bases-generales-de-convocatoria-de-procesos-selectivos-de-las-oeps-2017-2018-y-2019\\\/\",\"url\":\"https:\\\/\\\/www.emplea-te.com\\\/noticias-oposiciones\\\/ayuntamiento-de-vigo-publicadas-las-bases-generales-de-convocatoria-de-procesos-selectivos-de-las-oeps-2017-2018-y-2019\\\/\",\"name\":\"Ayuntamiento de Vigo. Bases convocatoria para cubrir 4 plazas de A1\",\"isPartOf\":{\"@id\":\"https:\\\/\\\/www.emplea-te.com\\\/noticias-oposiciones\\\/#website\"},\"primaryImageOfPage\":{\"@id\":\"https:\\\/\\\/www.emplea-te.com\\\/noticias-oposiciones\\\/ayuntamiento-de-vigo-publicadas-las-bases-generales-de-convocatoria-de-procesos-selectivos-de-las-oeps-2017-2018-y-2019\\\/#primaryimage\"},\"image\":{\"@id\":\"https:\\\/\\\/www.emplea-te.com\\\/noticias-oposiciones\\\/ayuntamiento-de-vigo-publicadas-las-bases-generales-de-convocatoria-de-procesos-selectivos-de-las-oeps-2017-2018-y-2019\\\/#primaryimage\"},\"thumbnailUrl\":\"https:\\\/\\\/www.emplea-te.com\\\/noticias-oposiciones\\\/wp-content\\\/uploads\\\/2020\\\/11\\\/descarga-300x107.png\",\"datePublished\":\"2020-11-17T09:40:04+00:00\",\"description\":\"Ayuntamiento de Vigo. Bases generales convocatoria 4 plazas A1 T\u00e9cnico de Administraci\u00f3n General . \u00a1Prep\u00e1rate con nosotros!\",\"breadcrumb\":{\"@id\":\"https:\\\/\\\/www.emplea-te.com\\\/noticias-oposiciones\\\/ayuntamiento-de-vigo-publicadas-las-bases-generales-de-convocatoria-de-procesos-selectivos-de-las-oeps-2017-2018-y-2019\\\/#breadcrumb\"},\"inLanguage\":\"es\",\"potentialAction\":[{\"@type\":\"ReadAction\",\"target\":[\"https:\\\/\\\/www.emplea-te.com\\\/noticias-oposiciones\\\/ayuntamiento-de-vigo-publicadas-las-bases-generales-de-convocatoria-de-procesos-selectivos-de-las-oeps-2017-2018-y-2019\\\/\"]}]},{\"@type\":\"ImageObject\",\"inLanguage\":\"es\",\"@id\":\"https:\\\/\\\/www.emplea-te.com\\\/noticias-oposiciones\\\/ayuntamiento-de-vigo-publicadas-las-bases-generales-de-convocatoria-de-procesos-selectivos-de-las-oeps-2017-2018-y-2019\\\/#primaryimage\",\"url\":\"https:\\\/\\\/www.emplea-te.com\\\/noticias-oposiciones\\\/wp-content\\\/uploads\\\/2020\\\/11\\\/descarga.png\",\"contentUrl\":\"https:\\\/\\\/www.emplea-te.com\\\/noticias-oposiciones\\\/wp-content\\\/uploads\\\/2020\\\/11\\\/descarga.png\",\"width\":377,\"height\":134},{\"@type\":\"BreadcrumbList\",\"@id\":\"https:\\\/\\\/www.emplea-te.com\\\/noticias-oposiciones\\\/ayuntamiento-de-vigo-publicadas-las-bases-generales-de-convocatoria-de-procesos-selectivos-de-las-oeps-2017-2018-y-2019\\\/#breadcrumb\",\"itemListElement\":[{\"@type\":\"ListItem\",\"position\":1,\"name\":\"Noticias Oposiciones\",\"item\":\"https:\\\/\\\/www.emplea-te.com\\\/noticias-oposiciones\\\/\"},{\"@type\":\"ListItem\",\"position\":2,\"name\":\"Oposiciones Auton\u00f3micas Galicia\",\"item\":\"https:\\\/\\\/www.emplea-te.com\\\/noticias-oposiciones\\\/categoria\\\/oposiciones-autonomicas-galicia\\\/\"},{\"@type\":\"ListItem\",\"position\":3,\"name\":\"Ayuntamiento de Vigo. Publicadas las Bases generales de convocatoria de procesos selectivos de las OEPs 2017-2018 y 2019 .\"}]},{\"@type\":\"WebSite\",\"@id\":\"https:\\\/\\\/www.emplea-te.com\\\/noticias-oposiciones\\\/#website\",\"url\":\"https:\\\/\\\/www.emplea-te.com\\\/noticias-oposiciones\\\/\",\"name\":\"Noticas de oposiciones por Academia Emplea-te\",\"description\":\"Toda la actualidad de las ofertas y convocatorias.\",\"publisher\":{\"@id\":\"https:\\\/\\\/www.emplea-te.com\\\/noticias-oposiciones\\\/#organization\"},\"potentialAction\":[{\"@type\":\"SearchAction\",\"target\":{\"@type\":\"EntryPoint\",\"urlTemplate\":\"https:\\\/\\\/www.emplea-te.com\\\/noticias-oposiciones\\\/?s={search_term_string}\"},\"query-input\":{\"@type\":\"PropertyValueSpecification\",\"valueRequired\":true,\"valueName\":\"search_term_string\"}}],\"inLanguage\":\"es\"},{\"@type\":\"Organization\",\"@id\":\"https:\\\/\\\/www.emplea-te.com\\\/noticias-oposiciones\\\/#organization\",\"name\":\"Academia de oposiciones Empl\u00e9ate\",\"url\":\"https:\\\/\\\/www.emplea-te.com\\\/noticias-oposiciones\\\/\",\"logo\":{\"@type\":\"ImageObject\",\"inLanguage\":\"es\",\"@id\":\"https:\\\/\\\/www.emplea-te.com\\\/noticias-oposiciones\\\/#\\\/schema\\\/logo\\\/image\\\/\",\"url\":\"https:\\\/\\\/www.emplea-te.com\\\/noticias-oposiciones\\\/wp-content\\\/uploads\\\/2019\\\/04\\\/empleate.jpg\",\"contentUrl\":\"https:\\\/\\\/www.emplea-te.com\\\/noticias-oposiciones\\\/wp-content\\\/uploads\\\/2019\\\/04\\\/empleate.jpg\",\"width\":250,\"height\":150,\"caption\":\"Academia de oposiciones Empl\u00e9ate\"},\"image\":{\"@id\":\"https:\\\/\\\/www.emplea-te.com\\\/noticias-oposiciones\\\/#\\\/schema\\\/logo\\\/image\\\/\"},\"sameAs\":[\"https:\\\/\\\/www.facebook.com\\\/AcademiaEmpleate\\\/\",\"https:\\\/\\\/x.com\\\/Emplea_Te\",\"https:\\\/\\\/www.instagram.com\\\/academia_empleate\\\/\"]},{\"@type\":\"Person\",\"@id\":\"https:\\\/\\\/www.emplea-te.com\\\/noticias-oposiciones\\\/#\\\/schema\\\/person\\\/d1bc587e1af2b95e9c32aba1795509a6\",\"name\":\"Empleate\"}]}<\/script>\n<!-- \/ Yoast SEO plugin. -->","yoast_head_json":{"title":"Ayuntamiento de Vigo. Bases convocatoria para cubrir 4 plazas de A1","description":"Ayuntamiento de Vigo. Bases generales convocatoria 4 plazas A1 T\u00e9cnico de Administraci\u00f3n General . \u00a1Prep\u00e1rate con nosotros!","robots":{"index":"index","follow":"follow","max-snippet":"max-snippet:-1","max-image-preview":"max-image-preview:large","max-video-preview":"max-video-preview:-1"},"canonical":"https:\/\/www.emplea-te.com\/noticias-oposiciones\/ayuntamiento-de-vigo-publicadas-las-bases-generales-de-convocatoria-de-procesos-selectivos-de-las-oeps-2017-2018-y-2019\/","og_locale":"es_ES","og_type":"article","og_title":"Ayuntamiento de Vigo. Bases convocatoria para cubrir 4 plazas de A1","og_description":"Ayuntamiento de Vigo. Bases generales convocatoria 4 plazas A1 T\u00e9cnico de Administraci\u00f3n General . \u00a1Prep\u00e1rate con nosotros!","og_url":"https:\/\/www.emplea-te.com\/noticias-oposiciones\/ayuntamiento-de-vigo-publicadas-las-bases-generales-de-convocatoria-de-procesos-selectivos-de-las-oeps-2017-2018-y-2019\/","og_site_name":"Noticas de oposiciones por Academia Emplea-te","article_publisher":"https:\/\/www.facebook.com\/AcademiaEmpleate\/","article_published_time":"2020-11-17T09:40:04+00:00","og_image":[{"url":"https:\/\/www.emplea-te.com\/noticias-oposiciones\/wp-content\/uploads\/2020\/11\/descarga-300x107.png","type":"","width":"","height":""}],"author":"Empleate","twitter_card":"summary_large_image","twitter_creator":"@Emplea_Te","twitter_site":"@Emplea_Te","twitter_misc":{"Escrito por":"Empleate"},"schema":{"@context":"https:\/\/schema.org","@graph":[{"@type":"Article","@id":"https:\/\/www.emplea-te.com\/noticias-oposiciones\/ayuntamiento-de-vigo-publicadas-las-bases-generales-de-convocatoria-de-procesos-selectivos-de-las-oeps-2017-2018-y-2019\/#article","isPartOf":{"@id":"https:\/\/www.emplea-te.com\/noticias-oposiciones\/ayuntamiento-de-vigo-publicadas-las-bases-generales-de-convocatoria-de-procesos-selectivos-de-las-oeps-2017-2018-y-2019\/"},"author":{"name":"Empleate","@id":"https:\/\/www.emplea-te.com\/noticias-oposiciones\/#\/schema\/person\/d1bc587e1af2b95e9c32aba1795509a6"},"headline":"Ayuntamiento de Vigo. Publicadas las Bases generales de convocatoria de procesos selectivos de las OEPs 2017-2018 y 2019 .","datePublished":"2020-11-17T09:40:04+00:00","mainEntityOfPage":{"@id":"https:\/\/www.emplea-te.com\/noticias-oposiciones\/ayuntamiento-de-vigo-publicadas-las-bases-generales-de-convocatoria-de-procesos-selectivos-de-las-oeps-2017-2018-y-2019\/"},"wordCount":115,"publisher":{"@id":"https:\/\/www.emplea-te.com\/noticias-oposiciones\/#organization"},"image":{"@id":"https:\/\/www.emplea-te.com\/noticias-oposiciones\/ayuntamiento-de-vigo-publicadas-las-bases-generales-de-convocatoria-de-procesos-selectivos-de-las-oeps-2017-2018-y-2019\/#primaryimage"},"thumbnailUrl":"https:\/\/www.emplea-te.com\/noticias-oposiciones\/wp-content\/uploads\/2020\/11\/descarga-300x107.png","keywords":["Acceso libre","Convocatoria","Promoci\u00f3n interna"],"articleSection":["Convocatorias Ayuntamientos","Oposiciones Auton\u00f3micas Galicia"],"inLanguage":"es"},{"@type":"WebPage","@id":"https:\/\/www.emplea-te.com\/noticias-oposiciones\/ayuntamiento-de-vigo-publicadas-las-bases-generales-de-convocatoria-de-procesos-selectivos-de-las-oeps-2017-2018-y-2019\/","url":"https:\/\/www.emplea-te.com\/noticias-oposiciones\/ayuntamiento-de-vigo-publicadas-las-bases-generales-de-convocatoria-de-procesos-selectivos-de-las-oeps-2017-2018-y-2019\/","name":"Ayuntamiento de Vigo. Bases convocatoria para cubrir 4 plazas de A1","isPartOf":{"@id":"https:\/\/www.emplea-te.com\/noticias-oposiciones\/#website"},"primaryImageOfPage":{"@id":"https:\/\/www.emplea-te.com\/noticias-oposiciones\/ayuntamiento-de-vigo-publicadas-las-bases-generales-de-convocatoria-de-procesos-selectivos-de-las-oeps-2017-2018-y-2019\/#primaryimage"},"image":{"@id":"https:\/\/www.emplea-te.com\/noticias-oposiciones\/ayuntamiento-de-vigo-publicadas-las-bases-generales-de-convocatoria-de-procesos-selectivos-de-las-oeps-2017-2018-y-2019\/#primaryimage"},"thumbnailUrl":"https:\/\/www.emplea-te.com\/noticias-oposiciones\/wp-content\/uploads\/2020\/11\/descarga-300x107.png","datePublished":"2020-11-17T09:40:04+00:00","description":"Ayuntamiento de Vigo. Bases generales convocatoria 4 plazas A1 T\u00e9cnico de Administraci\u00f3n General . \u00a1Prep\u00e1rate con nosotros!","breadcrumb":{"@id":"https:\/\/www.emplea-te.com\/noticias-oposiciones\/ayuntamiento-de-vigo-publicadas-las-bases-generales-de-convocatoria-de-procesos-selectivos-de-las-oeps-2017-2018-y-2019\/#breadcrumb"},"inLanguage":"es","potentialAction":[{"@type":"ReadAction","target":["https:\/\/www.emplea-te.com\/noticias-oposiciones\/ayuntamiento-de-vigo-publicadas-las-bases-generales-de-convocatoria-de-procesos-selectivos-de-las-oeps-2017-2018-y-2019\/"]}]},{"@type":"ImageObject","inLanguage":"es","@id":"https:\/\/www.emplea-te.com\/noticias-oposiciones\/ayuntamiento-de-vigo-publicadas-las-bases-generales-de-convocatoria-de-procesos-selectivos-de-las-oeps-2017-2018-y-2019\/#primaryimage","url":"https:\/\/www.emplea-te.com\/noticias-oposiciones\/wp-content\/uploads\/2020\/11\/descarga.png","contentUrl":"https:\/\/www.emplea-te.com\/noticias-oposiciones\/wp-content\/uploads\/2020\/11\/descarga.png","width":377,"height":134},{"@type":"BreadcrumbList","@id":"https:\/\/www.emplea-te.com\/noticias-oposiciones\/ayuntamiento-de-vigo-publicadas-las-bases-generales-de-convocatoria-de-procesos-selectivos-de-las-oeps-2017-2018-y-2019\/#breadcrumb","itemListElement":[{"@type":"ListItem","position":1,"name":"Noticias Oposiciones","item":"https:\/\/www.emplea-te.com\/noticias-oposiciones\/"},{"@type":"ListItem","position":2,"name":"Oposiciones Auton\u00f3micas Galicia","item":"https:\/\/www.emplea-te.com\/noticias-oposiciones\/categoria\/oposiciones-autonomicas-galicia\/"},{"@type":"ListItem","position":3,"name":"Ayuntamiento de Vigo. Publicadas las Bases generales de convocatoria de procesos selectivos de las OEPs 2017-2018 y 2019 ."}]},{"@type":"WebSite","@id":"https:\/\/www.emplea-te.com\/noticias-oposiciones\/#website","url":"https:\/\/www.emplea-te.com\/noticias-oposiciones\/","name":"Noticas de oposiciones por Academia Emplea-te","description":"Toda la actualidad de las ofertas y convocatorias.","publisher":{"@id":"https:\/\/www.emplea-te.com\/noticias-oposiciones\/#organization"},"potentialAction":[{"@type":"SearchAction","target":{"@type":"EntryPoint","urlTemplate":"https:\/\/www.emplea-te.com\/noticias-oposiciones\/?s={search_term_string}"},"query-input":{"@type":"PropertyValueSpecification","valueRequired":true,"valueName":"search_term_string"}}],"inLanguage":"es"},{"@type":"Organization","@id":"https:\/\/www.emplea-te.com\/noticias-oposiciones\/#organization","name":"Academia de oposiciones Empl\u00e9ate","url":"https:\/\/www.emplea-te.com\/noticias-oposiciones\/","logo":{"@type":"ImageObject","inLanguage":"es","@id":"https:\/\/www.emplea-te.com\/noticias-oposiciones\/#\/schema\/logo\/image\/","url":"https:\/\/www.emplea-te.com\/noticias-oposiciones\/wp-content\/uploads\/2019\/04\/empleate.jpg","contentUrl":"https:\/\/www.emplea-te.com\/noticias-oposiciones\/wp-content\/uploads\/2019\/04\/empleate.jpg","width":250,"height":150,"caption":"Academia de oposiciones Empl\u00e9ate"},"image":{"@id":"https:\/\/www.emplea-te.com\/noticias-oposiciones\/#\/schema\/logo\/image\/"},"sameAs":["https:\/\/www.facebook.com\/AcademiaEmpleate\/","https:\/\/x.com\/Emplea_Te","https:\/\/www.instagram.com\/academia_empleate\/"]},{"@type":"Person","@id":"https:\/\/www.emplea-te.com\/noticias-oposiciones\/#\/schema\/person\/d1bc587e1af2b95e9c32aba1795509a6","name":"Empleate"}]}},"_links":{"self":[{"href":"https:\/\/www.emplea-te.com\/noticias-oposiciones\/wp-json\/wp\/v2\/posts\/3921","targetHints":{"allow":["GET"]}}],"collection":[{"href":"https:\/\/www.emplea-te.com\/noticias-oposiciones\/wp-json\/wp\/v2\/posts"}],"about":[{"href":"https:\/\/www.emplea-te.com\/noticias-oposiciones\/wp-json\/wp\/v2\/types\/post"}],"author":[{"embeddable":true,"href":"https:\/\/www.emplea-te.com\/noticias-oposiciones\/wp-json\/wp\/v2\/users\/1"}],"replies":[{"embeddable":true,"href":"https:\/\/www.emplea-te.com\/noticias-oposiciones\/wp-json\/wp\/v2\/comments?post=3921"}],"version-history":[{"count":1,"href":"https:\/\/www.emplea-te.com\/noticias-oposiciones\/wp-json\/wp\/v2\/posts\/3921\/revisions"}],"predecessor-version":[{"id":3923,"href":"https:\/\/www.emplea-te.com\/noticias-oposiciones\/wp-json\/wp\/v2\/posts\/3921\/revisions\/3923"}],"wp:attachment":[{"href":"https:\/\/www.emplea-te.com\/noticias-oposiciones\/wp-json\/wp\/v2\/media?parent=3921"}],"wp:term":[{"taxonomy":"category","embeddable":true,"href":"https:\/\/www.emplea-te.com\/noticias-oposiciones\/wp-json\/wp\/v2\/categories?post=3921"},{"taxonomy":"post_tag","embeddable":true,"href":"https:\/\/www.emplea-te.com\/noticias-oposiciones\/wp-json\/wp\/v2\/tags?post=3921"}],"curies":[{"name":"wp","href":"https:\/\/api.w.org\/{rel}","templated":true}]}}