{"id":3952,"date":"2020-11-25T10:29:35","date_gmt":"2020-11-25T09:29:35","guid":{"rendered":"https:\/\/www.emplea-te.com\/noticias-oposiciones\/?p=3952"},"modified":"2020-11-25T10:29:35","modified_gmt":"2020-11-25T09:29:35","slug":"publicadas-las-listas-provisionales-de-contratacion-temporal-de-grupo-iv-asistente-de-clinica-y-otros-y-grupo-ii-ats-y-otros-de-la-xunta-de-galicia","status":"publish","type":"post","link":"https:\/\/www.emplea-te.com\/noticias-oposiciones\/publicadas-las-listas-provisionales-de-contratacion-temporal-de-grupo-iv-asistente-de-clinica-y-otros-y-grupo-ii-ats-y-otros-de-la-xunta-de-galicia\/","title":{"rendered":"Publicadas las listas provisionales de contrataci\u00f3n temporal de Grupo IV (asistente de cl\u00ednica y otros) y Grupo II (ATS y otros) de la Xunta de Galicia."},"content":{"rendered":"<p><img decoding=\"async\" class=\"alignleft wp-image-1502 size-full\" src=\"https:\/\/www.emplea-te.com\/noticias-oposiciones\/wp-content\/uploads\/2019\/04\/xunta_De_Galicia.png\" alt=\"Oposiciones Xunta\" width=\"315\" height=\"160\" srcset=\"https:\/\/www.emplea-te.com\/noticias-oposiciones\/wp-content\/uploads\/2019\/04\/xunta_De_Galicia.png 315w, https:\/\/www.emplea-te.com\/noticias-oposiciones\/wp-content\/uploads\/2019\/04\/xunta_De_Galicia-300x152.png 300w, https:\/\/www.emplea-te.com\/noticias-oposiciones\/wp-content\/uploads\/2019\/04\/xunta_De_Galicia-20x10.png 20w\" sizes=\"(max-width: 315px) 85vw, 315px\" \/><\/p>\n<p>Se publica en el DOG de hoy, d\u00eda 25 de noviembre de 2020,\u00a0 la Resoluci\u00f3n por la que se hacen p\u00fablicas las listas provisionales de contrataci\u00f3n temporal de Grupo IV (asistente de cl\u00ednica y otros) y Grupo II (ATS y otros) de la Xunta de Galicia.<\/p>\n<p><a href=\"https:\/\/www.xunta.gal\/dog\/Publicados\/2020\/20201125\/AnuncioG0597-201120-0001_gl.html\" target=\"_blank\" rel=\"noopener noreferrer\">Enlace a Resoluci\u00f3n\u00a0<\/a><\/p>\n<p>Consulta de las Listas:<\/p>\n<p class=\"dog-base-sangria\"><span>Las listas se pueden consultar en el portal web corporativo de la Xunta de Galicia, <a href=\"http:\/\/www.funcionpublica.xunta.gal\" target=\"_blank\" rel=\"noopener noreferrer\">http:\/\/funcionpublica.xunta.gal, bajo el ep\u00edgrafe de &lt;Listas de contrataci\u00f3n&gt;<\/a>, en el Servicio de Informaci\u00f3n y Atenci\u00f3n al Ciudadano a trav\u00e9s del tel\u00e9fono 012 y en las oficinas de registro y atenci\u00f3n a la ciudadan\u00eda de la Xunta de Galicia (oficinas de los edificios administrativos de la Vicepresidencia Primera y del Ministerio de Presidencia, Justicia y Turismo).<\/span><\/p>\n<p class=\"dog-base-sangria\"><span>Estas listas incluyen la siguiente informaci\u00f3n:<br \/>\n<\/span><span>&#8211; Solicitantes admitidos a lista con indicaci\u00f3n de la puntuaci\u00f3n provisional resultante de la aplicaci\u00f3n del baremo establecido en el art\u00edculo 9 del Decreto 37\/2006.<br \/>\n<\/span><span>&#8211; Solicitantes excluidos con expresi\u00f3n del motivo de exclusi\u00f3n.<\/p>\n<p>Reclamaciones:\u00a0<\/span><\/p>\n<p class=\"dog-base-sangria\"><span>Los interesados \u200b\u200bdispondr\u00e1n de un plazo de diez d\u00edas h\u00e1biles, contados a partir del d\u00eda siguiente a la publicaci\u00f3n de esta resoluci\u00f3n en el Bolet\u00edn Oficial de Galicia, para presentar denuncias ante la Comisi\u00f3n Permanente (Direcci\u00f3n General de Funci\u00f3n P\u00fablica, Ministerio de Hacienda y Administraciones P\u00fablicas, Edificio Administrativo San Caetano, s \/ n, Santiago de Compostela).<\/span><\/p>\n<p>&nbsp;<\/p>\n","protected":false},"excerpt":{"rendered":"<p>Se publica en el DOG de hoy, d\u00eda 25 de noviembre de 2020,\u00a0 la Resoluci\u00f3n por la que se hacen p\u00fablicas las listas provisionales de contrataci\u00f3n temporal de Grupo IV (asistente de cl\u00ednica y otros) y Grupo II (ATS y otros) de la Xunta de Galicia. Enlace a Resoluci\u00f3n\u00a0 Consulta de las Listas: Las listas &hellip; <a href=\"https:\/\/www.emplea-te.com\/noticias-oposiciones\/publicadas-las-listas-provisionales-de-contratacion-temporal-de-grupo-iv-asistente-de-clinica-y-otros-y-grupo-ii-ats-y-otros-de-la-xunta-de-galicia\/\" class=\"more-link\">Continuar leyendo<span class=\"screen-reader-text\"> \u00abPublicadas las listas provisionales de contrataci\u00f3n temporal de Grupo IV (asistente de cl\u00ednica y otros) y Grupo II (ATS y otros) de la Xunta de Galicia.\u00bb<\/span><\/a><\/p>\n","protected":false},"author":1,"featured_media":0,"comment_status":"closed","ping_status":"closed","sticky":false,"template":"","format":"standard","meta":{"footnotes":""},"categories":[4],"tags":[93],"class_list":["post-3952","post","type-post","status-publish","format-standard","hentry","category-oposiciones-xunta","tag-personal-laboral-xunta"],"yoast_head":"<!-- This site is optimized with the Yoast SEO plugin v27.5 - https:\/\/yoast.com\/product\/yoast-seo-wordpress\/ -->\n<title>Xunta. listas Provisionales de contrataci\u00f3n temporal distintas categor\u00edas<\/title>\n<meta name=\"description\" content=\"Publicadas las listas Provisionales de contrataci\u00f3n temporal distintas categor\u00edas Xunta.\" \/>\n<meta name=\"robots\" content=\"index, follow, max-snippet:-1, max-image-preview:large, max-video-preview:-1\" \/>\n<link rel=\"canonical\" href=\"https:\/\/www.emplea-te.com\/noticias-oposiciones\/publicadas-las-listas-provisionales-de-contratacion-temporal-de-grupo-iv-asistente-de-clinica-y-otros-y-grupo-ii-ats-y-otros-de-la-xunta-de-galicia\/\" \/>\n<meta property=\"og:locale\" content=\"es_ES\" \/>\n<meta property=\"og:type\" content=\"article\" \/>\n<meta property=\"og:title\" content=\"Xunta. listas Provisionales de contrataci\u00f3n temporal distintas categor\u00edas\" \/>\n<meta property=\"og:description\" content=\"Publicadas las listas Provisionales de contrataci\u00f3n temporal distintas categor\u00edas Xunta.\" \/>\n<meta property=\"og:url\" content=\"https:\/\/www.emplea-te.com\/noticias-oposiciones\/publicadas-las-listas-provisionales-de-contratacion-temporal-de-grupo-iv-asistente-de-clinica-y-otros-y-grupo-ii-ats-y-otros-de-la-xunta-de-galicia\/\" \/>\n<meta property=\"og:site_name\" content=\"Noticas de oposiciones por Academia Emplea-te\" \/>\n<meta property=\"article:publisher\" content=\"https:\/\/www.facebook.com\/AcademiaEmpleate\/\" \/>\n<meta property=\"article:published_time\" content=\"2020-11-25T09:29:35+00:00\" \/>\n<meta property=\"og:image\" content=\"https:\/\/www.emplea-te.com\/noticias-oposiciones\/wp-content\/uploads\/2019\/04\/xunta_De_Galicia.png\" \/>\n<meta name=\"author\" content=\"Empleate\" \/>\n<meta name=\"twitter:card\" content=\"summary_large_image\" \/>\n<meta name=\"twitter:creator\" content=\"@Emplea_Te\" \/>\n<meta name=\"twitter:site\" content=\"@Emplea_Te\" \/>\n<meta name=\"twitter:label1\" content=\"Escrito por\" \/>\n\t<meta name=\"twitter:data1\" content=\"Empleate\" \/>\n\t<meta name=\"twitter:label2\" content=\"Tiempo de lectura\" \/>\n\t<meta name=\"twitter:data2\" content=\"1 minuto\" \/>\n<script type=\"application\/ld+json\" class=\"yoast-schema-graph\">{\"@context\":\"https:\\\/\\\/schema.org\",\"@graph\":[{\"@type\":\"Article\",\"@id\":\"https:\\\/\\\/www.emplea-te.com\\\/noticias-oposiciones\\\/publicadas-las-listas-provisionales-de-contratacion-temporal-de-grupo-iv-asistente-de-clinica-y-otros-y-grupo-ii-ats-y-otros-de-la-xunta-de-galicia\\\/#article\",\"isPartOf\":{\"@id\":\"https:\\\/\\\/www.emplea-te.com\\\/noticias-oposiciones\\\/publicadas-las-listas-provisionales-de-contratacion-temporal-de-grupo-iv-asistente-de-clinica-y-otros-y-grupo-ii-ats-y-otros-de-la-xunta-de-galicia\\\/\"},\"author\":{\"name\":\"Empleate\",\"@id\":\"https:\\\/\\\/www.emplea-te.com\\\/noticias-oposiciones\\\/#\\\/schema\\\/person\\\/d1bc587e1af2b95e9c32aba1795509a6\"},\"headline\":\"Publicadas las listas provisionales de contrataci\u00f3n temporal de Grupo IV (asistente de cl\u00ednica y otros) y Grupo II (ATS y otros) de la Xunta de Galicia.\",\"datePublished\":\"2020-11-25T09:29:35+00:00\",\"mainEntityOfPage\":{\"@id\":\"https:\\\/\\\/www.emplea-te.com\\\/noticias-oposiciones\\\/publicadas-las-listas-provisionales-de-contratacion-temporal-de-grupo-iv-asistente-de-clinica-y-otros-y-grupo-ii-ats-y-otros-de-la-xunta-de-galicia\\\/\"},\"wordCount\":281,\"publisher\":{\"@id\":\"https:\\\/\\\/www.emplea-te.com\\\/noticias-oposiciones\\\/#organization\"},\"image\":{\"@id\":\"https:\\\/\\\/www.emplea-te.com\\\/noticias-oposiciones\\\/publicadas-las-listas-provisionales-de-contratacion-temporal-de-grupo-iv-asistente-de-clinica-y-otros-y-grupo-ii-ats-y-otros-de-la-xunta-de-galicia\\\/#primaryimage\"},\"thumbnailUrl\":\"https:\\\/\\\/www.emplea-te.com\\\/noticias-oposiciones\\\/wp-content\\\/uploads\\\/2019\\\/04\\\/xunta_De_Galicia.png\",\"keywords\":[\"PERSONAL LABORAL XUNTA\"],\"articleSection\":[\"Oposiciones Xunta\"],\"inLanguage\":\"es\"},{\"@type\":\"WebPage\",\"@id\":\"https:\\\/\\\/www.emplea-te.com\\\/noticias-oposiciones\\\/publicadas-las-listas-provisionales-de-contratacion-temporal-de-grupo-iv-asistente-de-clinica-y-otros-y-grupo-ii-ats-y-otros-de-la-xunta-de-galicia\\\/\",\"url\":\"https:\\\/\\\/www.emplea-te.com\\\/noticias-oposiciones\\\/publicadas-las-listas-provisionales-de-contratacion-temporal-de-grupo-iv-asistente-de-clinica-y-otros-y-grupo-ii-ats-y-otros-de-la-xunta-de-galicia\\\/\",\"name\":\"Xunta. listas Provisionales de contrataci\u00f3n temporal distintas categor\u00edas\",\"isPartOf\":{\"@id\":\"https:\\\/\\\/www.emplea-te.com\\\/noticias-oposiciones\\\/#website\"},\"primaryImageOfPage\":{\"@id\":\"https:\\\/\\\/www.emplea-te.com\\\/noticias-oposiciones\\\/publicadas-las-listas-provisionales-de-contratacion-temporal-de-grupo-iv-asistente-de-clinica-y-otros-y-grupo-ii-ats-y-otros-de-la-xunta-de-galicia\\\/#primaryimage\"},\"image\":{\"@id\":\"https:\\\/\\\/www.emplea-te.com\\\/noticias-oposiciones\\\/publicadas-las-listas-provisionales-de-contratacion-temporal-de-grupo-iv-asistente-de-clinica-y-otros-y-grupo-ii-ats-y-otros-de-la-xunta-de-galicia\\\/#primaryimage\"},\"thumbnailUrl\":\"https:\\\/\\\/www.emplea-te.com\\\/noticias-oposiciones\\\/wp-content\\\/uploads\\\/2019\\\/04\\\/xunta_De_Galicia.png\",\"datePublished\":\"2020-11-25T09:29:35+00:00\",\"description\":\"Publicadas las listas Provisionales de contrataci\u00f3n temporal distintas categor\u00edas Xunta.\",\"breadcrumb\":{\"@id\":\"https:\\\/\\\/www.emplea-te.com\\\/noticias-oposiciones\\\/publicadas-las-listas-provisionales-de-contratacion-temporal-de-grupo-iv-asistente-de-clinica-y-otros-y-grupo-ii-ats-y-otros-de-la-xunta-de-galicia\\\/#breadcrumb\"},\"inLanguage\":\"es\",\"potentialAction\":[{\"@type\":\"ReadAction\",\"target\":[\"https:\\\/\\\/www.emplea-te.com\\\/noticias-oposiciones\\\/publicadas-las-listas-provisionales-de-contratacion-temporal-de-grupo-iv-asistente-de-clinica-y-otros-y-grupo-ii-ats-y-otros-de-la-xunta-de-galicia\\\/\"]}]},{\"@type\":\"ImageObject\",\"inLanguage\":\"es\",\"@id\":\"https:\\\/\\\/www.emplea-te.com\\\/noticias-oposiciones\\\/publicadas-las-listas-provisionales-de-contratacion-temporal-de-grupo-iv-asistente-de-clinica-y-otros-y-grupo-ii-ats-y-otros-de-la-xunta-de-galicia\\\/#primaryimage\",\"url\":\"https:\\\/\\\/www.emplea-te.com\\\/noticias-oposiciones\\\/wp-content\\\/uploads\\\/2019\\\/04\\\/xunta_De_Galicia.png\",\"contentUrl\":\"https:\\\/\\\/www.emplea-te.com\\\/noticias-oposiciones\\\/wp-content\\\/uploads\\\/2019\\\/04\\\/xunta_De_Galicia.png\",\"width\":315,\"height\":160,\"caption\":\"Oposiciones Xunta\"},{\"@type\":\"BreadcrumbList\",\"@id\":\"https:\\\/\\\/www.emplea-te.com\\\/noticias-oposiciones\\\/publicadas-las-listas-provisionales-de-contratacion-temporal-de-grupo-iv-asistente-de-clinica-y-otros-y-grupo-ii-ats-y-otros-de-la-xunta-de-galicia\\\/#breadcrumb\",\"itemListElement\":[{\"@type\":\"ListItem\",\"position\":1,\"name\":\"Noticias Oposiciones\",\"item\":\"https:\\\/\\\/www.emplea-te.com\\\/noticias-oposiciones\\\/\"},{\"@type\":\"ListItem\",\"position\":2,\"name\":\"Oposiciones Xunta\",\"item\":\"https:\\\/\\\/www.emplea-te.com\\\/noticias-oposiciones\\\/categoria\\\/oposiciones-xunta\\\/\"},{\"@type\":\"ListItem\",\"position\":3,\"name\":\"Publicadas las listas provisionales de contrataci\u00f3n temporal de Grupo IV (asistente de cl\u00ednica y otros) y Grupo II (ATS y otros) de la Xunta de Galicia.\"}]},{\"@type\":\"WebSite\",\"@id\":\"https:\\\/\\\/www.emplea-te.com\\\/noticias-oposiciones\\\/#website\",\"url\":\"https:\\\/\\\/www.emplea-te.com\\\/noticias-oposiciones\\\/\",\"name\":\"Noticas de oposiciones por Academia Emplea-te\",\"description\":\"Toda la actualidad de las ofertas y convocatorias.\",\"publisher\":{\"@id\":\"https:\\\/\\\/www.emplea-te.com\\\/noticias-oposiciones\\\/#organization\"},\"potentialAction\":[{\"@type\":\"SearchAction\",\"target\":{\"@type\":\"EntryPoint\",\"urlTemplate\":\"https:\\\/\\\/www.emplea-te.com\\\/noticias-oposiciones\\\/?s={search_term_string}\"},\"query-input\":{\"@type\":\"PropertyValueSpecification\",\"valueRequired\":true,\"valueName\":\"search_term_string\"}}],\"inLanguage\":\"es\"},{\"@type\":\"Organization\",\"@id\":\"https:\\\/\\\/www.emplea-te.com\\\/noticias-oposiciones\\\/#organization\",\"name\":\"Academia de oposiciones Empl\u00e9ate\",\"url\":\"https:\\\/\\\/www.emplea-te.com\\\/noticias-oposiciones\\\/\",\"logo\":{\"@type\":\"ImageObject\",\"inLanguage\":\"es\",\"@id\":\"https:\\\/\\\/www.emplea-te.com\\\/noticias-oposiciones\\\/#\\\/schema\\\/logo\\\/image\\\/\",\"url\":\"https:\\\/\\\/www.emplea-te.com\\\/noticias-oposiciones\\\/wp-content\\\/uploads\\\/2019\\\/04\\\/empleate.jpg\",\"contentUrl\":\"https:\\\/\\\/www.emplea-te.com\\\/noticias-oposiciones\\\/wp-content\\\/uploads\\\/2019\\\/04\\\/empleate.jpg\",\"width\":250,\"height\":150,\"caption\":\"Academia de oposiciones Empl\u00e9ate\"},\"image\":{\"@id\":\"https:\\\/\\\/www.emplea-te.com\\\/noticias-oposiciones\\\/#\\\/schema\\\/logo\\\/image\\\/\"},\"sameAs\":[\"https:\\\/\\\/www.facebook.com\\\/AcademiaEmpleate\\\/\",\"https:\\\/\\\/x.com\\\/Emplea_Te\",\"https:\\\/\\\/www.instagram.com\\\/academia_empleate\\\/\"]},{\"@type\":\"Person\",\"@id\":\"https:\\\/\\\/www.emplea-te.com\\\/noticias-oposiciones\\\/#\\\/schema\\\/person\\\/d1bc587e1af2b95e9c32aba1795509a6\",\"name\":\"Empleate\"}]}<\/script>\n<!-- \/ Yoast SEO plugin. -->","yoast_head_json":{"title":"Xunta. listas Provisionales de contrataci\u00f3n temporal distintas categor\u00edas","description":"Publicadas las listas Provisionales de contrataci\u00f3n temporal distintas categor\u00edas Xunta.","robots":{"index":"index","follow":"follow","max-snippet":"max-snippet:-1","max-image-preview":"max-image-preview:large","max-video-preview":"max-video-preview:-1"},"canonical":"https:\/\/www.emplea-te.com\/noticias-oposiciones\/publicadas-las-listas-provisionales-de-contratacion-temporal-de-grupo-iv-asistente-de-clinica-y-otros-y-grupo-ii-ats-y-otros-de-la-xunta-de-galicia\/","og_locale":"es_ES","og_type":"article","og_title":"Xunta. listas Provisionales de contrataci\u00f3n temporal distintas categor\u00edas","og_description":"Publicadas las listas Provisionales de contrataci\u00f3n temporal distintas categor\u00edas Xunta.","og_url":"https:\/\/www.emplea-te.com\/noticias-oposiciones\/publicadas-las-listas-provisionales-de-contratacion-temporal-de-grupo-iv-asistente-de-clinica-y-otros-y-grupo-ii-ats-y-otros-de-la-xunta-de-galicia\/","og_site_name":"Noticas de oposiciones por Academia Emplea-te","article_publisher":"https:\/\/www.facebook.com\/AcademiaEmpleate\/","article_published_time":"2020-11-25T09:29:35+00:00","og_image":[{"url":"https:\/\/www.emplea-te.com\/noticias-oposiciones\/wp-content\/uploads\/2019\/04\/xunta_De_Galicia.png","type":"","width":"","height":""}],"author":"Empleate","twitter_card":"summary_large_image","twitter_creator":"@Emplea_Te","twitter_site":"@Emplea_Te","twitter_misc":{"Escrito por":"Empleate","Tiempo de lectura":"1 minuto"},"schema":{"@context":"https:\/\/schema.org","@graph":[{"@type":"Article","@id":"https:\/\/www.emplea-te.com\/noticias-oposiciones\/publicadas-las-listas-provisionales-de-contratacion-temporal-de-grupo-iv-asistente-de-clinica-y-otros-y-grupo-ii-ats-y-otros-de-la-xunta-de-galicia\/#article","isPartOf":{"@id":"https:\/\/www.emplea-te.com\/noticias-oposiciones\/publicadas-las-listas-provisionales-de-contratacion-temporal-de-grupo-iv-asistente-de-clinica-y-otros-y-grupo-ii-ats-y-otros-de-la-xunta-de-galicia\/"},"author":{"name":"Empleate","@id":"https:\/\/www.emplea-te.com\/noticias-oposiciones\/#\/schema\/person\/d1bc587e1af2b95e9c32aba1795509a6"},"headline":"Publicadas las listas provisionales de contrataci\u00f3n temporal de Grupo IV (asistente de cl\u00ednica y otros) y Grupo II (ATS y otros) de la Xunta de Galicia.","datePublished":"2020-11-25T09:29:35+00:00","mainEntityOfPage":{"@id":"https:\/\/www.emplea-te.com\/noticias-oposiciones\/publicadas-las-listas-provisionales-de-contratacion-temporal-de-grupo-iv-asistente-de-clinica-y-otros-y-grupo-ii-ats-y-otros-de-la-xunta-de-galicia\/"},"wordCount":281,"publisher":{"@id":"https:\/\/www.emplea-te.com\/noticias-oposiciones\/#organization"},"image":{"@id":"https:\/\/www.emplea-te.com\/noticias-oposiciones\/publicadas-las-listas-provisionales-de-contratacion-temporal-de-grupo-iv-asistente-de-clinica-y-otros-y-grupo-ii-ats-y-otros-de-la-xunta-de-galicia\/#primaryimage"},"thumbnailUrl":"https:\/\/www.emplea-te.com\/noticias-oposiciones\/wp-content\/uploads\/2019\/04\/xunta_De_Galicia.png","keywords":["PERSONAL LABORAL XUNTA"],"articleSection":["Oposiciones Xunta"],"inLanguage":"es"},{"@type":"WebPage","@id":"https:\/\/www.emplea-te.com\/noticias-oposiciones\/publicadas-las-listas-provisionales-de-contratacion-temporal-de-grupo-iv-asistente-de-clinica-y-otros-y-grupo-ii-ats-y-otros-de-la-xunta-de-galicia\/","url":"https:\/\/www.emplea-te.com\/noticias-oposiciones\/publicadas-las-listas-provisionales-de-contratacion-temporal-de-grupo-iv-asistente-de-clinica-y-otros-y-grupo-ii-ats-y-otros-de-la-xunta-de-galicia\/","name":"Xunta. listas Provisionales de contrataci\u00f3n temporal distintas categor\u00edas","isPartOf":{"@id":"https:\/\/www.emplea-te.com\/noticias-oposiciones\/#website"},"primaryImageOfPage":{"@id":"https:\/\/www.emplea-te.com\/noticias-oposiciones\/publicadas-las-listas-provisionales-de-contratacion-temporal-de-grupo-iv-asistente-de-clinica-y-otros-y-grupo-ii-ats-y-otros-de-la-xunta-de-galicia\/#primaryimage"},"image":{"@id":"https:\/\/www.emplea-te.com\/noticias-oposiciones\/publicadas-las-listas-provisionales-de-contratacion-temporal-de-grupo-iv-asistente-de-clinica-y-otros-y-grupo-ii-ats-y-otros-de-la-xunta-de-galicia\/#primaryimage"},"thumbnailUrl":"https:\/\/www.emplea-te.com\/noticias-oposiciones\/wp-content\/uploads\/2019\/04\/xunta_De_Galicia.png","datePublished":"2020-11-25T09:29:35+00:00","description":"Publicadas las listas Provisionales de contrataci\u00f3n temporal distintas categor\u00edas Xunta.","breadcrumb":{"@id":"https:\/\/www.emplea-te.com\/noticias-oposiciones\/publicadas-las-listas-provisionales-de-contratacion-temporal-de-grupo-iv-asistente-de-clinica-y-otros-y-grupo-ii-ats-y-otros-de-la-xunta-de-galicia\/#breadcrumb"},"inLanguage":"es","potentialAction":[{"@type":"ReadAction","target":["https:\/\/www.emplea-te.com\/noticias-oposiciones\/publicadas-las-listas-provisionales-de-contratacion-temporal-de-grupo-iv-asistente-de-clinica-y-otros-y-grupo-ii-ats-y-otros-de-la-xunta-de-galicia\/"]}]},{"@type":"ImageObject","inLanguage":"es","@id":"https:\/\/www.emplea-te.com\/noticias-oposiciones\/publicadas-las-listas-provisionales-de-contratacion-temporal-de-grupo-iv-asistente-de-clinica-y-otros-y-grupo-ii-ats-y-otros-de-la-xunta-de-galicia\/#primaryimage","url":"https:\/\/www.emplea-te.com\/noticias-oposiciones\/wp-content\/uploads\/2019\/04\/xunta_De_Galicia.png","contentUrl":"https:\/\/www.emplea-te.com\/noticias-oposiciones\/wp-content\/uploads\/2019\/04\/xunta_De_Galicia.png","width":315,"height":160,"caption":"Oposiciones Xunta"},{"@type":"BreadcrumbList","@id":"https:\/\/www.emplea-te.com\/noticias-oposiciones\/publicadas-las-listas-provisionales-de-contratacion-temporal-de-grupo-iv-asistente-de-clinica-y-otros-y-grupo-ii-ats-y-otros-de-la-xunta-de-galicia\/#breadcrumb","itemListElement":[{"@type":"ListItem","position":1,"name":"Noticias Oposiciones","item":"https:\/\/www.emplea-te.com\/noticias-oposiciones\/"},{"@type":"ListItem","position":2,"name":"Oposiciones Xunta","item":"https:\/\/www.emplea-te.com\/noticias-oposiciones\/categoria\/oposiciones-xunta\/"},{"@type":"ListItem","position":3,"name":"Publicadas las listas provisionales de contrataci\u00f3n temporal de Grupo IV (asistente de cl\u00ednica y otros) y Grupo II (ATS y otros) de la Xunta de Galicia."}]},{"@type":"WebSite","@id":"https:\/\/www.emplea-te.com\/noticias-oposiciones\/#website","url":"https:\/\/www.emplea-te.com\/noticias-oposiciones\/","name":"Noticas de oposiciones por Academia Emplea-te","description":"Toda la actualidad de las ofertas y convocatorias.","publisher":{"@id":"https:\/\/www.emplea-te.com\/noticias-oposiciones\/#organization"},"potentialAction":[{"@type":"SearchAction","target":{"@type":"EntryPoint","urlTemplate":"https:\/\/www.emplea-te.com\/noticias-oposiciones\/?s={search_term_string}"},"query-input":{"@type":"PropertyValueSpecification","valueRequired":true,"valueName":"search_term_string"}}],"inLanguage":"es"},{"@type":"Organization","@id":"https:\/\/www.emplea-te.com\/noticias-oposiciones\/#organization","name":"Academia de oposiciones Empl\u00e9ate","url":"https:\/\/www.emplea-te.com\/noticias-oposiciones\/","logo":{"@type":"ImageObject","inLanguage":"es","@id":"https:\/\/www.emplea-te.com\/noticias-oposiciones\/#\/schema\/logo\/image\/","url":"https:\/\/www.emplea-te.com\/noticias-oposiciones\/wp-content\/uploads\/2019\/04\/empleate.jpg","contentUrl":"https:\/\/www.emplea-te.com\/noticias-oposiciones\/wp-content\/uploads\/2019\/04\/empleate.jpg","width":250,"height":150,"caption":"Academia de oposiciones Empl\u00e9ate"},"image":{"@id":"https:\/\/www.emplea-te.com\/noticias-oposiciones\/#\/schema\/logo\/image\/"},"sameAs":["https:\/\/www.facebook.com\/AcademiaEmpleate\/","https:\/\/x.com\/Emplea_Te","https:\/\/www.instagram.com\/academia_empleate\/"]},{"@type":"Person","@id":"https:\/\/www.emplea-te.com\/noticias-oposiciones\/#\/schema\/person\/d1bc587e1af2b95e9c32aba1795509a6","name":"Empleate"}]}},"_links":{"self":[{"href":"https:\/\/www.emplea-te.com\/noticias-oposiciones\/wp-json\/wp\/v2\/posts\/3952","targetHints":{"allow":["GET"]}}],"collection":[{"href":"https:\/\/www.emplea-te.com\/noticias-oposiciones\/wp-json\/wp\/v2\/posts"}],"about":[{"href":"https:\/\/www.emplea-te.com\/noticias-oposiciones\/wp-json\/wp\/v2\/types\/post"}],"author":[{"embeddable":true,"href":"https:\/\/www.emplea-te.com\/noticias-oposiciones\/wp-json\/wp\/v2\/users\/1"}],"replies":[{"embeddable":true,"href":"https:\/\/www.emplea-te.com\/noticias-oposiciones\/wp-json\/wp\/v2\/comments?post=3952"}],"version-history":[{"count":1,"href":"https:\/\/www.emplea-te.com\/noticias-oposiciones\/wp-json\/wp\/v2\/posts\/3952\/revisions"}],"predecessor-version":[{"id":3953,"href":"https:\/\/www.emplea-te.com\/noticias-oposiciones\/wp-json\/wp\/v2\/posts\/3952\/revisions\/3953"}],"wp:attachment":[{"href":"https:\/\/www.emplea-te.com\/noticias-oposiciones\/wp-json\/wp\/v2\/media?parent=3952"}],"wp:term":[{"taxonomy":"category","embeddable":true,"href":"https:\/\/www.emplea-te.com\/noticias-oposiciones\/wp-json\/wp\/v2\/categories?post=3952"},{"taxonomy":"post_tag","embeddable":true,"href":"https:\/\/www.emplea-te.com\/noticias-oposiciones\/wp-json\/wp\/v2\/tags?post=3952"}],"curies":[{"name":"wp","href":"https:\/\/api.w.org\/{rel}","templated":true}]}}