{"id":4257,"date":"2021-02-15T09:45:44","date_gmt":"2021-02-15T08:45:44","guid":{"rendered":"https:\/\/www.emplea-te.com\/noticias-oposiciones\/?p=4257"},"modified":"2021-02-15T09:47:01","modified_gmt":"2021-02-15T08:47:01","slug":"abrimos-nuevos-grupos-presenciales-y-online-para-preparar-las-plazas-de-la-oep-2020-de-la-xunta-de-galicia","status":"publish","type":"post","link":"https:\/\/www.emplea-te.com\/noticias-oposiciones\/abrimos-nuevos-grupos-presenciales-y-online-para-preparar-las-plazas-de-la-oep-2020-de-la-xunta-de-galicia\/","title":{"rendered":"Abrimos nuevos grupos Presenciales y Online para preparar las plazas de la OEP 2020 de la Xunta de Galicia."},"content":{"rendered":"<p><img decoding=\"async\" class=\"alignleft wp-image-4260 size-medium\" src=\"https:\/\/www.emplea-te.com\/noticias-oposiciones\/wp-content\/uploads\/2021\/02\/Nuevos-grupos-c1-c2-a2-rrss-300x300.jpg\" alt=\"\" width=\"300\" height=\"300\" srcset=\"https:\/\/www.emplea-te.com\/noticias-oposiciones\/wp-content\/uploads\/2021\/02\/Nuevos-grupos-c1-c2-a2-rrss-300x300.jpg 300w, https:\/\/www.emplea-te.com\/noticias-oposiciones\/wp-content\/uploads\/2021\/02\/Nuevos-grupos-c1-c2-a2-rrss-1024x1024.jpg 1024w, https:\/\/www.emplea-te.com\/noticias-oposiciones\/wp-content\/uploads\/2021\/02\/Nuevos-grupos-c1-c2-a2-rrss-150x150.jpg 150w, https:\/\/www.emplea-te.com\/noticias-oposiciones\/wp-content\/uploads\/2021\/02\/Nuevos-grupos-c1-c2-a2-rrss-768x768.jpg 768w, https:\/\/www.emplea-te.com\/noticias-oposiciones\/wp-content\/uploads\/2021\/02\/Nuevos-grupos-c1-c2-a2-rrss-1200x1200.jpg 1200w, https:\/\/www.emplea-te.com\/noticias-oposiciones\/wp-content\/uploads\/2021\/02\/Nuevos-grupos-c1-c2-a2-rrss-20x20.jpg 20w, https:\/\/www.emplea-te.com\/noticias-oposiciones\/wp-content\/uploads\/2021\/02\/Nuevos-grupos-c1-c2-a2-rrss.jpg 1280w\" sizes=\"(max-width: 300px) 85vw, 300px\" \/><\/p>\n<p><strong>Abrimos nuevos grupos Presenciales y Online para preparar las plazas de la OEP 2020 de la Xunta de Galicia.<\/strong><\/p>\n<p><a href=\"https:\/\/www.emplea-te.com\/54\/oposiciones-de-xunta-de-galicia\">Inf\u00f3rmate en este enlace<\/a><\/p>\n<p>&nbsp;<\/p>\n<p>&nbsp;<\/p>\n<p><strong><em>\u00bfCu\u00e1les son las ventajas de preparar tus oposiciones con Emplea-te?<\/em><\/strong><\/p>\n<p><strong>Podr\u00e1s elegir modalidad presencial o modalidad online.\u00a0<\/strong><br \/>\nLas clases las impartimos con el mismo horario por tanto si eliges modalidad online estar\u00e1s conectado en directo con el profesor.<\/p>\n<p><strong>Preparamos TODAS las pruebas de tu oposici\u00f3n desde el inicio de tu formaci\u00f3n.\u00a0<\/strong><\/p>\n<p><strong>Tenemos clases de inform\u00e1tica\u00a0<\/strong><\/p>\n<p><strong>Los grupos de alumnos son reducidos.\u00a0<\/strong><\/p>\n<p><strong>Se asigna un tutor a cada alumno que le orientar\u00e1 y asesorar\u00e1 a lo largo de todo el proceso de preparaci\u00f3n de la oposici\u00f3n.\u00a0<\/strong><\/p>\n<p><strong>Horario espejo:<\/strong> En cada uno de los grupos\u00a0 la misma clase que hemos impartido por la ma\u00f1ana, la impartimos por la tarde .<\/p>\n<p>Lo mejor que puedes hacer es llamarnos y si es posible que te pases por nuestra academia para que te asesoremos al 100%.<\/p>\n<p>Estamos en la Calle San Andr\u00e9s n\u00famero 148 B\u00a0 15003, A Coru\u00f1a.<\/p>\n<div class=\"celda celdavc alinr nomovil\">Contacto<\/div>\n<div class=\"celda celdavc alinc\"><img decoding=\"async\" src=\"https:\/\/www.emplea-te.com\/img\/telefono.png\" alt=\"\" width=\"18\" height=\"19\" \/><\/div>\n<div class=\"celda celdavc alinl\">981\u00a0903\u00a0703<\/div>\n<div class=\"celda celdavc alinc\"><img decoding=\"async\" src=\"https:\/\/www.emplea-te.com\/img\/whats-app-academia.png\" alt=\"\" width=\"20\" height=\"20\" \/><\/div>\n<div class=\"celda celdavc alinl\">698 163 476<\/div>\n<p>&nbsp;<\/p>\n","protected":false},"excerpt":{"rendered":"<p>Abrimos nuevos grupos Presenciales y Online para preparar las plazas de la OEP 2020 de la Xunta de Galicia. Inf\u00f3rmate en este enlace &nbsp; &nbsp; \u00bfCu\u00e1les son las ventajas de preparar tus oposiciones con Emplea-te? Podr\u00e1s elegir modalidad presencial o modalidad online.\u00a0 Las clases las impartimos con el mismo horario por tanto si eliges modalidad &hellip; <a href=\"https:\/\/www.emplea-te.com\/noticias-oposiciones\/abrimos-nuevos-grupos-presenciales-y-online-para-preparar-las-plazas-de-la-oep-2020-de-la-xunta-de-galicia\/\" class=\"more-link\">Continuar leyendo<span class=\"screen-reader-text\"> \u00abAbrimos nuevos grupos Presenciales y Online para preparar las plazas de la OEP 2020 de la Xunta de Galicia.\u00bb<\/span><\/a><\/p>\n","protected":false},"author":1,"featured_media":0,"comment_status":"closed","ping_status":"closed","sticky":false,"template":"","format":"standard","meta":{"footnotes":""},"categories":[50,60,57,4],"tags":[84],"class_list":["post-4257","post","type-post","status-publish","format-standard","hentry","category-administracion-general-subgrupo-a2","category-administrativo-c1-xunta","category-auxiliar-administrativo-c2-xunta","category-oposiciones-xunta","tag-oferta-de-empleo-publico"],"yoast_head":"<!-- This site is optimized with the Yoast SEO plugin v27.5 - https:\/\/yoast.com\/product\/yoast-seo-wordpress\/ -->\n<title>Abrimos nuevos grupos presenciales y online para preparar la OEP 2020 de la Xunta de Galicia.<\/title>\n<meta name=\"description\" content=\"Abrimos nuevos grupos presenciales y online para preparar la OEP 2020 de la Xunta de Galicia.\" \/>\n<meta name=\"robots\" content=\"index, follow, max-snippet:-1, max-image-preview:large, max-video-preview:-1\" \/>\n<link rel=\"canonical\" href=\"https:\/\/www.emplea-te.com\/noticias-oposiciones\/abrimos-nuevos-grupos-presenciales-y-online-para-preparar-las-plazas-de-la-oep-2020-de-la-xunta-de-galicia\/\" \/>\n<meta property=\"og:locale\" content=\"es_ES\" \/>\n<meta property=\"og:type\" content=\"article\" \/>\n<meta property=\"og:title\" content=\"Abrimos nuevos grupos presenciales y online para preparar la OEP 2020 de la Xunta de Galicia.\" \/>\n<meta property=\"og:description\" content=\"Abrimos nuevos grupos presenciales y online para preparar la OEP 2020 de la Xunta de Galicia.\" \/>\n<meta property=\"og:url\" content=\"https:\/\/www.emplea-te.com\/noticias-oposiciones\/abrimos-nuevos-grupos-presenciales-y-online-para-preparar-las-plazas-de-la-oep-2020-de-la-xunta-de-galicia\/\" \/>\n<meta property=\"og:site_name\" content=\"Noticas de oposiciones por Academia Emplea-te\" \/>\n<meta property=\"article:publisher\" content=\"https:\/\/www.facebook.com\/AcademiaEmpleate\/\" \/>\n<meta property=\"article:published_time\" content=\"2021-02-15T08:45:44+00:00\" \/>\n<meta property=\"article:modified_time\" content=\"2021-02-15T08:47:01+00:00\" \/>\n<meta property=\"og:image\" content=\"https:\/\/www.emplea-te.com\/noticias-oposiciones\/wp-content\/uploads\/2021\/02\/Nuevos-grupos-c1-c2-a2-rrss-300x300.jpg\" \/>\n<meta name=\"author\" content=\"Empleate\" \/>\n<meta name=\"twitter:card\" content=\"summary_large_image\" \/>\n<meta name=\"twitter:creator\" content=\"@Emplea_Te\" \/>\n<meta name=\"twitter:site\" content=\"@Emplea_Te\" \/>\n<meta name=\"twitter:label1\" content=\"Escrito por\" \/>\n\t<meta name=\"twitter:data1\" content=\"Empleate\" \/>\n\t<meta name=\"twitter:label2\" content=\"Tiempo de lectura\" \/>\n\t<meta name=\"twitter:data2\" content=\"1 minuto\" \/>\n<script type=\"application\/ld+json\" class=\"yoast-schema-graph\">{\"@context\":\"https:\\\/\\\/schema.org\",\"@graph\":[{\"@type\":\"Article\",\"@id\":\"https:\\\/\\\/www.emplea-te.com\\\/noticias-oposiciones\\\/abrimos-nuevos-grupos-presenciales-y-online-para-preparar-las-plazas-de-la-oep-2020-de-la-xunta-de-galicia\\\/#article\",\"isPartOf\":{\"@id\":\"https:\\\/\\\/www.emplea-te.com\\\/noticias-oposiciones\\\/abrimos-nuevos-grupos-presenciales-y-online-para-preparar-las-plazas-de-la-oep-2020-de-la-xunta-de-galicia\\\/\"},\"author\":{\"name\":\"Empleate\",\"@id\":\"https:\\\/\\\/www.emplea-te.com\\\/noticias-oposiciones\\\/#\\\/schema\\\/person\\\/d1bc587e1af2b95e9c32aba1795509a6\"},\"headline\":\"Abrimos nuevos grupos Presenciales y Online para preparar las plazas de la OEP 2020 de la Xunta de Galicia.\",\"datePublished\":\"2021-02-15T08:45:44+00:00\",\"dateModified\":\"2021-02-15T08:47:01+00:00\",\"mainEntityOfPage\":{\"@id\":\"https:\\\/\\\/www.emplea-te.com\\\/noticias-oposiciones\\\/abrimos-nuevos-grupos-presenciales-y-online-para-preparar-las-plazas-de-la-oep-2020-de-la-xunta-de-galicia\\\/\"},\"wordCount\":196,\"publisher\":{\"@id\":\"https:\\\/\\\/www.emplea-te.com\\\/noticias-oposiciones\\\/#organization\"},\"image\":{\"@id\":\"https:\\\/\\\/www.emplea-te.com\\\/noticias-oposiciones\\\/abrimos-nuevos-grupos-presenciales-y-online-para-preparar-las-plazas-de-la-oep-2020-de-la-xunta-de-galicia\\\/#primaryimage\"},\"thumbnailUrl\":\"https:\\\/\\\/www.emplea-te.com\\\/noticias-oposiciones\\\/wp-content\\\/uploads\\\/2021\\\/02\\\/Nuevos-grupos-c1-c2-a2-rrss-300x300.jpg\",\"keywords\":[\"Oferta de Empleo P\u00fablico\"],\"articleSection\":[\"Administraci\u00f3n General Subgrupo A2\",\"Administrativo C1 Xunta\",\"Auxiliar Administrativo C2 Xunta\",\"Oposiciones Xunta\"],\"inLanguage\":\"es\"},{\"@type\":\"WebPage\",\"@id\":\"https:\\\/\\\/www.emplea-te.com\\\/noticias-oposiciones\\\/abrimos-nuevos-grupos-presenciales-y-online-para-preparar-las-plazas-de-la-oep-2020-de-la-xunta-de-galicia\\\/\",\"url\":\"https:\\\/\\\/www.emplea-te.com\\\/noticias-oposiciones\\\/abrimos-nuevos-grupos-presenciales-y-online-para-preparar-las-plazas-de-la-oep-2020-de-la-xunta-de-galicia\\\/\",\"name\":\"Abrimos nuevos grupos presenciales y online para preparar la OEP 2020 de la Xunta de Galicia.\",\"isPartOf\":{\"@id\":\"https:\\\/\\\/www.emplea-te.com\\\/noticias-oposiciones\\\/#website\"},\"primaryImageOfPage\":{\"@id\":\"https:\\\/\\\/www.emplea-te.com\\\/noticias-oposiciones\\\/abrimos-nuevos-grupos-presenciales-y-online-para-preparar-las-plazas-de-la-oep-2020-de-la-xunta-de-galicia\\\/#primaryimage\"},\"image\":{\"@id\":\"https:\\\/\\\/www.emplea-te.com\\\/noticias-oposiciones\\\/abrimos-nuevos-grupos-presenciales-y-online-para-preparar-las-plazas-de-la-oep-2020-de-la-xunta-de-galicia\\\/#primaryimage\"},\"thumbnailUrl\":\"https:\\\/\\\/www.emplea-te.com\\\/noticias-oposiciones\\\/wp-content\\\/uploads\\\/2021\\\/02\\\/Nuevos-grupos-c1-c2-a2-rrss-300x300.jpg\",\"datePublished\":\"2021-02-15T08:45:44+00:00\",\"dateModified\":\"2021-02-15T08:47:01+00:00\",\"description\":\"Abrimos nuevos grupos presenciales y online para preparar la OEP 2020 de la Xunta de Galicia.\",\"breadcrumb\":{\"@id\":\"https:\\\/\\\/www.emplea-te.com\\\/noticias-oposiciones\\\/abrimos-nuevos-grupos-presenciales-y-online-para-preparar-las-plazas-de-la-oep-2020-de-la-xunta-de-galicia\\\/#breadcrumb\"},\"inLanguage\":\"es\",\"potentialAction\":[{\"@type\":\"ReadAction\",\"target\":[\"https:\\\/\\\/www.emplea-te.com\\\/noticias-oposiciones\\\/abrimos-nuevos-grupos-presenciales-y-online-para-preparar-las-plazas-de-la-oep-2020-de-la-xunta-de-galicia\\\/\"]}]},{\"@type\":\"ImageObject\",\"inLanguage\":\"es\",\"@id\":\"https:\\\/\\\/www.emplea-te.com\\\/noticias-oposiciones\\\/abrimos-nuevos-grupos-presenciales-y-online-para-preparar-las-plazas-de-la-oep-2020-de-la-xunta-de-galicia\\\/#primaryimage\",\"url\":\"https:\\\/\\\/www.emplea-te.com\\\/noticias-oposiciones\\\/wp-content\\\/uploads\\\/2021\\\/02\\\/Nuevos-grupos-c1-c2-a2-rrss.jpg\",\"contentUrl\":\"https:\\\/\\\/www.emplea-te.com\\\/noticias-oposiciones\\\/wp-content\\\/uploads\\\/2021\\\/02\\\/Nuevos-grupos-c1-c2-a2-rrss.jpg\",\"width\":1280,\"height\":1280},{\"@type\":\"BreadcrumbList\",\"@id\":\"https:\\\/\\\/www.emplea-te.com\\\/noticias-oposiciones\\\/abrimos-nuevos-grupos-presenciales-y-online-para-preparar-las-plazas-de-la-oep-2020-de-la-xunta-de-galicia\\\/#breadcrumb\",\"itemListElement\":[{\"@type\":\"ListItem\",\"position\":1,\"name\":\"Noticias Oposiciones\",\"item\":\"https:\\\/\\\/www.emplea-te.com\\\/noticias-oposiciones\\\/\"},{\"@type\":\"ListItem\",\"position\":2,\"name\":\"Oposiciones Xunta\",\"item\":\"https:\\\/\\\/www.emplea-te.com\\\/noticias-oposiciones\\\/categoria\\\/oposiciones-xunta\\\/\"},{\"@type\":\"ListItem\",\"position\":3,\"name\":\"Abrimos nuevos grupos Presenciales y Online para preparar las plazas de la OEP 2020 de la Xunta de Galicia.\"}]},{\"@type\":\"WebSite\",\"@id\":\"https:\\\/\\\/www.emplea-te.com\\\/noticias-oposiciones\\\/#website\",\"url\":\"https:\\\/\\\/www.emplea-te.com\\\/noticias-oposiciones\\\/\",\"name\":\"Noticas de oposiciones por Academia Emplea-te\",\"description\":\"Toda la actualidad de las ofertas y convocatorias.\",\"publisher\":{\"@id\":\"https:\\\/\\\/www.emplea-te.com\\\/noticias-oposiciones\\\/#organization\"},\"potentialAction\":[{\"@type\":\"SearchAction\",\"target\":{\"@type\":\"EntryPoint\",\"urlTemplate\":\"https:\\\/\\\/www.emplea-te.com\\\/noticias-oposiciones\\\/?s={search_term_string}\"},\"query-input\":{\"@type\":\"PropertyValueSpecification\",\"valueRequired\":true,\"valueName\":\"search_term_string\"}}],\"inLanguage\":\"es\"},{\"@type\":\"Organization\",\"@id\":\"https:\\\/\\\/www.emplea-te.com\\\/noticias-oposiciones\\\/#organization\",\"name\":\"Academia de oposiciones Empl\u00e9ate\",\"url\":\"https:\\\/\\\/www.emplea-te.com\\\/noticias-oposiciones\\\/\",\"logo\":{\"@type\":\"ImageObject\",\"inLanguage\":\"es\",\"@id\":\"https:\\\/\\\/www.emplea-te.com\\\/noticias-oposiciones\\\/#\\\/schema\\\/logo\\\/image\\\/\",\"url\":\"https:\\\/\\\/www.emplea-te.com\\\/noticias-oposiciones\\\/wp-content\\\/uploads\\\/2019\\\/04\\\/empleate.jpg\",\"contentUrl\":\"https:\\\/\\\/www.emplea-te.com\\\/noticias-oposiciones\\\/wp-content\\\/uploads\\\/2019\\\/04\\\/empleate.jpg\",\"width\":250,\"height\":150,\"caption\":\"Academia de oposiciones Empl\u00e9ate\"},\"image\":{\"@id\":\"https:\\\/\\\/www.emplea-te.com\\\/noticias-oposiciones\\\/#\\\/schema\\\/logo\\\/image\\\/\"},\"sameAs\":[\"https:\\\/\\\/www.facebook.com\\\/AcademiaEmpleate\\\/\",\"https:\\\/\\\/x.com\\\/Emplea_Te\",\"https:\\\/\\\/www.instagram.com\\\/academia_empleate\\\/\"]},{\"@type\":\"Person\",\"@id\":\"https:\\\/\\\/www.emplea-te.com\\\/noticias-oposiciones\\\/#\\\/schema\\\/person\\\/d1bc587e1af2b95e9c32aba1795509a6\",\"name\":\"Empleate\"}]}<\/script>\n<!-- \/ Yoast SEO plugin. -->","yoast_head_json":{"title":"Abrimos nuevos grupos presenciales y online para preparar la OEP 2020 de la Xunta de Galicia.","description":"Abrimos nuevos grupos presenciales y online para preparar la OEP 2020 de la Xunta de Galicia.","robots":{"index":"index","follow":"follow","max-snippet":"max-snippet:-1","max-image-preview":"max-image-preview:large","max-video-preview":"max-video-preview:-1"},"canonical":"https:\/\/www.emplea-te.com\/noticias-oposiciones\/abrimos-nuevos-grupos-presenciales-y-online-para-preparar-las-plazas-de-la-oep-2020-de-la-xunta-de-galicia\/","og_locale":"es_ES","og_type":"article","og_title":"Abrimos nuevos grupos presenciales y online para preparar la OEP 2020 de la Xunta de Galicia.","og_description":"Abrimos nuevos grupos presenciales y online para preparar la OEP 2020 de la Xunta de Galicia.","og_url":"https:\/\/www.emplea-te.com\/noticias-oposiciones\/abrimos-nuevos-grupos-presenciales-y-online-para-preparar-las-plazas-de-la-oep-2020-de-la-xunta-de-galicia\/","og_site_name":"Noticas de oposiciones por Academia Emplea-te","article_publisher":"https:\/\/www.facebook.com\/AcademiaEmpleate\/","article_published_time":"2021-02-15T08:45:44+00:00","article_modified_time":"2021-02-15T08:47:01+00:00","og_image":[{"url":"https:\/\/www.emplea-te.com\/noticias-oposiciones\/wp-content\/uploads\/2021\/02\/Nuevos-grupos-c1-c2-a2-rrss-300x300.jpg","type":"","width":"","height":""}],"author":"Empleate","twitter_card":"summary_large_image","twitter_creator":"@Emplea_Te","twitter_site":"@Emplea_Te","twitter_misc":{"Escrito por":"Empleate","Tiempo de lectura":"1 minuto"},"schema":{"@context":"https:\/\/schema.org","@graph":[{"@type":"Article","@id":"https:\/\/www.emplea-te.com\/noticias-oposiciones\/abrimos-nuevos-grupos-presenciales-y-online-para-preparar-las-plazas-de-la-oep-2020-de-la-xunta-de-galicia\/#article","isPartOf":{"@id":"https:\/\/www.emplea-te.com\/noticias-oposiciones\/abrimos-nuevos-grupos-presenciales-y-online-para-preparar-las-plazas-de-la-oep-2020-de-la-xunta-de-galicia\/"},"author":{"name":"Empleate","@id":"https:\/\/www.emplea-te.com\/noticias-oposiciones\/#\/schema\/person\/d1bc587e1af2b95e9c32aba1795509a6"},"headline":"Abrimos nuevos grupos Presenciales y Online para preparar las plazas de la OEP 2020 de la Xunta de Galicia.","datePublished":"2021-02-15T08:45:44+00:00","dateModified":"2021-02-15T08:47:01+00:00","mainEntityOfPage":{"@id":"https:\/\/www.emplea-te.com\/noticias-oposiciones\/abrimos-nuevos-grupos-presenciales-y-online-para-preparar-las-plazas-de-la-oep-2020-de-la-xunta-de-galicia\/"},"wordCount":196,"publisher":{"@id":"https:\/\/www.emplea-te.com\/noticias-oposiciones\/#organization"},"image":{"@id":"https:\/\/www.emplea-te.com\/noticias-oposiciones\/abrimos-nuevos-grupos-presenciales-y-online-para-preparar-las-plazas-de-la-oep-2020-de-la-xunta-de-galicia\/#primaryimage"},"thumbnailUrl":"https:\/\/www.emplea-te.com\/noticias-oposiciones\/wp-content\/uploads\/2021\/02\/Nuevos-grupos-c1-c2-a2-rrss-300x300.jpg","keywords":["Oferta de Empleo P\u00fablico"],"articleSection":["Administraci\u00f3n General Subgrupo A2","Administrativo C1 Xunta","Auxiliar Administrativo C2 Xunta","Oposiciones Xunta"],"inLanguage":"es"},{"@type":"WebPage","@id":"https:\/\/www.emplea-te.com\/noticias-oposiciones\/abrimos-nuevos-grupos-presenciales-y-online-para-preparar-las-plazas-de-la-oep-2020-de-la-xunta-de-galicia\/","url":"https:\/\/www.emplea-te.com\/noticias-oposiciones\/abrimos-nuevos-grupos-presenciales-y-online-para-preparar-las-plazas-de-la-oep-2020-de-la-xunta-de-galicia\/","name":"Abrimos nuevos grupos presenciales y online para preparar la OEP 2020 de la Xunta de Galicia.","isPartOf":{"@id":"https:\/\/www.emplea-te.com\/noticias-oposiciones\/#website"},"primaryImageOfPage":{"@id":"https:\/\/www.emplea-te.com\/noticias-oposiciones\/abrimos-nuevos-grupos-presenciales-y-online-para-preparar-las-plazas-de-la-oep-2020-de-la-xunta-de-galicia\/#primaryimage"},"image":{"@id":"https:\/\/www.emplea-te.com\/noticias-oposiciones\/abrimos-nuevos-grupos-presenciales-y-online-para-preparar-las-plazas-de-la-oep-2020-de-la-xunta-de-galicia\/#primaryimage"},"thumbnailUrl":"https:\/\/www.emplea-te.com\/noticias-oposiciones\/wp-content\/uploads\/2021\/02\/Nuevos-grupos-c1-c2-a2-rrss-300x300.jpg","datePublished":"2021-02-15T08:45:44+00:00","dateModified":"2021-02-15T08:47:01+00:00","description":"Abrimos nuevos grupos presenciales y online para preparar la OEP 2020 de la Xunta de Galicia.","breadcrumb":{"@id":"https:\/\/www.emplea-te.com\/noticias-oposiciones\/abrimos-nuevos-grupos-presenciales-y-online-para-preparar-las-plazas-de-la-oep-2020-de-la-xunta-de-galicia\/#breadcrumb"},"inLanguage":"es","potentialAction":[{"@type":"ReadAction","target":["https:\/\/www.emplea-te.com\/noticias-oposiciones\/abrimos-nuevos-grupos-presenciales-y-online-para-preparar-las-plazas-de-la-oep-2020-de-la-xunta-de-galicia\/"]}]},{"@type":"ImageObject","inLanguage":"es","@id":"https:\/\/www.emplea-te.com\/noticias-oposiciones\/abrimos-nuevos-grupos-presenciales-y-online-para-preparar-las-plazas-de-la-oep-2020-de-la-xunta-de-galicia\/#primaryimage","url":"https:\/\/www.emplea-te.com\/noticias-oposiciones\/wp-content\/uploads\/2021\/02\/Nuevos-grupos-c1-c2-a2-rrss.jpg","contentUrl":"https:\/\/www.emplea-te.com\/noticias-oposiciones\/wp-content\/uploads\/2021\/02\/Nuevos-grupos-c1-c2-a2-rrss.jpg","width":1280,"height":1280},{"@type":"BreadcrumbList","@id":"https:\/\/www.emplea-te.com\/noticias-oposiciones\/abrimos-nuevos-grupos-presenciales-y-online-para-preparar-las-plazas-de-la-oep-2020-de-la-xunta-de-galicia\/#breadcrumb","itemListElement":[{"@type":"ListItem","position":1,"name":"Noticias Oposiciones","item":"https:\/\/www.emplea-te.com\/noticias-oposiciones\/"},{"@type":"ListItem","position":2,"name":"Oposiciones Xunta","item":"https:\/\/www.emplea-te.com\/noticias-oposiciones\/categoria\/oposiciones-xunta\/"},{"@type":"ListItem","position":3,"name":"Abrimos nuevos grupos Presenciales y Online para preparar las plazas de la OEP 2020 de la Xunta de Galicia."}]},{"@type":"WebSite","@id":"https:\/\/www.emplea-te.com\/noticias-oposiciones\/#website","url":"https:\/\/www.emplea-te.com\/noticias-oposiciones\/","name":"Noticas de oposiciones por Academia Emplea-te","description":"Toda la actualidad de las ofertas y convocatorias.","publisher":{"@id":"https:\/\/www.emplea-te.com\/noticias-oposiciones\/#organization"},"potentialAction":[{"@type":"SearchAction","target":{"@type":"EntryPoint","urlTemplate":"https:\/\/www.emplea-te.com\/noticias-oposiciones\/?s={search_term_string}"},"query-input":{"@type":"PropertyValueSpecification","valueRequired":true,"valueName":"search_term_string"}}],"inLanguage":"es"},{"@type":"Organization","@id":"https:\/\/www.emplea-te.com\/noticias-oposiciones\/#organization","name":"Academia de oposiciones Empl\u00e9ate","url":"https:\/\/www.emplea-te.com\/noticias-oposiciones\/","logo":{"@type":"ImageObject","inLanguage":"es","@id":"https:\/\/www.emplea-te.com\/noticias-oposiciones\/#\/schema\/logo\/image\/","url":"https:\/\/www.emplea-te.com\/noticias-oposiciones\/wp-content\/uploads\/2019\/04\/empleate.jpg","contentUrl":"https:\/\/www.emplea-te.com\/noticias-oposiciones\/wp-content\/uploads\/2019\/04\/empleate.jpg","width":250,"height":150,"caption":"Academia de oposiciones Empl\u00e9ate"},"image":{"@id":"https:\/\/www.emplea-te.com\/noticias-oposiciones\/#\/schema\/logo\/image\/"},"sameAs":["https:\/\/www.facebook.com\/AcademiaEmpleate\/","https:\/\/x.com\/Emplea_Te","https:\/\/www.instagram.com\/academia_empleate\/"]},{"@type":"Person","@id":"https:\/\/www.emplea-te.com\/noticias-oposiciones\/#\/schema\/person\/d1bc587e1af2b95e9c32aba1795509a6","name":"Empleate"}]}},"_links":{"self":[{"href":"https:\/\/www.emplea-te.com\/noticias-oposiciones\/wp-json\/wp\/v2\/posts\/4257","targetHints":{"allow":["GET"]}}],"collection":[{"href":"https:\/\/www.emplea-te.com\/noticias-oposiciones\/wp-json\/wp\/v2\/posts"}],"about":[{"href":"https:\/\/www.emplea-te.com\/noticias-oposiciones\/wp-json\/wp\/v2\/types\/post"}],"author":[{"embeddable":true,"href":"https:\/\/www.emplea-te.com\/noticias-oposiciones\/wp-json\/wp\/v2\/users\/1"}],"replies":[{"embeddable":true,"href":"https:\/\/www.emplea-te.com\/noticias-oposiciones\/wp-json\/wp\/v2\/comments?post=4257"}],"version-history":[{"count":2,"href":"https:\/\/www.emplea-te.com\/noticias-oposiciones\/wp-json\/wp\/v2\/posts\/4257\/revisions"}],"predecessor-version":[{"id":4262,"href":"https:\/\/www.emplea-te.com\/noticias-oposiciones\/wp-json\/wp\/v2\/posts\/4257\/revisions\/4262"}],"wp:attachment":[{"href":"https:\/\/www.emplea-te.com\/noticias-oposiciones\/wp-json\/wp\/v2\/media?parent=4257"}],"wp:term":[{"taxonomy":"category","embeddable":true,"href":"https:\/\/www.emplea-te.com\/noticias-oposiciones\/wp-json\/wp\/v2\/categories?post=4257"},{"taxonomy":"post_tag","embeddable":true,"href":"https:\/\/www.emplea-te.com\/noticias-oposiciones\/wp-json\/wp\/v2\/tags?post=4257"}],"curies":[{"name":"wp","href":"https:\/\/api.w.org\/{rel}","templated":true}]}}