{"id":4266,"date":"2021-02-15T10:55:56","date_gmt":"2021-02-15T09:55:56","guid":{"rendered":"https:\/\/www.emplea-te.com\/noticias-oposiciones\/?p=4266"},"modified":"2021-02-15T10:55:56","modified_gmt":"2021-02-15T09:55:56","slug":"ayuntamiento-de-laxe-convoca-proceso-selectivo-para-cubrir-una-plaza-de-tecnico-de-gestion-a2-personal-funcionario-temporal","status":"publish","type":"post","link":"https:\/\/www.emplea-te.com\/noticias-oposiciones\/ayuntamiento-de-laxe-convoca-proceso-selectivo-para-cubrir-una-plaza-de-tecnico-de-gestion-a2-personal-funcionario-temporal\/","title":{"rendered":"Ayuntamiento de Laxe convoca proceso selectivo para cubrir una plaza de T\u00e9cnico de Gesti\u00f3n A2 (personal funcionario temporal)"},"content":{"rendered":"<p>&nbsp;<\/p>\n<p><img decoding=\"async\" class=\"alignleft wp-image-2213 size-medium\" src=\"https:\/\/www.emplea-te.com\/noticias-oposiciones\/wp-content\/uploads\/2019\/08\/exito-examen-300x128.jpg\" alt=\"\" width=\"300\" height=\"128\" srcset=\"https:\/\/www.emplea-te.com\/noticias-oposiciones\/wp-content\/uploads\/2019\/08\/exito-examen-300x128.jpg 300w, https:\/\/www.emplea-te.com\/noticias-oposiciones\/wp-content\/uploads\/2019\/08\/exito-examen-768x326.jpg 768w, https:\/\/www.emplea-te.com\/noticias-oposiciones\/wp-content\/uploads\/2019\/08\/exito-examen-20x9.jpg 20w, https:\/\/www.emplea-te.com\/noticias-oposiciones\/wp-content\/uploads\/2019\/08\/exito-examen.jpg 960w\" sizes=\"(max-width: 300px) 85vw, 300px\" \/><\/p>\n<p>Ayuntamiento de Laxe convoca proceso selectivo para cubrir una plaza de T\u00e9cnico de Gesti\u00f3n A2 (personal funcionario temporal)<\/p>\n<p><a href=\"https:\/\/bop.dicoruna.es\/bopportal\/publicado\/2021\/02\/15\/2021_0000001043.html\" target=\"_blank\" rel=\"noopener noreferrer\">Se publican en el BOP de la Provincia de A Coru\u00f1a de hoy, d\u00eda 15 de febrero de 2021, las bases de la convocatoria del proceso selectivo.<\/a><\/p>\n<p>El sistema de selecci\u00f3n ser\u00e1 el concurso abierto.<\/p>\n<p><span>El plazo para la presentaci\u00f3n de solicitudes de participaci\u00f3n ser\u00e1 de\u00a0<\/span><span class=\"Negrita\"><span>10 d\u00edas h\u00e1biles a<\/span><\/span><span>\u00a0partir del d\u00eda siguiente a la publicaci\u00f3n de estas bases en el Bolet\u00edn Oficial de la provincia de A Coru\u00f1a.<\/span><\/p>\n<p><a href=\"https:\/\/www.emplea-te.com\/55\/oposiciones-de-comunidad-autonoma-de-galicia\" target=\"_blank\" rel=\"noopener noreferrer\">Inf\u00f3rmate de c\u00f3mo prepararte en nuestros grupos presenciales o grupos online.\u00a0<\/a><\/p>\n<p><a href=\"http:\/\/www.emplea-te.com\" target=\"_blank\" rel=\"noopener noreferrer\">Ven a la academia o ll\u00e1manos para que podamos asesorarte al 100% de todo lo que necesitas saber.\u00a0<\/a><\/p>\n","protected":false},"excerpt":{"rendered":"<p>&nbsp; Ayuntamiento de Laxe convoca proceso selectivo para cubrir una plaza de T\u00e9cnico de Gesti\u00f3n A2 (personal funcionario temporal) Se publican en el BOP de la Provincia de A Coru\u00f1a de hoy, d\u00eda 15 de febrero de 2021, las bases de la convocatoria del proceso selectivo. El sistema de selecci\u00f3n ser\u00e1 el concurso abierto. El &hellip; <a href=\"https:\/\/www.emplea-te.com\/noticias-oposiciones\/ayuntamiento-de-laxe-convoca-proceso-selectivo-para-cubrir-una-plaza-de-tecnico-de-gestion-a2-personal-funcionario-temporal\/\" class=\"more-link\">Continuar leyendo<span class=\"screen-reader-text\"> \u00abAyuntamiento de Laxe convoca proceso selectivo para cubrir una plaza de T\u00e9cnico de Gesti\u00f3n A2 (personal funcionario temporal)\u00bb<\/span><\/a><\/p>\n","protected":false},"author":1,"featured_media":0,"comment_status":"closed","ping_status":"closed","sticky":false,"template":"","format":"standard","meta":{"footnotes":""},"categories":[37,56],"tags":[49],"class_list":["post-4266","post","type-post","status-publish","format-standard","hentry","category-convocatorias-ayuntamientos","category-oposiciones-autonomicas-galicia","tag-convocatorias-de-oposiciones"],"yoast_head":"<!-- This site is optimized with the Yoast SEO plugin v27.5 - https:\/\/yoast.com\/product\/yoast-seo-wordpress\/ -->\n<title>Ayuntamiento de Laxe convoca proceso selectivo para cubrir una plaza de T\u00e9cnico de Gesti\u00f3n A2<\/title>\n<meta name=\"description\" content=\"Ayuntamiento de Laxe convoca proceso selectivo para cubrir una plaza de T\u00e9cnico de Gesti\u00f3n A2\" \/>\n<meta name=\"robots\" content=\"index, follow, max-snippet:-1, max-image-preview:large, max-video-preview:-1\" \/>\n<link rel=\"canonical\" href=\"https:\/\/www.emplea-te.com\/noticias-oposiciones\/ayuntamiento-de-laxe-convoca-proceso-selectivo-para-cubrir-una-plaza-de-tecnico-de-gestion-a2-personal-funcionario-temporal\/\" \/>\n<meta property=\"og:locale\" content=\"es_ES\" \/>\n<meta property=\"og:type\" content=\"article\" \/>\n<meta property=\"og:title\" content=\"Ayuntamiento de Laxe convoca proceso selectivo para cubrir una plaza de T\u00e9cnico de Gesti\u00f3n A2\" \/>\n<meta property=\"og:description\" content=\"Ayuntamiento de Laxe convoca proceso selectivo para cubrir una plaza de T\u00e9cnico de Gesti\u00f3n A2\" \/>\n<meta property=\"og:url\" content=\"https:\/\/www.emplea-te.com\/noticias-oposiciones\/ayuntamiento-de-laxe-convoca-proceso-selectivo-para-cubrir-una-plaza-de-tecnico-de-gestion-a2-personal-funcionario-temporal\/\" \/>\n<meta property=\"og:site_name\" content=\"Noticas de oposiciones por Academia Emplea-te\" \/>\n<meta property=\"article:publisher\" content=\"https:\/\/www.facebook.com\/AcademiaEmpleate\/\" \/>\n<meta property=\"article:published_time\" content=\"2021-02-15T09:55:56+00:00\" \/>\n<meta property=\"og:image\" content=\"https:\/\/www.emplea-te.com\/noticias-oposiciones\/wp-content\/uploads\/2019\/08\/exito-examen-300x128.jpg\" \/>\n<meta name=\"author\" content=\"Empleate\" \/>\n<meta name=\"twitter:card\" content=\"summary_large_image\" \/>\n<meta name=\"twitter:creator\" content=\"@Emplea_Te\" \/>\n<meta name=\"twitter:site\" content=\"@Emplea_Te\" \/>\n<meta name=\"twitter:label1\" content=\"Escrito por\" \/>\n\t<meta name=\"twitter:data1\" content=\"Empleate\" \/>\n\t<meta name=\"twitter:label2\" content=\"Tiempo de lectura\" \/>\n\t<meta name=\"twitter:data2\" content=\"1 minuto\" \/>\n<script type=\"application\/ld+json\" class=\"yoast-schema-graph\">{\"@context\":\"https:\\\/\\\/schema.org\",\"@graph\":[{\"@type\":\"Article\",\"@id\":\"https:\\\/\\\/www.emplea-te.com\\\/noticias-oposiciones\\\/ayuntamiento-de-laxe-convoca-proceso-selectivo-para-cubrir-una-plaza-de-tecnico-de-gestion-a2-personal-funcionario-temporal\\\/#article\",\"isPartOf\":{\"@id\":\"https:\\\/\\\/www.emplea-te.com\\\/noticias-oposiciones\\\/ayuntamiento-de-laxe-convoca-proceso-selectivo-para-cubrir-una-plaza-de-tecnico-de-gestion-a2-personal-funcionario-temporal\\\/\"},\"author\":{\"name\":\"Empleate\",\"@id\":\"https:\\\/\\\/www.emplea-te.com\\\/noticias-oposiciones\\\/#\\\/schema\\\/person\\\/d1bc587e1af2b95e9c32aba1795509a6\"},\"headline\":\"Ayuntamiento de Laxe convoca proceso selectivo para cubrir una plaza de T\u00e9cnico de Gesti\u00f3n A2 (personal funcionario temporal)\",\"datePublished\":\"2021-02-15T09:55:56+00:00\",\"mainEntityOfPage\":{\"@id\":\"https:\\\/\\\/www.emplea-te.com\\\/noticias-oposiciones\\\/ayuntamiento-de-laxe-convoca-proceso-selectivo-para-cubrir-una-plaza-de-tecnico-de-gestion-a2-personal-funcionario-temporal\\\/\"},\"wordCount\":150,\"publisher\":{\"@id\":\"https:\\\/\\\/www.emplea-te.com\\\/noticias-oposiciones\\\/#organization\"},\"image\":{\"@id\":\"https:\\\/\\\/www.emplea-te.com\\\/noticias-oposiciones\\\/ayuntamiento-de-laxe-convoca-proceso-selectivo-para-cubrir-una-plaza-de-tecnico-de-gestion-a2-personal-funcionario-temporal\\\/#primaryimage\"},\"thumbnailUrl\":\"https:\\\/\\\/www.emplea-te.com\\\/noticias-oposiciones\\\/wp-content\\\/uploads\\\/2019\\\/08\\\/exito-examen-300x128.jpg\",\"keywords\":[\"Convocatoria\"],\"articleSection\":[\"Convocatorias Ayuntamientos\",\"Oposiciones Auton\u00f3micas Galicia\"],\"inLanguage\":\"es\"},{\"@type\":\"WebPage\",\"@id\":\"https:\\\/\\\/www.emplea-te.com\\\/noticias-oposiciones\\\/ayuntamiento-de-laxe-convoca-proceso-selectivo-para-cubrir-una-plaza-de-tecnico-de-gestion-a2-personal-funcionario-temporal\\\/\",\"url\":\"https:\\\/\\\/www.emplea-te.com\\\/noticias-oposiciones\\\/ayuntamiento-de-laxe-convoca-proceso-selectivo-para-cubrir-una-plaza-de-tecnico-de-gestion-a2-personal-funcionario-temporal\\\/\",\"name\":\"Ayuntamiento de Laxe convoca proceso selectivo para cubrir una plaza de T\u00e9cnico de Gesti\u00f3n A2\",\"isPartOf\":{\"@id\":\"https:\\\/\\\/www.emplea-te.com\\\/noticias-oposiciones\\\/#website\"},\"primaryImageOfPage\":{\"@id\":\"https:\\\/\\\/www.emplea-te.com\\\/noticias-oposiciones\\\/ayuntamiento-de-laxe-convoca-proceso-selectivo-para-cubrir-una-plaza-de-tecnico-de-gestion-a2-personal-funcionario-temporal\\\/#primaryimage\"},\"image\":{\"@id\":\"https:\\\/\\\/www.emplea-te.com\\\/noticias-oposiciones\\\/ayuntamiento-de-laxe-convoca-proceso-selectivo-para-cubrir-una-plaza-de-tecnico-de-gestion-a2-personal-funcionario-temporal\\\/#primaryimage\"},\"thumbnailUrl\":\"https:\\\/\\\/www.emplea-te.com\\\/noticias-oposiciones\\\/wp-content\\\/uploads\\\/2019\\\/08\\\/exito-examen-300x128.jpg\",\"datePublished\":\"2021-02-15T09:55:56+00:00\",\"description\":\"Ayuntamiento de Laxe convoca proceso selectivo para cubrir una plaza de T\u00e9cnico de Gesti\u00f3n A2\",\"breadcrumb\":{\"@id\":\"https:\\\/\\\/www.emplea-te.com\\\/noticias-oposiciones\\\/ayuntamiento-de-laxe-convoca-proceso-selectivo-para-cubrir-una-plaza-de-tecnico-de-gestion-a2-personal-funcionario-temporal\\\/#breadcrumb\"},\"inLanguage\":\"es\",\"potentialAction\":[{\"@type\":\"ReadAction\",\"target\":[\"https:\\\/\\\/www.emplea-te.com\\\/noticias-oposiciones\\\/ayuntamiento-de-laxe-convoca-proceso-selectivo-para-cubrir-una-plaza-de-tecnico-de-gestion-a2-personal-funcionario-temporal\\\/\"]}]},{\"@type\":\"ImageObject\",\"inLanguage\":\"es\",\"@id\":\"https:\\\/\\\/www.emplea-te.com\\\/noticias-oposiciones\\\/ayuntamiento-de-laxe-convoca-proceso-selectivo-para-cubrir-una-plaza-de-tecnico-de-gestion-a2-personal-funcionario-temporal\\\/#primaryimage\",\"url\":\"https:\\\/\\\/www.emplea-te.com\\\/noticias-oposiciones\\\/wp-content\\\/uploads\\\/2019\\\/08\\\/exito-examen.jpg\",\"contentUrl\":\"https:\\\/\\\/www.emplea-te.com\\\/noticias-oposiciones\\\/wp-content\\\/uploads\\\/2019\\\/08\\\/exito-examen.jpg\",\"width\":960,\"height\":408},{\"@type\":\"BreadcrumbList\",\"@id\":\"https:\\\/\\\/www.emplea-te.com\\\/noticias-oposiciones\\\/ayuntamiento-de-laxe-convoca-proceso-selectivo-para-cubrir-una-plaza-de-tecnico-de-gestion-a2-personal-funcionario-temporal\\\/#breadcrumb\",\"itemListElement\":[{\"@type\":\"ListItem\",\"position\":1,\"name\":\"Noticias Oposiciones\",\"item\":\"https:\\\/\\\/www.emplea-te.com\\\/noticias-oposiciones\\\/\"},{\"@type\":\"ListItem\",\"position\":2,\"name\":\"Oposiciones Auton\u00f3micas Galicia\",\"item\":\"https:\\\/\\\/www.emplea-te.com\\\/noticias-oposiciones\\\/categoria\\\/oposiciones-autonomicas-galicia\\\/\"},{\"@type\":\"ListItem\",\"position\":3,\"name\":\"Ayuntamiento de Laxe convoca proceso selectivo para cubrir una plaza de T\u00e9cnico de Gesti\u00f3n A2 (personal funcionario temporal)\"}]},{\"@type\":\"WebSite\",\"@id\":\"https:\\\/\\\/www.emplea-te.com\\\/noticias-oposiciones\\\/#website\",\"url\":\"https:\\\/\\\/www.emplea-te.com\\\/noticias-oposiciones\\\/\",\"name\":\"Noticas de oposiciones por Academia Emplea-te\",\"description\":\"Toda la actualidad de las ofertas y convocatorias.\",\"publisher\":{\"@id\":\"https:\\\/\\\/www.emplea-te.com\\\/noticias-oposiciones\\\/#organization\"},\"potentialAction\":[{\"@type\":\"SearchAction\",\"target\":{\"@type\":\"EntryPoint\",\"urlTemplate\":\"https:\\\/\\\/www.emplea-te.com\\\/noticias-oposiciones\\\/?s={search_term_string}\"},\"query-input\":{\"@type\":\"PropertyValueSpecification\",\"valueRequired\":true,\"valueName\":\"search_term_string\"}}],\"inLanguage\":\"es\"},{\"@type\":\"Organization\",\"@id\":\"https:\\\/\\\/www.emplea-te.com\\\/noticias-oposiciones\\\/#organization\",\"name\":\"Academia de oposiciones Empl\u00e9ate\",\"url\":\"https:\\\/\\\/www.emplea-te.com\\\/noticias-oposiciones\\\/\",\"logo\":{\"@type\":\"ImageObject\",\"inLanguage\":\"es\",\"@id\":\"https:\\\/\\\/www.emplea-te.com\\\/noticias-oposiciones\\\/#\\\/schema\\\/logo\\\/image\\\/\",\"url\":\"https:\\\/\\\/www.emplea-te.com\\\/noticias-oposiciones\\\/wp-content\\\/uploads\\\/2019\\\/04\\\/empleate.jpg\",\"contentUrl\":\"https:\\\/\\\/www.emplea-te.com\\\/noticias-oposiciones\\\/wp-content\\\/uploads\\\/2019\\\/04\\\/empleate.jpg\",\"width\":250,\"height\":150,\"caption\":\"Academia de oposiciones Empl\u00e9ate\"},\"image\":{\"@id\":\"https:\\\/\\\/www.emplea-te.com\\\/noticias-oposiciones\\\/#\\\/schema\\\/logo\\\/image\\\/\"},\"sameAs\":[\"https:\\\/\\\/www.facebook.com\\\/AcademiaEmpleate\\\/\",\"https:\\\/\\\/x.com\\\/Emplea_Te\",\"https:\\\/\\\/www.instagram.com\\\/academia_empleate\\\/\"]},{\"@type\":\"Person\",\"@id\":\"https:\\\/\\\/www.emplea-te.com\\\/noticias-oposiciones\\\/#\\\/schema\\\/person\\\/d1bc587e1af2b95e9c32aba1795509a6\",\"name\":\"Empleate\"}]}<\/script>\n<!-- \/ Yoast SEO plugin. -->","yoast_head_json":{"title":"Ayuntamiento de Laxe convoca proceso selectivo para cubrir una plaza de T\u00e9cnico de Gesti\u00f3n A2","description":"Ayuntamiento de Laxe convoca proceso selectivo para cubrir una plaza de T\u00e9cnico de Gesti\u00f3n A2","robots":{"index":"index","follow":"follow","max-snippet":"max-snippet:-1","max-image-preview":"max-image-preview:large","max-video-preview":"max-video-preview:-1"},"canonical":"https:\/\/www.emplea-te.com\/noticias-oposiciones\/ayuntamiento-de-laxe-convoca-proceso-selectivo-para-cubrir-una-plaza-de-tecnico-de-gestion-a2-personal-funcionario-temporal\/","og_locale":"es_ES","og_type":"article","og_title":"Ayuntamiento de Laxe convoca proceso selectivo para cubrir una plaza de T\u00e9cnico de Gesti\u00f3n A2","og_description":"Ayuntamiento de Laxe convoca proceso selectivo para cubrir una plaza de T\u00e9cnico de Gesti\u00f3n A2","og_url":"https:\/\/www.emplea-te.com\/noticias-oposiciones\/ayuntamiento-de-laxe-convoca-proceso-selectivo-para-cubrir-una-plaza-de-tecnico-de-gestion-a2-personal-funcionario-temporal\/","og_site_name":"Noticas de oposiciones por Academia Emplea-te","article_publisher":"https:\/\/www.facebook.com\/AcademiaEmpleate\/","article_published_time":"2021-02-15T09:55:56+00:00","og_image":[{"url":"https:\/\/www.emplea-te.com\/noticias-oposiciones\/wp-content\/uploads\/2019\/08\/exito-examen-300x128.jpg","type":"","width":"","height":""}],"author":"Empleate","twitter_card":"summary_large_image","twitter_creator":"@Emplea_Te","twitter_site":"@Emplea_Te","twitter_misc":{"Escrito por":"Empleate","Tiempo de lectura":"1 minuto"},"schema":{"@context":"https:\/\/schema.org","@graph":[{"@type":"Article","@id":"https:\/\/www.emplea-te.com\/noticias-oposiciones\/ayuntamiento-de-laxe-convoca-proceso-selectivo-para-cubrir-una-plaza-de-tecnico-de-gestion-a2-personal-funcionario-temporal\/#article","isPartOf":{"@id":"https:\/\/www.emplea-te.com\/noticias-oposiciones\/ayuntamiento-de-laxe-convoca-proceso-selectivo-para-cubrir-una-plaza-de-tecnico-de-gestion-a2-personal-funcionario-temporal\/"},"author":{"name":"Empleate","@id":"https:\/\/www.emplea-te.com\/noticias-oposiciones\/#\/schema\/person\/d1bc587e1af2b95e9c32aba1795509a6"},"headline":"Ayuntamiento de Laxe convoca proceso selectivo para cubrir una plaza de T\u00e9cnico de Gesti\u00f3n A2 (personal funcionario temporal)","datePublished":"2021-02-15T09:55:56+00:00","mainEntityOfPage":{"@id":"https:\/\/www.emplea-te.com\/noticias-oposiciones\/ayuntamiento-de-laxe-convoca-proceso-selectivo-para-cubrir-una-plaza-de-tecnico-de-gestion-a2-personal-funcionario-temporal\/"},"wordCount":150,"publisher":{"@id":"https:\/\/www.emplea-te.com\/noticias-oposiciones\/#organization"},"image":{"@id":"https:\/\/www.emplea-te.com\/noticias-oposiciones\/ayuntamiento-de-laxe-convoca-proceso-selectivo-para-cubrir-una-plaza-de-tecnico-de-gestion-a2-personal-funcionario-temporal\/#primaryimage"},"thumbnailUrl":"https:\/\/www.emplea-te.com\/noticias-oposiciones\/wp-content\/uploads\/2019\/08\/exito-examen-300x128.jpg","keywords":["Convocatoria"],"articleSection":["Convocatorias Ayuntamientos","Oposiciones Auton\u00f3micas Galicia"],"inLanguage":"es"},{"@type":"WebPage","@id":"https:\/\/www.emplea-te.com\/noticias-oposiciones\/ayuntamiento-de-laxe-convoca-proceso-selectivo-para-cubrir-una-plaza-de-tecnico-de-gestion-a2-personal-funcionario-temporal\/","url":"https:\/\/www.emplea-te.com\/noticias-oposiciones\/ayuntamiento-de-laxe-convoca-proceso-selectivo-para-cubrir-una-plaza-de-tecnico-de-gestion-a2-personal-funcionario-temporal\/","name":"Ayuntamiento de Laxe convoca proceso selectivo para cubrir una plaza de T\u00e9cnico de Gesti\u00f3n A2","isPartOf":{"@id":"https:\/\/www.emplea-te.com\/noticias-oposiciones\/#website"},"primaryImageOfPage":{"@id":"https:\/\/www.emplea-te.com\/noticias-oposiciones\/ayuntamiento-de-laxe-convoca-proceso-selectivo-para-cubrir-una-plaza-de-tecnico-de-gestion-a2-personal-funcionario-temporal\/#primaryimage"},"image":{"@id":"https:\/\/www.emplea-te.com\/noticias-oposiciones\/ayuntamiento-de-laxe-convoca-proceso-selectivo-para-cubrir-una-plaza-de-tecnico-de-gestion-a2-personal-funcionario-temporal\/#primaryimage"},"thumbnailUrl":"https:\/\/www.emplea-te.com\/noticias-oposiciones\/wp-content\/uploads\/2019\/08\/exito-examen-300x128.jpg","datePublished":"2021-02-15T09:55:56+00:00","description":"Ayuntamiento de Laxe convoca proceso selectivo para cubrir una plaza de T\u00e9cnico de Gesti\u00f3n A2","breadcrumb":{"@id":"https:\/\/www.emplea-te.com\/noticias-oposiciones\/ayuntamiento-de-laxe-convoca-proceso-selectivo-para-cubrir-una-plaza-de-tecnico-de-gestion-a2-personal-funcionario-temporal\/#breadcrumb"},"inLanguage":"es","potentialAction":[{"@type":"ReadAction","target":["https:\/\/www.emplea-te.com\/noticias-oposiciones\/ayuntamiento-de-laxe-convoca-proceso-selectivo-para-cubrir-una-plaza-de-tecnico-de-gestion-a2-personal-funcionario-temporal\/"]}]},{"@type":"ImageObject","inLanguage":"es","@id":"https:\/\/www.emplea-te.com\/noticias-oposiciones\/ayuntamiento-de-laxe-convoca-proceso-selectivo-para-cubrir-una-plaza-de-tecnico-de-gestion-a2-personal-funcionario-temporal\/#primaryimage","url":"https:\/\/www.emplea-te.com\/noticias-oposiciones\/wp-content\/uploads\/2019\/08\/exito-examen.jpg","contentUrl":"https:\/\/www.emplea-te.com\/noticias-oposiciones\/wp-content\/uploads\/2019\/08\/exito-examen.jpg","width":960,"height":408},{"@type":"BreadcrumbList","@id":"https:\/\/www.emplea-te.com\/noticias-oposiciones\/ayuntamiento-de-laxe-convoca-proceso-selectivo-para-cubrir-una-plaza-de-tecnico-de-gestion-a2-personal-funcionario-temporal\/#breadcrumb","itemListElement":[{"@type":"ListItem","position":1,"name":"Noticias Oposiciones","item":"https:\/\/www.emplea-te.com\/noticias-oposiciones\/"},{"@type":"ListItem","position":2,"name":"Oposiciones Auton\u00f3micas Galicia","item":"https:\/\/www.emplea-te.com\/noticias-oposiciones\/categoria\/oposiciones-autonomicas-galicia\/"},{"@type":"ListItem","position":3,"name":"Ayuntamiento de Laxe convoca proceso selectivo para cubrir una plaza de T\u00e9cnico de Gesti\u00f3n A2 (personal funcionario temporal)"}]},{"@type":"WebSite","@id":"https:\/\/www.emplea-te.com\/noticias-oposiciones\/#website","url":"https:\/\/www.emplea-te.com\/noticias-oposiciones\/","name":"Noticas de oposiciones por Academia Emplea-te","description":"Toda la actualidad de las ofertas y convocatorias.","publisher":{"@id":"https:\/\/www.emplea-te.com\/noticias-oposiciones\/#organization"},"potentialAction":[{"@type":"SearchAction","target":{"@type":"EntryPoint","urlTemplate":"https:\/\/www.emplea-te.com\/noticias-oposiciones\/?s={search_term_string}"},"query-input":{"@type":"PropertyValueSpecification","valueRequired":true,"valueName":"search_term_string"}}],"inLanguage":"es"},{"@type":"Organization","@id":"https:\/\/www.emplea-te.com\/noticias-oposiciones\/#organization","name":"Academia de oposiciones Empl\u00e9ate","url":"https:\/\/www.emplea-te.com\/noticias-oposiciones\/","logo":{"@type":"ImageObject","inLanguage":"es","@id":"https:\/\/www.emplea-te.com\/noticias-oposiciones\/#\/schema\/logo\/image\/","url":"https:\/\/www.emplea-te.com\/noticias-oposiciones\/wp-content\/uploads\/2019\/04\/empleate.jpg","contentUrl":"https:\/\/www.emplea-te.com\/noticias-oposiciones\/wp-content\/uploads\/2019\/04\/empleate.jpg","width":250,"height":150,"caption":"Academia de oposiciones Empl\u00e9ate"},"image":{"@id":"https:\/\/www.emplea-te.com\/noticias-oposiciones\/#\/schema\/logo\/image\/"},"sameAs":["https:\/\/www.facebook.com\/AcademiaEmpleate\/","https:\/\/x.com\/Emplea_Te","https:\/\/www.instagram.com\/academia_empleate\/"]},{"@type":"Person","@id":"https:\/\/www.emplea-te.com\/noticias-oposiciones\/#\/schema\/person\/d1bc587e1af2b95e9c32aba1795509a6","name":"Empleate"}]}},"_links":{"self":[{"href":"https:\/\/www.emplea-te.com\/noticias-oposiciones\/wp-json\/wp\/v2\/posts\/4266","targetHints":{"allow":["GET"]}}],"collection":[{"href":"https:\/\/www.emplea-te.com\/noticias-oposiciones\/wp-json\/wp\/v2\/posts"}],"about":[{"href":"https:\/\/www.emplea-te.com\/noticias-oposiciones\/wp-json\/wp\/v2\/types\/post"}],"author":[{"embeddable":true,"href":"https:\/\/www.emplea-te.com\/noticias-oposiciones\/wp-json\/wp\/v2\/users\/1"}],"replies":[{"embeddable":true,"href":"https:\/\/www.emplea-te.com\/noticias-oposiciones\/wp-json\/wp\/v2\/comments?post=4266"}],"version-history":[{"count":1,"href":"https:\/\/www.emplea-te.com\/noticias-oposiciones\/wp-json\/wp\/v2\/posts\/4266\/revisions"}],"predecessor-version":[{"id":4267,"href":"https:\/\/www.emplea-te.com\/noticias-oposiciones\/wp-json\/wp\/v2\/posts\/4266\/revisions\/4267"}],"wp:attachment":[{"href":"https:\/\/www.emplea-te.com\/noticias-oposiciones\/wp-json\/wp\/v2\/media?parent=4266"}],"wp:term":[{"taxonomy":"category","embeddable":true,"href":"https:\/\/www.emplea-te.com\/noticias-oposiciones\/wp-json\/wp\/v2\/categories?post=4266"},{"taxonomy":"post_tag","embeddable":true,"href":"https:\/\/www.emplea-te.com\/noticias-oposiciones\/wp-json\/wp\/v2\/tags?post=4266"}],"curies":[{"name":"wp","href":"https:\/\/api.w.org\/{rel}","templated":true}]}}