{"id":4268,"date":"2021-02-17T10:01:05","date_gmt":"2021-02-17T09:01:05","guid":{"rendered":"https:\/\/www.emplea-te.com\/noticias-oposiciones\/?p=4268"},"modified":"2021-02-17T10:01:05","modified_gmt":"2021-02-17T09:01:05","slug":"ayuntamiento-de-fene-publica-convocatoria-para-la-creacion-de-una-lista-de-candidatos-al-nombramiento-como-funcionario-temporal-del-grupo-a-subgrupo-a2-escala-administracion-general-especial-s","status":"publish","type":"post","link":"https:\/\/www.emplea-te.com\/noticias-oposiciones\/ayuntamiento-de-fene-publica-convocatoria-para-la-creacion-de-una-lista-de-candidatos-al-nombramiento-como-funcionario-temporal-del-grupo-a-subgrupo-a2-escala-administracion-general-especial-s\/","title":{"rendered":"Ayuntamiento de Fene publica convocatoria para la creaci\u00f3n de una lista de candidatos al nombramiento como funcionario temporal del grupo: A; subgrupo: A2; escala: administraci\u00f3n general \/ especial; subescala: t\u00e9cnica; a trav\u00e9s del sistema concurso-oposici\u00f3n"},"content":{"rendered":"<p><img decoding=\"async\" class=\"alignleft wp-image-4026 size-full\" src=\"https:\/\/www.emplea-te.com\/noticias-oposiciones\/wp-content\/uploads\/2020\/12\/descarga.jpg\" alt=\"\" width=\"224\" height=\"224\" srcset=\"https:\/\/www.emplea-te.com\/noticias-oposiciones\/wp-content\/uploads\/2020\/12\/descarga.jpg 224w, https:\/\/www.emplea-te.com\/noticias-oposiciones\/wp-content\/uploads\/2020\/12\/descarga-150x150.jpg 150w, https:\/\/www.emplea-te.com\/noticias-oposiciones\/wp-content\/uploads\/2020\/12\/descarga-20x20.jpg 20w\" sizes=\"(max-width: 224px) 85vw, 224px\" \/><\/p>\n<p>El Ayuntamiento de Fene publica el Anuncio de convocatoria para la creaci\u00f3n de una lista de candidatos al nombramiento como funcionario temporal del grupo: A; subgrupo: A2; escala: administraci\u00f3n general \/ especial; subescala: t\u00e9cnica; a trav\u00e9s del sistema concurso-oposici\u00f3n<\/p>\n<p><a href=\"https:\/\/bop.dicoruna.es\/bopportal\/publicado\/2021\/02\/17\/2021_0000001061.html\" target=\"_blank\" rel=\"noopener noreferrer\">Se publica el Anuncio en el BOP de la provincia de A Coru\u00f1a de hoy, d\u00eda 17 de febrero de 2021.\u00a0<\/a><\/p>\n<p><strong>El sistema de selecci\u00f3n<\/strong> utilizado ser\u00e1 el de libre concurso-oposici\u00f3n, en el que se desarrollar\u00e1 la fase de concurso en segundo lugar, y al que solo podr\u00e1n acceder aquellos candidatos que hayan superado la fase de oposici\u00f3n anterior, motivados para agilizar el proceso de selecci\u00f3n, sin perjuicio de los principios de igualdad, m\u00e9rito, capacidad, publicidad y libre competencia.<\/p>\n<p><strong>El plazo para la presentaci\u00f3n de solicitudes<\/strong> de participaci\u00f3n ser\u00e1 de 7 d\u00edas naturales a partir del d\u00eda siguiente a la publicaci\u00f3n de estas bases en el Bolet\u00edn Oficial de la Provincia.<\/p>\n<p><a href=\"https:\/\/www.emplea-te.com\/55\/oposiciones-de-comunidad-autonoma-de-galicia\" target=\"_blank\" rel=\"noopener noreferrer\">Inf\u00f3rmate de c\u00f3mo preparar estas oposiciones en nuestros grupos Presenciales o grupos Online.<\/a><\/p>\n<div class=\"celda celdavc alinc\"><img decoding=\"async\" src=\"https:\/\/www.emplea-te.com\/img\/telefono.png\" alt=\"\" width=\"18\" height=\"19\" \/><\/div>\n<div class=\"celda celdavc alinl\">981\u00a0903\u00a0703<\/div>\n<div class=\"celda celdavc alinc\"><img decoding=\"async\" src=\"https:\/\/www.emplea-te.com\/img\/whats-app-academia.png\" alt=\"\" width=\"20\" height=\"20\" \/><\/div>\n<div class=\"celda celdavc alinl\">698 163 476<\/div>\n<div><\/div>\n<div>\n<p>Estamos en A Coru\u00f1a<br \/>\nR\u00faa San Andr\u00e9s, 148 bajo, 15003 A Coru\u00f1a<\/p>\n<\/div>\n","protected":false},"excerpt":{"rendered":"<p>El Ayuntamiento de Fene publica el Anuncio de convocatoria para la creaci\u00f3n de una lista de candidatos al nombramiento como funcionario temporal del grupo: A; subgrupo: A2; escala: administraci\u00f3n general \/ especial; subescala: t\u00e9cnica; a trav\u00e9s del sistema concurso-oposici\u00f3n Se publica el Anuncio en el BOP de la provincia de A Coru\u00f1a de hoy, d\u00eda &hellip; <a href=\"https:\/\/www.emplea-te.com\/noticias-oposiciones\/ayuntamiento-de-fene-publica-convocatoria-para-la-creacion-de-una-lista-de-candidatos-al-nombramiento-como-funcionario-temporal-del-grupo-a-subgrupo-a2-escala-administracion-general-especial-s\/\" class=\"more-link\">Continuar leyendo<span class=\"screen-reader-text\"> \u00abAyuntamiento de Fene publica convocatoria para la creaci\u00f3n de una lista de candidatos al nombramiento como funcionario temporal del grupo: A; subgrupo: A2; escala: administraci\u00f3n general \/ especial; subescala: t\u00e9cnica; a trav\u00e9s del sistema concurso-oposici\u00f3n\u00bb<\/span><\/a><\/p>\n","protected":false},"author":1,"featured_media":0,"comment_status":"closed","ping_status":"closed","sticky":false,"template":"","format":"standard","meta":{"footnotes":""},"categories":[37,56],"tags":[49],"class_list":["post-4268","post","type-post","status-publish","format-standard","hentry","category-convocatorias-ayuntamientos","category-oposiciones-autonomicas-galicia","tag-convocatorias-de-oposiciones"],"yoast_head":"<!-- This site is optimized with the Yoast SEO plugin v27.5 - https:\/\/yoast.com\/product\/yoast-seo-wordpress\/ -->\n<title>Ayuntamiento de Fene convoca proceso selectivo para creaci\u00f3n bolsa de personal funcionario temporal del Grupo A2 administraci\u00f3n General\/Especial<\/title>\n<meta name=\"description\" content=\"Ayuntamiento de Fene convoca proceso selectivo para creaci\u00f3n bolsa de personal funcionario temporal del Grupo A2 administraci\u00f3n General\/Especial\" \/>\n<meta name=\"robots\" content=\"index, follow, max-snippet:-1, max-image-preview:large, max-video-preview:-1\" \/>\n<link rel=\"canonical\" href=\"https:\/\/www.emplea-te.com\/noticias-oposiciones\/ayuntamiento-de-fene-publica-convocatoria-para-la-creacion-de-una-lista-de-candidatos-al-nombramiento-como-funcionario-temporal-del-grupo-a-subgrupo-a2-escala-administracion-general-especial-s\/\" \/>\n<meta property=\"og:locale\" content=\"es_ES\" \/>\n<meta property=\"og:type\" content=\"article\" \/>\n<meta property=\"og:title\" content=\"Ayuntamiento de Fene convoca proceso selectivo para creaci\u00f3n bolsa de personal funcionario temporal del Grupo A2 administraci\u00f3n General\/Especial\" \/>\n<meta property=\"og:description\" content=\"Ayuntamiento de Fene convoca proceso selectivo para creaci\u00f3n bolsa de personal funcionario temporal del Grupo A2 administraci\u00f3n General\/Especial\" \/>\n<meta property=\"og:url\" content=\"https:\/\/www.emplea-te.com\/noticias-oposiciones\/ayuntamiento-de-fene-publica-convocatoria-para-la-creacion-de-una-lista-de-candidatos-al-nombramiento-como-funcionario-temporal-del-grupo-a-subgrupo-a2-escala-administracion-general-especial-s\/\" \/>\n<meta property=\"og:site_name\" content=\"Noticas de oposiciones por Academia Emplea-te\" \/>\n<meta property=\"article:publisher\" content=\"https:\/\/www.facebook.com\/AcademiaEmpleate\/\" \/>\n<meta property=\"article:published_time\" content=\"2021-02-17T09:01:05+00:00\" \/>\n<meta property=\"og:image\" content=\"https:\/\/www.emplea-te.com\/noticias-oposiciones\/wp-content\/uploads\/2020\/12\/descarga.jpg\" \/>\n<meta name=\"author\" content=\"Empleate\" \/>\n<meta name=\"twitter:card\" content=\"summary_large_image\" \/>\n<meta name=\"twitter:creator\" content=\"@Emplea_Te\" \/>\n<meta name=\"twitter:site\" content=\"@Emplea_Te\" \/>\n<meta name=\"twitter:label1\" content=\"Escrito por\" \/>\n\t<meta name=\"twitter:data1\" content=\"Empleate\" \/>\n\t<meta name=\"twitter:label2\" content=\"Tiempo de lectura\" \/>\n\t<meta name=\"twitter:data2\" content=\"1 minuto\" \/>\n<script type=\"application\/ld+json\" class=\"yoast-schema-graph\">{\"@context\":\"https:\\\/\\\/schema.org\",\"@graph\":[{\"@type\":\"Article\",\"@id\":\"https:\\\/\\\/www.emplea-te.com\\\/noticias-oposiciones\\\/ayuntamiento-de-fene-publica-convocatoria-para-la-creacion-de-una-lista-de-candidatos-al-nombramiento-como-funcionario-temporal-del-grupo-a-subgrupo-a2-escala-administracion-general-especial-s\\\/#article\",\"isPartOf\":{\"@id\":\"https:\\\/\\\/www.emplea-te.com\\\/noticias-oposiciones\\\/ayuntamiento-de-fene-publica-convocatoria-para-la-creacion-de-una-lista-de-candidatos-al-nombramiento-como-funcionario-temporal-del-grupo-a-subgrupo-a2-escala-administracion-general-especial-s\\\/\"},\"author\":{\"name\":\"Empleate\",\"@id\":\"https:\\\/\\\/www.emplea-te.com\\\/noticias-oposiciones\\\/#\\\/schema\\\/person\\\/d1bc587e1af2b95e9c32aba1795509a6\"},\"headline\":\"Ayuntamiento de Fene publica convocatoria para la creaci\u00f3n de una lista de candidatos al nombramiento como funcionario temporal del grupo: A; subgrupo: A2; escala: administraci\u00f3n general \\\/ especial; subescala: t\u00e9cnica; a trav\u00e9s del sistema concurso-oposici\u00f3n\",\"datePublished\":\"2021-02-17T09:01:05+00:00\",\"mainEntityOfPage\":{\"@id\":\"https:\\\/\\\/www.emplea-te.com\\\/noticias-oposiciones\\\/ayuntamiento-de-fene-publica-convocatoria-para-la-creacion-de-una-lista-de-candidatos-al-nombramiento-como-funcionario-temporal-del-grupo-a-subgrupo-a2-escala-administracion-general-especial-s\\\/\"},\"wordCount\":233,\"publisher\":{\"@id\":\"https:\\\/\\\/www.emplea-te.com\\\/noticias-oposiciones\\\/#organization\"},\"image\":{\"@id\":\"https:\\\/\\\/www.emplea-te.com\\\/noticias-oposiciones\\\/ayuntamiento-de-fene-publica-convocatoria-para-la-creacion-de-una-lista-de-candidatos-al-nombramiento-como-funcionario-temporal-del-grupo-a-subgrupo-a2-escala-administracion-general-especial-s\\\/#primaryimage\"},\"thumbnailUrl\":\"https:\\\/\\\/www.emplea-te.com\\\/noticias-oposiciones\\\/wp-content\\\/uploads\\\/2020\\\/12\\\/descarga.jpg\",\"keywords\":[\"Convocatoria\"],\"articleSection\":[\"Convocatorias Ayuntamientos\",\"Oposiciones Auton\u00f3micas Galicia\"],\"inLanguage\":\"es\"},{\"@type\":\"WebPage\",\"@id\":\"https:\\\/\\\/www.emplea-te.com\\\/noticias-oposiciones\\\/ayuntamiento-de-fene-publica-convocatoria-para-la-creacion-de-una-lista-de-candidatos-al-nombramiento-como-funcionario-temporal-del-grupo-a-subgrupo-a2-escala-administracion-general-especial-s\\\/\",\"url\":\"https:\\\/\\\/www.emplea-te.com\\\/noticias-oposiciones\\\/ayuntamiento-de-fene-publica-convocatoria-para-la-creacion-de-una-lista-de-candidatos-al-nombramiento-como-funcionario-temporal-del-grupo-a-subgrupo-a2-escala-administracion-general-especial-s\\\/\",\"name\":\"Ayuntamiento de Fene convoca proceso selectivo para creaci\u00f3n bolsa de personal funcionario temporal del Grupo A2 administraci\u00f3n General\\\/Especial\",\"isPartOf\":{\"@id\":\"https:\\\/\\\/www.emplea-te.com\\\/noticias-oposiciones\\\/#website\"},\"primaryImageOfPage\":{\"@id\":\"https:\\\/\\\/www.emplea-te.com\\\/noticias-oposiciones\\\/ayuntamiento-de-fene-publica-convocatoria-para-la-creacion-de-una-lista-de-candidatos-al-nombramiento-como-funcionario-temporal-del-grupo-a-subgrupo-a2-escala-administracion-general-especial-s\\\/#primaryimage\"},\"image\":{\"@id\":\"https:\\\/\\\/www.emplea-te.com\\\/noticias-oposiciones\\\/ayuntamiento-de-fene-publica-convocatoria-para-la-creacion-de-una-lista-de-candidatos-al-nombramiento-como-funcionario-temporal-del-grupo-a-subgrupo-a2-escala-administracion-general-especial-s\\\/#primaryimage\"},\"thumbnailUrl\":\"https:\\\/\\\/www.emplea-te.com\\\/noticias-oposiciones\\\/wp-content\\\/uploads\\\/2020\\\/12\\\/descarga.jpg\",\"datePublished\":\"2021-02-17T09:01:05+00:00\",\"description\":\"Ayuntamiento de Fene convoca proceso selectivo para creaci\u00f3n bolsa de personal funcionario temporal del Grupo A2 administraci\u00f3n General\\\/Especial\",\"breadcrumb\":{\"@id\":\"https:\\\/\\\/www.emplea-te.com\\\/noticias-oposiciones\\\/ayuntamiento-de-fene-publica-convocatoria-para-la-creacion-de-una-lista-de-candidatos-al-nombramiento-como-funcionario-temporal-del-grupo-a-subgrupo-a2-escala-administracion-general-especial-s\\\/#breadcrumb\"},\"inLanguage\":\"es\",\"potentialAction\":[{\"@type\":\"ReadAction\",\"target\":[\"https:\\\/\\\/www.emplea-te.com\\\/noticias-oposiciones\\\/ayuntamiento-de-fene-publica-convocatoria-para-la-creacion-de-una-lista-de-candidatos-al-nombramiento-como-funcionario-temporal-del-grupo-a-subgrupo-a2-escala-administracion-general-especial-s\\\/\"]}]},{\"@type\":\"ImageObject\",\"inLanguage\":\"es\",\"@id\":\"https:\\\/\\\/www.emplea-te.com\\\/noticias-oposiciones\\\/ayuntamiento-de-fene-publica-convocatoria-para-la-creacion-de-una-lista-de-candidatos-al-nombramiento-como-funcionario-temporal-del-grupo-a-subgrupo-a2-escala-administracion-general-especial-s\\\/#primaryimage\",\"url\":\"https:\\\/\\\/www.emplea-te.com\\\/noticias-oposiciones\\\/wp-content\\\/uploads\\\/2020\\\/12\\\/descarga.jpg\",\"contentUrl\":\"https:\\\/\\\/www.emplea-te.com\\\/noticias-oposiciones\\\/wp-content\\\/uploads\\\/2020\\\/12\\\/descarga.jpg\",\"width\":224,\"height\":224},{\"@type\":\"BreadcrumbList\",\"@id\":\"https:\\\/\\\/www.emplea-te.com\\\/noticias-oposiciones\\\/ayuntamiento-de-fene-publica-convocatoria-para-la-creacion-de-una-lista-de-candidatos-al-nombramiento-como-funcionario-temporal-del-grupo-a-subgrupo-a2-escala-administracion-general-especial-s\\\/#breadcrumb\",\"itemListElement\":[{\"@type\":\"ListItem\",\"position\":1,\"name\":\"Noticias Oposiciones\",\"item\":\"https:\\\/\\\/www.emplea-te.com\\\/noticias-oposiciones\\\/\"},{\"@type\":\"ListItem\",\"position\":2,\"name\":\"Oposiciones Auton\u00f3micas Galicia\",\"item\":\"https:\\\/\\\/www.emplea-te.com\\\/noticias-oposiciones\\\/categoria\\\/oposiciones-autonomicas-galicia\\\/\"},{\"@type\":\"ListItem\",\"position\":3,\"name\":\"Ayuntamiento de Fene publica convocatoria para la creaci\u00f3n de una lista de candidatos al nombramiento como funcionario temporal del grupo: A; subgrupo: A2; escala: administraci\u00f3n general \\\/ especial; subescala: t\u00e9cnica; a trav\u00e9s del sistema concurso-oposici\u00f3n\"}]},{\"@type\":\"WebSite\",\"@id\":\"https:\\\/\\\/www.emplea-te.com\\\/noticias-oposiciones\\\/#website\",\"url\":\"https:\\\/\\\/www.emplea-te.com\\\/noticias-oposiciones\\\/\",\"name\":\"Noticas de oposiciones por Academia Emplea-te\",\"description\":\"Toda la actualidad de las ofertas y convocatorias.\",\"publisher\":{\"@id\":\"https:\\\/\\\/www.emplea-te.com\\\/noticias-oposiciones\\\/#organization\"},\"potentialAction\":[{\"@type\":\"SearchAction\",\"target\":{\"@type\":\"EntryPoint\",\"urlTemplate\":\"https:\\\/\\\/www.emplea-te.com\\\/noticias-oposiciones\\\/?s={search_term_string}\"},\"query-input\":{\"@type\":\"PropertyValueSpecification\",\"valueRequired\":true,\"valueName\":\"search_term_string\"}}],\"inLanguage\":\"es\"},{\"@type\":\"Organization\",\"@id\":\"https:\\\/\\\/www.emplea-te.com\\\/noticias-oposiciones\\\/#organization\",\"name\":\"Academia de oposiciones Empl\u00e9ate\",\"url\":\"https:\\\/\\\/www.emplea-te.com\\\/noticias-oposiciones\\\/\",\"logo\":{\"@type\":\"ImageObject\",\"inLanguage\":\"es\",\"@id\":\"https:\\\/\\\/www.emplea-te.com\\\/noticias-oposiciones\\\/#\\\/schema\\\/logo\\\/image\\\/\",\"url\":\"https:\\\/\\\/www.emplea-te.com\\\/noticias-oposiciones\\\/wp-content\\\/uploads\\\/2019\\\/04\\\/empleate.jpg\",\"contentUrl\":\"https:\\\/\\\/www.emplea-te.com\\\/noticias-oposiciones\\\/wp-content\\\/uploads\\\/2019\\\/04\\\/empleate.jpg\",\"width\":250,\"height\":150,\"caption\":\"Academia de oposiciones Empl\u00e9ate\"},\"image\":{\"@id\":\"https:\\\/\\\/www.emplea-te.com\\\/noticias-oposiciones\\\/#\\\/schema\\\/logo\\\/image\\\/\"},\"sameAs\":[\"https:\\\/\\\/www.facebook.com\\\/AcademiaEmpleate\\\/\",\"https:\\\/\\\/x.com\\\/Emplea_Te\",\"https:\\\/\\\/www.instagram.com\\\/academia_empleate\\\/\"]},{\"@type\":\"Person\",\"@id\":\"https:\\\/\\\/www.emplea-te.com\\\/noticias-oposiciones\\\/#\\\/schema\\\/person\\\/d1bc587e1af2b95e9c32aba1795509a6\",\"name\":\"Empleate\"}]}<\/script>\n<!-- \/ Yoast SEO plugin. -->","yoast_head_json":{"title":"Ayuntamiento de Fene convoca proceso selectivo para creaci\u00f3n bolsa de personal funcionario temporal del Grupo A2 administraci\u00f3n General\/Especial","description":"Ayuntamiento de Fene convoca proceso selectivo para creaci\u00f3n bolsa de personal funcionario temporal del Grupo A2 administraci\u00f3n General\/Especial","robots":{"index":"index","follow":"follow","max-snippet":"max-snippet:-1","max-image-preview":"max-image-preview:large","max-video-preview":"max-video-preview:-1"},"canonical":"https:\/\/www.emplea-te.com\/noticias-oposiciones\/ayuntamiento-de-fene-publica-convocatoria-para-la-creacion-de-una-lista-de-candidatos-al-nombramiento-como-funcionario-temporal-del-grupo-a-subgrupo-a2-escala-administracion-general-especial-s\/","og_locale":"es_ES","og_type":"article","og_title":"Ayuntamiento de Fene convoca proceso selectivo para creaci\u00f3n bolsa de personal funcionario temporal del Grupo A2 administraci\u00f3n General\/Especial","og_description":"Ayuntamiento de Fene convoca proceso selectivo para creaci\u00f3n bolsa de personal funcionario temporal del Grupo A2 administraci\u00f3n General\/Especial","og_url":"https:\/\/www.emplea-te.com\/noticias-oposiciones\/ayuntamiento-de-fene-publica-convocatoria-para-la-creacion-de-una-lista-de-candidatos-al-nombramiento-como-funcionario-temporal-del-grupo-a-subgrupo-a2-escala-administracion-general-especial-s\/","og_site_name":"Noticas de oposiciones por Academia Emplea-te","article_publisher":"https:\/\/www.facebook.com\/AcademiaEmpleate\/","article_published_time":"2021-02-17T09:01:05+00:00","og_image":[{"url":"https:\/\/www.emplea-te.com\/noticias-oposiciones\/wp-content\/uploads\/2020\/12\/descarga.jpg","type":"","width":"","height":""}],"author":"Empleate","twitter_card":"summary_large_image","twitter_creator":"@Emplea_Te","twitter_site":"@Emplea_Te","twitter_misc":{"Escrito por":"Empleate","Tiempo de lectura":"1 minuto"},"schema":{"@context":"https:\/\/schema.org","@graph":[{"@type":"Article","@id":"https:\/\/www.emplea-te.com\/noticias-oposiciones\/ayuntamiento-de-fene-publica-convocatoria-para-la-creacion-de-una-lista-de-candidatos-al-nombramiento-como-funcionario-temporal-del-grupo-a-subgrupo-a2-escala-administracion-general-especial-s\/#article","isPartOf":{"@id":"https:\/\/www.emplea-te.com\/noticias-oposiciones\/ayuntamiento-de-fene-publica-convocatoria-para-la-creacion-de-una-lista-de-candidatos-al-nombramiento-como-funcionario-temporal-del-grupo-a-subgrupo-a2-escala-administracion-general-especial-s\/"},"author":{"name":"Empleate","@id":"https:\/\/www.emplea-te.com\/noticias-oposiciones\/#\/schema\/person\/d1bc587e1af2b95e9c32aba1795509a6"},"headline":"Ayuntamiento de Fene publica convocatoria para la creaci\u00f3n de una lista de candidatos al nombramiento como funcionario temporal del grupo: A; subgrupo: A2; escala: administraci\u00f3n general \/ especial; subescala: t\u00e9cnica; a trav\u00e9s del sistema concurso-oposici\u00f3n","datePublished":"2021-02-17T09:01:05+00:00","mainEntityOfPage":{"@id":"https:\/\/www.emplea-te.com\/noticias-oposiciones\/ayuntamiento-de-fene-publica-convocatoria-para-la-creacion-de-una-lista-de-candidatos-al-nombramiento-como-funcionario-temporal-del-grupo-a-subgrupo-a2-escala-administracion-general-especial-s\/"},"wordCount":233,"publisher":{"@id":"https:\/\/www.emplea-te.com\/noticias-oposiciones\/#organization"},"image":{"@id":"https:\/\/www.emplea-te.com\/noticias-oposiciones\/ayuntamiento-de-fene-publica-convocatoria-para-la-creacion-de-una-lista-de-candidatos-al-nombramiento-como-funcionario-temporal-del-grupo-a-subgrupo-a2-escala-administracion-general-especial-s\/#primaryimage"},"thumbnailUrl":"https:\/\/www.emplea-te.com\/noticias-oposiciones\/wp-content\/uploads\/2020\/12\/descarga.jpg","keywords":["Convocatoria"],"articleSection":["Convocatorias Ayuntamientos","Oposiciones Auton\u00f3micas Galicia"],"inLanguage":"es"},{"@type":"WebPage","@id":"https:\/\/www.emplea-te.com\/noticias-oposiciones\/ayuntamiento-de-fene-publica-convocatoria-para-la-creacion-de-una-lista-de-candidatos-al-nombramiento-como-funcionario-temporal-del-grupo-a-subgrupo-a2-escala-administracion-general-especial-s\/","url":"https:\/\/www.emplea-te.com\/noticias-oposiciones\/ayuntamiento-de-fene-publica-convocatoria-para-la-creacion-de-una-lista-de-candidatos-al-nombramiento-como-funcionario-temporal-del-grupo-a-subgrupo-a2-escala-administracion-general-especial-s\/","name":"Ayuntamiento de Fene convoca proceso selectivo para creaci\u00f3n bolsa de personal funcionario temporal del Grupo A2 administraci\u00f3n General\/Especial","isPartOf":{"@id":"https:\/\/www.emplea-te.com\/noticias-oposiciones\/#website"},"primaryImageOfPage":{"@id":"https:\/\/www.emplea-te.com\/noticias-oposiciones\/ayuntamiento-de-fene-publica-convocatoria-para-la-creacion-de-una-lista-de-candidatos-al-nombramiento-como-funcionario-temporal-del-grupo-a-subgrupo-a2-escala-administracion-general-especial-s\/#primaryimage"},"image":{"@id":"https:\/\/www.emplea-te.com\/noticias-oposiciones\/ayuntamiento-de-fene-publica-convocatoria-para-la-creacion-de-una-lista-de-candidatos-al-nombramiento-como-funcionario-temporal-del-grupo-a-subgrupo-a2-escala-administracion-general-especial-s\/#primaryimage"},"thumbnailUrl":"https:\/\/www.emplea-te.com\/noticias-oposiciones\/wp-content\/uploads\/2020\/12\/descarga.jpg","datePublished":"2021-02-17T09:01:05+00:00","description":"Ayuntamiento de Fene convoca proceso selectivo para creaci\u00f3n bolsa de personal funcionario temporal del Grupo A2 administraci\u00f3n General\/Especial","breadcrumb":{"@id":"https:\/\/www.emplea-te.com\/noticias-oposiciones\/ayuntamiento-de-fene-publica-convocatoria-para-la-creacion-de-una-lista-de-candidatos-al-nombramiento-como-funcionario-temporal-del-grupo-a-subgrupo-a2-escala-administracion-general-especial-s\/#breadcrumb"},"inLanguage":"es","potentialAction":[{"@type":"ReadAction","target":["https:\/\/www.emplea-te.com\/noticias-oposiciones\/ayuntamiento-de-fene-publica-convocatoria-para-la-creacion-de-una-lista-de-candidatos-al-nombramiento-como-funcionario-temporal-del-grupo-a-subgrupo-a2-escala-administracion-general-especial-s\/"]}]},{"@type":"ImageObject","inLanguage":"es","@id":"https:\/\/www.emplea-te.com\/noticias-oposiciones\/ayuntamiento-de-fene-publica-convocatoria-para-la-creacion-de-una-lista-de-candidatos-al-nombramiento-como-funcionario-temporal-del-grupo-a-subgrupo-a2-escala-administracion-general-especial-s\/#primaryimage","url":"https:\/\/www.emplea-te.com\/noticias-oposiciones\/wp-content\/uploads\/2020\/12\/descarga.jpg","contentUrl":"https:\/\/www.emplea-te.com\/noticias-oposiciones\/wp-content\/uploads\/2020\/12\/descarga.jpg","width":224,"height":224},{"@type":"BreadcrumbList","@id":"https:\/\/www.emplea-te.com\/noticias-oposiciones\/ayuntamiento-de-fene-publica-convocatoria-para-la-creacion-de-una-lista-de-candidatos-al-nombramiento-como-funcionario-temporal-del-grupo-a-subgrupo-a2-escala-administracion-general-especial-s\/#breadcrumb","itemListElement":[{"@type":"ListItem","position":1,"name":"Noticias Oposiciones","item":"https:\/\/www.emplea-te.com\/noticias-oposiciones\/"},{"@type":"ListItem","position":2,"name":"Oposiciones Auton\u00f3micas Galicia","item":"https:\/\/www.emplea-te.com\/noticias-oposiciones\/categoria\/oposiciones-autonomicas-galicia\/"},{"@type":"ListItem","position":3,"name":"Ayuntamiento de Fene publica convocatoria para la creaci\u00f3n de una lista de candidatos al nombramiento como funcionario temporal del grupo: A; subgrupo: A2; escala: administraci\u00f3n general \/ especial; subescala: t\u00e9cnica; a trav\u00e9s del sistema concurso-oposici\u00f3n"}]},{"@type":"WebSite","@id":"https:\/\/www.emplea-te.com\/noticias-oposiciones\/#website","url":"https:\/\/www.emplea-te.com\/noticias-oposiciones\/","name":"Noticas de oposiciones por Academia Emplea-te","description":"Toda la actualidad de las ofertas y convocatorias.","publisher":{"@id":"https:\/\/www.emplea-te.com\/noticias-oposiciones\/#organization"},"potentialAction":[{"@type":"SearchAction","target":{"@type":"EntryPoint","urlTemplate":"https:\/\/www.emplea-te.com\/noticias-oposiciones\/?s={search_term_string}"},"query-input":{"@type":"PropertyValueSpecification","valueRequired":true,"valueName":"search_term_string"}}],"inLanguage":"es"},{"@type":"Organization","@id":"https:\/\/www.emplea-te.com\/noticias-oposiciones\/#organization","name":"Academia de oposiciones Empl\u00e9ate","url":"https:\/\/www.emplea-te.com\/noticias-oposiciones\/","logo":{"@type":"ImageObject","inLanguage":"es","@id":"https:\/\/www.emplea-te.com\/noticias-oposiciones\/#\/schema\/logo\/image\/","url":"https:\/\/www.emplea-te.com\/noticias-oposiciones\/wp-content\/uploads\/2019\/04\/empleate.jpg","contentUrl":"https:\/\/www.emplea-te.com\/noticias-oposiciones\/wp-content\/uploads\/2019\/04\/empleate.jpg","width":250,"height":150,"caption":"Academia de oposiciones Empl\u00e9ate"},"image":{"@id":"https:\/\/www.emplea-te.com\/noticias-oposiciones\/#\/schema\/logo\/image\/"},"sameAs":["https:\/\/www.facebook.com\/AcademiaEmpleate\/","https:\/\/x.com\/Emplea_Te","https:\/\/www.instagram.com\/academia_empleate\/"]},{"@type":"Person","@id":"https:\/\/www.emplea-te.com\/noticias-oposiciones\/#\/schema\/person\/d1bc587e1af2b95e9c32aba1795509a6","name":"Empleate"}]}},"_links":{"self":[{"href":"https:\/\/www.emplea-te.com\/noticias-oposiciones\/wp-json\/wp\/v2\/posts\/4268","targetHints":{"allow":["GET"]}}],"collection":[{"href":"https:\/\/www.emplea-te.com\/noticias-oposiciones\/wp-json\/wp\/v2\/posts"}],"about":[{"href":"https:\/\/www.emplea-te.com\/noticias-oposiciones\/wp-json\/wp\/v2\/types\/post"}],"author":[{"embeddable":true,"href":"https:\/\/www.emplea-te.com\/noticias-oposiciones\/wp-json\/wp\/v2\/users\/1"}],"replies":[{"embeddable":true,"href":"https:\/\/www.emplea-te.com\/noticias-oposiciones\/wp-json\/wp\/v2\/comments?post=4268"}],"version-history":[{"count":1,"href":"https:\/\/www.emplea-te.com\/noticias-oposiciones\/wp-json\/wp\/v2\/posts\/4268\/revisions"}],"predecessor-version":[{"id":4269,"href":"https:\/\/www.emplea-te.com\/noticias-oposiciones\/wp-json\/wp\/v2\/posts\/4268\/revisions\/4269"}],"wp:attachment":[{"href":"https:\/\/www.emplea-te.com\/noticias-oposiciones\/wp-json\/wp\/v2\/media?parent=4268"}],"wp:term":[{"taxonomy":"category","embeddable":true,"href":"https:\/\/www.emplea-te.com\/noticias-oposiciones\/wp-json\/wp\/v2\/categories?post=4268"},{"taxonomy":"post_tag","embeddable":true,"href":"https:\/\/www.emplea-te.com\/noticias-oposiciones\/wp-json\/wp\/v2\/tags?post=4268"}],"curies":[{"name":"wp","href":"https:\/\/api.w.org\/{rel}","templated":true}]}}