{"id":4270,"date":"2021-02-17T10:08:21","date_gmt":"2021-02-17T09:08:21","guid":{"rendered":"https:\/\/www.emplea-te.com\/noticias-oposiciones\/?p=4270"},"modified":"2021-02-17T10:08:21","modified_gmt":"2021-02-17T09:08:21","slug":"xunta-de-galicia-modificadas-y-publicadas-las-listas-definitivas-de-personas-admitidas-y-excluidas-en-el-proceso-de-seleccion-para-el-ingreso-al-organo-superior-de-la-general-administracion-de-la-com","status":"publish","type":"post","link":"https:\/\/www.emplea-te.com\/noticias-oposiciones\/xunta-de-galicia-modificadas-y-publicadas-las-listas-definitivas-de-personas-admitidas-y-excluidas-en-el-proceso-de-seleccion-para-el-ingreso-al-organo-superior-de-la-general-administracion-de-la-com\/","title":{"rendered":"Xunta de Galicia. Modificadas y Publicadas las listas definitivas de personas admitidas y excluidas en el proceso de selecci\u00f3n para el ingreso al \u00f3rgano superior de la General Administraci\u00f3n de la Comunidad Aut\u00f3noma de Galicia, subgrupo A1."},"content":{"rendered":"<p><img decoding=\"async\" class=\"alignleft wp-image-1502 size-full\" src=\"https:\/\/www.emplea-te.com\/noticias-oposiciones\/wp-content\/uploads\/2019\/04\/xunta_De_Galicia.png\" alt=\"Oposiciones Xunta\" width=\"315\" height=\"160\" srcset=\"https:\/\/www.emplea-te.com\/noticias-oposiciones\/wp-content\/uploads\/2019\/04\/xunta_De_Galicia.png 315w, https:\/\/www.emplea-te.com\/noticias-oposiciones\/wp-content\/uploads\/2019\/04\/xunta_De_Galicia-300x152.png 300w, https:\/\/www.emplea-te.com\/noticias-oposiciones\/wp-content\/uploads\/2019\/04\/xunta_De_Galicia-20x10.png 20w\" sizes=\"(max-width: 315px) 85vw, 315px\" \/><\/p>\n<p>Se publica en el DOG de hoy, d\u00eda 17 de Febrero de 2021, la Resoluci\u00f3n de 8 de febrero de 2021 por la que se publica \u00a0la modificaci\u00f3n y\u00a0 las listas definitivas de personas admitidas y excluidas en el proceso de selecci\u00f3n para el ingreso al \u00f3rgano superior de la General Administraci\u00f3n de la Comunidad Aut\u00f3noma de Galicia, subgrupo A1.<\/p>\n<p><a href=\"https:\/\/www.xunta.gal\/dog\/Publicados\/2021\/20210217\/AnuncioG0597-090221-0002_gl.html\" target=\"_blank\" rel=\"noopener noreferrer\">Enlace a DOG\u00a0<\/a><\/p>\n<p>Contra esta resoluci\u00f3n podr\u00e1 interponerse recurso de revocaci\u00f3n facultativo ante el Ministro de Hacienda y Administraciones P\u00fablicas, en el plazo de un mes desde el d\u00eda siguiente al de su publicaci\u00f3n en el Bolet\u00edn Oficial de Galicia, de acuerdo con lo dispuesto en la Ley 39\/2015, de 1 de Octubre, o bien podr\u00e1 interponerse recurso contencioso-administrativo directamente ante la Sala de lo Contencioso-Administrativo del Tribunal Superior de Justicia de Galicia dentro de los dos meses siguientes a la misma fecha, de conformidad con lo dispuesto en el art\u00edculo 8.2 de la Ley 29\/1998, de julio. 13, en relaci\u00f3n con el art\u00edculo 10.1 del mismo texto legal.<\/p>\n","protected":false},"excerpt":{"rendered":"<p>Se publica en el DOG de hoy, d\u00eda 17 de Febrero de 2021, la Resoluci\u00f3n de 8 de febrero de 2021 por la que se publica \u00a0la modificaci\u00f3n y\u00a0 las listas definitivas de personas admitidas y excluidas en el proceso de selecci\u00f3n para el ingreso al \u00f3rgano superior de la General Administraci\u00f3n de la Comunidad &hellip; <a href=\"https:\/\/www.emplea-te.com\/noticias-oposiciones\/xunta-de-galicia-modificadas-y-publicadas-las-listas-definitivas-de-personas-admitidas-y-excluidas-en-el-proceso-de-seleccion-para-el-ingreso-al-organo-superior-de-la-general-administracion-de-la-com\/\" class=\"more-link\">Continuar leyendo<span class=\"screen-reader-text\"> \u00abXunta de Galicia. Modificadas y Publicadas las listas definitivas de personas admitidas y excluidas en el proceso de selecci\u00f3n para el ingreso al \u00f3rgano superior de la General Administraci\u00f3n de la Comunidad Aut\u00f3noma de Galicia, subgrupo A1.\u00bb<\/span><\/a><\/p>\n","protected":false},"author":1,"featured_media":0,"comment_status":"closed","ping_status":"closed","sticky":false,"template":"","format":"standard","meta":{"footnotes":""},"categories":[59,4],"tags":[87],"class_list":["post-4270","post","type-post","status-publish","format-standard","hentry","category-cuerpo-superior-de-la-administracion-a1-xunta","category-oposiciones-xunta","tag-listados-definitivos-de-aspirantes-admitidos-y-excluidos"],"yoast_head":"<!-- This site is optimized with the Yoast SEO plugin v27.5 - https:\/\/yoast.com\/product\/yoast-seo-wordpress\/ -->\n<title>Xunta de Galicia Cuerpo Superior A1 de la Adminsitraci\u00f3n<\/title>\n<meta name=\"description\" content=\"Listas definitivas de aspirantes admitidos y excluidos en proceso selectivo Xunta de Galicia Cuerpo Superior A1 de la Adminsitraci\u00f3n\" \/>\n<meta name=\"robots\" content=\"index, follow, max-snippet:-1, max-image-preview:large, max-video-preview:-1\" \/>\n<link rel=\"canonical\" href=\"https:\/\/www.emplea-te.com\/noticias-oposiciones\/xunta-de-galicia-modificadas-y-publicadas-las-listas-definitivas-de-personas-admitidas-y-excluidas-en-el-proceso-de-seleccion-para-el-ingreso-al-organo-superior-de-la-general-administracion-de-la-com\/\" \/>\n<meta property=\"og:locale\" content=\"es_ES\" \/>\n<meta property=\"og:type\" content=\"article\" \/>\n<meta property=\"og:title\" content=\"Xunta de Galicia Cuerpo Superior A1 de la Adminsitraci\u00f3n\" \/>\n<meta property=\"og:description\" content=\"Listas definitivas de aspirantes admitidos y excluidos en proceso selectivo Xunta de Galicia Cuerpo Superior A1 de la Adminsitraci\u00f3n\" \/>\n<meta property=\"og:url\" content=\"https:\/\/www.emplea-te.com\/noticias-oposiciones\/xunta-de-galicia-modificadas-y-publicadas-las-listas-definitivas-de-personas-admitidas-y-excluidas-en-el-proceso-de-seleccion-para-el-ingreso-al-organo-superior-de-la-general-administracion-de-la-com\/\" \/>\n<meta property=\"og:site_name\" content=\"Noticas de oposiciones por Academia Emplea-te\" \/>\n<meta property=\"article:publisher\" content=\"https:\/\/www.facebook.com\/AcademiaEmpleate\/\" \/>\n<meta property=\"article:published_time\" content=\"2021-02-17T09:08:21+00:00\" \/>\n<meta property=\"og:image\" content=\"https:\/\/www.emplea-te.com\/noticias-oposiciones\/wp-content\/uploads\/2019\/04\/xunta_De_Galicia.png\" \/>\n<meta name=\"author\" content=\"Empleate\" \/>\n<meta name=\"twitter:card\" content=\"summary_large_image\" \/>\n<meta name=\"twitter:creator\" content=\"@Emplea_Te\" \/>\n<meta name=\"twitter:site\" content=\"@Emplea_Te\" \/>\n<meta name=\"twitter:label1\" content=\"Escrito por\" \/>\n\t<meta name=\"twitter:data1\" content=\"Empleate\" \/>\n\t<meta name=\"twitter:label2\" content=\"Tiempo de lectura\" \/>\n\t<meta name=\"twitter:data2\" content=\"1 minuto\" \/>\n<script type=\"application\/ld+json\" class=\"yoast-schema-graph\">{\"@context\":\"https:\\\/\\\/schema.org\",\"@graph\":[{\"@type\":\"Article\",\"@id\":\"https:\\\/\\\/www.emplea-te.com\\\/noticias-oposiciones\\\/xunta-de-galicia-modificadas-y-publicadas-las-listas-definitivas-de-personas-admitidas-y-excluidas-en-el-proceso-de-seleccion-para-el-ingreso-al-organo-superior-de-la-general-administracion-de-la-com\\\/#article\",\"isPartOf\":{\"@id\":\"https:\\\/\\\/www.emplea-te.com\\\/noticias-oposiciones\\\/xunta-de-galicia-modificadas-y-publicadas-las-listas-definitivas-de-personas-admitidas-y-excluidas-en-el-proceso-de-seleccion-para-el-ingreso-al-organo-superior-de-la-general-administracion-de-la-com\\\/\"},\"author\":{\"name\":\"Empleate\",\"@id\":\"https:\\\/\\\/www.emplea-te.com\\\/noticias-oposiciones\\\/#\\\/schema\\\/person\\\/d1bc587e1af2b95e9c32aba1795509a6\"},\"headline\":\"Xunta de Galicia. Modificadas y Publicadas las listas definitivas de personas admitidas y excluidas en el proceso de selecci\u00f3n para el ingreso al \u00f3rgano superior de la General Administraci\u00f3n de la Comunidad Aut\u00f3noma de Galicia, subgrupo A1.\",\"datePublished\":\"2021-02-17T09:08:21+00:00\",\"mainEntityOfPage\":{\"@id\":\"https:\\\/\\\/www.emplea-te.com\\\/noticias-oposiciones\\\/xunta-de-galicia-modificadas-y-publicadas-las-listas-definitivas-de-personas-admitidas-y-excluidas-en-el-proceso-de-seleccion-para-el-ingreso-al-organo-superior-de-la-general-administracion-de-la-com\\\/\"},\"wordCount\":214,\"publisher\":{\"@id\":\"https:\\\/\\\/www.emplea-te.com\\\/noticias-oposiciones\\\/#organization\"},\"image\":{\"@id\":\"https:\\\/\\\/www.emplea-te.com\\\/noticias-oposiciones\\\/xunta-de-galicia-modificadas-y-publicadas-las-listas-definitivas-de-personas-admitidas-y-excluidas-en-el-proceso-de-seleccion-para-el-ingreso-al-organo-superior-de-la-general-administracion-de-la-com\\\/#primaryimage\"},\"thumbnailUrl\":\"https:\\\/\\\/www.emplea-te.com\\\/noticias-oposiciones\\\/wp-content\\\/uploads\\\/2019\\\/04\\\/xunta_De_Galicia.png\",\"keywords\":[\"Listados Definitivos de aspirantes admitidos y excluidos\"],\"articleSection\":[\"Cuerpo Superior de la Administraci\u00f3n A1 Xunta\",\"Oposiciones Xunta\"],\"inLanguage\":\"es\"},{\"@type\":\"WebPage\",\"@id\":\"https:\\\/\\\/www.emplea-te.com\\\/noticias-oposiciones\\\/xunta-de-galicia-modificadas-y-publicadas-las-listas-definitivas-de-personas-admitidas-y-excluidas-en-el-proceso-de-seleccion-para-el-ingreso-al-organo-superior-de-la-general-administracion-de-la-com\\\/\",\"url\":\"https:\\\/\\\/www.emplea-te.com\\\/noticias-oposiciones\\\/xunta-de-galicia-modificadas-y-publicadas-las-listas-definitivas-de-personas-admitidas-y-excluidas-en-el-proceso-de-seleccion-para-el-ingreso-al-organo-superior-de-la-general-administracion-de-la-com\\\/\",\"name\":\"Xunta de Galicia Cuerpo Superior A1 de la Adminsitraci\u00f3n\",\"isPartOf\":{\"@id\":\"https:\\\/\\\/www.emplea-te.com\\\/noticias-oposiciones\\\/#website\"},\"primaryImageOfPage\":{\"@id\":\"https:\\\/\\\/www.emplea-te.com\\\/noticias-oposiciones\\\/xunta-de-galicia-modificadas-y-publicadas-las-listas-definitivas-de-personas-admitidas-y-excluidas-en-el-proceso-de-seleccion-para-el-ingreso-al-organo-superior-de-la-general-administracion-de-la-com\\\/#primaryimage\"},\"image\":{\"@id\":\"https:\\\/\\\/www.emplea-te.com\\\/noticias-oposiciones\\\/xunta-de-galicia-modificadas-y-publicadas-las-listas-definitivas-de-personas-admitidas-y-excluidas-en-el-proceso-de-seleccion-para-el-ingreso-al-organo-superior-de-la-general-administracion-de-la-com\\\/#primaryimage\"},\"thumbnailUrl\":\"https:\\\/\\\/www.emplea-te.com\\\/noticias-oposiciones\\\/wp-content\\\/uploads\\\/2019\\\/04\\\/xunta_De_Galicia.png\",\"datePublished\":\"2021-02-17T09:08:21+00:00\",\"description\":\"Listas definitivas de aspirantes admitidos y excluidos en proceso selectivo Xunta de Galicia Cuerpo Superior A1 de la Adminsitraci\u00f3n\",\"breadcrumb\":{\"@id\":\"https:\\\/\\\/www.emplea-te.com\\\/noticias-oposiciones\\\/xunta-de-galicia-modificadas-y-publicadas-las-listas-definitivas-de-personas-admitidas-y-excluidas-en-el-proceso-de-seleccion-para-el-ingreso-al-organo-superior-de-la-general-administracion-de-la-com\\\/#breadcrumb\"},\"inLanguage\":\"es\",\"potentialAction\":[{\"@type\":\"ReadAction\",\"target\":[\"https:\\\/\\\/www.emplea-te.com\\\/noticias-oposiciones\\\/xunta-de-galicia-modificadas-y-publicadas-las-listas-definitivas-de-personas-admitidas-y-excluidas-en-el-proceso-de-seleccion-para-el-ingreso-al-organo-superior-de-la-general-administracion-de-la-com\\\/\"]}]},{\"@type\":\"ImageObject\",\"inLanguage\":\"es\",\"@id\":\"https:\\\/\\\/www.emplea-te.com\\\/noticias-oposiciones\\\/xunta-de-galicia-modificadas-y-publicadas-las-listas-definitivas-de-personas-admitidas-y-excluidas-en-el-proceso-de-seleccion-para-el-ingreso-al-organo-superior-de-la-general-administracion-de-la-com\\\/#primaryimage\",\"url\":\"https:\\\/\\\/www.emplea-te.com\\\/noticias-oposiciones\\\/wp-content\\\/uploads\\\/2019\\\/04\\\/xunta_De_Galicia.png\",\"contentUrl\":\"https:\\\/\\\/www.emplea-te.com\\\/noticias-oposiciones\\\/wp-content\\\/uploads\\\/2019\\\/04\\\/xunta_De_Galicia.png\",\"width\":315,\"height\":160,\"caption\":\"Oposiciones Xunta\"},{\"@type\":\"BreadcrumbList\",\"@id\":\"https:\\\/\\\/www.emplea-te.com\\\/noticias-oposiciones\\\/xunta-de-galicia-modificadas-y-publicadas-las-listas-definitivas-de-personas-admitidas-y-excluidas-en-el-proceso-de-seleccion-para-el-ingreso-al-organo-superior-de-la-general-administracion-de-la-com\\\/#breadcrumb\",\"itemListElement\":[{\"@type\":\"ListItem\",\"position\":1,\"name\":\"Noticias Oposiciones\",\"item\":\"https:\\\/\\\/www.emplea-te.com\\\/noticias-oposiciones\\\/\"},{\"@type\":\"ListItem\",\"position\":2,\"name\":\"Oposiciones Xunta\",\"item\":\"https:\\\/\\\/www.emplea-te.com\\\/noticias-oposiciones\\\/categoria\\\/oposiciones-xunta\\\/\"},{\"@type\":\"ListItem\",\"position\":3,\"name\":\"Xunta de Galicia. Modificadas y Publicadas las listas definitivas de personas admitidas y excluidas en el proceso de selecci\u00f3n para el ingreso al \u00f3rgano superior de la General Administraci\u00f3n de la Comunidad Aut\u00f3noma de Galicia, subgrupo A1.\"}]},{\"@type\":\"WebSite\",\"@id\":\"https:\\\/\\\/www.emplea-te.com\\\/noticias-oposiciones\\\/#website\",\"url\":\"https:\\\/\\\/www.emplea-te.com\\\/noticias-oposiciones\\\/\",\"name\":\"Noticas de oposiciones por Academia Emplea-te\",\"description\":\"Toda la actualidad de las ofertas y convocatorias.\",\"publisher\":{\"@id\":\"https:\\\/\\\/www.emplea-te.com\\\/noticias-oposiciones\\\/#organization\"},\"potentialAction\":[{\"@type\":\"SearchAction\",\"target\":{\"@type\":\"EntryPoint\",\"urlTemplate\":\"https:\\\/\\\/www.emplea-te.com\\\/noticias-oposiciones\\\/?s={search_term_string}\"},\"query-input\":{\"@type\":\"PropertyValueSpecification\",\"valueRequired\":true,\"valueName\":\"search_term_string\"}}],\"inLanguage\":\"es\"},{\"@type\":\"Organization\",\"@id\":\"https:\\\/\\\/www.emplea-te.com\\\/noticias-oposiciones\\\/#organization\",\"name\":\"Academia de oposiciones Empl\u00e9ate\",\"url\":\"https:\\\/\\\/www.emplea-te.com\\\/noticias-oposiciones\\\/\",\"logo\":{\"@type\":\"ImageObject\",\"inLanguage\":\"es\",\"@id\":\"https:\\\/\\\/www.emplea-te.com\\\/noticias-oposiciones\\\/#\\\/schema\\\/logo\\\/image\\\/\",\"url\":\"https:\\\/\\\/www.emplea-te.com\\\/noticias-oposiciones\\\/wp-content\\\/uploads\\\/2019\\\/04\\\/empleate.jpg\",\"contentUrl\":\"https:\\\/\\\/www.emplea-te.com\\\/noticias-oposiciones\\\/wp-content\\\/uploads\\\/2019\\\/04\\\/empleate.jpg\",\"width\":250,\"height\":150,\"caption\":\"Academia de oposiciones Empl\u00e9ate\"},\"image\":{\"@id\":\"https:\\\/\\\/www.emplea-te.com\\\/noticias-oposiciones\\\/#\\\/schema\\\/logo\\\/image\\\/\"},\"sameAs\":[\"https:\\\/\\\/www.facebook.com\\\/AcademiaEmpleate\\\/\",\"https:\\\/\\\/x.com\\\/Emplea_Te\",\"https:\\\/\\\/www.instagram.com\\\/academia_empleate\\\/\"]},{\"@type\":\"Person\",\"@id\":\"https:\\\/\\\/www.emplea-te.com\\\/noticias-oposiciones\\\/#\\\/schema\\\/person\\\/d1bc587e1af2b95e9c32aba1795509a6\",\"name\":\"Empleate\"}]}<\/script>\n<!-- \/ Yoast SEO plugin. -->","yoast_head_json":{"title":"Xunta de Galicia Cuerpo Superior A1 de la Adminsitraci\u00f3n","description":"Listas definitivas de aspirantes admitidos y excluidos en proceso selectivo Xunta de Galicia Cuerpo Superior A1 de la Adminsitraci\u00f3n","robots":{"index":"index","follow":"follow","max-snippet":"max-snippet:-1","max-image-preview":"max-image-preview:large","max-video-preview":"max-video-preview:-1"},"canonical":"https:\/\/www.emplea-te.com\/noticias-oposiciones\/xunta-de-galicia-modificadas-y-publicadas-las-listas-definitivas-de-personas-admitidas-y-excluidas-en-el-proceso-de-seleccion-para-el-ingreso-al-organo-superior-de-la-general-administracion-de-la-com\/","og_locale":"es_ES","og_type":"article","og_title":"Xunta de Galicia Cuerpo Superior A1 de la Adminsitraci\u00f3n","og_description":"Listas definitivas de aspirantes admitidos y excluidos en proceso selectivo Xunta de Galicia Cuerpo Superior A1 de la Adminsitraci\u00f3n","og_url":"https:\/\/www.emplea-te.com\/noticias-oposiciones\/xunta-de-galicia-modificadas-y-publicadas-las-listas-definitivas-de-personas-admitidas-y-excluidas-en-el-proceso-de-seleccion-para-el-ingreso-al-organo-superior-de-la-general-administracion-de-la-com\/","og_site_name":"Noticas de oposiciones por Academia Emplea-te","article_publisher":"https:\/\/www.facebook.com\/AcademiaEmpleate\/","article_published_time":"2021-02-17T09:08:21+00:00","og_image":[{"url":"https:\/\/www.emplea-te.com\/noticias-oposiciones\/wp-content\/uploads\/2019\/04\/xunta_De_Galicia.png","type":"","width":"","height":""}],"author":"Empleate","twitter_card":"summary_large_image","twitter_creator":"@Emplea_Te","twitter_site":"@Emplea_Te","twitter_misc":{"Escrito por":"Empleate","Tiempo de lectura":"1 minuto"},"schema":{"@context":"https:\/\/schema.org","@graph":[{"@type":"Article","@id":"https:\/\/www.emplea-te.com\/noticias-oposiciones\/xunta-de-galicia-modificadas-y-publicadas-las-listas-definitivas-de-personas-admitidas-y-excluidas-en-el-proceso-de-seleccion-para-el-ingreso-al-organo-superior-de-la-general-administracion-de-la-com\/#article","isPartOf":{"@id":"https:\/\/www.emplea-te.com\/noticias-oposiciones\/xunta-de-galicia-modificadas-y-publicadas-las-listas-definitivas-de-personas-admitidas-y-excluidas-en-el-proceso-de-seleccion-para-el-ingreso-al-organo-superior-de-la-general-administracion-de-la-com\/"},"author":{"name":"Empleate","@id":"https:\/\/www.emplea-te.com\/noticias-oposiciones\/#\/schema\/person\/d1bc587e1af2b95e9c32aba1795509a6"},"headline":"Xunta de Galicia. Modificadas y Publicadas las listas definitivas de personas admitidas y excluidas en el proceso de selecci\u00f3n para el ingreso al \u00f3rgano superior de la General Administraci\u00f3n de la Comunidad Aut\u00f3noma de Galicia, subgrupo A1.","datePublished":"2021-02-17T09:08:21+00:00","mainEntityOfPage":{"@id":"https:\/\/www.emplea-te.com\/noticias-oposiciones\/xunta-de-galicia-modificadas-y-publicadas-las-listas-definitivas-de-personas-admitidas-y-excluidas-en-el-proceso-de-seleccion-para-el-ingreso-al-organo-superior-de-la-general-administracion-de-la-com\/"},"wordCount":214,"publisher":{"@id":"https:\/\/www.emplea-te.com\/noticias-oposiciones\/#organization"},"image":{"@id":"https:\/\/www.emplea-te.com\/noticias-oposiciones\/xunta-de-galicia-modificadas-y-publicadas-las-listas-definitivas-de-personas-admitidas-y-excluidas-en-el-proceso-de-seleccion-para-el-ingreso-al-organo-superior-de-la-general-administracion-de-la-com\/#primaryimage"},"thumbnailUrl":"https:\/\/www.emplea-te.com\/noticias-oposiciones\/wp-content\/uploads\/2019\/04\/xunta_De_Galicia.png","keywords":["Listados Definitivos de aspirantes admitidos y excluidos"],"articleSection":["Cuerpo Superior de la Administraci\u00f3n A1 Xunta","Oposiciones Xunta"],"inLanguage":"es"},{"@type":"WebPage","@id":"https:\/\/www.emplea-te.com\/noticias-oposiciones\/xunta-de-galicia-modificadas-y-publicadas-las-listas-definitivas-de-personas-admitidas-y-excluidas-en-el-proceso-de-seleccion-para-el-ingreso-al-organo-superior-de-la-general-administracion-de-la-com\/","url":"https:\/\/www.emplea-te.com\/noticias-oposiciones\/xunta-de-galicia-modificadas-y-publicadas-las-listas-definitivas-de-personas-admitidas-y-excluidas-en-el-proceso-de-seleccion-para-el-ingreso-al-organo-superior-de-la-general-administracion-de-la-com\/","name":"Xunta de Galicia Cuerpo Superior A1 de la Adminsitraci\u00f3n","isPartOf":{"@id":"https:\/\/www.emplea-te.com\/noticias-oposiciones\/#website"},"primaryImageOfPage":{"@id":"https:\/\/www.emplea-te.com\/noticias-oposiciones\/xunta-de-galicia-modificadas-y-publicadas-las-listas-definitivas-de-personas-admitidas-y-excluidas-en-el-proceso-de-seleccion-para-el-ingreso-al-organo-superior-de-la-general-administracion-de-la-com\/#primaryimage"},"image":{"@id":"https:\/\/www.emplea-te.com\/noticias-oposiciones\/xunta-de-galicia-modificadas-y-publicadas-las-listas-definitivas-de-personas-admitidas-y-excluidas-en-el-proceso-de-seleccion-para-el-ingreso-al-organo-superior-de-la-general-administracion-de-la-com\/#primaryimage"},"thumbnailUrl":"https:\/\/www.emplea-te.com\/noticias-oposiciones\/wp-content\/uploads\/2019\/04\/xunta_De_Galicia.png","datePublished":"2021-02-17T09:08:21+00:00","description":"Listas definitivas de aspirantes admitidos y excluidos en proceso selectivo Xunta de Galicia Cuerpo Superior A1 de la Adminsitraci\u00f3n","breadcrumb":{"@id":"https:\/\/www.emplea-te.com\/noticias-oposiciones\/xunta-de-galicia-modificadas-y-publicadas-las-listas-definitivas-de-personas-admitidas-y-excluidas-en-el-proceso-de-seleccion-para-el-ingreso-al-organo-superior-de-la-general-administracion-de-la-com\/#breadcrumb"},"inLanguage":"es","potentialAction":[{"@type":"ReadAction","target":["https:\/\/www.emplea-te.com\/noticias-oposiciones\/xunta-de-galicia-modificadas-y-publicadas-las-listas-definitivas-de-personas-admitidas-y-excluidas-en-el-proceso-de-seleccion-para-el-ingreso-al-organo-superior-de-la-general-administracion-de-la-com\/"]}]},{"@type":"ImageObject","inLanguage":"es","@id":"https:\/\/www.emplea-te.com\/noticias-oposiciones\/xunta-de-galicia-modificadas-y-publicadas-las-listas-definitivas-de-personas-admitidas-y-excluidas-en-el-proceso-de-seleccion-para-el-ingreso-al-organo-superior-de-la-general-administracion-de-la-com\/#primaryimage","url":"https:\/\/www.emplea-te.com\/noticias-oposiciones\/wp-content\/uploads\/2019\/04\/xunta_De_Galicia.png","contentUrl":"https:\/\/www.emplea-te.com\/noticias-oposiciones\/wp-content\/uploads\/2019\/04\/xunta_De_Galicia.png","width":315,"height":160,"caption":"Oposiciones Xunta"},{"@type":"BreadcrumbList","@id":"https:\/\/www.emplea-te.com\/noticias-oposiciones\/xunta-de-galicia-modificadas-y-publicadas-las-listas-definitivas-de-personas-admitidas-y-excluidas-en-el-proceso-de-seleccion-para-el-ingreso-al-organo-superior-de-la-general-administracion-de-la-com\/#breadcrumb","itemListElement":[{"@type":"ListItem","position":1,"name":"Noticias Oposiciones","item":"https:\/\/www.emplea-te.com\/noticias-oposiciones\/"},{"@type":"ListItem","position":2,"name":"Oposiciones Xunta","item":"https:\/\/www.emplea-te.com\/noticias-oposiciones\/categoria\/oposiciones-xunta\/"},{"@type":"ListItem","position":3,"name":"Xunta de Galicia. Modificadas y Publicadas las listas definitivas de personas admitidas y excluidas en el proceso de selecci\u00f3n para el ingreso al \u00f3rgano superior de la General Administraci\u00f3n de la Comunidad Aut\u00f3noma de Galicia, subgrupo A1."}]},{"@type":"WebSite","@id":"https:\/\/www.emplea-te.com\/noticias-oposiciones\/#website","url":"https:\/\/www.emplea-te.com\/noticias-oposiciones\/","name":"Noticas de oposiciones por Academia Emplea-te","description":"Toda la actualidad de las ofertas y convocatorias.","publisher":{"@id":"https:\/\/www.emplea-te.com\/noticias-oposiciones\/#organization"},"potentialAction":[{"@type":"SearchAction","target":{"@type":"EntryPoint","urlTemplate":"https:\/\/www.emplea-te.com\/noticias-oposiciones\/?s={search_term_string}"},"query-input":{"@type":"PropertyValueSpecification","valueRequired":true,"valueName":"search_term_string"}}],"inLanguage":"es"},{"@type":"Organization","@id":"https:\/\/www.emplea-te.com\/noticias-oposiciones\/#organization","name":"Academia de oposiciones Empl\u00e9ate","url":"https:\/\/www.emplea-te.com\/noticias-oposiciones\/","logo":{"@type":"ImageObject","inLanguage":"es","@id":"https:\/\/www.emplea-te.com\/noticias-oposiciones\/#\/schema\/logo\/image\/","url":"https:\/\/www.emplea-te.com\/noticias-oposiciones\/wp-content\/uploads\/2019\/04\/empleate.jpg","contentUrl":"https:\/\/www.emplea-te.com\/noticias-oposiciones\/wp-content\/uploads\/2019\/04\/empleate.jpg","width":250,"height":150,"caption":"Academia de oposiciones Empl\u00e9ate"},"image":{"@id":"https:\/\/www.emplea-te.com\/noticias-oposiciones\/#\/schema\/logo\/image\/"},"sameAs":["https:\/\/www.facebook.com\/AcademiaEmpleate\/","https:\/\/x.com\/Emplea_Te","https:\/\/www.instagram.com\/academia_empleate\/"]},{"@type":"Person","@id":"https:\/\/www.emplea-te.com\/noticias-oposiciones\/#\/schema\/person\/d1bc587e1af2b95e9c32aba1795509a6","name":"Empleate"}]}},"_links":{"self":[{"href":"https:\/\/www.emplea-te.com\/noticias-oposiciones\/wp-json\/wp\/v2\/posts\/4270","targetHints":{"allow":["GET"]}}],"collection":[{"href":"https:\/\/www.emplea-te.com\/noticias-oposiciones\/wp-json\/wp\/v2\/posts"}],"about":[{"href":"https:\/\/www.emplea-te.com\/noticias-oposiciones\/wp-json\/wp\/v2\/types\/post"}],"author":[{"embeddable":true,"href":"https:\/\/www.emplea-te.com\/noticias-oposiciones\/wp-json\/wp\/v2\/users\/1"}],"replies":[{"embeddable":true,"href":"https:\/\/www.emplea-te.com\/noticias-oposiciones\/wp-json\/wp\/v2\/comments?post=4270"}],"version-history":[{"count":1,"href":"https:\/\/www.emplea-te.com\/noticias-oposiciones\/wp-json\/wp\/v2\/posts\/4270\/revisions"}],"predecessor-version":[{"id":4271,"href":"https:\/\/www.emplea-te.com\/noticias-oposiciones\/wp-json\/wp\/v2\/posts\/4270\/revisions\/4271"}],"wp:attachment":[{"href":"https:\/\/www.emplea-te.com\/noticias-oposiciones\/wp-json\/wp\/v2\/media?parent=4270"}],"wp:term":[{"taxonomy":"category","embeddable":true,"href":"https:\/\/www.emplea-te.com\/noticias-oposiciones\/wp-json\/wp\/v2\/categories?post=4270"},{"taxonomy":"post_tag","embeddable":true,"href":"https:\/\/www.emplea-te.com\/noticias-oposiciones\/wp-json\/wp\/v2\/tags?post=4270"}],"curies":[{"name":"wp","href":"https:\/\/api.w.org\/{rel}","templated":true}]}}