{"id":4274,"date":"2021-02-18T10:13:12","date_gmt":"2021-02-18T09:13:12","guid":{"rendered":"https:\/\/www.emplea-te.com\/noticias-oposiciones\/?p=4274"},"modified":"2021-02-18T10:13:12","modified_gmt":"2021-02-18T09:13:12","slug":"ayuntamiento-de-a-coruna-se-publican-en-el-bop-las-bases-selectivas-para-la-elaboracion-del-listado-para-la-cobertura-con-caracter-temporal-de-plazas-de-tecnico-medio-de-informatica-subgrupo-a2","status":"publish","type":"post","link":"https:\/\/www.emplea-te.com\/noticias-oposiciones\/ayuntamiento-de-a-coruna-se-publican-en-el-bop-las-bases-selectivas-para-la-elaboracion-del-listado-para-la-cobertura-con-caracter-temporal-de-plazas-de-tecnico-medio-de-informatica-subgrupo-a2\/","title":{"rendered":"Ayuntamiento de A Coru\u00f1a: Se publican en el BOP las  Bases selectivas para la elaboraci\u00f3n del listado para la cobertura, con car\u00e1cter temporal, de plazas de T\u00e9cnico medio de inform\u00e1tica (Subgrupo A2) y  puestos de T\u00e9cnico en Inform\u00e1tica (Subgrupo A1)"},"content":{"rendered":"<p>&nbsp;<\/p>\n<p><img decoding=\"async\" class=\"alignleft wp-image-3481 size-medium\" src=\"https:\/\/www.emplea-te.com\/noticias-oposiciones\/wp-content\/uploads\/2020\/06\/Sin-t\u00edtulo-8-293x300.jpg\" alt=\"\" width=\"293\" height=\"300\" srcset=\"https:\/\/www.emplea-te.com\/noticias-oposiciones\/wp-content\/uploads\/2020\/06\/Sin-t\u00edtulo-8-293x300.jpg 293w, https:\/\/www.emplea-te.com\/noticias-oposiciones\/wp-content\/uploads\/2020\/06\/Sin-t\u00edtulo-8-1000x1024.jpg 1000w, https:\/\/www.emplea-te.com\/noticias-oposiciones\/wp-content\/uploads\/2020\/06\/Sin-t\u00edtulo-8-768x786.jpg 768w, https:\/\/www.emplea-te.com\/noticias-oposiciones\/wp-content\/uploads\/2020\/06\/Sin-t\u00edtulo-8-1200x1229.jpg 1200w, https:\/\/www.emplea-te.com\/noticias-oposiciones\/wp-content\/uploads\/2020\/06\/Sin-t\u00edtulo-8-20x20.jpg 20w, https:\/\/www.emplea-te.com\/noticias-oposiciones\/wp-content\/uploads\/2020\/06\/Sin-t\u00edtulo-8.jpg 1250w\" sizes=\"(max-width: 293px) 85vw, 293px\" \/><\/p>\n<p>Ayuntamiento de A Coru\u00f1a: Se publican en el BOP de hoy , d\u00eda 18 de febrero de 2021,\u00a0 las Bases selectivas para la elaboraci\u00f3n del listado para la cobertura, con car\u00e1cter temporal, de plazas de T\u00e9cnico medio de inform\u00e1tica (Subgrupo A2) y puestos de T\u00e9cnico en Inform\u00e1tica (Subgrupo A1)<\/p>\n<p><a href=\"https:\/\/bop.dicoruna.es\/bopportal\/publicado\/2021\/02\/18\/2021_0000001069.html\" target=\"_blank\" rel=\"noopener noreferrer\">Enlace a BOP con la publicaci\u00f3n de las Bases selectivas Subgrupo A2<\/a><br \/>\n<a href=\"https:\/\/bop.dicoruna.es\/bopportal\/publicado\/2021\/02\/18\/2021_0000001068.html\" target=\"_blank\" rel=\"noopener noreferrer\">Enlace a BOP con la publicaci\u00f3n de las Bases selectivas Subgrupo A1<\/a><\/p>\n<p class=\"P-rrafo-texto-normal\"><span><strong>Los interesados \u200b\u200ben participar en este proceso<\/strong> deber\u00e1n presentar el formulario oficial de solicitud de participaci\u00f3n en pruebas selectivas debidamente cumplimentado dentro de los <strong>10 d\u00edas h\u00e1biles siguientes al d\u00eda siguiente a la publicaci\u00f3n de la convocatoria en el Bolet\u00edn Oficial de la Provincia (en adelante BOP).<\/strong><\/span><\/p>\n<p class=\"P-rrafo-texto-normal\"><span><strong>Las solicitudes<\/strong> <strong>deber\u00e1n presentarse<\/strong> preferentemente por v\u00eda electr\u00f3nica a trav\u00e9s de la sede electr\u00f3nica del Ayuntamiento de A Coru\u00f1a (<a href=\"https:\/\/sede.coruna.gob.es\" target=\"_blank\" rel=\"noopener noreferrer\">https:\/\/sede.coruna.gob.es<\/a>).<br \/>\nTambi\u00e9n podr\u00e1n presentarse en cualquiera de las formas determinadas en el art\u00edculo 16.4 de la Ley 39\/2015, de 1 de octubre, de Procedimiento Administrativo Com\u00fan de las Administraciones P\u00fablicas.<\/span><\/p>\n<p><a href=\"https:\/\/www.emplea-te.com\/55\/oposiciones-de-comunidad-autonoma-de-galicia\" target=\"_blank\" rel=\"noopener noreferrer\">Inf\u00f3rmate de c\u00f3mo prepararte en nuestros grupos presenciales o grupos online.\u00a0<\/a><\/p>\n<div class=\"celda celdavc alinc\"><img decoding=\"async\" src=\"https:\/\/www.emplea-te.com\/img\/telefono.png\" alt=\"\" width=\"18\" height=\"19\" \/><\/div>\n<div class=\"celda celdavc alinl\">981\u00a0903\u00a0703<\/div>\n<div class=\"celda celdavc alinc\"><img decoding=\"async\" src=\"https:\/\/www.emplea-te.com\/img\/whats-app-academia.png\" alt=\"\" width=\"20\" height=\"20\" \/><\/div>\n<div class=\"celda celdavc alinl\">698 163 476<\/div>\n<div>Estamos en A Coru\u00f1a<br \/>\nR\u00faa San Andr\u00e9s, 148 bajo, 15003 A Coru\u00f1a<\/div>\n","protected":false},"excerpt":{"rendered":"<p>&nbsp; Ayuntamiento de A Coru\u00f1a: Se publican en el BOP de hoy , d\u00eda 18 de febrero de 2021,\u00a0 las Bases selectivas para la elaboraci\u00f3n del listado para la cobertura, con car\u00e1cter temporal, de plazas de T\u00e9cnico medio de inform\u00e1tica (Subgrupo A2) y puestos de T\u00e9cnico en Inform\u00e1tica (Subgrupo A1) Enlace a BOP con la &hellip; <a href=\"https:\/\/www.emplea-te.com\/noticias-oposiciones\/ayuntamiento-de-a-coruna-se-publican-en-el-bop-las-bases-selectivas-para-la-elaboracion-del-listado-para-la-cobertura-con-caracter-temporal-de-plazas-de-tecnico-medio-de-informatica-subgrupo-a2\/\" class=\"more-link\">Continuar leyendo<span class=\"screen-reader-text\"> \u00abAyuntamiento de A Coru\u00f1a: Se publican en el BOP las  Bases selectivas para la elaboraci\u00f3n del listado para la cobertura, con car\u00e1cter temporal, de plazas de T\u00e9cnico medio de inform\u00e1tica (Subgrupo A2) y  puestos de T\u00e9cnico en Inform\u00e1tica (Subgrupo A1)\u00bb<\/span><\/a><\/p>\n","protected":false},"author":1,"featured_media":0,"comment_status":"closed","ping_status":"closed","sticky":false,"template":"","format":"standard","meta":{"footnotes":""},"categories":[37],"tags":[49],"class_list":["post-4274","post","type-post","status-publish","format-standard","hentry","category-convocatorias-ayuntamientos","tag-convocatorias-de-oposiciones"],"yoast_head":"<!-- This site is optimized with the Yoast SEO plugin v27.5 - https:\/\/yoast.com\/product\/yoast-seo-wordpress\/ -->\n<title>Ayuntamiento de A Coru\u00f1a. Convocatoria para cubrir plazas de A1 y A2<\/title>\n<meta name=\"description\" content=\"Ayuntamiento de A Coru\u00f1a Convoca procesos selectivos para cubrir con car\u00e1cter temporal plazas de Subgrupos A1 y A2 de la Administraci\u00f3n.\" \/>\n<meta name=\"robots\" content=\"index, follow, max-snippet:-1, max-image-preview:large, max-video-preview:-1\" \/>\n<link rel=\"canonical\" href=\"https:\/\/www.emplea-te.com\/noticias-oposiciones\/ayuntamiento-de-a-coruna-se-publican-en-el-bop-las-bases-selectivas-para-la-elaboracion-del-listado-para-la-cobertura-con-caracter-temporal-de-plazas-de-tecnico-medio-de-informatica-subgrupo-a2\/\" \/>\n<meta property=\"og:locale\" content=\"es_ES\" \/>\n<meta property=\"og:type\" content=\"article\" \/>\n<meta property=\"og:title\" content=\"Ayuntamiento de A Coru\u00f1a. Convocatoria para cubrir plazas de A1 y A2\" \/>\n<meta property=\"og:description\" content=\"Ayuntamiento de A Coru\u00f1a Convoca procesos selectivos para cubrir con car\u00e1cter temporal plazas de Subgrupos A1 y A2 de la Administraci\u00f3n.\" \/>\n<meta property=\"og:url\" content=\"https:\/\/www.emplea-te.com\/noticias-oposiciones\/ayuntamiento-de-a-coruna-se-publican-en-el-bop-las-bases-selectivas-para-la-elaboracion-del-listado-para-la-cobertura-con-caracter-temporal-de-plazas-de-tecnico-medio-de-informatica-subgrupo-a2\/\" \/>\n<meta property=\"og:site_name\" content=\"Noticas de oposiciones por Academia Emplea-te\" \/>\n<meta property=\"article:publisher\" content=\"https:\/\/www.facebook.com\/AcademiaEmpleate\/\" \/>\n<meta property=\"article:published_time\" content=\"2021-02-18T09:13:12+00:00\" \/>\n<meta property=\"og:image\" content=\"https:\/\/www.emplea-te.com\/noticias-oposiciones\/wp-content\/uploads\/2020\/06\/Sin-t\u00edtulo-8-293x300.jpg\" \/>\n<meta name=\"author\" content=\"Empleate\" \/>\n<meta name=\"twitter:card\" content=\"summary_large_image\" \/>\n<meta name=\"twitter:creator\" content=\"@Emplea_Te\" \/>\n<meta name=\"twitter:site\" content=\"@Emplea_Te\" \/>\n<meta name=\"twitter:label1\" content=\"Escrito por\" \/>\n\t<meta name=\"twitter:data1\" content=\"Empleate\" \/>\n\t<meta name=\"twitter:label2\" content=\"Tiempo de lectura\" \/>\n\t<meta name=\"twitter:data2\" content=\"1 minuto\" \/>\n<script type=\"application\/ld+json\" class=\"yoast-schema-graph\">{\"@context\":\"https:\\\/\\\/schema.org\",\"@graph\":[{\"@type\":\"Article\",\"@id\":\"https:\\\/\\\/www.emplea-te.com\\\/noticias-oposiciones\\\/ayuntamiento-de-a-coruna-se-publican-en-el-bop-las-bases-selectivas-para-la-elaboracion-del-listado-para-la-cobertura-con-caracter-temporal-de-plazas-de-tecnico-medio-de-informatica-subgrupo-a2\\\/#article\",\"isPartOf\":{\"@id\":\"https:\\\/\\\/www.emplea-te.com\\\/noticias-oposiciones\\\/ayuntamiento-de-a-coruna-se-publican-en-el-bop-las-bases-selectivas-para-la-elaboracion-del-listado-para-la-cobertura-con-caracter-temporal-de-plazas-de-tecnico-medio-de-informatica-subgrupo-a2\\\/\"},\"author\":{\"name\":\"Empleate\",\"@id\":\"https:\\\/\\\/www.emplea-te.com\\\/noticias-oposiciones\\\/#\\\/schema\\\/person\\\/d1bc587e1af2b95e9c32aba1795509a6\"},\"headline\":\"Ayuntamiento de A Coru\u00f1a: Se publican en el BOP las Bases selectivas para la elaboraci\u00f3n del listado para la cobertura, con car\u00e1cter temporal, de plazas de T\u00e9cnico medio de inform\u00e1tica (Subgrupo A2) y puestos de T\u00e9cnico en Inform\u00e1tica (Subgrupo A1)\",\"datePublished\":\"2021-02-18T09:13:12+00:00\",\"mainEntityOfPage\":{\"@id\":\"https:\\\/\\\/www.emplea-te.com\\\/noticias-oposiciones\\\/ayuntamiento-de-a-coruna-se-publican-en-el-bop-las-bases-selectivas-para-la-elaboracion-del-listado-para-la-cobertura-con-caracter-temporal-de-plazas-de-tecnico-medio-de-informatica-subgrupo-a2\\\/\"},\"wordCount\":269,\"publisher\":{\"@id\":\"https:\\\/\\\/www.emplea-te.com\\\/noticias-oposiciones\\\/#organization\"},\"image\":{\"@id\":\"https:\\\/\\\/www.emplea-te.com\\\/noticias-oposiciones\\\/ayuntamiento-de-a-coruna-se-publican-en-el-bop-las-bases-selectivas-para-la-elaboracion-del-listado-para-la-cobertura-con-caracter-temporal-de-plazas-de-tecnico-medio-de-informatica-subgrupo-a2\\\/#primaryimage\"},\"thumbnailUrl\":\"https:\\\/\\\/www.emplea-te.com\\\/img\\\/telefono.png\",\"keywords\":[\"Convocatoria\"],\"articleSection\":[\"Convocatorias Ayuntamientos\"],\"inLanguage\":\"es\"},{\"@type\":\"WebPage\",\"@id\":\"https:\\\/\\\/www.emplea-te.com\\\/noticias-oposiciones\\\/ayuntamiento-de-a-coruna-se-publican-en-el-bop-las-bases-selectivas-para-la-elaboracion-del-listado-para-la-cobertura-con-caracter-temporal-de-plazas-de-tecnico-medio-de-informatica-subgrupo-a2\\\/\",\"url\":\"https:\\\/\\\/www.emplea-te.com\\\/noticias-oposiciones\\\/ayuntamiento-de-a-coruna-se-publican-en-el-bop-las-bases-selectivas-para-la-elaboracion-del-listado-para-la-cobertura-con-caracter-temporal-de-plazas-de-tecnico-medio-de-informatica-subgrupo-a2\\\/\",\"name\":\"Ayuntamiento de A Coru\u00f1a. Convocatoria para cubrir plazas de A1 y A2\",\"isPartOf\":{\"@id\":\"https:\\\/\\\/www.emplea-te.com\\\/noticias-oposiciones\\\/#website\"},\"primaryImageOfPage\":{\"@id\":\"https:\\\/\\\/www.emplea-te.com\\\/noticias-oposiciones\\\/ayuntamiento-de-a-coruna-se-publican-en-el-bop-las-bases-selectivas-para-la-elaboracion-del-listado-para-la-cobertura-con-caracter-temporal-de-plazas-de-tecnico-medio-de-informatica-subgrupo-a2\\\/#primaryimage\"},\"image\":{\"@id\":\"https:\\\/\\\/www.emplea-te.com\\\/noticias-oposiciones\\\/ayuntamiento-de-a-coruna-se-publican-en-el-bop-las-bases-selectivas-para-la-elaboracion-del-listado-para-la-cobertura-con-caracter-temporal-de-plazas-de-tecnico-medio-de-informatica-subgrupo-a2\\\/#primaryimage\"},\"thumbnailUrl\":\"https:\\\/\\\/www.emplea-te.com\\\/img\\\/telefono.png\",\"datePublished\":\"2021-02-18T09:13:12+00:00\",\"description\":\"Ayuntamiento de A Coru\u00f1a Convoca procesos selectivos para cubrir con car\u00e1cter temporal plazas de Subgrupos A1 y A2 de la Administraci\u00f3n.\",\"breadcrumb\":{\"@id\":\"https:\\\/\\\/www.emplea-te.com\\\/noticias-oposiciones\\\/ayuntamiento-de-a-coruna-se-publican-en-el-bop-las-bases-selectivas-para-la-elaboracion-del-listado-para-la-cobertura-con-caracter-temporal-de-plazas-de-tecnico-medio-de-informatica-subgrupo-a2\\\/#breadcrumb\"},\"inLanguage\":\"es\",\"potentialAction\":[{\"@type\":\"ReadAction\",\"target\":[\"https:\\\/\\\/www.emplea-te.com\\\/noticias-oposiciones\\\/ayuntamiento-de-a-coruna-se-publican-en-el-bop-las-bases-selectivas-para-la-elaboracion-del-listado-para-la-cobertura-con-caracter-temporal-de-plazas-de-tecnico-medio-de-informatica-subgrupo-a2\\\/\"]}]},{\"@type\":\"ImageObject\",\"inLanguage\":\"es\",\"@id\":\"https:\\\/\\\/www.emplea-te.com\\\/noticias-oposiciones\\\/ayuntamiento-de-a-coruna-se-publican-en-el-bop-las-bases-selectivas-para-la-elaboracion-del-listado-para-la-cobertura-con-caracter-temporal-de-plazas-de-tecnico-medio-de-informatica-subgrupo-a2\\\/#primaryimage\",\"url\":\"https:\\\/\\\/www.emplea-te.com\\\/img\\\/telefono.png\",\"contentUrl\":\"https:\\\/\\\/www.emplea-te.com\\\/img\\\/telefono.png\"},{\"@type\":\"BreadcrumbList\",\"@id\":\"https:\\\/\\\/www.emplea-te.com\\\/noticias-oposiciones\\\/ayuntamiento-de-a-coruna-se-publican-en-el-bop-las-bases-selectivas-para-la-elaboracion-del-listado-para-la-cobertura-con-caracter-temporal-de-plazas-de-tecnico-medio-de-informatica-subgrupo-a2\\\/#breadcrumb\",\"itemListElement\":[{\"@type\":\"ListItem\",\"position\":1,\"name\":\"Noticias Oposiciones\",\"item\":\"https:\\\/\\\/www.emplea-te.com\\\/noticias-oposiciones\\\/\"},{\"@type\":\"ListItem\",\"position\":2,\"name\":\"Oposiciones Auton\u00f3micas Galicia\",\"item\":\"https:\\\/\\\/www.emplea-te.com\\\/noticias-oposiciones\\\/categoria\\\/oposiciones-autonomicas-galicia\\\/\"},{\"@type\":\"ListItem\",\"position\":3,\"name\":\"Convocatorias Ayuntamientos\",\"item\":\"https:\\\/\\\/www.emplea-te.com\\\/noticias-oposiciones\\\/categoria\\\/oposiciones-autonomicas-galicia\\\/convocatorias-ayuntamientos\\\/\"},{\"@type\":\"ListItem\",\"position\":4,\"name\":\"Ayuntamiento de A Coru\u00f1a: Se publican en el BOP las Bases selectivas para la elaboraci\u00f3n del listado para la cobertura, con car\u00e1cter temporal, de plazas de T\u00e9cnico medio de inform\u00e1tica (Subgrupo A2) y puestos de T\u00e9cnico en Inform\u00e1tica (Subgrupo A1)\"}]},{\"@type\":\"WebSite\",\"@id\":\"https:\\\/\\\/www.emplea-te.com\\\/noticias-oposiciones\\\/#website\",\"url\":\"https:\\\/\\\/www.emplea-te.com\\\/noticias-oposiciones\\\/\",\"name\":\"Noticas de oposiciones por Academia Emplea-te\",\"description\":\"Toda la actualidad de las ofertas y convocatorias.\",\"publisher\":{\"@id\":\"https:\\\/\\\/www.emplea-te.com\\\/noticias-oposiciones\\\/#organization\"},\"potentialAction\":[{\"@type\":\"SearchAction\",\"target\":{\"@type\":\"EntryPoint\",\"urlTemplate\":\"https:\\\/\\\/www.emplea-te.com\\\/noticias-oposiciones\\\/?s={search_term_string}\"},\"query-input\":{\"@type\":\"PropertyValueSpecification\",\"valueRequired\":true,\"valueName\":\"search_term_string\"}}],\"inLanguage\":\"es\"},{\"@type\":\"Organization\",\"@id\":\"https:\\\/\\\/www.emplea-te.com\\\/noticias-oposiciones\\\/#organization\",\"name\":\"Academia de oposiciones Empl\u00e9ate\",\"url\":\"https:\\\/\\\/www.emplea-te.com\\\/noticias-oposiciones\\\/\",\"logo\":{\"@type\":\"ImageObject\",\"inLanguage\":\"es\",\"@id\":\"https:\\\/\\\/www.emplea-te.com\\\/noticias-oposiciones\\\/#\\\/schema\\\/logo\\\/image\\\/\",\"url\":\"https:\\\/\\\/www.emplea-te.com\\\/noticias-oposiciones\\\/wp-content\\\/uploads\\\/2019\\\/04\\\/empleate.jpg\",\"contentUrl\":\"https:\\\/\\\/www.emplea-te.com\\\/noticias-oposiciones\\\/wp-content\\\/uploads\\\/2019\\\/04\\\/empleate.jpg\",\"width\":250,\"height\":150,\"caption\":\"Academia de oposiciones Empl\u00e9ate\"},\"image\":{\"@id\":\"https:\\\/\\\/www.emplea-te.com\\\/noticias-oposiciones\\\/#\\\/schema\\\/logo\\\/image\\\/\"},\"sameAs\":[\"https:\\\/\\\/www.facebook.com\\\/AcademiaEmpleate\\\/\",\"https:\\\/\\\/x.com\\\/Emplea_Te\",\"https:\\\/\\\/www.instagram.com\\\/academia_empleate\\\/\"]},{\"@type\":\"Person\",\"@id\":\"https:\\\/\\\/www.emplea-te.com\\\/noticias-oposiciones\\\/#\\\/schema\\\/person\\\/d1bc587e1af2b95e9c32aba1795509a6\",\"name\":\"Empleate\"}]}<\/script>\n<!-- \/ Yoast SEO plugin. -->","yoast_head_json":{"title":"Ayuntamiento de A Coru\u00f1a. Convocatoria para cubrir plazas de A1 y A2","description":"Ayuntamiento de A Coru\u00f1a Convoca procesos selectivos para cubrir con car\u00e1cter temporal plazas de Subgrupos A1 y A2 de la Administraci\u00f3n.","robots":{"index":"index","follow":"follow","max-snippet":"max-snippet:-1","max-image-preview":"max-image-preview:large","max-video-preview":"max-video-preview:-1"},"canonical":"https:\/\/www.emplea-te.com\/noticias-oposiciones\/ayuntamiento-de-a-coruna-se-publican-en-el-bop-las-bases-selectivas-para-la-elaboracion-del-listado-para-la-cobertura-con-caracter-temporal-de-plazas-de-tecnico-medio-de-informatica-subgrupo-a2\/","og_locale":"es_ES","og_type":"article","og_title":"Ayuntamiento de A Coru\u00f1a. Convocatoria para cubrir plazas de A1 y A2","og_description":"Ayuntamiento de A Coru\u00f1a Convoca procesos selectivos para cubrir con car\u00e1cter temporal plazas de Subgrupos A1 y A2 de la Administraci\u00f3n.","og_url":"https:\/\/www.emplea-te.com\/noticias-oposiciones\/ayuntamiento-de-a-coruna-se-publican-en-el-bop-las-bases-selectivas-para-la-elaboracion-del-listado-para-la-cobertura-con-caracter-temporal-de-plazas-de-tecnico-medio-de-informatica-subgrupo-a2\/","og_site_name":"Noticas de oposiciones por Academia Emplea-te","article_publisher":"https:\/\/www.facebook.com\/AcademiaEmpleate\/","article_published_time":"2021-02-18T09:13:12+00:00","og_image":[{"url":"https:\/\/www.emplea-te.com\/noticias-oposiciones\/wp-content\/uploads\/2020\/06\/Sin-t\u00edtulo-8-293x300.jpg","type":"","width":"","height":""}],"author":"Empleate","twitter_card":"summary_large_image","twitter_creator":"@Emplea_Te","twitter_site":"@Emplea_Te","twitter_misc":{"Escrito por":"Empleate","Tiempo de lectura":"1 minuto"},"schema":{"@context":"https:\/\/schema.org","@graph":[{"@type":"Article","@id":"https:\/\/www.emplea-te.com\/noticias-oposiciones\/ayuntamiento-de-a-coruna-se-publican-en-el-bop-las-bases-selectivas-para-la-elaboracion-del-listado-para-la-cobertura-con-caracter-temporal-de-plazas-de-tecnico-medio-de-informatica-subgrupo-a2\/#article","isPartOf":{"@id":"https:\/\/www.emplea-te.com\/noticias-oposiciones\/ayuntamiento-de-a-coruna-se-publican-en-el-bop-las-bases-selectivas-para-la-elaboracion-del-listado-para-la-cobertura-con-caracter-temporal-de-plazas-de-tecnico-medio-de-informatica-subgrupo-a2\/"},"author":{"name":"Empleate","@id":"https:\/\/www.emplea-te.com\/noticias-oposiciones\/#\/schema\/person\/d1bc587e1af2b95e9c32aba1795509a6"},"headline":"Ayuntamiento de A Coru\u00f1a: Se publican en el BOP las Bases selectivas para la elaboraci\u00f3n del listado para la cobertura, con car\u00e1cter temporal, de plazas de T\u00e9cnico medio de inform\u00e1tica (Subgrupo A2) y puestos de T\u00e9cnico en Inform\u00e1tica (Subgrupo A1)","datePublished":"2021-02-18T09:13:12+00:00","mainEntityOfPage":{"@id":"https:\/\/www.emplea-te.com\/noticias-oposiciones\/ayuntamiento-de-a-coruna-se-publican-en-el-bop-las-bases-selectivas-para-la-elaboracion-del-listado-para-la-cobertura-con-caracter-temporal-de-plazas-de-tecnico-medio-de-informatica-subgrupo-a2\/"},"wordCount":269,"publisher":{"@id":"https:\/\/www.emplea-te.com\/noticias-oposiciones\/#organization"},"image":{"@id":"https:\/\/www.emplea-te.com\/noticias-oposiciones\/ayuntamiento-de-a-coruna-se-publican-en-el-bop-las-bases-selectivas-para-la-elaboracion-del-listado-para-la-cobertura-con-caracter-temporal-de-plazas-de-tecnico-medio-de-informatica-subgrupo-a2\/#primaryimage"},"thumbnailUrl":"https:\/\/www.emplea-te.com\/img\/telefono.png","keywords":["Convocatoria"],"articleSection":["Convocatorias Ayuntamientos"],"inLanguage":"es"},{"@type":"WebPage","@id":"https:\/\/www.emplea-te.com\/noticias-oposiciones\/ayuntamiento-de-a-coruna-se-publican-en-el-bop-las-bases-selectivas-para-la-elaboracion-del-listado-para-la-cobertura-con-caracter-temporal-de-plazas-de-tecnico-medio-de-informatica-subgrupo-a2\/","url":"https:\/\/www.emplea-te.com\/noticias-oposiciones\/ayuntamiento-de-a-coruna-se-publican-en-el-bop-las-bases-selectivas-para-la-elaboracion-del-listado-para-la-cobertura-con-caracter-temporal-de-plazas-de-tecnico-medio-de-informatica-subgrupo-a2\/","name":"Ayuntamiento de A Coru\u00f1a. Convocatoria para cubrir plazas de A1 y A2","isPartOf":{"@id":"https:\/\/www.emplea-te.com\/noticias-oposiciones\/#website"},"primaryImageOfPage":{"@id":"https:\/\/www.emplea-te.com\/noticias-oposiciones\/ayuntamiento-de-a-coruna-se-publican-en-el-bop-las-bases-selectivas-para-la-elaboracion-del-listado-para-la-cobertura-con-caracter-temporal-de-plazas-de-tecnico-medio-de-informatica-subgrupo-a2\/#primaryimage"},"image":{"@id":"https:\/\/www.emplea-te.com\/noticias-oposiciones\/ayuntamiento-de-a-coruna-se-publican-en-el-bop-las-bases-selectivas-para-la-elaboracion-del-listado-para-la-cobertura-con-caracter-temporal-de-plazas-de-tecnico-medio-de-informatica-subgrupo-a2\/#primaryimage"},"thumbnailUrl":"https:\/\/www.emplea-te.com\/img\/telefono.png","datePublished":"2021-02-18T09:13:12+00:00","description":"Ayuntamiento de A Coru\u00f1a Convoca procesos selectivos para cubrir con car\u00e1cter temporal plazas de Subgrupos A1 y A2 de la Administraci\u00f3n.","breadcrumb":{"@id":"https:\/\/www.emplea-te.com\/noticias-oposiciones\/ayuntamiento-de-a-coruna-se-publican-en-el-bop-las-bases-selectivas-para-la-elaboracion-del-listado-para-la-cobertura-con-caracter-temporal-de-plazas-de-tecnico-medio-de-informatica-subgrupo-a2\/#breadcrumb"},"inLanguage":"es","potentialAction":[{"@type":"ReadAction","target":["https:\/\/www.emplea-te.com\/noticias-oposiciones\/ayuntamiento-de-a-coruna-se-publican-en-el-bop-las-bases-selectivas-para-la-elaboracion-del-listado-para-la-cobertura-con-caracter-temporal-de-plazas-de-tecnico-medio-de-informatica-subgrupo-a2\/"]}]},{"@type":"ImageObject","inLanguage":"es","@id":"https:\/\/www.emplea-te.com\/noticias-oposiciones\/ayuntamiento-de-a-coruna-se-publican-en-el-bop-las-bases-selectivas-para-la-elaboracion-del-listado-para-la-cobertura-con-caracter-temporal-de-plazas-de-tecnico-medio-de-informatica-subgrupo-a2\/#primaryimage","url":"https:\/\/www.emplea-te.com\/img\/telefono.png","contentUrl":"https:\/\/www.emplea-te.com\/img\/telefono.png"},{"@type":"BreadcrumbList","@id":"https:\/\/www.emplea-te.com\/noticias-oposiciones\/ayuntamiento-de-a-coruna-se-publican-en-el-bop-las-bases-selectivas-para-la-elaboracion-del-listado-para-la-cobertura-con-caracter-temporal-de-plazas-de-tecnico-medio-de-informatica-subgrupo-a2\/#breadcrumb","itemListElement":[{"@type":"ListItem","position":1,"name":"Noticias Oposiciones","item":"https:\/\/www.emplea-te.com\/noticias-oposiciones\/"},{"@type":"ListItem","position":2,"name":"Oposiciones Auton\u00f3micas Galicia","item":"https:\/\/www.emplea-te.com\/noticias-oposiciones\/categoria\/oposiciones-autonomicas-galicia\/"},{"@type":"ListItem","position":3,"name":"Convocatorias Ayuntamientos","item":"https:\/\/www.emplea-te.com\/noticias-oposiciones\/categoria\/oposiciones-autonomicas-galicia\/convocatorias-ayuntamientos\/"},{"@type":"ListItem","position":4,"name":"Ayuntamiento de A Coru\u00f1a: Se publican en el BOP las Bases selectivas para la elaboraci\u00f3n del listado para la cobertura, con car\u00e1cter temporal, de plazas de T\u00e9cnico medio de inform\u00e1tica (Subgrupo A2) y puestos de T\u00e9cnico en Inform\u00e1tica (Subgrupo A1)"}]},{"@type":"WebSite","@id":"https:\/\/www.emplea-te.com\/noticias-oposiciones\/#website","url":"https:\/\/www.emplea-te.com\/noticias-oposiciones\/","name":"Noticas de oposiciones por Academia Emplea-te","description":"Toda la actualidad de las ofertas y convocatorias.","publisher":{"@id":"https:\/\/www.emplea-te.com\/noticias-oposiciones\/#organization"},"potentialAction":[{"@type":"SearchAction","target":{"@type":"EntryPoint","urlTemplate":"https:\/\/www.emplea-te.com\/noticias-oposiciones\/?s={search_term_string}"},"query-input":{"@type":"PropertyValueSpecification","valueRequired":true,"valueName":"search_term_string"}}],"inLanguage":"es"},{"@type":"Organization","@id":"https:\/\/www.emplea-te.com\/noticias-oposiciones\/#organization","name":"Academia de oposiciones Empl\u00e9ate","url":"https:\/\/www.emplea-te.com\/noticias-oposiciones\/","logo":{"@type":"ImageObject","inLanguage":"es","@id":"https:\/\/www.emplea-te.com\/noticias-oposiciones\/#\/schema\/logo\/image\/","url":"https:\/\/www.emplea-te.com\/noticias-oposiciones\/wp-content\/uploads\/2019\/04\/empleate.jpg","contentUrl":"https:\/\/www.emplea-te.com\/noticias-oposiciones\/wp-content\/uploads\/2019\/04\/empleate.jpg","width":250,"height":150,"caption":"Academia de oposiciones Empl\u00e9ate"},"image":{"@id":"https:\/\/www.emplea-te.com\/noticias-oposiciones\/#\/schema\/logo\/image\/"},"sameAs":["https:\/\/www.facebook.com\/AcademiaEmpleate\/","https:\/\/x.com\/Emplea_Te","https:\/\/www.instagram.com\/academia_empleate\/"]},{"@type":"Person","@id":"https:\/\/www.emplea-te.com\/noticias-oposiciones\/#\/schema\/person\/d1bc587e1af2b95e9c32aba1795509a6","name":"Empleate"}]}},"_links":{"self":[{"href":"https:\/\/www.emplea-te.com\/noticias-oposiciones\/wp-json\/wp\/v2\/posts\/4274","targetHints":{"allow":["GET"]}}],"collection":[{"href":"https:\/\/www.emplea-te.com\/noticias-oposiciones\/wp-json\/wp\/v2\/posts"}],"about":[{"href":"https:\/\/www.emplea-te.com\/noticias-oposiciones\/wp-json\/wp\/v2\/types\/post"}],"author":[{"embeddable":true,"href":"https:\/\/www.emplea-te.com\/noticias-oposiciones\/wp-json\/wp\/v2\/users\/1"}],"replies":[{"embeddable":true,"href":"https:\/\/www.emplea-te.com\/noticias-oposiciones\/wp-json\/wp\/v2\/comments?post=4274"}],"version-history":[{"count":1,"href":"https:\/\/www.emplea-te.com\/noticias-oposiciones\/wp-json\/wp\/v2\/posts\/4274\/revisions"}],"predecessor-version":[{"id":4275,"href":"https:\/\/www.emplea-te.com\/noticias-oposiciones\/wp-json\/wp\/v2\/posts\/4274\/revisions\/4275"}],"wp:attachment":[{"href":"https:\/\/www.emplea-te.com\/noticias-oposiciones\/wp-json\/wp\/v2\/media?parent=4274"}],"wp:term":[{"taxonomy":"category","embeddable":true,"href":"https:\/\/www.emplea-te.com\/noticias-oposiciones\/wp-json\/wp\/v2\/categories?post=4274"},{"taxonomy":"post_tag","embeddable":true,"href":"https:\/\/www.emplea-te.com\/noticias-oposiciones\/wp-json\/wp\/v2\/tags?post=4274"}],"curies":[{"name":"wp","href":"https:\/\/api.w.org\/{rel}","templated":true}]}}