{"id":4276,"date":"2021-02-18T10:31:31","date_gmt":"2021-02-18T09:31:31","guid":{"rendered":"https:\/\/www.emplea-te.com\/noticias-oposiciones\/?p=4276"},"modified":"2021-02-18T10:31:31","modified_gmt":"2021-02-18T09:31:31","slug":"ayuntamiento-de-ribeira-do-piquin-lugo-publica-convocatoria-para-cubrir-una-plaza-de-administrativo-c1","status":"publish","type":"post","link":"https:\/\/www.emplea-te.com\/noticias-oposiciones\/ayuntamiento-de-ribeira-do-piquin-lugo-publica-convocatoria-para-cubrir-una-plaza-de-administrativo-c1\/","title":{"rendered":"Ayuntamiento de Ribeira do Piqu\u00edn (Lugo) publica convocatoria para cubrir una plaza de Administrativo C1 ."},"content":{"rendered":"<p><img decoding=\"async\" class=\"alignleft wp-image-4225 size-medium\" src=\"https:\/\/www.emplea-te.com\/noticias-oposiciones\/wp-content\/uploads\/2021\/02\/rss_impulsa-tu-vida-300x200.jpg\" alt=\"\" width=\"300\" height=\"200\" srcset=\"https:\/\/www.emplea-te.com\/noticias-oposiciones\/wp-content\/uploads\/2021\/02\/rss_impulsa-tu-vida-300x200.jpg 300w, https:\/\/www.emplea-te.com\/noticias-oposiciones\/wp-content\/uploads\/2021\/02\/rss_impulsa-tu-vida-768x512.jpg 768w, https:\/\/www.emplea-te.com\/noticias-oposiciones\/wp-content\/uploads\/2021\/02\/rss_impulsa-tu-vida-20x13.jpg 20w, https:\/\/www.emplea-te.com\/noticias-oposiciones\/wp-content\/uploads\/2021\/02\/rss_impulsa-tu-vida.jpg 1000w\" sizes=\"(max-width: 300px) 85vw, 300px\" \/><\/p>\n<p>Se publica en el BOP de la Provincia de Lugo de hoy la Resoluci\u00f3n del Ayuntamiento de Ribeira do Piqu\u00edn (Lugo) d\u00f3nde se\u00a0 publica convocatoria para cubrir una plaza de Administrativo C1 correspondiente a la OEP 2021 de este Ayuntamiento.<\/p>\n<p><a href=\"http:\/\/www.deputacionlugo.gal\/sites\/deputacionlugo.org\/files\/inline-files\/18-02-2021_0.pdf#page=6\" target=\"_blank\" rel=\"noopener noreferrer\">Enlace a BOP LUGO con Resoluci\u00f3n\u00a0<\/a><\/p>\n<p>El sistema de selecci\u00f3n ser\u00e1 el de CONCURSO-OPOSICI\u00d3N<br \/>\nEl plazo para presenta las solicitudes es de 20 d\u00edas h\u00e1biles a partir de su publicaci\u00f3n en el BOE.<\/p>\n<p><a href=\"https:\/\/www.emplea-te.com\/55\/oposiciones-de-comunidad-autonoma-de-galicia\" target=\"_blank\" rel=\"noopener noreferrer\">Inf\u00f3rmate de c\u00f3mo prepararte en nuestros grupos presenciales y grupos Online.<\/a><\/p>\n<div class=\"celda celdavc alinc\"><img decoding=\"async\" src=\"https:\/\/www.emplea-te.com\/img\/telefono.png\" alt=\"\" width=\"18\" height=\"19\" \/><\/div>\n<div class=\"celda celdavc alinl\">981\u00a0903\u00a0703<\/div>\n<div class=\"celda celdavc alinc\"><img decoding=\"async\" src=\"https:\/\/www.emplea-te.com\/img\/whats-app-academia.png\" alt=\"\" width=\"20\" height=\"20\" \/><\/div>\n<div class=\"celda celdavc alinl\">698 163 476<\/div>\n<div><\/div>\n<div>Estamos en A Coru\u00f1a<br \/>\nR\u00faa San Andr\u00e9s, 148 bajo, 15003 A Coru\u00f1a<\/div>\n<p>&nbsp;<\/p>\n<p>&nbsp;<\/p>\n<p>&nbsp;<\/p>\n<p>&nbsp;<\/p>\n","protected":false},"excerpt":{"rendered":"<p>Se publica en el BOP de la Provincia de Lugo de hoy la Resoluci\u00f3n del Ayuntamiento de Ribeira do Piqu\u00edn (Lugo) d\u00f3nde se\u00a0 publica convocatoria para cubrir una plaza de Administrativo C1 correspondiente a la OEP 2021 de este Ayuntamiento. Enlace a BOP LUGO con Resoluci\u00f3n\u00a0 El sistema de selecci\u00f3n ser\u00e1 el de CONCURSO-OPOSICI\u00d3N El &hellip; <a href=\"https:\/\/www.emplea-te.com\/noticias-oposiciones\/ayuntamiento-de-ribeira-do-piquin-lugo-publica-convocatoria-para-cubrir-una-plaza-de-administrativo-c1\/\" class=\"more-link\">Continuar leyendo<span class=\"screen-reader-text\"> \u00abAyuntamiento de Ribeira do Piqu\u00edn (Lugo) publica convocatoria para cubrir una plaza de Administrativo C1 .\u00bb<\/span><\/a><\/p>\n","protected":false},"author":1,"featured_media":0,"comment_status":"closed","ping_status":"closed","sticky":false,"template":"","format":"standard","meta":{"footnotes":""},"categories":[37],"tags":[49],"class_list":["post-4276","post","type-post","status-publish","format-standard","hentry","category-convocatorias-ayuntamientos","tag-convocatorias-de-oposiciones"],"yoast_head":"<!-- This site is optimized with the Yoast SEO plugin v27.5 - https:\/\/yoast.com\/product\/yoast-seo-wordpress\/ -->\n<title>Ayuntamiento de Ribeira de Piqu\u00edn (Lugo) convoca proceso selectivo para cubrir una plaza de Administrativo C1<\/title>\n<meta name=\"description\" content=\"Ayuntamiento de Ribeira de Piqu\u00edn (Lugo) convoca proceso selectivo para cubrir una plaza de Administrativo C1. \u00a1Inf\u00f3rmate en el enlace!\" \/>\n<meta name=\"robots\" content=\"index, follow, max-snippet:-1, max-image-preview:large, max-video-preview:-1\" \/>\n<link rel=\"canonical\" href=\"https:\/\/www.emplea-te.com\/noticias-oposiciones\/ayuntamiento-de-ribeira-do-piquin-lugo-publica-convocatoria-para-cubrir-una-plaza-de-administrativo-c1\/\" \/>\n<meta property=\"og:locale\" content=\"es_ES\" \/>\n<meta property=\"og:type\" content=\"article\" \/>\n<meta property=\"og:title\" content=\"Ayuntamiento de Ribeira de Piqu\u00edn (Lugo) convoca proceso selectivo para cubrir una plaza de Administrativo C1\" \/>\n<meta property=\"og:description\" content=\"Ayuntamiento de Ribeira de Piqu\u00edn (Lugo) convoca proceso selectivo para cubrir una plaza de Administrativo C1. \u00a1Inf\u00f3rmate en el enlace!\" \/>\n<meta property=\"og:url\" content=\"https:\/\/www.emplea-te.com\/noticias-oposiciones\/ayuntamiento-de-ribeira-do-piquin-lugo-publica-convocatoria-para-cubrir-una-plaza-de-administrativo-c1\/\" \/>\n<meta property=\"og:site_name\" content=\"Noticas de oposiciones por Academia Emplea-te\" \/>\n<meta property=\"article:publisher\" content=\"https:\/\/www.facebook.com\/AcademiaEmpleate\/\" \/>\n<meta property=\"article:published_time\" content=\"2021-02-18T09:31:31+00:00\" \/>\n<meta property=\"og:image\" content=\"https:\/\/www.emplea-te.com\/noticias-oposiciones\/wp-content\/uploads\/2021\/02\/rss_impulsa-tu-vida-300x200.jpg\" \/>\n<meta name=\"author\" content=\"Empleate\" \/>\n<meta name=\"twitter:card\" content=\"summary_large_image\" \/>\n<meta name=\"twitter:creator\" content=\"@Emplea_Te\" \/>\n<meta name=\"twitter:site\" content=\"@Emplea_Te\" \/>\n<meta name=\"twitter:label1\" content=\"Escrito por\" \/>\n\t<meta name=\"twitter:data1\" content=\"Empleate\" \/>\n\t<meta name=\"twitter:label2\" content=\"Tiempo de lectura\" \/>\n\t<meta name=\"twitter:data2\" content=\"1 minuto\" \/>\n<script type=\"application\/ld+json\" class=\"yoast-schema-graph\">{\"@context\":\"https:\\\/\\\/schema.org\",\"@graph\":[{\"@type\":\"Article\",\"@id\":\"https:\\\/\\\/www.emplea-te.com\\\/noticias-oposiciones\\\/ayuntamiento-de-ribeira-do-piquin-lugo-publica-convocatoria-para-cubrir-una-plaza-de-administrativo-c1\\\/#article\",\"isPartOf\":{\"@id\":\"https:\\\/\\\/www.emplea-te.com\\\/noticias-oposiciones\\\/ayuntamiento-de-ribeira-do-piquin-lugo-publica-convocatoria-para-cubrir-una-plaza-de-administrativo-c1\\\/\"},\"author\":{\"name\":\"Empleate\",\"@id\":\"https:\\\/\\\/www.emplea-te.com\\\/noticias-oposiciones\\\/#\\\/schema\\\/person\\\/d1bc587e1af2b95e9c32aba1795509a6\"},\"headline\":\"Ayuntamiento de Ribeira do Piqu\u00edn (Lugo) publica convocatoria para cubrir una plaza de Administrativo C1 .\",\"datePublished\":\"2021-02-18T09:31:31+00:00\",\"mainEntityOfPage\":{\"@id\":\"https:\\\/\\\/www.emplea-te.com\\\/noticias-oposiciones\\\/ayuntamiento-de-ribeira-do-piquin-lugo-publica-convocatoria-para-cubrir-una-plaza-de-administrativo-c1\\\/\"},\"wordCount\":127,\"publisher\":{\"@id\":\"https:\\\/\\\/www.emplea-te.com\\\/noticias-oposiciones\\\/#organization\"},\"image\":{\"@id\":\"https:\\\/\\\/www.emplea-te.com\\\/noticias-oposiciones\\\/ayuntamiento-de-ribeira-do-piquin-lugo-publica-convocatoria-para-cubrir-una-plaza-de-administrativo-c1\\\/#primaryimage\"},\"thumbnailUrl\":\"https:\\\/\\\/www.emplea-te.com\\\/noticias-oposiciones\\\/wp-content\\\/uploads\\\/2021\\\/02\\\/rss_impulsa-tu-vida-300x200.jpg\",\"keywords\":[\"Convocatoria\"],\"articleSection\":[\"Convocatorias Ayuntamientos\"],\"inLanguage\":\"es\"},{\"@type\":\"WebPage\",\"@id\":\"https:\\\/\\\/www.emplea-te.com\\\/noticias-oposiciones\\\/ayuntamiento-de-ribeira-do-piquin-lugo-publica-convocatoria-para-cubrir-una-plaza-de-administrativo-c1\\\/\",\"url\":\"https:\\\/\\\/www.emplea-te.com\\\/noticias-oposiciones\\\/ayuntamiento-de-ribeira-do-piquin-lugo-publica-convocatoria-para-cubrir-una-plaza-de-administrativo-c1\\\/\",\"name\":\"Ayuntamiento de Ribeira de Piqu\u00edn (Lugo) convoca proceso selectivo para cubrir una plaza de Administrativo C1\",\"isPartOf\":{\"@id\":\"https:\\\/\\\/www.emplea-te.com\\\/noticias-oposiciones\\\/#website\"},\"primaryImageOfPage\":{\"@id\":\"https:\\\/\\\/www.emplea-te.com\\\/noticias-oposiciones\\\/ayuntamiento-de-ribeira-do-piquin-lugo-publica-convocatoria-para-cubrir-una-plaza-de-administrativo-c1\\\/#primaryimage\"},\"image\":{\"@id\":\"https:\\\/\\\/www.emplea-te.com\\\/noticias-oposiciones\\\/ayuntamiento-de-ribeira-do-piquin-lugo-publica-convocatoria-para-cubrir-una-plaza-de-administrativo-c1\\\/#primaryimage\"},\"thumbnailUrl\":\"https:\\\/\\\/www.emplea-te.com\\\/noticias-oposiciones\\\/wp-content\\\/uploads\\\/2021\\\/02\\\/rss_impulsa-tu-vida-300x200.jpg\",\"datePublished\":\"2021-02-18T09:31:31+00:00\",\"description\":\"Ayuntamiento de Ribeira de Piqu\u00edn (Lugo) convoca proceso selectivo para cubrir una plaza de Administrativo C1. \u00a1Inf\u00f3rmate en el enlace!\",\"breadcrumb\":{\"@id\":\"https:\\\/\\\/www.emplea-te.com\\\/noticias-oposiciones\\\/ayuntamiento-de-ribeira-do-piquin-lugo-publica-convocatoria-para-cubrir-una-plaza-de-administrativo-c1\\\/#breadcrumb\"},\"inLanguage\":\"es\",\"potentialAction\":[{\"@type\":\"ReadAction\",\"target\":[\"https:\\\/\\\/www.emplea-te.com\\\/noticias-oposiciones\\\/ayuntamiento-de-ribeira-do-piquin-lugo-publica-convocatoria-para-cubrir-una-plaza-de-administrativo-c1\\\/\"]}]},{\"@type\":\"ImageObject\",\"inLanguage\":\"es\",\"@id\":\"https:\\\/\\\/www.emplea-te.com\\\/noticias-oposiciones\\\/ayuntamiento-de-ribeira-do-piquin-lugo-publica-convocatoria-para-cubrir-una-plaza-de-administrativo-c1\\\/#primaryimage\",\"url\":\"https:\\\/\\\/www.emplea-te.com\\\/noticias-oposiciones\\\/wp-content\\\/uploads\\\/2021\\\/02\\\/rss_impulsa-tu-vida.jpg\",\"contentUrl\":\"https:\\\/\\\/www.emplea-te.com\\\/noticias-oposiciones\\\/wp-content\\\/uploads\\\/2021\\\/02\\\/rss_impulsa-tu-vida.jpg\",\"width\":1000,\"height\":667},{\"@type\":\"BreadcrumbList\",\"@id\":\"https:\\\/\\\/www.emplea-te.com\\\/noticias-oposiciones\\\/ayuntamiento-de-ribeira-do-piquin-lugo-publica-convocatoria-para-cubrir-una-plaza-de-administrativo-c1\\\/#breadcrumb\",\"itemListElement\":[{\"@type\":\"ListItem\",\"position\":1,\"name\":\"Noticias Oposiciones\",\"item\":\"https:\\\/\\\/www.emplea-te.com\\\/noticias-oposiciones\\\/\"},{\"@type\":\"ListItem\",\"position\":2,\"name\":\"Oposiciones Auton\u00f3micas Galicia\",\"item\":\"https:\\\/\\\/www.emplea-te.com\\\/noticias-oposiciones\\\/categoria\\\/oposiciones-autonomicas-galicia\\\/\"},{\"@type\":\"ListItem\",\"position\":3,\"name\":\"Convocatorias Ayuntamientos\",\"item\":\"https:\\\/\\\/www.emplea-te.com\\\/noticias-oposiciones\\\/categoria\\\/oposiciones-autonomicas-galicia\\\/convocatorias-ayuntamientos\\\/\"},{\"@type\":\"ListItem\",\"position\":4,\"name\":\"Ayuntamiento de Ribeira do Piqu\u00edn (Lugo) publica convocatoria para cubrir una plaza de Administrativo C1 .\"}]},{\"@type\":\"WebSite\",\"@id\":\"https:\\\/\\\/www.emplea-te.com\\\/noticias-oposiciones\\\/#website\",\"url\":\"https:\\\/\\\/www.emplea-te.com\\\/noticias-oposiciones\\\/\",\"name\":\"Noticas de oposiciones por Academia Emplea-te\",\"description\":\"Toda la actualidad de las ofertas y convocatorias.\",\"publisher\":{\"@id\":\"https:\\\/\\\/www.emplea-te.com\\\/noticias-oposiciones\\\/#organization\"},\"potentialAction\":[{\"@type\":\"SearchAction\",\"target\":{\"@type\":\"EntryPoint\",\"urlTemplate\":\"https:\\\/\\\/www.emplea-te.com\\\/noticias-oposiciones\\\/?s={search_term_string}\"},\"query-input\":{\"@type\":\"PropertyValueSpecification\",\"valueRequired\":true,\"valueName\":\"search_term_string\"}}],\"inLanguage\":\"es\"},{\"@type\":\"Organization\",\"@id\":\"https:\\\/\\\/www.emplea-te.com\\\/noticias-oposiciones\\\/#organization\",\"name\":\"Academia de oposiciones Empl\u00e9ate\",\"url\":\"https:\\\/\\\/www.emplea-te.com\\\/noticias-oposiciones\\\/\",\"logo\":{\"@type\":\"ImageObject\",\"inLanguage\":\"es\",\"@id\":\"https:\\\/\\\/www.emplea-te.com\\\/noticias-oposiciones\\\/#\\\/schema\\\/logo\\\/image\\\/\",\"url\":\"https:\\\/\\\/www.emplea-te.com\\\/noticias-oposiciones\\\/wp-content\\\/uploads\\\/2019\\\/04\\\/empleate.jpg\",\"contentUrl\":\"https:\\\/\\\/www.emplea-te.com\\\/noticias-oposiciones\\\/wp-content\\\/uploads\\\/2019\\\/04\\\/empleate.jpg\",\"width\":250,\"height\":150,\"caption\":\"Academia de oposiciones Empl\u00e9ate\"},\"image\":{\"@id\":\"https:\\\/\\\/www.emplea-te.com\\\/noticias-oposiciones\\\/#\\\/schema\\\/logo\\\/image\\\/\"},\"sameAs\":[\"https:\\\/\\\/www.facebook.com\\\/AcademiaEmpleate\\\/\",\"https:\\\/\\\/x.com\\\/Emplea_Te\",\"https:\\\/\\\/www.instagram.com\\\/academia_empleate\\\/\"]},{\"@type\":\"Person\",\"@id\":\"https:\\\/\\\/www.emplea-te.com\\\/noticias-oposiciones\\\/#\\\/schema\\\/person\\\/d1bc587e1af2b95e9c32aba1795509a6\",\"name\":\"Empleate\"}]}<\/script>\n<!-- \/ Yoast SEO plugin. -->","yoast_head_json":{"title":"Ayuntamiento de Ribeira de Piqu\u00edn (Lugo) convoca proceso selectivo para cubrir una plaza de Administrativo C1","description":"Ayuntamiento de Ribeira de Piqu\u00edn (Lugo) convoca proceso selectivo para cubrir una plaza de Administrativo C1. \u00a1Inf\u00f3rmate en el enlace!","robots":{"index":"index","follow":"follow","max-snippet":"max-snippet:-1","max-image-preview":"max-image-preview:large","max-video-preview":"max-video-preview:-1"},"canonical":"https:\/\/www.emplea-te.com\/noticias-oposiciones\/ayuntamiento-de-ribeira-do-piquin-lugo-publica-convocatoria-para-cubrir-una-plaza-de-administrativo-c1\/","og_locale":"es_ES","og_type":"article","og_title":"Ayuntamiento de Ribeira de Piqu\u00edn (Lugo) convoca proceso selectivo para cubrir una plaza de Administrativo C1","og_description":"Ayuntamiento de Ribeira de Piqu\u00edn (Lugo) convoca proceso selectivo para cubrir una plaza de Administrativo C1. \u00a1Inf\u00f3rmate en el enlace!","og_url":"https:\/\/www.emplea-te.com\/noticias-oposiciones\/ayuntamiento-de-ribeira-do-piquin-lugo-publica-convocatoria-para-cubrir-una-plaza-de-administrativo-c1\/","og_site_name":"Noticas de oposiciones por Academia Emplea-te","article_publisher":"https:\/\/www.facebook.com\/AcademiaEmpleate\/","article_published_time":"2021-02-18T09:31:31+00:00","og_image":[{"url":"https:\/\/www.emplea-te.com\/noticias-oposiciones\/wp-content\/uploads\/2021\/02\/rss_impulsa-tu-vida-300x200.jpg","type":"","width":"","height":""}],"author":"Empleate","twitter_card":"summary_large_image","twitter_creator":"@Emplea_Te","twitter_site":"@Emplea_Te","twitter_misc":{"Escrito por":"Empleate","Tiempo de lectura":"1 minuto"},"schema":{"@context":"https:\/\/schema.org","@graph":[{"@type":"Article","@id":"https:\/\/www.emplea-te.com\/noticias-oposiciones\/ayuntamiento-de-ribeira-do-piquin-lugo-publica-convocatoria-para-cubrir-una-plaza-de-administrativo-c1\/#article","isPartOf":{"@id":"https:\/\/www.emplea-te.com\/noticias-oposiciones\/ayuntamiento-de-ribeira-do-piquin-lugo-publica-convocatoria-para-cubrir-una-plaza-de-administrativo-c1\/"},"author":{"name":"Empleate","@id":"https:\/\/www.emplea-te.com\/noticias-oposiciones\/#\/schema\/person\/d1bc587e1af2b95e9c32aba1795509a6"},"headline":"Ayuntamiento de Ribeira do Piqu\u00edn (Lugo) publica convocatoria para cubrir una plaza de Administrativo C1 .","datePublished":"2021-02-18T09:31:31+00:00","mainEntityOfPage":{"@id":"https:\/\/www.emplea-te.com\/noticias-oposiciones\/ayuntamiento-de-ribeira-do-piquin-lugo-publica-convocatoria-para-cubrir-una-plaza-de-administrativo-c1\/"},"wordCount":127,"publisher":{"@id":"https:\/\/www.emplea-te.com\/noticias-oposiciones\/#organization"},"image":{"@id":"https:\/\/www.emplea-te.com\/noticias-oposiciones\/ayuntamiento-de-ribeira-do-piquin-lugo-publica-convocatoria-para-cubrir-una-plaza-de-administrativo-c1\/#primaryimage"},"thumbnailUrl":"https:\/\/www.emplea-te.com\/noticias-oposiciones\/wp-content\/uploads\/2021\/02\/rss_impulsa-tu-vida-300x200.jpg","keywords":["Convocatoria"],"articleSection":["Convocatorias Ayuntamientos"],"inLanguage":"es"},{"@type":"WebPage","@id":"https:\/\/www.emplea-te.com\/noticias-oposiciones\/ayuntamiento-de-ribeira-do-piquin-lugo-publica-convocatoria-para-cubrir-una-plaza-de-administrativo-c1\/","url":"https:\/\/www.emplea-te.com\/noticias-oposiciones\/ayuntamiento-de-ribeira-do-piquin-lugo-publica-convocatoria-para-cubrir-una-plaza-de-administrativo-c1\/","name":"Ayuntamiento de Ribeira de Piqu\u00edn (Lugo) convoca proceso selectivo para cubrir una plaza de Administrativo C1","isPartOf":{"@id":"https:\/\/www.emplea-te.com\/noticias-oposiciones\/#website"},"primaryImageOfPage":{"@id":"https:\/\/www.emplea-te.com\/noticias-oposiciones\/ayuntamiento-de-ribeira-do-piquin-lugo-publica-convocatoria-para-cubrir-una-plaza-de-administrativo-c1\/#primaryimage"},"image":{"@id":"https:\/\/www.emplea-te.com\/noticias-oposiciones\/ayuntamiento-de-ribeira-do-piquin-lugo-publica-convocatoria-para-cubrir-una-plaza-de-administrativo-c1\/#primaryimage"},"thumbnailUrl":"https:\/\/www.emplea-te.com\/noticias-oposiciones\/wp-content\/uploads\/2021\/02\/rss_impulsa-tu-vida-300x200.jpg","datePublished":"2021-02-18T09:31:31+00:00","description":"Ayuntamiento de Ribeira de Piqu\u00edn (Lugo) convoca proceso selectivo para cubrir una plaza de Administrativo C1. \u00a1Inf\u00f3rmate en el enlace!","breadcrumb":{"@id":"https:\/\/www.emplea-te.com\/noticias-oposiciones\/ayuntamiento-de-ribeira-do-piquin-lugo-publica-convocatoria-para-cubrir-una-plaza-de-administrativo-c1\/#breadcrumb"},"inLanguage":"es","potentialAction":[{"@type":"ReadAction","target":["https:\/\/www.emplea-te.com\/noticias-oposiciones\/ayuntamiento-de-ribeira-do-piquin-lugo-publica-convocatoria-para-cubrir-una-plaza-de-administrativo-c1\/"]}]},{"@type":"ImageObject","inLanguage":"es","@id":"https:\/\/www.emplea-te.com\/noticias-oposiciones\/ayuntamiento-de-ribeira-do-piquin-lugo-publica-convocatoria-para-cubrir-una-plaza-de-administrativo-c1\/#primaryimage","url":"https:\/\/www.emplea-te.com\/noticias-oposiciones\/wp-content\/uploads\/2021\/02\/rss_impulsa-tu-vida.jpg","contentUrl":"https:\/\/www.emplea-te.com\/noticias-oposiciones\/wp-content\/uploads\/2021\/02\/rss_impulsa-tu-vida.jpg","width":1000,"height":667},{"@type":"BreadcrumbList","@id":"https:\/\/www.emplea-te.com\/noticias-oposiciones\/ayuntamiento-de-ribeira-do-piquin-lugo-publica-convocatoria-para-cubrir-una-plaza-de-administrativo-c1\/#breadcrumb","itemListElement":[{"@type":"ListItem","position":1,"name":"Noticias Oposiciones","item":"https:\/\/www.emplea-te.com\/noticias-oposiciones\/"},{"@type":"ListItem","position":2,"name":"Oposiciones Auton\u00f3micas Galicia","item":"https:\/\/www.emplea-te.com\/noticias-oposiciones\/categoria\/oposiciones-autonomicas-galicia\/"},{"@type":"ListItem","position":3,"name":"Convocatorias Ayuntamientos","item":"https:\/\/www.emplea-te.com\/noticias-oposiciones\/categoria\/oposiciones-autonomicas-galicia\/convocatorias-ayuntamientos\/"},{"@type":"ListItem","position":4,"name":"Ayuntamiento de Ribeira do Piqu\u00edn (Lugo) publica convocatoria para cubrir una plaza de Administrativo C1 ."}]},{"@type":"WebSite","@id":"https:\/\/www.emplea-te.com\/noticias-oposiciones\/#website","url":"https:\/\/www.emplea-te.com\/noticias-oposiciones\/","name":"Noticas de oposiciones por Academia Emplea-te","description":"Toda la actualidad de las ofertas y convocatorias.","publisher":{"@id":"https:\/\/www.emplea-te.com\/noticias-oposiciones\/#organization"},"potentialAction":[{"@type":"SearchAction","target":{"@type":"EntryPoint","urlTemplate":"https:\/\/www.emplea-te.com\/noticias-oposiciones\/?s={search_term_string}"},"query-input":{"@type":"PropertyValueSpecification","valueRequired":true,"valueName":"search_term_string"}}],"inLanguage":"es"},{"@type":"Organization","@id":"https:\/\/www.emplea-te.com\/noticias-oposiciones\/#organization","name":"Academia de oposiciones Empl\u00e9ate","url":"https:\/\/www.emplea-te.com\/noticias-oposiciones\/","logo":{"@type":"ImageObject","inLanguage":"es","@id":"https:\/\/www.emplea-te.com\/noticias-oposiciones\/#\/schema\/logo\/image\/","url":"https:\/\/www.emplea-te.com\/noticias-oposiciones\/wp-content\/uploads\/2019\/04\/empleate.jpg","contentUrl":"https:\/\/www.emplea-te.com\/noticias-oposiciones\/wp-content\/uploads\/2019\/04\/empleate.jpg","width":250,"height":150,"caption":"Academia de oposiciones Empl\u00e9ate"},"image":{"@id":"https:\/\/www.emplea-te.com\/noticias-oposiciones\/#\/schema\/logo\/image\/"},"sameAs":["https:\/\/www.facebook.com\/AcademiaEmpleate\/","https:\/\/x.com\/Emplea_Te","https:\/\/www.instagram.com\/academia_empleate\/"]},{"@type":"Person","@id":"https:\/\/www.emplea-te.com\/noticias-oposiciones\/#\/schema\/person\/d1bc587e1af2b95e9c32aba1795509a6","name":"Empleate"}]}},"_links":{"self":[{"href":"https:\/\/www.emplea-te.com\/noticias-oposiciones\/wp-json\/wp\/v2\/posts\/4276","targetHints":{"allow":["GET"]}}],"collection":[{"href":"https:\/\/www.emplea-te.com\/noticias-oposiciones\/wp-json\/wp\/v2\/posts"}],"about":[{"href":"https:\/\/www.emplea-te.com\/noticias-oposiciones\/wp-json\/wp\/v2\/types\/post"}],"author":[{"embeddable":true,"href":"https:\/\/www.emplea-te.com\/noticias-oposiciones\/wp-json\/wp\/v2\/users\/1"}],"replies":[{"embeddable":true,"href":"https:\/\/www.emplea-te.com\/noticias-oposiciones\/wp-json\/wp\/v2\/comments?post=4276"}],"version-history":[{"count":1,"href":"https:\/\/www.emplea-te.com\/noticias-oposiciones\/wp-json\/wp\/v2\/posts\/4276\/revisions"}],"predecessor-version":[{"id":4277,"href":"https:\/\/www.emplea-te.com\/noticias-oposiciones\/wp-json\/wp\/v2\/posts\/4276\/revisions\/4277"}],"wp:attachment":[{"href":"https:\/\/www.emplea-te.com\/noticias-oposiciones\/wp-json\/wp\/v2\/media?parent=4276"}],"wp:term":[{"taxonomy":"category","embeddable":true,"href":"https:\/\/www.emplea-te.com\/noticias-oposiciones\/wp-json\/wp\/v2\/categories?post=4276"},{"taxonomy":"post_tag","embeddable":true,"href":"https:\/\/www.emplea-te.com\/noticias-oposiciones\/wp-json\/wp\/v2\/tags?post=4276"}],"curies":[{"name":"wp","href":"https:\/\/api.w.org\/{rel}","templated":true}]}}