{"id":4350,"date":"2021-03-04T10:48:24","date_gmt":"2021-03-04T09:48:24","guid":{"rendered":"https:\/\/www.emplea-te.com\/noticias-oposiciones\/?p=4350"},"modified":"2021-09-07T16:53:02","modified_gmt":"2021-09-07T14:53:02","slug":"cuerpo-de-gestion-civil-del-estado-a2-oeps-2017-2018-acceso-libre-publicada-la-relacion-de-aprobados-del-proceso-selectivo","status":"publish","type":"post","link":"https:\/\/www.emplea-te.com\/noticias-oposiciones\/cuerpo-de-gestion-civil-del-estado-a2-oeps-2017-2018-acceso-libre-publicada-la-relacion-de-aprobados-del-proceso-selectivo\/","title":{"rendered":"Cuerpo de Gesti\u00f3n Civil del Estado A2 (OEPs 2017-2018) acceso libre. Publicada la relaci\u00f3n de aprobados del proceso selectivo."},"content":{"rendered":"<p><img decoding=\"async\" class=\"alignleft wp-image-4009 size-medium\" src=\"https:\/\/www.emplea-te.com\/noticias-oposiciones\/wp-content\/uploads\/2020\/12\/funicon-publica-y-territorial-300x300.png\" alt=\"\" width=\"300\" height=\"300\" srcset=\"https:\/\/www.emplea-te.com\/noticias-oposiciones\/wp-content\/uploads\/2020\/12\/funicon-publica-y-territorial-300x300.png 300w, https:\/\/www.emplea-te.com\/noticias-oposiciones\/wp-content\/uploads\/2020\/12\/funicon-publica-y-territorial-150x150.png 150w, https:\/\/www.emplea-te.com\/noticias-oposiciones\/wp-content\/uploads\/2020\/12\/funicon-publica-y-territorial-20x20.png 20w, https:\/\/www.emplea-te.com\/noticias-oposiciones\/wp-content\/uploads\/2020\/12\/funicon-publica-y-territorial.png 400w\" sizes=\"(max-width: 300px) 85vw, 300px\" \/><\/p>\n<p><strong>Cuerpo de Gesti\u00f3n Civil del Estado A2 (OEPs 2017-2018) acceso libre. Publicada la relaci\u00f3n de aprobados del proceso selectivo.<\/strong><\/p>\n<p>Se publica en el BOE de hoy, d\u00eda 4 de marzo de 2021, la Resoluci\u00f3n por la que se da a conocer, la relaci\u00f3n de aspirantes que han superado la<br \/>\nfase de oposici\u00f3n de las pruebas selectivas para ingreso libre al Cuerpo de<br \/>\nGesti\u00f3n de la Administraci\u00f3n Civil del Estado, convocadas por Resoluci\u00f3n de<br \/>\n14 de junio de 2019.<\/p>\n<p><a href=\"https:\/\/www.boe.es\/boe\/dias\/2021\/03\/04\/pdfs\/BOE-A-2021-3378.pdf\" target=\"_blank\" rel=\"noopener noreferrer\">Enlace a Resoluci\u00f3n\u00a0<\/a><\/p>\n<p>Las personas aspirantes se\u00f1aladas en el anexo II deber\u00e1n presentar la<br \/>\ndocumentaci\u00f3n que en \u00e9l se indica.<br \/>\nLas dem\u00e1s personas aspirantes no tendr\u00e1n que aportar documentaci\u00f3n, al haber sido comprobada por la Administraci\u00f3n de acuerdo con la informaci\u00f3n que consta en el sistema de verificaci\u00f3n de datos de identidad y registros nacionales de titulaciones acad\u00e9micas de la Administraci\u00f3n General del Estado.<\/p>\n<p><strong>Nombramiento de Funcionarios en Pr\u00e1cticas\u00a0<\/strong><\/p>\n<p>Por la autoridad convocante se proceder\u00e1 al nombramiento de estas personas aspirantes como funcionarios en pr\u00e1cticas del Cuerpo de Gesti\u00f3n de la Administraci\u00f3n Civil del Estado, que deber\u00e1n superar el curso selectivo previsto en la norma espec\u00edfica 4.2 (anexo VII) de la convocatoria de las pruebas selectivas con car\u00e1cter previo a su nombramiento como personal funcionario de carrera.<br \/>\nLa fecha de realizaci\u00f3n del curso selectivo se determinar\u00e1 por el Director del Instituto Nacional de Administraci\u00f3n P\u00fablica y se publicar\u00e1 en la p\u00e1gina web del Instituto Nacional de Administraci\u00f3n P\u00fablica <a href=\"http:\/\/www.inap.es\" target=\"_blank\" rel=\"noopener noreferrer\">(www.inap.es)<\/a>.<\/p>\n<p>&nbsp;<\/p>\n","protected":false},"excerpt":{"rendered":"<p>Cuerpo de Gesti\u00f3n Civil del Estado A2 (OEPs 2017-2018) acceso libre. Publicada la relaci\u00f3n de aprobados del proceso selectivo. Se publica en el BOE de hoy, d\u00eda 4 de marzo de 2021, la Resoluci\u00f3n por la que se da a conocer, la relaci\u00f3n de aspirantes que han superado la fase de oposici\u00f3n de las pruebas &hellip; <a href=\"https:\/\/www.emplea-te.com\/noticias-oposiciones\/cuerpo-de-gestion-civil-del-estado-a2-oeps-2017-2018-acceso-libre-publicada-la-relacion-de-aprobados-del-proceso-selectivo\/\" class=\"more-link\">Continuar leyendo<span class=\"screen-reader-text\"> \u00abCuerpo de Gesti\u00f3n Civil del Estado A2 (OEPs 2017-2018) acceso libre. Publicada la relaci\u00f3n de aprobados del proceso selectivo.\u00bb<\/span><\/a><\/p>\n","protected":false},"author":1,"featured_media":0,"comment_status":"closed","ping_status":"closed","sticky":false,"template":"","format":"standard","meta":{"footnotes":""},"categories":[47,7,12],"tags":[72],"class_list":["post-4350","post","type-post","status-publish","format-standard","hentry","category-administracion-general-del-estado","category-oposiciones-administracion-general-del-estado","category-gestion-de-la-administracion-civil-a2","tag-puntuaciones-y-notas-de-corte"],"yoast_head":"<!-- This site is optimized with the Yoast SEO plugin v27.5 - https:\/\/yoast.com\/product\/yoast-seo-wordpress\/ -->\n<title>Aprobados del Cuerpo de Gesti\u00f3n del Estado A2 (OEPs 2017-2018) acceso libre.<\/title>\n<meta name=\"description\" content=\"Cuerpo de Gesti\u00f3n Civil del Estado A2 (OEPs 2017-2018) acceso libre. Publicada la relaci\u00f3n de aprobados del proceso selectivo.\" \/>\n<meta name=\"robots\" content=\"index, follow, max-snippet:-1, max-image-preview:large, max-video-preview:-1\" \/>\n<link rel=\"canonical\" href=\"https:\/\/www.emplea-te.com\/noticias-oposiciones\/cuerpo-de-gestion-civil-del-estado-a2-oeps-2017-2018-acceso-libre-publicada-la-relacion-de-aprobados-del-proceso-selectivo\/\" \/>\n<meta property=\"og:locale\" content=\"es_ES\" \/>\n<meta property=\"og:type\" content=\"article\" \/>\n<meta property=\"og:title\" content=\"Aprobados del Cuerpo de Gesti\u00f3n del Estado A2 (OEPs 2017-2018) acceso libre.\" \/>\n<meta property=\"og:description\" content=\"Cuerpo de Gesti\u00f3n Civil del Estado A2 (OEPs 2017-2018) acceso libre. Publicada la relaci\u00f3n de aprobados del proceso selectivo.\" \/>\n<meta property=\"og:url\" content=\"https:\/\/www.emplea-te.com\/noticias-oposiciones\/cuerpo-de-gestion-civil-del-estado-a2-oeps-2017-2018-acceso-libre-publicada-la-relacion-de-aprobados-del-proceso-selectivo\/\" \/>\n<meta property=\"og:site_name\" content=\"Noticas de oposiciones por Academia Emplea-te\" \/>\n<meta property=\"article:publisher\" content=\"https:\/\/www.facebook.com\/AcademiaEmpleate\/\" \/>\n<meta property=\"article:published_time\" content=\"2021-03-04T09:48:24+00:00\" \/>\n<meta property=\"article:modified_time\" content=\"2021-09-07T14:53:02+00:00\" \/>\n<meta property=\"og:image\" content=\"https:\/\/www.emplea-te.com\/noticias-oposiciones\/wp-content\/uploads\/2020\/12\/funicon-publica-y-territorial-300x300.png\" \/>\n<meta name=\"author\" content=\"Empleate\" \/>\n<meta name=\"twitter:card\" content=\"summary_large_image\" \/>\n<meta name=\"twitter:creator\" content=\"@Emplea_Te\" \/>\n<meta name=\"twitter:site\" content=\"@Emplea_Te\" \/>\n<meta name=\"twitter:label1\" content=\"Escrito por\" \/>\n\t<meta name=\"twitter:data1\" content=\"Empleate\" \/>\n\t<meta name=\"twitter:label2\" content=\"Tiempo de lectura\" \/>\n\t<meta name=\"twitter:data2\" content=\"1 minuto\" \/>\n<script type=\"application\/ld+json\" class=\"yoast-schema-graph\">{\"@context\":\"https:\\\/\\\/schema.org\",\"@graph\":[{\"@type\":\"Article\",\"@id\":\"https:\\\/\\\/www.emplea-te.com\\\/noticias-oposiciones\\\/cuerpo-de-gestion-civil-del-estado-a2-oeps-2017-2018-acceso-libre-publicada-la-relacion-de-aprobados-del-proceso-selectivo\\\/#article\",\"isPartOf\":{\"@id\":\"https:\\\/\\\/www.emplea-te.com\\\/noticias-oposiciones\\\/cuerpo-de-gestion-civil-del-estado-a2-oeps-2017-2018-acceso-libre-publicada-la-relacion-de-aprobados-del-proceso-selectivo\\\/\"},\"author\":{\"name\":\"Empleate\",\"@id\":\"https:\\\/\\\/www.emplea-te.com\\\/noticias-oposiciones\\\/#\\\/schema\\\/person\\\/d1bc587e1af2b95e9c32aba1795509a6\"},\"headline\":\"Cuerpo de Gesti\u00f3n Civil del Estado A2 (OEPs 2017-2018) acceso libre. Publicada la relaci\u00f3n de aprobados del proceso selectivo.\",\"datePublished\":\"2021-03-04T09:48:24+00:00\",\"dateModified\":\"2021-09-07T14:53:02+00:00\",\"mainEntityOfPage\":{\"@id\":\"https:\\\/\\\/www.emplea-te.com\\\/noticias-oposiciones\\\/cuerpo-de-gestion-civil-del-estado-a2-oeps-2017-2018-acceso-libre-publicada-la-relacion-de-aprobados-del-proceso-selectivo\\\/\"},\"wordCount\":290,\"publisher\":{\"@id\":\"https:\\\/\\\/www.emplea-te.com\\\/noticias-oposiciones\\\/#organization\"},\"image\":{\"@id\":\"https:\\\/\\\/www.emplea-te.com\\\/noticias-oposiciones\\\/cuerpo-de-gestion-civil-del-estado-a2-oeps-2017-2018-acceso-libre-publicada-la-relacion-de-aprobados-del-proceso-selectivo\\\/#primaryimage\"},\"thumbnailUrl\":\"https:\\\/\\\/www.emplea-te.com\\\/noticias-oposiciones\\\/wp-content\\\/uploads\\\/2020\\\/12\\\/funicon-publica-y-territorial-300x300.png\",\"keywords\":[\"Puntuaciones y notas de corte\"],\"articleSection\":[\"Administraci\u00f3n General del Estado.\",\"Oposiciones Administraci\u00f3n General del Estado\",\"Oposiciones Gesti\u00f3n de la Administraci\u00f3n Civil A2\"],\"inLanguage\":\"es\"},{\"@type\":\"WebPage\",\"@id\":\"https:\\\/\\\/www.emplea-te.com\\\/noticias-oposiciones\\\/cuerpo-de-gestion-civil-del-estado-a2-oeps-2017-2018-acceso-libre-publicada-la-relacion-de-aprobados-del-proceso-selectivo\\\/\",\"url\":\"https:\\\/\\\/www.emplea-te.com\\\/noticias-oposiciones\\\/cuerpo-de-gestion-civil-del-estado-a2-oeps-2017-2018-acceso-libre-publicada-la-relacion-de-aprobados-del-proceso-selectivo\\\/\",\"name\":\"Aprobados del Cuerpo de Gesti\u00f3n del Estado A2 (OEPs 2017-2018) acceso libre.\",\"isPartOf\":{\"@id\":\"https:\\\/\\\/www.emplea-te.com\\\/noticias-oposiciones\\\/#website\"},\"primaryImageOfPage\":{\"@id\":\"https:\\\/\\\/www.emplea-te.com\\\/noticias-oposiciones\\\/cuerpo-de-gestion-civil-del-estado-a2-oeps-2017-2018-acceso-libre-publicada-la-relacion-de-aprobados-del-proceso-selectivo\\\/#primaryimage\"},\"image\":{\"@id\":\"https:\\\/\\\/www.emplea-te.com\\\/noticias-oposiciones\\\/cuerpo-de-gestion-civil-del-estado-a2-oeps-2017-2018-acceso-libre-publicada-la-relacion-de-aprobados-del-proceso-selectivo\\\/#primaryimage\"},\"thumbnailUrl\":\"https:\\\/\\\/www.emplea-te.com\\\/noticias-oposiciones\\\/wp-content\\\/uploads\\\/2020\\\/12\\\/funicon-publica-y-territorial-300x300.png\",\"datePublished\":\"2021-03-04T09:48:24+00:00\",\"dateModified\":\"2021-09-07T14:53:02+00:00\",\"description\":\"Cuerpo de Gesti\u00f3n Civil del Estado A2 (OEPs 2017-2018) acceso libre. Publicada la relaci\u00f3n de aprobados del proceso selectivo.\",\"breadcrumb\":{\"@id\":\"https:\\\/\\\/www.emplea-te.com\\\/noticias-oposiciones\\\/cuerpo-de-gestion-civil-del-estado-a2-oeps-2017-2018-acceso-libre-publicada-la-relacion-de-aprobados-del-proceso-selectivo\\\/#breadcrumb\"},\"inLanguage\":\"es\",\"potentialAction\":[{\"@type\":\"ReadAction\",\"target\":[\"https:\\\/\\\/www.emplea-te.com\\\/noticias-oposiciones\\\/cuerpo-de-gestion-civil-del-estado-a2-oeps-2017-2018-acceso-libre-publicada-la-relacion-de-aprobados-del-proceso-selectivo\\\/\"]}]},{\"@type\":\"ImageObject\",\"inLanguage\":\"es\",\"@id\":\"https:\\\/\\\/www.emplea-te.com\\\/noticias-oposiciones\\\/cuerpo-de-gestion-civil-del-estado-a2-oeps-2017-2018-acceso-libre-publicada-la-relacion-de-aprobados-del-proceso-selectivo\\\/#primaryimage\",\"url\":\"https:\\\/\\\/www.emplea-te.com\\\/noticias-oposiciones\\\/wp-content\\\/uploads\\\/2020\\\/12\\\/funicon-publica-y-territorial.png\",\"contentUrl\":\"https:\\\/\\\/www.emplea-te.com\\\/noticias-oposiciones\\\/wp-content\\\/uploads\\\/2020\\\/12\\\/funicon-publica-y-territorial.png\",\"width\":400,\"height\":400},{\"@type\":\"BreadcrumbList\",\"@id\":\"https:\\\/\\\/www.emplea-te.com\\\/noticias-oposiciones\\\/cuerpo-de-gestion-civil-del-estado-a2-oeps-2017-2018-acceso-libre-publicada-la-relacion-de-aprobados-del-proceso-selectivo\\\/#breadcrumb\",\"itemListElement\":[{\"@type\":\"ListItem\",\"position\":1,\"name\":\"Noticias Oposiciones\",\"item\":\"https:\\\/\\\/www.emplea-te.com\\\/noticias-oposiciones\\\/\"},{\"@type\":\"ListItem\",\"position\":2,\"name\":\"Oposiciones Administraci\u00f3n General del Estado\",\"item\":\"https:\\\/\\\/www.emplea-te.com\\\/noticias-oposiciones\\\/categoria\\\/oposiciones-administracion-general-del-estado\\\/\"},{\"@type\":\"ListItem\",\"position\":3,\"name\":\"Cuerpo de Gesti\u00f3n Civil del Estado A2 (OEPs 2017-2018) acceso libre. Publicada la relaci\u00f3n de aprobados del proceso selectivo.\"}]},{\"@type\":\"WebSite\",\"@id\":\"https:\\\/\\\/www.emplea-te.com\\\/noticias-oposiciones\\\/#website\",\"url\":\"https:\\\/\\\/www.emplea-te.com\\\/noticias-oposiciones\\\/\",\"name\":\"Noticas de oposiciones por Academia Emplea-te\",\"description\":\"Toda la actualidad de las ofertas y convocatorias.\",\"publisher\":{\"@id\":\"https:\\\/\\\/www.emplea-te.com\\\/noticias-oposiciones\\\/#organization\"},\"potentialAction\":[{\"@type\":\"SearchAction\",\"target\":{\"@type\":\"EntryPoint\",\"urlTemplate\":\"https:\\\/\\\/www.emplea-te.com\\\/noticias-oposiciones\\\/?s={search_term_string}\"},\"query-input\":{\"@type\":\"PropertyValueSpecification\",\"valueRequired\":true,\"valueName\":\"search_term_string\"}}],\"inLanguage\":\"es\"},{\"@type\":\"Organization\",\"@id\":\"https:\\\/\\\/www.emplea-te.com\\\/noticias-oposiciones\\\/#organization\",\"name\":\"Academia de oposiciones Empl\u00e9ate\",\"url\":\"https:\\\/\\\/www.emplea-te.com\\\/noticias-oposiciones\\\/\",\"logo\":{\"@type\":\"ImageObject\",\"inLanguage\":\"es\",\"@id\":\"https:\\\/\\\/www.emplea-te.com\\\/noticias-oposiciones\\\/#\\\/schema\\\/logo\\\/image\\\/\",\"url\":\"https:\\\/\\\/www.emplea-te.com\\\/noticias-oposiciones\\\/wp-content\\\/uploads\\\/2019\\\/04\\\/empleate.jpg\",\"contentUrl\":\"https:\\\/\\\/www.emplea-te.com\\\/noticias-oposiciones\\\/wp-content\\\/uploads\\\/2019\\\/04\\\/empleate.jpg\",\"width\":250,\"height\":150,\"caption\":\"Academia de oposiciones Empl\u00e9ate\"},\"image\":{\"@id\":\"https:\\\/\\\/www.emplea-te.com\\\/noticias-oposiciones\\\/#\\\/schema\\\/logo\\\/image\\\/\"},\"sameAs\":[\"https:\\\/\\\/www.facebook.com\\\/AcademiaEmpleate\\\/\",\"https:\\\/\\\/x.com\\\/Emplea_Te\",\"https:\\\/\\\/www.instagram.com\\\/academia_empleate\\\/\"]},{\"@type\":\"Person\",\"@id\":\"https:\\\/\\\/www.emplea-te.com\\\/noticias-oposiciones\\\/#\\\/schema\\\/person\\\/d1bc587e1af2b95e9c32aba1795509a6\",\"name\":\"Empleate\"}]}<\/script>\n<!-- \/ Yoast SEO plugin. -->","yoast_head_json":{"title":"Aprobados del Cuerpo de Gesti\u00f3n del Estado A2 (OEPs 2017-2018) acceso libre.","description":"Cuerpo de Gesti\u00f3n Civil del Estado A2 (OEPs 2017-2018) acceso libre. Publicada la relaci\u00f3n de aprobados del proceso selectivo.","robots":{"index":"index","follow":"follow","max-snippet":"max-snippet:-1","max-image-preview":"max-image-preview:large","max-video-preview":"max-video-preview:-1"},"canonical":"https:\/\/www.emplea-te.com\/noticias-oposiciones\/cuerpo-de-gestion-civil-del-estado-a2-oeps-2017-2018-acceso-libre-publicada-la-relacion-de-aprobados-del-proceso-selectivo\/","og_locale":"es_ES","og_type":"article","og_title":"Aprobados del Cuerpo de Gesti\u00f3n del Estado A2 (OEPs 2017-2018) acceso libre.","og_description":"Cuerpo de Gesti\u00f3n Civil del Estado A2 (OEPs 2017-2018) acceso libre. Publicada la relaci\u00f3n de aprobados del proceso selectivo.","og_url":"https:\/\/www.emplea-te.com\/noticias-oposiciones\/cuerpo-de-gestion-civil-del-estado-a2-oeps-2017-2018-acceso-libre-publicada-la-relacion-de-aprobados-del-proceso-selectivo\/","og_site_name":"Noticas de oposiciones por Academia Emplea-te","article_publisher":"https:\/\/www.facebook.com\/AcademiaEmpleate\/","article_published_time":"2021-03-04T09:48:24+00:00","article_modified_time":"2021-09-07T14:53:02+00:00","og_image":[{"url":"https:\/\/www.emplea-te.com\/noticias-oposiciones\/wp-content\/uploads\/2020\/12\/funicon-publica-y-territorial-300x300.png","type":"","width":"","height":""}],"author":"Empleate","twitter_card":"summary_large_image","twitter_creator":"@Emplea_Te","twitter_site":"@Emplea_Te","twitter_misc":{"Escrito por":"Empleate","Tiempo de lectura":"1 minuto"},"schema":{"@context":"https:\/\/schema.org","@graph":[{"@type":"Article","@id":"https:\/\/www.emplea-te.com\/noticias-oposiciones\/cuerpo-de-gestion-civil-del-estado-a2-oeps-2017-2018-acceso-libre-publicada-la-relacion-de-aprobados-del-proceso-selectivo\/#article","isPartOf":{"@id":"https:\/\/www.emplea-te.com\/noticias-oposiciones\/cuerpo-de-gestion-civil-del-estado-a2-oeps-2017-2018-acceso-libre-publicada-la-relacion-de-aprobados-del-proceso-selectivo\/"},"author":{"name":"Empleate","@id":"https:\/\/www.emplea-te.com\/noticias-oposiciones\/#\/schema\/person\/d1bc587e1af2b95e9c32aba1795509a6"},"headline":"Cuerpo de Gesti\u00f3n Civil del Estado A2 (OEPs 2017-2018) acceso libre. Publicada la relaci\u00f3n de aprobados del proceso selectivo.","datePublished":"2021-03-04T09:48:24+00:00","dateModified":"2021-09-07T14:53:02+00:00","mainEntityOfPage":{"@id":"https:\/\/www.emplea-te.com\/noticias-oposiciones\/cuerpo-de-gestion-civil-del-estado-a2-oeps-2017-2018-acceso-libre-publicada-la-relacion-de-aprobados-del-proceso-selectivo\/"},"wordCount":290,"publisher":{"@id":"https:\/\/www.emplea-te.com\/noticias-oposiciones\/#organization"},"image":{"@id":"https:\/\/www.emplea-te.com\/noticias-oposiciones\/cuerpo-de-gestion-civil-del-estado-a2-oeps-2017-2018-acceso-libre-publicada-la-relacion-de-aprobados-del-proceso-selectivo\/#primaryimage"},"thumbnailUrl":"https:\/\/www.emplea-te.com\/noticias-oposiciones\/wp-content\/uploads\/2020\/12\/funicon-publica-y-territorial-300x300.png","keywords":["Puntuaciones y notas de corte"],"articleSection":["Administraci\u00f3n General del Estado.","Oposiciones Administraci\u00f3n General del Estado","Oposiciones Gesti\u00f3n de la Administraci\u00f3n Civil A2"],"inLanguage":"es"},{"@type":"WebPage","@id":"https:\/\/www.emplea-te.com\/noticias-oposiciones\/cuerpo-de-gestion-civil-del-estado-a2-oeps-2017-2018-acceso-libre-publicada-la-relacion-de-aprobados-del-proceso-selectivo\/","url":"https:\/\/www.emplea-te.com\/noticias-oposiciones\/cuerpo-de-gestion-civil-del-estado-a2-oeps-2017-2018-acceso-libre-publicada-la-relacion-de-aprobados-del-proceso-selectivo\/","name":"Aprobados del Cuerpo de Gesti\u00f3n del Estado A2 (OEPs 2017-2018) acceso libre.","isPartOf":{"@id":"https:\/\/www.emplea-te.com\/noticias-oposiciones\/#website"},"primaryImageOfPage":{"@id":"https:\/\/www.emplea-te.com\/noticias-oposiciones\/cuerpo-de-gestion-civil-del-estado-a2-oeps-2017-2018-acceso-libre-publicada-la-relacion-de-aprobados-del-proceso-selectivo\/#primaryimage"},"image":{"@id":"https:\/\/www.emplea-te.com\/noticias-oposiciones\/cuerpo-de-gestion-civil-del-estado-a2-oeps-2017-2018-acceso-libre-publicada-la-relacion-de-aprobados-del-proceso-selectivo\/#primaryimage"},"thumbnailUrl":"https:\/\/www.emplea-te.com\/noticias-oposiciones\/wp-content\/uploads\/2020\/12\/funicon-publica-y-territorial-300x300.png","datePublished":"2021-03-04T09:48:24+00:00","dateModified":"2021-09-07T14:53:02+00:00","description":"Cuerpo de Gesti\u00f3n Civil del Estado A2 (OEPs 2017-2018) acceso libre. Publicada la relaci\u00f3n de aprobados del proceso selectivo.","breadcrumb":{"@id":"https:\/\/www.emplea-te.com\/noticias-oposiciones\/cuerpo-de-gestion-civil-del-estado-a2-oeps-2017-2018-acceso-libre-publicada-la-relacion-de-aprobados-del-proceso-selectivo\/#breadcrumb"},"inLanguage":"es","potentialAction":[{"@type":"ReadAction","target":["https:\/\/www.emplea-te.com\/noticias-oposiciones\/cuerpo-de-gestion-civil-del-estado-a2-oeps-2017-2018-acceso-libre-publicada-la-relacion-de-aprobados-del-proceso-selectivo\/"]}]},{"@type":"ImageObject","inLanguage":"es","@id":"https:\/\/www.emplea-te.com\/noticias-oposiciones\/cuerpo-de-gestion-civil-del-estado-a2-oeps-2017-2018-acceso-libre-publicada-la-relacion-de-aprobados-del-proceso-selectivo\/#primaryimage","url":"https:\/\/www.emplea-te.com\/noticias-oposiciones\/wp-content\/uploads\/2020\/12\/funicon-publica-y-territorial.png","contentUrl":"https:\/\/www.emplea-te.com\/noticias-oposiciones\/wp-content\/uploads\/2020\/12\/funicon-publica-y-territorial.png","width":400,"height":400},{"@type":"BreadcrumbList","@id":"https:\/\/www.emplea-te.com\/noticias-oposiciones\/cuerpo-de-gestion-civil-del-estado-a2-oeps-2017-2018-acceso-libre-publicada-la-relacion-de-aprobados-del-proceso-selectivo\/#breadcrumb","itemListElement":[{"@type":"ListItem","position":1,"name":"Noticias Oposiciones","item":"https:\/\/www.emplea-te.com\/noticias-oposiciones\/"},{"@type":"ListItem","position":2,"name":"Oposiciones Administraci\u00f3n General del Estado","item":"https:\/\/www.emplea-te.com\/noticias-oposiciones\/categoria\/oposiciones-administracion-general-del-estado\/"},{"@type":"ListItem","position":3,"name":"Cuerpo de Gesti\u00f3n Civil del Estado A2 (OEPs 2017-2018) acceso libre. Publicada la relaci\u00f3n de aprobados del proceso selectivo."}]},{"@type":"WebSite","@id":"https:\/\/www.emplea-te.com\/noticias-oposiciones\/#website","url":"https:\/\/www.emplea-te.com\/noticias-oposiciones\/","name":"Noticas de oposiciones por Academia Emplea-te","description":"Toda la actualidad de las ofertas y convocatorias.","publisher":{"@id":"https:\/\/www.emplea-te.com\/noticias-oposiciones\/#organization"},"potentialAction":[{"@type":"SearchAction","target":{"@type":"EntryPoint","urlTemplate":"https:\/\/www.emplea-te.com\/noticias-oposiciones\/?s={search_term_string}"},"query-input":{"@type":"PropertyValueSpecification","valueRequired":true,"valueName":"search_term_string"}}],"inLanguage":"es"},{"@type":"Organization","@id":"https:\/\/www.emplea-te.com\/noticias-oposiciones\/#organization","name":"Academia de oposiciones Empl\u00e9ate","url":"https:\/\/www.emplea-te.com\/noticias-oposiciones\/","logo":{"@type":"ImageObject","inLanguage":"es","@id":"https:\/\/www.emplea-te.com\/noticias-oposiciones\/#\/schema\/logo\/image\/","url":"https:\/\/www.emplea-te.com\/noticias-oposiciones\/wp-content\/uploads\/2019\/04\/empleate.jpg","contentUrl":"https:\/\/www.emplea-te.com\/noticias-oposiciones\/wp-content\/uploads\/2019\/04\/empleate.jpg","width":250,"height":150,"caption":"Academia de oposiciones Empl\u00e9ate"},"image":{"@id":"https:\/\/www.emplea-te.com\/noticias-oposiciones\/#\/schema\/logo\/image\/"},"sameAs":["https:\/\/www.facebook.com\/AcademiaEmpleate\/","https:\/\/x.com\/Emplea_Te","https:\/\/www.instagram.com\/academia_empleate\/"]},{"@type":"Person","@id":"https:\/\/www.emplea-te.com\/noticias-oposiciones\/#\/schema\/person\/d1bc587e1af2b95e9c32aba1795509a6","name":"Empleate"}]}},"_links":{"self":[{"href":"https:\/\/www.emplea-te.com\/noticias-oposiciones\/wp-json\/wp\/v2\/posts\/4350","targetHints":{"allow":["GET"]}}],"collection":[{"href":"https:\/\/www.emplea-te.com\/noticias-oposiciones\/wp-json\/wp\/v2\/posts"}],"about":[{"href":"https:\/\/www.emplea-te.com\/noticias-oposiciones\/wp-json\/wp\/v2\/types\/post"}],"author":[{"embeddable":true,"href":"https:\/\/www.emplea-te.com\/noticias-oposiciones\/wp-json\/wp\/v2\/users\/1"}],"replies":[{"embeddable":true,"href":"https:\/\/www.emplea-te.com\/noticias-oposiciones\/wp-json\/wp\/v2\/comments?post=4350"}],"version-history":[{"count":1,"href":"https:\/\/www.emplea-te.com\/noticias-oposiciones\/wp-json\/wp\/v2\/posts\/4350\/revisions"}],"predecessor-version":[{"id":4351,"href":"https:\/\/www.emplea-te.com\/noticias-oposiciones\/wp-json\/wp\/v2\/posts\/4350\/revisions\/4351"}],"wp:attachment":[{"href":"https:\/\/www.emplea-te.com\/noticias-oposiciones\/wp-json\/wp\/v2\/media?parent=4350"}],"wp:term":[{"taxonomy":"category","embeddable":true,"href":"https:\/\/www.emplea-te.com\/noticias-oposiciones\/wp-json\/wp\/v2\/categories?post=4350"},{"taxonomy":"post_tag","embeddable":true,"href":"https:\/\/www.emplea-te.com\/noticias-oposiciones\/wp-json\/wp\/v2\/tags?post=4350"}],"curies":[{"name":"wp","href":"https:\/\/api.w.org\/{rel}","templated":true}]}}