{"id":4455,"date":"2021-03-26T09:59:30","date_gmt":"2021-03-26T08:59:30","guid":{"rendered":"https:\/\/www.emplea-te.com\/noticias-oposiciones\/?p=4455"},"modified":"2021-03-26T09:59:30","modified_gmt":"2021-03-26T08:59:30","slug":"ayuntamiento-de-arzua-nueva-convocatoria-de-bases-y-convocatoria-de-creacion-de-empleo-para-el-nombramiento-de-funcionarios-temporales-del-grupo-c-subgrupo-c2-escala-admon-general-subescala-auxil","status":"publish","type":"post","link":"https:\/\/www.emplea-te.com\/noticias-oposiciones\/ayuntamiento-de-arzua-nueva-convocatoria-de-bases-y-convocatoria-de-creacion-de-empleo-para-el-nombramiento-de-funcionarios-temporales-del-grupo-c-subgrupo-c2-escala-admon-general-subescala-auxil\/","title":{"rendered":"Ayuntamiento de Arz\u00faa. Nueva convocatoria de bases y convocatoria de creaci\u00f3n de empleo para el nombramiento de funcionarios temporales del grupo C, subgrupo C2, Escala Adm\u00f3n. General, Subescala Auxiliar, ya que se anulan las bases publicadas en el BOP de 23.3.2021"},"content":{"rendered":"<p><img decoding=\"async\" class=\"alignnone size-full wp-image-3075\" src=\"https:\/\/www.emplea-te.com\/noticias-oposiciones\/wp-content\/uploads\/2020\/03\/logo-mobile-academia-de-oposiciones-empleate.gif\" alt=\"\" width=\"130\" height=\"43\" srcset=\"https:\/\/www.emplea-te.com\/noticias-oposiciones\/wp-content\/uploads\/2020\/03\/logo-mobile-academia-de-oposiciones-empleate.gif 130w, https:\/\/www.emplea-te.com\/noticias-oposiciones\/wp-content\/uploads\/2020\/03\/logo-mobile-academia-de-oposiciones-empleate-20x7.gif 20w\" sizes=\"(max-width: 130px) 85vw, 130px\" \/><\/p>\n<p>Ayuntamiento de Arz\u00faa:<\/p>\n<p>Se publica en el BOP de la provincia de A Coru\u00f1a n\u00famero 57\u00a0 y con fecha 26.03.2021 la:<\/p>\n<p><span><strong>Nueva convocatoria de bases y convocatoria de creaci\u00f3n de empleo para el nombramiento de funcionarios temporales del grupo C, subgrupo C2<\/strong>, Escala Adm\u00f3n.\u00a0<\/span><span>General, Subescala Auxiliar, <strong>ya que se anulan las bases publicadas en el BOP de 23.3.2021<\/strong><\/span><\/p>\n<p><strong>El plazo para la presentaci\u00f3n de instancias<\/strong>, en el registro general del Ayuntamiento de Arz\u00faa (calle Santiado n.\u00ba 2, CP 15810 Arz\u00faa, A Coru\u00f1a), o de manera telem\u00e1tica en la Sede Electr\u00f3nica del Ayuntamiento de Arz\u00faa (<a href=\"http:\/\/www.sede.concellodearzua.com\" target=\"_blank\" rel=\"noopener noreferrer\">https: \/\/ sede .concellodearzua.com \/<\/a>) o por cualquiera de los procedimientos previstos en el art\u00edculo 16 de la Ley 39\/2015, de 1 de octubre de 2015, del Procedimiento Administrativo Com\u00fan de las Administraciones P\u00fablicas, ser\u00e1n DIEZ (10) D\u00cdAS NATURALES contados desde el siguiente hasta la publicaci\u00f3n del anuncio de la convocatoria en el Bolet\u00edn Oficial de la Provincia. Si el \u00faltimo d\u00eda es inh\u00e1bil, el plazo finalizar\u00e1 el siguiente d\u00eda laborable.<\/p>\n<p><a href=\"https:\/\/bop.dicoruna.es\/bopportal\/publicado\/2021\/03\/26\/2021_0000002368.html\" target=\"_blank\" rel=\"noopener noreferrer\">Accede a la publicaci\u00f3n de la nueva convocatoria desde este enlace<\/a><\/p>\n<p><a href=\"https:\/\/www.emplea-te.com\/55\/oposiciones-de-comunidad-autonoma-de-galicia\" target=\"_blank\" rel=\"noopener noreferrer\">Inf\u00f3rmate en este enlace de c\u00f3mo prepararte en nuestros grupos presenciales y grupos online.\u00a0<\/a><\/p>\n<p>&nbsp;<\/p>\n","protected":false},"excerpt":{"rendered":"<p>Ayuntamiento de Arz\u00faa: Se publica en el BOP de la provincia de A Coru\u00f1a n\u00famero 57\u00a0 y con fecha 26.03.2021 la: Nueva convocatoria de bases y convocatoria de creaci\u00f3n de empleo para el nombramiento de funcionarios temporales del grupo C, subgrupo C2, Escala Adm\u00f3n.\u00a0General, Subescala Auxiliar, ya que se anulan las bases publicadas en el &hellip; <a href=\"https:\/\/www.emplea-te.com\/noticias-oposiciones\/ayuntamiento-de-arzua-nueva-convocatoria-de-bases-y-convocatoria-de-creacion-de-empleo-para-el-nombramiento-de-funcionarios-temporales-del-grupo-c-subgrupo-c2-escala-admon-general-subescala-auxil\/\" class=\"more-link\">Continuar leyendo<span class=\"screen-reader-text\"> \u00abAyuntamiento de Arz\u00faa. Nueva convocatoria de bases y convocatoria de creaci\u00f3n de empleo para el nombramiento de funcionarios temporales del grupo C, subgrupo C2, Escala Adm\u00f3n. General, Subescala Auxiliar, ya que se anulan las bases publicadas en el BOP de 23.3.2021\u00bb<\/span><\/a><\/p>\n","protected":false},"author":1,"featured_media":0,"comment_status":"closed","ping_status":"closed","sticky":false,"template":"","format":"standard","meta":{"footnotes":""},"categories":[37,56],"tags":[49],"class_list":["post-4455","post","type-post","status-publish","format-standard","hentry","category-convocatorias-ayuntamientos","category-oposiciones-autonomicas-galicia","tag-convocatorias-de-oposiciones"],"yoast_head":"<!-- This site is optimized with the Yoast SEO plugin v27.5 - https:\/\/yoast.com\/product\/yoast-seo-wordpress\/ -->\n<title>Ayuntamiento de Arz\u00faa Nueva convocatoria de bases y convocatoria de creaci\u00f3n de empleo para el nombramiento de funcionarios temporales del grupo C subgrupo C2 auxiliares administrativos<\/title>\n<meta name=\"description\" content=\"Ayuntamiento de Arz\u00faa Nueva convocatoria de bases y convocatoria de creaci\u00f3n de empleo para el nombramiento de funcionarios temporales del grupo C subgrupo C2 auxiliares administrativos\" \/>\n<meta name=\"robots\" content=\"index, follow, max-snippet:-1, max-image-preview:large, max-video-preview:-1\" \/>\n<link rel=\"canonical\" href=\"https:\/\/www.emplea-te.com\/noticias-oposiciones\/ayuntamiento-de-arzua-nueva-convocatoria-de-bases-y-convocatoria-de-creacion-de-empleo-para-el-nombramiento-de-funcionarios-temporales-del-grupo-c-subgrupo-c2-escala-admon-general-subescala-auxil\/\" \/>\n<meta property=\"og:locale\" content=\"es_ES\" \/>\n<meta property=\"og:type\" content=\"article\" \/>\n<meta property=\"og:title\" content=\"Ayuntamiento de Arz\u00faa Nueva convocatoria de bases y convocatoria de creaci\u00f3n de empleo para el nombramiento de funcionarios temporales del grupo C subgrupo C2 auxiliares administrativos\" \/>\n<meta property=\"og:description\" content=\"Ayuntamiento de Arz\u00faa Nueva convocatoria de bases y convocatoria de creaci\u00f3n de empleo para el nombramiento de funcionarios temporales del grupo C subgrupo C2 auxiliares administrativos\" \/>\n<meta property=\"og:url\" content=\"https:\/\/www.emplea-te.com\/noticias-oposiciones\/ayuntamiento-de-arzua-nueva-convocatoria-de-bases-y-convocatoria-de-creacion-de-empleo-para-el-nombramiento-de-funcionarios-temporales-del-grupo-c-subgrupo-c2-escala-admon-general-subescala-auxil\/\" \/>\n<meta property=\"og:site_name\" content=\"Noticas de oposiciones por Academia Emplea-te\" \/>\n<meta property=\"article:publisher\" content=\"https:\/\/www.facebook.com\/AcademiaEmpleate\/\" \/>\n<meta property=\"article:published_time\" content=\"2021-03-26T08:59:30+00:00\" \/>\n<meta property=\"og:image\" content=\"https:\/\/www.emplea-te.com\/noticias-oposiciones\/wp-content\/uploads\/2020\/03\/logo-mobile-academia-de-oposiciones-empleate.gif\" \/>\n<meta name=\"author\" content=\"Empleate\" \/>\n<meta name=\"twitter:card\" content=\"summary_large_image\" \/>\n<meta name=\"twitter:creator\" content=\"@Emplea_Te\" \/>\n<meta name=\"twitter:site\" content=\"@Emplea_Te\" \/>\n<meta name=\"twitter:label1\" content=\"Escrito por\" \/>\n\t<meta name=\"twitter:data1\" content=\"Empleate\" \/>\n\t<meta name=\"twitter:label2\" content=\"Tiempo de lectura\" \/>\n\t<meta name=\"twitter:data2\" content=\"2 minutos\" \/>\n<script type=\"application\/ld+json\" class=\"yoast-schema-graph\">{\"@context\":\"https:\\\/\\\/schema.org\",\"@graph\":[{\"@type\":\"Article\",\"@id\":\"https:\\\/\\\/www.emplea-te.com\\\/noticias-oposiciones\\\/ayuntamiento-de-arzua-nueva-convocatoria-de-bases-y-convocatoria-de-creacion-de-empleo-para-el-nombramiento-de-funcionarios-temporales-del-grupo-c-subgrupo-c2-escala-admon-general-subescala-auxil\\\/#article\",\"isPartOf\":{\"@id\":\"https:\\\/\\\/www.emplea-te.com\\\/noticias-oposiciones\\\/ayuntamiento-de-arzua-nueva-convocatoria-de-bases-y-convocatoria-de-creacion-de-empleo-para-el-nombramiento-de-funcionarios-temporales-del-grupo-c-subgrupo-c2-escala-admon-general-subescala-auxil\\\/\"},\"author\":{\"name\":\"Empleate\",\"@id\":\"https:\\\/\\\/www.emplea-te.com\\\/noticias-oposiciones\\\/#\\\/schema\\\/person\\\/d1bc587e1af2b95e9c32aba1795509a6\"},\"headline\":\"Ayuntamiento de Arz\u00faa. Nueva convocatoria de bases y convocatoria de creaci\u00f3n de empleo para el nombramiento de funcionarios temporales del grupo C, subgrupo C2, Escala Adm\u00f3n. General, Subescala Auxiliar, ya que se anulan las bases publicadas en el BOP de 23.3.2021\",\"datePublished\":\"2021-03-26T08:59:30+00:00\",\"mainEntityOfPage\":{\"@id\":\"https:\\\/\\\/www.emplea-te.com\\\/noticias-oposiciones\\\/ayuntamiento-de-arzua-nueva-convocatoria-de-bases-y-convocatoria-de-creacion-de-empleo-para-el-nombramiento-de-funcionarios-temporales-del-grupo-c-subgrupo-c2-escala-admon-general-subescala-auxil\\\/\"},\"wordCount\":249,\"publisher\":{\"@id\":\"https:\\\/\\\/www.emplea-te.com\\\/noticias-oposiciones\\\/#organization\"},\"image\":{\"@id\":\"https:\\\/\\\/www.emplea-te.com\\\/noticias-oposiciones\\\/ayuntamiento-de-arzua-nueva-convocatoria-de-bases-y-convocatoria-de-creacion-de-empleo-para-el-nombramiento-de-funcionarios-temporales-del-grupo-c-subgrupo-c2-escala-admon-general-subescala-auxil\\\/#primaryimage\"},\"thumbnailUrl\":\"https:\\\/\\\/www.emplea-te.com\\\/noticias-oposiciones\\\/wp-content\\\/uploads\\\/2020\\\/03\\\/logo-mobile-academia-de-oposiciones-empleate.gif\",\"keywords\":[\"Convocatoria\"],\"articleSection\":[\"Convocatorias Ayuntamientos\",\"Oposiciones Auton\u00f3micas Galicia\"],\"inLanguage\":\"es\"},{\"@type\":\"WebPage\",\"@id\":\"https:\\\/\\\/www.emplea-te.com\\\/noticias-oposiciones\\\/ayuntamiento-de-arzua-nueva-convocatoria-de-bases-y-convocatoria-de-creacion-de-empleo-para-el-nombramiento-de-funcionarios-temporales-del-grupo-c-subgrupo-c2-escala-admon-general-subescala-auxil\\\/\",\"url\":\"https:\\\/\\\/www.emplea-te.com\\\/noticias-oposiciones\\\/ayuntamiento-de-arzua-nueva-convocatoria-de-bases-y-convocatoria-de-creacion-de-empleo-para-el-nombramiento-de-funcionarios-temporales-del-grupo-c-subgrupo-c2-escala-admon-general-subescala-auxil\\\/\",\"name\":\"Ayuntamiento de Arz\u00faa Nueva convocatoria de bases y convocatoria de creaci\u00f3n de empleo para el nombramiento de funcionarios temporales del grupo C subgrupo C2 auxiliares administrativos\",\"isPartOf\":{\"@id\":\"https:\\\/\\\/www.emplea-te.com\\\/noticias-oposiciones\\\/#website\"},\"primaryImageOfPage\":{\"@id\":\"https:\\\/\\\/www.emplea-te.com\\\/noticias-oposiciones\\\/ayuntamiento-de-arzua-nueva-convocatoria-de-bases-y-convocatoria-de-creacion-de-empleo-para-el-nombramiento-de-funcionarios-temporales-del-grupo-c-subgrupo-c2-escala-admon-general-subescala-auxil\\\/#primaryimage\"},\"image\":{\"@id\":\"https:\\\/\\\/www.emplea-te.com\\\/noticias-oposiciones\\\/ayuntamiento-de-arzua-nueva-convocatoria-de-bases-y-convocatoria-de-creacion-de-empleo-para-el-nombramiento-de-funcionarios-temporales-del-grupo-c-subgrupo-c2-escala-admon-general-subescala-auxil\\\/#primaryimage\"},\"thumbnailUrl\":\"https:\\\/\\\/www.emplea-te.com\\\/noticias-oposiciones\\\/wp-content\\\/uploads\\\/2020\\\/03\\\/logo-mobile-academia-de-oposiciones-empleate.gif\",\"datePublished\":\"2021-03-26T08:59:30+00:00\",\"description\":\"Ayuntamiento de Arz\u00faa Nueva convocatoria de bases y convocatoria de creaci\u00f3n de empleo para el nombramiento de funcionarios temporales del grupo C subgrupo C2 auxiliares administrativos\",\"breadcrumb\":{\"@id\":\"https:\\\/\\\/www.emplea-te.com\\\/noticias-oposiciones\\\/ayuntamiento-de-arzua-nueva-convocatoria-de-bases-y-convocatoria-de-creacion-de-empleo-para-el-nombramiento-de-funcionarios-temporales-del-grupo-c-subgrupo-c2-escala-admon-general-subescala-auxil\\\/#breadcrumb\"},\"inLanguage\":\"es\",\"potentialAction\":[{\"@type\":\"ReadAction\",\"target\":[\"https:\\\/\\\/www.emplea-te.com\\\/noticias-oposiciones\\\/ayuntamiento-de-arzua-nueva-convocatoria-de-bases-y-convocatoria-de-creacion-de-empleo-para-el-nombramiento-de-funcionarios-temporales-del-grupo-c-subgrupo-c2-escala-admon-general-subescala-auxil\\\/\"]}]},{\"@type\":\"ImageObject\",\"inLanguage\":\"es\",\"@id\":\"https:\\\/\\\/www.emplea-te.com\\\/noticias-oposiciones\\\/ayuntamiento-de-arzua-nueva-convocatoria-de-bases-y-convocatoria-de-creacion-de-empleo-para-el-nombramiento-de-funcionarios-temporales-del-grupo-c-subgrupo-c2-escala-admon-general-subescala-auxil\\\/#primaryimage\",\"url\":\"https:\\\/\\\/www.emplea-te.com\\\/noticias-oposiciones\\\/wp-content\\\/uploads\\\/2020\\\/03\\\/logo-mobile-academia-de-oposiciones-empleate.gif\",\"contentUrl\":\"https:\\\/\\\/www.emplea-te.com\\\/noticias-oposiciones\\\/wp-content\\\/uploads\\\/2020\\\/03\\\/logo-mobile-academia-de-oposiciones-empleate.gif\",\"width\":130,\"height\":43},{\"@type\":\"BreadcrumbList\",\"@id\":\"https:\\\/\\\/www.emplea-te.com\\\/noticias-oposiciones\\\/ayuntamiento-de-arzua-nueva-convocatoria-de-bases-y-convocatoria-de-creacion-de-empleo-para-el-nombramiento-de-funcionarios-temporales-del-grupo-c-subgrupo-c2-escala-admon-general-subescala-auxil\\\/#breadcrumb\",\"itemListElement\":[{\"@type\":\"ListItem\",\"position\":1,\"name\":\"Noticias Oposiciones\",\"item\":\"https:\\\/\\\/www.emplea-te.com\\\/noticias-oposiciones\\\/\"},{\"@type\":\"ListItem\",\"position\":2,\"name\":\"Oposiciones Auton\u00f3micas Galicia\",\"item\":\"https:\\\/\\\/www.emplea-te.com\\\/noticias-oposiciones\\\/categoria\\\/oposiciones-autonomicas-galicia\\\/\"},{\"@type\":\"ListItem\",\"position\":3,\"name\":\"Ayuntamiento de Arz\u00faa. Nueva convocatoria de bases y convocatoria de creaci\u00f3n de empleo para el nombramiento de funcionarios temporales del grupo C, subgrupo C2, Escala Adm\u00f3n. General, Subescala Auxiliar, ya que se anulan las bases publicadas en el BOP de 23.3.2021\"}]},{\"@type\":\"WebSite\",\"@id\":\"https:\\\/\\\/www.emplea-te.com\\\/noticias-oposiciones\\\/#website\",\"url\":\"https:\\\/\\\/www.emplea-te.com\\\/noticias-oposiciones\\\/\",\"name\":\"Noticas de oposiciones por Academia Emplea-te\",\"description\":\"Toda la actualidad de las ofertas y convocatorias.\",\"publisher\":{\"@id\":\"https:\\\/\\\/www.emplea-te.com\\\/noticias-oposiciones\\\/#organization\"},\"potentialAction\":[{\"@type\":\"SearchAction\",\"target\":{\"@type\":\"EntryPoint\",\"urlTemplate\":\"https:\\\/\\\/www.emplea-te.com\\\/noticias-oposiciones\\\/?s={search_term_string}\"},\"query-input\":{\"@type\":\"PropertyValueSpecification\",\"valueRequired\":true,\"valueName\":\"search_term_string\"}}],\"inLanguage\":\"es\"},{\"@type\":\"Organization\",\"@id\":\"https:\\\/\\\/www.emplea-te.com\\\/noticias-oposiciones\\\/#organization\",\"name\":\"Academia de oposiciones Empl\u00e9ate\",\"url\":\"https:\\\/\\\/www.emplea-te.com\\\/noticias-oposiciones\\\/\",\"logo\":{\"@type\":\"ImageObject\",\"inLanguage\":\"es\",\"@id\":\"https:\\\/\\\/www.emplea-te.com\\\/noticias-oposiciones\\\/#\\\/schema\\\/logo\\\/image\\\/\",\"url\":\"https:\\\/\\\/www.emplea-te.com\\\/noticias-oposiciones\\\/wp-content\\\/uploads\\\/2019\\\/04\\\/empleate.jpg\",\"contentUrl\":\"https:\\\/\\\/www.emplea-te.com\\\/noticias-oposiciones\\\/wp-content\\\/uploads\\\/2019\\\/04\\\/empleate.jpg\",\"width\":250,\"height\":150,\"caption\":\"Academia de oposiciones Empl\u00e9ate\"},\"image\":{\"@id\":\"https:\\\/\\\/www.emplea-te.com\\\/noticias-oposiciones\\\/#\\\/schema\\\/logo\\\/image\\\/\"},\"sameAs\":[\"https:\\\/\\\/www.facebook.com\\\/AcademiaEmpleate\\\/\",\"https:\\\/\\\/x.com\\\/Emplea_Te\",\"https:\\\/\\\/www.instagram.com\\\/academia_empleate\\\/\"]},{\"@type\":\"Person\",\"@id\":\"https:\\\/\\\/www.emplea-te.com\\\/noticias-oposiciones\\\/#\\\/schema\\\/person\\\/d1bc587e1af2b95e9c32aba1795509a6\",\"name\":\"Empleate\"}]}<\/script>\n<!-- \/ Yoast SEO plugin. -->","yoast_head_json":{"title":"Ayuntamiento de Arz\u00faa Nueva convocatoria de bases y convocatoria de creaci\u00f3n de empleo para el nombramiento de funcionarios temporales del grupo C subgrupo C2 auxiliares administrativos","description":"Ayuntamiento de Arz\u00faa Nueva convocatoria de bases y convocatoria de creaci\u00f3n de empleo para el nombramiento de funcionarios temporales del grupo C subgrupo C2 auxiliares administrativos","robots":{"index":"index","follow":"follow","max-snippet":"max-snippet:-1","max-image-preview":"max-image-preview:large","max-video-preview":"max-video-preview:-1"},"canonical":"https:\/\/www.emplea-te.com\/noticias-oposiciones\/ayuntamiento-de-arzua-nueva-convocatoria-de-bases-y-convocatoria-de-creacion-de-empleo-para-el-nombramiento-de-funcionarios-temporales-del-grupo-c-subgrupo-c2-escala-admon-general-subescala-auxil\/","og_locale":"es_ES","og_type":"article","og_title":"Ayuntamiento de Arz\u00faa Nueva convocatoria de bases y convocatoria de creaci\u00f3n de empleo para el nombramiento de funcionarios temporales del grupo C subgrupo C2 auxiliares administrativos","og_description":"Ayuntamiento de Arz\u00faa Nueva convocatoria de bases y convocatoria de creaci\u00f3n de empleo para el nombramiento de funcionarios temporales del grupo C subgrupo C2 auxiliares administrativos","og_url":"https:\/\/www.emplea-te.com\/noticias-oposiciones\/ayuntamiento-de-arzua-nueva-convocatoria-de-bases-y-convocatoria-de-creacion-de-empleo-para-el-nombramiento-de-funcionarios-temporales-del-grupo-c-subgrupo-c2-escala-admon-general-subescala-auxil\/","og_site_name":"Noticas de oposiciones por Academia Emplea-te","article_publisher":"https:\/\/www.facebook.com\/AcademiaEmpleate\/","article_published_time":"2021-03-26T08:59:30+00:00","og_image":[{"url":"https:\/\/www.emplea-te.com\/noticias-oposiciones\/wp-content\/uploads\/2020\/03\/logo-mobile-academia-de-oposiciones-empleate.gif","type":"","width":"","height":""}],"author":"Empleate","twitter_card":"summary_large_image","twitter_creator":"@Emplea_Te","twitter_site":"@Emplea_Te","twitter_misc":{"Escrito por":"Empleate","Tiempo de lectura":"2 minutos"},"schema":{"@context":"https:\/\/schema.org","@graph":[{"@type":"Article","@id":"https:\/\/www.emplea-te.com\/noticias-oposiciones\/ayuntamiento-de-arzua-nueva-convocatoria-de-bases-y-convocatoria-de-creacion-de-empleo-para-el-nombramiento-de-funcionarios-temporales-del-grupo-c-subgrupo-c2-escala-admon-general-subescala-auxil\/#article","isPartOf":{"@id":"https:\/\/www.emplea-te.com\/noticias-oposiciones\/ayuntamiento-de-arzua-nueva-convocatoria-de-bases-y-convocatoria-de-creacion-de-empleo-para-el-nombramiento-de-funcionarios-temporales-del-grupo-c-subgrupo-c2-escala-admon-general-subescala-auxil\/"},"author":{"name":"Empleate","@id":"https:\/\/www.emplea-te.com\/noticias-oposiciones\/#\/schema\/person\/d1bc587e1af2b95e9c32aba1795509a6"},"headline":"Ayuntamiento de Arz\u00faa. Nueva convocatoria de bases y convocatoria de creaci\u00f3n de empleo para el nombramiento de funcionarios temporales del grupo C, subgrupo C2, Escala Adm\u00f3n. General, Subescala Auxiliar, ya que se anulan las bases publicadas en el BOP de 23.3.2021","datePublished":"2021-03-26T08:59:30+00:00","mainEntityOfPage":{"@id":"https:\/\/www.emplea-te.com\/noticias-oposiciones\/ayuntamiento-de-arzua-nueva-convocatoria-de-bases-y-convocatoria-de-creacion-de-empleo-para-el-nombramiento-de-funcionarios-temporales-del-grupo-c-subgrupo-c2-escala-admon-general-subescala-auxil\/"},"wordCount":249,"publisher":{"@id":"https:\/\/www.emplea-te.com\/noticias-oposiciones\/#organization"},"image":{"@id":"https:\/\/www.emplea-te.com\/noticias-oposiciones\/ayuntamiento-de-arzua-nueva-convocatoria-de-bases-y-convocatoria-de-creacion-de-empleo-para-el-nombramiento-de-funcionarios-temporales-del-grupo-c-subgrupo-c2-escala-admon-general-subescala-auxil\/#primaryimage"},"thumbnailUrl":"https:\/\/www.emplea-te.com\/noticias-oposiciones\/wp-content\/uploads\/2020\/03\/logo-mobile-academia-de-oposiciones-empleate.gif","keywords":["Convocatoria"],"articleSection":["Convocatorias Ayuntamientos","Oposiciones Auton\u00f3micas Galicia"],"inLanguage":"es"},{"@type":"WebPage","@id":"https:\/\/www.emplea-te.com\/noticias-oposiciones\/ayuntamiento-de-arzua-nueva-convocatoria-de-bases-y-convocatoria-de-creacion-de-empleo-para-el-nombramiento-de-funcionarios-temporales-del-grupo-c-subgrupo-c2-escala-admon-general-subescala-auxil\/","url":"https:\/\/www.emplea-te.com\/noticias-oposiciones\/ayuntamiento-de-arzua-nueva-convocatoria-de-bases-y-convocatoria-de-creacion-de-empleo-para-el-nombramiento-de-funcionarios-temporales-del-grupo-c-subgrupo-c2-escala-admon-general-subescala-auxil\/","name":"Ayuntamiento de Arz\u00faa Nueva convocatoria de bases y convocatoria de creaci\u00f3n de empleo para el nombramiento de funcionarios temporales del grupo C subgrupo C2 auxiliares administrativos","isPartOf":{"@id":"https:\/\/www.emplea-te.com\/noticias-oposiciones\/#website"},"primaryImageOfPage":{"@id":"https:\/\/www.emplea-te.com\/noticias-oposiciones\/ayuntamiento-de-arzua-nueva-convocatoria-de-bases-y-convocatoria-de-creacion-de-empleo-para-el-nombramiento-de-funcionarios-temporales-del-grupo-c-subgrupo-c2-escala-admon-general-subescala-auxil\/#primaryimage"},"image":{"@id":"https:\/\/www.emplea-te.com\/noticias-oposiciones\/ayuntamiento-de-arzua-nueva-convocatoria-de-bases-y-convocatoria-de-creacion-de-empleo-para-el-nombramiento-de-funcionarios-temporales-del-grupo-c-subgrupo-c2-escala-admon-general-subescala-auxil\/#primaryimage"},"thumbnailUrl":"https:\/\/www.emplea-te.com\/noticias-oposiciones\/wp-content\/uploads\/2020\/03\/logo-mobile-academia-de-oposiciones-empleate.gif","datePublished":"2021-03-26T08:59:30+00:00","description":"Ayuntamiento de Arz\u00faa Nueva convocatoria de bases y convocatoria de creaci\u00f3n de empleo para el nombramiento de funcionarios temporales del grupo C subgrupo C2 auxiliares administrativos","breadcrumb":{"@id":"https:\/\/www.emplea-te.com\/noticias-oposiciones\/ayuntamiento-de-arzua-nueva-convocatoria-de-bases-y-convocatoria-de-creacion-de-empleo-para-el-nombramiento-de-funcionarios-temporales-del-grupo-c-subgrupo-c2-escala-admon-general-subescala-auxil\/#breadcrumb"},"inLanguage":"es","potentialAction":[{"@type":"ReadAction","target":["https:\/\/www.emplea-te.com\/noticias-oposiciones\/ayuntamiento-de-arzua-nueva-convocatoria-de-bases-y-convocatoria-de-creacion-de-empleo-para-el-nombramiento-de-funcionarios-temporales-del-grupo-c-subgrupo-c2-escala-admon-general-subescala-auxil\/"]}]},{"@type":"ImageObject","inLanguage":"es","@id":"https:\/\/www.emplea-te.com\/noticias-oposiciones\/ayuntamiento-de-arzua-nueva-convocatoria-de-bases-y-convocatoria-de-creacion-de-empleo-para-el-nombramiento-de-funcionarios-temporales-del-grupo-c-subgrupo-c2-escala-admon-general-subescala-auxil\/#primaryimage","url":"https:\/\/www.emplea-te.com\/noticias-oposiciones\/wp-content\/uploads\/2020\/03\/logo-mobile-academia-de-oposiciones-empleate.gif","contentUrl":"https:\/\/www.emplea-te.com\/noticias-oposiciones\/wp-content\/uploads\/2020\/03\/logo-mobile-academia-de-oposiciones-empleate.gif","width":130,"height":43},{"@type":"BreadcrumbList","@id":"https:\/\/www.emplea-te.com\/noticias-oposiciones\/ayuntamiento-de-arzua-nueva-convocatoria-de-bases-y-convocatoria-de-creacion-de-empleo-para-el-nombramiento-de-funcionarios-temporales-del-grupo-c-subgrupo-c2-escala-admon-general-subescala-auxil\/#breadcrumb","itemListElement":[{"@type":"ListItem","position":1,"name":"Noticias Oposiciones","item":"https:\/\/www.emplea-te.com\/noticias-oposiciones\/"},{"@type":"ListItem","position":2,"name":"Oposiciones Auton\u00f3micas Galicia","item":"https:\/\/www.emplea-te.com\/noticias-oposiciones\/categoria\/oposiciones-autonomicas-galicia\/"},{"@type":"ListItem","position":3,"name":"Ayuntamiento de Arz\u00faa. Nueva convocatoria de bases y convocatoria de creaci\u00f3n de empleo para el nombramiento de funcionarios temporales del grupo C, subgrupo C2, Escala Adm\u00f3n. General, Subescala Auxiliar, ya que se anulan las bases publicadas en el BOP de 23.3.2021"}]},{"@type":"WebSite","@id":"https:\/\/www.emplea-te.com\/noticias-oposiciones\/#website","url":"https:\/\/www.emplea-te.com\/noticias-oposiciones\/","name":"Noticas de oposiciones por Academia Emplea-te","description":"Toda la actualidad de las ofertas y convocatorias.","publisher":{"@id":"https:\/\/www.emplea-te.com\/noticias-oposiciones\/#organization"},"potentialAction":[{"@type":"SearchAction","target":{"@type":"EntryPoint","urlTemplate":"https:\/\/www.emplea-te.com\/noticias-oposiciones\/?s={search_term_string}"},"query-input":{"@type":"PropertyValueSpecification","valueRequired":true,"valueName":"search_term_string"}}],"inLanguage":"es"},{"@type":"Organization","@id":"https:\/\/www.emplea-te.com\/noticias-oposiciones\/#organization","name":"Academia de oposiciones Empl\u00e9ate","url":"https:\/\/www.emplea-te.com\/noticias-oposiciones\/","logo":{"@type":"ImageObject","inLanguage":"es","@id":"https:\/\/www.emplea-te.com\/noticias-oposiciones\/#\/schema\/logo\/image\/","url":"https:\/\/www.emplea-te.com\/noticias-oposiciones\/wp-content\/uploads\/2019\/04\/empleate.jpg","contentUrl":"https:\/\/www.emplea-te.com\/noticias-oposiciones\/wp-content\/uploads\/2019\/04\/empleate.jpg","width":250,"height":150,"caption":"Academia de oposiciones Empl\u00e9ate"},"image":{"@id":"https:\/\/www.emplea-te.com\/noticias-oposiciones\/#\/schema\/logo\/image\/"},"sameAs":["https:\/\/www.facebook.com\/AcademiaEmpleate\/","https:\/\/x.com\/Emplea_Te","https:\/\/www.instagram.com\/academia_empleate\/"]},{"@type":"Person","@id":"https:\/\/www.emplea-te.com\/noticias-oposiciones\/#\/schema\/person\/d1bc587e1af2b95e9c32aba1795509a6","name":"Empleate"}]}},"_links":{"self":[{"href":"https:\/\/www.emplea-te.com\/noticias-oposiciones\/wp-json\/wp\/v2\/posts\/4455","targetHints":{"allow":["GET"]}}],"collection":[{"href":"https:\/\/www.emplea-te.com\/noticias-oposiciones\/wp-json\/wp\/v2\/posts"}],"about":[{"href":"https:\/\/www.emplea-te.com\/noticias-oposiciones\/wp-json\/wp\/v2\/types\/post"}],"author":[{"embeddable":true,"href":"https:\/\/www.emplea-te.com\/noticias-oposiciones\/wp-json\/wp\/v2\/users\/1"}],"replies":[{"embeddable":true,"href":"https:\/\/www.emplea-te.com\/noticias-oposiciones\/wp-json\/wp\/v2\/comments?post=4455"}],"version-history":[{"count":1,"href":"https:\/\/www.emplea-te.com\/noticias-oposiciones\/wp-json\/wp\/v2\/posts\/4455\/revisions"}],"predecessor-version":[{"id":4456,"href":"https:\/\/www.emplea-te.com\/noticias-oposiciones\/wp-json\/wp\/v2\/posts\/4455\/revisions\/4456"}],"wp:attachment":[{"href":"https:\/\/www.emplea-te.com\/noticias-oposiciones\/wp-json\/wp\/v2\/media?parent=4455"}],"wp:term":[{"taxonomy":"category","embeddable":true,"href":"https:\/\/www.emplea-te.com\/noticias-oposiciones\/wp-json\/wp\/v2\/categories?post=4455"},{"taxonomy":"post_tag","embeddable":true,"href":"https:\/\/www.emplea-te.com\/noticias-oposiciones\/wp-json\/wp\/v2\/tags?post=4455"}],"curies":[{"name":"wp","href":"https:\/\/api.w.org\/{rel}","templated":true}]}}