{"id":4458,"date":"2021-03-29T10:59:14","date_gmt":"2021-03-29T08:59:14","guid":{"rendered":"https:\/\/www.emplea-te.com\/noticias-oposiciones\/?p=4458"},"modified":"2021-03-29T10:59:14","modified_gmt":"2021-03-29T08:59:14","slug":"publicada-en-el-boe-la-ley-de-presupuestos-generales-para-2021-de-la-comunidad-autonoma-de-galicia-y-las-medidas-fiscales-que-permitiran-la-aprobacion-de-la-oep-2021-de-la-xunta-y-del-sergas","status":"publish","type":"post","link":"https:\/\/www.emplea-te.com\/noticias-oposiciones\/publicada-en-el-boe-la-ley-de-presupuestos-generales-para-2021-de-la-comunidad-autonoma-de-galicia-y-las-medidas-fiscales-que-permitiran-la-aprobacion-de-la-oep-2021-de-la-xunta-y-del-sergas\/","title":{"rendered":"Publicada en el BOE la Ley de Presupuestos Generales para 2021 de la Comunidad Aut\u00f3noma de Galicia y las medidas fiscales que permitir\u00e1n la aprobaci\u00f3n de la OEP 2021 de la Xunta y del SERGAS."},"content":{"rendered":"<p><img decoding=\"async\" class=\"alignleft wp-image-3372 size-medium\" src=\"https:\/\/www.emplea-te.com\/noticias-oposiciones\/wp-content\/uploads\/2020\/05\/800px-BOE_logo_texto.svg_-300x225.png\" alt=\"\" width=\"300\" height=\"225\" srcset=\"https:\/\/www.emplea-te.com\/noticias-oposiciones\/wp-content\/uploads\/2020\/05\/800px-BOE_logo_texto.svg_-300x225.png 300w, https:\/\/www.emplea-te.com\/noticias-oposiciones\/wp-content\/uploads\/2020\/05\/800px-BOE_logo_texto.svg_-768x576.png 768w, https:\/\/www.emplea-te.com\/noticias-oposiciones\/wp-content\/uploads\/2020\/05\/800px-BOE_logo_texto.svg_-20x15.png 20w, https:\/\/www.emplea-te.com\/noticias-oposiciones\/wp-content\/uploads\/2020\/05\/800px-BOE_logo_texto.svg_.png 800w\" sizes=\"(max-width: 300px) 85vw, 300px\" \/><\/p>\n<p><strong>Publicada en el BOE la Ley de Presupuestos Generales para 2021 de la Comunidad Aut\u00f3noma de Galicia y las medidas fiscales que permitir\u00e1n la aprobaci\u00f3n de la OEP 2021 de la Xunta y del SERGAS.<br \/>\n<\/strong><\/p>\n<p>La publicaci\u00f3n de estas dos leyes permitir\u00e1 la aprobaci\u00f3n de la Oferta de Empleo P\u00fablico para 2021 de la Xunta de Galicia y tambi\u00e9n del SERGAS que est\u00e1 previsto que se haga a lo largo de este mes de marzo.<\/p>\n<p><a href=\"https:\/\/www.boe.es\/boe\/dias\/2021\/03\/25\/pdfs\/BOE-A-2021-4632.pdf\" target=\"_blank\" rel=\"noopener noreferrer\">Se publica en el BOE n\u00famero 72 de fecha 25 de marzo de 2021 la Ley 3\/2021, de 28 de enero, de presupuestos generales de la Comunidad Aut\u00f3noma de Galicia para el a\u00f1o 2021.<\/a><\/p>\n<p><a href=\"https:\/\/www.boe.es\/boe\/dias\/2021\/03\/25\/pdfs\/BOE-A-2021-4633.pdf\" target=\"_blank\" rel=\"noopener noreferrer\">Se publica en el BOE n\u00famero 72 de fecha 25 de marzo de 2021 la Ley 4\/2021, de 28 de enero, de medidas fiscales y administrativas<\/a><\/p>\n","protected":false},"excerpt":{"rendered":"<p>Publicada en el BOE la Ley de Presupuestos Generales para 2021 de la Comunidad Aut\u00f3noma de Galicia y las medidas fiscales que permitir\u00e1n la aprobaci\u00f3n de la OEP 2021 de la Xunta y del SERGAS. La publicaci\u00f3n de estas dos leyes permitir\u00e1 la aprobaci\u00f3n de la Oferta de Empleo P\u00fablico para 2021 de la Xunta &hellip; <a href=\"https:\/\/www.emplea-te.com\/noticias-oposiciones\/publicada-en-el-boe-la-ley-de-presupuestos-generales-para-2021-de-la-comunidad-autonoma-de-galicia-y-las-medidas-fiscales-que-permitiran-la-aprobacion-de-la-oep-2021-de-la-xunta-y-del-sergas\/\" class=\"more-link\">Continuar leyendo<span class=\"screen-reader-text\"> \u00abPublicada en el BOE la Ley de Presupuestos Generales para 2021 de la Comunidad Aut\u00f3noma de Galicia y las medidas fiscales que permitir\u00e1n la aprobaci\u00f3n de la OEP 2021 de la Xunta y del SERGAS.\u00bb<\/span><\/a><\/p>\n","protected":false},"author":1,"featured_media":0,"comment_status":"closed","ping_status":"closed","sticky":false,"template":"","format":"standard","meta":{"footnotes":""},"categories":[18,4],"tags":[84],"class_list":["post-4458","post","type-post","status-publish","format-standard","hentry","category-oposiciones-sergas","category-oposiciones-xunta","tag-oferta-de-empleo-publico"],"yoast_head":"<!-- This site is optimized with the Yoast SEO plugin v27.5 - https:\/\/yoast.com\/product\/yoast-seo-wordpress\/ -->\n<title>Publicadas en el BOE las Leyes de presupuestos generales y medidas fiscales que facilitar\u00e1n la aprobaci\u00f3n de la OEP 2021 de la Xunta de Galicia y del SERGAS.<\/title>\n<meta name=\"description\" content=\"Publicadas en el BOE las Leyes de presupuestos generales y medidas fiscales que facilitar\u00e1n la aprobaci\u00f3n de la OEP 2021 de la Xunta de Galicia y del SERGAS.\" \/>\n<meta name=\"robots\" content=\"index, follow, max-snippet:-1, max-image-preview:large, max-video-preview:-1\" \/>\n<link rel=\"canonical\" href=\"https:\/\/www.emplea-te.com\/noticias-oposiciones\/publicada-en-el-boe-la-ley-de-presupuestos-generales-para-2021-de-la-comunidad-autonoma-de-galicia-y-las-medidas-fiscales-que-permitiran-la-aprobacion-de-la-oep-2021-de-la-xunta-y-del-sergas\/\" \/>\n<meta property=\"og:locale\" content=\"es_ES\" \/>\n<meta property=\"og:type\" content=\"article\" \/>\n<meta property=\"og:title\" content=\"Publicadas en el BOE las Leyes de presupuestos generales y medidas fiscales que facilitar\u00e1n la aprobaci\u00f3n de la OEP 2021 de la Xunta de Galicia y del SERGAS.\" \/>\n<meta property=\"og:description\" content=\"Publicadas en el BOE las Leyes de presupuestos generales y medidas fiscales que facilitar\u00e1n la aprobaci\u00f3n de la OEP 2021 de la Xunta de Galicia y del SERGAS.\" \/>\n<meta property=\"og:url\" content=\"https:\/\/www.emplea-te.com\/noticias-oposiciones\/publicada-en-el-boe-la-ley-de-presupuestos-generales-para-2021-de-la-comunidad-autonoma-de-galicia-y-las-medidas-fiscales-que-permitiran-la-aprobacion-de-la-oep-2021-de-la-xunta-y-del-sergas\/\" \/>\n<meta property=\"og:site_name\" content=\"Noticas de oposiciones por Academia Emplea-te\" \/>\n<meta property=\"article:publisher\" content=\"https:\/\/www.facebook.com\/AcademiaEmpleate\/\" \/>\n<meta property=\"article:published_time\" content=\"2021-03-29T08:59:14+00:00\" \/>\n<meta property=\"og:image\" content=\"https:\/\/www.emplea-te.com\/noticias-oposiciones\/wp-content\/uploads\/2020\/05\/800px-BOE_logo_texto.svg_-300x225.png\" \/>\n<meta name=\"author\" content=\"Empleate\" \/>\n<meta name=\"twitter:card\" content=\"summary_large_image\" \/>\n<meta name=\"twitter:creator\" content=\"@Emplea_Te\" \/>\n<meta name=\"twitter:site\" content=\"@Emplea_Te\" \/>\n<meta name=\"twitter:label1\" content=\"Escrito por\" \/>\n\t<meta name=\"twitter:data1\" content=\"Empleate\" \/>\n\t<meta name=\"twitter:label2\" content=\"Tiempo de lectura\" \/>\n\t<meta name=\"twitter:data2\" content=\"1 minuto\" \/>\n<script type=\"application\/ld+json\" class=\"yoast-schema-graph\">{\"@context\":\"https:\\\/\\\/schema.org\",\"@graph\":[{\"@type\":\"Article\",\"@id\":\"https:\\\/\\\/www.emplea-te.com\\\/noticias-oposiciones\\\/publicada-en-el-boe-la-ley-de-presupuestos-generales-para-2021-de-la-comunidad-autonoma-de-galicia-y-las-medidas-fiscales-que-permitiran-la-aprobacion-de-la-oep-2021-de-la-xunta-y-del-sergas\\\/#article\",\"isPartOf\":{\"@id\":\"https:\\\/\\\/www.emplea-te.com\\\/noticias-oposiciones\\\/publicada-en-el-boe-la-ley-de-presupuestos-generales-para-2021-de-la-comunidad-autonoma-de-galicia-y-las-medidas-fiscales-que-permitiran-la-aprobacion-de-la-oep-2021-de-la-xunta-y-del-sergas\\\/\"},\"author\":{\"name\":\"Empleate\",\"@id\":\"https:\\\/\\\/www.emplea-te.com\\\/noticias-oposiciones\\\/#\\\/schema\\\/person\\\/d1bc587e1af2b95e9c32aba1795509a6\"},\"headline\":\"Publicada en el BOE la Ley de Presupuestos Generales para 2021 de la Comunidad Aut\u00f3noma de Galicia y las medidas fiscales que permitir\u00e1n la aprobaci\u00f3n de la OEP 2021 de la Xunta y del SERGAS.\",\"datePublished\":\"2021-03-29T08:59:14+00:00\",\"mainEntityOfPage\":{\"@id\":\"https:\\\/\\\/www.emplea-te.com\\\/noticias-oposiciones\\\/publicada-en-el-boe-la-ley-de-presupuestos-generales-para-2021-de-la-comunidad-autonoma-de-galicia-y-las-medidas-fiscales-que-permitiran-la-aprobacion-de-la-oep-2021-de-la-xunta-y-del-sergas\\\/\"},\"wordCount\":168,\"publisher\":{\"@id\":\"https:\\\/\\\/www.emplea-te.com\\\/noticias-oposiciones\\\/#organization\"},\"image\":{\"@id\":\"https:\\\/\\\/www.emplea-te.com\\\/noticias-oposiciones\\\/publicada-en-el-boe-la-ley-de-presupuestos-generales-para-2021-de-la-comunidad-autonoma-de-galicia-y-las-medidas-fiscales-que-permitiran-la-aprobacion-de-la-oep-2021-de-la-xunta-y-del-sergas\\\/#primaryimage\"},\"thumbnailUrl\":\"https:\\\/\\\/www.emplea-te.com\\\/noticias-oposiciones\\\/wp-content\\\/uploads\\\/2020\\\/05\\\/800px-BOE_logo_texto.svg_-300x225.png\",\"keywords\":[\"Oferta de Empleo P\u00fablico\"],\"articleSection\":[\"Oposiciones SERGAS\",\"Oposiciones Xunta\"],\"inLanguage\":\"es\"},{\"@type\":\"WebPage\",\"@id\":\"https:\\\/\\\/www.emplea-te.com\\\/noticias-oposiciones\\\/publicada-en-el-boe-la-ley-de-presupuestos-generales-para-2021-de-la-comunidad-autonoma-de-galicia-y-las-medidas-fiscales-que-permitiran-la-aprobacion-de-la-oep-2021-de-la-xunta-y-del-sergas\\\/\",\"url\":\"https:\\\/\\\/www.emplea-te.com\\\/noticias-oposiciones\\\/publicada-en-el-boe-la-ley-de-presupuestos-generales-para-2021-de-la-comunidad-autonoma-de-galicia-y-las-medidas-fiscales-que-permitiran-la-aprobacion-de-la-oep-2021-de-la-xunta-y-del-sergas\\\/\",\"name\":\"Publicadas en el BOE las Leyes de presupuestos generales y medidas fiscales que facilitar\u00e1n la aprobaci\u00f3n de la OEP 2021 de la Xunta de Galicia y del SERGAS.\",\"isPartOf\":{\"@id\":\"https:\\\/\\\/www.emplea-te.com\\\/noticias-oposiciones\\\/#website\"},\"primaryImageOfPage\":{\"@id\":\"https:\\\/\\\/www.emplea-te.com\\\/noticias-oposiciones\\\/publicada-en-el-boe-la-ley-de-presupuestos-generales-para-2021-de-la-comunidad-autonoma-de-galicia-y-las-medidas-fiscales-que-permitiran-la-aprobacion-de-la-oep-2021-de-la-xunta-y-del-sergas\\\/#primaryimage\"},\"image\":{\"@id\":\"https:\\\/\\\/www.emplea-te.com\\\/noticias-oposiciones\\\/publicada-en-el-boe-la-ley-de-presupuestos-generales-para-2021-de-la-comunidad-autonoma-de-galicia-y-las-medidas-fiscales-que-permitiran-la-aprobacion-de-la-oep-2021-de-la-xunta-y-del-sergas\\\/#primaryimage\"},\"thumbnailUrl\":\"https:\\\/\\\/www.emplea-te.com\\\/noticias-oposiciones\\\/wp-content\\\/uploads\\\/2020\\\/05\\\/800px-BOE_logo_texto.svg_-300x225.png\",\"datePublished\":\"2021-03-29T08:59:14+00:00\",\"description\":\"Publicadas en el BOE las Leyes de presupuestos generales y medidas fiscales que facilitar\u00e1n la aprobaci\u00f3n de la OEP 2021 de la Xunta de Galicia y del SERGAS.\",\"breadcrumb\":{\"@id\":\"https:\\\/\\\/www.emplea-te.com\\\/noticias-oposiciones\\\/publicada-en-el-boe-la-ley-de-presupuestos-generales-para-2021-de-la-comunidad-autonoma-de-galicia-y-las-medidas-fiscales-que-permitiran-la-aprobacion-de-la-oep-2021-de-la-xunta-y-del-sergas\\\/#breadcrumb\"},\"inLanguage\":\"es\",\"potentialAction\":[{\"@type\":\"ReadAction\",\"target\":[\"https:\\\/\\\/www.emplea-te.com\\\/noticias-oposiciones\\\/publicada-en-el-boe-la-ley-de-presupuestos-generales-para-2021-de-la-comunidad-autonoma-de-galicia-y-las-medidas-fiscales-que-permitiran-la-aprobacion-de-la-oep-2021-de-la-xunta-y-del-sergas\\\/\"]}]},{\"@type\":\"ImageObject\",\"inLanguage\":\"es\",\"@id\":\"https:\\\/\\\/www.emplea-te.com\\\/noticias-oposiciones\\\/publicada-en-el-boe-la-ley-de-presupuestos-generales-para-2021-de-la-comunidad-autonoma-de-galicia-y-las-medidas-fiscales-que-permitiran-la-aprobacion-de-la-oep-2021-de-la-xunta-y-del-sergas\\\/#primaryimage\",\"url\":\"https:\\\/\\\/www.emplea-te.com\\\/noticias-oposiciones\\\/wp-content\\\/uploads\\\/2020\\\/05\\\/800px-BOE_logo_texto.svg_.png\",\"contentUrl\":\"https:\\\/\\\/www.emplea-te.com\\\/noticias-oposiciones\\\/wp-content\\\/uploads\\\/2020\\\/05\\\/800px-BOE_logo_texto.svg_.png\",\"width\":800,\"height\":600},{\"@type\":\"BreadcrumbList\",\"@id\":\"https:\\\/\\\/www.emplea-te.com\\\/noticias-oposiciones\\\/publicada-en-el-boe-la-ley-de-presupuestos-generales-para-2021-de-la-comunidad-autonoma-de-galicia-y-las-medidas-fiscales-que-permitiran-la-aprobacion-de-la-oep-2021-de-la-xunta-y-del-sergas\\\/#breadcrumb\",\"itemListElement\":[{\"@type\":\"ListItem\",\"position\":1,\"name\":\"Noticias Oposiciones\",\"item\":\"https:\\\/\\\/www.emplea-te.com\\\/noticias-oposiciones\\\/\"},{\"@type\":\"ListItem\",\"position\":2,\"name\":\"Oposiciones SERGAS\",\"item\":\"https:\\\/\\\/www.emplea-te.com\\\/noticias-oposiciones\\\/categoria\\\/oposiciones-sergas\\\/\"},{\"@type\":\"ListItem\",\"position\":3,\"name\":\"Publicada en el BOE la Ley de Presupuestos Generales para 2021 de la Comunidad Aut\u00f3noma de Galicia y las medidas fiscales que permitir\u00e1n la aprobaci\u00f3n de la OEP 2021 de la Xunta y del SERGAS.\"}]},{\"@type\":\"WebSite\",\"@id\":\"https:\\\/\\\/www.emplea-te.com\\\/noticias-oposiciones\\\/#website\",\"url\":\"https:\\\/\\\/www.emplea-te.com\\\/noticias-oposiciones\\\/\",\"name\":\"Noticas de oposiciones por Academia Emplea-te\",\"description\":\"Toda la actualidad de las ofertas y convocatorias.\",\"publisher\":{\"@id\":\"https:\\\/\\\/www.emplea-te.com\\\/noticias-oposiciones\\\/#organization\"},\"potentialAction\":[{\"@type\":\"SearchAction\",\"target\":{\"@type\":\"EntryPoint\",\"urlTemplate\":\"https:\\\/\\\/www.emplea-te.com\\\/noticias-oposiciones\\\/?s={search_term_string}\"},\"query-input\":{\"@type\":\"PropertyValueSpecification\",\"valueRequired\":true,\"valueName\":\"search_term_string\"}}],\"inLanguage\":\"es\"},{\"@type\":\"Organization\",\"@id\":\"https:\\\/\\\/www.emplea-te.com\\\/noticias-oposiciones\\\/#organization\",\"name\":\"Academia de oposiciones Empl\u00e9ate\",\"url\":\"https:\\\/\\\/www.emplea-te.com\\\/noticias-oposiciones\\\/\",\"logo\":{\"@type\":\"ImageObject\",\"inLanguage\":\"es\",\"@id\":\"https:\\\/\\\/www.emplea-te.com\\\/noticias-oposiciones\\\/#\\\/schema\\\/logo\\\/image\\\/\",\"url\":\"https:\\\/\\\/www.emplea-te.com\\\/noticias-oposiciones\\\/wp-content\\\/uploads\\\/2019\\\/04\\\/empleate.jpg\",\"contentUrl\":\"https:\\\/\\\/www.emplea-te.com\\\/noticias-oposiciones\\\/wp-content\\\/uploads\\\/2019\\\/04\\\/empleate.jpg\",\"width\":250,\"height\":150,\"caption\":\"Academia de oposiciones Empl\u00e9ate\"},\"image\":{\"@id\":\"https:\\\/\\\/www.emplea-te.com\\\/noticias-oposiciones\\\/#\\\/schema\\\/logo\\\/image\\\/\"},\"sameAs\":[\"https:\\\/\\\/www.facebook.com\\\/AcademiaEmpleate\\\/\",\"https:\\\/\\\/x.com\\\/Emplea_Te\",\"https:\\\/\\\/www.instagram.com\\\/academia_empleate\\\/\"]},{\"@type\":\"Person\",\"@id\":\"https:\\\/\\\/www.emplea-te.com\\\/noticias-oposiciones\\\/#\\\/schema\\\/person\\\/d1bc587e1af2b95e9c32aba1795509a6\",\"name\":\"Empleate\"}]}<\/script>\n<!-- \/ Yoast SEO plugin. -->","yoast_head_json":{"title":"Publicadas en el BOE las Leyes de presupuestos generales y medidas fiscales que facilitar\u00e1n la aprobaci\u00f3n de la OEP 2021 de la Xunta de Galicia y del SERGAS.","description":"Publicadas en el BOE las Leyes de presupuestos generales y medidas fiscales que facilitar\u00e1n la aprobaci\u00f3n de la OEP 2021 de la Xunta de Galicia y del SERGAS.","robots":{"index":"index","follow":"follow","max-snippet":"max-snippet:-1","max-image-preview":"max-image-preview:large","max-video-preview":"max-video-preview:-1"},"canonical":"https:\/\/www.emplea-te.com\/noticias-oposiciones\/publicada-en-el-boe-la-ley-de-presupuestos-generales-para-2021-de-la-comunidad-autonoma-de-galicia-y-las-medidas-fiscales-que-permitiran-la-aprobacion-de-la-oep-2021-de-la-xunta-y-del-sergas\/","og_locale":"es_ES","og_type":"article","og_title":"Publicadas en el BOE las Leyes de presupuestos generales y medidas fiscales que facilitar\u00e1n la aprobaci\u00f3n de la OEP 2021 de la Xunta de Galicia y del SERGAS.","og_description":"Publicadas en el BOE las Leyes de presupuestos generales y medidas fiscales que facilitar\u00e1n la aprobaci\u00f3n de la OEP 2021 de la Xunta de Galicia y del SERGAS.","og_url":"https:\/\/www.emplea-te.com\/noticias-oposiciones\/publicada-en-el-boe-la-ley-de-presupuestos-generales-para-2021-de-la-comunidad-autonoma-de-galicia-y-las-medidas-fiscales-que-permitiran-la-aprobacion-de-la-oep-2021-de-la-xunta-y-del-sergas\/","og_site_name":"Noticas de oposiciones por Academia Emplea-te","article_publisher":"https:\/\/www.facebook.com\/AcademiaEmpleate\/","article_published_time":"2021-03-29T08:59:14+00:00","og_image":[{"url":"https:\/\/www.emplea-te.com\/noticias-oposiciones\/wp-content\/uploads\/2020\/05\/800px-BOE_logo_texto.svg_-300x225.png","type":"","width":"","height":""}],"author":"Empleate","twitter_card":"summary_large_image","twitter_creator":"@Emplea_Te","twitter_site":"@Emplea_Te","twitter_misc":{"Escrito por":"Empleate","Tiempo de lectura":"1 minuto"},"schema":{"@context":"https:\/\/schema.org","@graph":[{"@type":"Article","@id":"https:\/\/www.emplea-te.com\/noticias-oposiciones\/publicada-en-el-boe-la-ley-de-presupuestos-generales-para-2021-de-la-comunidad-autonoma-de-galicia-y-las-medidas-fiscales-que-permitiran-la-aprobacion-de-la-oep-2021-de-la-xunta-y-del-sergas\/#article","isPartOf":{"@id":"https:\/\/www.emplea-te.com\/noticias-oposiciones\/publicada-en-el-boe-la-ley-de-presupuestos-generales-para-2021-de-la-comunidad-autonoma-de-galicia-y-las-medidas-fiscales-que-permitiran-la-aprobacion-de-la-oep-2021-de-la-xunta-y-del-sergas\/"},"author":{"name":"Empleate","@id":"https:\/\/www.emplea-te.com\/noticias-oposiciones\/#\/schema\/person\/d1bc587e1af2b95e9c32aba1795509a6"},"headline":"Publicada en el BOE la Ley de Presupuestos Generales para 2021 de la Comunidad Aut\u00f3noma de Galicia y las medidas fiscales que permitir\u00e1n la aprobaci\u00f3n de la OEP 2021 de la Xunta y del SERGAS.","datePublished":"2021-03-29T08:59:14+00:00","mainEntityOfPage":{"@id":"https:\/\/www.emplea-te.com\/noticias-oposiciones\/publicada-en-el-boe-la-ley-de-presupuestos-generales-para-2021-de-la-comunidad-autonoma-de-galicia-y-las-medidas-fiscales-que-permitiran-la-aprobacion-de-la-oep-2021-de-la-xunta-y-del-sergas\/"},"wordCount":168,"publisher":{"@id":"https:\/\/www.emplea-te.com\/noticias-oposiciones\/#organization"},"image":{"@id":"https:\/\/www.emplea-te.com\/noticias-oposiciones\/publicada-en-el-boe-la-ley-de-presupuestos-generales-para-2021-de-la-comunidad-autonoma-de-galicia-y-las-medidas-fiscales-que-permitiran-la-aprobacion-de-la-oep-2021-de-la-xunta-y-del-sergas\/#primaryimage"},"thumbnailUrl":"https:\/\/www.emplea-te.com\/noticias-oposiciones\/wp-content\/uploads\/2020\/05\/800px-BOE_logo_texto.svg_-300x225.png","keywords":["Oferta de Empleo P\u00fablico"],"articleSection":["Oposiciones SERGAS","Oposiciones Xunta"],"inLanguage":"es"},{"@type":"WebPage","@id":"https:\/\/www.emplea-te.com\/noticias-oposiciones\/publicada-en-el-boe-la-ley-de-presupuestos-generales-para-2021-de-la-comunidad-autonoma-de-galicia-y-las-medidas-fiscales-que-permitiran-la-aprobacion-de-la-oep-2021-de-la-xunta-y-del-sergas\/","url":"https:\/\/www.emplea-te.com\/noticias-oposiciones\/publicada-en-el-boe-la-ley-de-presupuestos-generales-para-2021-de-la-comunidad-autonoma-de-galicia-y-las-medidas-fiscales-que-permitiran-la-aprobacion-de-la-oep-2021-de-la-xunta-y-del-sergas\/","name":"Publicadas en el BOE las Leyes de presupuestos generales y medidas fiscales que facilitar\u00e1n la aprobaci\u00f3n de la OEP 2021 de la Xunta de Galicia y del SERGAS.","isPartOf":{"@id":"https:\/\/www.emplea-te.com\/noticias-oposiciones\/#website"},"primaryImageOfPage":{"@id":"https:\/\/www.emplea-te.com\/noticias-oposiciones\/publicada-en-el-boe-la-ley-de-presupuestos-generales-para-2021-de-la-comunidad-autonoma-de-galicia-y-las-medidas-fiscales-que-permitiran-la-aprobacion-de-la-oep-2021-de-la-xunta-y-del-sergas\/#primaryimage"},"image":{"@id":"https:\/\/www.emplea-te.com\/noticias-oposiciones\/publicada-en-el-boe-la-ley-de-presupuestos-generales-para-2021-de-la-comunidad-autonoma-de-galicia-y-las-medidas-fiscales-que-permitiran-la-aprobacion-de-la-oep-2021-de-la-xunta-y-del-sergas\/#primaryimage"},"thumbnailUrl":"https:\/\/www.emplea-te.com\/noticias-oposiciones\/wp-content\/uploads\/2020\/05\/800px-BOE_logo_texto.svg_-300x225.png","datePublished":"2021-03-29T08:59:14+00:00","description":"Publicadas en el BOE las Leyes de presupuestos generales y medidas fiscales que facilitar\u00e1n la aprobaci\u00f3n de la OEP 2021 de la Xunta de Galicia y del SERGAS.","breadcrumb":{"@id":"https:\/\/www.emplea-te.com\/noticias-oposiciones\/publicada-en-el-boe-la-ley-de-presupuestos-generales-para-2021-de-la-comunidad-autonoma-de-galicia-y-las-medidas-fiscales-que-permitiran-la-aprobacion-de-la-oep-2021-de-la-xunta-y-del-sergas\/#breadcrumb"},"inLanguage":"es","potentialAction":[{"@type":"ReadAction","target":["https:\/\/www.emplea-te.com\/noticias-oposiciones\/publicada-en-el-boe-la-ley-de-presupuestos-generales-para-2021-de-la-comunidad-autonoma-de-galicia-y-las-medidas-fiscales-que-permitiran-la-aprobacion-de-la-oep-2021-de-la-xunta-y-del-sergas\/"]}]},{"@type":"ImageObject","inLanguage":"es","@id":"https:\/\/www.emplea-te.com\/noticias-oposiciones\/publicada-en-el-boe-la-ley-de-presupuestos-generales-para-2021-de-la-comunidad-autonoma-de-galicia-y-las-medidas-fiscales-que-permitiran-la-aprobacion-de-la-oep-2021-de-la-xunta-y-del-sergas\/#primaryimage","url":"https:\/\/www.emplea-te.com\/noticias-oposiciones\/wp-content\/uploads\/2020\/05\/800px-BOE_logo_texto.svg_.png","contentUrl":"https:\/\/www.emplea-te.com\/noticias-oposiciones\/wp-content\/uploads\/2020\/05\/800px-BOE_logo_texto.svg_.png","width":800,"height":600},{"@type":"BreadcrumbList","@id":"https:\/\/www.emplea-te.com\/noticias-oposiciones\/publicada-en-el-boe-la-ley-de-presupuestos-generales-para-2021-de-la-comunidad-autonoma-de-galicia-y-las-medidas-fiscales-que-permitiran-la-aprobacion-de-la-oep-2021-de-la-xunta-y-del-sergas\/#breadcrumb","itemListElement":[{"@type":"ListItem","position":1,"name":"Noticias Oposiciones","item":"https:\/\/www.emplea-te.com\/noticias-oposiciones\/"},{"@type":"ListItem","position":2,"name":"Oposiciones SERGAS","item":"https:\/\/www.emplea-te.com\/noticias-oposiciones\/categoria\/oposiciones-sergas\/"},{"@type":"ListItem","position":3,"name":"Publicada en el BOE la Ley de Presupuestos Generales para 2021 de la Comunidad Aut\u00f3noma de Galicia y las medidas fiscales que permitir\u00e1n la aprobaci\u00f3n de la OEP 2021 de la Xunta y del SERGAS."}]},{"@type":"WebSite","@id":"https:\/\/www.emplea-te.com\/noticias-oposiciones\/#website","url":"https:\/\/www.emplea-te.com\/noticias-oposiciones\/","name":"Noticas de oposiciones por Academia Emplea-te","description":"Toda la actualidad de las ofertas y convocatorias.","publisher":{"@id":"https:\/\/www.emplea-te.com\/noticias-oposiciones\/#organization"},"potentialAction":[{"@type":"SearchAction","target":{"@type":"EntryPoint","urlTemplate":"https:\/\/www.emplea-te.com\/noticias-oposiciones\/?s={search_term_string}"},"query-input":{"@type":"PropertyValueSpecification","valueRequired":true,"valueName":"search_term_string"}}],"inLanguage":"es"},{"@type":"Organization","@id":"https:\/\/www.emplea-te.com\/noticias-oposiciones\/#organization","name":"Academia de oposiciones Empl\u00e9ate","url":"https:\/\/www.emplea-te.com\/noticias-oposiciones\/","logo":{"@type":"ImageObject","inLanguage":"es","@id":"https:\/\/www.emplea-te.com\/noticias-oposiciones\/#\/schema\/logo\/image\/","url":"https:\/\/www.emplea-te.com\/noticias-oposiciones\/wp-content\/uploads\/2019\/04\/empleate.jpg","contentUrl":"https:\/\/www.emplea-te.com\/noticias-oposiciones\/wp-content\/uploads\/2019\/04\/empleate.jpg","width":250,"height":150,"caption":"Academia de oposiciones Empl\u00e9ate"},"image":{"@id":"https:\/\/www.emplea-te.com\/noticias-oposiciones\/#\/schema\/logo\/image\/"},"sameAs":["https:\/\/www.facebook.com\/AcademiaEmpleate\/","https:\/\/x.com\/Emplea_Te","https:\/\/www.instagram.com\/academia_empleate\/"]},{"@type":"Person","@id":"https:\/\/www.emplea-te.com\/noticias-oposiciones\/#\/schema\/person\/d1bc587e1af2b95e9c32aba1795509a6","name":"Empleate"}]}},"_links":{"self":[{"href":"https:\/\/www.emplea-te.com\/noticias-oposiciones\/wp-json\/wp\/v2\/posts\/4458","targetHints":{"allow":["GET"]}}],"collection":[{"href":"https:\/\/www.emplea-te.com\/noticias-oposiciones\/wp-json\/wp\/v2\/posts"}],"about":[{"href":"https:\/\/www.emplea-te.com\/noticias-oposiciones\/wp-json\/wp\/v2\/types\/post"}],"author":[{"embeddable":true,"href":"https:\/\/www.emplea-te.com\/noticias-oposiciones\/wp-json\/wp\/v2\/users\/1"}],"replies":[{"embeddable":true,"href":"https:\/\/www.emplea-te.com\/noticias-oposiciones\/wp-json\/wp\/v2\/comments?post=4458"}],"version-history":[{"count":1,"href":"https:\/\/www.emplea-te.com\/noticias-oposiciones\/wp-json\/wp\/v2\/posts\/4458\/revisions"}],"predecessor-version":[{"id":4459,"href":"https:\/\/www.emplea-te.com\/noticias-oposiciones\/wp-json\/wp\/v2\/posts\/4458\/revisions\/4459"}],"wp:attachment":[{"href":"https:\/\/www.emplea-te.com\/noticias-oposiciones\/wp-json\/wp\/v2\/media?parent=4458"}],"wp:term":[{"taxonomy":"category","embeddable":true,"href":"https:\/\/www.emplea-te.com\/noticias-oposiciones\/wp-json\/wp\/v2\/categories?post=4458"},{"taxonomy":"post_tag","embeddable":true,"href":"https:\/\/www.emplea-te.com\/noticias-oposiciones\/wp-json\/wp\/v2\/tags?post=4458"}],"curies":[{"name":"wp","href":"https:\/\/api.w.org\/{rel}","templated":true}]}}