{"id":4460,"date":"2021-03-29T11:07:42","date_gmt":"2021-03-29T09:07:42","guid":{"rendered":"https:\/\/www.emplea-te.com\/noticias-oposiciones\/?p=4460"},"modified":"2021-03-29T11:07:42","modified_gmt":"2021-03-29T09:07:42","slug":"aprobadas-las-bases-generales-y-especificas-para-la-convocatoria-de-distintas-plazas-de-la-oep-2020-del-ayuntamiento-de-bergondo-a-coruna","status":"publish","type":"post","link":"https:\/\/www.emplea-te.com\/noticias-oposiciones\/aprobadas-las-bases-generales-y-especificas-para-la-convocatoria-de-distintas-plazas-de-la-oep-2020-del-ayuntamiento-de-bergondo-a-coruna\/","title":{"rendered":"Aprobadas las bases generales y espec\u00edficas para la convocatoria de distintas plazas de la OEP 2020 del Ayuntamiento de Bergondo (A Coru\u00f1a)"},"content":{"rendered":"<p><img decoding=\"async\" class=\"alignleft wp-image-4205 size-full\" src=\"https:\/\/www.emplea-te.com\/noticias-oposiciones\/wp-content\/uploads\/2021\/02\/unnamed.jpg\" alt=\"\" width=\"288\" height=\"176\" srcset=\"https:\/\/www.emplea-te.com\/noticias-oposiciones\/wp-content\/uploads\/2021\/02\/unnamed.jpg 288w, https:\/\/www.emplea-te.com\/noticias-oposiciones\/wp-content\/uploads\/2021\/02\/unnamed-20x12.jpg 20w\" sizes=\"(max-width: 288px) 85vw, 288px\" \/><\/p>\n<p>Aprobadas las bases generales y espec\u00edficas para la convocatoria de distintas plazas de la OEP 2020 del Ayuntamiento de Bergondo (A Coru\u00f1a).<\/p>\n<p><a href=\"https:\/\/www.xunta.gal\/dog\/Publicados\/2021\/20210329\/AnuncioL108-230321-0001_gl.html\" target=\"_blank\" rel=\"noopener noreferrer\">Se publica en el DOG n\u00famero 59 de fecha 29 de marzo de 2021<\/a>, ANUNCIO de informaci\u00f3n p\u00fablica sobre la aprobaci\u00f3n de las bases generales y espec\u00edficas y la convocatoria de vacantes incluidas en la oferta de empleo p\u00fablico de 2020.<\/p>\n<p class=\"dog-base-sangria\"><strong>En el\u00a0<span class=\"dog-cursiva\">Bolet\u00edn Oficial<\/span><\/strong><span><strong>\u00a0de la provincia de A Coru\u00f1a n\u00ba 49, de 15.3.2021, las bases espec\u00edficas<\/strong> que regulan las <strong>convocatorias para cubrir un puesto de funcionario administrativo, subescala de ayudante de administraci\u00f3n<\/strong> <strong>general (funcionario de carrera)<\/strong>\u00a0 vacantes en la plantilla de este municipio, incluidas en la oferta p\u00fablica de empleo 2020 (entre otras)\u00a0<\/span><\/p>\n<p class=\"dog-base-sangria\"><strong>El plazo de presentaci\u00f3n de solicitudes ser\u00e1 de veinte d\u00edas naturales, contados a partir del d\u00eda siguiente a la publicaci\u00f3n del aviso de convocatoria en el\u00a0<span class=\"dog-cursiva\">Bolet\u00edn Oficial del Estado<\/span>\u00a0.<\/strong><\/p>\n<p><a href=\"https:\/\/www.emplea-te.com\/55\/oposiciones-de-comunidad-autonoma-de-galicia\" target=\"_blank\" rel=\"noopener noreferrer\">Inf\u00f3rmate de c\u00f3mo prepararte en nuestros grupos presenciales y grupos online<\/a><\/p>\n","protected":false},"excerpt":{"rendered":"<p>Aprobadas las bases generales y espec\u00edficas para la convocatoria de distintas plazas de la OEP 2020 del Ayuntamiento de Bergondo (A Coru\u00f1a). Se publica en el DOG n\u00famero 59 de fecha 29 de marzo de 2021, ANUNCIO de informaci\u00f3n p\u00fablica sobre la aprobaci\u00f3n de las bases generales y espec\u00edficas y la convocatoria de vacantes incluidas &hellip; <a href=\"https:\/\/www.emplea-te.com\/noticias-oposiciones\/aprobadas-las-bases-generales-y-especificas-para-la-convocatoria-de-distintas-plazas-de-la-oep-2020-del-ayuntamiento-de-bergondo-a-coruna\/\" class=\"more-link\">Continuar leyendo<span class=\"screen-reader-text\"> \u00abAprobadas las bases generales y espec\u00edficas para la convocatoria de distintas plazas de la OEP 2020 del Ayuntamiento de Bergondo (A Coru\u00f1a)\u00bb<\/span><\/a><\/p>\n","protected":false},"author":1,"featured_media":0,"comment_status":"closed","ping_status":"closed","sticky":false,"template":"","format":"standard","meta":{"footnotes":""},"categories":[37,56],"tags":[49],"class_list":["post-4460","post","type-post","status-publish","format-standard","hentry","category-convocatorias-ayuntamientos","category-oposiciones-autonomicas-galicia","tag-convocatorias-de-oposiciones"],"yoast_head":"<!-- This site is optimized with the Yoast SEO plugin v27.5 - https:\/\/yoast.com\/product\/yoast-seo-wordpress\/ -->\n<title>Publicadas bases espec\u00edficas que regir\u00e1n la convocatoria de una plaza de Administrativo C1 (oep 2020) en el Ayuntamiento de Bergondo.<\/title>\n<meta name=\"description\" content=\"Publicadas bases espec\u00edficas que regir\u00e1n la convocatoria de una plaza de Administrativo C1 (oep 2020) en el Ayuntamiento de Bergondo.\" \/>\n<meta name=\"robots\" content=\"index, follow, max-snippet:-1, max-image-preview:large, max-video-preview:-1\" \/>\n<link rel=\"canonical\" href=\"https:\/\/www.emplea-te.com\/noticias-oposiciones\/aprobadas-las-bases-generales-y-especificas-para-la-convocatoria-de-distintas-plazas-de-la-oep-2020-del-ayuntamiento-de-bergondo-a-coruna\/\" \/>\n<meta property=\"og:locale\" content=\"es_ES\" \/>\n<meta property=\"og:type\" content=\"article\" \/>\n<meta property=\"og:title\" content=\"Publicadas bases espec\u00edficas que regir\u00e1n la convocatoria de una plaza de Administrativo C1 (oep 2020) en el Ayuntamiento de Bergondo.\" \/>\n<meta property=\"og:description\" content=\"Publicadas bases espec\u00edficas que regir\u00e1n la convocatoria de una plaza de Administrativo C1 (oep 2020) en el Ayuntamiento de Bergondo.\" \/>\n<meta property=\"og:url\" content=\"https:\/\/www.emplea-te.com\/noticias-oposiciones\/aprobadas-las-bases-generales-y-especificas-para-la-convocatoria-de-distintas-plazas-de-la-oep-2020-del-ayuntamiento-de-bergondo-a-coruna\/\" \/>\n<meta property=\"og:site_name\" content=\"Noticas de oposiciones por Academia Emplea-te\" \/>\n<meta property=\"article:publisher\" content=\"https:\/\/www.facebook.com\/AcademiaEmpleate\/\" \/>\n<meta property=\"article:published_time\" content=\"2021-03-29T09:07:42+00:00\" \/>\n<meta property=\"og:image\" content=\"https:\/\/www.emplea-te.com\/noticias-oposiciones\/wp-content\/uploads\/2021\/02\/unnamed.jpg\" \/>\n<meta name=\"author\" content=\"Empleate\" \/>\n<meta name=\"twitter:card\" content=\"summary_large_image\" \/>\n<meta name=\"twitter:creator\" content=\"@Emplea_Te\" \/>\n<meta name=\"twitter:site\" content=\"@Emplea_Te\" \/>\n<meta name=\"twitter:label1\" content=\"Escrito por\" \/>\n\t<meta name=\"twitter:data1\" content=\"Empleate\" \/>\n\t<meta name=\"twitter:label2\" content=\"Tiempo de lectura\" \/>\n\t<meta name=\"twitter:data2\" content=\"1 minuto\" \/>\n<script type=\"application\/ld+json\" class=\"yoast-schema-graph\">{\"@context\":\"https:\\\/\\\/schema.org\",\"@graph\":[{\"@type\":\"Article\",\"@id\":\"https:\\\/\\\/www.emplea-te.com\\\/noticias-oposiciones\\\/aprobadas-las-bases-generales-y-especificas-para-la-convocatoria-de-distintas-plazas-de-la-oep-2020-del-ayuntamiento-de-bergondo-a-coruna\\\/#article\",\"isPartOf\":{\"@id\":\"https:\\\/\\\/www.emplea-te.com\\\/noticias-oposiciones\\\/aprobadas-las-bases-generales-y-especificas-para-la-convocatoria-de-distintas-plazas-de-la-oep-2020-del-ayuntamiento-de-bergondo-a-coruna\\\/\"},\"author\":{\"name\":\"Empleate\",\"@id\":\"https:\\\/\\\/www.emplea-te.com\\\/noticias-oposiciones\\\/#\\\/schema\\\/person\\\/d1bc587e1af2b95e9c32aba1795509a6\"},\"headline\":\"Aprobadas las bases generales y espec\u00edficas para la convocatoria de distintas plazas de la OEP 2020 del Ayuntamiento de Bergondo (A Coru\u00f1a)\",\"datePublished\":\"2021-03-29T09:07:42+00:00\",\"mainEntityOfPage\":{\"@id\":\"https:\\\/\\\/www.emplea-te.com\\\/noticias-oposiciones\\\/aprobadas-las-bases-generales-y-especificas-para-la-convocatoria-de-distintas-plazas-de-la-oep-2020-del-ayuntamiento-de-bergondo-a-coruna\\\/\"},\"wordCount\":193,\"publisher\":{\"@id\":\"https:\\\/\\\/www.emplea-te.com\\\/noticias-oposiciones\\\/#organization\"},\"image\":{\"@id\":\"https:\\\/\\\/www.emplea-te.com\\\/noticias-oposiciones\\\/aprobadas-las-bases-generales-y-especificas-para-la-convocatoria-de-distintas-plazas-de-la-oep-2020-del-ayuntamiento-de-bergondo-a-coruna\\\/#primaryimage\"},\"thumbnailUrl\":\"https:\\\/\\\/www.emplea-te.com\\\/noticias-oposiciones\\\/wp-content\\\/uploads\\\/2021\\\/02\\\/unnamed.jpg\",\"keywords\":[\"Convocatoria\"],\"articleSection\":[\"Convocatorias Ayuntamientos\",\"Oposiciones Auton\u00f3micas Galicia\"],\"inLanguage\":\"es\"},{\"@type\":\"WebPage\",\"@id\":\"https:\\\/\\\/www.emplea-te.com\\\/noticias-oposiciones\\\/aprobadas-las-bases-generales-y-especificas-para-la-convocatoria-de-distintas-plazas-de-la-oep-2020-del-ayuntamiento-de-bergondo-a-coruna\\\/\",\"url\":\"https:\\\/\\\/www.emplea-te.com\\\/noticias-oposiciones\\\/aprobadas-las-bases-generales-y-especificas-para-la-convocatoria-de-distintas-plazas-de-la-oep-2020-del-ayuntamiento-de-bergondo-a-coruna\\\/\",\"name\":\"Publicadas bases espec\u00edficas que regir\u00e1n la convocatoria de una plaza de Administrativo C1 (oep 2020) en el Ayuntamiento de Bergondo.\",\"isPartOf\":{\"@id\":\"https:\\\/\\\/www.emplea-te.com\\\/noticias-oposiciones\\\/#website\"},\"primaryImageOfPage\":{\"@id\":\"https:\\\/\\\/www.emplea-te.com\\\/noticias-oposiciones\\\/aprobadas-las-bases-generales-y-especificas-para-la-convocatoria-de-distintas-plazas-de-la-oep-2020-del-ayuntamiento-de-bergondo-a-coruna\\\/#primaryimage\"},\"image\":{\"@id\":\"https:\\\/\\\/www.emplea-te.com\\\/noticias-oposiciones\\\/aprobadas-las-bases-generales-y-especificas-para-la-convocatoria-de-distintas-plazas-de-la-oep-2020-del-ayuntamiento-de-bergondo-a-coruna\\\/#primaryimage\"},\"thumbnailUrl\":\"https:\\\/\\\/www.emplea-te.com\\\/noticias-oposiciones\\\/wp-content\\\/uploads\\\/2021\\\/02\\\/unnamed.jpg\",\"datePublished\":\"2021-03-29T09:07:42+00:00\",\"description\":\"Publicadas bases espec\u00edficas que regir\u00e1n la convocatoria de una plaza de Administrativo C1 (oep 2020) en el Ayuntamiento de Bergondo.\",\"breadcrumb\":{\"@id\":\"https:\\\/\\\/www.emplea-te.com\\\/noticias-oposiciones\\\/aprobadas-las-bases-generales-y-especificas-para-la-convocatoria-de-distintas-plazas-de-la-oep-2020-del-ayuntamiento-de-bergondo-a-coruna\\\/#breadcrumb\"},\"inLanguage\":\"es\",\"potentialAction\":[{\"@type\":\"ReadAction\",\"target\":[\"https:\\\/\\\/www.emplea-te.com\\\/noticias-oposiciones\\\/aprobadas-las-bases-generales-y-especificas-para-la-convocatoria-de-distintas-plazas-de-la-oep-2020-del-ayuntamiento-de-bergondo-a-coruna\\\/\"]}]},{\"@type\":\"ImageObject\",\"inLanguage\":\"es\",\"@id\":\"https:\\\/\\\/www.emplea-te.com\\\/noticias-oposiciones\\\/aprobadas-las-bases-generales-y-especificas-para-la-convocatoria-de-distintas-plazas-de-la-oep-2020-del-ayuntamiento-de-bergondo-a-coruna\\\/#primaryimage\",\"url\":\"https:\\\/\\\/www.emplea-te.com\\\/noticias-oposiciones\\\/wp-content\\\/uploads\\\/2021\\\/02\\\/unnamed.jpg\",\"contentUrl\":\"https:\\\/\\\/www.emplea-te.com\\\/noticias-oposiciones\\\/wp-content\\\/uploads\\\/2021\\\/02\\\/unnamed.jpg\",\"width\":288,\"height\":176},{\"@type\":\"BreadcrumbList\",\"@id\":\"https:\\\/\\\/www.emplea-te.com\\\/noticias-oposiciones\\\/aprobadas-las-bases-generales-y-especificas-para-la-convocatoria-de-distintas-plazas-de-la-oep-2020-del-ayuntamiento-de-bergondo-a-coruna\\\/#breadcrumb\",\"itemListElement\":[{\"@type\":\"ListItem\",\"position\":1,\"name\":\"Noticias Oposiciones\",\"item\":\"https:\\\/\\\/www.emplea-te.com\\\/noticias-oposiciones\\\/\"},{\"@type\":\"ListItem\",\"position\":2,\"name\":\"Oposiciones Auton\u00f3micas Galicia\",\"item\":\"https:\\\/\\\/www.emplea-te.com\\\/noticias-oposiciones\\\/categoria\\\/oposiciones-autonomicas-galicia\\\/\"},{\"@type\":\"ListItem\",\"position\":3,\"name\":\"Convocatorias Ayuntamientos\",\"item\":\"https:\\\/\\\/www.emplea-te.com\\\/noticias-oposiciones\\\/categoria\\\/oposiciones-autonomicas-galicia\\\/convocatorias-ayuntamientos\\\/\"},{\"@type\":\"ListItem\",\"position\":4,\"name\":\"Aprobadas las bases generales y espec\u00edficas para la convocatoria de distintas plazas de la OEP 2020 del Ayuntamiento de Bergondo (A Coru\u00f1a)\"}]},{\"@type\":\"WebSite\",\"@id\":\"https:\\\/\\\/www.emplea-te.com\\\/noticias-oposiciones\\\/#website\",\"url\":\"https:\\\/\\\/www.emplea-te.com\\\/noticias-oposiciones\\\/\",\"name\":\"Noticas de oposiciones por Academia Emplea-te\",\"description\":\"Toda la actualidad de las ofertas y convocatorias.\",\"publisher\":{\"@id\":\"https:\\\/\\\/www.emplea-te.com\\\/noticias-oposiciones\\\/#organization\"},\"potentialAction\":[{\"@type\":\"SearchAction\",\"target\":{\"@type\":\"EntryPoint\",\"urlTemplate\":\"https:\\\/\\\/www.emplea-te.com\\\/noticias-oposiciones\\\/?s={search_term_string}\"},\"query-input\":{\"@type\":\"PropertyValueSpecification\",\"valueRequired\":true,\"valueName\":\"search_term_string\"}}],\"inLanguage\":\"es\"},{\"@type\":\"Organization\",\"@id\":\"https:\\\/\\\/www.emplea-te.com\\\/noticias-oposiciones\\\/#organization\",\"name\":\"Academia de oposiciones Empl\u00e9ate\",\"url\":\"https:\\\/\\\/www.emplea-te.com\\\/noticias-oposiciones\\\/\",\"logo\":{\"@type\":\"ImageObject\",\"inLanguage\":\"es\",\"@id\":\"https:\\\/\\\/www.emplea-te.com\\\/noticias-oposiciones\\\/#\\\/schema\\\/logo\\\/image\\\/\",\"url\":\"https:\\\/\\\/www.emplea-te.com\\\/noticias-oposiciones\\\/wp-content\\\/uploads\\\/2019\\\/04\\\/empleate.jpg\",\"contentUrl\":\"https:\\\/\\\/www.emplea-te.com\\\/noticias-oposiciones\\\/wp-content\\\/uploads\\\/2019\\\/04\\\/empleate.jpg\",\"width\":250,\"height\":150,\"caption\":\"Academia de oposiciones Empl\u00e9ate\"},\"image\":{\"@id\":\"https:\\\/\\\/www.emplea-te.com\\\/noticias-oposiciones\\\/#\\\/schema\\\/logo\\\/image\\\/\"},\"sameAs\":[\"https:\\\/\\\/www.facebook.com\\\/AcademiaEmpleate\\\/\",\"https:\\\/\\\/x.com\\\/Emplea_Te\",\"https:\\\/\\\/www.instagram.com\\\/academia_empleate\\\/\"]},{\"@type\":\"Person\",\"@id\":\"https:\\\/\\\/www.emplea-te.com\\\/noticias-oposiciones\\\/#\\\/schema\\\/person\\\/d1bc587e1af2b95e9c32aba1795509a6\",\"name\":\"Empleate\"}]}<\/script>\n<!-- \/ Yoast SEO plugin. -->","yoast_head_json":{"title":"Publicadas bases espec\u00edficas que regir\u00e1n la convocatoria de una plaza de Administrativo C1 (oep 2020) en el Ayuntamiento de Bergondo.","description":"Publicadas bases espec\u00edficas que regir\u00e1n la convocatoria de una plaza de Administrativo C1 (oep 2020) en el Ayuntamiento de Bergondo.","robots":{"index":"index","follow":"follow","max-snippet":"max-snippet:-1","max-image-preview":"max-image-preview:large","max-video-preview":"max-video-preview:-1"},"canonical":"https:\/\/www.emplea-te.com\/noticias-oposiciones\/aprobadas-las-bases-generales-y-especificas-para-la-convocatoria-de-distintas-plazas-de-la-oep-2020-del-ayuntamiento-de-bergondo-a-coruna\/","og_locale":"es_ES","og_type":"article","og_title":"Publicadas bases espec\u00edficas que regir\u00e1n la convocatoria de una plaza de Administrativo C1 (oep 2020) en el Ayuntamiento de Bergondo.","og_description":"Publicadas bases espec\u00edficas que regir\u00e1n la convocatoria de una plaza de Administrativo C1 (oep 2020) en el Ayuntamiento de Bergondo.","og_url":"https:\/\/www.emplea-te.com\/noticias-oposiciones\/aprobadas-las-bases-generales-y-especificas-para-la-convocatoria-de-distintas-plazas-de-la-oep-2020-del-ayuntamiento-de-bergondo-a-coruna\/","og_site_name":"Noticas de oposiciones por Academia Emplea-te","article_publisher":"https:\/\/www.facebook.com\/AcademiaEmpleate\/","article_published_time":"2021-03-29T09:07:42+00:00","og_image":[{"url":"https:\/\/www.emplea-te.com\/noticias-oposiciones\/wp-content\/uploads\/2021\/02\/unnamed.jpg","type":"","width":"","height":""}],"author":"Empleate","twitter_card":"summary_large_image","twitter_creator":"@Emplea_Te","twitter_site":"@Emplea_Te","twitter_misc":{"Escrito por":"Empleate","Tiempo de lectura":"1 minuto"},"schema":{"@context":"https:\/\/schema.org","@graph":[{"@type":"Article","@id":"https:\/\/www.emplea-te.com\/noticias-oposiciones\/aprobadas-las-bases-generales-y-especificas-para-la-convocatoria-de-distintas-plazas-de-la-oep-2020-del-ayuntamiento-de-bergondo-a-coruna\/#article","isPartOf":{"@id":"https:\/\/www.emplea-te.com\/noticias-oposiciones\/aprobadas-las-bases-generales-y-especificas-para-la-convocatoria-de-distintas-plazas-de-la-oep-2020-del-ayuntamiento-de-bergondo-a-coruna\/"},"author":{"name":"Empleate","@id":"https:\/\/www.emplea-te.com\/noticias-oposiciones\/#\/schema\/person\/d1bc587e1af2b95e9c32aba1795509a6"},"headline":"Aprobadas las bases generales y espec\u00edficas para la convocatoria de distintas plazas de la OEP 2020 del Ayuntamiento de Bergondo (A Coru\u00f1a)","datePublished":"2021-03-29T09:07:42+00:00","mainEntityOfPage":{"@id":"https:\/\/www.emplea-te.com\/noticias-oposiciones\/aprobadas-las-bases-generales-y-especificas-para-la-convocatoria-de-distintas-plazas-de-la-oep-2020-del-ayuntamiento-de-bergondo-a-coruna\/"},"wordCount":193,"publisher":{"@id":"https:\/\/www.emplea-te.com\/noticias-oposiciones\/#organization"},"image":{"@id":"https:\/\/www.emplea-te.com\/noticias-oposiciones\/aprobadas-las-bases-generales-y-especificas-para-la-convocatoria-de-distintas-plazas-de-la-oep-2020-del-ayuntamiento-de-bergondo-a-coruna\/#primaryimage"},"thumbnailUrl":"https:\/\/www.emplea-te.com\/noticias-oposiciones\/wp-content\/uploads\/2021\/02\/unnamed.jpg","keywords":["Convocatoria"],"articleSection":["Convocatorias Ayuntamientos","Oposiciones Auton\u00f3micas Galicia"],"inLanguage":"es"},{"@type":"WebPage","@id":"https:\/\/www.emplea-te.com\/noticias-oposiciones\/aprobadas-las-bases-generales-y-especificas-para-la-convocatoria-de-distintas-plazas-de-la-oep-2020-del-ayuntamiento-de-bergondo-a-coruna\/","url":"https:\/\/www.emplea-te.com\/noticias-oposiciones\/aprobadas-las-bases-generales-y-especificas-para-la-convocatoria-de-distintas-plazas-de-la-oep-2020-del-ayuntamiento-de-bergondo-a-coruna\/","name":"Publicadas bases espec\u00edficas que regir\u00e1n la convocatoria de una plaza de Administrativo C1 (oep 2020) en el Ayuntamiento de Bergondo.","isPartOf":{"@id":"https:\/\/www.emplea-te.com\/noticias-oposiciones\/#website"},"primaryImageOfPage":{"@id":"https:\/\/www.emplea-te.com\/noticias-oposiciones\/aprobadas-las-bases-generales-y-especificas-para-la-convocatoria-de-distintas-plazas-de-la-oep-2020-del-ayuntamiento-de-bergondo-a-coruna\/#primaryimage"},"image":{"@id":"https:\/\/www.emplea-te.com\/noticias-oposiciones\/aprobadas-las-bases-generales-y-especificas-para-la-convocatoria-de-distintas-plazas-de-la-oep-2020-del-ayuntamiento-de-bergondo-a-coruna\/#primaryimage"},"thumbnailUrl":"https:\/\/www.emplea-te.com\/noticias-oposiciones\/wp-content\/uploads\/2021\/02\/unnamed.jpg","datePublished":"2021-03-29T09:07:42+00:00","description":"Publicadas bases espec\u00edficas que regir\u00e1n la convocatoria de una plaza de Administrativo C1 (oep 2020) en el Ayuntamiento de Bergondo.","breadcrumb":{"@id":"https:\/\/www.emplea-te.com\/noticias-oposiciones\/aprobadas-las-bases-generales-y-especificas-para-la-convocatoria-de-distintas-plazas-de-la-oep-2020-del-ayuntamiento-de-bergondo-a-coruna\/#breadcrumb"},"inLanguage":"es","potentialAction":[{"@type":"ReadAction","target":["https:\/\/www.emplea-te.com\/noticias-oposiciones\/aprobadas-las-bases-generales-y-especificas-para-la-convocatoria-de-distintas-plazas-de-la-oep-2020-del-ayuntamiento-de-bergondo-a-coruna\/"]}]},{"@type":"ImageObject","inLanguage":"es","@id":"https:\/\/www.emplea-te.com\/noticias-oposiciones\/aprobadas-las-bases-generales-y-especificas-para-la-convocatoria-de-distintas-plazas-de-la-oep-2020-del-ayuntamiento-de-bergondo-a-coruna\/#primaryimage","url":"https:\/\/www.emplea-te.com\/noticias-oposiciones\/wp-content\/uploads\/2021\/02\/unnamed.jpg","contentUrl":"https:\/\/www.emplea-te.com\/noticias-oposiciones\/wp-content\/uploads\/2021\/02\/unnamed.jpg","width":288,"height":176},{"@type":"BreadcrumbList","@id":"https:\/\/www.emplea-te.com\/noticias-oposiciones\/aprobadas-las-bases-generales-y-especificas-para-la-convocatoria-de-distintas-plazas-de-la-oep-2020-del-ayuntamiento-de-bergondo-a-coruna\/#breadcrumb","itemListElement":[{"@type":"ListItem","position":1,"name":"Noticias Oposiciones","item":"https:\/\/www.emplea-te.com\/noticias-oposiciones\/"},{"@type":"ListItem","position":2,"name":"Oposiciones Auton\u00f3micas Galicia","item":"https:\/\/www.emplea-te.com\/noticias-oposiciones\/categoria\/oposiciones-autonomicas-galicia\/"},{"@type":"ListItem","position":3,"name":"Convocatorias Ayuntamientos","item":"https:\/\/www.emplea-te.com\/noticias-oposiciones\/categoria\/oposiciones-autonomicas-galicia\/convocatorias-ayuntamientos\/"},{"@type":"ListItem","position":4,"name":"Aprobadas las bases generales y espec\u00edficas para la convocatoria de distintas plazas de la OEP 2020 del Ayuntamiento de Bergondo (A Coru\u00f1a)"}]},{"@type":"WebSite","@id":"https:\/\/www.emplea-te.com\/noticias-oposiciones\/#website","url":"https:\/\/www.emplea-te.com\/noticias-oposiciones\/","name":"Noticas de oposiciones por Academia Emplea-te","description":"Toda la actualidad de las ofertas y convocatorias.","publisher":{"@id":"https:\/\/www.emplea-te.com\/noticias-oposiciones\/#organization"},"potentialAction":[{"@type":"SearchAction","target":{"@type":"EntryPoint","urlTemplate":"https:\/\/www.emplea-te.com\/noticias-oposiciones\/?s={search_term_string}"},"query-input":{"@type":"PropertyValueSpecification","valueRequired":true,"valueName":"search_term_string"}}],"inLanguage":"es"},{"@type":"Organization","@id":"https:\/\/www.emplea-te.com\/noticias-oposiciones\/#organization","name":"Academia de oposiciones Empl\u00e9ate","url":"https:\/\/www.emplea-te.com\/noticias-oposiciones\/","logo":{"@type":"ImageObject","inLanguage":"es","@id":"https:\/\/www.emplea-te.com\/noticias-oposiciones\/#\/schema\/logo\/image\/","url":"https:\/\/www.emplea-te.com\/noticias-oposiciones\/wp-content\/uploads\/2019\/04\/empleate.jpg","contentUrl":"https:\/\/www.emplea-te.com\/noticias-oposiciones\/wp-content\/uploads\/2019\/04\/empleate.jpg","width":250,"height":150,"caption":"Academia de oposiciones Empl\u00e9ate"},"image":{"@id":"https:\/\/www.emplea-te.com\/noticias-oposiciones\/#\/schema\/logo\/image\/"},"sameAs":["https:\/\/www.facebook.com\/AcademiaEmpleate\/","https:\/\/x.com\/Emplea_Te","https:\/\/www.instagram.com\/academia_empleate\/"]},{"@type":"Person","@id":"https:\/\/www.emplea-te.com\/noticias-oposiciones\/#\/schema\/person\/d1bc587e1af2b95e9c32aba1795509a6","name":"Empleate"}]}},"_links":{"self":[{"href":"https:\/\/www.emplea-te.com\/noticias-oposiciones\/wp-json\/wp\/v2\/posts\/4460","targetHints":{"allow":["GET"]}}],"collection":[{"href":"https:\/\/www.emplea-te.com\/noticias-oposiciones\/wp-json\/wp\/v2\/posts"}],"about":[{"href":"https:\/\/www.emplea-te.com\/noticias-oposiciones\/wp-json\/wp\/v2\/types\/post"}],"author":[{"embeddable":true,"href":"https:\/\/www.emplea-te.com\/noticias-oposiciones\/wp-json\/wp\/v2\/users\/1"}],"replies":[{"embeddable":true,"href":"https:\/\/www.emplea-te.com\/noticias-oposiciones\/wp-json\/wp\/v2\/comments?post=4460"}],"version-history":[{"count":1,"href":"https:\/\/www.emplea-te.com\/noticias-oposiciones\/wp-json\/wp\/v2\/posts\/4460\/revisions"}],"predecessor-version":[{"id":4461,"href":"https:\/\/www.emplea-te.com\/noticias-oposiciones\/wp-json\/wp\/v2\/posts\/4460\/revisions\/4461"}],"wp:attachment":[{"href":"https:\/\/www.emplea-te.com\/noticias-oposiciones\/wp-json\/wp\/v2\/media?parent=4460"}],"wp:term":[{"taxonomy":"category","embeddable":true,"href":"https:\/\/www.emplea-te.com\/noticias-oposiciones\/wp-json\/wp\/v2\/categories?post=4460"},{"taxonomy":"post_tag","embeddable":true,"href":"https:\/\/www.emplea-te.com\/noticias-oposiciones\/wp-json\/wp\/v2\/tags?post=4460"}],"curies":[{"name":"wp","href":"https:\/\/api.w.org\/{rel}","templated":true}]}}