{"id":4475,"date":"2021-04-05T10:33:12","date_gmt":"2021-04-05T08:33:12","guid":{"rendered":"https:\/\/www.emplea-te.com\/noticias-oposiciones\/?p=4475"},"modified":"2021-04-05T10:52:12","modified_gmt":"2021-04-05T08:52:12","slug":"formulario-de-examen-y-plantillas-respuesta-de-gestion-de-la-administracion-general-a2-acceso-libre-del-primer-ejercicio-de-la-xunta-de-galicia","status":"publish","type":"post","link":"https:\/\/www.emplea-te.com\/noticias-oposiciones\/formulario-de-examen-y-plantillas-respuesta-de-gestion-de-la-administracion-general-a2-acceso-libre-del-primer-ejercicio-de-la-xunta-de-galicia\/","title":{"rendered":"Formulario de examen y plantillas respuesta de  Gesti\u00f3n de la administraci\u00f3n general A2 (acceso libre) del primer ejercicio de la Xunta de Galicia."},"content":{"rendered":"<p>&nbsp;<\/p>\n<p><img decoding=\"async\" class=\"alignleft wp-image-1502 size-full\" src=\"https:\/\/www.emplea-te.com\/noticias-oposiciones\/wp-content\/uploads\/2019\/04\/xunta_De_Galicia.png\" alt=\"Oposiciones Xunta\" width=\"315\" height=\"160\" srcset=\"https:\/\/www.emplea-te.com\/noticias-oposiciones\/wp-content\/uploads\/2019\/04\/xunta_De_Galicia.png 315w, https:\/\/www.emplea-te.com\/noticias-oposiciones\/wp-content\/uploads\/2019\/04\/xunta_De_Galicia-300x152.png 300w, https:\/\/www.emplea-te.com\/noticias-oposiciones\/wp-content\/uploads\/2019\/04\/xunta_De_Galicia-20x10.png 20w\" sizes=\"(max-width: 315px) 85vw, 315px\" \/><\/p>\n<p>Se publica en la Web de Funci\u00f3n P\u00fablica el <strong>Formulario de examen y plantillas respuesta de Gesti\u00f3n de la administraci\u00f3n general A2 (acceso libre)<\/strong> del primer ejercicio de la Xunta de Galicia.<\/p>\n<p><a href=\"http:\/\/www.xunta.es\/dxfp\/Funcionarios\/2019\/A2\/ex1\/EXAMEN_GALLEGO_A2_A.pdf\" target=\"_blank\" rel=\"noopener noreferrer\">Desde este enlace pod\u00e9is acceder al mismo<\/a><\/p>\n<p>&nbsp;<\/p>\n","protected":false},"excerpt":{"rendered":"<p>&nbsp; Se publica en la Web de Funci\u00f3n P\u00fablica el Formulario de examen y plantillas respuesta de Gesti\u00f3n de la administraci\u00f3n general A2 (acceso libre) del primer ejercicio de la Xunta de Galicia. Desde este enlace pod\u00e9is acceder al mismo &nbsp;<\/p>\n","protected":false},"author":1,"featured_media":0,"comment_status":"closed","ping_status":"closed","sticky":false,"template":"","format":"standard","meta":{"footnotes":""},"categories":[50,58,4],"tags":[82],"class_list":["post-4475","post","type-post","status-publish","format-standard","hentry","category-administracion-general-subgrupo-a2","category-cuerpo-de-gestion-de-la-administracion-a2-xunta","category-oposiciones-xunta","tag-acceso-libre"],"yoast_head":"<!-- This site is optimized with the Yoast SEO plugin v27.5 - https:\/\/yoast.com\/product\/yoast-seo-wordpress\/ -->\n<title>Formulario de examen y plantillas respuesta de Gesti\u00f3n de la administraci\u00f3n general A2 (acceso libre) del primer ejercicio de la Xunta de Galicia.\u00a0<\/title>\n<meta name=\"description\" content=\"Formulario de examen y plantillas respuesta de Gesti\u00f3n de la administraci\u00f3n general A2 (acceso libre) del primer ejercicio de la Xunta de Galicia.\u00a0\" \/>\n<meta name=\"robots\" content=\"index, follow, max-snippet:-1, max-image-preview:large, max-video-preview:-1\" \/>\n<link rel=\"canonical\" href=\"https:\/\/www.emplea-te.com\/noticias-oposiciones\/formulario-de-examen-y-plantillas-respuesta-de-gestion-de-la-administracion-general-a2-acceso-libre-del-primer-ejercicio-de-la-xunta-de-galicia\/\" \/>\n<meta property=\"og:locale\" content=\"es_ES\" \/>\n<meta property=\"og:type\" content=\"article\" \/>\n<meta property=\"og:title\" content=\"Formulario de examen y plantillas respuesta de Gesti\u00f3n de la administraci\u00f3n general A2 (acceso libre) del primer ejercicio de la Xunta de Galicia.\u00a0\" \/>\n<meta property=\"og:description\" content=\"Formulario de examen y plantillas respuesta de Gesti\u00f3n de la administraci\u00f3n general A2 (acceso libre) del primer ejercicio de la Xunta de Galicia.\u00a0\" \/>\n<meta property=\"og:url\" content=\"https:\/\/www.emplea-te.com\/noticias-oposiciones\/formulario-de-examen-y-plantillas-respuesta-de-gestion-de-la-administracion-general-a2-acceso-libre-del-primer-ejercicio-de-la-xunta-de-galicia\/\" \/>\n<meta property=\"og:site_name\" content=\"Noticas de oposiciones por Academia Emplea-te\" \/>\n<meta property=\"article:publisher\" content=\"https:\/\/www.facebook.com\/AcademiaEmpleate\/\" \/>\n<meta property=\"article:published_time\" content=\"2021-04-05T08:33:12+00:00\" \/>\n<meta property=\"article:modified_time\" content=\"2021-04-05T08:52:12+00:00\" \/>\n<meta property=\"og:image\" content=\"https:\/\/www.emplea-te.com\/noticias-oposiciones\/wp-content\/uploads\/2019\/04\/xunta_De_Galicia.png\" \/>\n<meta name=\"author\" content=\"Empleate\" \/>\n<meta name=\"twitter:card\" content=\"summary_large_image\" \/>\n<meta name=\"twitter:creator\" content=\"@Emplea_Te\" \/>\n<meta name=\"twitter:site\" content=\"@Emplea_Te\" \/>\n<meta name=\"twitter:label1\" content=\"Escrito por\" \/>\n\t<meta name=\"twitter:data1\" content=\"Empleate\" \/>\n\t<meta name=\"twitter:label2\" content=\"Tiempo de lectura\" \/>\n\t<meta name=\"twitter:data2\" content=\"1 minuto\" \/>\n<script type=\"application\/ld+json\" class=\"yoast-schema-graph\">{\"@context\":\"https:\\\/\\\/schema.org\",\"@graph\":[{\"@type\":\"Article\",\"@id\":\"https:\\\/\\\/www.emplea-te.com\\\/noticias-oposiciones\\\/formulario-de-examen-y-plantillas-respuesta-de-gestion-de-la-administracion-general-a2-acceso-libre-del-primer-ejercicio-de-la-xunta-de-galicia\\\/#article\",\"isPartOf\":{\"@id\":\"https:\\\/\\\/www.emplea-te.com\\\/noticias-oposiciones\\\/formulario-de-examen-y-plantillas-respuesta-de-gestion-de-la-administracion-general-a2-acceso-libre-del-primer-ejercicio-de-la-xunta-de-galicia\\\/\"},\"author\":{\"name\":\"Empleate\",\"@id\":\"https:\\\/\\\/www.emplea-te.com\\\/noticias-oposiciones\\\/#\\\/schema\\\/person\\\/d1bc587e1af2b95e9c32aba1795509a6\"},\"headline\":\"Formulario de examen y plantillas respuesta de Gesti\u00f3n de la administraci\u00f3n general A2 (acceso libre) del primer ejercicio de la Xunta de Galicia.\",\"datePublished\":\"2021-04-05T08:33:12+00:00\",\"dateModified\":\"2021-04-05T08:52:12+00:00\",\"mainEntityOfPage\":{\"@id\":\"https:\\\/\\\/www.emplea-te.com\\\/noticias-oposiciones\\\/formulario-de-examen-y-plantillas-respuesta-de-gestion-de-la-administracion-general-a2-acceso-libre-del-primer-ejercicio-de-la-xunta-de-galicia\\\/\"},\"wordCount\":71,\"publisher\":{\"@id\":\"https:\\\/\\\/www.emplea-te.com\\\/noticias-oposiciones\\\/#organization\"},\"image\":{\"@id\":\"https:\\\/\\\/www.emplea-te.com\\\/noticias-oposiciones\\\/formulario-de-examen-y-plantillas-respuesta-de-gestion-de-la-administracion-general-a2-acceso-libre-del-primer-ejercicio-de-la-xunta-de-galicia\\\/#primaryimage\"},\"thumbnailUrl\":\"https:\\\/\\\/www.emplea-te.com\\\/noticias-oposiciones\\\/wp-content\\\/uploads\\\/2019\\\/04\\\/xunta_De_Galicia.png\",\"keywords\":[\"Acceso libre\"],\"articleSection\":[\"Administraci\u00f3n General Subgrupo A2\",\"Cuerpo de Gesti\u00f3n de la Administraci\u00f3n A2 Xunta\",\"Oposiciones Xunta\"],\"inLanguage\":\"es\"},{\"@type\":\"WebPage\",\"@id\":\"https:\\\/\\\/www.emplea-te.com\\\/noticias-oposiciones\\\/formulario-de-examen-y-plantillas-respuesta-de-gestion-de-la-administracion-general-a2-acceso-libre-del-primer-ejercicio-de-la-xunta-de-galicia\\\/\",\"url\":\"https:\\\/\\\/www.emplea-te.com\\\/noticias-oposiciones\\\/formulario-de-examen-y-plantillas-respuesta-de-gestion-de-la-administracion-general-a2-acceso-libre-del-primer-ejercicio-de-la-xunta-de-galicia\\\/\",\"name\":\"Formulario de examen y plantillas respuesta de Gesti\u00f3n de la administraci\u00f3n general A2 (acceso libre) del primer ejercicio de la Xunta de Galicia.\u00a0\",\"isPartOf\":{\"@id\":\"https:\\\/\\\/www.emplea-te.com\\\/noticias-oposiciones\\\/#website\"},\"primaryImageOfPage\":{\"@id\":\"https:\\\/\\\/www.emplea-te.com\\\/noticias-oposiciones\\\/formulario-de-examen-y-plantillas-respuesta-de-gestion-de-la-administracion-general-a2-acceso-libre-del-primer-ejercicio-de-la-xunta-de-galicia\\\/#primaryimage\"},\"image\":{\"@id\":\"https:\\\/\\\/www.emplea-te.com\\\/noticias-oposiciones\\\/formulario-de-examen-y-plantillas-respuesta-de-gestion-de-la-administracion-general-a2-acceso-libre-del-primer-ejercicio-de-la-xunta-de-galicia\\\/#primaryimage\"},\"thumbnailUrl\":\"https:\\\/\\\/www.emplea-te.com\\\/noticias-oposiciones\\\/wp-content\\\/uploads\\\/2019\\\/04\\\/xunta_De_Galicia.png\",\"datePublished\":\"2021-04-05T08:33:12+00:00\",\"dateModified\":\"2021-04-05T08:52:12+00:00\",\"description\":\"Formulario de examen y plantillas respuesta de Gesti\u00f3n de la administraci\u00f3n general A2 (acceso libre) del primer ejercicio de la Xunta de Galicia.\u00a0\",\"breadcrumb\":{\"@id\":\"https:\\\/\\\/www.emplea-te.com\\\/noticias-oposiciones\\\/formulario-de-examen-y-plantillas-respuesta-de-gestion-de-la-administracion-general-a2-acceso-libre-del-primer-ejercicio-de-la-xunta-de-galicia\\\/#breadcrumb\"},\"inLanguage\":\"es\",\"potentialAction\":[{\"@type\":\"ReadAction\",\"target\":[\"https:\\\/\\\/www.emplea-te.com\\\/noticias-oposiciones\\\/formulario-de-examen-y-plantillas-respuesta-de-gestion-de-la-administracion-general-a2-acceso-libre-del-primer-ejercicio-de-la-xunta-de-galicia\\\/\"]}]},{\"@type\":\"ImageObject\",\"inLanguage\":\"es\",\"@id\":\"https:\\\/\\\/www.emplea-te.com\\\/noticias-oposiciones\\\/formulario-de-examen-y-plantillas-respuesta-de-gestion-de-la-administracion-general-a2-acceso-libre-del-primer-ejercicio-de-la-xunta-de-galicia\\\/#primaryimage\",\"url\":\"https:\\\/\\\/www.emplea-te.com\\\/noticias-oposiciones\\\/wp-content\\\/uploads\\\/2019\\\/04\\\/xunta_De_Galicia.png\",\"contentUrl\":\"https:\\\/\\\/www.emplea-te.com\\\/noticias-oposiciones\\\/wp-content\\\/uploads\\\/2019\\\/04\\\/xunta_De_Galicia.png\",\"width\":315,\"height\":160,\"caption\":\"Oposiciones Xunta\"},{\"@type\":\"BreadcrumbList\",\"@id\":\"https:\\\/\\\/www.emplea-te.com\\\/noticias-oposiciones\\\/formulario-de-examen-y-plantillas-respuesta-de-gestion-de-la-administracion-general-a2-acceso-libre-del-primer-ejercicio-de-la-xunta-de-galicia\\\/#breadcrumb\",\"itemListElement\":[{\"@type\":\"ListItem\",\"position\":1,\"name\":\"Noticias Oposiciones\",\"item\":\"https:\\\/\\\/www.emplea-te.com\\\/noticias-oposiciones\\\/\"},{\"@type\":\"ListItem\",\"position\":2,\"name\":\"Oposiciones Xunta\",\"item\":\"https:\\\/\\\/www.emplea-te.com\\\/noticias-oposiciones\\\/categoria\\\/oposiciones-xunta\\\/\"},{\"@type\":\"ListItem\",\"position\":3,\"name\":\"Formulario de examen y plantillas respuesta de Gesti\u00f3n de la administraci\u00f3n general A2 (acceso libre) del primer ejercicio de la Xunta de Galicia.\"}]},{\"@type\":\"WebSite\",\"@id\":\"https:\\\/\\\/www.emplea-te.com\\\/noticias-oposiciones\\\/#website\",\"url\":\"https:\\\/\\\/www.emplea-te.com\\\/noticias-oposiciones\\\/\",\"name\":\"Noticas de oposiciones por Academia Emplea-te\",\"description\":\"Toda la actualidad de las ofertas y convocatorias.\",\"publisher\":{\"@id\":\"https:\\\/\\\/www.emplea-te.com\\\/noticias-oposiciones\\\/#organization\"},\"potentialAction\":[{\"@type\":\"SearchAction\",\"target\":{\"@type\":\"EntryPoint\",\"urlTemplate\":\"https:\\\/\\\/www.emplea-te.com\\\/noticias-oposiciones\\\/?s={search_term_string}\"},\"query-input\":{\"@type\":\"PropertyValueSpecification\",\"valueRequired\":true,\"valueName\":\"search_term_string\"}}],\"inLanguage\":\"es\"},{\"@type\":\"Organization\",\"@id\":\"https:\\\/\\\/www.emplea-te.com\\\/noticias-oposiciones\\\/#organization\",\"name\":\"Academia de oposiciones Empl\u00e9ate\",\"url\":\"https:\\\/\\\/www.emplea-te.com\\\/noticias-oposiciones\\\/\",\"logo\":{\"@type\":\"ImageObject\",\"inLanguage\":\"es\",\"@id\":\"https:\\\/\\\/www.emplea-te.com\\\/noticias-oposiciones\\\/#\\\/schema\\\/logo\\\/image\\\/\",\"url\":\"https:\\\/\\\/www.emplea-te.com\\\/noticias-oposiciones\\\/wp-content\\\/uploads\\\/2019\\\/04\\\/empleate.jpg\",\"contentUrl\":\"https:\\\/\\\/www.emplea-te.com\\\/noticias-oposiciones\\\/wp-content\\\/uploads\\\/2019\\\/04\\\/empleate.jpg\",\"width\":250,\"height\":150,\"caption\":\"Academia de oposiciones Empl\u00e9ate\"},\"image\":{\"@id\":\"https:\\\/\\\/www.emplea-te.com\\\/noticias-oposiciones\\\/#\\\/schema\\\/logo\\\/image\\\/\"},\"sameAs\":[\"https:\\\/\\\/www.facebook.com\\\/AcademiaEmpleate\\\/\",\"https:\\\/\\\/x.com\\\/Emplea_Te\",\"https:\\\/\\\/www.instagram.com\\\/academia_empleate\\\/\"]},{\"@type\":\"Person\",\"@id\":\"https:\\\/\\\/www.emplea-te.com\\\/noticias-oposiciones\\\/#\\\/schema\\\/person\\\/d1bc587e1af2b95e9c32aba1795509a6\",\"name\":\"Empleate\"}]}<\/script>\n<!-- \/ Yoast SEO plugin. -->","yoast_head_json":{"title":"Formulario de examen y plantillas respuesta de Gesti\u00f3n de la administraci\u00f3n general A2 (acceso libre) del primer ejercicio de la Xunta de Galicia.\u00a0","description":"Formulario de examen y plantillas respuesta de Gesti\u00f3n de la administraci\u00f3n general A2 (acceso libre) del primer ejercicio de la Xunta de Galicia.\u00a0","robots":{"index":"index","follow":"follow","max-snippet":"max-snippet:-1","max-image-preview":"max-image-preview:large","max-video-preview":"max-video-preview:-1"},"canonical":"https:\/\/www.emplea-te.com\/noticias-oposiciones\/formulario-de-examen-y-plantillas-respuesta-de-gestion-de-la-administracion-general-a2-acceso-libre-del-primer-ejercicio-de-la-xunta-de-galicia\/","og_locale":"es_ES","og_type":"article","og_title":"Formulario de examen y plantillas respuesta de Gesti\u00f3n de la administraci\u00f3n general A2 (acceso libre) del primer ejercicio de la Xunta de Galicia.\u00a0","og_description":"Formulario de examen y plantillas respuesta de Gesti\u00f3n de la administraci\u00f3n general A2 (acceso libre) del primer ejercicio de la Xunta de Galicia.\u00a0","og_url":"https:\/\/www.emplea-te.com\/noticias-oposiciones\/formulario-de-examen-y-plantillas-respuesta-de-gestion-de-la-administracion-general-a2-acceso-libre-del-primer-ejercicio-de-la-xunta-de-galicia\/","og_site_name":"Noticas de oposiciones por Academia Emplea-te","article_publisher":"https:\/\/www.facebook.com\/AcademiaEmpleate\/","article_published_time":"2021-04-05T08:33:12+00:00","article_modified_time":"2021-04-05T08:52:12+00:00","og_image":[{"url":"https:\/\/www.emplea-te.com\/noticias-oposiciones\/wp-content\/uploads\/2019\/04\/xunta_De_Galicia.png","type":"","width":"","height":""}],"author":"Empleate","twitter_card":"summary_large_image","twitter_creator":"@Emplea_Te","twitter_site":"@Emplea_Te","twitter_misc":{"Escrito por":"Empleate","Tiempo de lectura":"1 minuto"},"schema":{"@context":"https:\/\/schema.org","@graph":[{"@type":"Article","@id":"https:\/\/www.emplea-te.com\/noticias-oposiciones\/formulario-de-examen-y-plantillas-respuesta-de-gestion-de-la-administracion-general-a2-acceso-libre-del-primer-ejercicio-de-la-xunta-de-galicia\/#article","isPartOf":{"@id":"https:\/\/www.emplea-te.com\/noticias-oposiciones\/formulario-de-examen-y-plantillas-respuesta-de-gestion-de-la-administracion-general-a2-acceso-libre-del-primer-ejercicio-de-la-xunta-de-galicia\/"},"author":{"name":"Empleate","@id":"https:\/\/www.emplea-te.com\/noticias-oposiciones\/#\/schema\/person\/d1bc587e1af2b95e9c32aba1795509a6"},"headline":"Formulario de examen y plantillas respuesta de Gesti\u00f3n de la administraci\u00f3n general A2 (acceso libre) del primer ejercicio de la Xunta de Galicia.","datePublished":"2021-04-05T08:33:12+00:00","dateModified":"2021-04-05T08:52:12+00:00","mainEntityOfPage":{"@id":"https:\/\/www.emplea-te.com\/noticias-oposiciones\/formulario-de-examen-y-plantillas-respuesta-de-gestion-de-la-administracion-general-a2-acceso-libre-del-primer-ejercicio-de-la-xunta-de-galicia\/"},"wordCount":71,"publisher":{"@id":"https:\/\/www.emplea-te.com\/noticias-oposiciones\/#organization"},"image":{"@id":"https:\/\/www.emplea-te.com\/noticias-oposiciones\/formulario-de-examen-y-plantillas-respuesta-de-gestion-de-la-administracion-general-a2-acceso-libre-del-primer-ejercicio-de-la-xunta-de-galicia\/#primaryimage"},"thumbnailUrl":"https:\/\/www.emplea-te.com\/noticias-oposiciones\/wp-content\/uploads\/2019\/04\/xunta_De_Galicia.png","keywords":["Acceso libre"],"articleSection":["Administraci\u00f3n General Subgrupo A2","Cuerpo de Gesti\u00f3n de la Administraci\u00f3n A2 Xunta","Oposiciones Xunta"],"inLanguage":"es"},{"@type":"WebPage","@id":"https:\/\/www.emplea-te.com\/noticias-oposiciones\/formulario-de-examen-y-plantillas-respuesta-de-gestion-de-la-administracion-general-a2-acceso-libre-del-primer-ejercicio-de-la-xunta-de-galicia\/","url":"https:\/\/www.emplea-te.com\/noticias-oposiciones\/formulario-de-examen-y-plantillas-respuesta-de-gestion-de-la-administracion-general-a2-acceso-libre-del-primer-ejercicio-de-la-xunta-de-galicia\/","name":"Formulario de examen y plantillas respuesta de Gesti\u00f3n de la administraci\u00f3n general A2 (acceso libre) del primer ejercicio de la Xunta de Galicia.\u00a0","isPartOf":{"@id":"https:\/\/www.emplea-te.com\/noticias-oposiciones\/#website"},"primaryImageOfPage":{"@id":"https:\/\/www.emplea-te.com\/noticias-oposiciones\/formulario-de-examen-y-plantillas-respuesta-de-gestion-de-la-administracion-general-a2-acceso-libre-del-primer-ejercicio-de-la-xunta-de-galicia\/#primaryimage"},"image":{"@id":"https:\/\/www.emplea-te.com\/noticias-oposiciones\/formulario-de-examen-y-plantillas-respuesta-de-gestion-de-la-administracion-general-a2-acceso-libre-del-primer-ejercicio-de-la-xunta-de-galicia\/#primaryimage"},"thumbnailUrl":"https:\/\/www.emplea-te.com\/noticias-oposiciones\/wp-content\/uploads\/2019\/04\/xunta_De_Galicia.png","datePublished":"2021-04-05T08:33:12+00:00","dateModified":"2021-04-05T08:52:12+00:00","description":"Formulario de examen y plantillas respuesta de Gesti\u00f3n de la administraci\u00f3n general A2 (acceso libre) del primer ejercicio de la Xunta de Galicia.\u00a0","breadcrumb":{"@id":"https:\/\/www.emplea-te.com\/noticias-oposiciones\/formulario-de-examen-y-plantillas-respuesta-de-gestion-de-la-administracion-general-a2-acceso-libre-del-primer-ejercicio-de-la-xunta-de-galicia\/#breadcrumb"},"inLanguage":"es","potentialAction":[{"@type":"ReadAction","target":["https:\/\/www.emplea-te.com\/noticias-oposiciones\/formulario-de-examen-y-plantillas-respuesta-de-gestion-de-la-administracion-general-a2-acceso-libre-del-primer-ejercicio-de-la-xunta-de-galicia\/"]}]},{"@type":"ImageObject","inLanguage":"es","@id":"https:\/\/www.emplea-te.com\/noticias-oposiciones\/formulario-de-examen-y-plantillas-respuesta-de-gestion-de-la-administracion-general-a2-acceso-libre-del-primer-ejercicio-de-la-xunta-de-galicia\/#primaryimage","url":"https:\/\/www.emplea-te.com\/noticias-oposiciones\/wp-content\/uploads\/2019\/04\/xunta_De_Galicia.png","contentUrl":"https:\/\/www.emplea-te.com\/noticias-oposiciones\/wp-content\/uploads\/2019\/04\/xunta_De_Galicia.png","width":315,"height":160,"caption":"Oposiciones Xunta"},{"@type":"BreadcrumbList","@id":"https:\/\/www.emplea-te.com\/noticias-oposiciones\/formulario-de-examen-y-plantillas-respuesta-de-gestion-de-la-administracion-general-a2-acceso-libre-del-primer-ejercicio-de-la-xunta-de-galicia\/#breadcrumb","itemListElement":[{"@type":"ListItem","position":1,"name":"Noticias Oposiciones","item":"https:\/\/www.emplea-te.com\/noticias-oposiciones\/"},{"@type":"ListItem","position":2,"name":"Oposiciones Xunta","item":"https:\/\/www.emplea-te.com\/noticias-oposiciones\/categoria\/oposiciones-xunta\/"},{"@type":"ListItem","position":3,"name":"Formulario de examen y plantillas respuesta de Gesti\u00f3n de la administraci\u00f3n general A2 (acceso libre) del primer ejercicio de la Xunta de Galicia."}]},{"@type":"WebSite","@id":"https:\/\/www.emplea-te.com\/noticias-oposiciones\/#website","url":"https:\/\/www.emplea-te.com\/noticias-oposiciones\/","name":"Noticas de oposiciones por Academia Emplea-te","description":"Toda la actualidad de las ofertas y convocatorias.","publisher":{"@id":"https:\/\/www.emplea-te.com\/noticias-oposiciones\/#organization"},"potentialAction":[{"@type":"SearchAction","target":{"@type":"EntryPoint","urlTemplate":"https:\/\/www.emplea-te.com\/noticias-oposiciones\/?s={search_term_string}"},"query-input":{"@type":"PropertyValueSpecification","valueRequired":true,"valueName":"search_term_string"}}],"inLanguage":"es"},{"@type":"Organization","@id":"https:\/\/www.emplea-te.com\/noticias-oposiciones\/#organization","name":"Academia de oposiciones Empl\u00e9ate","url":"https:\/\/www.emplea-te.com\/noticias-oposiciones\/","logo":{"@type":"ImageObject","inLanguage":"es","@id":"https:\/\/www.emplea-te.com\/noticias-oposiciones\/#\/schema\/logo\/image\/","url":"https:\/\/www.emplea-te.com\/noticias-oposiciones\/wp-content\/uploads\/2019\/04\/empleate.jpg","contentUrl":"https:\/\/www.emplea-te.com\/noticias-oposiciones\/wp-content\/uploads\/2019\/04\/empleate.jpg","width":250,"height":150,"caption":"Academia de oposiciones Empl\u00e9ate"},"image":{"@id":"https:\/\/www.emplea-te.com\/noticias-oposiciones\/#\/schema\/logo\/image\/"},"sameAs":["https:\/\/www.facebook.com\/AcademiaEmpleate\/","https:\/\/x.com\/Emplea_Te","https:\/\/www.instagram.com\/academia_empleate\/"]},{"@type":"Person","@id":"https:\/\/www.emplea-te.com\/noticias-oposiciones\/#\/schema\/person\/d1bc587e1af2b95e9c32aba1795509a6","name":"Empleate"}]}},"_links":{"self":[{"href":"https:\/\/www.emplea-te.com\/noticias-oposiciones\/wp-json\/wp\/v2\/posts\/4475","targetHints":{"allow":["GET"]}}],"collection":[{"href":"https:\/\/www.emplea-te.com\/noticias-oposiciones\/wp-json\/wp\/v2\/posts"}],"about":[{"href":"https:\/\/www.emplea-te.com\/noticias-oposiciones\/wp-json\/wp\/v2\/types\/post"}],"author":[{"embeddable":true,"href":"https:\/\/www.emplea-te.com\/noticias-oposiciones\/wp-json\/wp\/v2\/users\/1"}],"replies":[{"embeddable":true,"href":"https:\/\/www.emplea-te.com\/noticias-oposiciones\/wp-json\/wp\/v2\/comments?post=4475"}],"version-history":[{"count":1,"href":"https:\/\/www.emplea-te.com\/noticias-oposiciones\/wp-json\/wp\/v2\/posts\/4475\/revisions"}],"predecessor-version":[{"id":4476,"href":"https:\/\/www.emplea-te.com\/noticias-oposiciones\/wp-json\/wp\/v2\/posts\/4475\/revisions\/4476"}],"wp:attachment":[{"href":"https:\/\/www.emplea-te.com\/noticias-oposiciones\/wp-json\/wp\/v2\/media?parent=4475"}],"wp:term":[{"taxonomy":"category","embeddable":true,"href":"https:\/\/www.emplea-te.com\/noticias-oposiciones\/wp-json\/wp\/v2\/categories?post=4475"},{"taxonomy":"post_tag","embeddable":true,"href":"https:\/\/www.emplea-te.com\/noticias-oposiciones\/wp-json\/wp\/v2\/tags?post=4475"}],"curies":[{"name":"wp","href":"https:\/\/api.w.org\/{rel}","templated":true}]}}