{"id":4479,"date":"2021-04-05T13:16:09","date_gmt":"2021-04-05T11:16:09","guid":{"rendered":"https:\/\/www.emplea-te.com\/noticias-oposiciones\/?p=4479"},"modified":"2021-04-05T13:16:09","modified_gmt":"2021-04-05T11:16:09","slug":"abrimos-nuevos-grupos-para-preparar-las-plazas-de-la-oep-2020-de-cuerpo-superior-de-la-administracion-a1-y-cuerpo-de-gestion-a2-de-la-administracion-de-la-xunta-de-galicia","status":"publish","type":"post","link":"https:\/\/www.emplea-te.com\/noticias-oposiciones\/abrimos-nuevos-grupos-para-preparar-las-plazas-de-la-oep-2020-de-cuerpo-superior-de-la-administracion-a1-y-cuerpo-de-gestion-a2-de-la-administracion-de-la-xunta-de-galicia\/","title":{"rendered":"Abrimos Nuevos Grupos para preparar las plazas de la OEP 2020 de Cuerpo Superior de la Administraci\u00f3n A1 y Cuerpo de Gesti\u00f3n A2 de la Administraci\u00f3n de la Xunta de Galicia"},"content":{"rendered":"<h5><img decoding=\"async\" class=\"alignnone size-full wp-image-1502\" src=\"https:\/\/www.emplea-te.com\/noticias-oposiciones\/wp-content\/uploads\/2019\/04\/xunta_De_Galicia.png\" alt=\"Oposiciones Xunta\" width=\"315\" height=\"160\" srcset=\"https:\/\/www.emplea-te.com\/noticias-oposiciones\/wp-content\/uploads\/2019\/04\/xunta_De_Galicia.png 315w, https:\/\/www.emplea-te.com\/noticias-oposiciones\/wp-content\/uploads\/2019\/04\/xunta_De_Galicia-300x152.png 300w, https:\/\/www.emplea-te.com\/noticias-oposiciones\/wp-content\/uploads\/2019\/04\/xunta_De_Galicia-20x10.png 20w\" sizes=\"(max-width: 315px) 85vw, 315px\" \/><\/h5>\n<h5>Nuevos grupos Plazas OEP 2020 Xunta de Galicia.<\/h5>\n<p>La semana del\u00a0 12 de Abril Iniciamos nuevos grupos para preparar las plazas de Cuerpo Superior de la Administraci\u00f3n A1 y Cuerpo de Gesti\u00f3n A2 de la Administraci\u00f3n de la Xunta de Galicia de la OEP 2020.<\/p>\n<p><strong>Cuerpo Superior de la Administraci\u00f3n A1 acceso libre Xunta de Galicia : 45 Plazas ofertadas OEP 2020\u00a0<\/strong><\/p>\n<p><strong>Cuerpo de Gesti\u00f3n de la Administraci\u00f3n A2 acceso libre Xunta de Galicia: 40 Plazas ofertadas OEP 2020\u00a0<\/strong><\/p>\n<p>&nbsp;<\/p>\n<p><a href=\"https:\/\/www.emplea-te.com\/#informacionoposiciones\" target=\"_blank\" rel=\"noopener noreferrer\">Solic\u00edtanos informaci\u00f3n desde este enlace sobre nuestros grupos, horarios&#8230;\u00a0 todo lo que necesites saber<\/a><\/p>\n","protected":false},"excerpt":{"rendered":"<p>Nuevos grupos Plazas OEP 2020 Xunta de Galicia. La semana del\u00a0 12 de Abril Iniciamos nuevos grupos para preparar las plazas de Cuerpo Superior de la Administraci\u00f3n A1 y Cuerpo de Gesti\u00f3n A2 de la Administraci\u00f3n de la Xunta de Galicia de la OEP 2020. Cuerpo Superior de la Administraci\u00f3n A1 acceso libre Xunta de &hellip; <a href=\"https:\/\/www.emplea-te.com\/noticias-oposiciones\/abrimos-nuevos-grupos-para-preparar-las-plazas-de-la-oep-2020-de-cuerpo-superior-de-la-administracion-a1-y-cuerpo-de-gestion-a2-de-la-administracion-de-la-xunta-de-galicia\/\" class=\"more-link\">Continuar leyendo<span class=\"screen-reader-text\"> \u00abAbrimos Nuevos Grupos para preparar las plazas de la OEP 2020 de Cuerpo Superior de la Administraci\u00f3n A1 y Cuerpo de Gesti\u00f3n A2 de la Administraci\u00f3n de la Xunta de Galicia\u00bb<\/span><\/a><\/p>\n","protected":false},"author":1,"featured_media":0,"comment_status":"closed","ping_status":"closed","sticky":false,"template":"","format":"standard","meta":{"footnotes":""},"categories":[50,58,59,4],"tags":[82,85],"class_list":["post-4479","post","type-post","status-publish","format-standard","hentry","category-administracion-general-subgrupo-a2","category-cuerpo-de-gestion-de-la-administracion-a2-xunta","category-cuerpo-superior-de-la-administracion-a1-xunta","category-oposiciones-xunta","tag-acceso-libre","tag-horario-clases-de-la-academia"],"yoast_head":"<!-- This site is optimized with the Yoast SEO plugin v27.5 - https:\/\/yoast.com\/product\/yoast-seo-wordpress\/ -->\n<title>Abrimos nuevos grupos para preparar las plazas de la OEP 2020 de la Xunta de Galicia de Cuerpo Superior de la Administraci\u00f3n A1 y Cuerpo de Gesti\u00f3n de la administraci\u00f3nA2<\/title>\n<meta name=\"description\" content=\"Abrimos nuevos grupos para preparar las plazas de la OEP 2020 de la Xunta de Galicia de Cuerpo Superior de la Administraci\u00f3n A1 y Cuerpo de Gesti\u00f3n de la administraci\u00f3nA2 .\" \/>\n<meta name=\"robots\" content=\"index, follow, max-snippet:-1, max-image-preview:large, max-video-preview:-1\" \/>\n<link rel=\"canonical\" href=\"https:\/\/www.emplea-te.com\/noticias-oposiciones\/abrimos-nuevos-grupos-para-preparar-las-plazas-de-la-oep-2020-de-cuerpo-superior-de-la-administracion-a1-y-cuerpo-de-gestion-a2-de-la-administracion-de-la-xunta-de-galicia\/\" \/>\n<meta property=\"og:locale\" content=\"es_ES\" \/>\n<meta property=\"og:type\" content=\"article\" \/>\n<meta property=\"og:title\" content=\"Abrimos nuevos grupos para preparar las plazas de la OEP 2020 de la Xunta de Galicia de Cuerpo Superior de la Administraci\u00f3n A1 y Cuerpo de Gesti\u00f3n de la administraci\u00f3nA2\" \/>\n<meta property=\"og:description\" content=\"Abrimos nuevos grupos para preparar las plazas de la OEP 2020 de la Xunta de Galicia de Cuerpo Superior de la Administraci\u00f3n A1 y Cuerpo de Gesti\u00f3n de la administraci\u00f3nA2 .\" \/>\n<meta property=\"og:url\" content=\"https:\/\/www.emplea-te.com\/noticias-oposiciones\/abrimos-nuevos-grupos-para-preparar-las-plazas-de-la-oep-2020-de-cuerpo-superior-de-la-administracion-a1-y-cuerpo-de-gestion-a2-de-la-administracion-de-la-xunta-de-galicia\/\" \/>\n<meta property=\"og:site_name\" content=\"Noticas de oposiciones por Academia Emplea-te\" \/>\n<meta property=\"article:publisher\" content=\"https:\/\/www.facebook.com\/AcademiaEmpleate\/\" \/>\n<meta property=\"article:published_time\" content=\"2021-04-05T11:16:09+00:00\" \/>\n<meta property=\"og:image\" content=\"https:\/\/www.emplea-te.com\/noticias-oposiciones\/wp-content\/uploads\/2019\/04\/xunta_De_Galicia.png\" \/>\n<meta name=\"author\" content=\"Empleate\" \/>\n<meta name=\"twitter:card\" content=\"summary_large_image\" \/>\n<meta name=\"twitter:creator\" content=\"@Emplea_Te\" \/>\n<meta name=\"twitter:site\" content=\"@Emplea_Te\" \/>\n<meta name=\"twitter:label1\" content=\"Escrito por\" \/>\n\t<meta name=\"twitter:data1\" content=\"Empleate\" \/>\n\t<meta name=\"twitter:label2\" content=\"Tiempo de lectura\" \/>\n\t<meta name=\"twitter:data2\" content=\"1 minuto\" \/>\n<script type=\"application\/ld+json\" class=\"yoast-schema-graph\">{\"@context\":\"https:\\\/\\\/schema.org\",\"@graph\":[{\"@type\":\"Article\",\"@id\":\"https:\\\/\\\/www.emplea-te.com\\\/noticias-oposiciones\\\/abrimos-nuevos-grupos-para-preparar-las-plazas-de-la-oep-2020-de-cuerpo-superior-de-la-administracion-a1-y-cuerpo-de-gestion-a2-de-la-administracion-de-la-xunta-de-galicia\\\/#article\",\"isPartOf\":{\"@id\":\"https:\\\/\\\/www.emplea-te.com\\\/noticias-oposiciones\\\/abrimos-nuevos-grupos-para-preparar-las-plazas-de-la-oep-2020-de-cuerpo-superior-de-la-administracion-a1-y-cuerpo-de-gestion-a2-de-la-administracion-de-la-xunta-de-galicia\\\/\"},\"author\":{\"name\":\"Empleate\",\"@id\":\"https:\\\/\\\/www.emplea-te.com\\\/noticias-oposiciones\\\/#\\\/schema\\\/person\\\/d1bc587e1af2b95e9c32aba1795509a6\"},\"headline\":\"Abrimos Nuevos Grupos para preparar las plazas de la OEP 2020 de Cuerpo Superior de la Administraci\u00f3n A1 y Cuerpo de Gesti\u00f3n A2 de la Administraci\u00f3n de la Xunta de Galicia\",\"datePublished\":\"2021-04-05T11:16:09+00:00\",\"mainEntityOfPage\":{\"@id\":\"https:\\\/\\\/www.emplea-te.com\\\/noticias-oposiciones\\\/abrimos-nuevos-grupos-para-preparar-las-plazas-de-la-oep-2020-de-cuerpo-superior-de-la-administracion-a1-y-cuerpo-de-gestion-a2-de-la-administracion-de-la-xunta-de-galicia\\\/\"},\"wordCount\":127,\"publisher\":{\"@id\":\"https:\\\/\\\/www.emplea-te.com\\\/noticias-oposiciones\\\/#organization\"},\"image\":{\"@id\":\"https:\\\/\\\/www.emplea-te.com\\\/noticias-oposiciones\\\/abrimos-nuevos-grupos-para-preparar-las-plazas-de-la-oep-2020-de-cuerpo-superior-de-la-administracion-a1-y-cuerpo-de-gestion-a2-de-la-administracion-de-la-xunta-de-galicia\\\/#primaryimage\"},\"thumbnailUrl\":\"https:\\\/\\\/www.emplea-te.com\\\/noticias-oposiciones\\\/wp-content\\\/uploads\\\/2019\\\/04\\\/xunta_De_Galicia.png\",\"keywords\":[\"Acceso libre\",\"Horario clases de la academia\"],\"articleSection\":[\"Administraci\u00f3n General Subgrupo A2\",\"Cuerpo de Gesti\u00f3n de la Administraci\u00f3n A2 Xunta\",\"Cuerpo Superior de la Administraci\u00f3n A1 Xunta\",\"Oposiciones Xunta\"],\"inLanguage\":\"es\"},{\"@type\":\"WebPage\",\"@id\":\"https:\\\/\\\/www.emplea-te.com\\\/noticias-oposiciones\\\/abrimos-nuevos-grupos-para-preparar-las-plazas-de-la-oep-2020-de-cuerpo-superior-de-la-administracion-a1-y-cuerpo-de-gestion-a2-de-la-administracion-de-la-xunta-de-galicia\\\/\",\"url\":\"https:\\\/\\\/www.emplea-te.com\\\/noticias-oposiciones\\\/abrimos-nuevos-grupos-para-preparar-las-plazas-de-la-oep-2020-de-cuerpo-superior-de-la-administracion-a1-y-cuerpo-de-gestion-a2-de-la-administracion-de-la-xunta-de-galicia\\\/\",\"name\":\"Abrimos nuevos grupos para preparar las plazas de la OEP 2020 de la Xunta de Galicia de Cuerpo Superior de la Administraci\u00f3n A1 y Cuerpo de Gesti\u00f3n de la administraci\u00f3nA2\",\"isPartOf\":{\"@id\":\"https:\\\/\\\/www.emplea-te.com\\\/noticias-oposiciones\\\/#website\"},\"primaryImageOfPage\":{\"@id\":\"https:\\\/\\\/www.emplea-te.com\\\/noticias-oposiciones\\\/abrimos-nuevos-grupos-para-preparar-las-plazas-de-la-oep-2020-de-cuerpo-superior-de-la-administracion-a1-y-cuerpo-de-gestion-a2-de-la-administracion-de-la-xunta-de-galicia\\\/#primaryimage\"},\"image\":{\"@id\":\"https:\\\/\\\/www.emplea-te.com\\\/noticias-oposiciones\\\/abrimos-nuevos-grupos-para-preparar-las-plazas-de-la-oep-2020-de-cuerpo-superior-de-la-administracion-a1-y-cuerpo-de-gestion-a2-de-la-administracion-de-la-xunta-de-galicia\\\/#primaryimage\"},\"thumbnailUrl\":\"https:\\\/\\\/www.emplea-te.com\\\/noticias-oposiciones\\\/wp-content\\\/uploads\\\/2019\\\/04\\\/xunta_De_Galicia.png\",\"datePublished\":\"2021-04-05T11:16:09+00:00\",\"description\":\"Abrimos nuevos grupos para preparar las plazas de la OEP 2020 de la Xunta de Galicia de Cuerpo Superior de la Administraci\u00f3n A1 y Cuerpo de Gesti\u00f3n de la administraci\u00f3nA2 .\",\"breadcrumb\":{\"@id\":\"https:\\\/\\\/www.emplea-te.com\\\/noticias-oposiciones\\\/abrimos-nuevos-grupos-para-preparar-las-plazas-de-la-oep-2020-de-cuerpo-superior-de-la-administracion-a1-y-cuerpo-de-gestion-a2-de-la-administracion-de-la-xunta-de-galicia\\\/#breadcrumb\"},\"inLanguage\":\"es\",\"potentialAction\":[{\"@type\":\"ReadAction\",\"target\":[\"https:\\\/\\\/www.emplea-te.com\\\/noticias-oposiciones\\\/abrimos-nuevos-grupos-para-preparar-las-plazas-de-la-oep-2020-de-cuerpo-superior-de-la-administracion-a1-y-cuerpo-de-gestion-a2-de-la-administracion-de-la-xunta-de-galicia\\\/\"]}]},{\"@type\":\"ImageObject\",\"inLanguage\":\"es\",\"@id\":\"https:\\\/\\\/www.emplea-te.com\\\/noticias-oposiciones\\\/abrimos-nuevos-grupos-para-preparar-las-plazas-de-la-oep-2020-de-cuerpo-superior-de-la-administracion-a1-y-cuerpo-de-gestion-a2-de-la-administracion-de-la-xunta-de-galicia\\\/#primaryimage\",\"url\":\"https:\\\/\\\/www.emplea-te.com\\\/noticias-oposiciones\\\/wp-content\\\/uploads\\\/2019\\\/04\\\/xunta_De_Galicia.png\",\"contentUrl\":\"https:\\\/\\\/www.emplea-te.com\\\/noticias-oposiciones\\\/wp-content\\\/uploads\\\/2019\\\/04\\\/xunta_De_Galicia.png\",\"width\":315,\"height\":160,\"caption\":\"Oposiciones Xunta\"},{\"@type\":\"BreadcrumbList\",\"@id\":\"https:\\\/\\\/www.emplea-te.com\\\/noticias-oposiciones\\\/abrimos-nuevos-grupos-para-preparar-las-plazas-de-la-oep-2020-de-cuerpo-superior-de-la-administracion-a1-y-cuerpo-de-gestion-a2-de-la-administracion-de-la-xunta-de-galicia\\\/#breadcrumb\",\"itemListElement\":[{\"@type\":\"ListItem\",\"position\":1,\"name\":\"Noticias Oposiciones\",\"item\":\"https:\\\/\\\/www.emplea-te.com\\\/noticias-oposiciones\\\/\"},{\"@type\":\"ListItem\",\"position\":2,\"name\":\"Oposiciones Xunta\",\"item\":\"https:\\\/\\\/www.emplea-te.com\\\/noticias-oposiciones\\\/categoria\\\/oposiciones-xunta\\\/\"},{\"@type\":\"ListItem\",\"position\":3,\"name\":\"Abrimos Nuevos Grupos para preparar las plazas de la OEP 2020 de Cuerpo Superior de la Administraci\u00f3n A1 y Cuerpo de Gesti\u00f3n A2 de la Administraci\u00f3n de la Xunta de Galicia\"}]},{\"@type\":\"WebSite\",\"@id\":\"https:\\\/\\\/www.emplea-te.com\\\/noticias-oposiciones\\\/#website\",\"url\":\"https:\\\/\\\/www.emplea-te.com\\\/noticias-oposiciones\\\/\",\"name\":\"Noticas de oposiciones por Academia Emplea-te\",\"description\":\"Toda la actualidad de las ofertas y convocatorias.\",\"publisher\":{\"@id\":\"https:\\\/\\\/www.emplea-te.com\\\/noticias-oposiciones\\\/#organization\"},\"potentialAction\":[{\"@type\":\"SearchAction\",\"target\":{\"@type\":\"EntryPoint\",\"urlTemplate\":\"https:\\\/\\\/www.emplea-te.com\\\/noticias-oposiciones\\\/?s={search_term_string}\"},\"query-input\":{\"@type\":\"PropertyValueSpecification\",\"valueRequired\":true,\"valueName\":\"search_term_string\"}}],\"inLanguage\":\"es\"},{\"@type\":\"Organization\",\"@id\":\"https:\\\/\\\/www.emplea-te.com\\\/noticias-oposiciones\\\/#organization\",\"name\":\"Academia de oposiciones Empl\u00e9ate\",\"url\":\"https:\\\/\\\/www.emplea-te.com\\\/noticias-oposiciones\\\/\",\"logo\":{\"@type\":\"ImageObject\",\"inLanguage\":\"es\",\"@id\":\"https:\\\/\\\/www.emplea-te.com\\\/noticias-oposiciones\\\/#\\\/schema\\\/logo\\\/image\\\/\",\"url\":\"https:\\\/\\\/www.emplea-te.com\\\/noticias-oposiciones\\\/wp-content\\\/uploads\\\/2019\\\/04\\\/empleate.jpg\",\"contentUrl\":\"https:\\\/\\\/www.emplea-te.com\\\/noticias-oposiciones\\\/wp-content\\\/uploads\\\/2019\\\/04\\\/empleate.jpg\",\"width\":250,\"height\":150,\"caption\":\"Academia de oposiciones Empl\u00e9ate\"},\"image\":{\"@id\":\"https:\\\/\\\/www.emplea-te.com\\\/noticias-oposiciones\\\/#\\\/schema\\\/logo\\\/image\\\/\"},\"sameAs\":[\"https:\\\/\\\/www.facebook.com\\\/AcademiaEmpleate\\\/\",\"https:\\\/\\\/x.com\\\/Emplea_Te\",\"https:\\\/\\\/www.instagram.com\\\/academia_empleate\\\/\"]},{\"@type\":\"Person\",\"@id\":\"https:\\\/\\\/www.emplea-te.com\\\/noticias-oposiciones\\\/#\\\/schema\\\/person\\\/d1bc587e1af2b95e9c32aba1795509a6\",\"name\":\"Empleate\"}]}<\/script>\n<!-- \/ Yoast SEO plugin. -->","yoast_head_json":{"title":"Abrimos nuevos grupos para preparar las plazas de la OEP 2020 de la Xunta de Galicia de Cuerpo Superior de la Administraci\u00f3n A1 y Cuerpo de Gesti\u00f3n de la administraci\u00f3nA2","description":"Abrimos nuevos grupos para preparar las plazas de la OEP 2020 de la Xunta de Galicia de Cuerpo Superior de la Administraci\u00f3n A1 y Cuerpo de Gesti\u00f3n de la administraci\u00f3nA2 .","robots":{"index":"index","follow":"follow","max-snippet":"max-snippet:-1","max-image-preview":"max-image-preview:large","max-video-preview":"max-video-preview:-1"},"canonical":"https:\/\/www.emplea-te.com\/noticias-oposiciones\/abrimos-nuevos-grupos-para-preparar-las-plazas-de-la-oep-2020-de-cuerpo-superior-de-la-administracion-a1-y-cuerpo-de-gestion-a2-de-la-administracion-de-la-xunta-de-galicia\/","og_locale":"es_ES","og_type":"article","og_title":"Abrimos nuevos grupos para preparar las plazas de la OEP 2020 de la Xunta de Galicia de Cuerpo Superior de la Administraci\u00f3n A1 y Cuerpo de Gesti\u00f3n de la administraci\u00f3nA2","og_description":"Abrimos nuevos grupos para preparar las plazas de la OEP 2020 de la Xunta de Galicia de Cuerpo Superior de la Administraci\u00f3n A1 y Cuerpo de Gesti\u00f3n de la administraci\u00f3nA2 .","og_url":"https:\/\/www.emplea-te.com\/noticias-oposiciones\/abrimos-nuevos-grupos-para-preparar-las-plazas-de-la-oep-2020-de-cuerpo-superior-de-la-administracion-a1-y-cuerpo-de-gestion-a2-de-la-administracion-de-la-xunta-de-galicia\/","og_site_name":"Noticas de oposiciones por Academia Emplea-te","article_publisher":"https:\/\/www.facebook.com\/AcademiaEmpleate\/","article_published_time":"2021-04-05T11:16:09+00:00","og_image":[{"url":"https:\/\/www.emplea-te.com\/noticias-oposiciones\/wp-content\/uploads\/2019\/04\/xunta_De_Galicia.png","type":"","width":"","height":""}],"author":"Empleate","twitter_card":"summary_large_image","twitter_creator":"@Emplea_Te","twitter_site":"@Emplea_Te","twitter_misc":{"Escrito por":"Empleate","Tiempo de lectura":"1 minuto"},"schema":{"@context":"https:\/\/schema.org","@graph":[{"@type":"Article","@id":"https:\/\/www.emplea-te.com\/noticias-oposiciones\/abrimos-nuevos-grupos-para-preparar-las-plazas-de-la-oep-2020-de-cuerpo-superior-de-la-administracion-a1-y-cuerpo-de-gestion-a2-de-la-administracion-de-la-xunta-de-galicia\/#article","isPartOf":{"@id":"https:\/\/www.emplea-te.com\/noticias-oposiciones\/abrimos-nuevos-grupos-para-preparar-las-plazas-de-la-oep-2020-de-cuerpo-superior-de-la-administracion-a1-y-cuerpo-de-gestion-a2-de-la-administracion-de-la-xunta-de-galicia\/"},"author":{"name":"Empleate","@id":"https:\/\/www.emplea-te.com\/noticias-oposiciones\/#\/schema\/person\/d1bc587e1af2b95e9c32aba1795509a6"},"headline":"Abrimos Nuevos Grupos para preparar las plazas de la OEP 2020 de Cuerpo Superior de la Administraci\u00f3n A1 y Cuerpo de Gesti\u00f3n A2 de la Administraci\u00f3n de la Xunta de Galicia","datePublished":"2021-04-05T11:16:09+00:00","mainEntityOfPage":{"@id":"https:\/\/www.emplea-te.com\/noticias-oposiciones\/abrimos-nuevos-grupos-para-preparar-las-plazas-de-la-oep-2020-de-cuerpo-superior-de-la-administracion-a1-y-cuerpo-de-gestion-a2-de-la-administracion-de-la-xunta-de-galicia\/"},"wordCount":127,"publisher":{"@id":"https:\/\/www.emplea-te.com\/noticias-oposiciones\/#organization"},"image":{"@id":"https:\/\/www.emplea-te.com\/noticias-oposiciones\/abrimos-nuevos-grupos-para-preparar-las-plazas-de-la-oep-2020-de-cuerpo-superior-de-la-administracion-a1-y-cuerpo-de-gestion-a2-de-la-administracion-de-la-xunta-de-galicia\/#primaryimage"},"thumbnailUrl":"https:\/\/www.emplea-te.com\/noticias-oposiciones\/wp-content\/uploads\/2019\/04\/xunta_De_Galicia.png","keywords":["Acceso libre","Horario clases de la academia"],"articleSection":["Administraci\u00f3n General Subgrupo A2","Cuerpo de Gesti\u00f3n de la Administraci\u00f3n A2 Xunta","Cuerpo Superior de la Administraci\u00f3n A1 Xunta","Oposiciones Xunta"],"inLanguage":"es"},{"@type":"WebPage","@id":"https:\/\/www.emplea-te.com\/noticias-oposiciones\/abrimos-nuevos-grupos-para-preparar-las-plazas-de-la-oep-2020-de-cuerpo-superior-de-la-administracion-a1-y-cuerpo-de-gestion-a2-de-la-administracion-de-la-xunta-de-galicia\/","url":"https:\/\/www.emplea-te.com\/noticias-oposiciones\/abrimos-nuevos-grupos-para-preparar-las-plazas-de-la-oep-2020-de-cuerpo-superior-de-la-administracion-a1-y-cuerpo-de-gestion-a2-de-la-administracion-de-la-xunta-de-galicia\/","name":"Abrimos nuevos grupos para preparar las plazas de la OEP 2020 de la Xunta de Galicia de Cuerpo Superior de la Administraci\u00f3n A1 y Cuerpo de Gesti\u00f3n de la administraci\u00f3nA2","isPartOf":{"@id":"https:\/\/www.emplea-te.com\/noticias-oposiciones\/#website"},"primaryImageOfPage":{"@id":"https:\/\/www.emplea-te.com\/noticias-oposiciones\/abrimos-nuevos-grupos-para-preparar-las-plazas-de-la-oep-2020-de-cuerpo-superior-de-la-administracion-a1-y-cuerpo-de-gestion-a2-de-la-administracion-de-la-xunta-de-galicia\/#primaryimage"},"image":{"@id":"https:\/\/www.emplea-te.com\/noticias-oposiciones\/abrimos-nuevos-grupos-para-preparar-las-plazas-de-la-oep-2020-de-cuerpo-superior-de-la-administracion-a1-y-cuerpo-de-gestion-a2-de-la-administracion-de-la-xunta-de-galicia\/#primaryimage"},"thumbnailUrl":"https:\/\/www.emplea-te.com\/noticias-oposiciones\/wp-content\/uploads\/2019\/04\/xunta_De_Galicia.png","datePublished":"2021-04-05T11:16:09+00:00","description":"Abrimos nuevos grupos para preparar las plazas de la OEP 2020 de la Xunta de Galicia de Cuerpo Superior de la Administraci\u00f3n A1 y Cuerpo de Gesti\u00f3n de la administraci\u00f3nA2 .","breadcrumb":{"@id":"https:\/\/www.emplea-te.com\/noticias-oposiciones\/abrimos-nuevos-grupos-para-preparar-las-plazas-de-la-oep-2020-de-cuerpo-superior-de-la-administracion-a1-y-cuerpo-de-gestion-a2-de-la-administracion-de-la-xunta-de-galicia\/#breadcrumb"},"inLanguage":"es","potentialAction":[{"@type":"ReadAction","target":["https:\/\/www.emplea-te.com\/noticias-oposiciones\/abrimos-nuevos-grupos-para-preparar-las-plazas-de-la-oep-2020-de-cuerpo-superior-de-la-administracion-a1-y-cuerpo-de-gestion-a2-de-la-administracion-de-la-xunta-de-galicia\/"]}]},{"@type":"ImageObject","inLanguage":"es","@id":"https:\/\/www.emplea-te.com\/noticias-oposiciones\/abrimos-nuevos-grupos-para-preparar-las-plazas-de-la-oep-2020-de-cuerpo-superior-de-la-administracion-a1-y-cuerpo-de-gestion-a2-de-la-administracion-de-la-xunta-de-galicia\/#primaryimage","url":"https:\/\/www.emplea-te.com\/noticias-oposiciones\/wp-content\/uploads\/2019\/04\/xunta_De_Galicia.png","contentUrl":"https:\/\/www.emplea-te.com\/noticias-oposiciones\/wp-content\/uploads\/2019\/04\/xunta_De_Galicia.png","width":315,"height":160,"caption":"Oposiciones Xunta"},{"@type":"BreadcrumbList","@id":"https:\/\/www.emplea-te.com\/noticias-oposiciones\/abrimos-nuevos-grupos-para-preparar-las-plazas-de-la-oep-2020-de-cuerpo-superior-de-la-administracion-a1-y-cuerpo-de-gestion-a2-de-la-administracion-de-la-xunta-de-galicia\/#breadcrumb","itemListElement":[{"@type":"ListItem","position":1,"name":"Noticias Oposiciones","item":"https:\/\/www.emplea-te.com\/noticias-oposiciones\/"},{"@type":"ListItem","position":2,"name":"Oposiciones Xunta","item":"https:\/\/www.emplea-te.com\/noticias-oposiciones\/categoria\/oposiciones-xunta\/"},{"@type":"ListItem","position":3,"name":"Abrimos Nuevos Grupos para preparar las plazas de la OEP 2020 de Cuerpo Superior de la Administraci\u00f3n A1 y Cuerpo de Gesti\u00f3n A2 de la Administraci\u00f3n de la Xunta de Galicia"}]},{"@type":"WebSite","@id":"https:\/\/www.emplea-te.com\/noticias-oposiciones\/#website","url":"https:\/\/www.emplea-te.com\/noticias-oposiciones\/","name":"Noticas de oposiciones por Academia Emplea-te","description":"Toda la actualidad de las ofertas y convocatorias.","publisher":{"@id":"https:\/\/www.emplea-te.com\/noticias-oposiciones\/#organization"},"potentialAction":[{"@type":"SearchAction","target":{"@type":"EntryPoint","urlTemplate":"https:\/\/www.emplea-te.com\/noticias-oposiciones\/?s={search_term_string}"},"query-input":{"@type":"PropertyValueSpecification","valueRequired":true,"valueName":"search_term_string"}}],"inLanguage":"es"},{"@type":"Organization","@id":"https:\/\/www.emplea-te.com\/noticias-oposiciones\/#organization","name":"Academia de oposiciones Empl\u00e9ate","url":"https:\/\/www.emplea-te.com\/noticias-oposiciones\/","logo":{"@type":"ImageObject","inLanguage":"es","@id":"https:\/\/www.emplea-te.com\/noticias-oposiciones\/#\/schema\/logo\/image\/","url":"https:\/\/www.emplea-te.com\/noticias-oposiciones\/wp-content\/uploads\/2019\/04\/empleate.jpg","contentUrl":"https:\/\/www.emplea-te.com\/noticias-oposiciones\/wp-content\/uploads\/2019\/04\/empleate.jpg","width":250,"height":150,"caption":"Academia de oposiciones Empl\u00e9ate"},"image":{"@id":"https:\/\/www.emplea-te.com\/noticias-oposiciones\/#\/schema\/logo\/image\/"},"sameAs":["https:\/\/www.facebook.com\/AcademiaEmpleate\/","https:\/\/x.com\/Emplea_Te","https:\/\/www.instagram.com\/academia_empleate\/"]},{"@type":"Person","@id":"https:\/\/www.emplea-te.com\/noticias-oposiciones\/#\/schema\/person\/d1bc587e1af2b95e9c32aba1795509a6","name":"Empleate"}]}},"_links":{"self":[{"href":"https:\/\/www.emplea-te.com\/noticias-oposiciones\/wp-json\/wp\/v2\/posts\/4479","targetHints":{"allow":["GET"]}}],"collection":[{"href":"https:\/\/www.emplea-te.com\/noticias-oposiciones\/wp-json\/wp\/v2\/posts"}],"about":[{"href":"https:\/\/www.emplea-te.com\/noticias-oposiciones\/wp-json\/wp\/v2\/types\/post"}],"author":[{"embeddable":true,"href":"https:\/\/www.emplea-te.com\/noticias-oposiciones\/wp-json\/wp\/v2\/users\/1"}],"replies":[{"embeddable":true,"href":"https:\/\/www.emplea-te.com\/noticias-oposiciones\/wp-json\/wp\/v2\/comments?post=4479"}],"version-history":[{"count":1,"href":"https:\/\/www.emplea-te.com\/noticias-oposiciones\/wp-json\/wp\/v2\/posts\/4479\/revisions"}],"predecessor-version":[{"id":4480,"href":"https:\/\/www.emplea-te.com\/noticias-oposiciones\/wp-json\/wp\/v2\/posts\/4479\/revisions\/4480"}],"wp:attachment":[{"href":"https:\/\/www.emplea-te.com\/noticias-oposiciones\/wp-json\/wp\/v2\/media?parent=4479"}],"wp:term":[{"taxonomy":"category","embeddable":true,"href":"https:\/\/www.emplea-te.com\/noticias-oposiciones\/wp-json\/wp\/v2\/categories?post=4479"},{"taxonomy":"post_tag","embeddable":true,"href":"https:\/\/www.emplea-te.com\/noticias-oposiciones\/wp-json\/wp\/v2\/tags?post=4479"}],"curies":[{"name":"wp","href":"https:\/\/api.w.org\/{rel}","templated":true}]}}