{"id":4485,"date":"2021-04-06T10:40:18","date_gmt":"2021-04-06T08:40:18","guid":{"rendered":"https:\/\/www.emplea-te.com\/noticias-oposiciones\/?p=4485"},"modified":"2021-04-06T10:40:18","modified_gmt":"2021-04-06T08:40:18","slug":"publicado-el-anuncio-de-aprobacion-de-la-oep-2021-del-ayuntamiento-de-morana","status":"publish","type":"post","link":"https:\/\/www.emplea-te.com\/noticias-oposiciones\/publicado-el-anuncio-de-aprobacion-de-la-oep-2021-del-ayuntamiento-de-morana\/","title":{"rendered":"Publicado el Anuncio de aprobaci\u00f3n de la OEP 2021 del Ayuntamiento de Mora\u00f1a ."},"content":{"rendered":"<p>&nbsp;<\/p>\n<p><img decoding=\"async\" class=\"alignleft wp-image-4236 size-medium\" src=\"https:\/\/www.emplea-te.com\/noticias-oposiciones\/wp-content\/uploads\/2021\/02\/rss_impulsa-tu-vida-1-300x200.jpg\" alt=\"\" width=\"300\" height=\"200\" srcset=\"https:\/\/www.emplea-te.com\/noticias-oposiciones\/wp-content\/uploads\/2021\/02\/rss_impulsa-tu-vida-1-300x200.jpg 300w, https:\/\/www.emplea-te.com\/noticias-oposiciones\/wp-content\/uploads\/2021\/02\/rss_impulsa-tu-vida-1-768x512.jpg 768w, https:\/\/www.emplea-te.com\/noticias-oposiciones\/wp-content\/uploads\/2021\/02\/rss_impulsa-tu-vida-1-20x13.jpg 20w, https:\/\/www.emplea-te.com\/noticias-oposiciones\/wp-content\/uploads\/2021\/02\/rss_impulsa-tu-vida-1.jpg 1000w\" sizes=\"(max-width: 300px) 85vw, 300px\" \/><\/p>\n<p>Se publica en el DOG n\u00famero 63 de hoy , d\u00eda 6 de abril de 2021,\u00a0 el Anuncio con la aprobaci\u00f3n de la OEP 2021 del Ayuntamiento de Mora\u00f1a.<\/p>\n<p><a href=\"https:\/\/www.xunta.gal\/dog\/Publicados\/2021\/20210406\/AnuncioL232-110321-0001_gl.html\" target=\"_blank\" rel=\"noopener noreferrer\">Desde este enlace puedes acceder al Anuncio de la publicaci\u00f3n de la OEP 2021 de este Ayuntamiento<\/a><\/p>\n<p><strong>Destacamos esta plaza que puedes preparar en nuestros grupos presenciales y grupos online.\u00a0<\/strong><\/p>\n<p><a href=\"https:\/\/www.emplea-te.com\/cursos-para-oposiciones#informacionoposiciones\" target=\"_blank\" rel=\"noopener noreferrer\">Desde este enlace puedes solicitarnos informaci\u00f3n de c\u00f3mo prepararte con nosotros\u00a0<\/a><\/p>\n<p class=\"dog-base-sangria\"><span>Oficiales de carrera:<\/span><\/p>\n<table id=\"table-1\">\n<tbody>\n<tr>\n<td>\n<p class=\"basic-paragraph\"><span>Grupo<\/span><\/p>\n<\/td>\n<td>\n<p class=\"basic-paragraph\"><span>Subgrupo<\/span><\/p>\n<\/td>\n<td>\n<p class=\"basic-paragraph\"><span>Clasificaci\u00f3n<\/span><\/p>\n<\/td>\n<td>\n<p class=\"basic-paragraph\"><span>Sin vacantes<\/span><\/p>\n<\/td>\n<td>\n<p class=\"basic-paragraph\"><span>Denominaci\u00f3n<\/span><\/p>\n<\/td>\n<td>\n<p class=\"basic-paragraph\"><span>Sistema de acceso<\/span><\/p>\n<\/td>\n<\/tr>\n<tr>\n<td>\n<p class=\"basic-paragraph\"><span>C<\/span><\/p>\n<\/td>\n<td>\n<p class=\"basic-paragraph\"><span>C1<\/span><\/p>\n<\/td>\n<td>\n<p class=\"basic-paragraph\"><span>Administraci\u00f3n administrativa-general<\/span><\/p>\n<\/td>\n<td>\n<p class=\"basic-paragraph\"><span>1<\/span><\/p>\n<\/td>\n<td>\n<p class=\"basic-paragraph\"><span>Administrativo<\/span><\/p>\n<\/td>\n<td>\n<p class=\"basic-paragraph\"><span>Turno libre\u00a0<\/span><\/p>\n<\/td>\n<\/tr>\n<\/tbody>\n<\/table>\n","protected":false},"excerpt":{"rendered":"<p>&nbsp; Se publica en el DOG n\u00famero 63 de hoy , d\u00eda 6 de abril de 2021,\u00a0 el Anuncio con la aprobaci\u00f3n de la OEP 2021 del Ayuntamiento de Mora\u00f1a. Desde este enlace puedes acceder al Anuncio de la publicaci\u00f3n de la OEP 2021 de este Ayuntamiento Destacamos esta plaza que puedes preparar en nuestros &hellip; <a href=\"https:\/\/www.emplea-te.com\/noticias-oposiciones\/publicado-el-anuncio-de-aprobacion-de-la-oep-2021-del-ayuntamiento-de-morana\/\" class=\"more-link\">Continuar leyendo<span class=\"screen-reader-text\"> \u00abPublicado el Anuncio de aprobaci\u00f3n de la OEP 2021 del Ayuntamiento de Mora\u00f1a .\u00bb<\/span><\/a><\/p>\n","protected":false},"author":1,"featured_media":0,"comment_status":"closed","ping_status":"closed","sticky":false,"template":"","format":"standard","meta":{"footnotes":""},"categories":[98,56],"tags":[84],"class_list":["post-4485","post","type-post","status-publish","format-standard","hentry","category-oep-2021-ayuntamientos","category-oposiciones-autonomicas-galicia","tag-oferta-de-empleo-publico"],"yoast_head":"<!-- This site is optimized with the Yoast SEO plugin v27.5 - https:\/\/yoast.com\/product\/yoast-seo-wordpress\/ -->\n<title>Anuncio de la OEP 2021 del Ayuntamiento de Mora\u00f1a<\/title>\n<meta name=\"description\" content=\"Anuncio de la OEP 2021 del Ayuntamiento de Mora\u00f1a. Entra en el enlace e inf\u00f3rmate de como preparar las plazas ofertadas con nosotros.\" \/>\n<meta name=\"robots\" content=\"index, follow, max-snippet:-1, max-image-preview:large, max-video-preview:-1\" \/>\n<link rel=\"canonical\" href=\"https:\/\/www.emplea-te.com\/noticias-oposiciones\/publicado-el-anuncio-de-aprobacion-de-la-oep-2021-del-ayuntamiento-de-morana\/\" \/>\n<meta property=\"og:locale\" content=\"es_ES\" \/>\n<meta property=\"og:type\" content=\"article\" \/>\n<meta property=\"og:title\" content=\"Anuncio de la OEP 2021 del Ayuntamiento de Mora\u00f1a\" \/>\n<meta property=\"og:description\" content=\"Anuncio de la OEP 2021 del Ayuntamiento de Mora\u00f1a. Entra en el enlace e inf\u00f3rmate de como preparar las plazas ofertadas con nosotros.\" \/>\n<meta property=\"og:url\" content=\"https:\/\/www.emplea-te.com\/noticias-oposiciones\/publicado-el-anuncio-de-aprobacion-de-la-oep-2021-del-ayuntamiento-de-morana\/\" \/>\n<meta property=\"og:site_name\" content=\"Noticas de oposiciones por Academia Emplea-te\" \/>\n<meta property=\"article:publisher\" content=\"https:\/\/www.facebook.com\/AcademiaEmpleate\/\" \/>\n<meta property=\"article:published_time\" content=\"2021-04-06T08:40:18+00:00\" \/>\n<meta property=\"og:image\" content=\"https:\/\/www.emplea-te.com\/noticias-oposiciones\/wp-content\/uploads\/2021\/02\/rss_impulsa-tu-vida-1-300x200.jpg\" \/>\n<meta name=\"author\" content=\"Empleate\" \/>\n<meta name=\"twitter:card\" content=\"summary_large_image\" \/>\n<meta name=\"twitter:creator\" content=\"@Emplea_Te\" \/>\n<meta name=\"twitter:site\" content=\"@Emplea_Te\" \/>\n<meta name=\"twitter:label1\" content=\"Escrito por\" \/>\n\t<meta name=\"twitter:data1\" content=\"Empleate\" \/>\n\t<meta name=\"twitter:label2\" content=\"Tiempo de lectura\" \/>\n\t<meta name=\"twitter:data2\" content=\"1 minuto\" \/>\n<script type=\"application\/ld+json\" class=\"yoast-schema-graph\">{\"@context\":\"https:\\\/\\\/schema.org\",\"@graph\":[{\"@type\":\"Article\",\"@id\":\"https:\\\/\\\/www.emplea-te.com\\\/noticias-oposiciones\\\/publicado-el-anuncio-de-aprobacion-de-la-oep-2021-del-ayuntamiento-de-morana\\\/#article\",\"isPartOf\":{\"@id\":\"https:\\\/\\\/www.emplea-te.com\\\/noticias-oposiciones\\\/publicado-el-anuncio-de-aprobacion-de-la-oep-2021-del-ayuntamiento-de-morana\\\/\"},\"author\":{\"name\":\"Empleate\",\"@id\":\"https:\\\/\\\/www.emplea-te.com\\\/noticias-oposiciones\\\/#\\\/schema\\\/person\\\/d1bc587e1af2b95e9c32aba1795509a6\"},\"headline\":\"Publicado el Anuncio de aprobaci\u00f3n de la OEP 2021 del Ayuntamiento de Mora\u00f1a .\",\"datePublished\":\"2021-04-06T08:40:18+00:00\",\"mainEntityOfPage\":{\"@id\":\"https:\\\/\\\/www.emplea-te.com\\\/noticias-oposiciones\\\/publicado-el-anuncio-de-aprobacion-de-la-oep-2021-del-ayuntamiento-de-morana\\\/\"},\"wordCount\":108,\"publisher\":{\"@id\":\"https:\\\/\\\/www.emplea-te.com\\\/noticias-oposiciones\\\/#organization\"},\"image\":{\"@id\":\"https:\\\/\\\/www.emplea-te.com\\\/noticias-oposiciones\\\/publicado-el-anuncio-de-aprobacion-de-la-oep-2021-del-ayuntamiento-de-morana\\\/#primaryimage\"},\"thumbnailUrl\":\"https:\\\/\\\/www.emplea-te.com\\\/noticias-oposiciones\\\/wp-content\\\/uploads\\\/2021\\\/02\\\/rss_impulsa-tu-vida-1-300x200.jpg\",\"keywords\":[\"Oferta de Empleo P\u00fablico\"],\"articleSection\":[\"OEP 2021 Ayuntamientos\",\"Oposiciones Auton\u00f3micas Galicia\"],\"inLanguage\":\"es\"},{\"@type\":\"WebPage\",\"@id\":\"https:\\\/\\\/www.emplea-te.com\\\/noticias-oposiciones\\\/publicado-el-anuncio-de-aprobacion-de-la-oep-2021-del-ayuntamiento-de-morana\\\/\",\"url\":\"https:\\\/\\\/www.emplea-te.com\\\/noticias-oposiciones\\\/publicado-el-anuncio-de-aprobacion-de-la-oep-2021-del-ayuntamiento-de-morana\\\/\",\"name\":\"Anuncio de la OEP 2021 del Ayuntamiento de Mora\u00f1a\",\"isPartOf\":{\"@id\":\"https:\\\/\\\/www.emplea-te.com\\\/noticias-oposiciones\\\/#website\"},\"primaryImageOfPage\":{\"@id\":\"https:\\\/\\\/www.emplea-te.com\\\/noticias-oposiciones\\\/publicado-el-anuncio-de-aprobacion-de-la-oep-2021-del-ayuntamiento-de-morana\\\/#primaryimage\"},\"image\":{\"@id\":\"https:\\\/\\\/www.emplea-te.com\\\/noticias-oposiciones\\\/publicado-el-anuncio-de-aprobacion-de-la-oep-2021-del-ayuntamiento-de-morana\\\/#primaryimage\"},\"thumbnailUrl\":\"https:\\\/\\\/www.emplea-te.com\\\/noticias-oposiciones\\\/wp-content\\\/uploads\\\/2021\\\/02\\\/rss_impulsa-tu-vida-1-300x200.jpg\",\"datePublished\":\"2021-04-06T08:40:18+00:00\",\"description\":\"Anuncio de la OEP 2021 del Ayuntamiento de Mora\u00f1a. Entra en el enlace e inf\u00f3rmate de como preparar las plazas ofertadas con nosotros.\",\"breadcrumb\":{\"@id\":\"https:\\\/\\\/www.emplea-te.com\\\/noticias-oposiciones\\\/publicado-el-anuncio-de-aprobacion-de-la-oep-2021-del-ayuntamiento-de-morana\\\/#breadcrumb\"},\"inLanguage\":\"es\",\"potentialAction\":[{\"@type\":\"ReadAction\",\"target\":[\"https:\\\/\\\/www.emplea-te.com\\\/noticias-oposiciones\\\/publicado-el-anuncio-de-aprobacion-de-la-oep-2021-del-ayuntamiento-de-morana\\\/\"]}]},{\"@type\":\"ImageObject\",\"inLanguage\":\"es\",\"@id\":\"https:\\\/\\\/www.emplea-te.com\\\/noticias-oposiciones\\\/publicado-el-anuncio-de-aprobacion-de-la-oep-2021-del-ayuntamiento-de-morana\\\/#primaryimage\",\"url\":\"https:\\\/\\\/www.emplea-te.com\\\/noticias-oposiciones\\\/wp-content\\\/uploads\\\/2021\\\/02\\\/rss_impulsa-tu-vida-1.jpg\",\"contentUrl\":\"https:\\\/\\\/www.emplea-te.com\\\/noticias-oposiciones\\\/wp-content\\\/uploads\\\/2021\\\/02\\\/rss_impulsa-tu-vida-1.jpg\",\"width\":1000,\"height\":667},{\"@type\":\"BreadcrumbList\",\"@id\":\"https:\\\/\\\/www.emplea-te.com\\\/noticias-oposiciones\\\/publicado-el-anuncio-de-aprobacion-de-la-oep-2021-del-ayuntamiento-de-morana\\\/#breadcrumb\",\"itemListElement\":[{\"@type\":\"ListItem\",\"position\":1,\"name\":\"Noticias Oposiciones\",\"item\":\"https:\\\/\\\/www.emplea-te.com\\\/noticias-oposiciones\\\/\"},{\"@type\":\"ListItem\",\"position\":2,\"name\":\"Oposiciones Auton\u00f3micas Galicia\",\"item\":\"https:\\\/\\\/www.emplea-te.com\\\/noticias-oposiciones\\\/categoria\\\/oposiciones-autonomicas-galicia\\\/\"},{\"@type\":\"ListItem\",\"position\":3,\"name\":\"Publicado el Anuncio de aprobaci\u00f3n de la OEP 2021 del Ayuntamiento de Mora\u00f1a .\"}]},{\"@type\":\"WebSite\",\"@id\":\"https:\\\/\\\/www.emplea-te.com\\\/noticias-oposiciones\\\/#website\",\"url\":\"https:\\\/\\\/www.emplea-te.com\\\/noticias-oposiciones\\\/\",\"name\":\"Noticas de oposiciones por Academia Emplea-te\",\"description\":\"Toda la actualidad de las ofertas y convocatorias.\",\"publisher\":{\"@id\":\"https:\\\/\\\/www.emplea-te.com\\\/noticias-oposiciones\\\/#organization\"},\"potentialAction\":[{\"@type\":\"SearchAction\",\"target\":{\"@type\":\"EntryPoint\",\"urlTemplate\":\"https:\\\/\\\/www.emplea-te.com\\\/noticias-oposiciones\\\/?s={search_term_string}\"},\"query-input\":{\"@type\":\"PropertyValueSpecification\",\"valueRequired\":true,\"valueName\":\"search_term_string\"}}],\"inLanguage\":\"es\"},{\"@type\":\"Organization\",\"@id\":\"https:\\\/\\\/www.emplea-te.com\\\/noticias-oposiciones\\\/#organization\",\"name\":\"Academia de oposiciones Empl\u00e9ate\",\"url\":\"https:\\\/\\\/www.emplea-te.com\\\/noticias-oposiciones\\\/\",\"logo\":{\"@type\":\"ImageObject\",\"inLanguage\":\"es\",\"@id\":\"https:\\\/\\\/www.emplea-te.com\\\/noticias-oposiciones\\\/#\\\/schema\\\/logo\\\/image\\\/\",\"url\":\"https:\\\/\\\/www.emplea-te.com\\\/noticias-oposiciones\\\/wp-content\\\/uploads\\\/2019\\\/04\\\/empleate.jpg\",\"contentUrl\":\"https:\\\/\\\/www.emplea-te.com\\\/noticias-oposiciones\\\/wp-content\\\/uploads\\\/2019\\\/04\\\/empleate.jpg\",\"width\":250,\"height\":150,\"caption\":\"Academia de oposiciones Empl\u00e9ate\"},\"image\":{\"@id\":\"https:\\\/\\\/www.emplea-te.com\\\/noticias-oposiciones\\\/#\\\/schema\\\/logo\\\/image\\\/\"},\"sameAs\":[\"https:\\\/\\\/www.facebook.com\\\/AcademiaEmpleate\\\/\",\"https:\\\/\\\/x.com\\\/Emplea_Te\",\"https:\\\/\\\/www.instagram.com\\\/academia_empleate\\\/\"]},{\"@type\":\"Person\",\"@id\":\"https:\\\/\\\/www.emplea-te.com\\\/noticias-oposiciones\\\/#\\\/schema\\\/person\\\/d1bc587e1af2b95e9c32aba1795509a6\",\"name\":\"Empleate\"}]}<\/script>\n<!-- \/ Yoast SEO plugin. -->","yoast_head_json":{"title":"Anuncio de la OEP 2021 del Ayuntamiento de Mora\u00f1a","description":"Anuncio de la OEP 2021 del Ayuntamiento de Mora\u00f1a. Entra en el enlace e inf\u00f3rmate de como preparar las plazas ofertadas con nosotros.","robots":{"index":"index","follow":"follow","max-snippet":"max-snippet:-1","max-image-preview":"max-image-preview:large","max-video-preview":"max-video-preview:-1"},"canonical":"https:\/\/www.emplea-te.com\/noticias-oposiciones\/publicado-el-anuncio-de-aprobacion-de-la-oep-2021-del-ayuntamiento-de-morana\/","og_locale":"es_ES","og_type":"article","og_title":"Anuncio de la OEP 2021 del Ayuntamiento de Mora\u00f1a","og_description":"Anuncio de la OEP 2021 del Ayuntamiento de Mora\u00f1a. Entra en el enlace e inf\u00f3rmate de como preparar las plazas ofertadas con nosotros.","og_url":"https:\/\/www.emplea-te.com\/noticias-oposiciones\/publicado-el-anuncio-de-aprobacion-de-la-oep-2021-del-ayuntamiento-de-morana\/","og_site_name":"Noticas de oposiciones por Academia Emplea-te","article_publisher":"https:\/\/www.facebook.com\/AcademiaEmpleate\/","article_published_time":"2021-04-06T08:40:18+00:00","og_image":[{"url":"https:\/\/www.emplea-te.com\/noticias-oposiciones\/wp-content\/uploads\/2021\/02\/rss_impulsa-tu-vida-1-300x200.jpg","type":"","width":"","height":""}],"author":"Empleate","twitter_card":"summary_large_image","twitter_creator":"@Emplea_Te","twitter_site":"@Emplea_Te","twitter_misc":{"Escrito por":"Empleate","Tiempo de lectura":"1 minuto"},"schema":{"@context":"https:\/\/schema.org","@graph":[{"@type":"Article","@id":"https:\/\/www.emplea-te.com\/noticias-oposiciones\/publicado-el-anuncio-de-aprobacion-de-la-oep-2021-del-ayuntamiento-de-morana\/#article","isPartOf":{"@id":"https:\/\/www.emplea-te.com\/noticias-oposiciones\/publicado-el-anuncio-de-aprobacion-de-la-oep-2021-del-ayuntamiento-de-morana\/"},"author":{"name":"Empleate","@id":"https:\/\/www.emplea-te.com\/noticias-oposiciones\/#\/schema\/person\/d1bc587e1af2b95e9c32aba1795509a6"},"headline":"Publicado el Anuncio de aprobaci\u00f3n de la OEP 2021 del Ayuntamiento de Mora\u00f1a .","datePublished":"2021-04-06T08:40:18+00:00","mainEntityOfPage":{"@id":"https:\/\/www.emplea-te.com\/noticias-oposiciones\/publicado-el-anuncio-de-aprobacion-de-la-oep-2021-del-ayuntamiento-de-morana\/"},"wordCount":108,"publisher":{"@id":"https:\/\/www.emplea-te.com\/noticias-oposiciones\/#organization"},"image":{"@id":"https:\/\/www.emplea-te.com\/noticias-oposiciones\/publicado-el-anuncio-de-aprobacion-de-la-oep-2021-del-ayuntamiento-de-morana\/#primaryimage"},"thumbnailUrl":"https:\/\/www.emplea-te.com\/noticias-oposiciones\/wp-content\/uploads\/2021\/02\/rss_impulsa-tu-vida-1-300x200.jpg","keywords":["Oferta de Empleo P\u00fablico"],"articleSection":["OEP 2021 Ayuntamientos","Oposiciones Auton\u00f3micas Galicia"],"inLanguage":"es"},{"@type":"WebPage","@id":"https:\/\/www.emplea-te.com\/noticias-oposiciones\/publicado-el-anuncio-de-aprobacion-de-la-oep-2021-del-ayuntamiento-de-morana\/","url":"https:\/\/www.emplea-te.com\/noticias-oposiciones\/publicado-el-anuncio-de-aprobacion-de-la-oep-2021-del-ayuntamiento-de-morana\/","name":"Anuncio de la OEP 2021 del Ayuntamiento de Mora\u00f1a","isPartOf":{"@id":"https:\/\/www.emplea-te.com\/noticias-oposiciones\/#website"},"primaryImageOfPage":{"@id":"https:\/\/www.emplea-te.com\/noticias-oposiciones\/publicado-el-anuncio-de-aprobacion-de-la-oep-2021-del-ayuntamiento-de-morana\/#primaryimage"},"image":{"@id":"https:\/\/www.emplea-te.com\/noticias-oposiciones\/publicado-el-anuncio-de-aprobacion-de-la-oep-2021-del-ayuntamiento-de-morana\/#primaryimage"},"thumbnailUrl":"https:\/\/www.emplea-te.com\/noticias-oposiciones\/wp-content\/uploads\/2021\/02\/rss_impulsa-tu-vida-1-300x200.jpg","datePublished":"2021-04-06T08:40:18+00:00","description":"Anuncio de la OEP 2021 del Ayuntamiento de Mora\u00f1a. Entra en el enlace e inf\u00f3rmate de como preparar las plazas ofertadas con nosotros.","breadcrumb":{"@id":"https:\/\/www.emplea-te.com\/noticias-oposiciones\/publicado-el-anuncio-de-aprobacion-de-la-oep-2021-del-ayuntamiento-de-morana\/#breadcrumb"},"inLanguage":"es","potentialAction":[{"@type":"ReadAction","target":["https:\/\/www.emplea-te.com\/noticias-oposiciones\/publicado-el-anuncio-de-aprobacion-de-la-oep-2021-del-ayuntamiento-de-morana\/"]}]},{"@type":"ImageObject","inLanguage":"es","@id":"https:\/\/www.emplea-te.com\/noticias-oposiciones\/publicado-el-anuncio-de-aprobacion-de-la-oep-2021-del-ayuntamiento-de-morana\/#primaryimage","url":"https:\/\/www.emplea-te.com\/noticias-oposiciones\/wp-content\/uploads\/2021\/02\/rss_impulsa-tu-vida-1.jpg","contentUrl":"https:\/\/www.emplea-te.com\/noticias-oposiciones\/wp-content\/uploads\/2021\/02\/rss_impulsa-tu-vida-1.jpg","width":1000,"height":667},{"@type":"BreadcrumbList","@id":"https:\/\/www.emplea-te.com\/noticias-oposiciones\/publicado-el-anuncio-de-aprobacion-de-la-oep-2021-del-ayuntamiento-de-morana\/#breadcrumb","itemListElement":[{"@type":"ListItem","position":1,"name":"Noticias Oposiciones","item":"https:\/\/www.emplea-te.com\/noticias-oposiciones\/"},{"@type":"ListItem","position":2,"name":"Oposiciones Auton\u00f3micas Galicia","item":"https:\/\/www.emplea-te.com\/noticias-oposiciones\/categoria\/oposiciones-autonomicas-galicia\/"},{"@type":"ListItem","position":3,"name":"Publicado el Anuncio de aprobaci\u00f3n de la OEP 2021 del Ayuntamiento de Mora\u00f1a ."}]},{"@type":"WebSite","@id":"https:\/\/www.emplea-te.com\/noticias-oposiciones\/#website","url":"https:\/\/www.emplea-te.com\/noticias-oposiciones\/","name":"Noticas de oposiciones por Academia Emplea-te","description":"Toda la actualidad de las ofertas y convocatorias.","publisher":{"@id":"https:\/\/www.emplea-te.com\/noticias-oposiciones\/#organization"},"potentialAction":[{"@type":"SearchAction","target":{"@type":"EntryPoint","urlTemplate":"https:\/\/www.emplea-te.com\/noticias-oposiciones\/?s={search_term_string}"},"query-input":{"@type":"PropertyValueSpecification","valueRequired":true,"valueName":"search_term_string"}}],"inLanguage":"es"},{"@type":"Organization","@id":"https:\/\/www.emplea-te.com\/noticias-oposiciones\/#organization","name":"Academia de oposiciones Empl\u00e9ate","url":"https:\/\/www.emplea-te.com\/noticias-oposiciones\/","logo":{"@type":"ImageObject","inLanguage":"es","@id":"https:\/\/www.emplea-te.com\/noticias-oposiciones\/#\/schema\/logo\/image\/","url":"https:\/\/www.emplea-te.com\/noticias-oposiciones\/wp-content\/uploads\/2019\/04\/empleate.jpg","contentUrl":"https:\/\/www.emplea-te.com\/noticias-oposiciones\/wp-content\/uploads\/2019\/04\/empleate.jpg","width":250,"height":150,"caption":"Academia de oposiciones Empl\u00e9ate"},"image":{"@id":"https:\/\/www.emplea-te.com\/noticias-oposiciones\/#\/schema\/logo\/image\/"},"sameAs":["https:\/\/www.facebook.com\/AcademiaEmpleate\/","https:\/\/x.com\/Emplea_Te","https:\/\/www.instagram.com\/academia_empleate\/"]},{"@type":"Person","@id":"https:\/\/www.emplea-te.com\/noticias-oposiciones\/#\/schema\/person\/d1bc587e1af2b95e9c32aba1795509a6","name":"Empleate"}]}},"_links":{"self":[{"href":"https:\/\/www.emplea-te.com\/noticias-oposiciones\/wp-json\/wp\/v2\/posts\/4485","targetHints":{"allow":["GET"]}}],"collection":[{"href":"https:\/\/www.emplea-te.com\/noticias-oposiciones\/wp-json\/wp\/v2\/posts"}],"about":[{"href":"https:\/\/www.emplea-te.com\/noticias-oposiciones\/wp-json\/wp\/v2\/types\/post"}],"author":[{"embeddable":true,"href":"https:\/\/www.emplea-te.com\/noticias-oposiciones\/wp-json\/wp\/v2\/users\/1"}],"replies":[{"embeddable":true,"href":"https:\/\/www.emplea-te.com\/noticias-oposiciones\/wp-json\/wp\/v2\/comments?post=4485"}],"version-history":[{"count":1,"href":"https:\/\/www.emplea-te.com\/noticias-oposiciones\/wp-json\/wp\/v2\/posts\/4485\/revisions"}],"predecessor-version":[{"id":4486,"href":"https:\/\/www.emplea-te.com\/noticias-oposiciones\/wp-json\/wp\/v2\/posts\/4485\/revisions\/4486"}],"wp:attachment":[{"href":"https:\/\/www.emplea-te.com\/noticias-oposiciones\/wp-json\/wp\/v2\/media?parent=4485"}],"wp:term":[{"taxonomy":"category","embeddable":true,"href":"https:\/\/www.emplea-te.com\/noticias-oposiciones\/wp-json\/wp\/v2\/categories?post=4485"},{"taxonomy":"post_tag","embeddable":true,"href":"https:\/\/www.emplea-te.com\/noticias-oposiciones\/wp-json\/wp\/v2\/tags?post=4485"}],"curies":[{"name":"wp","href":"https:\/\/api.w.org\/{rel}","templated":true}]}}