{"id":4487,"date":"2021-04-07T10:32:12","date_gmt":"2021-04-07T08:32:12","guid":{"rendered":"https:\/\/www.emplea-te.com\/noticias-oposiciones\/?p=4487"},"modified":"2021-04-07T10:32:12","modified_gmt":"2021-04-07T08:32:12","slug":"ayuntamiento-de-vigo-publicado-el-anuncio-con-la-rectificacion-de-las-bases-que-regiran-la-convocatoria-de-distintos-procesos-selectivos-entre-otros-4-plazas-de-tecnico-de-administracion-rama-juri","status":"publish","type":"post","link":"https:\/\/www.emplea-te.com\/noticias-oposiciones\/ayuntamiento-de-vigo-publicado-el-anuncio-con-la-rectificacion-de-las-bases-que-regiran-la-convocatoria-de-distintos-procesos-selectivos-entre-otros-4-plazas-de-tecnico-de-administracion-rama-juri\/","title":{"rendered":"Ayuntamiento de Vigo. Publicado el Anuncio con la rectificaci\u00f3n de las bases que regir\u00e1n la convocatoria de distintos procesos selectivos (entre otros 4 plazas de T\u00e9cnico de administraci\u00f3n , rama jur\u00eddica)  de las OEPs 2017-2018-2019"},"content":{"rendered":"<p><img decoding=\"async\" class=\"size-full wp-image-3922 aligncenter\" src=\"https:\/\/www.emplea-te.com\/noticias-oposiciones\/wp-content\/uploads\/2020\/11\/descarga.png\" alt=\"\" width=\"377\" height=\"134\" srcset=\"https:\/\/www.emplea-te.com\/noticias-oposiciones\/wp-content\/uploads\/2020\/11\/descarga.png 377w, https:\/\/www.emplea-te.com\/noticias-oposiciones\/wp-content\/uploads\/2020\/11\/descarga-300x107.png 300w, https:\/\/www.emplea-te.com\/noticias-oposiciones\/wp-content\/uploads\/2020\/11\/descarga-20x7.png 20w\" sizes=\"(max-width: 377px) 85vw, 377px\" \/><\/p>\n<p>Ayuntamiento de Vigo.<br \/>\nPublicado en el DOG n\u00famero 64 de fecha 7 de abril de 2021,el Anuncio con la rectificaci\u00f3n de las bases que regir\u00e1n la convocatoria de distintos procesos selectivos (entre otros 4 plazas de T\u00e9cnico de administraci\u00f3n , rama jur\u00eddica) de las OEPs 2017-2018-2019 de la segunda fase de la convocatoria.<\/p>\n<p><a href=\"https:\/\/www.xunta.gal\/dog\/Publicados\/2021\/20210407\/AnuncioL257-310321-0001_gl.html\" target=\"_blank\" rel=\"noopener noreferrer\">Desde este enlace puedes acceder al Anuncio con la rectificaci\u00f3n de bases publicado en el DOG\u00a0<\/a><\/p>\n<p>Destacamos 4 plazas de T\u00e9cnico de Administraci\u00f3n A1 (rama jur\u00eddica) : 3 son de acceso libre y 1 de promoci\u00f3n interna.<\/p>\n<p>En el BOPPO n\u00famero 36 de fecha 23 de febrero de 2021 se hab\u00eda publicado la rectificacion:<\/p>\n<p><a href=\"https:\/\/boppo.depo.gal\/web\/boppo\/detalle\/-\/boppo\/2021\/02\/23\/2021007231\" target=\"_blank\" rel=\"noopener noreferrer\"><span>En el\u00a0<\/span><span class=\"dog-cursiva\"><span>Bolet\u00edn Oficial<\/span><\/span><span>\u00a0de la provincia de Pontevedra n\u00ba 36, de 23 de febrero de 2021, la rectificaci\u00f3n de las bases rectoras y la convocatoria de la segunda fase de los procesos de selecci\u00f3n derivados de la ejecuci\u00f3n de la oferta p\u00fablica de empleo de los a\u00f1os 2017, 2018 y 2019<\/span><\/a><\/p>\n<p>En el BOPPO n\u00famero 222 de noviembre de 2020 se hab\u00eda publicado la convocatoria y bases:<\/p>\n<p><a href=\"https:\/\/boppo.depo.gal\/web\/boppo\/detalle\/-\/boppo\/2020\/11\/17\/2020051272\" target=\"_blank\" rel=\"noopener noreferrer\">En el BOPPO n\u00famero 222 de noviembre de 2020 se hab\u00eda publicado la convocatoria y bases de las OEPs 2017-2018 y 2019 (segunda fase de la convocatoria)<\/a><\/p>\n<p>&nbsp;<\/p>\n<p>&nbsp;<\/p>\n","protected":false},"excerpt":{"rendered":"<p>Ayuntamiento de Vigo. Publicado en el DOG n\u00famero 64 de fecha 7 de abril de 2021,el Anuncio con la rectificaci\u00f3n de las bases que regir\u00e1n la convocatoria de distintos procesos selectivos (entre otros 4 plazas de T\u00e9cnico de administraci\u00f3n , rama jur\u00eddica) de las OEPs 2017-2018-2019 de la segunda fase de la convocatoria. Desde este &hellip; <a href=\"https:\/\/www.emplea-te.com\/noticias-oposiciones\/ayuntamiento-de-vigo-publicado-el-anuncio-con-la-rectificacion-de-las-bases-que-regiran-la-convocatoria-de-distintos-procesos-selectivos-entre-otros-4-plazas-de-tecnico-de-administracion-rama-juri\/\" class=\"more-link\">Continuar leyendo<span class=\"screen-reader-text\"> \u00abAyuntamiento de Vigo. Publicado el Anuncio con la rectificaci\u00f3n de las bases que regir\u00e1n la convocatoria de distintos procesos selectivos (entre otros 4 plazas de T\u00e9cnico de administraci\u00f3n , rama jur\u00eddica)  de las OEPs 2017-2018-2019\u00bb<\/span><\/a><\/p>\n","protected":false},"author":1,"featured_media":0,"comment_status":"closed","ping_status":"closed","sticky":false,"template":"","format":"standard","meta":{"footnotes":""},"categories":[37,56],"tags":[49],"class_list":["post-4487","post","type-post","status-publish","format-standard","hentry","category-convocatorias-ayuntamientos","category-oposiciones-autonomicas-galicia","tag-convocatorias-de-oposiciones"],"yoast_head":"<!-- This site is optimized with the Yoast SEO plugin v27.5 - https:\/\/yoast.com\/product\/yoast-seo-wordpress\/ -->\n<title>Se publica en el DOG la rectificaci\u00f3n de bases rectoras de distintos procesos selectivos de las oeps 2014\/2018\/2019 del Ayuntamiento de Vigo.<\/title>\n<meta name=\"description\" content=\"Se publica en el DOG la rectificaci\u00f3n de bases rectoras de distintos procesos selectivos de las oeps 2014\/2018\/2019 del Ayuntamiento de Vigo.\" \/>\n<meta name=\"robots\" content=\"index, follow, max-snippet:-1, max-image-preview:large, max-video-preview:-1\" \/>\n<link rel=\"canonical\" href=\"https:\/\/www.emplea-te.com\/noticias-oposiciones\/ayuntamiento-de-vigo-publicado-el-anuncio-con-la-rectificacion-de-las-bases-que-regiran-la-convocatoria-de-distintos-procesos-selectivos-entre-otros-4-plazas-de-tecnico-de-administracion-rama-juri\/\" \/>\n<meta property=\"og:locale\" content=\"es_ES\" \/>\n<meta property=\"og:type\" content=\"article\" \/>\n<meta property=\"og:title\" content=\"Se publica en el DOG la rectificaci\u00f3n de bases rectoras de distintos procesos selectivos de las oeps 2014\/2018\/2019 del Ayuntamiento de Vigo.\" \/>\n<meta property=\"og:description\" content=\"Se publica en el DOG la rectificaci\u00f3n de bases rectoras de distintos procesos selectivos de las oeps 2014\/2018\/2019 del Ayuntamiento de Vigo.\" \/>\n<meta property=\"og:url\" content=\"https:\/\/www.emplea-te.com\/noticias-oposiciones\/ayuntamiento-de-vigo-publicado-el-anuncio-con-la-rectificacion-de-las-bases-que-regiran-la-convocatoria-de-distintos-procesos-selectivos-entre-otros-4-plazas-de-tecnico-de-administracion-rama-juri\/\" \/>\n<meta property=\"og:site_name\" content=\"Noticas de oposiciones por Academia Emplea-te\" \/>\n<meta property=\"article:publisher\" content=\"https:\/\/www.facebook.com\/AcademiaEmpleate\/\" \/>\n<meta property=\"article:published_time\" content=\"2021-04-07T08:32:12+00:00\" \/>\n<meta property=\"og:image\" content=\"https:\/\/www.emplea-te.com\/noticias-oposiciones\/wp-content\/uploads\/2020\/11\/descarga.png\" \/>\n<meta name=\"author\" content=\"Empleate\" \/>\n<meta name=\"twitter:card\" content=\"summary_large_image\" \/>\n<meta name=\"twitter:creator\" content=\"@Emplea_Te\" \/>\n<meta name=\"twitter:site\" content=\"@Emplea_Te\" \/>\n<meta name=\"twitter:label1\" content=\"Escrito por\" \/>\n\t<meta name=\"twitter:data1\" content=\"Empleate\" \/>\n\t<meta name=\"twitter:label2\" content=\"Tiempo de lectura\" \/>\n\t<meta name=\"twitter:data2\" content=\"2 minutos\" \/>\n<script type=\"application\/ld+json\" class=\"yoast-schema-graph\">{\"@context\":\"https:\\\/\\\/schema.org\",\"@graph\":[{\"@type\":\"Article\",\"@id\":\"https:\\\/\\\/www.emplea-te.com\\\/noticias-oposiciones\\\/ayuntamiento-de-vigo-publicado-el-anuncio-con-la-rectificacion-de-las-bases-que-regiran-la-convocatoria-de-distintos-procesos-selectivos-entre-otros-4-plazas-de-tecnico-de-administracion-rama-juri\\\/#article\",\"isPartOf\":{\"@id\":\"https:\\\/\\\/www.emplea-te.com\\\/noticias-oposiciones\\\/ayuntamiento-de-vigo-publicado-el-anuncio-con-la-rectificacion-de-las-bases-que-regiran-la-convocatoria-de-distintos-procesos-selectivos-entre-otros-4-plazas-de-tecnico-de-administracion-rama-juri\\\/\"},\"author\":{\"name\":\"Empleate\",\"@id\":\"https:\\\/\\\/www.emplea-te.com\\\/noticias-oposiciones\\\/#\\\/schema\\\/person\\\/d1bc587e1af2b95e9c32aba1795509a6\"},\"headline\":\"Ayuntamiento de Vigo. Publicado el Anuncio con la rectificaci\u00f3n de las bases que regir\u00e1n la convocatoria de distintos procesos selectivos (entre otros 4 plazas de T\u00e9cnico de administraci\u00f3n , rama jur\u00eddica) de las OEPs 2017-2018-2019\",\"datePublished\":\"2021-04-07T08:32:12+00:00\",\"mainEntityOfPage\":{\"@id\":\"https:\\\/\\\/www.emplea-te.com\\\/noticias-oposiciones\\\/ayuntamiento-de-vigo-publicado-el-anuncio-con-la-rectificacion-de-las-bases-que-regiran-la-convocatoria-de-distintos-procesos-selectivos-entre-otros-4-plazas-de-tecnico-de-administracion-rama-juri\\\/\"},\"wordCount\":245,\"publisher\":{\"@id\":\"https:\\\/\\\/www.emplea-te.com\\\/noticias-oposiciones\\\/#organization\"},\"image\":{\"@id\":\"https:\\\/\\\/www.emplea-te.com\\\/noticias-oposiciones\\\/ayuntamiento-de-vigo-publicado-el-anuncio-con-la-rectificacion-de-las-bases-que-regiran-la-convocatoria-de-distintos-procesos-selectivos-entre-otros-4-plazas-de-tecnico-de-administracion-rama-juri\\\/#primaryimage\"},\"thumbnailUrl\":\"https:\\\/\\\/www.emplea-te.com\\\/noticias-oposiciones\\\/wp-content\\\/uploads\\\/2020\\\/11\\\/descarga.png\",\"keywords\":[\"Convocatoria\"],\"articleSection\":[\"Convocatorias Ayuntamientos\",\"Oposiciones Auton\u00f3micas Galicia\"],\"inLanguage\":\"es\"},{\"@type\":\"WebPage\",\"@id\":\"https:\\\/\\\/www.emplea-te.com\\\/noticias-oposiciones\\\/ayuntamiento-de-vigo-publicado-el-anuncio-con-la-rectificacion-de-las-bases-que-regiran-la-convocatoria-de-distintos-procesos-selectivos-entre-otros-4-plazas-de-tecnico-de-administracion-rama-juri\\\/\",\"url\":\"https:\\\/\\\/www.emplea-te.com\\\/noticias-oposiciones\\\/ayuntamiento-de-vigo-publicado-el-anuncio-con-la-rectificacion-de-las-bases-que-regiran-la-convocatoria-de-distintos-procesos-selectivos-entre-otros-4-plazas-de-tecnico-de-administracion-rama-juri\\\/\",\"name\":\"Se publica en el DOG la rectificaci\u00f3n de bases rectoras de distintos procesos selectivos de las oeps 2014\\\/2018\\\/2019 del Ayuntamiento de Vigo.\",\"isPartOf\":{\"@id\":\"https:\\\/\\\/www.emplea-te.com\\\/noticias-oposiciones\\\/#website\"},\"primaryImageOfPage\":{\"@id\":\"https:\\\/\\\/www.emplea-te.com\\\/noticias-oposiciones\\\/ayuntamiento-de-vigo-publicado-el-anuncio-con-la-rectificacion-de-las-bases-que-regiran-la-convocatoria-de-distintos-procesos-selectivos-entre-otros-4-plazas-de-tecnico-de-administracion-rama-juri\\\/#primaryimage\"},\"image\":{\"@id\":\"https:\\\/\\\/www.emplea-te.com\\\/noticias-oposiciones\\\/ayuntamiento-de-vigo-publicado-el-anuncio-con-la-rectificacion-de-las-bases-que-regiran-la-convocatoria-de-distintos-procesos-selectivos-entre-otros-4-plazas-de-tecnico-de-administracion-rama-juri\\\/#primaryimage\"},\"thumbnailUrl\":\"https:\\\/\\\/www.emplea-te.com\\\/noticias-oposiciones\\\/wp-content\\\/uploads\\\/2020\\\/11\\\/descarga.png\",\"datePublished\":\"2021-04-07T08:32:12+00:00\",\"description\":\"Se publica en el DOG la rectificaci\u00f3n de bases rectoras de distintos procesos selectivos de las oeps 2014\\\/2018\\\/2019 del Ayuntamiento de Vigo.\",\"breadcrumb\":{\"@id\":\"https:\\\/\\\/www.emplea-te.com\\\/noticias-oposiciones\\\/ayuntamiento-de-vigo-publicado-el-anuncio-con-la-rectificacion-de-las-bases-que-regiran-la-convocatoria-de-distintos-procesos-selectivos-entre-otros-4-plazas-de-tecnico-de-administracion-rama-juri\\\/#breadcrumb\"},\"inLanguage\":\"es\",\"potentialAction\":[{\"@type\":\"ReadAction\",\"target\":[\"https:\\\/\\\/www.emplea-te.com\\\/noticias-oposiciones\\\/ayuntamiento-de-vigo-publicado-el-anuncio-con-la-rectificacion-de-las-bases-que-regiran-la-convocatoria-de-distintos-procesos-selectivos-entre-otros-4-plazas-de-tecnico-de-administracion-rama-juri\\\/\"]}]},{\"@type\":\"ImageObject\",\"inLanguage\":\"es\",\"@id\":\"https:\\\/\\\/www.emplea-te.com\\\/noticias-oposiciones\\\/ayuntamiento-de-vigo-publicado-el-anuncio-con-la-rectificacion-de-las-bases-que-regiran-la-convocatoria-de-distintos-procesos-selectivos-entre-otros-4-plazas-de-tecnico-de-administracion-rama-juri\\\/#primaryimage\",\"url\":\"https:\\\/\\\/www.emplea-te.com\\\/noticias-oposiciones\\\/wp-content\\\/uploads\\\/2020\\\/11\\\/descarga.png\",\"contentUrl\":\"https:\\\/\\\/www.emplea-te.com\\\/noticias-oposiciones\\\/wp-content\\\/uploads\\\/2020\\\/11\\\/descarga.png\",\"width\":377,\"height\":134},{\"@type\":\"BreadcrumbList\",\"@id\":\"https:\\\/\\\/www.emplea-te.com\\\/noticias-oposiciones\\\/ayuntamiento-de-vigo-publicado-el-anuncio-con-la-rectificacion-de-las-bases-que-regiran-la-convocatoria-de-distintos-procesos-selectivos-entre-otros-4-plazas-de-tecnico-de-administracion-rama-juri\\\/#breadcrumb\",\"itemListElement\":[{\"@type\":\"ListItem\",\"position\":1,\"name\":\"Noticias Oposiciones\",\"item\":\"https:\\\/\\\/www.emplea-te.com\\\/noticias-oposiciones\\\/\"},{\"@type\":\"ListItem\",\"position\":2,\"name\":\"Oposiciones Auton\u00f3micas Galicia\",\"item\":\"https:\\\/\\\/www.emplea-te.com\\\/noticias-oposiciones\\\/categoria\\\/oposiciones-autonomicas-galicia\\\/\"},{\"@type\":\"ListItem\",\"position\":3,\"name\":\"Ayuntamiento de Vigo. Publicado el Anuncio con la rectificaci\u00f3n de las bases que regir\u00e1n la convocatoria de distintos procesos selectivos (entre otros 4 plazas de T\u00e9cnico de administraci\u00f3n , rama jur\u00eddica) de las OEPs 2017-2018-2019\"}]},{\"@type\":\"WebSite\",\"@id\":\"https:\\\/\\\/www.emplea-te.com\\\/noticias-oposiciones\\\/#website\",\"url\":\"https:\\\/\\\/www.emplea-te.com\\\/noticias-oposiciones\\\/\",\"name\":\"Noticas de oposiciones por Academia Emplea-te\",\"description\":\"Toda la actualidad de las ofertas y convocatorias.\",\"publisher\":{\"@id\":\"https:\\\/\\\/www.emplea-te.com\\\/noticias-oposiciones\\\/#organization\"},\"potentialAction\":[{\"@type\":\"SearchAction\",\"target\":{\"@type\":\"EntryPoint\",\"urlTemplate\":\"https:\\\/\\\/www.emplea-te.com\\\/noticias-oposiciones\\\/?s={search_term_string}\"},\"query-input\":{\"@type\":\"PropertyValueSpecification\",\"valueRequired\":true,\"valueName\":\"search_term_string\"}}],\"inLanguage\":\"es\"},{\"@type\":\"Organization\",\"@id\":\"https:\\\/\\\/www.emplea-te.com\\\/noticias-oposiciones\\\/#organization\",\"name\":\"Academia de oposiciones Empl\u00e9ate\",\"url\":\"https:\\\/\\\/www.emplea-te.com\\\/noticias-oposiciones\\\/\",\"logo\":{\"@type\":\"ImageObject\",\"inLanguage\":\"es\",\"@id\":\"https:\\\/\\\/www.emplea-te.com\\\/noticias-oposiciones\\\/#\\\/schema\\\/logo\\\/image\\\/\",\"url\":\"https:\\\/\\\/www.emplea-te.com\\\/noticias-oposiciones\\\/wp-content\\\/uploads\\\/2019\\\/04\\\/empleate.jpg\",\"contentUrl\":\"https:\\\/\\\/www.emplea-te.com\\\/noticias-oposiciones\\\/wp-content\\\/uploads\\\/2019\\\/04\\\/empleate.jpg\",\"width\":250,\"height\":150,\"caption\":\"Academia de oposiciones Empl\u00e9ate\"},\"image\":{\"@id\":\"https:\\\/\\\/www.emplea-te.com\\\/noticias-oposiciones\\\/#\\\/schema\\\/logo\\\/image\\\/\"},\"sameAs\":[\"https:\\\/\\\/www.facebook.com\\\/AcademiaEmpleate\\\/\",\"https:\\\/\\\/x.com\\\/Emplea_Te\",\"https:\\\/\\\/www.instagram.com\\\/academia_empleate\\\/\"]},{\"@type\":\"Person\",\"@id\":\"https:\\\/\\\/www.emplea-te.com\\\/noticias-oposiciones\\\/#\\\/schema\\\/person\\\/d1bc587e1af2b95e9c32aba1795509a6\",\"name\":\"Empleate\"}]}<\/script>\n<!-- \/ Yoast SEO plugin. -->","yoast_head_json":{"title":"Se publica en el DOG la rectificaci\u00f3n de bases rectoras de distintos procesos selectivos de las oeps 2014\/2018\/2019 del Ayuntamiento de Vigo.","description":"Se publica en el DOG la rectificaci\u00f3n de bases rectoras de distintos procesos selectivos de las oeps 2014\/2018\/2019 del Ayuntamiento de Vigo.","robots":{"index":"index","follow":"follow","max-snippet":"max-snippet:-1","max-image-preview":"max-image-preview:large","max-video-preview":"max-video-preview:-1"},"canonical":"https:\/\/www.emplea-te.com\/noticias-oposiciones\/ayuntamiento-de-vigo-publicado-el-anuncio-con-la-rectificacion-de-las-bases-que-regiran-la-convocatoria-de-distintos-procesos-selectivos-entre-otros-4-plazas-de-tecnico-de-administracion-rama-juri\/","og_locale":"es_ES","og_type":"article","og_title":"Se publica en el DOG la rectificaci\u00f3n de bases rectoras de distintos procesos selectivos de las oeps 2014\/2018\/2019 del Ayuntamiento de Vigo.","og_description":"Se publica en el DOG la rectificaci\u00f3n de bases rectoras de distintos procesos selectivos de las oeps 2014\/2018\/2019 del Ayuntamiento de Vigo.","og_url":"https:\/\/www.emplea-te.com\/noticias-oposiciones\/ayuntamiento-de-vigo-publicado-el-anuncio-con-la-rectificacion-de-las-bases-que-regiran-la-convocatoria-de-distintos-procesos-selectivos-entre-otros-4-plazas-de-tecnico-de-administracion-rama-juri\/","og_site_name":"Noticas de oposiciones por Academia Emplea-te","article_publisher":"https:\/\/www.facebook.com\/AcademiaEmpleate\/","article_published_time":"2021-04-07T08:32:12+00:00","og_image":[{"url":"https:\/\/www.emplea-te.com\/noticias-oposiciones\/wp-content\/uploads\/2020\/11\/descarga.png","type":"","width":"","height":""}],"author":"Empleate","twitter_card":"summary_large_image","twitter_creator":"@Emplea_Te","twitter_site":"@Emplea_Te","twitter_misc":{"Escrito por":"Empleate","Tiempo de lectura":"2 minutos"},"schema":{"@context":"https:\/\/schema.org","@graph":[{"@type":"Article","@id":"https:\/\/www.emplea-te.com\/noticias-oposiciones\/ayuntamiento-de-vigo-publicado-el-anuncio-con-la-rectificacion-de-las-bases-que-regiran-la-convocatoria-de-distintos-procesos-selectivos-entre-otros-4-plazas-de-tecnico-de-administracion-rama-juri\/#article","isPartOf":{"@id":"https:\/\/www.emplea-te.com\/noticias-oposiciones\/ayuntamiento-de-vigo-publicado-el-anuncio-con-la-rectificacion-de-las-bases-que-regiran-la-convocatoria-de-distintos-procesos-selectivos-entre-otros-4-plazas-de-tecnico-de-administracion-rama-juri\/"},"author":{"name":"Empleate","@id":"https:\/\/www.emplea-te.com\/noticias-oposiciones\/#\/schema\/person\/d1bc587e1af2b95e9c32aba1795509a6"},"headline":"Ayuntamiento de Vigo. Publicado el Anuncio con la rectificaci\u00f3n de las bases que regir\u00e1n la convocatoria de distintos procesos selectivos (entre otros 4 plazas de T\u00e9cnico de administraci\u00f3n , rama jur\u00eddica) de las OEPs 2017-2018-2019","datePublished":"2021-04-07T08:32:12+00:00","mainEntityOfPage":{"@id":"https:\/\/www.emplea-te.com\/noticias-oposiciones\/ayuntamiento-de-vigo-publicado-el-anuncio-con-la-rectificacion-de-las-bases-que-regiran-la-convocatoria-de-distintos-procesos-selectivos-entre-otros-4-plazas-de-tecnico-de-administracion-rama-juri\/"},"wordCount":245,"publisher":{"@id":"https:\/\/www.emplea-te.com\/noticias-oposiciones\/#organization"},"image":{"@id":"https:\/\/www.emplea-te.com\/noticias-oposiciones\/ayuntamiento-de-vigo-publicado-el-anuncio-con-la-rectificacion-de-las-bases-que-regiran-la-convocatoria-de-distintos-procesos-selectivos-entre-otros-4-plazas-de-tecnico-de-administracion-rama-juri\/#primaryimage"},"thumbnailUrl":"https:\/\/www.emplea-te.com\/noticias-oposiciones\/wp-content\/uploads\/2020\/11\/descarga.png","keywords":["Convocatoria"],"articleSection":["Convocatorias Ayuntamientos","Oposiciones Auton\u00f3micas Galicia"],"inLanguage":"es"},{"@type":"WebPage","@id":"https:\/\/www.emplea-te.com\/noticias-oposiciones\/ayuntamiento-de-vigo-publicado-el-anuncio-con-la-rectificacion-de-las-bases-que-regiran-la-convocatoria-de-distintos-procesos-selectivos-entre-otros-4-plazas-de-tecnico-de-administracion-rama-juri\/","url":"https:\/\/www.emplea-te.com\/noticias-oposiciones\/ayuntamiento-de-vigo-publicado-el-anuncio-con-la-rectificacion-de-las-bases-que-regiran-la-convocatoria-de-distintos-procesos-selectivos-entre-otros-4-plazas-de-tecnico-de-administracion-rama-juri\/","name":"Se publica en el DOG la rectificaci\u00f3n de bases rectoras de distintos procesos selectivos de las oeps 2014\/2018\/2019 del Ayuntamiento de Vigo.","isPartOf":{"@id":"https:\/\/www.emplea-te.com\/noticias-oposiciones\/#website"},"primaryImageOfPage":{"@id":"https:\/\/www.emplea-te.com\/noticias-oposiciones\/ayuntamiento-de-vigo-publicado-el-anuncio-con-la-rectificacion-de-las-bases-que-regiran-la-convocatoria-de-distintos-procesos-selectivos-entre-otros-4-plazas-de-tecnico-de-administracion-rama-juri\/#primaryimage"},"image":{"@id":"https:\/\/www.emplea-te.com\/noticias-oposiciones\/ayuntamiento-de-vigo-publicado-el-anuncio-con-la-rectificacion-de-las-bases-que-regiran-la-convocatoria-de-distintos-procesos-selectivos-entre-otros-4-plazas-de-tecnico-de-administracion-rama-juri\/#primaryimage"},"thumbnailUrl":"https:\/\/www.emplea-te.com\/noticias-oposiciones\/wp-content\/uploads\/2020\/11\/descarga.png","datePublished":"2021-04-07T08:32:12+00:00","description":"Se publica en el DOG la rectificaci\u00f3n de bases rectoras de distintos procesos selectivos de las oeps 2014\/2018\/2019 del Ayuntamiento de Vigo.","breadcrumb":{"@id":"https:\/\/www.emplea-te.com\/noticias-oposiciones\/ayuntamiento-de-vigo-publicado-el-anuncio-con-la-rectificacion-de-las-bases-que-regiran-la-convocatoria-de-distintos-procesos-selectivos-entre-otros-4-plazas-de-tecnico-de-administracion-rama-juri\/#breadcrumb"},"inLanguage":"es","potentialAction":[{"@type":"ReadAction","target":["https:\/\/www.emplea-te.com\/noticias-oposiciones\/ayuntamiento-de-vigo-publicado-el-anuncio-con-la-rectificacion-de-las-bases-que-regiran-la-convocatoria-de-distintos-procesos-selectivos-entre-otros-4-plazas-de-tecnico-de-administracion-rama-juri\/"]}]},{"@type":"ImageObject","inLanguage":"es","@id":"https:\/\/www.emplea-te.com\/noticias-oposiciones\/ayuntamiento-de-vigo-publicado-el-anuncio-con-la-rectificacion-de-las-bases-que-regiran-la-convocatoria-de-distintos-procesos-selectivos-entre-otros-4-plazas-de-tecnico-de-administracion-rama-juri\/#primaryimage","url":"https:\/\/www.emplea-te.com\/noticias-oposiciones\/wp-content\/uploads\/2020\/11\/descarga.png","contentUrl":"https:\/\/www.emplea-te.com\/noticias-oposiciones\/wp-content\/uploads\/2020\/11\/descarga.png","width":377,"height":134},{"@type":"BreadcrumbList","@id":"https:\/\/www.emplea-te.com\/noticias-oposiciones\/ayuntamiento-de-vigo-publicado-el-anuncio-con-la-rectificacion-de-las-bases-que-regiran-la-convocatoria-de-distintos-procesos-selectivos-entre-otros-4-plazas-de-tecnico-de-administracion-rama-juri\/#breadcrumb","itemListElement":[{"@type":"ListItem","position":1,"name":"Noticias Oposiciones","item":"https:\/\/www.emplea-te.com\/noticias-oposiciones\/"},{"@type":"ListItem","position":2,"name":"Oposiciones Auton\u00f3micas Galicia","item":"https:\/\/www.emplea-te.com\/noticias-oposiciones\/categoria\/oposiciones-autonomicas-galicia\/"},{"@type":"ListItem","position":3,"name":"Ayuntamiento de Vigo. Publicado el Anuncio con la rectificaci\u00f3n de las bases que regir\u00e1n la convocatoria de distintos procesos selectivos (entre otros 4 plazas de T\u00e9cnico de administraci\u00f3n , rama jur\u00eddica) de las OEPs 2017-2018-2019"}]},{"@type":"WebSite","@id":"https:\/\/www.emplea-te.com\/noticias-oposiciones\/#website","url":"https:\/\/www.emplea-te.com\/noticias-oposiciones\/","name":"Noticas de oposiciones por Academia Emplea-te","description":"Toda la actualidad de las ofertas y convocatorias.","publisher":{"@id":"https:\/\/www.emplea-te.com\/noticias-oposiciones\/#organization"},"potentialAction":[{"@type":"SearchAction","target":{"@type":"EntryPoint","urlTemplate":"https:\/\/www.emplea-te.com\/noticias-oposiciones\/?s={search_term_string}"},"query-input":{"@type":"PropertyValueSpecification","valueRequired":true,"valueName":"search_term_string"}}],"inLanguage":"es"},{"@type":"Organization","@id":"https:\/\/www.emplea-te.com\/noticias-oposiciones\/#organization","name":"Academia de oposiciones Empl\u00e9ate","url":"https:\/\/www.emplea-te.com\/noticias-oposiciones\/","logo":{"@type":"ImageObject","inLanguage":"es","@id":"https:\/\/www.emplea-te.com\/noticias-oposiciones\/#\/schema\/logo\/image\/","url":"https:\/\/www.emplea-te.com\/noticias-oposiciones\/wp-content\/uploads\/2019\/04\/empleate.jpg","contentUrl":"https:\/\/www.emplea-te.com\/noticias-oposiciones\/wp-content\/uploads\/2019\/04\/empleate.jpg","width":250,"height":150,"caption":"Academia de oposiciones Empl\u00e9ate"},"image":{"@id":"https:\/\/www.emplea-te.com\/noticias-oposiciones\/#\/schema\/logo\/image\/"},"sameAs":["https:\/\/www.facebook.com\/AcademiaEmpleate\/","https:\/\/x.com\/Emplea_Te","https:\/\/www.instagram.com\/academia_empleate\/"]},{"@type":"Person","@id":"https:\/\/www.emplea-te.com\/noticias-oposiciones\/#\/schema\/person\/d1bc587e1af2b95e9c32aba1795509a6","name":"Empleate"}]}},"_links":{"self":[{"href":"https:\/\/www.emplea-te.com\/noticias-oposiciones\/wp-json\/wp\/v2\/posts\/4487","targetHints":{"allow":["GET"]}}],"collection":[{"href":"https:\/\/www.emplea-te.com\/noticias-oposiciones\/wp-json\/wp\/v2\/posts"}],"about":[{"href":"https:\/\/www.emplea-te.com\/noticias-oposiciones\/wp-json\/wp\/v2\/types\/post"}],"author":[{"embeddable":true,"href":"https:\/\/www.emplea-te.com\/noticias-oposiciones\/wp-json\/wp\/v2\/users\/1"}],"replies":[{"embeddable":true,"href":"https:\/\/www.emplea-te.com\/noticias-oposiciones\/wp-json\/wp\/v2\/comments?post=4487"}],"version-history":[{"count":1,"href":"https:\/\/www.emplea-te.com\/noticias-oposiciones\/wp-json\/wp\/v2\/posts\/4487\/revisions"}],"predecessor-version":[{"id":4488,"href":"https:\/\/www.emplea-te.com\/noticias-oposiciones\/wp-json\/wp\/v2\/posts\/4487\/revisions\/4488"}],"wp:attachment":[{"href":"https:\/\/www.emplea-te.com\/noticias-oposiciones\/wp-json\/wp\/v2\/media?parent=4487"}],"wp:term":[{"taxonomy":"category","embeddable":true,"href":"https:\/\/www.emplea-te.com\/noticias-oposiciones\/wp-json\/wp\/v2\/categories?post=4487"},{"taxonomy":"post_tag","embeddable":true,"href":"https:\/\/www.emplea-te.com\/noticias-oposiciones\/wp-json\/wp\/v2\/tags?post=4487"}],"curies":[{"name":"wp","href":"https:\/\/api.w.org\/{rel}","templated":true}]}}