{"id":4491,"date":"2021-04-09T11:41:37","date_gmt":"2021-04-09T09:41:37","guid":{"rendered":"https:\/\/www.emplea-te.com\/noticias-oposiciones\/?p=4491"},"modified":"2021-04-09T11:41:37","modified_gmt":"2021-04-09T09:41:37","slug":"la-xunta-de-galicia-ha-aprobado-los-decretos-de-la-oferta-de-empleo-publico-2021-para-administracion-general-con-1-491-plazas-y-para-sanidad-con-1-215-plazas","status":"publish","type":"post","link":"https:\/\/www.emplea-te.com\/noticias-oposiciones\/la-xunta-de-galicia-ha-aprobado-los-decretos-de-la-oferta-de-empleo-publico-2021-para-administracion-general-con-1-491-plazas-y-para-sanidad-con-1-215-plazas\/","title":{"rendered":"La Xunta de Galicia ha aprobado los Decretos de la Oferta de Empleo P\u00fablico 2021 para Administraci\u00f3n General con 1.491 plazas y para Sanidad con 1.215 plazas"},"content":{"rendered":"<h5><\/h5>\n<h5>El presidente del Gobierno gallego, Alberto N\u00fa\u00f1ez Feij\u00f3o, avanz\u00f3 la activaci\u00f3n este a\u00f1o de distintas Ofertas de Empleo P\u00fablico para ofertar m\u00e1s de 4.300 plazas, de las que 1.215 ser\u00e1n\u00a0 del \u00e1mbito sanitario, 1.491 pertenecer\u00e1n a la Administraci\u00f3n general .<\/h5>\n<p><strong>ADMINISTRACI\u00d3N:\u00a0<\/strong><\/p>\n<p><strong>En el \u00e1mbito de la Administraci\u00f3n general<\/strong>, el decreto de convocatoria de OPE, que tuvo el visto bueno de UGT y CC.OO, <strong>asciende a 1.491 plazas<\/strong>. De ellas,<strong> 1.006 son de libre acceso,<\/strong> a las que podr\u00e1 acceder por la v\u00eda del <strong>concurso-oposici\u00f3n cualquier persona que cumpla los requisitos<\/strong>, y dentro de estas, 155 son para el Consorcio Gallego de Bienestar.<br \/>\n<strong>Adem\u00e1s, hay 322 plazas para los procesos de promoci\u00f3n interna<\/strong> de los empleados p\u00fablicos que se llevar\u00e1n a cabo en convocatorias independientes de las de nuevo ingreso y se desarrollar\u00e1n tambi\u00e9n a trav\u00e9s del sistema de concurso-oposici\u00f3n.<\/p>\n<p><strong>Destacamos las siguientes plazas de Administraci\u00f3n de acceso libre:<\/strong><\/p>\n<div dir=\"auto\">77 plazas del cuerpo superior (A1)<\/div>\n<div dir=\"auto\">79 para el de gesti\u00f3n (A2)<\/div>\n<div dir=\"auto\">51 para el administrativo; 62 para el auxiliar<\/div>\n<div dir=\"auto\">47 para personal subalterno.<\/div>\n<div dir=\"auto\">\n<strong>Accede desde este enlace a la Nota Informativa con la OEP 2021 de Administraci\u00f3n\u00a0<\/strong><\/div>\n<div dir=\"auto\"><a href=\"https:\/\/www.emplea-te.com\/noticias-oposiciones\/ver-pdf\/?pdf=https%3A%2F%2Fwww.emplea-te.com%2Fnoticias-oposiciones%2Fwp-content%2Fuploads%2F2021%2F04%2FOEP-2021-ADMON-NOTA-INFORMATIVA.pdf\">OEP 2021 ADMINISTRACION NOTA INFORMATIVA<\/a><\/div>\n<div dir=\"auto\"><\/div>\n<div dir=\"auto\"><strong>SANIDAD<\/strong><\/div>\n<div dir=\"auto\"><\/div>\n<p><strong>Del total de 1.215 plazas del \u00e1mbito sanitario<\/strong>, 1.203 corresponden la personal estatutario del Sergas: 65 son de personal licenciado sanitario, de las que 60 son de m\u00e9dico de familia; 686 alcanzan la personal sanitario diplomado, de las que 604 son de enfermer\u00eda; y <strong>452\u00a0 para personal de<\/strong> <strong>gesti\u00f3n y servicios<\/strong>. Se reservar\u00e1n tambi\u00e9n de ese total de plazas, puntualiz\u00f3, 61 plazas para personas con discapacidad f\u00edsica y 25 para personas con discapacidad intelectual. Las restantes 12 plazas corresponden a la OPE de personal sanitario funcionario.<\/p>\n<p><a href=\"https:\/\/www.emplea-te.com\/noticias-oposiciones\/ver-pdf\/?pdf=https%3A%2F%2Fwww.emplea-te.com%2Fnoticias-oposiciones%2Fwp-content%2Fuploads%2F2021%2F04%2FOEP-2021-SERGAS-NOTA-INFORMATIVA.pdf\">OEP 2021 SANIDAD NOTA INFORMATIVA<\/a><\/p>\n<p>&nbsp;<\/p>\n<p><a href=\"https:\/\/www.emplea-te.com\/cursos-para-oposiciones#informacionoposiciones\" target=\"_blank\" rel=\"noopener noreferrer\">PREP\u00c1RATE EN NUESTROS GRUPOS PRESENCIALES Y ONLINE<\/a><\/p>\n<p>&nbsp;<\/p>\n","protected":false},"excerpt":{"rendered":"<p>El presidente del Gobierno gallego, Alberto N\u00fa\u00f1ez Feij\u00f3o, avanz\u00f3 la activaci\u00f3n este a\u00f1o de distintas Ofertas de Empleo P\u00fablico para ofertar m\u00e1s de 4.300 plazas, de las que 1.215 ser\u00e1n\u00a0 del \u00e1mbito sanitario, 1.491 pertenecer\u00e1n a la Administraci\u00f3n general . ADMINISTRACI\u00d3N:\u00a0 En el \u00e1mbito de la Administraci\u00f3n general, el decreto de convocatoria de OPE, que &hellip; <a href=\"https:\/\/www.emplea-te.com\/noticias-oposiciones\/la-xunta-de-galicia-ha-aprobado-los-decretos-de-la-oferta-de-empleo-publico-2021-para-administracion-general-con-1-491-plazas-y-para-sanidad-con-1-215-plazas\/\" class=\"more-link\">Continuar leyendo<span class=\"screen-reader-text\"> \u00abLa Xunta de Galicia ha aprobado los Decretos de la Oferta de Empleo P\u00fablico 2021 para Administraci\u00f3n General con 1.491 plazas y para Sanidad con 1.215 plazas\u00bb<\/span><\/a><\/p>\n","protected":false},"author":1,"featured_media":0,"comment_status":"closed","ping_status":"closed","sticky":false,"template":"","format":"standard","meta":{"footnotes":""},"categories":[4],"tags":[84],"class_list":["post-4491","post","type-post","status-publish","format-standard","hentry","category-oposiciones-xunta","tag-oferta-de-empleo-publico"],"yoast_head":"<!-- This site is optimized with the Yoast SEO plugin v27.5 - https:\/\/yoast.com\/product\/yoast-seo-wordpress\/ -->\n<title>La Xunta de Galicia aprueba los Decretos de las Ofertas de Empleo P\u00fablico 2021 de Administraci\u00f3n y Sanidad.<\/title>\n<meta name=\"description\" content=\"La Xunta de Galicia aprueba los Decretos de las Ofertas de Empleo P\u00fablico 2021 de Administraci\u00f3n y Sanidad.\" \/>\n<meta name=\"robots\" content=\"index, follow, max-snippet:-1, max-image-preview:large, max-video-preview:-1\" \/>\n<link rel=\"canonical\" href=\"https:\/\/www.emplea-te.com\/noticias-oposiciones\/la-xunta-de-galicia-ha-aprobado-los-decretos-de-la-oferta-de-empleo-publico-2021-para-administracion-general-con-1-491-plazas-y-para-sanidad-con-1-215-plazas\/\" \/>\n<meta property=\"og:locale\" content=\"es_ES\" \/>\n<meta property=\"og:type\" content=\"article\" \/>\n<meta property=\"og:title\" content=\"La Xunta de Galicia aprueba los Decretos de las Ofertas de Empleo P\u00fablico 2021 de Administraci\u00f3n y Sanidad.\" \/>\n<meta property=\"og:description\" content=\"La Xunta de Galicia aprueba los Decretos de las Ofertas de Empleo P\u00fablico 2021 de Administraci\u00f3n y Sanidad.\" \/>\n<meta property=\"og:url\" content=\"https:\/\/www.emplea-te.com\/noticias-oposiciones\/la-xunta-de-galicia-ha-aprobado-los-decretos-de-la-oferta-de-empleo-publico-2021-para-administracion-general-con-1-491-plazas-y-para-sanidad-con-1-215-plazas\/\" \/>\n<meta property=\"og:site_name\" content=\"Noticas de oposiciones por Academia Emplea-te\" \/>\n<meta property=\"article:publisher\" content=\"https:\/\/www.facebook.com\/AcademiaEmpleate\/\" \/>\n<meta property=\"article:published_time\" content=\"2021-04-09T09:41:37+00:00\" \/>\n<meta name=\"author\" content=\"Empleate\" \/>\n<meta name=\"twitter:card\" content=\"summary_large_image\" \/>\n<meta name=\"twitter:creator\" content=\"@Emplea_Te\" \/>\n<meta name=\"twitter:site\" content=\"@Emplea_Te\" \/>\n<meta name=\"twitter:label1\" content=\"Escrito por\" \/>\n\t<meta name=\"twitter:data1\" content=\"Empleate\" \/>\n\t<meta name=\"twitter:label2\" content=\"Tiempo de lectura\" \/>\n\t<meta name=\"twitter:data2\" content=\"2 minutos\" \/>\n<script type=\"application\/ld+json\" class=\"yoast-schema-graph\">{\"@context\":\"https:\\\/\\\/schema.org\",\"@graph\":[{\"@type\":\"Article\",\"@id\":\"https:\\\/\\\/www.emplea-te.com\\\/noticias-oposiciones\\\/la-xunta-de-galicia-ha-aprobado-los-decretos-de-la-oferta-de-empleo-publico-2021-para-administracion-general-con-1-491-plazas-y-para-sanidad-con-1-215-plazas\\\/#article\",\"isPartOf\":{\"@id\":\"https:\\\/\\\/www.emplea-te.com\\\/noticias-oposiciones\\\/la-xunta-de-galicia-ha-aprobado-los-decretos-de-la-oferta-de-empleo-publico-2021-para-administracion-general-con-1-491-plazas-y-para-sanidad-con-1-215-plazas\\\/\"},\"author\":{\"name\":\"Empleate\",\"@id\":\"https:\\\/\\\/www.emplea-te.com\\\/noticias-oposiciones\\\/#\\\/schema\\\/person\\\/d1bc587e1af2b95e9c32aba1795509a6\"},\"headline\":\"La Xunta de Galicia ha aprobado los Decretos de la Oferta de Empleo P\u00fablico 2021 para Administraci\u00f3n General con 1.491 plazas y para Sanidad con 1.215 plazas\",\"datePublished\":\"2021-04-09T09:41:37+00:00\",\"mainEntityOfPage\":{\"@id\":\"https:\\\/\\\/www.emplea-te.com\\\/noticias-oposiciones\\\/la-xunta-de-galicia-ha-aprobado-los-decretos-de-la-oferta-de-empleo-publico-2021-para-administracion-general-con-1-491-plazas-y-para-sanidad-con-1-215-plazas\\\/\"},\"wordCount\":324,\"publisher\":{\"@id\":\"https:\\\/\\\/www.emplea-te.com\\\/noticias-oposiciones\\\/#organization\"},\"keywords\":[\"Oferta de Empleo P\u00fablico\"],\"articleSection\":[\"Oposiciones Xunta\"],\"inLanguage\":\"es\"},{\"@type\":\"WebPage\",\"@id\":\"https:\\\/\\\/www.emplea-te.com\\\/noticias-oposiciones\\\/la-xunta-de-galicia-ha-aprobado-los-decretos-de-la-oferta-de-empleo-publico-2021-para-administracion-general-con-1-491-plazas-y-para-sanidad-con-1-215-plazas\\\/\",\"url\":\"https:\\\/\\\/www.emplea-te.com\\\/noticias-oposiciones\\\/la-xunta-de-galicia-ha-aprobado-los-decretos-de-la-oferta-de-empleo-publico-2021-para-administracion-general-con-1-491-plazas-y-para-sanidad-con-1-215-plazas\\\/\",\"name\":\"La Xunta de Galicia aprueba los Decretos de las Ofertas de Empleo P\u00fablico 2021 de Administraci\u00f3n y Sanidad.\",\"isPartOf\":{\"@id\":\"https:\\\/\\\/www.emplea-te.com\\\/noticias-oposiciones\\\/#website\"},\"datePublished\":\"2021-04-09T09:41:37+00:00\",\"description\":\"La Xunta de Galicia aprueba los Decretos de las Ofertas de Empleo P\u00fablico 2021 de Administraci\u00f3n y Sanidad.\",\"breadcrumb\":{\"@id\":\"https:\\\/\\\/www.emplea-te.com\\\/noticias-oposiciones\\\/la-xunta-de-galicia-ha-aprobado-los-decretos-de-la-oferta-de-empleo-publico-2021-para-administracion-general-con-1-491-plazas-y-para-sanidad-con-1-215-plazas\\\/#breadcrumb\"},\"inLanguage\":\"es\",\"potentialAction\":[{\"@type\":\"ReadAction\",\"target\":[\"https:\\\/\\\/www.emplea-te.com\\\/noticias-oposiciones\\\/la-xunta-de-galicia-ha-aprobado-los-decretos-de-la-oferta-de-empleo-publico-2021-para-administracion-general-con-1-491-plazas-y-para-sanidad-con-1-215-plazas\\\/\"]}]},{\"@type\":\"BreadcrumbList\",\"@id\":\"https:\\\/\\\/www.emplea-te.com\\\/noticias-oposiciones\\\/la-xunta-de-galicia-ha-aprobado-los-decretos-de-la-oferta-de-empleo-publico-2021-para-administracion-general-con-1-491-plazas-y-para-sanidad-con-1-215-plazas\\\/#breadcrumb\",\"itemListElement\":[{\"@type\":\"ListItem\",\"position\":1,\"name\":\"Noticias Oposiciones\",\"item\":\"https:\\\/\\\/www.emplea-te.com\\\/noticias-oposiciones\\\/\"},{\"@type\":\"ListItem\",\"position\":2,\"name\":\"Oposiciones Xunta\",\"item\":\"https:\\\/\\\/www.emplea-te.com\\\/noticias-oposiciones\\\/categoria\\\/oposiciones-xunta\\\/\"},{\"@type\":\"ListItem\",\"position\":3,\"name\":\"La Xunta de Galicia ha aprobado los Decretos de la Oferta de Empleo P\u00fablico 2021 para Administraci\u00f3n General con 1.491 plazas y para Sanidad con 1.215 plazas\"}]},{\"@type\":\"WebSite\",\"@id\":\"https:\\\/\\\/www.emplea-te.com\\\/noticias-oposiciones\\\/#website\",\"url\":\"https:\\\/\\\/www.emplea-te.com\\\/noticias-oposiciones\\\/\",\"name\":\"Noticas de oposiciones por Academia Emplea-te\",\"description\":\"Toda la actualidad de las ofertas y convocatorias.\",\"publisher\":{\"@id\":\"https:\\\/\\\/www.emplea-te.com\\\/noticias-oposiciones\\\/#organization\"},\"potentialAction\":[{\"@type\":\"SearchAction\",\"target\":{\"@type\":\"EntryPoint\",\"urlTemplate\":\"https:\\\/\\\/www.emplea-te.com\\\/noticias-oposiciones\\\/?s={search_term_string}\"},\"query-input\":{\"@type\":\"PropertyValueSpecification\",\"valueRequired\":true,\"valueName\":\"search_term_string\"}}],\"inLanguage\":\"es\"},{\"@type\":\"Organization\",\"@id\":\"https:\\\/\\\/www.emplea-te.com\\\/noticias-oposiciones\\\/#organization\",\"name\":\"Academia de oposiciones Empl\u00e9ate\",\"url\":\"https:\\\/\\\/www.emplea-te.com\\\/noticias-oposiciones\\\/\",\"logo\":{\"@type\":\"ImageObject\",\"inLanguage\":\"es\",\"@id\":\"https:\\\/\\\/www.emplea-te.com\\\/noticias-oposiciones\\\/#\\\/schema\\\/logo\\\/image\\\/\",\"url\":\"https:\\\/\\\/www.emplea-te.com\\\/noticias-oposiciones\\\/wp-content\\\/uploads\\\/2019\\\/04\\\/empleate.jpg\",\"contentUrl\":\"https:\\\/\\\/www.emplea-te.com\\\/noticias-oposiciones\\\/wp-content\\\/uploads\\\/2019\\\/04\\\/empleate.jpg\",\"width\":250,\"height\":150,\"caption\":\"Academia de oposiciones Empl\u00e9ate\"},\"image\":{\"@id\":\"https:\\\/\\\/www.emplea-te.com\\\/noticias-oposiciones\\\/#\\\/schema\\\/logo\\\/image\\\/\"},\"sameAs\":[\"https:\\\/\\\/www.facebook.com\\\/AcademiaEmpleate\\\/\",\"https:\\\/\\\/x.com\\\/Emplea_Te\",\"https:\\\/\\\/www.instagram.com\\\/academia_empleate\\\/\"]},{\"@type\":\"Person\",\"@id\":\"https:\\\/\\\/www.emplea-te.com\\\/noticias-oposiciones\\\/#\\\/schema\\\/person\\\/d1bc587e1af2b95e9c32aba1795509a6\",\"name\":\"Empleate\"}]}<\/script>\n<!-- \/ Yoast SEO plugin. -->","yoast_head_json":{"title":"La Xunta de Galicia aprueba los Decretos de las Ofertas de Empleo P\u00fablico 2021 de Administraci\u00f3n y Sanidad.","description":"La Xunta de Galicia aprueba los Decretos de las Ofertas de Empleo P\u00fablico 2021 de Administraci\u00f3n y Sanidad.","robots":{"index":"index","follow":"follow","max-snippet":"max-snippet:-1","max-image-preview":"max-image-preview:large","max-video-preview":"max-video-preview:-1"},"canonical":"https:\/\/www.emplea-te.com\/noticias-oposiciones\/la-xunta-de-galicia-ha-aprobado-los-decretos-de-la-oferta-de-empleo-publico-2021-para-administracion-general-con-1-491-plazas-y-para-sanidad-con-1-215-plazas\/","og_locale":"es_ES","og_type":"article","og_title":"La Xunta de Galicia aprueba los Decretos de las Ofertas de Empleo P\u00fablico 2021 de Administraci\u00f3n y Sanidad.","og_description":"La Xunta de Galicia aprueba los Decretos de las Ofertas de Empleo P\u00fablico 2021 de Administraci\u00f3n y Sanidad.","og_url":"https:\/\/www.emplea-te.com\/noticias-oposiciones\/la-xunta-de-galicia-ha-aprobado-los-decretos-de-la-oferta-de-empleo-publico-2021-para-administracion-general-con-1-491-plazas-y-para-sanidad-con-1-215-plazas\/","og_site_name":"Noticas de oposiciones por Academia Emplea-te","article_publisher":"https:\/\/www.facebook.com\/AcademiaEmpleate\/","article_published_time":"2021-04-09T09:41:37+00:00","author":"Empleate","twitter_card":"summary_large_image","twitter_creator":"@Emplea_Te","twitter_site":"@Emplea_Te","twitter_misc":{"Escrito por":"Empleate","Tiempo de lectura":"2 minutos"},"schema":{"@context":"https:\/\/schema.org","@graph":[{"@type":"Article","@id":"https:\/\/www.emplea-te.com\/noticias-oposiciones\/la-xunta-de-galicia-ha-aprobado-los-decretos-de-la-oferta-de-empleo-publico-2021-para-administracion-general-con-1-491-plazas-y-para-sanidad-con-1-215-plazas\/#article","isPartOf":{"@id":"https:\/\/www.emplea-te.com\/noticias-oposiciones\/la-xunta-de-galicia-ha-aprobado-los-decretos-de-la-oferta-de-empleo-publico-2021-para-administracion-general-con-1-491-plazas-y-para-sanidad-con-1-215-plazas\/"},"author":{"name":"Empleate","@id":"https:\/\/www.emplea-te.com\/noticias-oposiciones\/#\/schema\/person\/d1bc587e1af2b95e9c32aba1795509a6"},"headline":"La Xunta de Galicia ha aprobado los Decretos de la Oferta de Empleo P\u00fablico 2021 para Administraci\u00f3n General con 1.491 plazas y para Sanidad con 1.215 plazas","datePublished":"2021-04-09T09:41:37+00:00","mainEntityOfPage":{"@id":"https:\/\/www.emplea-te.com\/noticias-oposiciones\/la-xunta-de-galicia-ha-aprobado-los-decretos-de-la-oferta-de-empleo-publico-2021-para-administracion-general-con-1-491-plazas-y-para-sanidad-con-1-215-plazas\/"},"wordCount":324,"publisher":{"@id":"https:\/\/www.emplea-te.com\/noticias-oposiciones\/#organization"},"keywords":["Oferta de Empleo P\u00fablico"],"articleSection":["Oposiciones Xunta"],"inLanguage":"es"},{"@type":"WebPage","@id":"https:\/\/www.emplea-te.com\/noticias-oposiciones\/la-xunta-de-galicia-ha-aprobado-los-decretos-de-la-oferta-de-empleo-publico-2021-para-administracion-general-con-1-491-plazas-y-para-sanidad-con-1-215-plazas\/","url":"https:\/\/www.emplea-te.com\/noticias-oposiciones\/la-xunta-de-galicia-ha-aprobado-los-decretos-de-la-oferta-de-empleo-publico-2021-para-administracion-general-con-1-491-plazas-y-para-sanidad-con-1-215-plazas\/","name":"La Xunta de Galicia aprueba los Decretos de las Ofertas de Empleo P\u00fablico 2021 de Administraci\u00f3n y Sanidad.","isPartOf":{"@id":"https:\/\/www.emplea-te.com\/noticias-oposiciones\/#website"},"datePublished":"2021-04-09T09:41:37+00:00","description":"La Xunta de Galicia aprueba los Decretos de las Ofertas de Empleo P\u00fablico 2021 de Administraci\u00f3n y Sanidad.","breadcrumb":{"@id":"https:\/\/www.emplea-te.com\/noticias-oposiciones\/la-xunta-de-galicia-ha-aprobado-los-decretos-de-la-oferta-de-empleo-publico-2021-para-administracion-general-con-1-491-plazas-y-para-sanidad-con-1-215-plazas\/#breadcrumb"},"inLanguage":"es","potentialAction":[{"@type":"ReadAction","target":["https:\/\/www.emplea-te.com\/noticias-oposiciones\/la-xunta-de-galicia-ha-aprobado-los-decretos-de-la-oferta-de-empleo-publico-2021-para-administracion-general-con-1-491-plazas-y-para-sanidad-con-1-215-plazas\/"]}]},{"@type":"BreadcrumbList","@id":"https:\/\/www.emplea-te.com\/noticias-oposiciones\/la-xunta-de-galicia-ha-aprobado-los-decretos-de-la-oferta-de-empleo-publico-2021-para-administracion-general-con-1-491-plazas-y-para-sanidad-con-1-215-plazas\/#breadcrumb","itemListElement":[{"@type":"ListItem","position":1,"name":"Noticias Oposiciones","item":"https:\/\/www.emplea-te.com\/noticias-oposiciones\/"},{"@type":"ListItem","position":2,"name":"Oposiciones Xunta","item":"https:\/\/www.emplea-te.com\/noticias-oposiciones\/categoria\/oposiciones-xunta\/"},{"@type":"ListItem","position":3,"name":"La Xunta de Galicia ha aprobado los Decretos de la Oferta de Empleo P\u00fablico 2021 para Administraci\u00f3n General con 1.491 plazas y para Sanidad con 1.215 plazas"}]},{"@type":"WebSite","@id":"https:\/\/www.emplea-te.com\/noticias-oposiciones\/#website","url":"https:\/\/www.emplea-te.com\/noticias-oposiciones\/","name":"Noticas de oposiciones por Academia Emplea-te","description":"Toda la actualidad de las ofertas y convocatorias.","publisher":{"@id":"https:\/\/www.emplea-te.com\/noticias-oposiciones\/#organization"},"potentialAction":[{"@type":"SearchAction","target":{"@type":"EntryPoint","urlTemplate":"https:\/\/www.emplea-te.com\/noticias-oposiciones\/?s={search_term_string}"},"query-input":{"@type":"PropertyValueSpecification","valueRequired":true,"valueName":"search_term_string"}}],"inLanguage":"es"},{"@type":"Organization","@id":"https:\/\/www.emplea-te.com\/noticias-oposiciones\/#organization","name":"Academia de oposiciones Empl\u00e9ate","url":"https:\/\/www.emplea-te.com\/noticias-oposiciones\/","logo":{"@type":"ImageObject","inLanguage":"es","@id":"https:\/\/www.emplea-te.com\/noticias-oposiciones\/#\/schema\/logo\/image\/","url":"https:\/\/www.emplea-te.com\/noticias-oposiciones\/wp-content\/uploads\/2019\/04\/empleate.jpg","contentUrl":"https:\/\/www.emplea-te.com\/noticias-oposiciones\/wp-content\/uploads\/2019\/04\/empleate.jpg","width":250,"height":150,"caption":"Academia de oposiciones Empl\u00e9ate"},"image":{"@id":"https:\/\/www.emplea-te.com\/noticias-oposiciones\/#\/schema\/logo\/image\/"},"sameAs":["https:\/\/www.facebook.com\/AcademiaEmpleate\/","https:\/\/x.com\/Emplea_Te","https:\/\/www.instagram.com\/academia_empleate\/"]},{"@type":"Person","@id":"https:\/\/www.emplea-te.com\/noticias-oposiciones\/#\/schema\/person\/d1bc587e1af2b95e9c32aba1795509a6","name":"Empleate"}]}},"_links":{"self":[{"href":"https:\/\/www.emplea-te.com\/noticias-oposiciones\/wp-json\/wp\/v2\/posts\/4491","targetHints":{"allow":["GET"]}}],"collection":[{"href":"https:\/\/www.emplea-te.com\/noticias-oposiciones\/wp-json\/wp\/v2\/posts"}],"about":[{"href":"https:\/\/www.emplea-te.com\/noticias-oposiciones\/wp-json\/wp\/v2\/types\/post"}],"author":[{"embeddable":true,"href":"https:\/\/www.emplea-te.com\/noticias-oposiciones\/wp-json\/wp\/v2\/users\/1"}],"replies":[{"embeddable":true,"href":"https:\/\/www.emplea-te.com\/noticias-oposiciones\/wp-json\/wp\/v2\/comments?post=4491"}],"version-history":[{"count":1,"href":"https:\/\/www.emplea-te.com\/noticias-oposiciones\/wp-json\/wp\/v2\/posts\/4491\/revisions"}],"predecessor-version":[{"id":4494,"href":"https:\/\/www.emplea-te.com\/noticias-oposiciones\/wp-json\/wp\/v2\/posts\/4491\/revisions\/4494"}],"wp:attachment":[{"href":"https:\/\/www.emplea-te.com\/noticias-oposiciones\/wp-json\/wp\/v2\/media?parent=4491"}],"wp:term":[{"taxonomy":"category","embeddable":true,"href":"https:\/\/www.emplea-te.com\/noticias-oposiciones\/wp-json\/wp\/v2\/categories?post=4491"},{"taxonomy":"post_tag","embeddable":true,"href":"https:\/\/www.emplea-te.com\/noticias-oposiciones\/wp-json\/wp\/v2\/tags?post=4491"}],"curies":[{"name":"wp","href":"https:\/\/api.w.org\/{rel}","templated":true}]}}