{"id":4498,"date":"2021-04-13T10:35:16","date_gmt":"2021-04-13T08:35:16","guid":{"rendered":"https:\/\/www.emplea-te.com\/noticias-oposiciones\/?p=4498"},"modified":"2021-04-13T10:35:16","modified_gmt":"2021-04-13T08:35:16","slug":"ayuntamiento-de-naron-se-publican-las-bases-generales-que-regiran-los-procesos-selectivos-de-las-plazas-de-la-oep-2021de-personal-oficial","status":"publish","type":"post","link":"https:\/\/www.emplea-te.com\/noticias-oposiciones\/ayuntamiento-de-naron-se-publican-las-bases-generales-que-regiran-los-procesos-selectivos-de-las-plazas-de-la-oep-2021de-personal-oficial\/","title":{"rendered":"Ayuntamiento de Nar\u00f3n. Se publican las bases Generales que regir\u00e1n los procesos selectivos de las plazas de la OEP 2021de personal oficial."},"content":{"rendered":"<p><img decoding=\"async\" class=\"alignleft wp-image-4248 size-medium\" src=\"https:\/\/www.emplea-te.com\/noticias-oposiciones\/wp-content\/uploads\/2021\/02\/logo_ayto_naron-300x200.jpg\" alt=\"\" width=\"300\" height=\"200\" srcset=\"https:\/\/www.emplea-te.com\/noticias-oposiciones\/wp-content\/uploads\/2021\/02\/logo_ayto_naron-300x200.jpg 300w, https:\/\/www.emplea-te.com\/noticias-oposiciones\/wp-content\/uploads\/2021\/02\/logo_ayto_naron-20x13.jpg 20w, https:\/\/www.emplea-te.com\/noticias-oposiciones\/wp-content\/uploads\/2021\/02\/logo_ayto_naron.jpg 400w\" sizes=\"(max-width: 300px) 85vw, 300px\" \/><\/p>\n<p>Se publica en el BOP de A Coru\u00f1a de hoy, d\u00eda 13 de abril de 2021 y de n\u00famero 67, el Anuncio con las bases generales que regir\u00e1n los procesos selectivos derivados de la OEP 2021 de Personal Oficial<\/p>\n<p><a href=\"https:\/\/bop.dicoruna.es\/bopportal\/publicado\/2021\/04\/13\/2021_0000002804.html\" target=\"_blank\" rel=\"noopener noreferrer\">Desde este enlace puedes acceder al Anuncio de las bases publicadas en el BOP\u00a0<\/a><\/p>\n<p>&nbsp;<\/p>\n<p>&nbsp;<\/p>\n","protected":false},"excerpt":{"rendered":"<p>Se publica en el BOP de A Coru\u00f1a de hoy, d\u00eda 13 de abril de 2021 y de n\u00famero 67, el Anuncio con las bases generales que regir\u00e1n los procesos selectivos derivados de la OEP 2021 de Personal Oficial Desde este enlace puedes acceder al Anuncio de las bases publicadas en el BOP\u00a0 &nbsp; &nbsp;<\/p>\n","protected":false},"author":1,"featured_media":0,"comment_status":"closed","ping_status":"closed","sticky":false,"template":"","format":"standard","meta":{"footnotes":""},"categories":[56],"tags":[49],"class_list":["post-4498","post","type-post","status-publish","format-standard","hentry","category-oposiciones-autonomicas-galicia","tag-convocatorias-de-oposiciones"],"yoast_head":"<!-- This site is optimized with the Yoast SEO plugin v27.5 - https:\/\/yoast.com\/product\/yoast-seo-wordpress\/ -->\n<title>Anuncio con las bases generales que regir\u00e1n los procesos selectivos derivados de la OEP 2021 de Personal Oficial del Ayuntamiento de Nar\u00f3n<\/title>\n<meta name=\"description\" content=\"Anuncio con las bases generales que regir\u00e1n los procesos selectivos derivados de la OEP 2021 de Personal Oficial del Ayuntamiento de Nar\u00f3n\" \/>\n<meta name=\"robots\" content=\"index, follow, max-snippet:-1, max-image-preview:large, max-video-preview:-1\" \/>\n<link rel=\"canonical\" href=\"https:\/\/www.emplea-te.com\/noticias-oposiciones\/ayuntamiento-de-naron-se-publican-las-bases-generales-que-regiran-los-procesos-selectivos-de-las-plazas-de-la-oep-2021de-personal-oficial\/\" \/>\n<meta property=\"og:locale\" content=\"es_ES\" \/>\n<meta property=\"og:type\" content=\"article\" \/>\n<meta property=\"og:title\" content=\"Anuncio con las bases generales que regir\u00e1n los procesos selectivos derivados de la OEP 2021 de Personal Oficial del Ayuntamiento de Nar\u00f3n\" \/>\n<meta property=\"og:description\" content=\"Anuncio con las bases generales que regir\u00e1n los procesos selectivos derivados de la OEP 2021 de Personal Oficial del Ayuntamiento de Nar\u00f3n\" \/>\n<meta property=\"og:url\" content=\"https:\/\/www.emplea-te.com\/noticias-oposiciones\/ayuntamiento-de-naron-se-publican-las-bases-generales-que-regiran-los-procesos-selectivos-de-las-plazas-de-la-oep-2021de-personal-oficial\/\" \/>\n<meta property=\"og:site_name\" content=\"Noticas de oposiciones por Academia Emplea-te\" \/>\n<meta property=\"article:publisher\" content=\"https:\/\/www.facebook.com\/AcademiaEmpleate\/\" \/>\n<meta property=\"article:published_time\" content=\"2021-04-13T08:35:16+00:00\" \/>\n<meta property=\"og:image\" content=\"https:\/\/www.emplea-te.com\/noticias-oposiciones\/wp-content\/uploads\/2021\/02\/logo_ayto_naron-300x200.jpg\" \/>\n<meta name=\"author\" content=\"Empleate\" \/>\n<meta name=\"twitter:card\" content=\"summary_large_image\" \/>\n<meta name=\"twitter:creator\" content=\"@Emplea_Te\" \/>\n<meta name=\"twitter:site\" content=\"@Emplea_Te\" \/>\n<meta name=\"twitter:label1\" content=\"Escrito por\" \/>\n\t<meta name=\"twitter:data1\" content=\"Empleate\" \/>\n\t<meta name=\"twitter:label2\" content=\"Tiempo de lectura\" \/>\n\t<meta name=\"twitter:data2\" content=\"1 minuto\" \/>\n<script type=\"application\/ld+json\" class=\"yoast-schema-graph\">{\"@context\":\"https:\\\/\\\/schema.org\",\"@graph\":[{\"@type\":\"Article\",\"@id\":\"https:\\\/\\\/www.emplea-te.com\\\/noticias-oposiciones\\\/ayuntamiento-de-naron-se-publican-las-bases-generales-que-regiran-los-procesos-selectivos-de-las-plazas-de-la-oep-2021de-personal-oficial\\\/#article\",\"isPartOf\":{\"@id\":\"https:\\\/\\\/www.emplea-te.com\\\/noticias-oposiciones\\\/ayuntamiento-de-naron-se-publican-las-bases-generales-que-regiran-los-procesos-selectivos-de-las-plazas-de-la-oep-2021de-personal-oficial\\\/\"},\"author\":{\"name\":\"Empleate\",\"@id\":\"https:\\\/\\\/www.emplea-te.com\\\/noticias-oposiciones\\\/#\\\/schema\\\/person\\\/d1bc587e1af2b95e9c32aba1795509a6\"},\"headline\":\"Ayuntamiento de Nar\u00f3n. Se publican las bases Generales que regir\u00e1n los procesos selectivos de las plazas de la OEP 2021de personal oficial.\",\"datePublished\":\"2021-04-13T08:35:16+00:00\",\"mainEntityOfPage\":{\"@id\":\"https:\\\/\\\/www.emplea-te.com\\\/noticias-oposiciones\\\/ayuntamiento-de-naron-se-publican-las-bases-generales-que-regiran-los-procesos-selectivos-de-las-plazas-de-la-oep-2021de-personal-oficial\\\/\"},\"wordCount\":79,\"publisher\":{\"@id\":\"https:\\\/\\\/www.emplea-te.com\\\/noticias-oposiciones\\\/#organization\"},\"image\":{\"@id\":\"https:\\\/\\\/www.emplea-te.com\\\/noticias-oposiciones\\\/ayuntamiento-de-naron-se-publican-las-bases-generales-que-regiran-los-procesos-selectivos-de-las-plazas-de-la-oep-2021de-personal-oficial\\\/#primaryimage\"},\"thumbnailUrl\":\"https:\\\/\\\/www.emplea-te.com\\\/noticias-oposiciones\\\/wp-content\\\/uploads\\\/2021\\\/02\\\/logo_ayto_naron-300x200.jpg\",\"keywords\":[\"Convocatoria\"],\"articleSection\":[\"Oposiciones Auton\u00f3micas Galicia\"],\"inLanguage\":\"es\"},{\"@type\":\"WebPage\",\"@id\":\"https:\\\/\\\/www.emplea-te.com\\\/noticias-oposiciones\\\/ayuntamiento-de-naron-se-publican-las-bases-generales-que-regiran-los-procesos-selectivos-de-las-plazas-de-la-oep-2021de-personal-oficial\\\/\",\"url\":\"https:\\\/\\\/www.emplea-te.com\\\/noticias-oposiciones\\\/ayuntamiento-de-naron-se-publican-las-bases-generales-que-regiran-los-procesos-selectivos-de-las-plazas-de-la-oep-2021de-personal-oficial\\\/\",\"name\":\"Anuncio con las bases generales que regir\u00e1n los procesos selectivos derivados de la OEP 2021 de Personal Oficial del Ayuntamiento de Nar\u00f3n\",\"isPartOf\":{\"@id\":\"https:\\\/\\\/www.emplea-te.com\\\/noticias-oposiciones\\\/#website\"},\"primaryImageOfPage\":{\"@id\":\"https:\\\/\\\/www.emplea-te.com\\\/noticias-oposiciones\\\/ayuntamiento-de-naron-se-publican-las-bases-generales-que-regiran-los-procesos-selectivos-de-las-plazas-de-la-oep-2021de-personal-oficial\\\/#primaryimage\"},\"image\":{\"@id\":\"https:\\\/\\\/www.emplea-te.com\\\/noticias-oposiciones\\\/ayuntamiento-de-naron-se-publican-las-bases-generales-que-regiran-los-procesos-selectivos-de-las-plazas-de-la-oep-2021de-personal-oficial\\\/#primaryimage\"},\"thumbnailUrl\":\"https:\\\/\\\/www.emplea-te.com\\\/noticias-oposiciones\\\/wp-content\\\/uploads\\\/2021\\\/02\\\/logo_ayto_naron-300x200.jpg\",\"datePublished\":\"2021-04-13T08:35:16+00:00\",\"description\":\"Anuncio con las bases generales que regir\u00e1n los procesos selectivos derivados de la OEP 2021 de Personal Oficial del Ayuntamiento de Nar\u00f3n\",\"breadcrumb\":{\"@id\":\"https:\\\/\\\/www.emplea-te.com\\\/noticias-oposiciones\\\/ayuntamiento-de-naron-se-publican-las-bases-generales-que-regiran-los-procesos-selectivos-de-las-plazas-de-la-oep-2021de-personal-oficial\\\/#breadcrumb\"},\"inLanguage\":\"es\",\"potentialAction\":[{\"@type\":\"ReadAction\",\"target\":[\"https:\\\/\\\/www.emplea-te.com\\\/noticias-oposiciones\\\/ayuntamiento-de-naron-se-publican-las-bases-generales-que-regiran-los-procesos-selectivos-de-las-plazas-de-la-oep-2021de-personal-oficial\\\/\"]}]},{\"@type\":\"ImageObject\",\"inLanguage\":\"es\",\"@id\":\"https:\\\/\\\/www.emplea-te.com\\\/noticias-oposiciones\\\/ayuntamiento-de-naron-se-publican-las-bases-generales-que-regiran-los-procesos-selectivos-de-las-plazas-de-la-oep-2021de-personal-oficial\\\/#primaryimage\",\"url\":\"https:\\\/\\\/www.emplea-te.com\\\/noticias-oposiciones\\\/wp-content\\\/uploads\\\/2021\\\/02\\\/logo_ayto_naron.jpg\",\"contentUrl\":\"https:\\\/\\\/www.emplea-te.com\\\/noticias-oposiciones\\\/wp-content\\\/uploads\\\/2021\\\/02\\\/logo_ayto_naron.jpg\",\"width\":400,\"height\":266},{\"@type\":\"BreadcrumbList\",\"@id\":\"https:\\\/\\\/www.emplea-te.com\\\/noticias-oposiciones\\\/ayuntamiento-de-naron-se-publican-las-bases-generales-que-regiran-los-procesos-selectivos-de-las-plazas-de-la-oep-2021de-personal-oficial\\\/#breadcrumb\",\"itemListElement\":[{\"@type\":\"ListItem\",\"position\":1,\"name\":\"Noticias Oposiciones\",\"item\":\"https:\\\/\\\/www.emplea-te.com\\\/noticias-oposiciones\\\/\"},{\"@type\":\"ListItem\",\"position\":2,\"name\":\"Oposiciones Auton\u00f3micas Galicia\",\"item\":\"https:\\\/\\\/www.emplea-te.com\\\/noticias-oposiciones\\\/categoria\\\/oposiciones-autonomicas-galicia\\\/\"},{\"@type\":\"ListItem\",\"position\":3,\"name\":\"Ayuntamiento de Nar\u00f3n. Se publican las bases Generales que regir\u00e1n los procesos selectivos de las plazas de la OEP 2021de personal oficial.\"}]},{\"@type\":\"WebSite\",\"@id\":\"https:\\\/\\\/www.emplea-te.com\\\/noticias-oposiciones\\\/#website\",\"url\":\"https:\\\/\\\/www.emplea-te.com\\\/noticias-oposiciones\\\/\",\"name\":\"Noticas de oposiciones por Academia Emplea-te\",\"description\":\"Toda la actualidad de las ofertas y convocatorias.\",\"publisher\":{\"@id\":\"https:\\\/\\\/www.emplea-te.com\\\/noticias-oposiciones\\\/#organization\"},\"potentialAction\":[{\"@type\":\"SearchAction\",\"target\":{\"@type\":\"EntryPoint\",\"urlTemplate\":\"https:\\\/\\\/www.emplea-te.com\\\/noticias-oposiciones\\\/?s={search_term_string}\"},\"query-input\":{\"@type\":\"PropertyValueSpecification\",\"valueRequired\":true,\"valueName\":\"search_term_string\"}}],\"inLanguage\":\"es\"},{\"@type\":\"Organization\",\"@id\":\"https:\\\/\\\/www.emplea-te.com\\\/noticias-oposiciones\\\/#organization\",\"name\":\"Academia de oposiciones Empl\u00e9ate\",\"url\":\"https:\\\/\\\/www.emplea-te.com\\\/noticias-oposiciones\\\/\",\"logo\":{\"@type\":\"ImageObject\",\"inLanguage\":\"es\",\"@id\":\"https:\\\/\\\/www.emplea-te.com\\\/noticias-oposiciones\\\/#\\\/schema\\\/logo\\\/image\\\/\",\"url\":\"https:\\\/\\\/www.emplea-te.com\\\/noticias-oposiciones\\\/wp-content\\\/uploads\\\/2019\\\/04\\\/empleate.jpg\",\"contentUrl\":\"https:\\\/\\\/www.emplea-te.com\\\/noticias-oposiciones\\\/wp-content\\\/uploads\\\/2019\\\/04\\\/empleate.jpg\",\"width\":250,\"height\":150,\"caption\":\"Academia de oposiciones Empl\u00e9ate\"},\"image\":{\"@id\":\"https:\\\/\\\/www.emplea-te.com\\\/noticias-oposiciones\\\/#\\\/schema\\\/logo\\\/image\\\/\"},\"sameAs\":[\"https:\\\/\\\/www.facebook.com\\\/AcademiaEmpleate\\\/\",\"https:\\\/\\\/x.com\\\/Emplea_Te\",\"https:\\\/\\\/www.instagram.com\\\/academia_empleate\\\/\"]},{\"@type\":\"Person\",\"@id\":\"https:\\\/\\\/www.emplea-te.com\\\/noticias-oposiciones\\\/#\\\/schema\\\/person\\\/d1bc587e1af2b95e9c32aba1795509a6\",\"name\":\"Empleate\"}]}<\/script>\n<!-- \/ Yoast SEO plugin. -->","yoast_head_json":{"title":"Anuncio con las bases generales que regir\u00e1n los procesos selectivos derivados de la OEP 2021 de Personal Oficial del Ayuntamiento de Nar\u00f3n","description":"Anuncio con las bases generales que regir\u00e1n los procesos selectivos derivados de la OEP 2021 de Personal Oficial del Ayuntamiento de Nar\u00f3n","robots":{"index":"index","follow":"follow","max-snippet":"max-snippet:-1","max-image-preview":"max-image-preview:large","max-video-preview":"max-video-preview:-1"},"canonical":"https:\/\/www.emplea-te.com\/noticias-oposiciones\/ayuntamiento-de-naron-se-publican-las-bases-generales-que-regiran-los-procesos-selectivos-de-las-plazas-de-la-oep-2021de-personal-oficial\/","og_locale":"es_ES","og_type":"article","og_title":"Anuncio con las bases generales que regir\u00e1n los procesos selectivos derivados de la OEP 2021 de Personal Oficial del Ayuntamiento de Nar\u00f3n","og_description":"Anuncio con las bases generales que regir\u00e1n los procesos selectivos derivados de la OEP 2021 de Personal Oficial del Ayuntamiento de Nar\u00f3n","og_url":"https:\/\/www.emplea-te.com\/noticias-oposiciones\/ayuntamiento-de-naron-se-publican-las-bases-generales-que-regiran-los-procesos-selectivos-de-las-plazas-de-la-oep-2021de-personal-oficial\/","og_site_name":"Noticas de oposiciones por Academia Emplea-te","article_publisher":"https:\/\/www.facebook.com\/AcademiaEmpleate\/","article_published_time":"2021-04-13T08:35:16+00:00","og_image":[{"url":"https:\/\/www.emplea-te.com\/noticias-oposiciones\/wp-content\/uploads\/2021\/02\/logo_ayto_naron-300x200.jpg","type":"","width":"","height":""}],"author":"Empleate","twitter_card":"summary_large_image","twitter_creator":"@Emplea_Te","twitter_site":"@Emplea_Te","twitter_misc":{"Escrito por":"Empleate","Tiempo de lectura":"1 minuto"},"schema":{"@context":"https:\/\/schema.org","@graph":[{"@type":"Article","@id":"https:\/\/www.emplea-te.com\/noticias-oposiciones\/ayuntamiento-de-naron-se-publican-las-bases-generales-que-regiran-los-procesos-selectivos-de-las-plazas-de-la-oep-2021de-personal-oficial\/#article","isPartOf":{"@id":"https:\/\/www.emplea-te.com\/noticias-oposiciones\/ayuntamiento-de-naron-se-publican-las-bases-generales-que-regiran-los-procesos-selectivos-de-las-plazas-de-la-oep-2021de-personal-oficial\/"},"author":{"name":"Empleate","@id":"https:\/\/www.emplea-te.com\/noticias-oposiciones\/#\/schema\/person\/d1bc587e1af2b95e9c32aba1795509a6"},"headline":"Ayuntamiento de Nar\u00f3n. Se publican las bases Generales que regir\u00e1n los procesos selectivos de las plazas de la OEP 2021de personal oficial.","datePublished":"2021-04-13T08:35:16+00:00","mainEntityOfPage":{"@id":"https:\/\/www.emplea-te.com\/noticias-oposiciones\/ayuntamiento-de-naron-se-publican-las-bases-generales-que-regiran-los-procesos-selectivos-de-las-plazas-de-la-oep-2021de-personal-oficial\/"},"wordCount":79,"publisher":{"@id":"https:\/\/www.emplea-te.com\/noticias-oposiciones\/#organization"},"image":{"@id":"https:\/\/www.emplea-te.com\/noticias-oposiciones\/ayuntamiento-de-naron-se-publican-las-bases-generales-que-regiran-los-procesos-selectivos-de-las-plazas-de-la-oep-2021de-personal-oficial\/#primaryimage"},"thumbnailUrl":"https:\/\/www.emplea-te.com\/noticias-oposiciones\/wp-content\/uploads\/2021\/02\/logo_ayto_naron-300x200.jpg","keywords":["Convocatoria"],"articleSection":["Oposiciones Auton\u00f3micas Galicia"],"inLanguage":"es"},{"@type":"WebPage","@id":"https:\/\/www.emplea-te.com\/noticias-oposiciones\/ayuntamiento-de-naron-se-publican-las-bases-generales-que-regiran-los-procesos-selectivos-de-las-plazas-de-la-oep-2021de-personal-oficial\/","url":"https:\/\/www.emplea-te.com\/noticias-oposiciones\/ayuntamiento-de-naron-se-publican-las-bases-generales-que-regiran-los-procesos-selectivos-de-las-plazas-de-la-oep-2021de-personal-oficial\/","name":"Anuncio con las bases generales que regir\u00e1n los procesos selectivos derivados de la OEP 2021 de Personal Oficial del Ayuntamiento de Nar\u00f3n","isPartOf":{"@id":"https:\/\/www.emplea-te.com\/noticias-oposiciones\/#website"},"primaryImageOfPage":{"@id":"https:\/\/www.emplea-te.com\/noticias-oposiciones\/ayuntamiento-de-naron-se-publican-las-bases-generales-que-regiran-los-procesos-selectivos-de-las-plazas-de-la-oep-2021de-personal-oficial\/#primaryimage"},"image":{"@id":"https:\/\/www.emplea-te.com\/noticias-oposiciones\/ayuntamiento-de-naron-se-publican-las-bases-generales-que-regiran-los-procesos-selectivos-de-las-plazas-de-la-oep-2021de-personal-oficial\/#primaryimage"},"thumbnailUrl":"https:\/\/www.emplea-te.com\/noticias-oposiciones\/wp-content\/uploads\/2021\/02\/logo_ayto_naron-300x200.jpg","datePublished":"2021-04-13T08:35:16+00:00","description":"Anuncio con las bases generales que regir\u00e1n los procesos selectivos derivados de la OEP 2021 de Personal Oficial del Ayuntamiento de Nar\u00f3n","breadcrumb":{"@id":"https:\/\/www.emplea-te.com\/noticias-oposiciones\/ayuntamiento-de-naron-se-publican-las-bases-generales-que-regiran-los-procesos-selectivos-de-las-plazas-de-la-oep-2021de-personal-oficial\/#breadcrumb"},"inLanguage":"es","potentialAction":[{"@type":"ReadAction","target":["https:\/\/www.emplea-te.com\/noticias-oposiciones\/ayuntamiento-de-naron-se-publican-las-bases-generales-que-regiran-los-procesos-selectivos-de-las-plazas-de-la-oep-2021de-personal-oficial\/"]}]},{"@type":"ImageObject","inLanguage":"es","@id":"https:\/\/www.emplea-te.com\/noticias-oposiciones\/ayuntamiento-de-naron-se-publican-las-bases-generales-que-regiran-los-procesos-selectivos-de-las-plazas-de-la-oep-2021de-personal-oficial\/#primaryimage","url":"https:\/\/www.emplea-te.com\/noticias-oposiciones\/wp-content\/uploads\/2021\/02\/logo_ayto_naron.jpg","contentUrl":"https:\/\/www.emplea-te.com\/noticias-oposiciones\/wp-content\/uploads\/2021\/02\/logo_ayto_naron.jpg","width":400,"height":266},{"@type":"BreadcrumbList","@id":"https:\/\/www.emplea-te.com\/noticias-oposiciones\/ayuntamiento-de-naron-se-publican-las-bases-generales-que-regiran-los-procesos-selectivos-de-las-plazas-de-la-oep-2021de-personal-oficial\/#breadcrumb","itemListElement":[{"@type":"ListItem","position":1,"name":"Noticias Oposiciones","item":"https:\/\/www.emplea-te.com\/noticias-oposiciones\/"},{"@type":"ListItem","position":2,"name":"Oposiciones Auton\u00f3micas Galicia","item":"https:\/\/www.emplea-te.com\/noticias-oposiciones\/categoria\/oposiciones-autonomicas-galicia\/"},{"@type":"ListItem","position":3,"name":"Ayuntamiento de Nar\u00f3n. Se publican las bases Generales que regir\u00e1n los procesos selectivos de las plazas de la OEP 2021de personal oficial."}]},{"@type":"WebSite","@id":"https:\/\/www.emplea-te.com\/noticias-oposiciones\/#website","url":"https:\/\/www.emplea-te.com\/noticias-oposiciones\/","name":"Noticas de oposiciones por Academia Emplea-te","description":"Toda la actualidad de las ofertas y convocatorias.","publisher":{"@id":"https:\/\/www.emplea-te.com\/noticias-oposiciones\/#organization"},"potentialAction":[{"@type":"SearchAction","target":{"@type":"EntryPoint","urlTemplate":"https:\/\/www.emplea-te.com\/noticias-oposiciones\/?s={search_term_string}"},"query-input":{"@type":"PropertyValueSpecification","valueRequired":true,"valueName":"search_term_string"}}],"inLanguage":"es"},{"@type":"Organization","@id":"https:\/\/www.emplea-te.com\/noticias-oposiciones\/#organization","name":"Academia de oposiciones Empl\u00e9ate","url":"https:\/\/www.emplea-te.com\/noticias-oposiciones\/","logo":{"@type":"ImageObject","inLanguage":"es","@id":"https:\/\/www.emplea-te.com\/noticias-oposiciones\/#\/schema\/logo\/image\/","url":"https:\/\/www.emplea-te.com\/noticias-oposiciones\/wp-content\/uploads\/2019\/04\/empleate.jpg","contentUrl":"https:\/\/www.emplea-te.com\/noticias-oposiciones\/wp-content\/uploads\/2019\/04\/empleate.jpg","width":250,"height":150,"caption":"Academia de oposiciones Empl\u00e9ate"},"image":{"@id":"https:\/\/www.emplea-te.com\/noticias-oposiciones\/#\/schema\/logo\/image\/"},"sameAs":["https:\/\/www.facebook.com\/AcademiaEmpleate\/","https:\/\/x.com\/Emplea_Te","https:\/\/www.instagram.com\/academia_empleate\/"]},{"@type":"Person","@id":"https:\/\/www.emplea-te.com\/noticias-oposiciones\/#\/schema\/person\/d1bc587e1af2b95e9c32aba1795509a6","name":"Empleate"}]}},"_links":{"self":[{"href":"https:\/\/www.emplea-te.com\/noticias-oposiciones\/wp-json\/wp\/v2\/posts\/4498","targetHints":{"allow":["GET"]}}],"collection":[{"href":"https:\/\/www.emplea-te.com\/noticias-oposiciones\/wp-json\/wp\/v2\/posts"}],"about":[{"href":"https:\/\/www.emplea-te.com\/noticias-oposiciones\/wp-json\/wp\/v2\/types\/post"}],"author":[{"embeddable":true,"href":"https:\/\/www.emplea-te.com\/noticias-oposiciones\/wp-json\/wp\/v2\/users\/1"}],"replies":[{"embeddable":true,"href":"https:\/\/www.emplea-te.com\/noticias-oposiciones\/wp-json\/wp\/v2\/comments?post=4498"}],"version-history":[{"count":1,"href":"https:\/\/www.emplea-te.com\/noticias-oposiciones\/wp-json\/wp\/v2\/posts\/4498\/revisions"}],"predecessor-version":[{"id":4499,"href":"https:\/\/www.emplea-te.com\/noticias-oposiciones\/wp-json\/wp\/v2\/posts\/4498\/revisions\/4499"}],"wp:attachment":[{"href":"https:\/\/www.emplea-te.com\/noticias-oposiciones\/wp-json\/wp\/v2\/media?parent=4498"}],"wp:term":[{"taxonomy":"category","embeddable":true,"href":"https:\/\/www.emplea-te.com\/noticias-oposiciones\/wp-json\/wp\/v2\/categories?post=4498"},{"taxonomy":"post_tag","embeddable":true,"href":"https:\/\/www.emplea-te.com\/noticias-oposiciones\/wp-json\/wp\/v2\/tags?post=4498"}],"curies":[{"name":"wp","href":"https:\/\/api.w.org\/{rel}","templated":true}]}}