{"id":4506,"date":"2021-04-14T10:15:06","date_gmt":"2021-04-14T08:15:06","guid":{"rendered":"https:\/\/www.emplea-te.com\/noticias-oposiciones\/?p=4506"},"modified":"2021-04-14T10:15:06","modified_gmt":"2021-04-14T08:15:06","slug":"anuncio-de-modificacion-de-la-oep-2020-del-ayuntamiento-de-oleiros-destacamos-4-plazas-de-auxiliar-administrativo-c2","status":"publish","type":"post","link":"https:\/\/www.emplea-te.com\/noticias-oposiciones\/anuncio-de-modificacion-de-la-oep-2020-del-ayuntamiento-de-oleiros-destacamos-4-plazas-de-auxiliar-administrativo-c2\/","title":{"rendered":"Anuncio de modificaci\u00f3n de la OEP 2020 del Ayuntamiento de Oleiros. Destacamos 4 plazas de Auxiliar Administrativo C2"},"content":{"rendered":"<p><img decoding=\"async\" class=\"alignleft wp-image-4004 size-medium\" src=\"https:\/\/www.emplea-te.com\/noticias-oposiciones\/wp-content\/uploads\/2020\/12\/image_gallery-300x253.jpg\" alt=\"\" width=\"300\" height=\"253\" srcset=\"https:\/\/www.emplea-te.com\/noticias-oposiciones\/wp-content\/uploads\/2020\/12\/image_gallery-300x253.jpg 300w, https:\/\/www.emplea-te.com\/noticias-oposiciones\/wp-content\/uploads\/2020\/12\/image_gallery-20x17.jpg 20w, https:\/\/www.emplea-te.com\/noticias-oposiciones\/wp-content\/uploads\/2020\/12\/image_gallery.jpg 598w\" sizes=\"(max-width: 300px) 85vw, 300px\" \/><\/p>\n<p>Se publica en el DOG n\u00famero 69 de fecha 14 de abril de 2021, el\u00a0 Anuncio de modificaci\u00f3n de la OEP 2020 del Ayuntamiento de Oleiros.<br \/>\n<strong>Destacamos 4 plazas de Auxiliar Administrativo C2<\/strong><\/p>\n<p><a href=\"https:\/\/www.xunta.gal\/dog\/Publicados\/2021\/20210414\/AnuncioL158-220321-0003_gl.html\" target=\"_blank\" rel=\"noopener noreferrer\">Enlace a DOG con Modificaci\u00f3n de la OEP\u00a0<\/a><\/p>\n<table id=\"table-1\">\n<tbody>\n<tr>\n<td>\n<p class=\"x-ning-n-estilo-de-p-rrafo-\"><span>Denominaci\u00f3n<\/span><\/p>\n<\/td>\n<td>\n<p class=\"x-ning-n-estilo-de-p-rrafo-\"><span>NO<\/span><\/p>\n<\/td>\n<td>\n<p class=\"x-ning-n-estilo-de-p-rrafo-\"><span>Subgrupo<\/span><\/p>\n<\/td>\n<td>\n<p class=\"x-ning-n-estilo-de-p-rrafo-\"><span>Escala<\/span><\/p>\n<\/td>\n<td>\n<p class=\"x-ning-n-estilo-de-p-rrafo-\"><span>Subescala<\/span><\/p>\n<\/td>\n<td>\n<p class=\"x-ning-n-estilo-de-p-rrafo-\"><span>Clase<\/span><\/p>\n<\/td>\n<\/tr>\n<tr>\n<td>\n<p class=\"x-ning-n-estilo-de-p-rrafo-\"><span>Oficial de polic\u00eda local * \/ **<\/span><\/p>\n<\/td>\n<td>\n<p class=\"x-ning-n-estilo-de-p-rrafo-\"><span>1<\/span><\/p>\n<\/td>\n<td>\n<p class=\"x-ning-n-estilo-de-p-rrafo-\"><span>C1<\/span><\/p>\n<\/td>\n<td>\n<p class=\"x-ning-n-estilo-de-p-rrafo-\"><span>Administraci\u00f3n especial<\/span><\/p>\n<\/td>\n<td>\n<p class=\"x-ning-n-estilo-de-p-rrafo-\"><span>Servicios especiales<\/span><\/p>\n<\/td>\n<td>\n<p class=\"x-ning-n-estilo-de-p-rrafo-\"><span>Polic\u00eda Local<\/span><\/p>\n<\/td>\n<\/tr>\n<tr>\n<td>\n<p class=\"x-ning-n-estilo-de-p-rrafo-\"><span>Polic\u00eda Local **<\/span><\/p>\n<\/td>\n<td>\n<p class=\"x-ning-n-estilo-de-p-rrafo-\"><span>3<\/span><\/p>\n<\/td>\n<td>\n<p class=\"x-ning-n-estilo-de-p-rrafo-\"><span>C1<\/span><\/p>\n<\/td>\n<td>\n<p class=\"x-ning-n-estilo-de-p-rrafo-\"><span>Administraci\u00f3n especial<\/span><\/p>\n<\/td>\n<td>\n<p class=\"x-ning-n-estilo-de-p-rrafo-\"><span>Servicios especiales<\/span><\/p>\n<\/td>\n<td>\n<p class=\"x-ning-n-estilo-de-p-rrafo-\"><span>Polic\u00eda Local<\/span><\/p>\n<\/td>\n<\/tr>\n<tr>\n<td>\n<p class=\"x-ning-n-estilo-de-p-rrafo-\"><span>Asistente Administrativo<\/span><\/p>\n<\/td>\n<td>\n<p class=\"x-ning-n-estilo-de-p-rrafo-\"><span>4<\/span><\/p>\n<\/td>\n<td>\n<p class=\"x-ning-n-estilo-de-p-rrafo-\"><span>C2<\/span><\/p>\n<\/td>\n<td>\n<p class=\"x-ning-n-estilo-de-p-rrafo-\"><span>Administraci\u00f3n General<\/span><\/p>\n<\/td>\n<td>\n<p class=\"x-ning-n-estilo-de-p-rrafo-\"><span>Auxiliar<\/span><\/p>\n<\/td>\n<td><\/td>\n<\/tr>\n<\/tbody>\n<\/table>\n<p class=\"dog-base-sangria\"><span>* El procedimiento de selecci\u00f3n deber\u00e1 realizarse mediante concurso de movilidad, de acuerdo con el porcentaje m\u00ednimo establecido en la Ley de Coordinaci\u00f3n de la Polic\u00eda Local de Galicia.<\/span><\/p>\n<p class=\"dog-base-sangria\"><span>*Polic\u00eda local: aplicaci\u00f3n de la disposici\u00f3n adicional ciento quincuag\u00e9simo novena de la Ley 11\/2020, de 31 de diciembre, de Presupuestos Generales del Estado para el a\u00f1o 2021 al puesto de oficial y dos polic\u00edas por jubilaci\u00f3n anticipada de sus titulares.<\/span><\/p>\n<p><a href=\"https:\/\/www.emplea-te.com\/cursos-para-oposiciones#informacionoposiciones\" target=\"_blank\" rel=\"noopener noreferrer\">Inf\u00f3rmate desde este enlace de como prepararte en nuestros grupos presenciales y online<\/a><\/p>\n<p>&nbsp;<\/p>\n","protected":false},"excerpt":{"rendered":"<p>Se publica en el DOG n\u00famero 69 de fecha 14 de abril de 2021, el\u00a0 Anuncio de modificaci\u00f3n de la OEP 2020 del Ayuntamiento de Oleiros. Destacamos 4 plazas de Auxiliar Administrativo C2 Enlace a DOG con Modificaci\u00f3n de la OEP\u00a0 Denominaci\u00f3n NO Subgrupo Escala Subescala Clase Oficial de polic\u00eda local * \/ ** 1 &hellip; <a href=\"https:\/\/www.emplea-te.com\/noticias-oposiciones\/anuncio-de-modificacion-de-la-oep-2020-del-ayuntamiento-de-oleiros-destacamos-4-plazas-de-auxiliar-administrativo-c2\/\" class=\"more-link\">Continuar leyendo<span class=\"screen-reader-text\"> \u00abAnuncio de modificaci\u00f3n de la OEP 2020 del Ayuntamiento de Oleiros. Destacamos 4 plazas de Auxiliar Administrativo C2\u00bb<\/span><\/a><\/p>\n","protected":false},"author":1,"featured_media":0,"comment_status":"closed","ping_status":"closed","sticky":false,"template":"","format":"standard","meta":{"footnotes":""},"categories":[83,56],"tags":[84],"class_list":["post-4506","post","type-post","status-publish","format-standard","hentry","category-oep-2020-ayuntamientos","category-oposiciones-autonomicas-galicia","tag-oferta-de-empleo-publico"],"yoast_head":"<!-- This site is optimized with the Yoast SEO plugin v27.5 - https:\/\/yoast.com\/product\/yoast-seo-wordpress\/ -->\n<title>Anuncio de modificaci\u00f3n de la OEP 2020 del Ayuntamiento de Oleiros.<\/title>\n<meta name=\"description\" content=\"Anuncio de modificaci\u00f3n de la OEP 2020 del Ayuntamiento de Oleiros. Destacamos 4 plazas de Auxiliar Administrativo C2\" \/>\n<meta name=\"robots\" content=\"index, follow, max-snippet:-1, max-image-preview:large, max-video-preview:-1\" \/>\n<link rel=\"canonical\" href=\"https:\/\/www.emplea-te.com\/noticias-oposiciones\/anuncio-de-modificacion-de-la-oep-2020-del-ayuntamiento-de-oleiros-destacamos-4-plazas-de-auxiliar-administrativo-c2\/\" \/>\n<meta property=\"og:locale\" content=\"es_ES\" \/>\n<meta property=\"og:type\" content=\"article\" \/>\n<meta property=\"og:title\" content=\"Anuncio de modificaci\u00f3n de la OEP 2020 del Ayuntamiento de Oleiros.\" \/>\n<meta property=\"og:description\" content=\"Anuncio de modificaci\u00f3n de la OEP 2020 del Ayuntamiento de Oleiros. Destacamos 4 plazas de Auxiliar Administrativo C2\" \/>\n<meta property=\"og:url\" content=\"https:\/\/www.emplea-te.com\/noticias-oposiciones\/anuncio-de-modificacion-de-la-oep-2020-del-ayuntamiento-de-oleiros-destacamos-4-plazas-de-auxiliar-administrativo-c2\/\" \/>\n<meta property=\"og:site_name\" content=\"Noticas de oposiciones por Academia Emplea-te\" \/>\n<meta property=\"article:publisher\" content=\"https:\/\/www.facebook.com\/AcademiaEmpleate\/\" \/>\n<meta property=\"article:published_time\" content=\"2021-04-14T08:15:06+00:00\" \/>\n<meta property=\"og:image\" content=\"https:\/\/www.emplea-te.com\/noticias-oposiciones\/wp-content\/uploads\/2020\/12\/image_gallery-300x253.jpg\" \/>\n<meta name=\"author\" content=\"Empleate\" \/>\n<meta name=\"twitter:card\" content=\"summary_large_image\" \/>\n<meta name=\"twitter:creator\" content=\"@Emplea_Te\" \/>\n<meta name=\"twitter:site\" content=\"@Emplea_Te\" \/>\n<meta name=\"twitter:label1\" content=\"Escrito por\" \/>\n\t<meta name=\"twitter:data1\" content=\"Empleate\" \/>\n\t<meta name=\"twitter:label2\" content=\"Tiempo de lectura\" \/>\n\t<meta name=\"twitter:data2\" content=\"1 minuto\" \/>\n<script type=\"application\/ld+json\" class=\"yoast-schema-graph\">{\"@context\":\"https:\\\/\\\/schema.org\",\"@graph\":[{\"@type\":\"Article\",\"@id\":\"https:\\\/\\\/www.emplea-te.com\\\/noticias-oposiciones\\\/anuncio-de-modificacion-de-la-oep-2020-del-ayuntamiento-de-oleiros-destacamos-4-plazas-de-auxiliar-administrativo-c2\\\/#article\",\"isPartOf\":{\"@id\":\"https:\\\/\\\/www.emplea-te.com\\\/noticias-oposiciones\\\/anuncio-de-modificacion-de-la-oep-2020-del-ayuntamiento-de-oleiros-destacamos-4-plazas-de-auxiliar-administrativo-c2\\\/\"},\"author\":{\"name\":\"Empleate\",\"@id\":\"https:\\\/\\\/www.emplea-te.com\\\/noticias-oposiciones\\\/#\\\/schema\\\/person\\\/d1bc587e1af2b95e9c32aba1795509a6\"},\"headline\":\"Anuncio de modificaci\u00f3n de la OEP 2020 del Ayuntamiento de Oleiros. Destacamos 4 plazas de Auxiliar Administrativo C2\",\"datePublished\":\"2021-04-14T08:15:06+00:00\",\"mainEntityOfPage\":{\"@id\":\"https:\\\/\\\/www.emplea-te.com\\\/noticias-oposiciones\\\/anuncio-de-modificacion-de-la-oep-2020-del-ayuntamiento-de-oleiros-destacamos-4-plazas-de-auxiliar-administrativo-c2\\\/\"},\"wordCount\":187,\"publisher\":{\"@id\":\"https:\\\/\\\/www.emplea-te.com\\\/noticias-oposiciones\\\/#organization\"},\"image\":{\"@id\":\"https:\\\/\\\/www.emplea-te.com\\\/noticias-oposiciones\\\/anuncio-de-modificacion-de-la-oep-2020-del-ayuntamiento-de-oleiros-destacamos-4-plazas-de-auxiliar-administrativo-c2\\\/#primaryimage\"},\"thumbnailUrl\":\"https:\\\/\\\/www.emplea-te.com\\\/noticias-oposiciones\\\/wp-content\\\/uploads\\\/2020\\\/12\\\/image_gallery-300x253.jpg\",\"keywords\":[\"Oferta de Empleo P\u00fablico\"],\"articleSection\":[\"OEP 2020 Ayuntamientos\",\"Oposiciones Auton\u00f3micas Galicia\"],\"inLanguage\":\"es\"},{\"@type\":\"WebPage\",\"@id\":\"https:\\\/\\\/www.emplea-te.com\\\/noticias-oposiciones\\\/anuncio-de-modificacion-de-la-oep-2020-del-ayuntamiento-de-oleiros-destacamos-4-plazas-de-auxiliar-administrativo-c2\\\/\",\"url\":\"https:\\\/\\\/www.emplea-te.com\\\/noticias-oposiciones\\\/anuncio-de-modificacion-de-la-oep-2020-del-ayuntamiento-de-oleiros-destacamos-4-plazas-de-auxiliar-administrativo-c2\\\/\",\"name\":\"Anuncio de modificaci\u00f3n de la OEP 2020 del Ayuntamiento de Oleiros.\",\"isPartOf\":{\"@id\":\"https:\\\/\\\/www.emplea-te.com\\\/noticias-oposiciones\\\/#website\"},\"primaryImageOfPage\":{\"@id\":\"https:\\\/\\\/www.emplea-te.com\\\/noticias-oposiciones\\\/anuncio-de-modificacion-de-la-oep-2020-del-ayuntamiento-de-oleiros-destacamos-4-plazas-de-auxiliar-administrativo-c2\\\/#primaryimage\"},\"image\":{\"@id\":\"https:\\\/\\\/www.emplea-te.com\\\/noticias-oposiciones\\\/anuncio-de-modificacion-de-la-oep-2020-del-ayuntamiento-de-oleiros-destacamos-4-plazas-de-auxiliar-administrativo-c2\\\/#primaryimage\"},\"thumbnailUrl\":\"https:\\\/\\\/www.emplea-te.com\\\/noticias-oposiciones\\\/wp-content\\\/uploads\\\/2020\\\/12\\\/image_gallery-300x253.jpg\",\"datePublished\":\"2021-04-14T08:15:06+00:00\",\"description\":\"Anuncio de modificaci\u00f3n de la OEP 2020 del Ayuntamiento de Oleiros. Destacamos 4 plazas de Auxiliar Administrativo C2\",\"breadcrumb\":{\"@id\":\"https:\\\/\\\/www.emplea-te.com\\\/noticias-oposiciones\\\/anuncio-de-modificacion-de-la-oep-2020-del-ayuntamiento-de-oleiros-destacamos-4-plazas-de-auxiliar-administrativo-c2\\\/#breadcrumb\"},\"inLanguage\":\"es\",\"potentialAction\":[{\"@type\":\"ReadAction\",\"target\":[\"https:\\\/\\\/www.emplea-te.com\\\/noticias-oposiciones\\\/anuncio-de-modificacion-de-la-oep-2020-del-ayuntamiento-de-oleiros-destacamos-4-plazas-de-auxiliar-administrativo-c2\\\/\"]}]},{\"@type\":\"ImageObject\",\"inLanguage\":\"es\",\"@id\":\"https:\\\/\\\/www.emplea-te.com\\\/noticias-oposiciones\\\/anuncio-de-modificacion-de-la-oep-2020-del-ayuntamiento-de-oleiros-destacamos-4-plazas-de-auxiliar-administrativo-c2\\\/#primaryimage\",\"url\":\"https:\\\/\\\/www.emplea-te.com\\\/noticias-oposiciones\\\/wp-content\\\/uploads\\\/2020\\\/12\\\/image_gallery.jpg\",\"contentUrl\":\"https:\\\/\\\/www.emplea-te.com\\\/noticias-oposiciones\\\/wp-content\\\/uploads\\\/2020\\\/12\\\/image_gallery.jpg\",\"width\":598,\"height\":504},{\"@type\":\"BreadcrumbList\",\"@id\":\"https:\\\/\\\/www.emplea-te.com\\\/noticias-oposiciones\\\/anuncio-de-modificacion-de-la-oep-2020-del-ayuntamiento-de-oleiros-destacamos-4-plazas-de-auxiliar-administrativo-c2\\\/#breadcrumb\",\"itemListElement\":[{\"@type\":\"ListItem\",\"position\":1,\"name\":\"Noticias Oposiciones\",\"item\":\"https:\\\/\\\/www.emplea-te.com\\\/noticias-oposiciones\\\/\"},{\"@type\":\"ListItem\",\"position\":2,\"name\":\"Oposiciones Auton\u00f3micas Galicia\",\"item\":\"https:\\\/\\\/www.emplea-te.com\\\/noticias-oposiciones\\\/categoria\\\/oposiciones-autonomicas-galicia\\\/\"},{\"@type\":\"ListItem\",\"position\":3,\"name\":\"Anuncio de modificaci\u00f3n de la OEP 2020 del Ayuntamiento de Oleiros. Destacamos 4 plazas de Auxiliar Administrativo C2\"}]},{\"@type\":\"WebSite\",\"@id\":\"https:\\\/\\\/www.emplea-te.com\\\/noticias-oposiciones\\\/#website\",\"url\":\"https:\\\/\\\/www.emplea-te.com\\\/noticias-oposiciones\\\/\",\"name\":\"Noticas de oposiciones por Academia Emplea-te\",\"description\":\"Toda la actualidad de las ofertas y convocatorias.\",\"publisher\":{\"@id\":\"https:\\\/\\\/www.emplea-te.com\\\/noticias-oposiciones\\\/#organization\"},\"potentialAction\":[{\"@type\":\"SearchAction\",\"target\":{\"@type\":\"EntryPoint\",\"urlTemplate\":\"https:\\\/\\\/www.emplea-te.com\\\/noticias-oposiciones\\\/?s={search_term_string}\"},\"query-input\":{\"@type\":\"PropertyValueSpecification\",\"valueRequired\":true,\"valueName\":\"search_term_string\"}}],\"inLanguage\":\"es\"},{\"@type\":\"Organization\",\"@id\":\"https:\\\/\\\/www.emplea-te.com\\\/noticias-oposiciones\\\/#organization\",\"name\":\"Academia de oposiciones Empl\u00e9ate\",\"url\":\"https:\\\/\\\/www.emplea-te.com\\\/noticias-oposiciones\\\/\",\"logo\":{\"@type\":\"ImageObject\",\"inLanguage\":\"es\",\"@id\":\"https:\\\/\\\/www.emplea-te.com\\\/noticias-oposiciones\\\/#\\\/schema\\\/logo\\\/image\\\/\",\"url\":\"https:\\\/\\\/www.emplea-te.com\\\/noticias-oposiciones\\\/wp-content\\\/uploads\\\/2019\\\/04\\\/empleate.jpg\",\"contentUrl\":\"https:\\\/\\\/www.emplea-te.com\\\/noticias-oposiciones\\\/wp-content\\\/uploads\\\/2019\\\/04\\\/empleate.jpg\",\"width\":250,\"height\":150,\"caption\":\"Academia de oposiciones Empl\u00e9ate\"},\"image\":{\"@id\":\"https:\\\/\\\/www.emplea-te.com\\\/noticias-oposiciones\\\/#\\\/schema\\\/logo\\\/image\\\/\"},\"sameAs\":[\"https:\\\/\\\/www.facebook.com\\\/AcademiaEmpleate\\\/\",\"https:\\\/\\\/x.com\\\/Emplea_Te\",\"https:\\\/\\\/www.instagram.com\\\/academia_empleate\\\/\"]},{\"@type\":\"Person\",\"@id\":\"https:\\\/\\\/www.emplea-te.com\\\/noticias-oposiciones\\\/#\\\/schema\\\/person\\\/d1bc587e1af2b95e9c32aba1795509a6\",\"name\":\"Empleate\"}]}<\/script>\n<!-- \/ Yoast SEO plugin. -->","yoast_head_json":{"title":"Anuncio de modificaci\u00f3n de la OEP 2020 del Ayuntamiento de Oleiros.","description":"Anuncio de modificaci\u00f3n de la OEP 2020 del Ayuntamiento de Oleiros. Destacamos 4 plazas de Auxiliar Administrativo C2","robots":{"index":"index","follow":"follow","max-snippet":"max-snippet:-1","max-image-preview":"max-image-preview:large","max-video-preview":"max-video-preview:-1"},"canonical":"https:\/\/www.emplea-te.com\/noticias-oposiciones\/anuncio-de-modificacion-de-la-oep-2020-del-ayuntamiento-de-oleiros-destacamos-4-plazas-de-auxiliar-administrativo-c2\/","og_locale":"es_ES","og_type":"article","og_title":"Anuncio de modificaci\u00f3n de la OEP 2020 del Ayuntamiento de Oleiros.","og_description":"Anuncio de modificaci\u00f3n de la OEP 2020 del Ayuntamiento de Oleiros. Destacamos 4 plazas de Auxiliar Administrativo C2","og_url":"https:\/\/www.emplea-te.com\/noticias-oposiciones\/anuncio-de-modificacion-de-la-oep-2020-del-ayuntamiento-de-oleiros-destacamos-4-plazas-de-auxiliar-administrativo-c2\/","og_site_name":"Noticas de oposiciones por Academia Emplea-te","article_publisher":"https:\/\/www.facebook.com\/AcademiaEmpleate\/","article_published_time":"2021-04-14T08:15:06+00:00","og_image":[{"url":"https:\/\/www.emplea-te.com\/noticias-oposiciones\/wp-content\/uploads\/2020\/12\/image_gallery-300x253.jpg","type":"","width":"","height":""}],"author":"Empleate","twitter_card":"summary_large_image","twitter_creator":"@Emplea_Te","twitter_site":"@Emplea_Te","twitter_misc":{"Escrito por":"Empleate","Tiempo de lectura":"1 minuto"},"schema":{"@context":"https:\/\/schema.org","@graph":[{"@type":"Article","@id":"https:\/\/www.emplea-te.com\/noticias-oposiciones\/anuncio-de-modificacion-de-la-oep-2020-del-ayuntamiento-de-oleiros-destacamos-4-plazas-de-auxiliar-administrativo-c2\/#article","isPartOf":{"@id":"https:\/\/www.emplea-te.com\/noticias-oposiciones\/anuncio-de-modificacion-de-la-oep-2020-del-ayuntamiento-de-oleiros-destacamos-4-plazas-de-auxiliar-administrativo-c2\/"},"author":{"name":"Empleate","@id":"https:\/\/www.emplea-te.com\/noticias-oposiciones\/#\/schema\/person\/d1bc587e1af2b95e9c32aba1795509a6"},"headline":"Anuncio de modificaci\u00f3n de la OEP 2020 del Ayuntamiento de Oleiros. Destacamos 4 plazas de Auxiliar Administrativo C2","datePublished":"2021-04-14T08:15:06+00:00","mainEntityOfPage":{"@id":"https:\/\/www.emplea-te.com\/noticias-oposiciones\/anuncio-de-modificacion-de-la-oep-2020-del-ayuntamiento-de-oleiros-destacamos-4-plazas-de-auxiliar-administrativo-c2\/"},"wordCount":187,"publisher":{"@id":"https:\/\/www.emplea-te.com\/noticias-oposiciones\/#organization"},"image":{"@id":"https:\/\/www.emplea-te.com\/noticias-oposiciones\/anuncio-de-modificacion-de-la-oep-2020-del-ayuntamiento-de-oleiros-destacamos-4-plazas-de-auxiliar-administrativo-c2\/#primaryimage"},"thumbnailUrl":"https:\/\/www.emplea-te.com\/noticias-oposiciones\/wp-content\/uploads\/2020\/12\/image_gallery-300x253.jpg","keywords":["Oferta de Empleo P\u00fablico"],"articleSection":["OEP 2020 Ayuntamientos","Oposiciones Auton\u00f3micas Galicia"],"inLanguage":"es"},{"@type":"WebPage","@id":"https:\/\/www.emplea-te.com\/noticias-oposiciones\/anuncio-de-modificacion-de-la-oep-2020-del-ayuntamiento-de-oleiros-destacamos-4-plazas-de-auxiliar-administrativo-c2\/","url":"https:\/\/www.emplea-te.com\/noticias-oposiciones\/anuncio-de-modificacion-de-la-oep-2020-del-ayuntamiento-de-oleiros-destacamos-4-plazas-de-auxiliar-administrativo-c2\/","name":"Anuncio de modificaci\u00f3n de la OEP 2020 del Ayuntamiento de Oleiros.","isPartOf":{"@id":"https:\/\/www.emplea-te.com\/noticias-oposiciones\/#website"},"primaryImageOfPage":{"@id":"https:\/\/www.emplea-te.com\/noticias-oposiciones\/anuncio-de-modificacion-de-la-oep-2020-del-ayuntamiento-de-oleiros-destacamos-4-plazas-de-auxiliar-administrativo-c2\/#primaryimage"},"image":{"@id":"https:\/\/www.emplea-te.com\/noticias-oposiciones\/anuncio-de-modificacion-de-la-oep-2020-del-ayuntamiento-de-oleiros-destacamos-4-plazas-de-auxiliar-administrativo-c2\/#primaryimage"},"thumbnailUrl":"https:\/\/www.emplea-te.com\/noticias-oposiciones\/wp-content\/uploads\/2020\/12\/image_gallery-300x253.jpg","datePublished":"2021-04-14T08:15:06+00:00","description":"Anuncio de modificaci\u00f3n de la OEP 2020 del Ayuntamiento de Oleiros. Destacamos 4 plazas de Auxiliar Administrativo C2","breadcrumb":{"@id":"https:\/\/www.emplea-te.com\/noticias-oposiciones\/anuncio-de-modificacion-de-la-oep-2020-del-ayuntamiento-de-oleiros-destacamos-4-plazas-de-auxiliar-administrativo-c2\/#breadcrumb"},"inLanguage":"es","potentialAction":[{"@type":"ReadAction","target":["https:\/\/www.emplea-te.com\/noticias-oposiciones\/anuncio-de-modificacion-de-la-oep-2020-del-ayuntamiento-de-oleiros-destacamos-4-plazas-de-auxiliar-administrativo-c2\/"]}]},{"@type":"ImageObject","inLanguage":"es","@id":"https:\/\/www.emplea-te.com\/noticias-oposiciones\/anuncio-de-modificacion-de-la-oep-2020-del-ayuntamiento-de-oleiros-destacamos-4-plazas-de-auxiliar-administrativo-c2\/#primaryimage","url":"https:\/\/www.emplea-te.com\/noticias-oposiciones\/wp-content\/uploads\/2020\/12\/image_gallery.jpg","contentUrl":"https:\/\/www.emplea-te.com\/noticias-oposiciones\/wp-content\/uploads\/2020\/12\/image_gallery.jpg","width":598,"height":504},{"@type":"BreadcrumbList","@id":"https:\/\/www.emplea-te.com\/noticias-oposiciones\/anuncio-de-modificacion-de-la-oep-2020-del-ayuntamiento-de-oleiros-destacamos-4-plazas-de-auxiliar-administrativo-c2\/#breadcrumb","itemListElement":[{"@type":"ListItem","position":1,"name":"Noticias Oposiciones","item":"https:\/\/www.emplea-te.com\/noticias-oposiciones\/"},{"@type":"ListItem","position":2,"name":"Oposiciones Auton\u00f3micas Galicia","item":"https:\/\/www.emplea-te.com\/noticias-oposiciones\/categoria\/oposiciones-autonomicas-galicia\/"},{"@type":"ListItem","position":3,"name":"Anuncio de modificaci\u00f3n de la OEP 2020 del Ayuntamiento de Oleiros. Destacamos 4 plazas de Auxiliar Administrativo C2"}]},{"@type":"WebSite","@id":"https:\/\/www.emplea-te.com\/noticias-oposiciones\/#website","url":"https:\/\/www.emplea-te.com\/noticias-oposiciones\/","name":"Noticas de oposiciones por Academia Emplea-te","description":"Toda la actualidad de las ofertas y convocatorias.","publisher":{"@id":"https:\/\/www.emplea-te.com\/noticias-oposiciones\/#organization"},"potentialAction":[{"@type":"SearchAction","target":{"@type":"EntryPoint","urlTemplate":"https:\/\/www.emplea-te.com\/noticias-oposiciones\/?s={search_term_string}"},"query-input":{"@type":"PropertyValueSpecification","valueRequired":true,"valueName":"search_term_string"}}],"inLanguage":"es"},{"@type":"Organization","@id":"https:\/\/www.emplea-te.com\/noticias-oposiciones\/#organization","name":"Academia de oposiciones Empl\u00e9ate","url":"https:\/\/www.emplea-te.com\/noticias-oposiciones\/","logo":{"@type":"ImageObject","inLanguage":"es","@id":"https:\/\/www.emplea-te.com\/noticias-oposiciones\/#\/schema\/logo\/image\/","url":"https:\/\/www.emplea-te.com\/noticias-oposiciones\/wp-content\/uploads\/2019\/04\/empleate.jpg","contentUrl":"https:\/\/www.emplea-te.com\/noticias-oposiciones\/wp-content\/uploads\/2019\/04\/empleate.jpg","width":250,"height":150,"caption":"Academia de oposiciones Empl\u00e9ate"},"image":{"@id":"https:\/\/www.emplea-te.com\/noticias-oposiciones\/#\/schema\/logo\/image\/"},"sameAs":["https:\/\/www.facebook.com\/AcademiaEmpleate\/","https:\/\/x.com\/Emplea_Te","https:\/\/www.instagram.com\/academia_empleate\/"]},{"@type":"Person","@id":"https:\/\/www.emplea-te.com\/noticias-oposiciones\/#\/schema\/person\/d1bc587e1af2b95e9c32aba1795509a6","name":"Empleate"}]}},"_links":{"self":[{"href":"https:\/\/www.emplea-te.com\/noticias-oposiciones\/wp-json\/wp\/v2\/posts\/4506","targetHints":{"allow":["GET"]}}],"collection":[{"href":"https:\/\/www.emplea-te.com\/noticias-oposiciones\/wp-json\/wp\/v2\/posts"}],"about":[{"href":"https:\/\/www.emplea-te.com\/noticias-oposiciones\/wp-json\/wp\/v2\/types\/post"}],"author":[{"embeddable":true,"href":"https:\/\/www.emplea-te.com\/noticias-oposiciones\/wp-json\/wp\/v2\/users\/1"}],"replies":[{"embeddable":true,"href":"https:\/\/www.emplea-te.com\/noticias-oposiciones\/wp-json\/wp\/v2\/comments?post=4506"}],"version-history":[{"count":1,"href":"https:\/\/www.emplea-te.com\/noticias-oposiciones\/wp-json\/wp\/v2\/posts\/4506\/revisions"}],"predecessor-version":[{"id":4507,"href":"https:\/\/www.emplea-te.com\/noticias-oposiciones\/wp-json\/wp\/v2\/posts\/4506\/revisions\/4507"}],"wp:attachment":[{"href":"https:\/\/www.emplea-te.com\/noticias-oposiciones\/wp-json\/wp\/v2\/media?parent=4506"}],"wp:term":[{"taxonomy":"category","embeddable":true,"href":"https:\/\/www.emplea-te.com\/noticias-oposiciones\/wp-json\/wp\/v2\/categories?post=4506"},{"taxonomy":"post_tag","embeddable":true,"href":"https:\/\/www.emplea-te.com\/noticias-oposiciones\/wp-json\/wp\/v2\/tags?post=4506"}],"curies":[{"name":"wp","href":"https:\/\/api.w.org\/{rel}","templated":true}]}}