{"id":4678,"date":"2021-05-21T10:26:28","date_gmt":"2021-05-21T08:26:28","guid":{"rendered":"https:\/\/www.emplea-te.com\/noticias-oposiciones\/?p=4678"},"modified":"2021-05-21T10:26:28","modified_gmt":"2021-05-21T08:26:28","slug":"xunta-de-galicia-cuerpo-de-gestion-a2-acceso-libre-se-publica-resolucion-por-la-que-se-dan-a-conocer-distintos-acuerdos","status":"publish","type":"post","link":"https:\/\/www.emplea-te.com\/noticias-oposiciones\/xunta-de-galicia-cuerpo-de-gestion-a2-acceso-libre-se-publica-resolucion-por-la-que-se-dan-a-conocer-distintos-acuerdos\/","title":{"rendered":"Xunta de Galicia. Cuerpo de Gesti\u00f3n A2 acceso libre . Se publica Resoluci\u00f3n por la que se dan a conocer distintos acuerdos."},"content":{"rendered":"<p><img decoding=\"async\" class=\"alignnone size-full wp-image-1502\" src=\"https:\/\/www.emplea-te.com\/noticias-oposiciones\/wp-content\/uploads\/2019\/04\/xunta_De_Galicia.png\" alt=\"Oposiciones Xunta\" width=\"315\" height=\"160\" srcset=\"https:\/\/www.emplea-te.com\/noticias-oposiciones\/wp-content\/uploads\/2019\/04\/xunta_De_Galicia.png 315w, https:\/\/www.emplea-te.com\/noticias-oposiciones\/wp-content\/uploads\/2019\/04\/xunta_De_Galicia-300x152.png 300w, https:\/\/www.emplea-te.com\/noticias-oposiciones\/wp-content\/uploads\/2019\/04\/xunta_De_Galicia-20x10.png 20w\" sizes=\"(max-width: 315px) 85vw, 315px\" \/><\/p>\n<p>Se publica en el DOG de hoy, d\u00eda 21 de mayo de 2021, la Resoluci\u00f3n por la que se da a conocer distintos acuerdos del proceso selectivo de Cuerpo de Gesti\u00f3n A2 (acceso libre oep 2019 ) de la Xunta de Galicia.<\/p>\n<p><a href=\"https:\/\/www.xunta.gal\/dog\/Publicados\/2021\/20210521\/AnuncioG0597-120521-0004_gl.pdf\" target=\"_blank\" rel=\"noopener noreferrer\">Enlace a Resoluci\u00f3n publicada en el DOG\u00a0<\/a><\/p>\n<p>Superar\u00e1n el primer ejercicio del proceso selectivo aquellos aspirantes que obtuviesen una puntuaci\u00f3n m\u00ednima de 15 puntos.<\/p>\n<div class=\"textboxes\">\n<div class=\"col_b\">\n<div class=\"textbox\">\n<div id=\"contenedor\" class=\"textarea unknown\"><span>A estos efectos, de conformidad con el reglamento de la convocatoria, mediante Resoluci\u00f3n de este tribunal, de 10 de marzo de 2021, que da publicidad a los par\u00e1metros para la calificaci\u00f3n del primer ejercicio, se estableci\u00f3 que pasar\u00e1n el primer ejercicio el candidatos presentados que obtengan las mejores puntuaciones hasta completar el n\u00famero m\u00e1ximo de ciento noventa y dos (192), siempre que respondan al menos seis (6) preguntas de la parte general del bloque I y veinticuatro (24) de la parte general-bloque II, una vez efectuados los descuentos correspondientes.<\/p>\n<p>Las preguntas sin respuesta no penalizan ni reciben puntuaci\u00f3n. Todos los solicitantes con la misma puntuaci\u00f3n que la persona aprobada que marca el corte ser\u00e1n considerados igualmente aprobados, incluso si se supera el n\u00famero de solicitantes indicado anteriormente (192).<\/p>\n<p><\/span><\/div>\n<div class=\"textarea unknown\"><span> La evaluaci\u00f3n de 15 puntos se asignar\u00e1 a las personas aspirantes que obtengan una nota equivalente a la nota de corte fija. El resto de personas declaradas aptas tendr\u00e1n una calificaci\u00f3n distribuida entre 15 y 30 puntos, proporcional al n\u00famero de aciertos. Asimismo, se asignar\u00e1 la puntuaci\u00f3n proporcional correspondiente a los candidatos declarados no aptos.<\/span><\/div>\n<div class=\"options\">\n<div class=\"chk\"><\/div>\n<p>Las puntuaciones se publicar\u00e1n en la <a href=\"http:\/\/www.funcionpublica.gal\" target=\"_blank\" rel=\"noopener noreferrer\">web de funci\u00f3n p\u00fablica\u00a0<\/a><\/p>\n<\/div>\n<\/div>\n<\/div>\n<\/div>\n<p>Presentaci\u00f3n de acreditaci\u00f3n del Celga 4 o equivalente debidamente homologado:<br \/>\nLos aspirantes tendr\u00e1n un plazo de 10 d\u00edas h\u00e1biles contados a partir de esta publicaci\u00f3n en el DOG para presentarlo.<\/p>\n<p>&nbsp;<\/p>\n<p>&nbsp;<\/p>\n","protected":false},"excerpt":{"rendered":"<p>Se publica en el DOG de hoy, d\u00eda 21 de mayo de 2021, la Resoluci\u00f3n por la que se da a conocer distintos acuerdos del proceso selectivo de Cuerpo de Gesti\u00f3n A2 (acceso libre oep 2019 ) de la Xunta de Galicia. Enlace a Resoluci\u00f3n publicada en el DOG\u00a0 Superar\u00e1n el primer ejercicio del proceso &hellip; <a href=\"https:\/\/www.emplea-te.com\/noticias-oposiciones\/xunta-de-galicia-cuerpo-de-gestion-a2-acceso-libre-se-publica-resolucion-por-la-que-se-dan-a-conocer-distintos-acuerdos\/\" class=\"more-link\">Continuar leyendo<span class=\"screen-reader-text\"> \u00abXunta de Galicia. Cuerpo de Gesti\u00f3n A2 acceso libre . Se publica Resoluci\u00f3n por la que se dan a conocer distintos acuerdos.\u00bb<\/span><\/a><\/p>\n","protected":false},"author":1,"featured_media":0,"comment_status":"closed","ping_status":"closed","sticky":false,"template":"","format":"standard","meta":{"footnotes":""},"categories":[4],"tags":[72],"class_list":["post-4678","post","type-post","status-publish","format-standard","hentry","category-oposiciones-xunta","tag-puntuaciones-y-notas-de-corte"],"yoast_head":"<!-- This site is optimized with the Yoast SEO plugin v27.5 - https:\/\/yoast.com\/product\/yoast-seo-wordpress\/ -->\n<title>Xunta de Galicia. Cuerpo de Gesti\u00f3n A2 acceso libre oep 2019. Se publican notas de corte y plazo para presentar el Celga 4<\/title>\n<meta name=\"description\" content=\"Xunta de Galicia. Cuerpo de Gesti\u00f3n A2 acceso libre oep 2019. Se publican notas de corte y plazo para presentar el Celga 4.\" \/>\n<meta name=\"robots\" content=\"index, follow, max-snippet:-1, max-image-preview:large, max-video-preview:-1\" \/>\n<link rel=\"canonical\" href=\"https:\/\/www.emplea-te.com\/noticias-oposiciones\/xunta-de-galicia-cuerpo-de-gestion-a2-acceso-libre-se-publica-resolucion-por-la-que-se-dan-a-conocer-distintos-acuerdos\/\" \/>\n<meta property=\"og:locale\" content=\"es_ES\" \/>\n<meta property=\"og:type\" content=\"article\" \/>\n<meta property=\"og:title\" content=\"Xunta de Galicia. Cuerpo de Gesti\u00f3n A2 acceso libre oep 2019. Se publican notas de corte y plazo para presentar el Celga 4\" \/>\n<meta property=\"og:description\" content=\"Xunta de Galicia. Cuerpo de Gesti\u00f3n A2 acceso libre oep 2019. Se publican notas de corte y plazo para presentar el Celga 4.\" \/>\n<meta property=\"og:url\" content=\"https:\/\/www.emplea-te.com\/noticias-oposiciones\/xunta-de-galicia-cuerpo-de-gestion-a2-acceso-libre-se-publica-resolucion-por-la-que-se-dan-a-conocer-distintos-acuerdos\/\" \/>\n<meta property=\"og:site_name\" content=\"Noticas de oposiciones por Academia Emplea-te\" \/>\n<meta property=\"article:publisher\" content=\"https:\/\/www.facebook.com\/AcademiaEmpleate\/\" \/>\n<meta property=\"article:published_time\" content=\"2021-05-21T08:26:28+00:00\" \/>\n<meta property=\"og:image\" content=\"https:\/\/www.emplea-te.com\/noticias-oposiciones\/wp-content\/uploads\/2019\/04\/xunta_De_Galicia.png\" \/>\n<meta name=\"author\" content=\"Empleate\" \/>\n<meta name=\"twitter:card\" content=\"summary_large_image\" \/>\n<meta name=\"twitter:creator\" content=\"@Emplea_Te\" \/>\n<meta name=\"twitter:site\" content=\"@Emplea_Te\" \/>\n<meta name=\"twitter:label1\" content=\"Escrito por\" \/>\n\t<meta name=\"twitter:data1\" content=\"Empleate\" \/>\n\t<meta name=\"twitter:label2\" content=\"Tiempo de lectura\" \/>\n\t<meta name=\"twitter:data2\" content=\"2 minutos\" \/>\n<script type=\"application\/ld+json\" class=\"yoast-schema-graph\">{\"@context\":\"https:\\\/\\\/schema.org\",\"@graph\":[{\"@type\":\"Article\",\"@id\":\"https:\\\/\\\/www.emplea-te.com\\\/noticias-oposiciones\\\/xunta-de-galicia-cuerpo-de-gestion-a2-acceso-libre-se-publica-resolucion-por-la-que-se-dan-a-conocer-distintos-acuerdos\\\/#article\",\"isPartOf\":{\"@id\":\"https:\\\/\\\/www.emplea-te.com\\\/noticias-oposiciones\\\/xunta-de-galicia-cuerpo-de-gestion-a2-acceso-libre-se-publica-resolucion-por-la-que-se-dan-a-conocer-distintos-acuerdos\\\/\"},\"author\":{\"name\":\"Empleate\",\"@id\":\"https:\\\/\\\/www.emplea-te.com\\\/noticias-oposiciones\\\/#\\\/schema\\\/person\\\/d1bc587e1af2b95e9c32aba1795509a6\"},\"headline\":\"Xunta de Galicia. Cuerpo de Gesti\u00f3n A2 acceso libre . Se publica Resoluci\u00f3n por la que se dan a conocer distintos acuerdos.\",\"datePublished\":\"2021-05-21T08:26:28+00:00\",\"mainEntityOfPage\":{\"@id\":\"https:\\\/\\\/www.emplea-te.com\\\/noticias-oposiciones\\\/xunta-de-galicia-cuerpo-de-gestion-a2-acceso-libre-se-publica-resolucion-por-la-que-se-dan-a-conocer-distintos-acuerdos\\\/\"},\"wordCount\":329,\"publisher\":{\"@id\":\"https:\\\/\\\/www.emplea-te.com\\\/noticias-oposiciones\\\/#organization\"},\"image\":{\"@id\":\"https:\\\/\\\/www.emplea-te.com\\\/noticias-oposiciones\\\/xunta-de-galicia-cuerpo-de-gestion-a2-acceso-libre-se-publica-resolucion-por-la-que-se-dan-a-conocer-distintos-acuerdos\\\/#primaryimage\"},\"thumbnailUrl\":\"https:\\\/\\\/www.emplea-te.com\\\/noticias-oposiciones\\\/wp-content\\\/uploads\\\/2019\\\/04\\\/xunta_De_Galicia.png\",\"keywords\":[\"Puntuaciones y notas de corte\"],\"articleSection\":[\"Oposiciones Xunta\"],\"inLanguage\":\"es\"},{\"@type\":\"WebPage\",\"@id\":\"https:\\\/\\\/www.emplea-te.com\\\/noticias-oposiciones\\\/xunta-de-galicia-cuerpo-de-gestion-a2-acceso-libre-se-publica-resolucion-por-la-que-se-dan-a-conocer-distintos-acuerdos\\\/\",\"url\":\"https:\\\/\\\/www.emplea-te.com\\\/noticias-oposiciones\\\/xunta-de-galicia-cuerpo-de-gestion-a2-acceso-libre-se-publica-resolucion-por-la-que-se-dan-a-conocer-distintos-acuerdos\\\/\",\"name\":\"Xunta de Galicia. Cuerpo de Gesti\u00f3n A2 acceso libre oep 2019. Se publican notas de corte y plazo para presentar el Celga 4\",\"isPartOf\":{\"@id\":\"https:\\\/\\\/www.emplea-te.com\\\/noticias-oposiciones\\\/#website\"},\"primaryImageOfPage\":{\"@id\":\"https:\\\/\\\/www.emplea-te.com\\\/noticias-oposiciones\\\/xunta-de-galicia-cuerpo-de-gestion-a2-acceso-libre-se-publica-resolucion-por-la-que-se-dan-a-conocer-distintos-acuerdos\\\/#primaryimage\"},\"image\":{\"@id\":\"https:\\\/\\\/www.emplea-te.com\\\/noticias-oposiciones\\\/xunta-de-galicia-cuerpo-de-gestion-a2-acceso-libre-se-publica-resolucion-por-la-que-se-dan-a-conocer-distintos-acuerdos\\\/#primaryimage\"},\"thumbnailUrl\":\"https:\\\/\\\/www.emplea-te.com\\\/noticias-oposiciones\\\/wp-content\\\/uploads\\\/2019\\\/04\\\/xunta_De_Galicia.png\",\"datePublished\":\"2021-05-21T08:26:28+00:00\",\"description\":\"Xunta de Galicia. Cuerpo de Gesti\u00f3n A2 acceso libre oep 2019. Se publican notas de corte y plazo para presentar el Celga 4.\",\"breadcrumb\":{\"@id\":\"https:\\\/\\\/www.emplea-te.com\\\/noticias-oposiciones\\\/xunta-de-galicia-cuerpo-de-gestion-a2-acceso-libre-se-publica-resolucion-por-la-que-se-dan-a-conocer-distintos-acuerdos\\\/#breadcrumb\"},\"inLanguage\":\"es\",\"potentialAction\":[{\"@type\":\"ReadAction\",\"target\":[\"https:\\\/\\\/www.emplea-te.com\\\/noticias-oposiciones\\\/xunta-de-galicia-cuerpo-de-gestion-a2-acceso-libre-se-publica-resolucion-por-la-que-se-dan-a-conocer-distintos-acuerdos\\\/\"]}]},{\"@type\":\"ImageObject\",\"inLanguage\":\"es\",\"@id\":\"https:\\\/\\\/www.emplea-te.com\\\/noticias-oposiciones\\\/xunta-de-galicia-cuerpo-de-gestion-a2-acceso-libre-se-publica-resolucion-por-la-que-se-dan-a-conocer-distintos-acuerdos\\\/#primaryimage\",\"url\":\"https:\\\/\\\/www.emplea-te.com\\\/noticias-oposiciones\\\/wp-content\\\/uploads\\\/2019\\\/04\\\/xunta_De_Galicia.png\",\"contentUrl\":\"https:\\\/\\\/www.emplea-te.com\\\/noticias-oposiciones\\\/wp-content\\\/uploads\\\/2019\\\/04\\\/xunta_De_Galicia.png\",\"width\":315,\"height\":160,\"caption\":\"Oposiciones Xunta\"},{\"@type\":\"BreadcrumbList\",\"@id\":\"https:\\\/\\\/www.emplea-te.com\\\/noticias-oposiciones\\\/xunta-de-galicia-cuerpo-de-gestion-a2-acceso-libre-se-publica-resolucion-por-la-que-se-dan-a-conocer-distintos-acuerdos\\\/#breadcrumb\",\"itemListElement\":[{\"@type\":\"ListItem\",\"position\":1,\"name\":\"Noticias Oposiciones\",\"item\":\"https:\\\/\\\/www.emplea-te.com\\\/noticias-oposiciones\\\/\"},{\"@type\":\"ListItem\",\"position\":2,\"name\":\"Oposiciones Xunta\",\"item\":\"https:\\\/\\\/www.emplea-te.com\\\/noticias-oposiciones\\\/categoria\\\/oposiciones-xunta\\\/\"},{\"@type\":\"ListItem\",\"position\":3,\"name\":\"Xunta de Galicia. Cuerpo de Gesti\u00f3n A2 acceso libre . Se publica Resoluci\u00f3n por la que se dan a conocer distintos acuerdos.\"}]},{\"@type\":\"WebSite\",\"@id\":\"https:\\\/\\\/www.emplea-te.com\\\/noticias-oposiciones\\\/#website\",\"url\":\"https:\\\/\\\/www.emplea-te.com\\\/noticias-oposiciones\\\/\",\"name\":\"Noticas de oposiciones por Academia Emplea-te\",\"description\":\"Toda la actualidad de las ofertas y convocatorias.\",\"publisher\":{\"@id\":\"https:\\\/\\\/www.emplea-te.com\\\/noticias-oposiciones\\\/#organization\"},\"potentialAction\":[{\"@type\":\"SearchAction\",\"target\":{\"@type\":\"EntryPoint\",\"urlTemplate\":\"https:\\\/\\\/www.emplea-te.com\\\/noticias-oposiciones\\\/?s={search_term_string}\"},\"query-input\":{\"@type\":\"PropertyValueSpecification\",\"valueRequired\":true,\"valueName\":\"search_term_string\"}}],\"inLanguage\":\"es\"},{\"@type\":\"Organization\",\"@id\":\"https:\\\/\\\/www.emplea-te.com\\\/noticias-oposiciones\\\/#organization\",\"name\":\"Academia de oposiciones Empl\u00e9ate\",\"url\":\"https:\\\/\\\/www.emplea-te.com\\\/noticias-oposiciones\\\/\",\"logo\":{\"@type\":\"ImageObject\",\"inLanguage\":\"es\",\"@id\":\"https:\\\/\\\/www.emplea-te.com\\\/noticias-oposiciones\\\/#\\\/schema\\\/logo\\\/image\\\/\",\"url\":\"https:\\\/\\\/www.emplea-te.com\\\/noticias-oposiciones\\\/wp-content\\\/uploads\\\/2019\\\/04\\\/empleate.jpg\",\"contentUrl\":\"https:\\\/\\\/www.emplea-te.com\\\/noticias-oposiciones\\\/wp-content\\\/uploads\\\/2019\\\/04\\\/empleate.jpg\",\"width\":250,\"height\":150,\"caption\":\"Academia de oposiciones Empl\u00e9ate\"},\"image\":{\"@id\":\"https:\\\/\\\/www.emplea-te.com\\\/noticias-oposiciones\\\/#\\\/schema\\\/logo\\\/image\\\/\"},\"sameAs\":[\"https:\\\/\\\/www.facebook.com\\\/AcademiaEmpleate\\\/\",\"https:\\\/\\\/x.com\\\/Emplea_Te\",\"https:\\\/\\\/www.instagram.com\\\/academia_empleate\\\/\"]},{\"@type\":\"Person\",\"@id\":\"https:\\\/\\\/www.emplea-te.com\\\/noticias-oposiciones\\\/#\\\/schema\\\/person\\\/d1bc587e1af2b95e9c32aba1795509a6\",\"name\":\"Empleate\"}]}<\/script>\n<!-- \/ Yoast SEO plugin. -->","yoast_head_json":{"title":"Xunta de Galicia. Cuerpo de Gesti\u00f3n A2 acceso libre oep 2019. Se publican notas de corte y plazo para presentar el Celga 4","description":"Xunta de Galicia. Cuerpo de Gesti\u00f3n A2 acceso libre oep 2019. Se publican notas de corte y plazo para presentar el Celga 4.","robots":{"index":"index","follow":"follow","max-snippet":"max-snippet:-1","max-image-preview":"max-image-preview:large","max-video-preview":"max-video-preview:-1"},"canonical":"https:\/\/www.emplea-te.com\/noticias-oposiciones\/xunta-de-galicia-cuerpo-de-gestion-a2-acceso-libre-se-publica-resolucion-por-la-que-se-dan-a-conocer-distintos-acuerdos\/","og_locale":"es_ES","og_type":"article","og_title":"Xunta de Galicia. Cuerpo de Gesti\u00f3n A2 acceso libre oep 2019. Se publican notas de corte y plazo para presentar el Celga 4","og_description":"Xunta de Galicia. Cuerpo de Gesti\u00f3n A2 acceso libre oep 2019. Se publican notas de corte y plazo para presentar el Celga 4.","og_url":"https:\/\/www.emplea-te.com\/noticias-oposiciones\/xunta-de-galicia-cuerpo-de-gestion-a2-acceso-libre-se-publica-resolucion-por-la-que-se-dan-a-conocer-distintos-acuerdos\/","og_site_name":"Noticas de oposiciones por Academia Emplea-te","article_publisher":"https:\/\/www.facebook.com\/AcademiaEmpleate\/","article_published_time":"2021-05-21T08:26:28+00:00","og_image":[{"url":"https:\/\/www.emplea-te.com\/noticias-oposiciones\/wp-content\/uploads\/2019\/04\/xunta_De_Galicia.png","type":"","width":"","height":""}],"author":"Empleate","twitter_card":"summary_large_image","twitter_creator":"@Emplea_Te","twitter_site":"@Emplea_Te","twitter_misc":{"Escrito por":"Empleate","Tiempo de lectura":"2 minutos"},"schema":{"@context":"https:\/\/schema.org","@graph":[{"@type":"Article","@id":"https:\/\/www.emplea-te.com\/noticias-oposiciones\/xunta-de-galicia-cuerpo-de-gestion-a2-acceso-libre-se-publica-resolucion-por-la-que-se-dan-a-conocer-distintos-acuerdos\/#article","isPartOf":{"@id":"https:\/\/www.emplea-te.com\/noticias-oposiciones\/xunta-de-galicia-cuerpo-de-gestion-a2-acceso-libre-se-publica-resolucion-por-la-que-se-dan-a-conocer-distintos-acuerdos\/"},"author":{"name":"Empleate","@id":"https:\/\/www.emplea-te.com\/noticias-oposiciones\/#\/schema\/person\/d1bc587e1af2b95e9c32aba1795509a6"},"headline":"Xunta de Galicia. Cuerpo de Gesti\u00f3n A2 acceso libre . Se publica Resoluci\u00f3n por la que se dan a conocer distintos acuerdos.","datePublished":"2021-05-21T08:26:28+00:00","mainEntityOfPage":{"@id":"https:\/\/www.emplea-te.com\/noticias-oposiciones\/xunta-de-galicia-cuerpo-de-gestion-a2-acceso-libre-se-publica-resolucion-por-la-que-se-dan-a-conocer-distintos-acuerdos\/"},"wordCount":329,"publisher":{"@id":"https:\/\/www.emplea-te.com\/noticias-oposiciones\/#organization"},"image":{"@id":"https:\/\/www.emplea-te.com\/noticias-oposiciones\/xunta-de-galicia-cuerpo-de-gestion-a2-acceso-libre-se-publica-resolucion-por-la-que-se-dan-a-conocer-distintos-acuerdos\/#primaryimage"},"thumbnailUrl":"https:\/\/www.emplea-te.com\/noticias-oposiciones\/wp-content\/uploads\/2019\/04\/xunta_De_Galicia.png","keywords":["Puntuaciones y notas de corte"],"articleSection":["Oposiciones Xunta"],"inLanguage":"es"},{"@type":"WebPage","@id":"https:\/\/www.emplea-te.com\/noticias-oposiciones\/xunta-de-galicia-cuerpo-de-gestion-a2-acceso-libre-se-publica-resolucion-por-la-que-se-dan-a-conocer-distintos-acuerdos\/","url":"https:\/\/www.emplea-te.com\/noticias-oposiciones\/xunta-de-galicia-cuerpo-de-gestion-a2-acceso-libre-se-publica-resolucion-por-la-que-se-dan-a-conocer-distintos-acuerdos\/","name":"Xunta de Galicia. Cuerpo de Gesti\u00f3n A2 acceso libre oep 2019. Se publican notas de corte y plazo para presentar el Celga 4","isPartOf":{"@id":"https:\/\/www.emplea-te.com\/noticias-oposiciones\/#website"},"primaryImageOfPage":{"@id":"https:\/\/www.emplea-te.com\/noticias-oposiciones\/xunta-de-galicia-cuerpo-de-gestion-a2-acceso-libre-se-publica-resolucion-por-la-que-se-dan-a-conocer-distintos-acuerdos\/#primaryimage"},"image":{"@id":"https:\/\/www.emplea-te.com\/noticias-oposiciones\/xunta-de-galicia-cuerpo-de-gestion-a2-acceso-libre-se-publica-resolucion-por-la-que-se-dan-a-conocer-distintos-acuerdos\/#primaryimage"},"thumbnailUrl":"https:\/\/www.emplea-te.com\/noticias-oposiciones\/wp-content\/uploads\/2019\/04\/xunta_De_Galicia.png","datePublished":"2021-05-21T08:26:28+00:00","description":"Xunta de Galicia. Cuerpo de Gesti\u00f3n A2 acceso libre oep 2019. Se publican notas de corte y plazo para presentar el Celga 4.","breadcrumb":{"@id":"https:\/\/www.emplea-te.com\/noticias-oposiciones\/xunta-de-galicia-cuerpo-de-gestion-a2-acceso-libre-se-publica-resolucion-por-la-que-se-dan-a-conocer-distintos-acuerdos\/#breadcrumb"},"inLanguage":"es","potentialAction":[{"@type":"ReadAction","target":["https:\/\/www.emplea-te.com\/noticias-oposiciones\/xunta-de-galicia-cuerpo-de-gestion-a2-acceso-libre-se-publica-resolucion-por-la-que-se-dan-a-conocer-distintos-acuerdos\/"]}]},{"@type":"ImageObject","inLanguage":"es","@id":"https:\/\/www.emplea-te.com\/noticias-oposiciones\/xunta-de-galicia-cuerpo-de-gestion-a2-acceso-libre-se-publica-resolucion-por-la-que-se-dan-a-conocer-distintos-acuerdos\/#primaryimage","url":"https:\/\/www.emplea-te.com\/noticias-oposiciones\/wp-content\/uploads\/2019\/04\/xunta_De_Galicia.png","contentUrl":"https:\/\/www.emplea-te.com\/noticias-oposiciones\/wp-content\/uploads\/2019\/04\/xunta_De_Galicia.png","width":315,"height":160,"caption":"Oposiciones Xunta"},{"@type":"BreadcrumbList","@id":"https:\/\/www.emplea-te.com\/noticias-oposiciones\/xunta-de-galicia-cuerpo-de-gestion-a2-acceso-libre-se-publica-resolucion-por-la-que-se-dan-a-conocer-distintos-acuerdos\/#breadcrumb","itemListElement":[{"@type":"ListItem","position":1,"name":"Noticias Oposiciones","item":"https:\/\/www.emplea-te.com\/noticias-oposiciones\/"},{"@type":"ListItem","position":2,"name":"Oposiciones Xunta","item":"https:\/\/www.emplea-te.com\/noticias-oposiciones\/categoria\/oposiciones-xunta\/"},{"@type":"ListItem","position":3,"name":"Xunta de Galicia. Cuerpo de Gesti\u00f3n A2 acceso libre . Se publica Resoluci\u00f3n por la que se dan a conocer distintos acuerdos."}]},{"@type":"WebSite","@id":"https:\/\/www.emplea-te.com\/noticias-oposiciones\/#website","url":"https:\/\/www.emplea-te.com\/noticias-oposiciones\/","name":"Noticas de oposiciones por Academia Emplea-te","description":"Toda la actualidad de las ofertas y convocatorias.","publisher":{"@id":"https:\/\/www.emplea-te.com\/noticias-oposiciones\/#organization"},"potentialAction":[{"@type":"SearchAction","target":{"@type":"EntryPoint","urlTemplate":"https:\/\/www.emplea-te.com\/noticias-oposiciones\/?s={search_term_string}"},"query-input":{"@type":"PropertyValueSpecification","valueRequired":true,"valueName":"search_term_string"}}],"inLanguage":"es"},{"@type":"Organization","@id":"https:\/\/www.emplea-te.com\/noticias-oposiciones\/#organization","name":"Academia de oposiciones Empl\u00e9ate","url":"https:\/\/www.emplea-te.com\/noticias-oposiciones\/","logo":{"@type":"ImageObject","inLanguage":"es","@id":"https:\/\/www.emplea-te.com\/noticias-oposiciones\/#\/schema\/logo\/image\/","url":"https:\/\/www.emplea-te.com\/noticias-oposiciones\/wp-content\/uploads\/2019\/04\/empleate.jpg","contentUrl":"https:\/\/www.emplea-te.com\/noticias-oposiciones\/wp-content\/uploads\/2019\/04\/empleate.jpg","width":250,"height":150,"caption":"Academia de oposiciones Empl\u00e9ate"},"image":{"@id":"https:\/\/www.emplea-te.com\/noticias-oposiciones\/#\/schema\/logo\/image\/"},"sameAs":["https:\/\/www.facebook.com\/AcademiaEmpleate\/","https:\/\/x.com\/Emplea_Te","https:\/\/www.instagram.com\/academia_empleate\/"]},{"@type":"Person","@id":"https:\/\/www.emplea-te.com\/noticias-oposiciones\/#\/schema\/person\/d1bc587e1af2b95e9c32aba1795509a6","name":"Empleate"}]}},"_links":{"self":[{"href":"https:\/\/www.emplea-te.com\/noticias-oposiciones\/wp-json\/wp\/v2\/posts\/4678","targetHints":{"allow":["GET"]}}],"collection":[{"href":"https:\/\/www.emplea-te.com\/noticias-oposiciones\/wp-json\/wp\/v2\/posts"}],"about":[{"href":"https:\/\/www.emplea-te.com\/noticias-oposiciones\/wp-json\/wp\/v2\/types\/post"}],"author":[{"embeddable":true,"href":"https:\/\/www.emplea-te.com\/noticias-oposiciones\/wp-json\/wp\/v2\/users\/1"}],"replies":[{"embeddable":true,"href":"https:\/\/www.emplea-te.com\/noticias-oposiciones\/wp-json\/wp\/v2\/comments?post=4678"}],"version-history":[{"count":1,"href":"https:\/\/www.emplea-te.com\/noticias-oposiciones\/wp-json\/wp\/v2\/posts\/4678\/revisions"}],"predecessor-version":[{"id":4679,"href":"https:\/\/www.emplea-te.com\/noticias-oposiciones\/wp-json\/wp\/v2\/posts\/4678\/revisions\/4679"}],"wp:attachment":[{"href":"https:\/\/www.emplea-te.com\/noticias-oposiciones\/wp-json\/wp\/v2\/media?parent=4678"}],"wp:term":[{"taxonomy":"category","embeddable":true,"href":"https:\/\/www.emplea-te.com\/noticias-oposiciones\/wp-json\/wp\/v2\/categories?post=4678"},{"taxonomy":"post_tag","embeddable":true,"href":"https:\/\/www.emplea-te.com\/noticias-oposiciones\/wp-json\/wp\/v2\/tags?post=4678"}],"curies":[{"name":"wp","href":"https:\/\/api.w.org\/{rel}","templated":true}]}}