{"id":4680,"date":"2021-05-21T10:35:39","date_gmt":"2021-05-21T08:35:39","guid":{"rendered":"https:\/\/www.emplea-te.com\/noticias-oposiciones\/?p=4680"},"modified":"2021-05-21T10:35:39","modified_gmt":"2021-05-21T08:35:39","slug":"xunta-de-galicia-personal-laboral-fijo-de-distintas-categorias-pertenecientes-a-los-grupos-iiiiiiv-y-v-se-da-publicidad-a-diversos-acuerdos","status":"publish","type":"post","link":"https:\/\/www.emplea-te.com\/noticias-oposiciones\/xunta-de-galicia-personal-laboral-fijo-de-distintas-categorias-pertenecientes-a-los-grupos-iiiiiiv-y-v-se-da-publicidad-a-diversos-acuerdos\/","title":{"rendered":"Xunta de Galicia. Personal laboral fijo de distintas categor\u00edas pertenecientes a los grupos II,III,IV y V. Se da publicidad a diversos acuerdos."},"content":{"rendered":"<p><img decoding=\"async\" class=\"alignnone size-full wp-image-1502\" src=\"https:\/\/www.emplea-te.com\/noticias-oposiciones\/wp-content\/uploads\/2019\/04\/xunta_De_Galicia.png\" alt=\"Oposiciones Xunta\" width=\"315\" height=\"160\" srcset=\"https:\/\/www.emplea-te.com\/noticias-oposiciones\/wp-content\/uploads\/2019\/04\/xunta_De_Galicia.png 315w, https:\/\/www.emplea-te.com\/noticias-oposiciones\/wp-content\/uploads\/2019\/04\/xunta_De_Galicia-300x152.png 300w, https:\/\/www.emplea-te.com\/noticias-oposiciones\/wp-content\/uploads\/2019\/04\/xunta_De_Galicia-20x10.png 20w\" sizes=\"(max-width: 315px) 85vw, 315px\" \/><\/p>\n<p>Se publica en el DOG de hoy, d\u00eda 21 de mayo de 2021 :<\/p>\n<p>El ACUERDO de 10 de mayo de 2021 de la Comisi\u00f3n encargada de calificar los procesos para la adquisici\u00f3n de la condici\u00f3n de funcionario de carrera del \u00f3rgano de direcci\u00f3n de Administraci\u00f3n General, \u00f3rgano facultativo de grado medio de Administraci\u00f3n especial, \u00f3rgano administrativo de Administraci\u00f3n General, \u00f3rgano de t\u00e9cnicos de car\u00e1cter facultativo de Administraci\u00f3n especial, cuerpo auxiliar de administraci\u00f3n general, cuerpo de auxiliares de car\u00e1cter t\u00e9cnico de Administraci\u00f3n especial, subgrupos A2, C1, C2, grupo B y de la escala de personal subalterno de la agrupaci\u00f3n profesional de personal funcionario de la Comunidad Aut\u00f3noma de Galicia, del personal laboral fijo de diversas categor\u00edas y cargos pertenecientes a los grupos II, III, IV y V, del V Convenio Colectivo del personal laboral de la Xunta de Galicia, mediante su cambio de v\u00ednculo legal,mediante el cual se da publicidad a diversos convenios.<\/p>\n<p><a href=\"https:\/\/www.xunta.gal\/dog\/Publicados\/2021\/20210521\/AnuncioG0597-110521-0002_gl.html\" target=\"_blank\" rel=\"noopener noreferrer\">Enlace al Acuerdo publicado en el DOG de hoy<\/a><\/p>\n<p>&nbsp;<\/p>\n<p class=\"dog-anexo-encabezado\"><span>ACORDADO:<\/span><\/p>\n<p class=\"dog-base-sangria\"><span>Primero.<br \/>\nSubir a definitivas las calificaciones obtenidas por las personas aspirantes en la prueba tipo test hecha p\u00fablica por Resoluci\u00f3n de 24 de marzo de 2021 (DOG n\u00famero 66, de 9 de abril).<\/span><\/p>\n<p class=\"dog-base-sangria\"><span>Segundo.<br \/>\nHacer p\u00fablico, de acuerdo con lo dispuesto en la base II.2.4, el baremo provisional del concurso de m\u00e9ritos en el portal web de la Xunta de Galicia funcionpublica.xunta.gal, al que se puede acceder a trav\u00e9s de la siguiente direcci\u00f3n: \u00a0<a href=\"http:\/\/www.xunta.gal\">www. xunta.gal\/funcion-publica\/funcionarizacion.<\/a><\/span><\/p>\n<p class=\"dog-base-sangria\"><span>Se debe indicar que, de acuerdo con la base II.2.2, la competencia por m\u00e9rito se clasificar\u00e1 como \u201capta\u201d o \u201cno apta\u201d y para aprobarla ser\u00e1 necesario alcanzar una puntuaci\u00f3n m\u00ednima de 6 puntos entre todas las secciones de la escala de puntuaci\u00f3n.<\/span><\/p>\n<p class=\"dog-base-sangria\"><span>Las reclamaciones contra el baremo provisional podr\u00e1n presentarse a la Comisi\u00f3n para su funcionamiento dentro de los diez d\u00edas h\u00e1biles siguientes al d\u00eda siguiente de su publicaci\u00f3n en el DOG.<\/span><\/p>\n","protected":false},"excerpt":{"rendered":"<p>Se publica en el DOG de hoy, d\u00eda 21 de mayo de 2021 : El ACUERDO de 10 de mayo de 2021 de la Comisi\u00f3n encargada de calificar los procesos para la adquisici\u00f3n de la condici\u00f3n de funcionario de carrera del \u00f3rgano de direcci\u00f3n de Administraci\u00f3n General, \u00f3rgano facultativo de grado medio de Administraci\u00f3n especial, &hellip; <a href=\"https:\/\/www.emplea-te.com\/noticias-oposiciones\/xunta-de-galicia-personal-laboral-fijo-de-distintas-categorias-pertenecientes-a-los-grupos-iiiiiiv-y-v-se-da-publicidad-a-diversos-acuerdos\/\" class=\"more-link\">Continuar leyendo<span class=\"screen-reader-text\"> \u00abXunta de Galicia. Personal laboral fijo de distintas categor\u00edas pertenecientes a los grupos II,III,IV y V. Se da publicidad a diversos acuerdos.\u00bb<\/span><\/a><\/p>\n","protected":false},"author":1,"featured_media":0,"comment_status":"closed","ping_status":"closed","sticky":false,"template":"","format":"standard","meta":{"footnotes":""},"categories":[4],"tags":[93],"class_list":["post-4680","post","type-post","status-publish","format-standard","hentry","category-oposiciones-xunta","tag-personal-laboral-xunta"],"yoast_head":"<!-- This site is optimized with the Yoast SEO plugin v27.5 - https:\/\/yoast.com\/product\/yoast-seo-wordpress\/ -->\n<title>Publicados diversos acuerdos de personal laboral fijo de la xunta de Galicia de distintas categorias<\/title>\n<meta name=\"description\" content=\"Publicados diversos acuerdos de personal laboral fijo de la xunta de Galicia de distintas categorias\" \/>\n<meta name=\"robots\" content=\"index, follow, max-snippet:-1, max-image-preview:large, max-video-preview:-1\" \/>\n<link rel=\"canonical\" href=\"https:\/\/www.emplea-te.com\/noticias-oposiciones\/xunta-de-galicia-personal-laboral-fijo-de-distintas-categorias-pertenecientes-a-los-grupos-iiiiiiv-y-v-se-da-publicidad-a-diversos-acuerdos\/\" \/>\n<meta property=\"og:locale\" content=\"es_ES\" \/>\n<meta property=\"og:type\" content=\"article\" \/>\n<meta property=\"og:title\" content=\"Publicados diversos acuerdos de personal laboral fijo de la xunta de Galicia de distintas categorias\" \/>\n<meta property=\"og:description\" content=\"Publicados diversos acuerdos de personal laboral fijo de la xunta de Galicia de distintas categorias\" \/>\n<meta property=\"og:url\" content=\"https:\/\/www.emplea-te.com\/noticias-oposiciones\/xunta-de-galicia-personal-laboral-fijo-de-distintas-categorias-pertenecientes-a-los-grupos-iiiiiiv-y-v-se-da-publicidad-a-diversos-acuerdos\/\" \/>\n<meta property=\"og:site_name\" content=\"Noticas de oposiciones por Academia Emplea-te\" \/>\n<meta property=\"article:publisher\" content=\"https:\/\/www.facebook.com\/AcademiaEmpleate\/\" \/>\n<meta property=\"article:published_time\" content=\"2021-05-21T08:35:39+00:00\" \/>\n<meta property=\"og:image\" content=\"https:\/\/www.emplea-te.com\/noticias-oposiciones\/wp-content\/uploads\/2019\/04\/xunta_De_Galicia.png\" \/>\n<meta name=\"author\" content=\"Empleate\" \/>\n<meta name=\"twitter:card\" content=\"summary_large_image\" \/>\n<meta name=\"twitter:creator\" content=\"@Emplea_Te\" \/>\n<meta name=\"twitter:site\" content=\"@Emplea_Te\" \/>\n<meta name=\"twitter:label1\" content=\"Escrito por\" \/>\n\t<meta name=\"twitter:data1\" content=\"Empleate\" \/>\n\t<meta name=\"twitter:label2\" content=\"Tiempo de lectura\" \/>\n\t<meta name=\"twitter:data2\" content=\"2 minutos\" \/>\n<script type=\"application\/ld+json\" class=\"yoast-schema-graph\">{\"@context\":\"https:\\\/\\\/schema.org\",\"@graph\":[{\"@type\":\"Article\",\"@id\":\"https:\\\/\\\/www.emplea-te.com\\\/noticias-oposiciones\\\/xunta-de-galicia-personal-laboral-fijo-de-distintas-categorias-pertenecientes-a-los-grupos-iiiiiiv-y-v-se-da-publicidad-a-diversos-acuerdos\\\/#article\",\"isPartOf\":{\"@id\":\"https:\\\/\\\/www.emplea-te.com\\\/noticias-oposiciones\\\/xunta-de-galicia-personal-laboral-fijo-de-distintas-categorias-pertenecientes-a-los-grupos-iiiiiiv-y-v-se-da-publicidad-a-diversos-acuerdos\\\/\"},\"author\":{\"name\":\"Empleate\",\"@id\":\"https:\\\/\\\/www.emplea-te.com\\\/noticias-oposiciones\\\/#\\\/schema\\\/person\\\/d1bc587e1af2b95e9c32aba1795509a6\"},\"headline\":\"Xunta de Galicia. Personal laboral fijo de distintas categor\u00edas pertenecientes a los grupos II,III,IV y V. Se da publicidad a diversos acuerdos.\",\"datePublished\":\"2021-05-21T08:35:39+00:00\",\"mainEntityOfPage\":{\"@id\":\"https:\\\/\\\/www.emplea-te.com\\\/noticias-oposiciones\\\/xunta-de-galicia-personal-laboral-fijo-de-distintas-categorias-pertenecientes-a-los-grupos-iiiiiiv-y-v-se-da-publicidad-a-diversos-acuerdos\\\/\"},\"wordCount\":368,\"publisher\":{\"@id\":\"https:\\\/\\\/www.emplea-te.com\\\/noticias-oposiciones\\\/#organization\"},\"image\":{\"@id\":\"https:\\\/\\\/www.emplea-te.com\\\/noticias-oposiciones\\\/xunta-de-galicia-personal-laboral-fijo-de-distintas-categorias-pertenecientes-a-los-grupos-iiiiiiv-y-v-se-da-publicidad-a-diversos-acuerdos\\\/#primaryimage\"},\"thumbnailUrl\":\"https:\\\/\\\/www.emplea-te.com\\\/noticias-oposiciones\\\/wp-content\\\/uploads\\\/2019\\\/04\\\/xunta_De_Galicia.png\",\"keywords\":[\"PERSONAL LABORAL XUNTA\"],\"articleSection\":[\"Oposiciones Xunta\"],\"inLanguage\":\"es\"},{\"@type\":\"WebPage\",\"@id\":\"https:\\\/\\\/www.emplea-te.com\\\/noticias-oposiciones\\\/xunta-de-galicia-personal-laboral-fijo-de-distintas-categorias-pertenecientes-a-los-grupos-iiiiiiv-y-v-se-da-publicidad-a-diversos-acuerdos\\\/\",\"url\":\"https:\\\/\\\/www.emplea-te.com\\\/noticias-oposiciones\\\/xunta-de-galicia-personal-laboral-fijo-de-distintas-categorias-pertenecientes-a-los-grupos-iiiiiiv-y-v-se-da-publicidad-a-diversos-acuerdos\\\/\",\"name\":\"Publicados diversos acuerdos de personal laboral fijo de la xunta de Galicia de distintas categorias\",\"isPartOf\":{\"@id\":\"https:\\\/\\\/www.emplea-te.com\\\/noticias-oposiciones\\\/#website\"},\"primaryImageOfPage\":{\"@id\":\"https:\\\/\\\/www.emplea-te.com\\\/noticias-oposiciones\\\/xunta-de-galicia-personal-laboral-fijo-de-distintas-categorias-pertenecientes-a-los-grupos-iiiiiiv-y-v-se-da-publicidad-a-diversos-acuerdos\\\/#primaryimage\"},\"image\":{\"@id\":\"https:\\\/\\\/www.emplea-te.com\\\/noticias-oposiciones\\\/xunta-de-galicia-personal-laboral-fijo-de-distintas-categorias-pertenecientes-a-los-grupos-iiiiiiv-y-v-se-da-publicidad-a-diversos-acuerdos\\\/#primaryimage\"},\"thumbnailUrl\":\"https:\\\/\\\/www.emplea-te.com\\\/noticias-oposiciones\\\/wp-content\\\/uploads\\\/2019\\\/04\\\/xunta_De_Galicia.png\",\"datePublished\":\"2021-05-21T08:35:39+00:00\",\"description\":\"Publicados diversos acuerdos de personal laboral fijo de la xunta de Galicia de distintas categorias\",\"breadcrumb\":{\"@id\":\"https:\\\/\\\/www.emplea-te.com\\\/noticias-oposiciones\\\/xunta-de-galicia-personal-laboral-fijo-de-distintas-categorias-pertenecientes-a-los-grupos-iiiiiiv-y-v-se-da-publicidad-a-diversos-acuerdos\\\/#breadcrumb\"},\"inLanguage\":\"es\",\"potentialAction\":[{\"@type\":\"ReadAction\",\"target\":[\"https:\\\/\\\/www.emplea-te.com\\\/noticias-oposiciones\\\/xunta-de-galicia-personal-laboral-fijo-de-distintas-categorias-pertenecientes-a-los-grupos-iiiiiiv-y-v-se-da-publicidad-a-diversos-acuerdos\\\/\"]}]},{\"@type\":\"ImageObject\",\"inLanguage\":\"es\",\"@id\":\"https:\\\/\\\/www.emplea-te.com\\\/noticias-oposiciones\\\/xunta-de-galicia-personal-laboral-fijo-de-distintas-categorias-pertenecientes-a-los-grupos-iiiiiiv-y-v-se-da-publicidad-a-diversos-acuerdos\\\/#primaryimage\",\"url\":\"https:\\\/\\\/www.emplea-te.com\\\/noticias-oposiciones\\\/wp-content\\\/uploads\\\/2019\\\/04\\\/xunta_De_Galicia.png\",\"contentUrl\":\"https:\\\/\\\/www.emplea-te.com\\\/noticias-oposiciones\\\/wp-content\\\/uploads\\\/2019\\\/04\\\/xunta_De_Galicia.png\",\"width\":315,\"height\":160,\"caption\":\"Oposiciones Xunta\"},{\"@type\":\"BreadcrumbList\",\"@id\":\"https:\\\/\\\/www.emplea-te.com\\\/noticias-oposiciones\\\/xunta-de-galicia-personal-laboral-fijo-de-distintas-categorias-pertenecientes-a-los-grupos-iiiiiiv-y-v-se-da-publicidad-a-diversos-acuerdos\\\/#breadcrumb\",\"itemListElement\":[{\"@type\":\"ListItem\",\"position\":1,\"name\":\"Noticias Oposiciones\",\"item\":\"https:\\\/\\\/www.emplea-te.com\\\/noticias-oposiciones\\\/\"},{\"@type\":\"ListItem\",\"position\":2,\"name\":\"Oposiciones Xunta\",\"item\":\"https:\\\/\\\/www.emplea-te.com\\\/noticias-oposiciones\\\/categoria\\\/oposiciones-xunta\\\/\"},{\"@type\":\"ListItem\",\"position\":3,\"name\":\"Xunta de Galicia. Personal laboral fijo de distintas categor\u00edas pertenecientes a los grupos II,III,IV y V. Se da publicidad a diversos acuerdos.\"}]},{\"@type\":\"WebSite\",\"@id\":\"https:\\\/\\\/www.emplea-te.com\\\/noticias-oposiciones\\\/#website\",\"url\":\"https:\\\/\\\/www.emplea-te.com\\\/noticias-oposiciones\\\/\",\"name\":\"Noticas de oposiciones por Academia Emplea-te\",\"description\":\"Toda la actualidad de las ofertas y convocatorias.\",\"publisher\":{\"@id\":\"https:\\\/\\\/www.emplea-te.com\\\/noticias-oposiciones\\\/#organization\"},\"potentialAction\":[{\"@type\":\"SearchAction\",\"target\":{\"@type\":\"EntryPoint\",\"urlTemplate\":\"https:\\\/\\\/www.emplea-te.com\\\/noticias-oposiciones\\\/?s={search_term_string}\"},\"query-input\":{\"@type\":\"PropertyValueSpecification\",\"valueRequired\":true,\"valueName\":\"search_term_string\"}}],\"inLanguage\":\"es\"},{\"@type\":\"Organization\",\"@id\":\"https:\\\/\\\/www.emplea-te.com\\\/noticias-oposiciones\\\/#organization\",\"name\":\"Academia de oposiciones Empl\u00e9ate\",\"url\":\"https:\\\/\\\/www.emplea-te.com\\\/noticias-oposiciones\\\/\",\"logo\":{\"@type\":\"ImageObject\",\"inLanguage\":\"es\",\"@id\":\"https:\\\/\\\/www.emplea-te.com\\\/noticias-oposiciones\\\/#\\\/schema\\\/logo\\\/image\\\/\",\"url\":\"https:\\\/\\\/www.emplea-te.com\\\/noticias-oposiciones\\\/wp-content\\\/uploads\\\/2019\\\/04\\\/empleate.jpg\",\"contentUrl\":\"https:\\\/\\\/www.emplea-te.com\\\/noticias-oposiciones\\\/wp-content\\\/uploads\\\/2019\\\/04\\\/empleate.jpg\",\"width\":250,\"height\":150,\"caption\":\"Academia de oposiciones Empl\u00e9ate\"},\"image\":{\"@id\":\"https:\\\/\\\/www.emplea-te.com\\\/noticias-oposiciones\\\/#\\\/schema\\\/logo\\\/image\\\/\"},\"sameAs\":[\"https:\\\/\\\/www.facebook.com\\\/AcademiaEmpleate\\\/\",\"https:\\\/\\\/x.com\\\/Emplea_Te\",\"https:\\\/\\\/www.instagram.com\\\/academia_empleate\\\/\"]},{\"@type\":\"Person\",\"@id\":\"https:\\\/\\\/www.emplea-te.com\\\/noticias-oposiciones\\\/#\\\/schema\\\/person\\\/d1bc587e1af2b95e9c32aba1795509a6\",\"name\":\"Empleate\"}]}<\/script>\n<!-- \/ Yoast SEO plugin. -->","yoast_head_json":{"title":"Publicados diversos acuerdos de personal laboral fijo de la xunta de Galicia de distintas categorias","description":"Publicados diversos acuerdos de personal laboral fijo de la xunta de Galicia de distintas categorias","robots":{"index":"index","follow":"follow","max-snippet":"max-snippet:-1","max-image-preview":"max-image-preview:large","max-video-preview":"max-video-preview:-1"},"canonical":"https:\/\/www.emplea-te.com\/noticias-oposiciones\/xunta-de-galicia-personal-laboral-fijo-de-distintas-categorias-pertenecientes-a-los-grupos-iiiiiiv-y-v-se-da-publicidad-a-diversos-acuerdos\/","og_locale":"es_ES","og_type":"article","og_title":"Publicados diversos acuerdos de personal laboral fijo de la xunta de Galicia de distintas categorias","og_description":"Publicados diversos acuerdos de personal laboral fijo de la xunta de Galicia de distintas categorias","og_url":"https:\/\/www.emplea-te.com\/noticias-oposiciones\/xunta-de-galicia-personal-laboral-fijo-de-distintas-categorias-pertenecientes-a-los-grupos-iiiiiiv-y-v-se-da-publicidad-a-diversos-acuerdos\/","og_site_name":"Noticas de oposiciones por Academia Emplea-te","article_publisher":"https:\/\/www.facebook.com\/AcademiaEmpleate\/","article_published_time":"2021-05-21T08:35:39+00:00","og_image":[{"url":"https:\/\/www.emplea-te.com\/noticias-oposiciones\/wp-content\/uploads\/2019\/04\/xunta_De_Galicia.png","type":"","width":"","height":""}],"author":"Empleate","twitter_card":"summary_large_image","twitter_creator":"@Emplea_Te","twitter_site":"@Emplea_Te","twitter_misc":{"Escrito por":"Empleate","Tiempo de lectura":"2 minutos"},"schema":{"@context":"https:\/\/schema.org","@graph":[{"@type":"Article","@id":"https:\/\/www.emplea-te.com\/noticias-oposiciones\/xunta-de-galicia-personal-laboral-fijo-de-distintas-categorias-pertenecientes-a-los-grupos-iiiiiiv-y-v-se-da-publicidad-a-diversos-acuerdos\/#article","isPartOf":{"@id":"https:\/\/www.emplea-te.com\/noticias-oposiciones\/xunta-de-galicia-personal-laboral-fijo-de-distintas-categorias-pertenecientes-a-los-grupos-iiiiiiv-y-v-se-da-publicidad-a-diversos-acuerdos\/"},"author":{"name":"Empleate","@id":"https:\/\/www.emplea-te.com\/noticias-oposiciones\/#\/schema\/person\/d1bc587e1af2b95e9c32aba1795509a6"},"headline":"Xunta de Galicia. Personal laboral fijo de distintas categor\u00edas pertenecientes a los grupos II,III,IV y V. Se da publicidad a diversos acuerdos.","datePublished":"2021-05-21T08:35:39+00:00","mainEntityOfPage":{"@id":"https:\/\/www.emplea-te.com\/noticias-oposiciones\/xunta-de-galicia-personal-laboral-fijo-de-distintas-categorias-pertenecientes-a-los-grupos-iiiiiiv-y-v-se-da-publicidad-a-diversos-acuerdos\/"},"wordCount":368,"publisher":{"@id":"https:\/\/www.emplea-te.com\/noticias-oposiciones\/#organization"},"image":{"@id":"https:\/\/www.emplea-te.com\/noticias-oposiciones\/xunta-de-galicia-personal-laboral-fijo-de-distintas-categorias-pertenecientes-a-los-grupos-iiiiiiv-y-v-se-da-publicidad-a-diversos-acuerdos\/#primaryimage"},"thumbnailUrl":"https:\/\/www.emplea-te.com\/noticias-oposiciones\/wp-content\/uploads\/2019\/04\/xunta_De_Galicia.png","keywords":["PERSONAL LABORAL XUNTA"],"articleSection":["Oposiciones Xunta"],"inLanguage":"es"},{"@type":"WebPage","@id":"https:\/\/www.emplea-te.com\/noticias-oposiciones\/xunta-de-galicia-personal-laboral-fijo-de-distintas-categorias-pertenecientes-a-los-grupos-iiiiiiv-y-v-se-da-publicidad-a-diversos-acuerdos\/","url":"https:\/\/www.emplea-te.com\/noticias-oposiciones\/xunta-de-galicia-personal-laboral-fijo-de-distintas-categorias-pertenecientes-a-los-grupos-iiiiiiv-y-v-se-da-publicidad-a-diversos-acuerdos\/","name":"Publicados diversos acuerdos de personal laboral fijo de la xunta de Galicia de distintas categorias","isPartOf":{"@id":"https:\/\/www.emplea-te.com\/noticias-oposiciones\/#website"},"primaryImageOfPage":{"@id":"https:\/\/www.emplea-te.com\/noticias-oposiciones\/xunta-de-galicia-personal-laboral-fijo-de-distintas-categorias-pertenecientes-a-los-grupos-iiiiiiv-y-v-se-da-publicidad-a-diversos-acuerdos\/#primaryimage"},"image":{"@id":"https:\/\/www.emplea-te.com\/noticias-oposiciones\/xunta-de-galicia-personal-laboral-fijo-de-distintas-categorias-pertenecientes-a-los-grupos-iiiiiiv-y-v-se-da-publicidad-a-diversos-acuerdos\/#primaryimage"},"thumbnailUrl":"https:\/\/www.emplea-te.com\/noticias-oposiciones\/wp-content\/uploads\/2019\/04\/xunta_De_Galicia.png","datePublished":"2021-05-21T08:35:39+00:00","description":"Publicados diversos acuerdos de personal laboral fijo de la xunta de Galicia de distintas categorias","breadcrumb":{"@id":"https:\/\/www.emplea-te.com\/noticias-oposiciones\/xunta-de-galicia-personal-laboral-fijo-de-distintas-categorias-pertenecientes-a-los-grupos-iiiiiiv-y-v-se-da-publicidad-a-diversos-acuerdos\/#breadcrumb"},"inLanguage":"es","potentialAction":[{"@type":"ReadAction","target":["https:\/\/www.emplea-te.com\/noticias-oposiciones\/xunta-de-galicia-personal-laboral-fijo-de-distintas-categorias-pertenecientes-a-los-grupos-iiiiiiv-y-v-se-da-publicidad-a-diversos-acuerdos\/"]}]},{"@type":"ImageObject","inLanguage":"es","@id":"https:\/\/www.emplea-te.com\/noticias-oposiciones\/xunta-de-galicia-personal-laboral-fijo-de-distintas-categorias-pertenecientes-a-los-grupos-iiiiiiv-y-v-se-da-publicidad-a-diversos-acuerdos\/#primaryimage","url":"https:\/\/www.emplea-te.com\/noticias-oposiciones\/wp-content\/uploads\/2019\/04\/xunta_De_Galicia.png","contentUrl":"https:\/\/www.emplea-te.com\/noticias-oposiciones\/wp-content\/uploads\/2019\/04\/xunta_De_Galicia.png","width":315,"height":160,"caption":"Oposiciones Xunta"},{"@type":"BreadcrumbList","@id":"https:\/\/www.emplea-te.com\/noticias-oposiciones\/xunta-de-galicia-personal-laboral-fijo-de-distintas-categorias-pertenecientes-a-los-grupos-iiiiiiv-y-v-se-da-publicidad-a-diversos-acuerdos\/#breadcrumb","itemListElement":[{"@type":"ListItem","position":1,"name":"Noticias Oposiciones","item":"https:\/\/www.emplea-te.com\/noticias-oposiciones\/"},{"@type":"ListItem","position":2,"name":"Oposiciones Xunta","item":"https:\/\/www.emplea-te.com\/noticias-oposiciones\/categoria\/oposiciones-xunta\/"},{"@type":"ListItem","position":3,"name":"Xunta de Galicia. Personal laboral fijo de distintas categor\u00edas pertenecientes a los grupos II,III,IV y V. Se da publicidad a diversos acuerdos."}]},{"@type":"WebSite","@id":"https:\/\/www.emplea-te.com\/noticias-oposiciones\/#website","url":"https:\/\/www.emplea-te.com\/noticias-oposiciones\/","name":"Noticas de oposiciones por Academia Emplea-te","description":"Toda la actualidad de las ofertas y convocatorias.","publisher":{"@id":"https:\/\/www.emplea-te.com\/noticias-oposiciones\/#organization"},"potentialAction":[{"@type":"SearchAction","target":{"@type":"EntryPoint","urlTemplate":"https:\/\/www.emplea-te.com\/noticias-oposiciones\/?s={search_term_string}"},"query-input":{"@type":"PropertyValueSpecification","valueRequired":true,"valueName":"search_term_string"}}],"inLanguage":"es"},{"@type":"Organization","@id":"https:\/\/www.emplea-te.com\/noticias-oposiciones\/#organization","name":"Academia de oposiciones Empl\u00e9ate","url":"https:\/\/www.emplea-te.com\/noticias-oposiciones\/","logo":{"@type":"ImageObject","inLanguage":"es","@id":"https:\/\/www.emplea-te.com\/noticias-oposiciones\/#\/schema\/logo\/image\/","url":"https:\/\/www.emplea-te.com\/noticias-oposiciones\/wp-content\/uploads\/2019\/04\/empleate.jpg","contentUrl":"https:\/\/www.emplea-te.com\/noticias-oposiciones\/wp-content\/uploads\/2019\/04\/empleate.jpg","width":250,"height":150,"caption":"Academia de oposiciones Empl\u00e9ate"},"image":{"@id":"https:\/\/www.emplea-te.com\/noticias-oposiciones\/#\/schema\/logo\/image\/"},"sameAs":["https:\/\/www.facebook.com\/AcademiaEmpleate\/","https:\/\/x.com\/Emplea_Te","https:\/\/www.instagram.com\/academia_empleate\/"]},{"@type":"Person","@id":"https:\/\/www.emplea-te.com\/noticias-oposiciones\/#\/schema\/person\/d1bc587e1af2b95e9c32aba1795509a6","name":"Empleate"}]}},"_links":{"self":[{"href":"https:\/\/www.emplea-te.com\/noticias-oposiciones\/wp-json\/wp\/v2\/posts\/4680","targetHints":{"allow":["GET"]}}],"collection":[{"href":"https:\/\/www.emplea-te.com\/noticias-oposiciones\/wp-json\/wp\/v2\/posts"}],"about":[{"href":"https:\/\/www.emplea-te.com\/noticias-oposiciones\/wp-json\/wp\/v2\/types\/post"}],"author":[{"embeddable":true,"href":"https:\/\/www.emplea-te.com\/noticias-oposiciones\/wp-json\/wp\/v2\/users\/1"}],"replies":[{"embeddable":true,"href":"https:\/\/www.emplea-te.com\/noticias-oposiciones\/wp-json\/wp\/v2\/comments?post=4680"}],"version-history":[{"count":1,"href":"https:\/\/www.emplea-te.com\/noticias-oposiciones\/wp-json\/wp\/v2\/posts\/4680\/revisions"}],"predecessor-version":[{"id":4681,"href":"https:\/\/www.emplea-te.com\/noticias-oposiciones\/wp-json\/wp\/v2\/posts\/4680\/revisions\/4681"}],"wp:attachment":[{"href":"https:\/\/www.emplea-te.com\/noticias-oposiciones\/wp-json\/wp\/v2\/media?parent=4680"}],"wp:term":[{"taxonomy":"category","embeddable":true,"href":"https:\/\/www.emplea-te.com\/noticias-oposiciones\/wp-json\/wp\/v2\/categories?post=4680"},{"taxonomy":"post_tag","embeddable":true,"href":"https:\/\/www.emplea-te.com\/noticias-oposiciones\/wp-json\/wp\/v2\/tags?post=4680"}],"curies":[{"name":"wp","href":"https:\/\/api.w.org\/{rel}","templated":true}]}}