{"id":4783,"date":"2021-06-10T10:17:02","date_gmt":"2021-06-10T08:17:02","guid":{"rendered":"https:\/\/www.emplea-te.com\/noticias-oposiciones\/?p=4783"},"modified":"2021-06-10T10:17:02","modified_gmt":"2021-06-10T08:17:02","slug":"ayuntamiento-de-brion-publicado-anuncio-con-las-bases-de-la-convocatoria-para-cubrir-una-plaza-de-tecnico-de-administracion-local-por-el-sistema-de-concurso-oposicion","status":"publish","type":"post","link":"https:\/\/www.emplea-te.com\/noticias-oposiciones\/ayuntamiento-de-brion-publicado-anuncio-con-las-bases-de-la-convocatoria-para-cubrir-una-plaza-de-tecnico-de-administracion-local-por-el-sistema-de-concurso-oposicion\/","title":{"rendered":"Ayuntamiento de Bri\u00f3n. Publicado Anuncio con las bases de la convocatoria para cubrir una plaza de T\u00e9cnico de Administraci\u00f3n Local por el sistema de concurso-oposici\u00f3n."},"content":{"rendered":"<p><img decoding=\"async\" class=\"alignleft wp-image-4236 size-medium\" src=\"https:\/\/www.emplea-te.com\/noticias-oposiciones\/wp-content\/uploads\/2021\/02\/rss_impulsa-tu-vida-1-300x200.jpg\" alt=\"\" width=\"300\" height=\"200\" srcset=\"https:\/\/www.emplea-te.com\/noticias-oposiciones\/wp-content\/uploads\/2021\/02\/rss_impulsa-tu-vida-1-300x200.jpg 300w, https:\/\/www.emplea-te.com\/noticias-oposiciones\/wp-content\/uploads\/2021\/02\/rss_impulsa-tu-vida-1-768x512.jpg 768w, https:\/\/www.emplea-te.com\/noticias-oposiciones\/wp-content\/uploads\/2021\/02\/rss_impulsa-tu-vida-1-20x13.jpg 20w, https:\/\/www.emplea-te.com\/noticias-oposiciones\/wp-content\/uploads\/2021\/02\/rss_impulsa-tu-vida-1.jpg 1000w\" sizes=\"(max-width: 300px) 85vw, 300px\" \/><\/p>\n<p>Ayuntamiento de Bri\u00f3n.<br \/>\nPublicado Anuncio con las bases de la convocatoria para cubrir una plaza de T\u00e9cnico de Administraci\u00f3n Local por el sistema de concurso-oposici\u00f3n.<\/p>\n<p><a href=\"https:\/\/www.xunta.gal\/dog\/Publicados\/2021\/20210610\/AnuncioL113-200521-0001_gl.html\" target=\"_blank\" rel=\"noopener noreferrer\">Se publica en el DOG de hoy, d\u00eda 10 de junio de 2021, el Anuncio con las bases de la convocatoria para cubrir una plaza de T\u00e9cnico de Administraci\u00f3n Local por el sistema de concurso- oposici\u00f3n en el Ayuntamiento de Bri\u00f3n.<\/a><\/p>\n<p>El plazo para presentar instancias ser\u00e1 de 20 d\u00edas h\u00e1biles contados a partir de que salga publicada la convocatoria\u00a0 en el BOE.<\/p>\n<p><a href=\"https:\/\/www.emplea-te.com\/cursos-para-oposiciones#informacionoposiciones\" target=\"_blank\" rel=\"noopener noreferrer\">Inf\u00f3rmate de nuestros grupos presenciales y online para preparar esta plaza.<\/a><\/p>\n","protected":false},"excerpt":{"rendered":"<p>Ayuntamiento de Bri\u00f3n. Publicado Anuncio con las bases de la convocatoria para cubrir una plaza de T\u00e9cnico de Administraci\u00f3n Local por el sistema de concurso-oposici\u00f3n. Se publica en el DOG de hoy, d\u00eda 10 de junio de 2021, el Anuncio con las bases de la convocatoria para cubrir una plaza de T\u00e9cnico de Administraci\u00f3n Local &hellip; <a href=\"https:\/\/www.emplea-te.com\/noticias-oposiciones\/ayuntamiento-de-brion-publicado-anuncio-con-las-bases-de-la-convocatoria-para-cubrir-una-plaza-de-tecnico-de-administracion-local-por-el-sistema-de-concurso-oposicion\/\" class=\"more-link\">Continuar leyendo<span class=\"screen-reader-text\"> \u00abAyuntamiento de Bri\u00f3n. Publicado Anuncio con las bases de la convocatoria para cubrir una plaza de T\u00e9cnico de Administraci\u00f3n Local por el sistema de concurso-oposici\u00f3n.\u00bb<\/span><\/a><\/p>\n","protected":false},"author":1,"featured_media":0,"comment_status":"closed","ping_status":"closed","sticky":false,"template":"","format":"standard","meta":{"footnotes":""},"categories":[37,56],"tags":[49],"class_list":["post-4783","post","type-post","status-publish","format-standard","hentry","category-convocatorias-ayuntamientos","category-oposiciones-autonomicas-galicia","tag-convocatorias-de-oposiciones"],"yoast_head":"<!-- This site is optimized with the Yoast SEO plugin v27.5 - https:\/\/yoast.com\/product\/yoast-seo-wordpress\/ -->\n<title>Ayto. de Bri\u00f3n. Publicado Anuncio con las bases de la convocatoria para cubrir una plaza de T\u00e9cnico de Administraci\u00f3n Local.<\/title>\n<meta name=\"description\" content=\"Ayto. de Bri\u00f3n. Publicado Anuncio con las bases de la convocatoria para cubrir una plaza de T\u00e9cnico de Administraci\u00f3n Local.\" \/>\n<meta name=\"robots\" content=\"index, follow, max-snippet:-1, max-image-preview:large, max-video-preview:-1\" \/>\n<link rel=\"canonical\" href=\"https:\/\/www.emplea-te.com\/noticias-oposiciones\/ayuntamiento-de-brion-publicado-anuncio-con-las-bases-de-la-convocatoria-para-cubrir-una-plaza-de-tecnico-de-administracion-local-por-el-sistema-de-concurso-oposicion\/\" \/>\n<meta property=\"og:locale\" content=\"es_ES\" \/>\n<meta property=\"og:type\" content=\"article\" \/>\n<meta property=\"og:title\" content=\"Ayto. de Bri\u00f3n. Publicado Anuncio con las bases de la convocatoria para cubrir una plaza de T\u00e9cnico de Administraci\u00f3n Local.\" \/>\n<meta property=\"og:description\" content=\"Ayto. de Bri\u00f3n. Publicado Anuncio con las bases de la convocatoria para cubrir una plaza de T\u00e9cnico de Administraci\u00f3n Local.\" \/>\n<meta property=\"og:url\" content=\"https:\/\/www.emplea-te.com\/noticias-oposiciones\/ayuntamiento-de-brion-publicado-anuncio-con-las-bases-de-la-convocatoria-para-cubrir-una-plaza-de-tecnico-de-administracion-local-por-el-sistema-de-concurso-oposicion\/\" \/>\n<meta property=\"og:site_name\" content=\"Noticas de oposiciones por Academia Emplea-te\" \/>\n<meta property=\"article:publisher\" content=\"https:\/\/www.facebook.com\/AcademiaEmpleate\/\" \/>\n<meta property=\"article:published_time\" content=\"2021-06-10T08:17:02+00:00\" \/>\n<meta property=\"og:image\" content=\"https:\/\/www.emplea-te.com\/noticias-oposiciones\/wp-content\/uploads\/2021\/02\/rss_impulsa-tu-vida-1-300x200.jpg\" \/>\n<meta name=\"author\" content=\"Empleate\" \/>\n<meta name=\"twitter:card\" content=\"summary_large_image\" \/>\n<meta name=\"twitter:creator\" content=\"@Emplea_Te\" \/>\n<meta name=\"twitter:site\" content=\"@Emplea_Te\" \/>\n<meta name=\"twitter:label1\" content=\"Escrito por\" \/>\n\t<meta name=\"twitter:data1\" content=\"Empleate\" \/>\n\t<meta name=\"twitter:label2\" content=\"Tiempo de lectura\" \/>\n\t<meta name=\"twitter:data2\" content=\"1 minuto\" \/>\n<script type=\"application\/ld+json\" class=\"yoast-schema-graph\">{\"@context\":\"https:\\\/\\\/schema.org\",\"@graph\":[{\"@type\":\"Article\",\"@id\":\"https:\\\/\\\/www.emplea-te.com\\\/noticias-oposiciones\\\/ayuntamiento-de-brion-publicado-anuncio-con-las-bases-de-la-convocatoria-para-cubrir-una-plaza-de-tecnico-de-administracion-local-por-el-sistema-de-concurso-oposicion\\\/#article\",\"isPartOf\":{\"@id\":\"https:\\\/\\\/www.emplea-te.com\\\/noticias-oposiciones\\\/ayuntamiento-de-brion-publicado-anuncio-con-las-bases-de-la-convocatoria-para-cubrir-una-plaza-de-tecnico-de-administracion-local-por-el-sistema-de-concurso-oposicion\\\/\"},\"author\":{\"name\":\"Empleate\",\"@id\":\"https:\\\/\\\/www.emplea-te.com\\\/noticias-oposiciones\\\/#\\\/schema\\\/person\\\/d1bc587e1af2b95e9c32aba1795509a6\"},\"headline\":\"Ayuntamiento de Bri\u00f3n. Publicado Anuncio con las bases de la convocatoria para cubrir una plaza de T\u00e9cnico de Administraci\u00f3n Local por el sistema de concurso-oposici\u00f3n.\",\"datePublished\":\"2021-06-10T08:17:02+00:00\",\"mainEntityOfPage\":{\"@id\":\"https:\\\/\\\/www.emplea-te.com\\\/noticias-oposiciones\\\/ayuntamiento-de-brion-publicado-anuncio-con-las-bases-de-la-convocatoria-para-cubrir-una-plaza-de-tecnico-de-administracion-local-por-el-sistema-de-concurso-oposicion\\\/\"},\"wordCount\":137,\"publisher\":{\"@id\":\"https:\\\/\\\/www.emplea-te.com\\\/noticias-oposiciones\\\/#organization\"},\"image\":{\"@id\":\"https:\\\/\\\/www.emplea-te.com\\\/noticias-oposiciones\\\/ayuntamiento-de-brion-publicado-anuncio-con-las-bases-de-la-convocatoria-para-cubrir-una-plaza-de-tecnico-de-administracion-local-por-el-sistema-de-concurso-oposicion\\\/#primaryimage\"},\"thumbnailUrl\":\"https:\\\/\\\/www.emplea-te.com\\\/noticias-oposiciones\\\/wp-content\\\/uploads\\\/2021\\\/02\\\/rss_impulsa-tu-vida-1-300x200.jpg\",\"keywords\":[\"Convocatoria\"],\"articleSection\":[\"Convocatorias Ayuntamientos\",\"Oposiciones Auton\u00f3micas Galicia\"],\"inLanguage\":\"es\"},{\"@type\":\"WebPage\",\"@id\":\"https:\\\/\\\/www.emplea-te.com\\\/noticias-oposiciones\\\/ayuntamiento-de-brion-publicado-anuncio-con-las-bases-de-la-convocatoria-para-cubrir-una-plaza-de-tecnico-de-administracion-local-por-el-sistema-de-concurso-oposicion\\\/\",\"url\":\"https:\\\/\\\/www.emplea-te.com\\\/noticias-oposiciones\\\/ayuntamiento-de-brion-publicado-anuncio-con-las-bases-de-la-convocatoria-para-cubrir-una-plaza-de-tecnico-de-administracion-local-por-el-sistema-de-concurso-oposicion\\\/\",\"name\":\"Ayto. de Bri\u00f3n. Publicado Anuncio con las bases de la convocatoria para cubrir una plaza de T\u00e9cnico de Administraci\u00f3n Local.\",\"isPartOf\":{\"@id\":\"https:\\\/\\\/www.emplea-te.com\\\/noticias-oposiciones\\\/#website\"},\"primaryImageOfPage\":{\"@id\":\"https:\\\/\\\/www.emplea-te.com\\\/noticias-oposiciones\\\/ayuntamiento-de-brion-publicado-anuncio-con-las-bases-de-la-convocatoria-para-cubrir-una-plaza-de-tecnico-de-administracion-local-por-el-sistema-de-concurso-oposicion\\\/#primaryimage\"},\"image\":{\"@id\":\"https:\\\/\\\/www.emplea-te.com\\\/noticias-oposiciones\\\/ayuntamiento-de-brion-publicado-anuncio-con-las-bases-de-la-convocatoria-para-cubrir-una-plaza-de-tecnico-de-administracion-local-por-el-sistema-de-concurso-oposicion\\\/#primaryimage\"},\"thumbnailUrl\":\"https:\\\/\\\/www.emplea-te.com\\\/noticias-oposiciones\\\/wp-content\\\/uploads\\\/2021\\\/02\\\/rss_impulsa-tu-vida-1-300x200.jpg\",\"datePublished\":\"2021-06-10T08:17:02+00:00\",\"description\":\"Ayto. de Bri\u00f3n. Publicado Anuncio con las bases de la convocatoria para cubrir una plaza de T\u00e9cnico de Administraci\u00f3n Local.\",\"breadcrumb\":{\"@id\":\"https:\\\/\\\/www.emplea-te.com\\\/noticias-oposiciones\\\/ayuntamiento-de-brion-publicado-anuncio-con-las-bases-de-la-convocatoria-para-cubrir-una-plaza-de-tecnico-de-administracion-local-por-el-sistema-de-concurso-oposicion\\\/#breadcrumb\"},\"inLanguage\":\"es\",\"potentialAction\":[{\"@type\":\"ReadAction\",\"target\":[\"https:\\\/\\\/www.emplea-te.com\\\/noticias-oposiciones\\\/ayuntamiento-de-brion-publicado-anuncio-con-las-bases-de-la-convocatoria-para-cubrir-una-plaza-de-tecnico-de-administracion-local-por-el-sistema-de-concurso-oposicion\\\/\"]}]},{\"@type\":\"ImageObject\",\"inLanguage\":\"es\",\"@id\":\"https:\\\/\\\/www.emplea-te.com\\\/noticias-oposiciones\\\/ayuntamiento-de-brion-publicado-anuncio-con-las-bases-de-la-convocatoria-para-cubrir-una-plaza-de-tecnico-de-administracion-local-por-el-sistema-de-concurso-oposicion\\\/#primaryimage\",\"url\":\"https:\\\/\\\/www.emplea-te.com\\\/noticias-oposiciones\\\/wp-content\\\/uploads\\\/2021\\\/02\\\/rss_impulsa-tu-vida-1.jpg\",\"contentUrl\":\"https:\\\/\\\/www.emplea-te.com\\\/noticias-oposiciones\\\/wp-content\\\/uploads\\\/2021\\\/02\\\/rss_impulsa-tu-vida-1.jpg\",\"width\":1000,\"height\":667},{\"@type\":\"BreadcrumbList\",\"@id\":\"https:\\\/\\\/www.emplea-te.com\\\/noticias-oposiciones\\\/ayuntamiento-de-brion-publicado-anuncio-con-las-bases-de-la-convocatoria-para-cubrir-una-plaza-de-tecnico-de-administracion-local-por-el-sistema-de-concurso-oposicion\\\/#breadcrumb\",\"itemListElement\":[{\"@type\":\"ListItem\",\"position\":1,\"name\":\"Noticias Oposiciones\",\"item\":\"https:\\\/\\\/www.emplea-te.com\\\/noticias-oposiciones\\\/\"},{\"@type\":\"ListItem\",\"position\":2,\"name\":\"Oposiciones Auton\u00f3micas Galicia\",\"item\":\"https:\\\/\\\/www.emplea-te.com\\\/noticias-oposiciones\\\/categoria\\\/oposiciones-autonomicas-galicia\\\/\"},{\"@type\":\"ListItem\",\"position\":3,\"name\":\"Ayuntamiento de Bri\u00f3n. Publicado Anuncio con las bases de la convocatoria para cubrir una plaza de T\u00e9cnico de Administraci\u00f3n Local por el sistema de concurso-oposici\u00f3n.\"}]},{\"@type\":\"WebSite\",\"@id\":\"https:\\\/\\\/www.emplea-te.com\\\/noticias-oposiciones\\\/#website\",\"url\":\"https:\\\/\\\/www.emplea-te.com\\\/noticias-oposiciones\\\/\",\"name\":\"Noticas de oposiciones por Academia Emplea-te\",\"description\":\"Toda la actualidad de las ofertas y convocatorias.\",\"publisher\":{\"@id\":\"https:\\\/\\\/www.emplea-te.com\\\/noticias-oposiciones\\\/#organization\"},\"potentialAction\":[{\"@type\":\"SearchAction\",\"target\":{\"@type\":\"EntryPoint\",\"urlTemplate\":\"https:\\\/\\\/www.emplea-te.com\\\/noticias-oposiciones\\\/?s={search_term_string}\"},\"query-input\":{\"@type\":\"PropertyValueSpecification\",\"valueRequired\":true,\"valueName\":\"search_term_string\"}}],\"inLanguage\":\"es\"},{\"@type\":\"Organization\",\"@id\":\"https:\\\/\\\/www.emplea-te.com\\\/noticias-oposiciones\\\/#organization\",\"name\":\"Academia de oposiciones Empl\u00e9ate\",\"url\":\"https:\\\/\\\/www.emplea-te.com\\\/noticias-oposiciones\\\/\",\"logo\":{\"@type\":\"ImageObject\",\"inLanguage\":\"es\",\"@id\":\"https:\\\/\\\/www.emplea-te.com\\\/noticias-oposiciones\\\/#\\\/schema\\\/logo\\\/image\\\/\",\"url\":\"https:\\\/\\\/www.emplea-te.com\\\/noticias-oposiciones\\\/wp-content\\\/uploads\\\/2019\\\/04\\\/empleate.jpg\",\"contentUrl\":\"https:\\\/\\\/www.emplea-te.com\\\/noticias-oposiciones\\\/wp-content\\\/uploads\\\/2019\\\/04\\\/empleate.jpg\",\"width\":250,\"height\":150,\"caption\":\"Academia de oposiciones Empl\u00e9ate\"},\"image\":{\"@id\":\"https:\\\/\\\/www.emplea-te.com\\\/noticias-oposiciones\\\/#\\\/schema\\\/logo\\\/image\\\/\"},\"sameAs\":[\"https:\\\/\\\/www.facebook.com\\\/AcademiaEmpleate\\\/\",\"https:\\\/\\\/x.com\\\/Emplea_Te\",\"https:\\\/\\\/www.instagram.com\\\/academia_empleate\\\/\"]},{\"@type\":\"Person\",\"@id\":\"https:\\\/\\\/www.emplea-te.com\\\/noticias-oposiciones\\\/#\\\/schema\\\/person\\\/d1bc587e1af2b95e9c32aba1795509a6\",\"name\":\"Empleate\"}]}<\/script>\n<!-- \/ Yoast SEO plugin. -->","yoast_head_json":{"title":"Ayto. de Bri\u00f3n. Publicado Anuncio con las bases de la convocatoria para cubrir una plaza de T\u00e9cnico de Administraci\u00f3n Local.","description":"Ayto. de Bri\u00f3n. Publicado Anuncio con las bases de la convocatoria para cubrir una plaza de T\u00e9cnico de Administraci\u00f3n Local.","robots":{"index":"index","follow":"follow","max-snippet":"max-snippet:-1","max-image-preview":"max-image-preview:large","max-video-preview":"max-video-preview:-1"},"canonical":"https:\/\/www.emplea-te.com\/noticias-oposiciones\/ayuntamiento-de-brion-publicado-anuncio-con-las-bases-de-la-convocatoria-para-cubrir-una-plaza-de-tecnico-de-administracion-local-por-el-sistema-de-concurso-oposicion\/","og_locale":"es_ES","og_type":"article","og_title":"Ayto. de Bri\u00f3n. Publicado Anuncio con las bases de la convocatoria para cubrir una plaza de T\u00e9cnico de Administraci\u00f3n Local.","og_description":"Ayto. de Bri\u00f3n. Publicado Anuncio con las bases de la convocatoria para cubrir una plaza de T\u00e9cnico de Administraci\u00f3n Local.","og_url":"https:\/\/www.emplea-te.com\/noticias-oposiciones\/ayuntamiento-de-brion-publicado-anuncio-con-las-bases-de-la-convocatoria-para-cubrir-una-plaza-de-tecnico-de-administracion-local-por-el-sistema-de-concurso-oposicion\/","og_site_name":"Noticas de oposiciones por Academia Emplea-te","article_publisher":"https:\/\/www.facebook.com\/AcademiaEmpleate\/","article_published_time":"2021-06-10T08:17:02+00:00","og_image":[{"url":"https:\/\/www.emplea-te.com\/noticias-oposiciones\/wp-content\/uploads\/2021\/02\/rss_impulsa-tu-vida-1-300x200.jpg","type":"","width":"","height":""}],"author":"Empleate","twitter_card":"summary_large_image","twitter_creator":"@Emplea_Te","twitter_site":"@Emplea_Te","twitter_misc":{"Escrito por":"Empleate","Tiempo de lectura":"1 minuto"},"schema":{"@context":"https:\/\/schema.org","@graph":[{"@type":"Article","@id":"https:\/\/www.emplea-te.com\/noticias-oposiciones\/ayuntamiento-de-brion-publicado-anuncio-con-las-bases-de-la-convocatoria-para-cubrir-una-plaza-de-tecnico-de-administracion-local-por-el-sistema-de-concurso-oposicion\/#article","isPartOf":{"@id":"https:\/\/www.emplea-te.com\/noticias-oposiciones\/ayuntamiento-de-brion-publicado-anuncio-con-las-bases-de-la-convocatoria-para-cubrir-una-plaza-de-tecnico-de-administracion-local-por-el-sistema-de-concurso-oposicion\/"},"author":{"name":"Empleate","@id":"https:\/\/www.emplea-te.com\/noticias-oposiciones\/#\/schema\/person\/d1bc587e1af2b95e9c32aba1795509a6"},"headline":"Ayuntamiento de Bri\u00f3n. Publicado Anuncio con las bases de la convocatoria para cubrir una plaza de T\u00e9cnico de Administraci\u00f3n Local por el sistema de concurso-oposici\u00f3n.","datePublished":"2021-06-10T08:17:02+00:00","mainEntityOfPage":{"@id":"https:\/\/www.emplea-te.com\/noticias-oposiciones\/ayuntamiento-de-brion-publicado-anuncio-con-las-bases-de-la-convocatoria-para-cubrir-una-plaza-de-tecnico-de-administracion-local-por-el-sistema-de-concurso-oposicion\/"},"wordCount":137,"publisher":{"@id":"https:\/\/www.emplea-te.com\/noticias-oposiciones\/#organization"},"image":{"@id":"https:\/\/www.emplea-te.com\/noticias-oposiciones\/ayuntamiento-de-brion-publicado-anuncio-con-las-bases-de-la-convocatoria-para-cubrir-una-plaza-de-tecnico-de-administracion-local-por-el-sistema-de-concurso-oposicion\/#primaryimage"},"thumbnailUrl":"https:\/\/www.emplea-te.com\/noticias-oposiciones\/wp-content\/uploads\/2021\/02\/rss_impulsa-tu-vida-1-300x200.jpg","keywords":["Convocatoria"],"articleSection":["Convocatorias Ayuntamientos","Oposiciones Auton\u00f3micas Galicia"],"inLanguage":"es"},{"@type":"WebPage","@id":"https:\/\/www.emplea-te.com\/noticias-oposiciones\/ayuntamiento-de-brion-publicado-anuncio-con-las-bases-de-la-convocatoria-para-cubrir-una-plaza-de-tecnico-de-administracion-local-por-el-sistema-de-concurso-oposicion\/","url":"https:\/\/www.emplea-te.com\/noticias-oposiciones\/ayuntamiento-de-brion-publicado-anuncio-con-las-bases-de-la-convocatoria-para-cubrir-una-plaza-de-tecnico-de-administracion-local-por-el-sistema-de-concurso-oposicion\/","name":"Ayto. de Bri\u00f3n. Publicado Anuncio con las bases de la convocatoria para cubrir una plaza de T\u00e9cnico de Administraci\u00f3n Local.","isPartOf":{"@id":"https:\/\/www.emplea-te.com\/noticias-oposiciones\/#website"},"primaryImageOfPage":{"@id":"https:\/\/www.emplea-te.com\/noticias-oposiciones\/ayuntamiento-de-brion-publicado-anuncio-con-las-bases-de-la-convocatoria-para-cubrir-una-plaza-de-tecnico-de-administracion-local-por-el-sistema-de-concurso-oposicion\/#primaryimage"},"image":{"@id":"https:\/\/www.emplea-te.com\/noticias-oposiciones\/ayuntamiento-de-brion-publicado-anuncio-con-las-bases-de-la-convocatoria-para-cubrir-una-plaza-de-tecnico-de-administracion-local-por-el-sistema-de-concurso-oposicion\/#primaryimage"},"thumbnailUrl":"https:\/\/www.emplea-te.com\/noticias-oposiciones\/wp-content\/uploads\/2021\/02\/rss_impulsa-tu-vida-1-300x200.jpg","datePublished":"2021-06-10T08:17:02+00:00","description":"Ayto. de Bri\u00f3n. Publicado Anuncio con las bases de la convocatoria para cubrir una plaza de T\u00e9cnico de Administraci\u00f3n Local.","breadcrumb":{"@id":"https:\/\/www.emplea-te.com\/noticias-oposiciones\/ayuntamiento-de-brion-publicado-anuncio-con-las-bases-de-la-convocatoria-para-cubrir-una-plaza-de-tecnico-de-administracion-local-por-el-sistema-de-concurso-oposicion\/#breadcrumb"},"inLanguage":"es","potentialAction":[{"@type":"ReadAction","target":["https:\/\/www.emplea-te.com\/noticias-oposiciones\/ayuntamiento-de-brion-publicado-anuncio-con-las-bases-de-la-convocatoria-para-cubrir-una-plaza-de-tecnico-de-administracion-local-por-el-sistema-de-concurso-oposicion\/"]}]},{"@type":"ImageObject","inLanguage":"es","@id":"https:\/\/www.emplea-te.com\/noticias-oposiciones\/ayuntamiento-de-brion-publicado-anuncio-con-las-bases-de-la-convocatoria-para-cubrir-una-plaza-de-tecnico-de-administracion-local-por-el-sistema-de-concurso-oposicion\/#primaryimage","url":"https:\/\/www.emplea-te.com\/noticias-oposiciones\/wp-content\/uploads\/2021\/02\/rss_impulsa-tu-vida-1.jpg","contentUrl":"https:\/\/www.emplea-te.com\/noticias-oposiciones\/wp-content\/uploads\/2021\/02\/rss_impulsa-tu-vida-1.jpg","width":1000,"height":667},{"@type":"BreadcrumbList","@id":"https:\/\/www.emplea-te.com\/noticias-oposiciones\/ayuntamiento-de-brion-publicado-anuncio-con-las-bases-de-la-convocatoria-para-cubrir-una-plaza-de-tecnico-de-administracion-local-por-el-sistema-de-concurso-oposicion\/#breadcrumb","itemListElement":[{"@type":"ListItem","position":1,"name":"Noticias Oposiciones","item":"https:\/\/www.emplea-te.com\/noticias-oposiciones\/"},{"@type":"ListItem","position":2,"name":"Oposiciones Auton\u00f3micas Galicia","item":"https:\/\/www.emplea-te.com\/noticias-oposiciones\/categoria\/oposiciones-autonomicas-galicia\/"},{"@type":"ListItem","position":3,"name":"Ayuntamiento de Bri\u00f3n. Publicado Anuncio con las bases de la convocatoria para cubrir una plaza de T\u00e9cnico de Administraci\u00f3n Local por el sistema de concurso-oposici\u00f3n."}]},{"@type":"WebSite","@id":"https:\/\/www.emplea-te.com\/noticias-oposiciones\/#website","url":"https:\/\/www.emplea-te.com\/noticias-oposiciones\/","name":"Noticas de oposiciones por Academia Emplea-te","description":"Toda la actualidad de las ofertas y convocatorias.","publisher":{"@id":"https:\/\/www.emplea-te.com\/noticias-oposiciones\/#organization"},"potentialAction":[{"@type":"SearchAction","target":{"@type":"EntryPoint","urlTemplate":"https:\/\/www.emplea-te.com\/noticias-oposiciones\/?s={search_term_string}"},"query-input":{"@type":"PropertyValueSpecification","valueRequired":true,"valueName":"search_term_string"}}],"inLanguage":"es"},{"@type":"Organization","@id":"https:\/\/www.emplea-te.com\/noticias-oposiciones\/#organization","name":"Academia de oposiciones Empl\u00e9ate","url":"https:\/\/www.emplea-te.com\/noticias-oposiciones\/","logo":{"@type":"ImageObject","inLanguage":"es","@id":"https:\/\/www.emplea-te.com\/noticias-oposiciones\/#\/schema\/logo\/image\/","url":"https:\/\/www.emplea-te.com\/noticias-oposiciones\/wp-content\/uploads\/2019\/04\/empleate.jpg","contentUrl":"https:\/\/www.emplea-te.com\/noticias-oposiciones\/wp-content\/uploads\/2019\/04\/empleate.jpg","width":250,"height":150,"caption":"Academia de oposiciones Empl\u00e9ate"},"image":{"@id":"https:\/\/www.emplea-te.com\/noticias-oposiciones\/#\/schema\/logo\/image\/"},"sameAs":["https:\/\/www.facebook.com\/AcademiaEmpleate\/","https:\/\/x.com\/Emplea_Te","https:\/\/www.instagram.com\/academia_empleate\/"]},{"@type":"Person","@id":"https:\/\/www.emplea-te.com\/noticias-oposiciones\/#\/schema\/person\/d1bc587e1af2b95e9c32aba1795509a6","name":"Empleate"}]}},"_links":{"self":[{"href":"https:\/\/www.emplea-te.com\/noticias-oposiciones\/wp-json\/wp\/v2\/posts\/4783","targetHints":{"allow":["GET"]}}],"collection":[{"href":"https:\/\/www.emplea-te.com\/noticias-oposiciones\/wp-json\/wp\/v2\/posts"}],"about":[{"href":"https:\/\/www.emplea-te.com\/noticias-oposiciones\/wp-json\/wp\/v2\/types\/post"}],"author":[{"embeddable":true,"href":"https:\/\/www.emplea-te.com\/noticias-oposiciones\/wp-json\/wp\/v2\/users\/1"}],"replies":[{"embeddable":true,"href":"https:\/\/www.emplea-te.com\/noticias-oposiciones\/wp-json\/wp\/v2\/comments?post=4783"}],"version-history":[{"count":1,"href":"https:\/\/www.emplea-te.com\/noticias-oposiciones\/wp-json\/wp\/v2\/posts\/4783\/revisions"}],"predecessor-version":[{"id":4784,"href":"https:\/\/www.emplea-te.com\/noticias-oposiciones\/wp-json\/wp\/v2\/posts\/4783\/revisions\/4784"}],"wp:attachment":[{"href":"https:\/\/www.emplea-te.com\/noticias-oposiciones\/wp-json\/wp\/v2\/media?parent=4783"}],"wp:term":[{"taxonomy":"category","embeddable":true,"href":"https:\/\/www.emplea-te.com\/noticias-oposiciones\/wp-json\/wp\/v2\/categories?post=4783"},{"taxonomy":"post_tag","embeddable":true,"href":"https:\/\/www.emplea-te.com\/noticias-oposiciones\/wp-json\/wp\/v2\/tags?post=4783"}],"curies":[{"name":"wp","href":"https:\/\/api.w.org\/{rel}","templated":true}]}}