{"id":4789,"date":"2021-06-11T10:35:08","date_gmt":"2021-06-11T08:35:08","guid":{"rendered":"https:\/\/www.emplea-te.com\/noticias-oposiciones\/?p=4789"},"modified":"2021-06-11T10:35:08","modified_gmt":"2021-06-11T08:35:08","slug":"ayudante-de-instituciones-penitenciarias-publicada-la-convocatoria-de-las-141-plazas-de-estabilizacion","status":"publish","type":"post","link":"https:\/\/www.emplea-te.com\/noticias-oposiciones\/ayudante-de-instituciones-penitenciarias-publicada-la-convocatoria-de-las-141-plazas-de-estabilizacion\/","title":{"rendered":"Ayudante de Instituciones Penitenciarias: Publicada la convocatoria de  las 141 plazas de estabilizaci\u00f3n."},"content":{"rendered":"<p><img decoding=\"async\" class=\"alignnone size-full wp-image-1631\" src=\"https:\/\/www.emplea-te.com\/noticias-oposiciones\/wp-content\/uploads\/2019\/04\/Ayudante-instituciones-penintenciarias.jpg\" alt=\"\" width=\"1280\" height=\"541\" srcset=\"https:\/\/www.emplea-te.com\/noticias-oposiciones\/wp-content\/uploads\/2019\/04\/Ayudante-instituciones-penintenciarias.jpg 1280w, https:\/\/www.emplea-te.com\/noticias-oposiciones\/wp-content\/uploads\/2019\/04\/Ayudante-instituciones-penintenciarias-300x127.jpg 300w, https:\/\/www.emplea-te.com\/noticias-oposiciones\/wp-content\/uploads\/2019\/04\/Ayudante-instituciones-penintenciarias-1024x433.jpg 1024w, https:\/\/www.emplea-te.com\/noticias-oposiciones\/wp-content\/uploads\/2019\/04\/Ayudante-instituciones-penintenciarias-768x325.jpg 768w, https:\/\/www.emplea-te.com\/noticias-oposiciones\/wp-content\/uploads\/2019\/04\/Ayudante-instituciones-penintenciarias-1200x507.jpg 1200w, https:\/\/www.emplea-te.com\/noticias-oposiciones\/wp-content\/uploads\/2019\/04\/Ayudante-instituciones-penintenciarias-20x8.jpg 20w\" sizes=\"(max-width: 709px) 85vw, (max-width: 909px) 67vw, (max-width: 1362px) 62vw, 840px\" \/><\/p>\n<p>Se publica en el BOE de hoy, d\u00eda 11 de junio de 2021, la Resoluci\u00f3n por la que se convoca proceso selectivo para la estabilizaci\u00f3n de empleo temporal en el Cuerpo Ayudantes de Instituciones Penitenciarias.<\/p>\n<p><a href=\"https:\/\/www.boe.es\/boe\/dias\/2021\/06\/11\/pdfs\/BOE-A-2021-9735.pdf\" target=\"_blank\" rel=\"noopener noreferrer\">Enlace a Resoluci\u00f3n<\/a><\/p>\n<p><strong>1.\u2003Descripci\u00f3n de las plazas<\/strong><br \/>\nSe convoca proceso selectivo para cubrir 141 plazas del Cuerpo de Ayudantes de Instituciones Penitenciarias, Subgrupo C1 (C\u00f3digo 0921), con cargo a los procesos de estabilizaci\u00f3n del empleo temporal (Real Decreto 19\/2019, de 25 de enero, por el que se aprueba la oferta de empleo p\u00fablico para la estabilizaci\u00f3n de empleo temporal en la Administraci\u00f3n General del Estado correspondiente a la Ley 6\/2018, de 3 de julio, de Presupuestos Generales del Estado para el a\u00f1o 2018).<\/p>\n<p><strong>2.\u2003Proceso Selectivo<\/strong><br \/>\n2.1 El proceso selectivo se realizar\u00e1 mediante el sistema de concurso-oposici\u00f3n, con las valoraciones, ejercicios y puntuaciones que se especifican en el anexo I.<br \/>\n2.2 Incluir\u00e1 la superaci\u00f3n de un periodo de pr\u00e1cticas en centros penitenciarios, exclusivamente para los aspirantes no pertenecientes, como personal interino, al Cuerpo de Ayudantes de Instituciones Penitenciarias. Para la realizaci\u00f3n de este per\u00edodo de pr\u00e1cticas, los aspirantes que hayan superado el proceso selectivo ser\u00e1n nombrados funcionarios en pr\u00e1cticas por la autoridad convocante.<br \/>\n2.3 El primer ejercicio coincidir\u00e1 en fecha y hora con el primer ejercicio del proceso selectivo para ingreso al Cuerpo de Ayudantes de Instituciones Penitenciarias, correspondiente a la oferta de empleo p\u00fablico 2020.<br \/>\n2.4 Se declara inh\u00e1bil el mes de agosto a efectos del c\u00f3mputo de los plazos de la presente convocatoria.<\/p>\n<p><strong>Las solicitudes<\/strong> deber\u00e1n cumplimentarse y presentarse electr\u00f3nicamente en el <strong>modelo oficial de solicitud 790<\/strong>, al que se acceder\u00e1, con car\u00e1cter general, a trav\u00e9s de la p\u00e1gina web<a href=\"http:\/\/www.administracion.gob.es\" target=\"_blank\" rel=\"noopener noreferrer\"> www.administracion.gob.es<\/a> o de los registros electr\u00f3nicos para la tramitaci\u00f3n de las inscripciones de los candidatos en los procesos selectivos que se establezcan.<br \/>\n6.3 <strong>Pago de la tasa de examen.<\/strong> El ingreso del importe se realizar\u00e1 haciendo uso del servicio Inscripci\u00f3n en Pruebas Selectivas del punto de acceso general (<a href=\"http:\/\/administracion.gob.es\/PAG\/ips\" target=\"_blank\" rel=\"noopener noreferrer\">http:\/\/administracion.gob.es\/PAG\/ips<\/a>) en los t\u00e9rminos previstos en la Orden HAC\/729\/2003, de 28 de marzo. La constancia de correcto pago de las tasas estar\u00e1 avalada por el N\u00famero de Referencia Completo (NRC) emitido por la AEAT que figurar\u00e1 en el justificante de registro.<br \/>\n6.4 En todo caso, la solicitud deber\u00e1 presentarse<strong> en el plazo de veinte d\u00edas h\u00e1biles contados a partir del d\u00eda siguiente al de la fecha de publicaci\u00f3n de esta convocatoria en el \u00abBolet\u00edn Oficial del Estado\u00bb<\/strong> y se dirigir\u00e1 a la Secretar\u00eda General de Instituciones Penitenciarias. La no presentaci\u00f3n de \u00e9sta en tiempo y forma supondr\u00e1 la exclusi\u00f3n del aspirante.<\/p>\n<p><a href=\"https:\/\/www.emplea-te.com\/6\/oposiciones-de-prisiones\" target=\"_blank\" rel=\"noopener noreferrer\">Inf\u00f3rmate de c\u00f3mo prepararte en nuestros grupos presenciales y online<\/a><\/p>\n<p>&nbsp;<\/p>\n","protected":false},"excerpt":{"rendered":"<p>Se publica en el BOE de hoy, d\u00eda 11 de junio de 2021, la Resoluci\u00f3n por la que se convoca proceso selectivo para la estabilizaci\u00f3n de empleo temporal en el Cuerpo Ayudantes de Instituciones Penitenciarias. Enlace a Resoluci\u00f3n 1.\u2003Descripci\u00f3n de las plazas Se convoca proceso selectivo para cubrir 141 plazas del Cuerpo de Ayudantes de &hellip; <a href=\"https:\/\/www.emplea-te.com\/noticias-oposiciones\/ayudante-de-instituciones-penitenciarias-publicada-la-convocatoria-de-las-141-plazas-de-estabilizacion\/\" class=\"more-link\">Continuar leyendo<span class=\"screen-reader-text\"> \u00abAyudante de Instituciones Penitenciarias: Publicada la convocatoria de  las 141 plazas de estabilizaci\u00f3n.\u00bb<\/span><\/a><\/p>\n","protected":false},"author":1,"featured_media":0,"comment_status":"closed","ping_status":"closed","sticky":false,"template":"","format":"standard","meta":{"footnotes":""},"categories":[47,13],"tags":[49],"class_list":["post-4789","post","type-post","status-publish","format-standard","hentry","category-administracion-general-del-estado","category-ayudantes-de-instituciones-penitenciarias-c1-acceso-libre","tag-convocatorias-de-oposiciones"],"yoast_head":"<!-- This site is optimized with the Yoast SEO plugin v27.5 - https:\/\/yoast.com\/product\/yoast-seo-wordpress\/ -->\n<title>Ayudante de Instituciones Penitenciarias. Publicada convocatoria para cubrir 141 plazas de estabilizaci\u00f3n.<\/title>\n<meta name=\"description\" content=\"Ayudante de Instituciones Penitenciarias. Publicada convocatoria para cubrir 141 plazas de estabilizaci\u00f3n.\" \/>\n<meta name=\"robots\" content=\"index, follow, max-snippet:-1, max-image-preview:large, max-video-preview:-1\" \/>\n<link rel=\"canonical\" href=\"https:\/\/www.emplea-te.com\/noticias-oposiciones\/ayudante-de-instituciones-penitenciarias-publicada-la-convocatoria-de-las-141-plazas-de-estabilizacion\/\" \/>\n<meta property=\"og:locale\" content=\"es_ES\" \/>\n<meta property=\"og:type\" content=\"article\" \/>\n<meta property=\"og:title\" content=\"Ayudante de Instituciones Penitenciarias. Publicada convocatoria para cubrir 141 plazas de estabilizaci\u00f3n.\" \/>\n<meta property=\"og:description\" content=\"Ayudante de Instituciones Penitenciarias. Publicada convocatoria para cubrir 141 plazas de estabilizaci\u00f3n.\" \/>\n<meta property=\"og:url\" content=\"https:\/\/www.emplea-te.com\/noticias-oposiciones\/ayudante-de-instituciones-penitenciarias-publicada-la-convocatoria-de-las-141-plazas-de-estabilizacion\/\" \/>\n<meta property=\"og:site_name\" content=\"Noticas de oposiciones por Academia Emplea-te\" \/>\n<meta property=\"article:publisher\" content=\"https:\/\/www.facebook.com\/AcademiaEmpleate\/\" \/>\n<meta property=\"article:published_time\" content=\"2021-06-11T08:35:08+00:00\" \/>\n<meta property=\"og:image\" content=\"https:\/\/www.emplea-te.com\/noticias-oposiciones\/wp-content\/uploads\/2019\/04\/Ayudante-instituciones-penintenciarias.jpg\" \/>\n<meta name=\"author\" content=\"Empleate\" \/>\n<meta name=\"twitter:card\" content=\"summary_large_image\" \/>\n<meta name=\"twitter:creator\" content=\"@Emplea_Te\" \/>\n<meta name=\"twitter:site\" content=\"@Emplea_Te\" \/>\n<meta name=\"twitter:label1\" content=\"Escrito por\" \/>\n\t<meta name=\"twitter:data1\" content=\"Empleate\" \/>\n\t<meta name=\"twitter:label2\" content=\"Tiempo de lectura\" \/>\n\t<meta name=\"twitter:data2\" content=\"3 minutos\" \/>\n<script type=\"application\/ld+json\" class=\"yoast-schema-graph\">{\"@context\":\"https:\\\/\\\/schema.org\",\"@graph\":[{\"@type\":\"Article\",\"@id\":\"https:\\\/\\\/www.emplea-te.com\\\/noticias-oposiciones\\\/ayudante-de-instituciones-penitenciarias-publicada-la-convocatoria-de-las-141-plazas-de-estabilizacion\\\/#article\",\"isPartOf\":{\"@id\":\"https:\\\/\\\/www.emplea-te.com\\\/noticias-oposiciones\\\/ayudante-de-instituciones-penitenciarias-publicada-la-convocatoria-de-las-141-plazas-de-estabilizacion\\\/\"},\"author\":{\"name\":\"Empleate\",\"@id\":\"https:\\\/\\\/www.emplea-te.com\\\/noticias-oposiciones\\\/#\\\/schema\\\/person\\\/d1bc587e1af2b95e9c32aba1795509a6\"},\"headline\":\"Ayudante de Instituciones Penitenciarias: Publicada la convocatoria de las 141 plazas de estabilizaci\u00f3n.\",\"datePublished\":\"2021-06-11T08:35:08+00:00\",\"mainEntityOfPage\":{\"@id\":\"https:\\\/\\\/www.emplea-te.com\\\/noticias-oposiciones\\\/ayudante-de-instituciones-penitenciarias-publicada-la-convocatoria-de-las-141-plazas-de-estabilizacion\\\/\"},\"wordCount\":481,\"publisher\":{\"@id\":\"https:\\\/\\\/www.emplea-te.com\\\/noticias-oposiciones\\\/#organization\"},\"image\":{\"@id\":\"https:\\\/\\\/www.emplea-te.com\\\/noticias-oposiciones\\\/ayudante-de-instituciones-penitenciarias-publicada-la-convocatoria-de-las-141-plazas-de-estabilizacion\\\/#primaryimage\"},\"thumbnailUrl\":\"https:\\\/\\\/www.emplea-te.com\\\/noticias-oposiciones\\\/wp-content\\\/uploads\\\/2019\\\/04\\\/Ayudante-instituciones-penintenciarias.jpg\",\"keywords\":[\"Convocatoria\"],\"articleSection\":[\"Administraci\u00f3n General del Estado.\",\"Oposiciones Ayudantes de Instituciones Penitenciarias C1\"],\"inLanguage\":\"es\"},{\"@type\":\"WebPage\",\"@id\":\"https:\\\/\\\/www.emplea-te.com\\\/noticias-oposiciones\\\/ayudante-de-instituciones-penitenciarias-publicada-la-convocatoria-de-las-141-plazas-de-estabilizacion\\\/\",\"url\":\"https:\\\/\\\/www.emplea-te.com\\\/noticias-oposiciones\\\/ayudante-de-instituciones-penitenciarias-publicada-la-convocatoria-de-las-141-plazas-de-estabilizacion\\\/\",\"name\":\"Ayudante de Instituciones Penitenciarias. Publicada convocatoria para cubrir 141 plazas de estabilizaci\u00f3n.\",\"isPartOf\":{\"@id\":\"https:\\\/\\\/www.emplea-te.com\\\/noticias-oposiciones\\\/#website\"},\"primaryImageOfPage\":{\"@id\":\"https:\\\/\\\/www.emplea-te.com\\\/noticias-oposiciones\\\/ayudante-de-instituciones-penitenciarias-publicada-la-convocatoria-de-las-141-plazas-de-estabilizacion\\\/#primaryimage\"},\"image\":{\"@id\":\"https:\\\/\\\/www.emplea-te.com\\\/noticias-oposiciones\\\/ayudante-de-instituciones-penitenciarias-publicada-la-convocatoria-de-las-141-plazas-de-estabilizacion\\\/#primaryimage\"},\"thumbnailUrl\":\"https:\\\/\\\/www.emplea-te.com\\\/noticias-oposiciones\\\/wp-content\\\/uploads\\\/2019\\\/04\\\/Ayudante-instituciones-penintenciarias.jpg\",\"datePublished\":\"2021-06-11T08:35:08+00:00\",\"description\":\"Ayudante de Instituciones Penitenciarias. Publicada convocatoria para cubrir 141 plazas de estabilizaci\u00f3n.\",\"breadcrumb\":{\"@id\":\"https:\\\/\\\/www.emplea-te.com\\\/noticias-oposiciones\\\/ayudante-de-instituciones-penitenciarias-publicada-la-convocatoria-de-las-141-plazas-de-estabilizacion\\\/#breadcrumb\"},\"inLanguage\":\"es\",\"potentialAction\":[{\"@type\":\"ReadAction\",\"target\":[\"https:\\\/\\\/www.emplea-te.com\\\/noticias-oposiciones\\\/ayudante-de-instituciones-penitenciarias-publicada-la-convocatoria-de-las-141-plazas-de-estabilizacion\\\/\"]}]},{\"@type\":\"ImageObject\",\"inLanguage\":\"es\",\"@id\":\"https:\\\/\\\/www.emplea-te.com\\\/noticias-oposiciones\\\/ayudante-de-instituciones-penitenciarias-publicada-la-convocatoria-de-las-141-plazas-de-estabilizacion\\\/#primaryimage\",\"url\":\"https:\\\/\\\/www.emplea-te.com\\\/noticias-oposiciones\\\/wp-content\\\/uploads\\\/2019\\\/04\\\/Ayudante-instituciones-penintenciarias.jpg\",\"contentUrl\":\"https:\\\/\\\/www.emplea-te.com\\\/noticias-oposiciones\\\/wp-content\\\/uploads\\\/2019\\\/04\\\/Ayudante-instituciones-penintenciarias.jpg\",\"width\":1280,\"height\":541},{\"@type\":\"BreadcrumbList\",\"@id\":\"https:\\\/\\\/www.emplea-te.com\\\/noticias-oposiciones\\\/ayudante-de-instituciones-penitenciarias-publicada-la-convocatoria-de-las-141-plazas-de-estabilizacion\\\/#breadcrumb\",\"itemListElement\":[{\"@type\":\"ListItem\",\"position\":1,\"name\":\"Noticias Oposiciones\",\"item\":\"https:\\\/\\\/www.emplea-te.com\\\/noticias-oposiciones\\\/\"},{\"@type\":\"ListItem\",\"position\":2,\"name\":\"Administraci\u00f3n General del Estado.\",\"item\":\"https:\\\/\\\/www.emplea-te.com\\\/noticias-oposiciones\\\/categoria\\\/administracion-general-del-estado\\\/\"},{\"@type\":\"ListItem\",\"position\":3,\"name\":\"Ayudante de Instituciones Penitenciarias: Publicada la convocatoria de las 141 plazas de estabilizaci\u00f3n.\"}]},{\"@type\":\"WebSite\",\"@id\":\"https:\\\/\\\/www.emplea-te.com\\\/noticias-oposiciones\\\/#website\",\"url\":\"https:\\\/\\\/www.emplea-te.com\\\/noticias-oposiciones\\\/\",\"name\":\"Noticas de oposiciones por Academia Emplea-te\",\"description\":\"Toda la actualidad de las ofertas y convocatorias.\",\"publisher\":{\"@id\":\"https:\\\/\\\/www.emplea-te.com\\\/noticias-oposiciones\\\/#organization\"},\"potentialAction\":[{\"@type\":\"SearchAction\",\"target\":{\"@type\":\"EntryPoint\",\"urlTemplate\":\"https:\\\/\\\/www.emplea-te.com\\\/noticias-oposiciones\\\/?s={search_term_string}\"},\"query-input\":{\"@type\":\"PropertyValueSpecification\",\"valueRequired\":true,\"valueName\":\"search_term_string\"}}],\"inLanguage\":\"es\"},{\"@type\":\"Organization\",\"@id\":\"https:\\\/\\\/www.emplea-te.com\\\/noticias-oposiciones\\\/#organization\",\"name\":\"Academia de oposiciones Empl\u00e9ate\",\"url\":\"https:\\\/\\\/www.emplea-te.com\\\/noticias-oposiciones\\\/\",\"logo\":{\"@type\":\"ImageObject\",\"inLanguage\":\"es\",\"@id\":\"https:\\\/\\\/www.emplea-te.com\\\/noticias-oposiciones\\\/#\\\/schema\\\/logo\\\/image\\\/\",\"url\":\"https:\\\/\\\/www.emplea-te.com\\\/noticias-oposiciones\\\/wp-content\\\/uploads\\\/2019\\\/04\\\/empleate.jpg\",\"contentUrl\":\"https:\\\/\\\/www.emplea-te.com\\\/noticias-oposiciones\\\/wp-content\\\/uploads\\\/2019\\\/04\\\/empleate.jpg\",\"width\":250,\"height\":150,\"caption\":\"Academia de oposiciones Empl\u00e9ate\"},\"image\":{\"@id\":\"https:\\\/\\\/www.emplea-te.com\\\/noticias-oposiciones\\\/#\\\/schema\\\/logo\\\/image\\\/\"},\"sameAs\":[\"https:\\\/\\\/www.facebook.com\\\/AcademiaEmpleate\\\/\",\"https:\\\/\\\/x.com\\\/Emplea_Te\",\"https:\\\/\\\/www.instagram.com\\\/academia_empleate\\\/\"]},{\"@type\":\"Person\",\"@id\":\"https:\\\/\\\/www.emplea-te.com\\\/noticias-oposiciones\\\/#\\\/schema\\\/person\\\/d1bc587e1af2b95e9c32aba1795509a6\",\"name\":\"Empleate\"}]}<\/script>\n<!-- \/ Yoast SEO plugin. -->","yoast_head_json":{"title":"Ayudante de Instituciones Penitenciarias. Publicada convocatoria para cubrir 141 plazas de estabilizaci\u00f3n.","description":"Ayudante de Instituciones Penitenciarias. Publicada convocatoria para cubrir 141 plazas de estabilizaci\u00f3n.","robots":{"index":"index","follow":"follow","max-snippet":"max-snippet:-1","max-image-preview":"max-image-preview:large","max-video-preview":"max-video-preview:-1"},"canonical":"https:\/\/www.emplea-te.com\/noticias-oposiciones\/ayudante-de-instituciones-penitenciarias-publicada-la-convocatoria-de-las-141-plazas-de-estabilizacion\/","og_locale":"es_ES","og_type":"article","og_title":"Ayudante de Instituciones Penitenciarias. Publicada convocatoria para cubrir 141 plazas de estabilizaci\u00f3n.","og_description":"Ayudante de Instituciones Penitenciarias. Publicada convocatoria para cubrir 141 plazas de estabilizaci\u00f3n.","og_url":"https:\/\/www.emplea-te.com\/noticias-oposiciones\/ayudante-de-instituciones-penitenciarias-publicada-la-convocatoria-de-las-141-plazas-de-estabilizacion\/","og_site_name":"Noticas de oposiciones por Academia Emplea-te","article_publisher":"https:\/\/www.facebook.com\/AcademiaEmpleate\/","article_published_time":"2021-06-11T08:35:08+00:00","og_image":[{"url":"https:\/\/www.emplea-te.com\/noticias-oposiciones\/wp-content\/uploads\/2019\/04\/Ayudante-instituciones-penintenciarias.jpg","type":"","width":"","height":""}],"author":"Empleate","twitter_card":"summary_large_image","twitter_creator":"@Emplea_Te","twitter_site":"@Emplea_Te","twitter_misc":{"Escrito por":"Empleate","Tiempo de lectura":"3 minutos"},"schema":{"@context":"https:\/\/schema.org","@graph":[{"@type":"Article","@id":"https:\/\/www.emplea-te.com\/noticias-oposiciones\/ayudante-de-instituciones-penitenciarias-publicada-la-convocatoria-de-las-141-plazas-de-estabilizacion\/#article","isPartOf":{"@id":"https:\/\/www.emplea-te.com\/noticias-oposiciones\/ayudante-de-instituciones-penitenciarias-publicada-la-convocatoria-de-las-141-plazas-de-estabilizacion\/"},"author":{"name":"Empleate","@id":"https:\/\/www.emplea-te.com\/noticias-oposiciones\/#\/schema\/person\/d1bc587e1af2b95e9c32aba1795509a6"},"headline":"Ayudante de Instituciones Penitenciarias: Publicada la convocatoria de las 141 plazas de estabilizaci\u00f3n.","datePublished":"2021-06-11T08:35:08+00:00","mainEntityOfPage":{"@id":"https:\/\/www.emplea-te.com\/noticias-oposiciones\/ayudante-de-instituciones-penitenciarias-publicada-la-convocatoria-de-las-141-plazas-de-estabilizacion\/"},"wordCount":481,"publisher":{"@id":"https:\/\/www.emplea-te.com\/noticias-oposiciones\/#organization"},"image":{"@id":"https:\/\/www.emplea-te.com\/noticias-oposiciones\/ayudante-de-instituciones-penitenciarias-publicada-la-convocatoria-de-las-141-plazas-de-estabilizacion\/#primaryimage"},"thumbnailUrl":"https:\/\/www.emplea-te.com\/noticias-oposiciones\/wp-content\/uploads\/2019\/04\/Ayudante-instituciones-penintenciarias.jpg","keywords":["Convocatoria"],"articleSection":["Administraci\u00f3n General del Estado.","Oposiciones Ayudantes de Instituciones Penitenciarias C1"],"inLanguage":"es"},{"@type":"WebPage","@id":"https:\/\/www.emplea-te.com\/noticias-oposiciones\/ayudante-de-instituciones-penitenciarias-publicada-la-convocatoria-de-las-141-plazas-de-estabilizacion\/","url":"https:\/\/www.emplea-te.com\/noticias-oposiciones\/ayudante-de-instituciones-penitenciarias-publicada-la-convocatoria-de-las-141-plazas-de-estabilizacion\/","name":"Ayudante de Instituciones Penitenciarias. Publicada convocatoria para cubrir 141 plazas de estabilizaci\u00f3n.","isPartOf":{"@id":"https:\/\/www.emplea-te.com\/noticias-oposiciones\/#website"},"primaryImageOfPage":{"@id":"https:\/\/www.emplea-te.com\/noticias-oposiciones\/ayudante-de-instituciones-penitenciarias-publicada-la-convocatoria-de-las-141-plazas-de-estabilizacion\/#primaryimage"},"image":{"@id":"https:\/\/www.emplea-te.com\/noticias-oposiciones\/ayudante-de-instituciones-penitenciarias-publicada-la-convocatoria-de-las-141-plazas-de-estabilizacion\/#primaryimage"},"thumbnailUrl":"https:\/\/www.emplea-te.com\/noticias-oposiciones\/wp-content\/uploads\/2019\/04\/Ayudante-instituciones-penintenciarias.jpg","datePublished":"2021-06-11T08:35:08+00:00","description":"Ayudante de Instituciones Penitenciarias. Publicada convocatoria para cubrir 141 plazas de estabilizaci\u00f3n.","breadcrumb":{"@id":"https:\/\/www.emplea-te.com\/noticias-oposiciones\/ayudante-de-instituciones-penitenciarias-publicada-la-convocatoria-de-las-141-plazas-de-estabilizacion\/#breadcrumb"},"inLanguage":"es","potentialAction":[{"@type":"ReadAction","target":["https:\/\/www.emplea-te.com\/noticias-oposiciones\/ayudante-de-instituciones-penitenciarias-publicada-la-convocatoria-de-las-141-plazas-de-estabilizacion\/"]}]},{"@type":"ImageObject","inLanguage":"es","@id":"https:\/\/www.emplea-te.com\/noticias-oposiciones\/ayudante-de-instituciones-penitenciarias-publicada-la-convocatoria-de-las-141-plazas-de-estabilizacion\/#primaryimage","url":"https:\/\/www.emplea-te.com\/noticias-oposiciones\/wp-content\/uploads\/2019\/04\/Ayudante-instituciones-penintenciarias.jpg","contentUrl":"https:\/\/www.emplea-te.com\/noticias-oposiciones\/wp-content\/uploads\/2019\/04\/Ayudante-instituciones-penintenciarias.jpg","width":1280,"height":541},{"@type":"BreadcrumbList","@id":"https:\/\/www.emplea-te.com\/noticias-oposiciones\/ayudante-de-instituciones-penitenciarias-publicada-la-convocatoria-de-las-141-plazas-de-estabilizacion\/#breadcrumb","itemListElement":[{"@type":"ListItem","position":1,"name":"Noticias Oposiciones","item":"https:\/\/www.emplea-te.com\/noticias-oposiciones\/"},{"@type":"ListItem","position":2,"name":"Administraci\u00f3n General del Estado.","item":"https:\/\/www.emplea-te.com\/noticias-oposiciones\/categoria\/administracion-general-del-estado\/"},{"@type":"ListItem","position":3,"name":"Ayudante de Instituciones Penitenciarias: Publicada la convocatoria de las 141 plazas de estabilizaci\u00f3n."}]},{"@type":"WebSite","@id":"https:\/\/www.emplea-te.com\/noticias-oposiciones\/#website","url":"https:\/\/www.emplea-te.com\/noticias-oposiciones\/","name":"Noticas de oposiciones por Academia Emplea-te","description":"Toda la actualidad de las ofertas y convocatorias.","publisher":{"@id":"https:\/\/www.emplea-te.com\/noticias-oposiciones\/#organization"},"potentialAction":[{"@type":"SearchAction","target":{"@type":"EntryPoint","urlTemplate":"https:\/\/www.emplea-te.com\/noticias-oposiciones\/?s={search_term_string}"},"query-input":{"@type":"PropertyValueSpecification","valueRequired":true,"valueName":"search_term_string"}}],"inLanguage":"es"},{"@type":"Organization","@id":"https:\/\/www.emplea-te.com\/noticias-oposiciones\/#organization","name":"Academia de oposiciones Empl\u00e9ate","url":"https:\/\/www.emplea-te.com\/noticias-oposiciones\/","logo":{"@type":"ImageObject","inLanguage":"es","@id":"https:\/\/www.emplea-te.com\/noticias-oposiciones\/#\/schema\/logo\/image\/","url":"https:\/\/www.emplea-te.com\/noticias-oposiciones\/wp-content\/uploads\/2019\/04\/empleate.jpg","contentUrl":"https:\/\/www.emplea-te.com\/noticias-oposiciones\/wp-content\/uploads\/2019\/04\/empleate.jpg","width":250,"height":150,"caption":"Academia de oposiciones Empl\u00e9ate"},"image":{"@id":"https:\/\/www.emplea-te.com\/noticias-oposiciones\/#\/schema\/logo\/image\/"},"sameAs":["https:\/\/www.facebook.com\/AcademiaEmpleate\/","https:\/\/x.com\/Emplea_Te","https:\/\/www.instagram.com\/academia_empleate\/"]},{"@type":"Person","@id":"https:\/\/www.emplea-te.com\/noticias-oposiciones\/#\/schema\/person\/d1bc587e1af2b95e9c32aba1795509a6","name":"Empleate"}]}},"_links":{"self":[{"href":"https:\/\/www.emplea-te.com\/noticias-oposiciones\/wp-json\/wp\/v2\/posts\/4789","targetHints":{"allow":["GET"]}}],"collection":[{"href":"https:\/\/www.emplea-te.com\/noticias-oposiciones\/wp-json\/wp\/v2\/posts"}],"about":[{"href":"https:\/\/www.emplea-te.com\/noticias-oposiciones\/wp-json\/wp\/v2\/types\/post"}],"author":[{"embeddable":true,"href":"https:\/\/www.emplea-te.com\/noticias-oposiciones\/wp-json\/wp\/v2\/users\/1"}],"replies":[{"embeddable":true,"href":"https:\/\/www.emplea-te.com\/noticias-oposiciones\/wp-json\/wp\/v2\/comments?post=4789"}],"version-history":[{"count":1,"href":"https:\/\/www.emplea-te.com\/noticias-oposiciones\/wp-json\/wp\/v2\/posts\/4789\/revisions"}],"predecessor-version":[{"id":4790,"href":"https:\/\/www.emplea-te.com\/noticias-oposiciones\/wp-json\/wp\/v2\/posts\/4789\/revisions\/4790"}],"wp:attachment":[{"href":"https:\/\/www.emplea-te.com\/noticias-oposiciones\/wp-json\/wp\/v2\/media?parent=4789"}],"wp:term":[{"taxonomy":"category","embeddable":true,"href":"https:\/\/www.emplea-te.com\/noticias-oposiciones\/wp-json\/wp\/v2\/categories?post=4789"},{"taxonomy":"post_tag","embeddable":true,"href":"https:\/\/www.emplea-te.com\/noticias-oposiciones\/wp-json\/wp\/v2\/tags?post=4789"}],"curies":[{"name":"wp","href":"https:\/\/api.w.org\/{rel}","templated":true}]}}