{"id":4917,"date":"2021-07-01T10:05:27","date_gmt":"2021-07-01T08:05:27","guid":{"rendered":"https:\/\/www.emplea-te.com\/noticias-oposiciones\/?p=4917"},"modified":"2021-07-01T10:05:27","modified_gmt":"2021-07-01T08:05:27","slug":"ayuntamiento-de-a-coruna-publicadas-bases-selectivas-para-la-elaboracion-de-un-listado-de-personal-funcionario-interino-para-cubrir-plazas-de-tecnico-de-la-administracion-general-a1","status":"publish","type":"post","link":"https:\/\/www.emplea-te.com\/noticias-oposiciones\/ayuntamiento-de-a-coruna-publicadas-bases-selectivas-para-la-elaboracion-de-un-listado-de-personal-funcionario-interino-para-cubrir-plazas-de-tecnico-de-la-administracion-general-a1\/","title":{"rendered":"Ayuntamiento de A Coru\u00f1a. Publicadas Bases Selectivas para la elaboraci\u00f3n de un listado de personal funcionario interino para cubrir plazas de T\u00e9cnico de la Administraci\u00f3n General (A1)"},"content":{"rendered":"<p>&nbsp;<\/p>\n<p><img decoding=\"async\" class=\"alignleft wp-image-1769 size-thumbnail\" src=\"https:\/\/www.emplea-te.com\/noticias-oposiciones\/wp-content\/uploads\/2019\/05\/Concello-coru\u00f1a-150x150.jpg\" alt=\"\" width=\"150\" height=\"150\" srcset=\"https:\/\/www.emplea-te.com\/noticias-oposiciones\/wp-content\/uploads\/2019\/05\/Concello-coru\u00f1a-150x150.jpg 150w, https:\/\/www.emplea-te.com\/noticias-oposiciones\/wp-content\/uploads\/2019\/05\/Concello-coru\u00f1a-300x300.jpg 300w, https:\/\/www.emplea-te.com\/noticias-oposiciones\/wp-content\/uploads\/2019\/05\/Concello-coru\u00f1a-20x20.jpg 20w, https:\/\/www.emplea-te.com\/noticias-oposiciones\/wp-content\/uploads\/2019\/05\/Concello-coru\u00f1a.jpg 400w\" sizes=\"(max-width: 150px) 85vw, 150px\" \/><\/p>\n<p><strong>Ayuntamiento de A Coru\u00f1a.\u00a0<\/strong><\/p>\n<p>Se publica en el BOP de la Provincia de A Coru\u00f1a del d\u00eda 29 de junio de 2021, las Bases Selectivas para la elaboraci\u00f3n de un lisado de personal temporal para la cobertura de plazas de T\u00e9cnico de Administraci\u00f3n General Subgrupo A1.<\/p>\n<p class=\"P-rrafo-texto-normal\"><a href=\"https:\/\/bop.dicoruna.es\/bopportal\/publicado\/2021\/06\/29\/2021_0000005264.html\" target=\"_blank\" rel=\"noopener noreferrer\">Enlace a BOP\u00a0<\/a><\/p>\n<p>&nbsp;<\/p>\n<p><strong>1. Objeto.<\/strong><\/p>\n<p>El presente reglamento tiene por objeto la elaboraci\u00f3n de una relaci\u00f3n para cubrir los puestos de T\u00e9cnico de Administraci\u00f3n General (Subgrupo A1), como funcionarios temporales, en los casos regulados en el art. 10.1 del Real Decreto Legislativo 5\/2015, de 30 de octubre, por el que se aprueba el texto refundido de la Ley del Estatuto B\u00e1sico de los Empleados P\u00fablicos (en adelante TREBEP).<\/p>\n<p><strong>2. Sistema selectivo.<\/strong><\/p>\n<p>El sistema de selecci\u00f3n ser\u00e1 el sistema de oposici\u00f3n.<\/p>\n<p><strong>3. Proceso selectivo.<\/strong><\/p>\n<p>3.1. Los candidatos ser\u00e1n convocados para cada ejercicio en una sola convocatoria. La no presentaci\u00f3n de un postulante a alguno de los ejercicios obligatorios en el momento de ser convocado determinar\u00e1 autom\u00e1ticamente la p\u00e9rdida de su derecho a participar en \u00e9ste y posteriores, quedando excluido como consecuencia del procedimiento de selecci\u00f3n.<\/p>\n<p>3.2. El orden de actuaci\u00f3n de los oponentes ser\u00e1 el resultado del sorteo a que se refiere el Decreto 95\/1991, de 20 de marzo, por el que se aprueba el Estatuto de Selecci\u00f3n de Personal de la Administraci\u00f3n de la Comunidad Aut\u00f3noma de Galicia.<\/p>\n<p>3.3. En los d\u00edas de realizaci\u00f3n del proceso de selecci\u00f3n, los solicitantes deber\u00e1n contar con un DNI o documento fehaciente que acredite su identidad.<\/p>\n<p>3.4. Los dispositivos electr\u00f3nicos (tel\u00e9fonos m\u00f3viles, agendas, auriculares, etc.) est\u00e1n prohibidos dentro de la sala donde se realizan las pruebas. El sonido de un dispositivo electr\u00f3nico permitir\u00e1 al tribunal solicitar el vaciado de bolsas, mochilas y ropa para su ubicaci\u00f3n. La negativa a solicitar al tribunal o la ubicaci\u00f3n del dispositivo dar\u00e1 lugar a la expulsi\u00f3n del oponente de la prueba y no se corregir\u00e1 su ejercicio.<\/p>\n<p>3.5. Cualquier referencia normativa del temario se entender\u00e1 referida a las disposiciones legales vigentes a la fecha de publicaci\u00f3n de estas bases en el Bolet\u00edn Oficial de la provincia (en adelante BOP).<\/p>\n<p>3.6. Esta convocatoria y sus bases espec\u00edficas se publicar\u00e1n en el BOP.<\/p>\n<p>Los dem\u00e1s actos y acuerdos que se dicten en desarrollo de este proceso selectivo se realizar\u00e1n a trav\u00e9s de la p\u00e1gina web del Ayuntamiento de A Coru\u00f1a (www.coruna.gal) y de la junta de edictos y convocatorias del Ayuntamiento de A Coru\u00f1a.<\/p>\n<p><strong>4. Requisitos.<\/strong><\/p>\n<p>Para ser admitido a las pruebas de selecci\u00f3n, los solicitantes deben cumplir con los siguientes requisitos:<\/p>\n<p>a) Tener la nacionalidad espa\u00f1ola o cumplir los requisitos establecidos en el art\u00edculo 57 del texto refundido de la Ley del Estatuto B\u00e1sico de los Empleados P\u00fablicos, aprobado por Real Decreto Legislativo 5\/2015, de 30 de octubre, en caso de acceso al empleo p\u00fablico. para los nacionales de otros Estados.<\/p>\n<p>b) Poseer las habilidades y aptitudes f\u00edsicas y mentales necesarias para el desempe\u00f1o de las funciones o tareas correspondientes.<\/p>\n<p>c) Haber cumplido los 16 a\u00f1os y no superar, en su caso, la edad m\u00e1xima de jubilaci\u00f3n obligatoria.<\/p>\n<p>d) No haber sido separado por expediente sancionador del servicio de alguna de las administraciones p\u00fablicas, \u00f3rganos constitucionales u \u00f3rganos estatutarios de las Comunidades Aut\u00f3nomas, ni encontrarse en situaci\u00f3n de inhabilitaci\u00f3n absoluta o especial para el desempe\u00f1o de cargos o cargos p\u00fablicos por orden judicial, cuando se trate de acceso al cuerpo o escala de los servidores p\u00fablicos de los que la persona ha sido separada o inhabilitada. En el caso de ser nacional de otro Estado, no estar inhabilitado o en situaci\u00f3n equivalente, ni estar sujeto a sanci\u00f3n disciplinaria o equivalente que impida al Estado de origen acceder al empleo p\u00fablico en los t\u00e9rminos anteriores.<\/p>\n<p>e) Poseer o estar en condiciones de obtener el t\u00edtulo o t\u00edtulo universitario.<\/p>\n<p>En el caso de t\u00edtulos obtenidos en el extranjero, deber\u00e1 estar en posesi\u00f3n de la correspondiente convalidaci\u00f3n o la credencial que acredite, en su caso, la homologaci\u00f3n del t\u00edtulo.<\/p>\n<p>Los solicitantes deber\u00e1n cumplir todos los requisitos establecidos en los apartados anteriores el d\u00eda en que expire el plazo de presentaci\u00f3n de solicitudes y conservarlos hasta la fecha de su nombramiento como funcionarios.<\/p>\n<p><strong>5. Solicitudes.<\/strong><\/p>\n<p>5.1. <strong>Las solicitudes deber\u00e1n presentarse preferentemente<\/strong> por v\u00eda electr\u00f3nica a trav\u00e9s de la sede electr\u00f3nica del Ayuntamiento de A Coru\u00f1a (<a href=\"https:\/\/sede.coruna.gob.es\" target=\"_blank\" rel=\"noopener noreferrer\">https:\/\/sede.coruna.gob.es<\/a>) mediante el procedimiento espec\u00edfico \u00abParticipaci\u00f3n en pruebas selectivas\u00bb.<br \/>\nTambi\u00e9n podr\u00e1n presentarse en cualquiera de las formas determinadas en el art\u00edculo 16.4 de la Ley 39\/2015, de 1 de octubre, de procedimiento administrativo com\u00fan de las Administraciones P\u00fablicas.<\/p>\n<p>5.2. <strong>El plazo para la presentaci\u00f3n de solicitudes <\/strong>ser\u00e1 de 10 d\u00edas h\u00e1biles, a contar desde el d\u00eda siguiente a la publicaci\u00f3n de esta convocatoria en el BOP.<br \/>\n<strong>Desde el d\u00eda 30 de junio de 2021 hasta el d\u00eda 13 de julio de 2021.<\/strong><\/p>\n<p>5.3. Para ser admitido a las pruebas de selecci\u00f3n, los solicitantes deber\u00e1n manifestar en sus solicitudes de participaci\u00f3n que cumplen con todas y cada una de las condiciones exigidas en la fecha en que expira el plazo de presentaci\u00f3n.<\/p>\n<p>5.4. Los solicitantes con un grado de discapacidad igual o superior al 33% deber\u00e1n indicarlo expresamente en la solicitud y, en caso de oposici\u00f3n a la consulta de los datos, de acuerdo con esta normativa, acreditar ante los \u00f3rganos competentes que acrediten dicha condici\u00f3n, como as\u00ed como la compatibilidad con el desempe\u00f1o de las tareas y funciones correspondientes. Podr\u00e1n solicitar las posibles adaptaciones de tiempo y \/ o medios para la realizaci\u00f3n de los ejercicios en los que esta adaptaci\u00f3n sea necesaria.<\/p>\n<p>5.5. Los solicitantes deber\u00e1n cumplimentar exactamente el formulario de solicitud espec\u00edfico de admisi\u00f3n a pruebas selectivas disponible en el siguiente enlace <a href=\"https:\/\/sede.coruna.gal\/descarga\/1453753402297\/mod095_Solicitud_pruebas_selectivas.pdf\" target=\"_blank\" rel=\"noopener noreferrer\">https:\/\/sede.coruna.gal\/descarga\/1453753402297\/mod095_Solicitud_pruebas_selectivas.pdf<\/a> o en las oficinas de registro del Ayuntamiento de la Coru\u00f1a.<\/p>\n<p>&nbsp;<\/p>\n<p class=\"P-rrafo-texto-normal\">\n","protected":false},"excerpt":{"rendered":"<p>&nbsp; Ayuntamiento de A Coru\u00f1a.\u00a0 Se publica en el BOP de la Provincia de A Coru\u00f1a del d\u00eda 29 de junio de 2021, las Bases Selectivas para la elaboraci\u00f3n de un lisado de personal temporal para la cobertura de plazas de T\u00e9cnico de Administraci\u00f3n General Subgrupo A1. Enlace a BOP\u00a0 &nbsp; 1. Objeto. El presente &hellip; <a href=\"https:\/\/www.emplea-te.com\/noticias-oposiciones\/ayuntamiento-de-a-coruna-publicadas-bases-selectivas-para-la-elaboracion-de-un-listado-de-personal-funcionario-interino-para-cubrir-plazas-de-tecnico-de-la-administracion-general-a1\/\" class=\"more-link\">Continuar leyendo<span class=\"screen-reader-text\"> \u00abAyuntamiento de A Coru\u00f1a. Publicadas Bases Selectivas para la elaboraci\u00f3n de un listado de personal funcionario interino para cubrir plazas de T\u00e9cnico de la Administraci\u00f3n General (A1)\u00bb<\/span><\/a><\/p>\n","protected":false},"author":1,"featured_media":0,"comment_status":"closed","ping_status":"closed","sticky":false,"template":"","format":"standard","meta":{"footnotes":""},"categories":[37,56],"tags":[49],"class_list":["post-4917","post","type-post","status-publish","format-standard","hentry","category-convocatorias-ayuntamientos","category-oposiciones-autonomicas-galicia","tag-convocatorias-de-oposiciones"],"yoast_head":"<!-- This site is optimized with the Yoast SEO plugin v27.5 - https:\/\/yoast.com\/product\/yoast-seo-wordpress\/ -->\n<title>Ayuntamiento de A Coru\u00f1a. Se publican bases para la elaboraci\u00f3n de lista para cubrir puestos de T\u00e9cnico de la Administraci\u00f3n General A1 como personal funcionario interino.<\/title>\n<meta name=\"description\" content=\"Ayuntamiento de A Coru\u00f1a. Se publican bases para la elaboraci\u00f3n de lista para cubrir puestos de T\u00e9cnico de la Administraci\u00f3n General A1 como personal funcionario interino.\" \/>\n<meta name=\"robots\" content=\"index, follow, max-snippet:-1, max-image-preview:large, max-video-preview:-1\" \/>\n<link rel=\"canonical\" href=\"https:\/\/www.emplea-te.com\/noticias-oposiciones\/ayuntamiento-de-a-coruna-publicadas-bases-selectivas-para-la-elaboracion-de-un-listado-de-personal-funcionario-interino-para-cubrir-plazas-de-tecnico-de-la-administracion-general-a1\/\" \/>\n<meta property=\"og:locale\" content=\"es_ES\" \/>\n<meta property=\"og:type\" content=\"article\" \/>\n<meta property=\"og:title\" content=\"Ayuntamiento de A Coru\u00f1a. Se publican bases para la elaboraci\u00f3n de lista para cubrir puestos de T\u00e9cnico de la Administraci\u00f3n General A1 como personal funcionario interino.\" \/>\n<meta property=\"og:description\" content=\"Ayuntamiento de A Coru\u00f1a. Se publican bases para la elaboraci\u00f3n de lista para cubrir puestos de T\u00e9cnico de la Administraci\u00f3n General A1 como personal funcionario interino.\" \/>\n<meta property=\"og:url\" content=\"https:\/\/www.emplea-te.com\/noticias-oposiciones\/ayuntamiento-de-a-coruna-publicadas-bases-selectivas-para-la-elaboracion-de-un-listado-de-personal-funcionario-interino-para-cubrir-plazas-de-tecnico-de-la-administracion-general-a1\/\" \/>\n<meta property=\"og:site_name\" content=\"Noticas de oposiciones por Academia Emplea-te\" \/>\n<meta property=\"article:publisher\" content=\"https:\/\/www.facebook.com\/AcademiaEmpleate\/\" \/>\n<meta property=\"article:published_time\" content=\"2021-07-01T08:05:27+00:00\" \/>\n<meta property=\"og:image\" content=\"https:\/\/www.emplea-te.com\/noticias-oposiciones\/wp-content\/uploads\/2019\/05\/Concello-coru\u00f1a-150x150.jpg\" \/>\n<meta name=\"author\" content=\"Empleate\" \/>\n<meta name=\"twitter:card\" content=\"summary_large_image\" \/>\n<meta name=\"twitter:creator\" content=\"@Emplea_Te\" \/>\n<meta name=\"twitter:site\" content=\"@Emplea_Te\" \/>\n<meta name=\"twitter:label1\" content=\"Escrito por\" \/>\n\t<meta name=\"twitter:data1\" content=\"Empleate\" \/>\n\t<meta name=\"twitter:label2\" content=\"Tiempo de lectura\" \/>\n\t<meta name=\"twitter:data2\" content=\"5 minutos\" \/>\n<script type=\"application\/ld+json\" class=\"yoast-schema-graph\">{\"@context\":\"https:\\\/\\\/schema.org\",\"@graph\":[{\"@type\":\"Article\",\"@id\":\"https:\\\/\\\/www.emplea-te.com\\\/noticias-oposiciones\\\/ayuntamiento-de-a-coruna-publicadas-bases-selectivas-para-la-elaboracion-de-un-listado-de-personal-funcionario-interino-para-cubrir-plazas-de-tecnico-de-la-administracion-general-a1\\\/#article\",\"isPartOf\":{\"@id\":\"https:\\\/\\\/www.emplea-te.com\\\/noticias-oposiciones\\\/ayuntamiento-de-a-coruna-publicadas-bases-selectivas-para-la-elaboracion-de-un-listado-de-personal-funcionario-interino-para-cubrir-plazas-de-tecnico-de-la-administracion-general-a1\\\/\"},\"author\":{\"name\":\"Empleate\",\"@id\":\"https:\\\/\\\/www.emplea-te.com\\\/noticias-oposiciones\\\/#\\\/schema\\\/person\\\/d1bc587e1af2b95e9c32aba1795509a6\"},\"headline\":\"Ayuntamiento de A Coru\u00f1a. Publicadas Bases Selectivas para la elaboraci\u00f3n de un listado de personal funcionario interino para cubrir plazas de T\u00e9cnico de la Administraci\u00f3n General (A1)\",\"datePublished\":\"2021-07-01T08:05:27+00:00\",\"mainEntityOfPage\":{\"@id\":\"https:\\\/\\\/www.emplea-te.com\\\/noticias-oposiciones\\\/ayuntamiento-de-a-coruna-publicadas-bases-selectivas-para-la-elaboracion-de-un-listado-de-personal-funcionario-interino-para-cubrir-plazas-de-tecnico-de-la-administracion-general-a1\\\/\"},\"wordCount\":1068,\"publisher\":{\"@id\":\"https:\\\/\\\/www.emplea-te.com\\\/noticias-oposiciones\\\/#organization\"},\"keywords\":[\"Convocatoria\"],\"articleSection\":[\"Convocatorias Ayuntamientos\",\"Oposiciones Auton\u00f3micas Galicia\"],\"inLanguage\":\"es\"},{\"@type\":\"WebPage\",\"@id\":\"https:\\\/\\\/www.emplea-te.com\\\/noticias-oposiciones\\\/ayuntamiento-de-a-coruna-publicadas-bases-selectivas-para-la-elaboracion-de-un-listado-de-personal-funcionario-interino-para-cubrir-plazas-de-tecnico-de-la-administracion-general-a1\\\/\",\"url\":\"https:\\\/\\\/www.emplea-te.com\\\/noticias-oposiciones\\\/ayuntamiento-de-a-coruna-publicadas-bases-selectivas-para-la-elaboracion-de-un-listado-de-personal-funcionario-interino-para-cubrir-plazas-de-tecnico-de-la-administracion-general-a1\\\/\",\"name\":\"Ayuntamiento de A Coru\u00f1a. Se publican bases para la elaboraci\u00f3n de lista para cubrir puestos de T\u00e9cnico de la Administraci\u00f3n General A1 como personal funcionario interino.\",\"isPartOf\":{\"@id\":\"https:\\\/\\\/www.emplea-te.com\\\/noticias-oposiciones\\\/#website\"},\"datePublished\":\"2021-07-01T08:05:27+00:00\",\"description\":\"Ayuntamiento de A Coru\u00f1a. Se publican bases para la elaboraci\u00f3n de lista para cubrir puestos de T\u00e9cnico de la Administraci\u00f3n General A1 como personal funcionario interino.\",\"breadcrumb\":{\"@id\":\"https:\\\/\\\/www.emplea-te.com\\\/noticias-oposiciones\\\/ayuntamiento-de-a-coruna-publicadas-bases-selectivas-para-la-elaboracion-de-un-listado-de-personal-funcionario-interino-para-cubrir-plazas-de-tecnico-de-la-administracion-general-a1\\\/#breadcrumb\"},\"inLanguage\":\"es\",\"potentialAction\":[{\"@type\":\"ReadAction\",\"target\":[\"https:\\\/\\\/www.emplea-te.com\\\/noticias-oposiciones\\\/ayuntamiento-de-a-coruna-publicadas-bases-selectivas-para-la-elaboracion-de-un-listado-de-personal-funcionario-interino-para-cubrir-plazas-de-tecnico-de-la-administracion-general-a1\\\/\"]}]},{\"@type\":\"BreadcrumbList\",\"@id\":\"https:\\\/\\\/www.emplea-te.com\\\/noticias-oposiciones\\\/ayuntamiento-de-a-coruna-publicadas-bases-selectivas-para-la-elaboracion-de-un-listado-de-personal-funcionario-interino-para-cubrir-plazas-de-tecnico-de-la-administracion-general-a1\\\/#breadcrumb\",\"itemListElement\":[{\"@type\":\"ListItem\",\"position\":1,\"name\":\"Noticias Oposiciones\",\"item\":\"https:\\\/\\\/www.emplea-te.com\\\/noticias-oposiciones\\\/\"},{\"@type\":\"ListItem\",\"position\":2,\"name\":\"Oposiciones Auton\u00f3micas Galicia\",\"item\":\"https:\\\/\\\/www.emplea-te.com\\\/noticias-oposiciones\\\/categoria\\\/oposiciones-autonomicas-galicia\\\/\"},{\"@type\":\"ListItem\",\"position\":3,\"name\":\"Convocatorias Ayuntamientos\",\"item\":\"https:\\\/\\\/www.emplea-te.com\\\/noticias-oposiciones\\\/categoria\\\/oposiciones-autonomicas-galicia\\\/convocatorias-ayuntamientos\\\/\"},{\"@type\":\"ListItem\",\"position\":4,\"name\":\"Ayuntamiento de A Coru\u00f1a. Publicadas Bases Selectivas para la elaboraci\u00f3n de un listado de personal funcionario interino para cubrir plazas de T\u00e9cnico de la Administraci\u00f3n General (A1)\"}]},{\"@type\":\"WebSite\",\"@id\":\"https:\\\/\\\/www.emplea-te.com\\\/noticias-oposiciones\\\/#website\",\"url\":\"https:\\\/\\\/www.emplea-te.com\\\/noticias-oposiciones\\\/\",\"name\":\"Noticas de oposiciones por Academia Emplea-te\",\"description\":\"Toda la actualidad de las ofertas y convocatorias.\",\"publisher\":{\"@id\":\"https:\\\/\\\/www.emplea-te.com\\\/noticias-oposiciones\\\/#organization\"},\"potentialAction\":[{\"@type\":\"SearchAction\",\"target\":{\"@type\":\"EntryPoint\",\"urlTemplate\":\"https:\\\/\\\/www.emplea-te.com\\\/noticias-oposiciones\\\/?s={search_term_string}\"},\"query-input\":{\"@type\":\"PropertyValueSpecification\",\"valueRequired\":true,\"valueName\":\"search_term_string\"}}],\"inLanguage\":\"es\"},{\"@type\":\"Organization\",\"@id\":\"https:\\\/\\\/www.emplea-te.com\\\/noticias-oposiciones\\\/#organization\",\"name\":\"Academia de oposiciones Empl\u00e9ate\",\"url\":\"https:\\\/\\\/www.emplea-te.com\\\/noticias-oposiciones\\\/\",\"logo\":{\"@type\":\"ImageObject\",\"inLanguage\":\"es\",\"@id\":\"https:\\\/\\\/www.emplea-te.com\\\/noticias-oposiciones\\\/#\\\/schema\\\/logo\\\/image\\\/\",\"url\":\"https:\\\/\\\/www.emplea-te.com\\\/noticias-oposiciones\\\/wp-content\\\/uploads\\\/2019\\\/04\\\/empleate.jpg\",\"contentUrl\":\"https:\\\/\\\/www.emplea-te.com\\\/noticias-oposiciones\\\/wp-content\\\/uploads\\\/2019\\\/04\\\/empleate.jpg\",\"width\":250,\"height\":150,\"caption\":\"Academia de oposiciones Empl\u00e9ate\"},\"image\":{\"@id\":\"https:\\\/\\\/www.emplea-te.com\\\/noticias-oposiciones\\\/#\\\/schema\\\/logo\\\/image\\\/\"},\"sameAs\":[\"https:\\\/\\\/www.facebook.com\\\/AcademiaEmpleate\\\/\",\"https:\\\/\\\/x.com\\\/Emplea_Te\",\"https:\\\/\\\/www.instagram.com\\\/academia_empleate\\\/\"]},{\"@type\":\"Person\",\"@id\":\"https:\\\/\\\/www.emplea-te.com\\\/noticias-oposiciones\\\/#\\\/schema\\\/person\\\/d1bc587e1af2b95e9c32aba1795509a6\",\"name\":\"Empleate\"}]}<\/script>\n<!-- \/ Yoast SEO plugin. -->","yoast_head_json":{"title":"Ayuntamiento de A Coru\u00f1a. Se publican bases para la elaboraci\u00f3n de lista para cubrir puestos de T\u00e9cnico de la Administraci\u00f3n General A1 como personal funcionario interino.","description":"Ayuntamiento de A Coru\u00f1a. Se publican bases para la elaboraci\u00f3n de lista para cubrir puestos de T\u00e9cnico de la Administraci\u00f3n General A1 como personal funcionario interino.","robots":{"index":"index","follow":"follow","max-snippet":"max-snippet:-1","max-image-preview":"max-image-preview:large","max-video-preview":"max-video-preview:-1"},"canonical":"https:\/\/www.emplea-te.com\/noticias-oposiciones\/ayuntamiento-de-a-coruna-publicadas-bases-selectivas-para-la-elaboracion-de-un-listado-de-personal-funcionario-interino-para-cubrir-plazas-de-tecnico-de-la-administracion-general-a1\/","og_locale":"es_ES","og_type":"article","og_title":"Ayuntamiento de A Coru\u00f1a. Se publican bases para la elaboraci\u00f3n de lista para cubrir puestos de T\u00e9cnico de la Administraci\u00f3n General A1 como personal funcionario interino.","og_description":"Ayuntamiento de A Coru\u00f1a. Se publican bases para la elaboraci\u00f3n de lista para cubrir puestos de T\u00e9cnico de la Administraci\u00f3n General A1 como personal funcionario interino.","og_url":"https:\/\/www.emplea-te.com\/noticias-oposiciones\/ayuntamiento-de-a-coruna-publicadas-bases-selectivas-para-la-elaboracion-de-un-listado-de-personal-funcionario-interino-para-cubrir-plazas-de-tecnico-de-la-administracion-general-a1\/","og_site_name":"Noticas de oposiciones por Academia Emplea-te","article_publisher":"https:\/\/www.facebook.com\/AcademiaEmpleate\/","article_published_time":"2021-07-01T08:05:27+00:00","og_image":[{"url":"https:\/\/www.emplea-te.com\/noticias-oposiciones\/wp-content\/uploads\/2019\/05\/Concello-coru\u00f1a-150x150.jpg","type":"","width":"","height":""}],"author":"Empleate","twitter_card":"summary_large_image","twitter_creator":"@Emplea_Te","twitter_site":"@Emplea_Te","twitter_misc":{"Escrito por":"Empleate","Tiempo de lectura":"5 minutos"},"schema":{"@context":"https:\/\/schema.org","@graph":[{"@type":"Article","@id":"https:\/\/www.emplea-te.com\/noticias-oposiciones\/ayuntamiento-de-a-coruna-publicadas-bases-selectivas-para-la-elaboracion-de-un-listado-de-personal-funcionario-interino-para-cubrir-plazas-de-tecnico-de-la-administracion-general-a1\/#article","isPartOf":{"@id":"https:\/\/www.emplea-te.com\/noticias-oposiciones\/ayuntamiento-de-a-coruna-publicadas-bases-selectivas-para-la-elaboracion-de-un-listado-de-personal-funcionario-interino-para-cubrir-plazas-de-tecnico-de-la-administracion-general-a1\/"},"author":{"name":"Empleate","@id":"https:\/\/www.emplea-te.com\/noticias-oposiciones\/#\/schema\/person\/d1bc587e1af2b95e9c32aba1795509a6"},"headline":"Ayuntamiento de A Coru\u00f1a. Publicadas Bases Selectivas para la elaboraci\u00f3n de un listado de personal funcionario interino para cubrir plazas de T\u00e9cnico de la Administraci\u00f3n General (A1)","datePublished":"2021-07-01T08:05:27+00:00","mainEntityOfPage":{"@id":"https:\/\/www.emplea-te.com\/noticias-oposiciones\/ayuntamiento-de-a-coruna-publicadas-bases-selectivas-para-la-elaboracion-de-un-listado-de-personal-funcionario-interino-para-cubrir-plazas-de-tecnico-de-la-administracion-general-a1\/"},"wordCount":1068,"publisher":{"@id":"https:\/\/www.emplea-te.com\/noticias-oposiciones\/#organization"},"keywords":["Convocatoria"],"articleSection":["Convocatorias Ayuntamientos","Oposiciones Auton\u00f3micas Galicia"],"inLanguage":"es"},{"@type":"WebPage","@id":"https:\/\/www.emplea-te.com\/noticias-oposiciones\/ayuntamiento-de-a-coruna-publicadas-bases-selectivas-para-la-elaboracion-de-un-listado-de-personal-funcionario-interino-para-cubrir-plazas-de-tecnico-de-la-administracion-general-a1\/","url":"https:\/\/www.emplea-te.com\/noticias-oposiciones\/ayuntamiento-de-a-coruna-publicadas-bases-selectivas-para-la-elaboracion-de-un-listado-de-personal-funcionario-interino-para-cubrir-plazas-de-tecnico-de-la-administracion-general-a1\/","name":"Ayuntamiento de A Coru\u00f1a. Se publican bases para la elaboraci\u00f3n de lista para cubrir puestos de T\u00e9cnico de la Administraci\u00f3n General A1 como personal funcionario interino.","isPartOf":{"@id":"https:\/\/www.emplea-te.com\/noticias-oposiciones\/#website"},"datePublished":"2021-07-01T08:05:27+00:00","description":"Ayuntamiento de A Coru\u00f1a. Se publican bases para la elaboraci\u00f3n de lista para cubrir puestos de T\u00e9cnico de la Administraci\u00f3n General A1 como personal funcionario interino.","breadcrumb":{"@id":"https:\/\/www.emplea-te.com\/noticias-oposiciones\/ayuntamiento-de-a-coruna-publicadas-bases-selectivas-para-la-elaboracion-de-un-listado-de-personal-funcionario-interino-para-cubrir-plazas-de-tecnico-de-la-administracion-general-a1\/#breadcrumb"},"inLanguage":"es","potentialAction":[{"@type":"ReadAction","target":["https:\/\/www.emplea-te.com\/noticias-oposiciones\/ayuntamiento-de-a-coruna-publicadas-bases-selectivas-para-la-elaboracion-de-un-listado-de-personal-funcionario-interino-para-cubrir-plazas-de-tecnico-de-la-administracion-general-a1\/"]}]},{"@type":"BreadcrumbList","@id":"https:\/\/www.emplea-te.com\/noticias-oposiciones\/ayuntamiento-de-a-coruna-publicadas-bases-selectivas-para-la-elaboracion-de-un-listado-de-personal-funcionario-interino-para-cubrir-plazas-de-tecnico-de-la-administracion-general-a1\/#breadcrumb","itemListElement":[{"@type":"ListItem","position":1,"name":"Noticias Oposiciones","item":"https:\/\/www.emplea-te.com\/noticias-oposiciones\/"},{"@type":"ListItem","position":2,"name":"Oposiciones Auton\u00f3micas Galicia","item":"https:\/\/www.emplea-te.com\/noticias-oposiciones\/categoria\/oposiciones-autonomicas-galicia\/"},{"@type":"ListItem","position":3,"name":"Convocatorias Ayuntamientos","item":"https:\/\/www.emplea-te.com\/noticias-oposiciones\/categoria\/oposiciones-autonomicas-galicia\/convocatorias-ayuntamientos\/"},{"@type":"ListItem","position":4,"name":"Ayuntamiento de A Coru\u00f1a. Publicadas Bases Selectivas para la elaboraci\u00f3n de un listado de personal funcionario interino para cubrir plazas de T\u00e9cnico de la Administraci\u00f3n General (A1)"}]},{"@type":"WebSite","@id":"https:\/\/www.emplea-te.com\/noticias-oposiciones\/#website","url":"https:\/\/www.emplea-te.com\/noticias-oposiciones\/","name":"Noticas de oposiciones por Academia Emplea-te","description":"Toda la actualidad de las ofertas y convocatorias.","publisher":{"@id":"https:\/\/www.emplea-te.com\/noticias-oposiciones\/#organization"},"potentialAction":[{"@type":"SearchAction","target":{"@type":"EntryPoint","urlTemplate":"https:\/\/www.emplea-te.com\/noticias-oposiciones\/?s={search_term_string}"},"query-input":{"@type":"PropertyValueSpecification","valueRequired":true,"valueName":"search_term_string"}}],"inLanguage":"es"},{"@type":"Organization","@id":"https:\/\/www.emplea-te.com\/noticias-oposiciones\/#organization","name":"Academia de oposiciones Empl\u00e9ate","url":"https:\/\/www.emplea-te.com\/noticias-oposiciones\/","logo":{"@type":"ImageObject","inLanguage":"es","@id":"https:\/\/www.emplea-te.com\/noticias-oposiciones\/#\/schema\/logo\/image\/","url":"https:\/\/www.emplea-te.com\/noticias-oposiciones\/wp-content\/uploads\/2019\/04\/empleate.jpg","contentUrl":"https:\/\/www.emplea-te.com\/noticias-oposiciones\/wp-content\/uploads\/2019\/04\/empleate.jpg","width":250,"height":150,"caption":"Academia de oposiciones Empl\u00e9ate"},"image":{"@id":"https:\/\/www.emplea-te.com\/noticias-oposiciones\/#\/schema\/logo\/image\/"},"sameAs":["https:\/\/www.facebook.com\/AcademiaEmpleate\/","https:\/\/x.com\/Emplea_Te","https:\/\/www.instagram.com\/academia_empleate\/"]},{"@type":"Person","@id":"https:\/\/www.emplea-te.com\/noticias-oposiciones\/#\/schema\/person\/d1bc587e1af2b95e9c32aba1795509a6","name":"Empleate"}]}},"_links":{"self":[{"href":"https:\/\/www.emplea-te.com\/noticias-oposiciones\/wp-json\/wp\/v2\/posts\/4917","targetHints":{"allow":["GET"]}}],"collection":[{"href":"https:\/\/www.emplea-te.com\/noticias-oposiciones\/wp-json\/wp\/v2\/posts"}],"about":[{"href":"https:\/\/www.emplea-te.com\/noticias-oposiciones\/wp-json\/wp\/v2\/types\/post"}],"author":[{"embeddable":true,"href":"https:\/\/www.emplea-te.com\/noticias-oposiciones\/wp-json\/wp\/v2\/users\/1"}],"replies":[{"embeddable":true,"href":"https:\/\/www.emplea-te.com\/noticias-oposiciones\/wp-json\/wp\/v2\/comments?post=4917"}],"version-history":[{"count":1,"href":"https:\/\/www.emplea-te.com\/noticias-oposiciones\/wp-json\/wp\/v2\/posts\/4917\/revisions"}],"predecessor-version":[{"id":4919,"href":"https:\/\/www.emplea-te.com\/noticias-oposiciones\/wp-json\/wp\/v2\/posts\/4917\/revisions\/4919"}],"wp:attachment":[{"href":"https:\/\/www.emplea-te.com\/noticias-oposiciones\/wp-json\/wp\/v2\/media?parent=4917"}],"wp:term":[{"taxonomy":"category","embeddable":true,"href":"https:\/\/www.emplea-te.com\/noticias-oposiciones\/wp-json\/wp\/v2\/categories?post=4917"},{"taxonomy":"post_tag","embeddable":true,"href":"https:\/\/www.emplea-te.com\/noticias-oposiciones\/wp-json\/wp\/v2\/tags?post=4917"}],"curies":[{"name":"wp","href":"https:\/\/api.w.org\/{rel}","templated":true}]}}