{"id":4922,"date":"2021-07-02T09:38:51","date_gmt":"2021-07-02T07:38:51","guid":{"rendered":"https:\/\/www.emplea-te.com\/noticias-oposiciones\/?p=4922"},"modified":"2021-07-02T09:38:51","modified_gmt":"2021-07-02T07:38:51","slug":"xunta-de-galicia-subalterno-a-p-publicados-criterios-de-valoracion-y-correccion-y-superacion-del-primer-ejercicio","status":"publish","type":"post","link":"https:\/\/www.emplea-te.com\/noticias-oposiciones\/xunta-de-galicia-subalterno-a-p-publicados-criterios-de-valoracion-y-correccion-y-superacion-del-primer-ejercicio\/","title":{"rendered":"Xunta de Galicia. Subalterno A.P. Publicados criterios de valoraci\u00f3n y correcci\u00f3n y superaci\u00f3n del primer ejercicio."},"content":{"rendered":"<p><img decoding=\"async\" class=\"alignnone size-full wp-image-1502\" src=\"https:\/\/www.emplea-te.com\/noticias-oposiciones\/wp-content\/uploads\/2019\/04\/xunta_De_Galicia.png\" alt=\"Oposiciones Xunta\" width=\"315\" height=\"160\" srcset=\"https:\/\/www.emplea-te.com\/noticias-oposiciones\/wp-content\/uploads\/2019\/04\/xunta_De_Galicia.png 315w, https:\/\/www.emplea-te.com\/noticias-oposiciones\/wp-content\/uploads\/2019\/04\/xunta_De_Galicia-300x152.png 300w, https:\/\/www.emplea-te.com\/noticias-oposiciones\/wp-content\/uploads\/2019\/04\/xunta_De_Galicia-20x10.png 20w\" sizes=\"(max-width: 315px) 85vw, 315px\" \/><\/p>\n<p>Subalterno A.P Xunta de Galicia.<\/p>\n<p>Se publican en la Web de Funci\u00f3n P\u00fablica de la Xunta de Galicia , los criterios de valoraci\u00f3n, correcci\u00f3n y superaci\u00f3n del Primer Ejercicio.<\/p>\n<p>&nbsp;<\/p>\n<p><strong>Cuestiones generales establecidas en las bases de la convocatoria:\u00a0<\/strong><\/p>\n<p>El primer ejercicio consistir\u00e1 en contestar por escrito a un cuestionario de sesenta (60) preguntas tipo test, propuestas por el tribunal, de las que veinte (20) corresponder\u00e1n aparte com\u00fan del programa y cuarenta (40) aparte espec\u00edfica, m\u00e1s cinco (5) preguntas de reserva, de las que dos (2) corresponder\u00e1n aparte com\u00fan del programa y tres (3) aparte espec\u00edfica y que sustituir\u00e1n las preguntas anuladas de cada parte por su orden.<\/p>\n<p>Cada pregunta contendr\u00e1 tres (3) respuestas alternativas de las que s\u00f3lo una (1) ser\u00e1 la correcta.<\/p>\n<p>Las preguntas versar\u00e1n sobre el contenido del programa que figura como anexo I de la Orden de la convocatoria.<\/p>\n<p>El ejercicio tendr\u00e1 una duraci\u00f3n de ciento veinte (120) minutos.<\/p>\n<p>El ejercicio se calificar\u00e1 de 0 a 30 puntos y, para superarlo, ser\u00e1 necesario obtener un m\u00ednimo de quince (15) puntos.<br \/>\nLe corresponder\u00e1 al tribunal determinar el nivel exigido para conseguir esta puntuaci\u00f3n m\u00ednima, para lo cual se tendr\u00e1 en cuenta que cada respuesta incorrecta descontar\u00e1 un cuarto de una pregunta correcta.<\/p>\n<p><strong>Determinaci\u00f3n de superaci\u00f3n de la prueba y n\u00famero de aprobados<\/strong><\/p>\n<p>En cumplimento de la potestad de determinaci\u00f3n del criterio de superaci\u00f3n del ejercicio indicado, el Tribunal acord\u00f3 que superar\u00e1n el primer ejercicio las personas aspirantes que consigan las mejores puntuaciones hasta completar el n\u00famero m\u00e1ximo de mil (1.000), siempre que hayan obtenido un m\u00ednimo de treinta (30) respuestas correctas (una vez hechas las deducciones por respuestas incorrectas, que descontar\u00e1n cada una de ellas un cuarto de una respuesta correcta). Las preguntas no contestadas no penalizan ni reciben puntuaci\u00f3n.<\/p>\n<p>Todas las personas aspirantes con id\u00e9ntica puntuaci\u00f3n la aquella persona aprobada que marque el corte se consideran igualmente aprobadas aunque se superara el n\u00famero de aspirantes antes indicado (1.000).<\/p>\n<p>Se asignar\u00e1 la valoraci\u00f3n de 15 puntos en el ejercicio a las personas aspirantes que obtengan una nota equivalente a la nota de corte fijada.<br \/>\nEl resto de las personas declaradas aptas tendr\u00e1 una calificaci\u00f3n distribuida entre los quince (15) y los treinta (30) puntos, proporcional al n\u00famero de respuestas correctas.<br \/>\nDel mismo modo se asignar\u00e1 la puntuaci\u00f3n proporcional que corresponda a las personas aspirantes declaradas no aptas.<\/p>\n<p><a href=\"http:\/\/www.xunta.es\/rcp\/listas\/rcp_opo\/opo_visor_novas.jsp?urlAcceso=109Y125A118B127U115D124E76K116C54N107W109E121J121F117I120V63Y52D52X124W124H124N51R125M122J115A121J102F51Q108Z102W113I52F105E125O107U117W52B75W122P115W104P110B116P115I102J119O110Y116D120X52P84M85X74U55J53R54N61K52D55P53F58B58T52Y72P119J110S121J106E119M110N116U120P74B125I54U51F117S105G107K124A127C84T103F106B106A119E110A107E53N&amp;controlAcceso=121V106Z119A114N107Q80H108I109K59J126S53S55C53Z60Y55P53W55M54W117I118B107F108M103D116H56S122G102M71O\" target=\"_blank\" rel=\"noopener noreferrer\">Desde este enlace, puedes acceder a los criterios establecidos para la superaci\u00f3n del prime ejercicio<\/a><\/p>\n<p>&nbsp;<\/p>\n<p>&nbsp;<\/p>\n","protected":false},"excerpt":{"rendered":"<p>Subalterno A.P Xunta de Galicia. Se publican en la Web de Funci\u00f3n P\u00fablica de la Xunta de Galicia , los criterios de valoraci\u00f3n, correcci\u00f3n y superaci\u00f3n del Primer Ejercicio. &nbsp; Cuestiones generales establecidas en las bases de la convocatoria:\u00a0 El primer ejercicio consistir\u00e1 en contestar por escrito a un cuestionario de sesenta (60) preguntas tipo &hellip; <a href=\"https:\/\/www.emplea-te.com\/noticias-oposiciones\/xunta-de-galicia-subalterno-a-p-publicados-criterios-de-valoracion-y-correccion-y-superacion-del-primer-ejercicio\/\" class=\"more-link\">Continuar leyendo<span class=\"screen-reader-text\"> \u00abXunta de Galicia. Subalterno A.P. Publicados criterios de valoraci\u00f3n y correcci\u00f3n y superaci\u00f3n del primer ejercicio.\u00bb<\/span><\/a><\/p>\n","protected":false},"author":1,"featured_media":0,"comment_status":"closed","ping_status":"closed","sticky":false,"template":"","format":"standard","meta":{"footnotes":""},"categories":[4,43],"tags":[49],"class_list":["post-4922","post","type-post","status-publish","format-standard","hentry","category-oposiciones-xunta","category-subalterno-a-p","tag-convocatorias-de-oposiciones"],"yoast_head":"<!-- This site is optimized with the Yoast SEO plugin v27.5 - https:\/\/yoast.com\/product\/yoast-seo-wordpress\/ -->\n<title>Subalterno Xunta de Galicia. Criterios de Valoraci\u00f3n correcci\u00f3n y superaci\u00f3n del primer ejercicio.<\/title>\n<meta name=\"description\" content=\"Subalterno Xunta de Galicia. Criterios de Valoraci\u00f3n correcci\u00f3n y superaci\u00f3n del primer ejercicio.\" \/>\n<meta name=\"robots\" content=\"index, follow, max-snippet:-1, max-image-preview:large, max-video-preview:-1\" \/>\n<link rel=\"canonical\" href=\"https:\/\/www.emplea-te.com\/noticias-oposiciones\/xunta-de-galicia-subalterno-a-p-publicados-criterios-de-valoracion-y-correccion-y-superacion-del-primer-ejercicio\/\" \/>\n<meta property=\"og:locale\" content=\"es_ES\" \/>\n<meta property=\"og:type\" content=\"article\" \/>\n<meta property=\"og:title\" content=\"Subalterno Xunta de Galicia. Criterios de Valoraci\u00f3n correcci\u00f3n y superaci\u00f3n del primer ejercicio.\" \/>\n<meta property=\"og:description\" content=\"Subalterno Xunta de Galicia. Criterios de Valoraci\u00f3n correcci\u00f3n y superaci\u00f3n del primer ejercicio.\" \/>\n<meta property=\"og:url\" content=\"https:\/\/www.emplea-te.com\/noticias-oposiciones\/xunta-de-galicia-subalterno-a-p-publicados-criterios-de-valoracion-y-correccion-y-superacion-del-primer-ejercicio\/\" \/>\n<meta property=\"og:site_name\" content=\"Noticas de oposiciones por Academia Emplea-te\" \/>\n<meta property=\"article:publisher\" content=\"https:\/\/www.facebook.com\/AcademiaEmpleate\/\" \/>\n<meta property=\"article:published_time\" content=\"2021-07-02T07:38:51+00:00\" \/>\n<meta property=\"og:image\" content=\"https:\/\/www.emplea-te.com\/noticias-oposiciones\/wp-content\/uploads\/2019\/04\/xunta_De_Galicia.png\" \/>\n<meta name=\"author\" content=\"Empleate\" \/>\n<meta name=\"twitter:card\" content=\"summary_large_image\" \/>\n<meta name=\"twitter:creator\" content=\"@Emplea_Te\" \/>\n<meta name=\"twitter:site\" content=\"@Emplea_Te\" \/>\n<meta name=\"twitter:label1\" content=\"Escrito por\" \/>\n\t<meta name=\"twitter:data1\" content=\"Empleate\" \/>\n\t<meta name=\"twitter:label2\" content=\"Tiempo de lectura\" \/>\n\t<meta name=\"twitter:data2\" content=\"2 minutos\" \/>\n<script type=\"application\/ld+json\" class=\"yoast-schema-graph\">{\"@context\":\"https:\\\/\\\/schema.org\",\"@graph\":[{\"@type\":\"Article\",\"@id\":\"https:\\\/\\\/www.emplea-te.com\\\/noticias-oposiciones\\\/xunta-de-galicia-subalterno-a-p-publicados-criterios-de-valoracion-y-correccion-y-superacion-del-primer-ejercicio\\\/#article\",\"isPartOf\":{\"@id\":\"https:\\\/\\\/www.emplea-te.com\\\/noticias-oposiciones\\\/xunta-de-galicia-subalterno-a-p-publicados-criterios-de-valoracion-y-correccion-y-superacion-del-primer-ejercicio\\\/\"},\"author\":{\"name\":\"Empleate\",\"@id\":\"https:\\\/\\\/www.emplea-te.com\\\/noticias-oposiciones\\\/#\\\/schema\\\/person\\\/d1bc587e1af2b95e9c32aba1795509a6\"},\"headline\":\"Xunta de Galicia. Subalterno A.P. Publicados criterios de valoraci\u00f3n y correcci\u00f3n y superaci\u00f3n del primer ejercicio.\",\"datePublished\":\"2021-07-02T07:38:51+00:00\",\"mainEntityOfPage\":{\"@id\":\"https:\\\/\\\/www.emplea-te.com\\\/noticias-oposiciones\\\/xunta-de-galicia-subalterno-a-p-publicados-criterios-de-valoracion-y-correccion-y-superacion-del-primer-ejercicio\\\/\"},\"wordCount\":447,\"publisher\":{\"@id\":\"https:\\\/\\\/www.emplea-te.com\\\/noticias-oposiciones\\\/#organization\"},\"image\":{\"@id\":\"https:\\\/\\\/www.emplea-te.com\\\/noticias-oposiciones\\\/xunta-de-galicia-subalterno-a-p-publicados-criterios-de-valoracion-y-correccion-y-superacion-del-primer-ejercicio\\\/#primaryimage\"},\"thumbnailUrl\":\"https:\\\/\\\/www.emplea-te.com\\\/noticias-oposiciones\\\/wp-content\\\/uploads\\\/2019\\\/04\\\/xunta_De_Galicia.png\",\"keywords\":[\"Convocatoria\"],\"articleSection\":[\"Oposiciones Xunta\",\"Subalterno A.P Xunta de Galicia\"],\"inLanguage\":\"es\"},{\"@type\":\"WebPage\",\"@id\":\"https:\\\/\\\/www.emplea-te.com\\\/noticias-oposiciones\\\/xunta-de-galicia-subalterno-a-p-publicados-criterios-de-valoracion-y-correccion-y-superacion-del-primer-ejercicio\\\/\",\"url\":\"https:\\\/\\\/www.emplea-te.com\\\/noticias-oposiciones\\\/xunta-de-galicia-subalterno-a-p-publicados-criterios-de-valoracion-y-correccion-y-superacion-del-primer-ejercicio\\\/\",\"name\":\"Subalterno Xunta de Galicia. Criterios de Valoraci\u00f3n correcci\u00f3n y superaci\u00f3n del primer ejercicio.\",\"isPartOf\":{\"@id\":\"https:\\\/\\\/www.emplea-te.com\\\/noticias-oposiciones\\\/#website\"},\"primaryImageOfPage\":{\"@id\":\"https:\\\/\\\/www.emplea-te.com\\\/noticias-oposiciones\\\/xunta-de-galicia-subalterno-a-p-publicados-criterios-de-valoracion-y-correccion-y-superacion-del-primer-ejercicio\\\/#primaryimage\"},\"image\":{\"@id\":\"https:\\\/\\\/www.emplea-te.com\\\/noticias-oposiciones\\\/xunta-de-galicia-subalterno-a-p-publicados-criterios-de-valoracion-y-correccion-y-superacion-del-primer-ejercicio\\\/#primaryimage\"},\"thumbnailUrl\":\"https:\\\/\\\/www.emplea-te.com\\\/noticias-oposiciones\\\/wp-content\\\/uploads\\\/2019\\\/04\\\/xunta_De_Galicia.png\",\"datePublished\":\"2021-07-02T07:38:51+00:00\",\"description\":\"Subalterno Xunta de Galicia. Criterios de Valoraci\u00f3n correcci\u00f3n y superaci\u00f3n del primer ejercicio.\",\"breadcrumb\":{\"@id\":\"https:\\\/\\\/www.emplea-te.com\\\/noticias-oposiciones\\\/xunta-de-galicia-subalterno-a-p-publicados-criterios-de-valoracion-y-correccion-y-superacion-del-primer-ejercicio\\\/#breadcrumb\"},\"inLanguage\":\"es\",\"potentialAction\":[{\"@type\":\"ReadAction\",\"target\":[\"https:\\\/\\\/www.emplea-te.com\\\/noticias-oposiciones\\\/xunta-de-galicia-subalterno-a-p-publicados-criterios-de-valoracion-y-correccion-y-superacion-del-primer-ejercicio\\\/\"]}]},{\"@type\":\"ImageObject\",\"inLanguage\":\"es\",\"@id\":\"https:\\\/\\\/www.emplea-te.com\\\/noticias-oposiciones\\\/xunta-de-galicia-subalterno-a-p-publicados-criterios-de-valoracion-y-correccion-y-superacion-del-primer-ejercicio\\\/#primaryimage\",\"url\":\"https:\\\/\\\/www.emplea-te.com\\\/noticias-oposiciones\\\/wp-content\\\/uploads\\\/2019\\\/04\\\/xunta_De_Galicia.png\",\"contentUrl\":\"https:\\\/\\\/www.emplea-te.com\\\/noticias-oposiciones\\\/wp-content\\\/uploads\\\/2019\\\/04\\\/xunta_De_Galicia.png\",\"width\":315,\"height\":160,\"caption\":\"Oposiciones Xunta\"},{\"@type\":\"BreadcrumbList\",\"@id\":\"https:\\\/\\\/www.emplea-te.com\\\/noticias-oposiciones\\\/xunta-de-galicia-subalterno-a-p-publicados-criterios-de-valoracion-y-correccion-y-superacion-del-primer-ejercicio\\\/#breadcrumb\",\"itemListElement\":[{\"@type\":\"ListItem\",\"position\":1,\"name\":\"Noticias Oposiciones\",\"item\":\"https:\\\/\\\/www.emplea-te.com\\\/noticias-oposiciones\\\/\"},{\"@type\":\"ListItem\",\"position\":2,\"name\":\"Oposiciones Xunta\",\"item\":\"https:\\\/\\\/www.emplea-te.com\\\/noticias-oposiciones\\\/categoria\\\/oposiciones-xunta\\\/\"},{\"@type\":\"ListItem\",\"position\":3,\"name\":\"Xunta de Galicia. Subalterno A.P. Publicados criterios de valoraci\u00f3n y correcci\u00f3n y superaci\u00f3n del primer ejercicio.\"}]},{\"@type\":\"WebSite\",\"@id\":\"https:\\\/\\\/www.emplea-te.com\\\/noticias-oposiciones\\\/#website\",\"url\":\"https:\\\/\\\/www.emplea-te.com\\\/noticias-oposiciones\\\/\",\"name\":\"Noticas de oposiciones por Academia Emplea-te\",\"description\":\"Toda la actualidad de las ofertas y convocatorias.\",\"publisher\":{\"@id\":\"https:\\\/\\\/www.emplea-te.com\\\/noticias-oposiciones\\\/#organization\"},\"potentialAction\":[{\"@type\":\"SearchAction\",\"target\":{\"@type\":\"EntryPoint\",\"urlTemplate\":\"https:\\\/\\\/www.emplea-te.com\\\/noticias-oposiciones\\\/?s={search_term_string}\"},\"query-input\":{\"@type\":\"PropertyValueSpecification\",\"valueRequired\":true,\"valueName\":\"search_term_string\"}}],\"inLanguage\":\"es\"},{\"@type\":\"Organization\",\"@id\":\"https:\\\/\\\/www.emplea-te.com\\\/noticias-oposiciones\\\/#organization\",\"name\":\"Academia de oposiciones Empl\u00e9ate\",\"url\":\"https:\\\/\\\/www.emplea-te.com\\\/noticias-oposiciones\\\/\",\"logo\":{\"@type\":\"ImageObject\",\"inLanguage\":\"es\",\"@id\":\"https:\\\/\\\/www.emplea-te.com\\\/noticias-oposiciones\\\/#\\\/schema\\\/logo\\\/image\\\/\",\"url\":\"https:\\\/\\\/www.emplea-te.com\\\/noticias-oposiciones\\\/wp-content\\\/uploads\\\/2019\\\/04\\\/empleate.jpg\",\"contentUrl\":\"https:\\\/\\\/www.emplea-te.com\\\/noticias-oposiciones\\\/wp-content\\\/uploads\\\/2019\\\/04\\\/empleate.jpg\",\"width\":250,\"height\":150,\"caption\":\"Academia de oposiciones Empl\u00e9ate\"},\"image\":{\"@id\":\"https:\\\/\\\/www.emplea-te.com\\\/noticias-oposiciones\\\/#\\\/schema\\\/logo\\\/image\\\/\"},\"sameAs\":[\"https:\\\/\\\/www.facebook.com\\\/AcademiaEmpleate\\\/\",\"https:\\\/\\\/x.com\\\/Emplea_Te\",\"https:\\\/\\\/www.instagram.com\\\/academia_empleate\\\/\"]},{\"@type\":\"Person\",\"@id\":\"https:\\\/\\\/www.emplea-te.com\\\/noticias-oposiciones\\\/#\\\/schema\\\/person\\\/d1bc587e1af2b95e9c32aba1795509a6\",\"name\":\"Empleate\"}]}<\/script>\n<!-- \/ Yoast SEO plugin. -->","yoast_head_json":{"title":"Subalterno Xunta de Galicia. Criterios de Valoraci\u00f3n correcci\u00f3n y superaci\u00f3n del primer ejercicio.","description":"Subalterno Xunta de Galicia. Criterios de Valoraci\u00f3n correcci\u00f3n y superaci\u00f3n del primer ejercicio.","robots":{"index":"index","follow":"follow","max-snippet":"max-snippet:-1","max-image-preview":"max-image-preview:large","max-video-preview":"max-video-preview:-1"},"canonical":"https:\/\/www.emplea-te.com\/noticias-oposiciones\/xunta-de-galicia-subalterno-a-p-publicados-criterios-de-valoracion-y-correccion-y-superacion-del-primer-ejercicio\/","og_locale":"es_ES","og_type":"article","og_title":"Subalterno Xunta de Galicia. Criterios de Valoraci\u00f3n correcci\u00f3n y superaci\u00f3n del primer ejercicio.","og_description":"Subalterno Xunta de Galicia. Criterios de Valoraci\u00f3n correcci\u00f3n y superaci\u00f3n del primer ejercicio.","og_url":"https:\/\/www.emplea-te.com\/noticias-oposiciones\/xunta-de-galicia-subalterno-a-p-publicados-criterios-de-valoracion-y-correccion-y-superacion-del-primer-ejercicio\/","og_site_name":"Noticas de oposiciones por Academia Emplea-te","article_publisher":"https:\/\/www.facebook.com\/AcademiaEmpleate\/","article_published_time":"2021-07-02T07:38:51+00:00","og_image":[{"url":"https:\/\/www.emplea-te.com\/noticias-oposiciones\/wp-content\/uploads\/2019\/04\/xunta_De_Galicia.png","type":"","width":"","height":""}],"author":"Empleate","twitter_card":"summary_large_image","twitter_creator":"@Emplea_Te","twitter_site":"@Emplea_Te","twitter_misc":{"Escrito por":"Empleate","Tiempo de lectura":"2 minutos"},"schema":{"@context":"https:\/\/schema.org","@graph":[{"@type":"Article","@id":"https:\/\/www.emplea-te.com\/noticias-oposiciones\/xunta-de-galicia-subalterno-a-p-publicados-criterios-de-valoracion-y-correccion-y-superacion-del-primer-ejercicio\/#article","isPartOf":{"@id":"https:\/\/www.emplea-te.com\/noticias-oposiciones\/xunta-de-galicia-subalterno-a-p-publicados-criterios-de-valoracion-y-correccion-y-superacion-del-primer-ejercicio\/"},"author":{"name":"Empleate","@id":"https:\/\/www.emplea-te.com\/noticias-oposiciones\/#\/schema\/person\/d1bc587e1af2b95e9c32aba1795509a6"},"headline":"Xunta de Galicia. Subalterno A.P. Publicados criterios de valoraci\u00f3n y correcci\u00f3n y superaci\u00f3n del primer ejercicio.","datePublished":"2021-07-02T07:38:51+00:00","mainEntityOfPage":{"@id":"https:\/\/www.emplea-te.com\/noticias-oposiciones\/xunta-de-galicia-subalterno-a-p-publicados-criterios-de-valoracion-y-correccion-y-superacion-del-primer-ejercicio\/"},"wordCount":447,"publisher":{"@id":"https:\/\/www.emplea-te.com\/noticias-oposiciones\/#organization"},"image":{"@id":"https:\/\/www.emplea-te.com\/noticias-oposiciones\/xunta-de-galicia-subalterno-a-p-publicados-criterios-de-valoracion-y-correccion-y-superacion-del-primer-ejercicio\/#primaryimage"},"thumbnailUrl":"https:\/\/www.emplea-te.com\/noticias-oposiciones\/wp-content\/uploads\/2019\/04\/xunta_De_Galicia.png","keywords":["Convocatoria"],"articleSection":["Oposiciones Xunta","Subalterno A.P Xunta de Galicia"],"inLanguage":"es"},{"@type":"WebPage","@id":"https:\/\/www.emplea-te.com\/noticias-oposiciones\/xunta-de-galicia-subalterno-a-p-publicados-criterios-de-valoracion-y-correccion-y-superacion-del-primer-ejercicio\/","url":"https:\/\/www.emplea-te.com\/noticias-oposiciones\/xunta-de-galicia-subalterno-a-p-publicados-criterios-de-valoracion-y-correccion-y-superacion-del-primer-ejercicio\/","name":"Subalterno Xunta de Galicia. Criterios de Valoraci\u00f3n correcci\u00f3n y superaci\u00f3n del primer ejercicio.","isPartOf":{"@id":"https:\/\/www.emplea-te.com\/noticias-oposiciones\/#website"},"primaryImageOfPage":{"@id":"https:\/\/www.emplea-te.com\/noticias-oposiciones\/xunta-de-galicia-subalterno-a-p-publicados-criterios-de-valoracion-y-correccion-y-superacion-del-primer-ejercicio\/#primaryimage"},"image":{"@id":"https:\/\/www.emplea-te.com\/noticias-oposiciones\/xunta-de-galicia-subalterno-a-p-publicados-criterios-de-valoracion-y-correccion-y-superacion-del-primer-ejercicio\/#primaryimage"},"thumbnailUrl":"https:\/\/www.emplea-te.com\/noticias-oposiciones\/wp-content\/uploads\/2019\/04\/xunta_De_Galicia.png","datePublished":"2021-07-02T07:38:51+00:00","description":"Subalterno Xunta de Galicia. Criterios de Valoraci\u00f3n correcci\u00f3n y superaci\u00f3n del primer ejercicio.","breadcrumb":{"@id":"https:\/\/www.emplea-te.com\/noticias-oposiciones\/xunta-de-galicia-subalterno-a-p-publicados-criterios-de-valoracion-y-correccion-y-superacion-del-primer-ejercicio\/#breadcrumb"},"inLanguage":"es","potentialAction":[{"@type":"ReadAction","target":["https:\/\/www.emplea-te.com\/noticias-oposiciones\/xunta-de-galicia-subalterno-a-p-publicados-criterios-de-valoracion-y-correccion-y-superacion-del-primer-ejercicio\/"]}]},{"@type":"ImageObject","inLanguage":"es","@id":"https:\/\/www.emplea-te.com\/noticias-oposiciones\/xunta-de-galicia-subalterno-a-p-publicados-criterios-de-valoracion-y-correccion-y-superacion-del-primer-ejercicio\/#primaryimage","url":"https:\/\/www.emplea-te.com\/noticias-oposiciones\/wp-content\/uploads\/2019\/04\/xunta_De_Galicia.png","contentUrl":"https:\/\/www.emplea-te.com\/noticias-oposiciones\/wp-content\/uploads\/2019\/04\/xunta_De_Galicia.png","width":315,"height":160,"caption":"Oposiciones Xunta"},{"@type":"BreadcrumbList","@id":"https:\/\/www.emplea-te.com\/noticias-oposiciones\/xunta-de-galicia-subalterno-a-p-publicados-criterios-de-valoracion-y-correccion-y-superacion-del-primer-ejercicio\/#breadcrumb","itemListElement":[{"@type":"ListItem","position":1,"name":"Noticias Oposiciones","item":"https:\/\/www.emplea-te.com\/noticias-oposiciones\/"},{"@type":"ListItem","position":2,"name":"Oposiciones Xunta","item":"https:\/\/www.emplea-te.com\/noticias-oposiciones\/categoria\/oposiciones-xunta\/"},{"@type":"ListItem","position":3,"name":"Xunta de Galicia. Subalterno A.P. Publicados criterios de valoraci\u00f3n y correcci\u00f3n y superaci\u00f3n del primer ejercicio."}]},{"@type":"WebSite","@id":"https:\/\/www.emplea-te.com\/noticias-oposiciones\/#website","url":"https:\/\/www.emplea-te.com\/noticias-oposiciones\/","name":"Noticas de oposiciones por Academia Emplea-te","description":"Toda la actualidad de las ofertas y convocatorias.","publisher":{"@id":"https:\/\/www.emplea-te.com\/noticias-oposiciones\/#organization"},"potentialAction":[{"@type":"SearchAction","target":{"@type":"EntryPoint","urlTemplate":"https:\/\/www.emplea-te.com\/noticias-oposiciones\/?s={search_term_string}"},"query-input":{"@type":"PropertyValueSpecification","valueRequired":true,"valueName":"search_term_string"}}],"inLanguage":"es"},{"@type":"Organization","@id":"https:\/\/www.emplea-te.com\/noticias-oposiciones\/#organization","name":"Academia de oposiciones Empl\u00e9ate","url":"https:\/\/www.emplea-te.com\/noticias-oposiciones\/","logo":{"@type":"ImageObject","inLanguage":"es","@id":"https:\/\/www.emplea-te.com\/noticias-oposiciones\/#\/schema\/logo\/image\/","url":"https:\/\/www.emplea-te.com\/noticias-oposiciones\/wp-content\/uploads\/2019\/04\/empleate.jpg","contentUrl":"https:\/\/www.emplea-te.com\/noticias-oposiciones\/wp-content\/uploads\/2019\/04\/empleate.jpg","width":250,"height":150,"caption":"Academia de oposiciones Empl\u00e9ate"},"image":{"@id":"https:\/\/www.emplea-te.com\/noticias-oposiciones\/#\/schema\/logo\/image\/"},"sameAs":["https:\/\/www.facebook.com\/AcademiaEmpleate\/","https:\/\/x.com\/Emplea_Te","https:\/\/www.instagram.com\/academia_empleate\/"]},{"@type":"Person","@id":"https:\/\/www.emplea-te.com\/noticias-oposiciones\/#\/schema\/person\/d1bc587e1af2b95e9c32aba1795509a6","name":"Empleate"}]}},"_links":{"self":[{"href":"https:\/\/www.emplea-te.com\/noticias-oposiciones\/wp-json\/wp\/v2\/posts\/4922","targetHints":{"allow":["GET"]}}],"collection":[{"href":"https:\/\/www.emplea-te.com\/noticias-oposiciones\/wp-json\/wp\/v2\/posts"}],"about":[{"href":"https:\/\/www.emplea-te.com\/noticias-oposiciones\/wp-json\/wp\/v2\/types\/post"}],"author":[{"embeddable":true,"href":"https:\/\/www.emplea-te.com\/noticias-oposiciones\/wp-json\/wp\/v2\/users\/1"}],"replies":[{"embeddable":true,"href":"https:\/\/www.emplea-te.com\/noticias-oposiciones\/wp-json\/wp\/v2\/comments?post=4922"}],"version-history":[{"count":1,"href":"https:\/\/www.emplea-te.com\/noticias-oposiciones\/wp-json\/wp\/v2\/posts\/4922\/revisions"}],"predecessor-version":[{"id":4923,"href":"https:\/\/www.emplea-te.com\/noticias-oposiciones\/wp-json\/wp\/v2\/posts\/4922\/revisions\/4923"}],"wp:attachment":[{"href":"https:\/\/www.emplea-te.com\/noticias-oposiciones\/wp-json\/wp\/v2\/media?parent=4922"}],"wp:term":[{"taxonomy":"category","embeddable":true,"href":"https:\/\/www.emplea-te.com\/noticias-oposiciones\/wp-json\/wp\/v2\/categories?post=4922"},{"taxonomy":"post_tag","embeddable":true,"href":"https:\/\/www.emplea-te.com\/noticias-oposiciones\/wp-json\/wp\/v2\/tags?post=4922"}],"curies":[{"name":"wp","href":"https:\/\/api.w.org\/{rel}","templated":true}]}}