{"id":4929,"date":"2021-07-05T10:21:07","date_gmt":"2021-07-05T08:21:07","guid":{"rendered":"https:\/\/www.emplea-te.com\/noticias-oposiciones\/?p=4929"},"modified":"2021-07-05T10:21:07","modified_gmt":"2021-07-05T08:21:07","slug":"subalterno-a-p-plantillas-de-respuestas-y-modelos-de-examenes-realizados-el-dia-4-de-julio-de-2021","status":"publish","type":"post","link":"https:\/\/www.emplea-te.com\/noticias-oposiciones\/subalterno-a-p-plantillas-de-respuestas-y-modelos-de-examenes-realizados-el-dia-4-de-julio-de-2021\/","title":{"rendered":"Subalterno A.P. Plantillas de respuestas y modelos de ex\u00e1menes realizados el d\u00eda 4 de julio de 2021"},"content":{"rendered":"<p><img decoding=\"async\" class=\"alignnone size-full wp-image-1502\" src=\"https:\/\/www.emplea-te.com\/noticias-oposiciones\/wp-content\/uploads\/2019\/04\/xunta_De_Galicia.png\" alt=\"Oposiciones Xunta\" width=\"315\" height=\"160\" srcset=\"https:\/\/www.emplea-te.com\/noticias-oposiciones\/wp-content\/uploads\/2019\/04\/xunta_De_Galicia.png 315w, https:\/\/www.emplea-te.com\/noticias-oposiciones\/wp-content\/uploads\/2019\/04\/xunta_De_Galicia-300x152.png 300w, https:\/\/www.emplea-te.com\/noticias-oposiciones\/wp-content\/uploads\/2019\/04\/xunta_De_Galicia-20x10.png 20w\" sizes=\"(max-width: 315px) 85vw, 315px\" \/><\/p>\n<p>Se publica en la Web de Funci\u00f3n P\u00fablica de la Xunta de Galicia la Plantilla de Respuetas y modelos de ex\u00e1menes realizados ayer, d\u00eda 4 de julio de 2021 en turno de ma\u00f1ana y tarde:<\/p>\n<p><a href=\"http:\/\/www.xunta.es\/rcp\/listas\/rcp_opo\/opo_visor_novas.jsp?urlAcceso=109V56D120I109A103D83Y118S116R115T123Z109H121H121P117B120I63Z52E52U124Q124N124F51Q125Q122I115U121U102X51I106F120A52W105J125C107K117X52O75P122O115K104G110Q116C115O102T119M110Q116G120Q52U84Y85F74G55Y53F54R61G52Q55Y53W58O58J52M106D125A54F52E74E93P70R82T74D83N100H82H70K51R117Q105J107V110I60V119D78J123O114P118M102T124W102P&amp;controlAcceso=111I123V103V108R116O110N57V76H104K115S53S58A53I60V55B53P55U54J105N119C86V124X121J62T119X121U111S103B\" target=\"_blank\" rel=\"noopener noreferrer\">Examen Turno de ma\u00f1ana<\/a><\/p>\n<p><a href=\"http:\/\/www.xunta.es\/rcp\/listas\/rcp_opo\/opo_visor_novas.jsp?urlAcceso=127Z123B117N126U61S105P85J114B119V112P109W121B121Z117M120Y63W52U52M124M124R124M51P125C122H115R121J102S51Z106N120R52G105Q125X107F117Q52D75R122X115I104O110W116Q115G102R119U110H116X120U52O84W85J74S55C53E54C61R52C55Z53P58X58F52N106G125W54K52V74S93O70C82C74A83G100W89K70Z51C117R105Y107Y105I54K107S119F103O103M127T111S83T107Y&amp;controlAcceso=111I123V103V108R116O110N57V76H104K115S53S58A53I60V55B53P55U54J105N119C86V124X121J62T119X121U111S103B\" target=\"_blank\" rel=\"noopener noreferrer\">Examen turno de tarde<\/a><\/p>\n<p><a href=\"http:\/\/www.xunta.es\/rcp\/listas\/rcp_opo\/opo_visor_novas.jsp?urlAcceso=112W76D105K121I62X121B112G104Y125C106N109U121M121I117U120R63O52F52G124T124S124D51R125A122P115B121J102T51T106A120H52G105W125B107F117Q52M75X122J115J104Y110Q116K115Y102C119Z110M116V120R52V84R85Q74P55Y53H54G61C52P55Y53C58M58O52J106A125X54G52K85O81X70R83I89D78P81J81U70O100J82P70J51J117U105P107P112S112K71B56F106Y106A122F120K103H125D&amp;controlAcceso=111I123V103V108R116O110N57V76H104K115S53S58A53I60V55B53P55U54J105N119C86V124X121J62T119X121U111S103B\" target=\"_blank\" rel=\"noopener noreferrer\">Plantilla respuestas turno de ma\u00f1ana<\/a><\/p>\n<p><a href=\"http:\/\/www.xunta.es\/rcp\/listas\/rcp_opo\/opo_visor_novas.jsp?urlAcceso=119E108D56O109S125U109D107M114A109E84A109F121U121J117X120H63Y52O52Q124S124H124P51Z125K122S115J121X102V51Z106C120H52K105E125A107T117E52C75F122W115K104H110S116F115D102W119N110O116R120F52J84T85M74H55J53R54R61S52P55K53A58R58H52R106B125R54Y52P85U81P70M83N89Y78T81S81S70V100G89C70Z51N117N105U107N105R127C104G85N127A109V102J55Q122Y116J&amp;controlAcceso=111I123V103V108R116O110N57V76H104K115S53S58A53I60V55B53P55U54J105N119C86V124X121J62T119X121U111S103B\" target=\"_blank\" rel=\"noopener noreferrer\">Plantilla de respuestas turno de tarde<\/a><\/p>\n<p>&nbsp;<\/p>\n<p>&nbsp;<\/p>\n","protected":false},"excerpt":{"rendered":"<p>Se publica en la Web de Funci\u00f3n P\u00fablica de la Xunta de Galicia la Plantilla de Respuetas y modelos de ex\u00e1menes realizados ayer, d\u00eda 4 de julio de 2021 en turno de ma\u00f1ana y tarde: Examen Turno de ma\u00f1ana Examen turno de tarde Plantilla respuestas turno de ma\u00f1ana Plantilla de respuestas turno de tarde &nbsp; &hellip; <a href=\"https:\/\/www.emplea-te.com\/noticias-oposiciones\/subalterno-a-p-plantillas-de-respuestas-y-modelos-de-examenes-realizados-el-dia-4-de-julio-de-2021\/\" class=\"more-link\">Continuar leyendo<span class=\"screen-reader-text\"> \u00abSubalterno A.P. Plantillas de respuestas y modelos de ex\u00e1menes realizados el d\u00eda 4 de julio de 2021\u00bb<\/span><\/a><\/p>\n","protected":false},"author":1,"featured_media":0,"comment_status":"closed","ping_status":"closed","sticky":false,"template":"","format":"standard","meta":{"footnotes":""},"categories":[4,43],"tags":[82],"class_list":["post-4929","post","type-post","status-publish","format-standard","hentry","category-oposiciones-xunta","category-subalterno-a-p","tag-acceso-libre"],"yoast_head":"<!-- This site is optimized with the Yoast SEO plugin v27.5 - https:\/\/yoast.com\/product\/yoast-seo-wordpress\/ -->\n<title>Publicados modelo de examen y plantillas de respuestas del ejercicio de Sublaterno AP xunta de Galicia realizado el d\u00eda 4 de julio de 2021<\/title>\n<meta name=\"description\" content=\"Publicados modelo de examen y plantillas de respuestas del ejercicio de Sublaterno AP xunta de Galicia realizado el d\u00eda 4 de julio de 2021\" \/>\n<meta name=\"robots\" content=\"index, follow, max-snippet:-1, max-image-preview:large, max-video-preview:-1\" \/>\n<link rel=\"canonical\" href=\"https:\/\/www.emplea-te.com\/noticias-oposiciones\/subalterno-a-p-plantillas-de-respuestas-y-modelos-de-examenes-realizados-el-dia-4-de-julio-de-2021\/\" \/>\n<meta property=\"og:locale\" content=\"es_ES\" \/>\n<meta property=\"og:type\" content=\"article\" \/>\n<meta property=\"og:title\" content=\"Publicados modelo de examen y plantillas de respuestas del ejercicio de Sublaterno AP xunta de Galicia realizado el d\u00eda 4 de julio de 2021\" \/>\n<meta property=\"og:description\" content=\"Publicados modelo de examen y plantillas de respuestas del ejercicio de Sublaterno AP xunta de Galicia realizado el d\u00eda 4 de julio de 2021\" \/>\n<meta property=\"og:url\" content=\"https:\/\/www.emplea-te.com\/noticias-oposiciones\/subalterno-a-p-plantillas-de-respuestas-y-modelos-de-examenes-realizados-el-dia-4-de-julio-de-2021\/\" \/>\n<meta property=\"og:site_name\" content=\"Noticas de oposiciones por Academia Emplea-te\" \/>\n<meta property=\"article:publisher\" content=\"https:\/\/www.facebook.com\/AcademiaEmpleate\/\" \/>\n<meta property=\"article:published_time\" content=\"2021-07-05T08:21:07+00:00\" \/>\n<meta property=\"og:image\" content=\"https:\/\/www.emplea-te.com\/noticias-oposiciones\/wp-content\/uploads\/2019\/04\/xunta_De_Galicia.png\" \/>\n<meta name=\"author\" content=\"Empleate\" \/>\n<meta name=\"twitter:card\" content=\"summary_large_image\" \/>\n<meta name=\"twitter:creator\" content=\"@Emplea_Te\" \/>\n<meta name=\"twitter:site\" content=\"@Emplea_Te\" \/>\n<meta name=\"twitter:label1\" content=\"Escrito por\" \/>\n\t<meta name=\"twitter:data1\" content=\"Empleate\" \/>\n\t<meta name=\"twitter:label2\" content=\"Tiempo de lectura\" \/>\n\t<meta name=\"twitter:data2\" content=\"1 minuto\" \/>\n<script type=\"application\/ld+json\" class=\"yoast-schema-graph\">{\"@context\":\"https:\\\/\\\/schema.org\",\"@graph\":[{\"@type\":\"Article\",\"@id\":\"https:\\\/\\\/www.emplea-te.com\\\/noticias-oposiciones\\\/subalterno-a-p-plantillas-de-respuestas-y-modelos-de-examenes-realizados-el-dia-4-de-julio-de-2021\\\/#article\",\"isPartOf\":{\"@id\":\"https:\\\/\\\/www.emplea-te.com\\\/noticias-oposiciones\\\/subalterno-a-p-plantillas-de-respuestas-y-modelos-de-examenes-realizados-el-dia-4-de-julio-de-2021\\\/\"},\"author\":{\"name\":\"Empleate\",\"@id\":\"https:\\\/\\\/www.emplea-te.com\\\/noticias-oposiciones\\\/#\\\/schema\\\/person\\\/d1bc587e1af2b95e9c32aba1795509a6\"},\"headline\":\"Subalterno A.P. Plantillas de respuestas y modelos de ex\u00e1menes realizados el d\u00eda 4 de julio de 2021\",\"datePublished\":\"2021-07-05T08:21:07+00:00\",\"mainEntityOfPage\":{\"@id\":\"https:\\\/\\\/www.emplea-te.com\\\/noticias-oposiciones\\\/subalterno-a-p-plantillas-de-respuestas-y-modelos-de-examenes-realizados-el-dia-4-de-julio-de-2021\\\/\"},\"wordCount\":79,\"publisher\":{\"@id\":\"https:\\\/\\\/www.emplea-te.com\\\/noticias-oposiciones\\\/#organization\"},\"image\":{\"@id\":\"https:\\\/\\\/www.emplea-te.com\\\/noticias-oposiciones\\\/subalterno-a-p-plantillas-de-respuestas-y-modelos-de-examenes-realizados-el-dia-4-de-julio-de-2021\\\/#primaryimage\"},\"thumbnailUrl\":\"https:\\\/\\\/www.emplea-te.com\\\/noticias-oposiciones\\\/wp-content\\\/uploads\\\/2019\\\/04\\\/xunta_De_Galicia.png\",\"keywords\":[\"Acceso libre\"],\"articleSection\":[\"Oposiciones Xunta\",\"Subalterno A.P Xunta de Galicia\"],\"inLanguage\":\"es\"},{\"@type\":\"WebPage\",\"@id\":\"https:\\\/\\\/www.emplea-te.com\\\/noticias-oposiciones\\\/subalterno-a-p-plantillas-de-respuestas-y-modelos-de-examenes-realizados-el-dia-4-de-julio-de-2021\\\/\",\"url\":\"https:\\\/\\\/www.emplea-te.com\\\/noticias-oposiciones\\\/subalterno-a-p-plantillas-de-respuestas-y-modelos-de-examenes-realizados-el-dia-4-de-julio-de-2021\\\/\",\"name\":\"Publicados modelo de examen y plantillas de respuestas del ejercicio de Sublaterno AP xunta de Galicia realizado el d\u00eda 4 de julio de 2021\",\"isPartOf\":{\"@id\":\"https:\\\/\\\/www.emplea-te.com\\\/noticias-oposiciones\\\/#website\"},\"primaryImageOfPage\":{\"@id\":\"https:\\\/\\\/www.emplea-te.com\\\/noticias-oposiciones\\\/subalterno-a-p-plantillas-de-respuestas-y-modelos-de-examenes-realizados-el-dia-4-de-julio-de-2021\\\/#primaryimage\"},\"image\":{\"@id\":\"https:\\\/\\\/www.emplea-te.com\\\/noticias-oposiciones\\\/subalterno-a-p-plantillas-de-respuestas-y-modelos-de-examenes-realizados-el-dia-4-de-julio-de-2021\\\/#primaryimage\"},\"thumbnailUrl\":\"https:\\\/\\\/www.emplea-te.com\\\/noticias-oposiciones\\\/wp-content\\\/uploads\\\/2019\\\/04\\\/xunta_De_Galicia.png\",\"datePublished\":\"2021-07-05T08:21:07+00:00\",\"description\":\"Publicados modelo de examen y plantillas de respuestas del ejercicio de Sublaterno AP xunta de Galicia realizado el d\u00eda 4 de julio de 2021\",\"breadcrumb\":{\"@id\":\"https:\\\/\\\/www.emplea-te.com\\\/noticias-oposiciones\\\/subalterno-a-p-plantillas-de-respuestas-y-modelos-de-examenes-realizados-el-dia-4-de-julio-de-2021\\\/#breadcrumb\"},\"inLanguage\":\"es\",\"potentialAction\":[{\"@type\":\"ReadAction\",\"target\":[\"https:\\\/\\\/www.emplea-te.com\\\/noticias-oposiciones\\\/subalterno-a-p-plantillas-de-respuestas-y-modelos-de-examenes-realizados-el-dia-4-de-julio-de-2021\\\/\"]}]},{\"@type\":\"ImageObject\",\"inLanguage\":\"es\",\"@id\":\"https:\\\/\\\/www.emplea-te.com\\\/noticias-oposiciones\\\/subalterno-a-p-plantillas-de-respuestas-y-modelos-de-examenes-realizados-el-dia-4-de-julio-de-2021\\\/#primaryimage\",\"url\":\"https:\\\/\\\/www.emplea-te.com\\\/noticias-oposiciones\\\/wp-content\\\/uploads\\\/2019\\\/04\\\/xunta_De_Galicia.png\",\"contentUrl\":\"https:\\\/\\\/www.emplea-te.com\\\/noticias-oposiciones\\\/wp-content\\\/uploads\\\/2019\\\/04\\\/xunta_De_Galicia.png\",\"width\":315,\"height\":160,\"caption\":\"Oposiciones Xunta\"},{\"@type\":\"BreadcrumbList\",\"@id\":\"https:\\\/\\\/www.emplea-te.com\\\/noticias-oposiciones\\\/subalterno-a-p-plantillas-de-respuestas-y-modelos-de-examenes-realizados-el-dia-4-de-julio-de-2021\\\/#breadcrumb\",\"itemListElement\":[{\"@type\":\"ListItem\",\"position\":1,\"name\":\"Noticias Oposiciones\",\"item\":\"https:\\\/\\\/www.emplea-te.com\\\/noticias-oposiciones\\\/\"},{\"@type\":\"ListItem\",\"position\":2,\"name\":\"Oposiciones Xunta\",\"item\":\"https:\\\/\\\/www.emplea-te.com\\\/noticias-oposiciones\\\/categoria\\\/oposiciones-xunta\\\/\"},{\"@type\":\"ListItem\",\"position\":3,\"name\":\"Subalterno A.P. Plantillas de respuestas y modelos de ex\u00e1menes realizados el d\u00eda 4 de julio de 2021\"}]},{\"@type\":\"WebSite\",\"@id\":\"https:\\\/\\\/www.emplea-te.com\\\/noticias-oposiciones\\\/#website\",\"url\":\"https:\\\/\\\/www.emplea-te.com\\\/noticias-oposiciones\\\/\",\"name\":\"Noticas de oposiciones por Academia Emplea-te\",\"description\":\"Toda la actualidad de las ofertas y convocatorias.\",\"publisher\":{\"@id\":\"https:\\\/\\\/www.emplea-te.com\\\/noticias-oposiciones\\\/#organization\"},\"potentialAction\":[{\"@type\":\"SearchAction\",\"target\":{\"@type\":\"EntryPoint\",\"urlTemplate\":\"https:\\\/\\\/www.emplea-te.com\\\/noticias-oposiciones\\\/?s={search_term_string}\"},\"query-input\":{\"@type\":\"PropertyValueSpecification\",\"valueRequired\":true,\"valueName\":\"search_term_string\"}}],\"inLanguage\":\"es\"},{\"@type\":\"Organization\",\"@id\":\"https:\\\/\\\/www.emplea-te.com\\\/noticias-oposiciones\\\/#organization\",\"name\":\"Academia de oposiciones Empl\u00e9ate\",\"url\":\"https:\\\/\\\/www.emplea-te.com\\\/noticias-oposiciones\\\/\",\"logo\":{\"@type\":\"ImageObject\",\"inLanguage\":\"es\",\"@id\":\"https:\\\/\\\/www.emplea-te.com\\\/noticias-oposiciones\\\/#\\\/schema\\\/logo\\\/image\\\/\",\"url\":\"https:\\\/\\\/www.emplea-te.com\\\/noticias-oposiciones\\\/wp-content\\\/uploads\\\/2019\\\/04\\\/empleate.jpg\",\"contentUrl\":\"https:\\\/\\\/www.emplea-te.com\\\/noticias-oposiciones\\\/wp-content\\\/uploads\\\/2019\\\/04\\\/empleate.jpg\",\"width\":250,\"height\":150,\"caption\":\"Academia de oposiciones Empl\u00e9ate\"},\"image\":{\"@id\":\"https:\\\/\\\/www.emplea-te.com\\\/noticias-oposiciones\\\/#\\\/schema\\\/logo\\\/image\\\/\"},\"sameAs\":[\"https:\\\/\\\/www.facebook.com\\\/AcademiaEmpleate\\\/\",\"https:\\\/\\\/x.com\\\/Emplea_Te\",\"https:\\\/\\\/www.instagram.com\\\/academia_empleate\\\/\"]},{\"@type\":\"Person\",\"@id\":\"https:\\\/\\\/www.emplea-te.com\\\/noticias-oposiciones\\\/#\\\/schema\\\/person\\\/d1bc587e1af2b95e9c32aba1795509a6\",\"name\":\"Empleate\"}]}<\/script>\n<!-- \/ Yoast SEO plugin. -->","yoast_head_json":{"title":"Publicados modelo de examen y plantillas de respuestas del ejercicio de Sublaterno AP xunta de Galicia realizado el d\u00eda 4 de julio de 2021","description":"Publicados modelo de examen y plantillas de respuestas del ejercicio de Sublaterno AP xunta de Galicia realizado el d\u00eda 4 de julio de 2021","robots":{"index":"index","follow":"follow","max-snippet":"max-snippet:-1","max-image-preview":"max-image-preview:large","max-video-preview":"max-video-preview:-1"},"canonical":"https:\/\/www.emplea-te.com\/noticias-oposiciones\/subalterno-a-p-plantillas-de-respuestas-y-modelos-de-examenes-realizados-el-dia-4-de-julio-de-2021\/","og_locale":"es_ES","og_type":"article","og_title":"Publicados modelo de examen y plantillas de respuestas del ejercicio de Sublaterno AP xunta de Galicia realizado el d\u00eda 4 de julio de 2021","og_description":"Publicados modelo de examen y plantillas de respuestas del ejercicio de Sublaterno AP xunta de Galicia realizado el d\u00eda 4 de julio de 2021","og_url":"https:\/\/www.emplea-te.com\/noticias-oposiciones\/subalterno-a-p-plantillas-de-respuestas-y-modelos-de-examenes-realizados-el-dia-4-de-julio-de-2021\/","og_site_name":"Noticas de oposiciones por Academia Emplea-te","article_publisher":"https:\/\/www.facebook.com\/AcademiaEmpleate\/","article_published_time":"2021-07-05T08:21:07+00:00","og_image":[{"url":"https:\/\/www.emplea-te.com\/noticias-oposiciones\/wp-content\/uploads\/2019\/04\/xunta_De_Galicia.png","type":"","width":"","height":""}],"author":"Empleate","twitter_card":"summary_large_image","twitter_creator":"@Emplea_Te","twitter_site":"@Emplea_Te","twitter_misc":{"Escrito por":"Empleate","Tiempo de lectura":"1 minuto"},"schema":{"@context":"https:\/\/schema.org","@graph":[{"@type":"Article","@id":"https:\/\/www.emplea-te.com\/noticias-oposiciones\/subalterno-a-p-plantillas-de-respuestas-y-modelos-de-examenes-realizados-el-dia-4-de-julio-de-2021\/#article","isPartOf":{"@id":"https:\/\/www.emplea-te.com\/noticias-oposiciones\/subalterno-a-p-plantillas-de-respuestas-y-modelos-de-examenes-realizados-el-dia-4-de-julio-de-2021\/"},"author":{"name":"Empleate","@id":"https:\/\/www.emplea-te.com\/noticias-oposiciones\/#\/schema\/person\/d1bc587e1af2b95e9c32aba1795509a6"},"headline":"Subalterno A.P. Plantillas de respuestas y modelos de ex\u00e1menes realizados el d\u00eda 4 de julio de 2021","datePublished":"2021-07-05T08:21:07+00:00","mainEntityOfPage":{"@id":"https:\/\/www.emplea-te.com\/noticias-oposiciones\/subalterno-a-p-plantillas-de-respuestas-y-modelos-de-examenes-realizados-el-dia-4-de-julio-de-2021\/"},"wordCount":79,"publisher":{"@id":"https:\/\/www.emplea-te.com\/noticias-oposiciones\/#organization"},"image":{"@id":"https:\/\/www.emplea-te.com\/noticias-oposiciones\/subalterno-a-p-plantillas-de-respuestas-y-modelos-de-examenes-realizados-el-dia-4-de-julio-de-2021\/#primaryimage"},"thumbnailUrl":"https:\/\/www.emplea-te.com\/noticias-oposiciones\/wp-content\/uploads\/2019\/04\/xunta_De_Galicia.png","keywords":["Acceso libre"],"articleSection":["Oposiciones Xunta","Subalterno A.P Xunta de Galicia"],"inLanguage":"es"},{"@type":"WebPage","@id":"https:\/\/www.emplea-te.com\/noticias-oposiciones\/subalterno-a-p-plantillas-de-respuestas-y-modelos-de-examenes-realizados-el-dia-4-de-julio-de-2021\/","url":"https:\/\/www.emplea-te.com\/noticias-oposiciones\/subalterno-a-p-plantillas-de-respuestas-y-modelos-de-examenes-realizados-el-dia-4-de-julio-de-2021\/","name":"Publicados modelo de examen y plantillas de respuestas del ejercicio de Sublaterno AP xunta de Galicia realizado el d\u00eda 4 de julio de 2021","isPartOf":{"@id":"https:\/\/www.emplea-te.com\/noticias-oposiciones\/#website"},"primaryImageOfPage":{"@id":"https:\/\/www.emplea-te.com\/noticias-oposiciones\/subalterno-a-p-plantillas-de-respuestas-y-modelos-de-examenes-realizados-el-dia-4-de-julio-de-2021\/#primaryimage"},"image":{"@id":"https:\/\/www.emplea-te.com\/noticias-oposiciones\/subalterno-a-p-plantillas-de-respuestas-y-modelos-de-examenes-realizados-el-dia-4-de-julio-de-2021\/#primaryimage"},"thumbnailUrl":"https:\/\/www.emplea-te.com\/noticias-oposiciones\/wp-content\/uploads\/2019\/04\/xunta_De_Galicia.png","datePublished":"2021-07-05T08:21:07+00:00","description":"Publicados modelo de examen y plantillas de respuestas del ejercicio de Sublaterno AP xunta de Galicia realizado el d\u00eda 4 de julio de 2021","breadcrumb":{"@id":"https:\/\/www.emplea-te.com\/noticias-oposiciones\/subalterno-a-p-plantillas-de-respuestas-y-modelos-de-examenes-realizados-el-dia-4-de-julio-de-2021\/#breadcrumb"},"inLanguage":"es","potentialAction":[{"@type":"ReadAction","target":["https:\/\/www.emplea-te.com\/noticias-oposiciones\/subalterno-a-p-plantillas-de-respuestas-y-modelos-de-examenes-realizados-el-dia-4-de-julio-de-2021\/"]}]},{"@type":"ImageObject","inLanguage":"es","@id":"https:\/\/www.emplea-te.com\/noticias-oposiciones\/subalterno-a-p-plantillas-de-respuestas-y-modelos-de-examenes-realizados-el-dia-4-de-julio-de-2021\/#primaryimage","url":"https:\/\/www.emplea-te.com\/noticias-oposiciones\/wp-content\/uploads\/2019\/04\/xunta_De_Galicia.png","contentUrl":"https:\/\/www.emplea-te.com\/noticias-oposiciones\/wp-content\/uploads\/2019\/04\/xunta_De_Galicia.png","width":315,"height":160,"caption":"Oposiciones Xunta"},{"@type":"BreadcrumbList","@id":"https:\/\/www.emplea-te.com\/noticias-oposiciones\/subalterno-a-p-plantillas-de-respuestas-y-modelos-de-examenes-realizados-el-dia-4-de-julio-de-2021\/#breadcrumb","itemListElement":[{"@type":"ListItem","position":1,"name":"Noticias Oposiciones","item":"https:\/\/www.emplea-te.com\/noticias-oposiciones\/"},{"@type":"ListItem","position":2,"name":"Oposiciones Xunta","item":"https:\/\/www.emplea-te.com\/noticias-oposiciones\/categoria\/oposiciones-xunta\/"},{"@type":"ListItem","position":3,"name":"Subalterno A.P. Plantillas de respuestas y modelos de ex\u00e1menes realizados el d\u00eda 4 de julio de 2021"}]},{"@type":"WebSite","@id":"https:\/\/www.emplea-te.com\/noticias-oposiciones\/#website","url":"https:\/\/www.emplea-te.com\/noticias-oposiciones\/","name":"Noticas de oposiciones por Academia Emplea-te","description":"Toda la actualidad de las ofertas y convocatorias.","publisher":{"@id":"https:\/\/www.emplea-te.com\/noticias-oposiciones\/#organization"},"potentialAction":[{"@type":"SearchAction","target":{"@type":"EntryPoint","urlTemplate":"https:\/\/www.emplea-te.com\/noticias-oposiciones\/?s={search_term_string}"},"query-input":{"@type":"PropertyValueSpecification","valueRequired":true,"valueName":"search_term_string"}}],"inLanguage":"es"},{"@type":"Organization","@id":"https:\/\/www.emplea-te.com\/noticias-oposiciones\/#organization","name":"Academia de oposiciones Empl\u00e9ate","url":"https:\/\/www.emplea-te.com\/noticias-oposiciones\/","logo":{"@type":"ImageObject","inLanguage":"es","@id":"https:\/\/www.emplea-te.com\/noticias-oposiciones\/#\/schema\/logo\/image\/","url":"https:\/\/www.emplea-te.com\/noticias-oposiciones\/wp-content\/uploads\/2019\/04\/empleate.jpg","contentUrl":"https:\/\/www.emplea-te.com\/noticias-oposiciones\/wp-content\/uploads\/2019\/04\/empleate.jpg","width":250,"height":150,"caption":"Academia de oposiciones Empl\u00e9ate"},"image":{"@id":"https:\/\/www.emplea-te.com\/noticias-oposiciones\/#\/schema\/logo\/image\/"},"sameAs":["https:\/\/www.facebook.com\/AcademiaEmpleate\/","https:\/\/x.com\/Emplea_Te","https:\/\/www.instagram.com\/academia_empleate\/"]},{"@type":"Person","@id":"https:\/\/www.emplea-te.com\/noticias-oposiciones\/#\/schema\/person\/d1bc587e1af2b95e9c32aba1795509a6","name":"Empleate"}]}},"_links":{"self":[{"href":"https:\/\/www.emplea-te.com\/noticias-oposiciones\/wp-json\/wp\/v2\/posts\/4929","targetHints":{"allow":["GET"]}}],"collection":[{"href":"https:\/\/www.emplea-te.com\/noticias-oposiciones\/wp-json\/wp\/v2\/posts"}],"about":[{"href":"https:\/\/www.emplea-te.com\/noticias-oposiciones\/wp-json\/wp\/v2\/types\/post"}],"author":[{"embeddable":true,"href":"https:\/\/www.emplea-te.com\/noticias-oposiciones\/wp-json\/wp\/v2\/users\/1"}],"replies":[{"embeddable":true,"href":"https:\/\/www.emplea-te.com\/noticias-oposiciones\/wp-json\/wp\/v2\/comments?post=4929"}],"version-history":[{"count":1,"href":"https:\/\/www.emplea-te.com\/noticias-oposiciones\/wp-json\/wp\/v2\/posts\/4929\/revisions"}],"predecessor-version":[{"id":4930,"href":"https:\/\/www.emplea-te.com\/noticias-oposiciones\/wp-json\/wp\/v2\/posts\/4929\/revisions\/4930"}],"wp:attachment":[{"href":"https:\/\/www.emplea-te.com\/noticias-oposiciones\/wp-json\/wp\/v2\/media?parent=4929"}],"wp:term":[{"taxonomy":"category","embeddable":true,"href":"https:\/\/www.emplea-te.com\/noticias-oposiciones\/wp-json\/wp\/v2\/categories?post=4929"},{"taxonomy":"post_tag","embeddable":true,"href":"https:\/\/www.emplea-te.com\/noticias-oposiciones\/wp-json\/wp\/v2\/tags?post=4929"}],"curies":[{"name":"wp","href":"https:\/\/api.w.org\/{rel}","templated":true}]}}