{"id":4933,"date":"2021-07-05T10:52:08","date_gmt":"2021-07-05T08:52:08","guid":{"rendered":"https:\/\/www.emplea-te.com\/noticias-oposiciones\/?p=4933"},"modified":"2021-07-05T10:52:08","modified_gmt":"2021-07-05T08:52:08","slug":"ayuntamiento-de-pontes-de-garcia-rodriguez-publicada-relacion-provisional-de-aspirantes-admitidos-y-excluidos-en-proceso-selectivo-para-cubrir-3-plazas-de-administrativo-c1-acceso-libre-de-la-oep-2","status":"publish","type":"post","link":"https:\/\/www.emplea-te.com\/noticias-oposiciones\/ayuntamiento-de-pontes-de-garcia-rodriguez-publicada-relacion-provisional-de-aspirantes-admitidos-y-excluidos-en-proceso-selectivo-para-cubrir-3-plazas-de-administrativo-c1-acceso-libre-de-la-oep-2\/","title":{"rendered":"Ayuntamiento de Pontes de Garc\u00eda Rodriguez. Publicada relaci\u00f3n provisional de aspirantes admitidos y excluidos en proceso selectivo para cubrir 3 plazas de Administrativo C1 (acceso libre) de la OEP 2018"},"content":{"rendered":"<p>Ayuntamiento de Pontes de Garc\u00eda Rodriguez:<\/p>\n<p>Se publica en el BOP de la provincia de A Coru\u00f1a de hoy, d\u00eda 5 de julio de 2021, El Anuncio de la relaci\u00f3n provisional de aspirantes admitidos y excluidos para cubrir 3\u00a0 plazas de Administrativo C1 (acceso libre) convocadas <span>en el Bolet\u00edn Oficial del Estado (BOE) no.\u00a0<\/span><span>124, de fecha 26\/05\/2021.<\/span><\/p>\n<p><a href=\"https:\/\/bop.dicoruna.es\/bopportal\/publicado\/2021\/07\/05\/2021_0000005445.html\" target=\"_blank\" rel=\"noopener noreferrer\">Enlace a Relaci\u00f3n de aspirantes admitidos y excluidos<\/a><\/p>\n<p><a href=\"https:\/\/www.emplea-te.com\/6\/oposiciones-de-prisiones#informacionoposiciones\" target=\"_blank\" rel=\"noopener noreferrer\">Inf\u00f3rmate de c\u00f3mo prepararte en nuestros grupos presenciales y online.\u00a0<\/a><\/p>\n","protected":false},"excerpt":{"rendered":"<p>Ayuntamiento de Pontes de Garc\u00eda Rodriguez: Se publica en el BOP de la provincia de A Coru\u00f1a de hoy, d\u00eda 5 de julio de 2021, El Anuncio de la relaci\u00f3n provisional de aspirantes admitidos y excluidos para cubrir 3\u00a0 plazas de Administrativo C1 (acceso libre) convocadas en el Bolet\u00edn Oficial del Estado (BOE) no.\u00a0124, de &hellip; <a href=\"https:\/\/www.emplea-te.com\/noticias-oposiciones\/ayuntamiento-de-pontes-de-garcia-rodriguez-publicada-relacion-provisional-de-aspirantes-admitidos-y-excluidos-en-proceso-selectivo-para-cubrir-3-plazas-de-administrativo-c1-acceso-libre-de-la-oep-2\/\" class=\"more-link\">Continuar leyendo<span class=\"screen-reader-text\"> \u00abAyuntamiento de Pontes de Garc\u00eda Rodriguez. Publicada relaci\u00f3n provisional de aspirantes admitidos y excluidos en proceso selectivo para cubrir 3 plazas de Administrativo C1 (acceso libre) de la OEP 2018\u00bb<\/span><\/a><\/p>\n","protected":false},"author":1,"featured_media":0,"comment_status":"closed","ping_status":"closed","sticky":false,"template":"","format":"standard","meta":{"footnotes":""},"categories":[37,56],"tags":[82],"class_list":["post-4933","post","type-post","status-publish","format-standard","hentry","category-convocatorias-ayuntamientos","category-oposiciones-autonomicas-galicia","tag-acceso-libre"],"yoast_head":"<!-- This site is optimized with the Yoast SEO plugin v27.5 - https:\/\/yoast.com\/product\/yoast-seo-wordpress\/ -->\n<title>Ayuntamiento de Pontes de Garcia Rodriguez. Publicada relaci\u00f3n provisional de aspirantes admitidos y excluidos en proceso selectivo para cubrir 3 plazas de Administrativo C1<\/title>\n<meta name=\"description\" content=\"Ayuntamiento de Pontes de Garcia Rodriguez. Publicada relaci\u00f3n provisional de aspirantes admitidos y excluidos en proceso selectivo para cubrir 3 plazas de Administrativo C1\" \/>\n<meta name=\"robots\" content=\"index, follow, max-snippet:-1, max-image-preview:large, max-video-preview:-1\" \/>\n<link rel=\"canonical\" href=\"https:\/\/www.emplea-te.com\/noticias-oposiciones\/ayuntamiento-de-pontes-de-garcia-rodriguez-publicada-relacion-provisional-de-aspirantes-admitidos-y-excluidos-en-proceso-selectivo-para-cubrir-3-plazas-de-administrativo-c1-acceso-libre-de-la-oep-2\/\" \/>\n<meta property=\"og:locale\" content=\"es_ES\" \/>\n<meta property=\"og:type\" content=\"article\" \/>\n<meta property=\"og:title\" content=\"Ayuntamiento de Pontes de Garcia Rodriguez. Publicada relaci\u00f3n provisional de aspirantes admitidos y excluidos en proceso selectivo para cubrir 3 plazas de Administrativo C1\" \/>\n<meta property=\"og:description\" content=\"Ayuntamiento de Pontes de Garcia Rodriguez. Publicada relaci\u00f3n provisional de aspirantes admitidos y excluidos en proceso selectivo para cubrir 3 plazas de Administrativo C1\" \/>\n<meta property=\"og:url\" content=\"https:\/\/www.emplea-te.com\/noticias-oposiciones\/ayuntamiento-de-pontes-de-garcia-rodriguez-publicada-relacion-provisional-de-aspirantes-admitidos-y-excluidos-en-proceso-selectivo-para-cubrir-3-plazas-de-administrativo-c1-acceso-libre-de-la-oep-2\/\" \/>\n<meta property=\"og:site_name\" content=\"Noticas de oposiciones por Academia Emplea-te\" \/>\n<meta property=\"article:publisher\" content=\"https:\/\/www.facebook.com\/AcademiaEmpleate\/\" \/>\n<meta property=\"article:published_time\" content=\"2021-07-05T08:52:08+00:00\" \/>\n<meta name=\"author\" content=\"Empleate\" \/>\n<meta name=\"twitter:card\" content=\"summary_large_image\" \/>\n<meta name=\"twitter:creator\" content=\"@Emplea_Te\" \/>\n<meta name=\"twitter:site\" content=\"@Emplea_Te\" \/>\n<meta name=\"twitter:label1\" content=\"Escrito por\" \/>\n\t<meta name=\"twitter:data1\" content=\"Empleate\" \/>\n\t<meta name=\"twitter:label2\" content=\"Tiempo de lectura\" \/>\n\t<meta name=\"twitter:data2\" content=\"1 minuto\" \/>\n<script type=\"application\/ld+json\" class=\"yoast-schema-graph\">{\"@context\":\"https:\\\/\\\/schema.org\",\"@graph\":[{\"@type\":\"Article\",\"@id\":\"https:\\\/\\\/www.emplea-te.com\\\/noticias-oposiciones\\\/ayuntamiento-de-pontes-de-garcia-rodriguez-publicada-relacion-provisional-de-aspirantes-admitidos-y-excluidos-en-proceso-selectivo-para-cubrir-3-plazas-de-administrativo-c1-acceso-libre-de-la-oep-2\\\/#article\",\"isPartOf\":{\"@id\":\"https:\\\/\\\/www.emplea-te.com\\\/noticias-oposiciones\\\/ayuntamiento-de-pontes-de-garcia-rodriguez-publicada-relacion-provisional-de-aspirantes-admitidos-y-excluidos-en-proceso-selectivo-para-cubrir-3-plazas-de-administrativo-c1-acceso-libre-de-la-oep-2\\\/\"},\"author\":{\"name\":\"Empleate\",\"@id\":\"https:\\\/\\\/www.emplea-te.com\\\/noticias-oposiciones\\\/#\\\/schema\\\/person\\\/d1bc587e1af2b95e9c32aba1795509a6\"},\"headline\":\"Ayuntamiento de Pontes de Garc\u00eda Rodriguez. Publicada relaci\u00f3n provisional de aspirantes admitidos y excluidos en proceso selectivo para cubrir 3 plazas de Administrativo C1 (acceso libre) de la OEP 2018\",\"datePublished\":\"2021-07-05T08:52:08+00:00\",\"mainEntityOfPage\":{\"@id\":\"https:\\\/\\\/www.emplea-te.com\\\/noticias-oposiciones\\\/ayuntamiento-de-pontes-de-garcia-rodriguez-publicada-relacion-provisional-de-aspirantes-admitidos-y-excluidos-en-proceso-selectivo-para-cubrir-3-plazas-de-administrativo-c1-acceso-libre-de-la-oep-2\\\/\"},\"wordCount\":109,\"publisher\":{\"@id\":\"https:\\\/\\\/www.emplea-te.com\\\/noticias-oposiciones\\\/#organization\"},\"keywords\":[\"Acceso libre\"],\"articleSection\":[\"Convocatorias Ayuntamientos\",\"Oposiciones Auton\u00f3micas Galicia\"],\"inLanguage\":\"es\"},{\"@type\":\"WebPage\",\"@id\":\"https:\\\/\\\/www.emplea-te.com\\\/noticias-oposiciones\\\/ayuntamiento-de-pontes-de-garcia-rodriguez-publicada-relacion-provisional-de-aspirantes-admitidos-y-excluidos-en-proceso-selectivo-para-cubrir-3-plazas-de-administrativo-c1-acceso-libre-de-la-oep-2\\\/\",\"url\":\"https:\\\/\\\/www.emplea-te.com\\\/noticias-oposiciones\\\/ayuntamiento-de-pontes-de-garcia-rodriguez-publicada-relacion-provisional-de-aspirantes-admitidos-y-excluidos-en-proceso-selectivo-para-cubrir-3-plazas-de-administrativo-c1-acceso-libre-de-la-oep-2\\\/\",\"name\":\"Ayuntamiento de Pontes de Garcia Rodriguez. Publicada relaci\u00f3n provisional de aspirantes admitidos y excluidos en proceso selectivo para cubrir 3 plazas de Administrativo C1\",\"isPartOf\":{\"@id\":\"https:\\\/\\\/www.emplea-te.com\\\/noticias-oposiciones\\\/#website\"},\"datePublished\":\"2021-07-05T08:52:08+00:00\",\"description\":\"Ayuntamiento de Pontes de Garcia Rodriguez. Publicada relaci\u00f3n provisional de aspirantes admitidos y excluidos en proceso selectivo para cubrir 3 plazas de Administrativo C1\",\"breadcrumb\":{\"@id\":\"https:\\\/\\\/www.emplea-te.com\\\/noticias-oposiciones\\\/ayuntamiento-de-pontes-de-garcia-rodriguez-publicada-relacion-provisional-de-aspirantes-admitidos-y-excluidos-en-proceso-selectivo-para-cubrir-3-plazas-de-administrativo-c1-acceso-libre-de-la-oep-2\\\/#breadcrumb\"},\"inLanguage\":\"es\",\"potentialAction\":[{\"@type\":\"ReadAction\",\"target\":[\"https:\\\/\\\/www.emplea-te.com\\\/noticias-oposiciones\\\/ayuntamiento-de-pontes-de-garcia-rodriguez-publicada-relacion-provisional-de-aspirantes-admitidos-y-excluidos-en-proceso-selectivo-para-cubrir-3-plazas-de-administrativo-c1-acceso-libre-de-la-oep-2\\\/\"]}]},{\"@type\":\"BreadcrumbList\",\"@id\":\"https:\\\/\\\/www.emplea-te.com\\\/noticias-oposiciones\\\/ayuntamiento-de-pontes-de-garcia-rodriguez-publicada-relacion-provisional-de-aspirantes-admitidos-y-excluidos-en-proceso-selectivo-para-cubrir-3-plazas-de-administrativo-c1-acceso-libre-de-la-oep-2\\\/#breadcrumb\",\"itemListElement\":[{\"@type\":\"ListItem\",\"position\":1,\"name\":\"Noticias Oposiciones\",\"item\":\"https:\\\/\\\/www.emplea-te.com\\\/noticias-oposiciones\\\/\"},{\"@type\":\"ListItem\",\"position\":2,\"name\":\"Oposiciones Auton\u00f3micas Galicia\",\"item\":\"https:\\\/\\\/www.emplea-te.com\\\/noticias-oposiciones\\\/categoria\\\/oposiciones-autonomicas-galicia\\\/\"},{\"@type\":\"ListItem\",\"position\":3,\"name\":\"Ayuntamiento de Pontes de Garc\u00eda Rodriguez. Publicada relaci\u00f3n provisional de aspirantes admitidos y excluidos en proceso selectivo para cubrir 3 plazas de Administrativo C1 (acceso libre) de la OEP 2018\"}]},{\"@type\":\"WebSite\",\"@id\":\"https:\\\/\\\/www.emplea-te.com\\\/noticias-oposiciones\\\/#website\",\"url\":\"https:\\\/\\\/www.emplea-te.com\\\/noticias-oposiciones\\\/\",\"name\":\"Noticas de oposiciones por Academia Emplea-te\",\"description\":\"Toda la actualidad de las ofertas y convocatorias.\",\"publisher\":{\"@id\":\"https:\\\/\\\/www.emplea-te.com\\\/noticias-oposiciones\\\/#organization\"},\"potentialAction\":[{\"@type\":\"SearchAction\",\"target\":{\"@type\":\"EntryPoint\",\"urlTemplate\":\"https:\\\/\\\/www.emplea-te.com\\\/noticias-oposiciones\\\/?s={search_term_string}\"},\"query-input\":{\"@type\":\"PropertyValueSpecification\",\"valueRequired\":true,\"valueName\":\"search_term_string\"}}],\"inLanguage\":\"es\"},{\"@type\":\"Organization\",\"@id\":\"https:\\\/\\\/www.emplea-te.com\\\/noticias-oposiciones\\\/#organization\",\"name\":\"Academia de oposiciones Empl\u00e9ate\",\"url\":\"https:\\\/\\\/www.emplea-te.com\\\/noticias-oposiciones\\\/\",\"logo\":{\"@type\":\"ImageObject\",\"inLanguage\":\"es\",\"@id\":\"https:\\\/\\\/www.emplea-te.com\\\/noticias-oposiciones\\\/#\\\/schema\\\/logo\\\/image\\\/\",\"url\":\"https:\\\/\\\/www.emplea-te.com\\\/noticias-oposiciones\\\/wp-content\\\/uploads\\\/2019\\\/04\\\/empleate.jpg\",\"contentUrl\":\"https:\\\/\\\/www.emplea-te.com\\\/noticias-oposiciones\\\/wp-content\\\/uploads\\\/2019\\\/04\\\/empleate.jpg\",\"width\":250,\"height\":150,\"caption\":\"Academia de oposiciones Empl\u00e9ate\"},\"image\":{\"@id\":\"https:\\\/\\\/www.emplea-te.com\\\/noticias-oposiciones\\\/#\\\/schema\\\/logo\\\/image\\\/\"},\"sameAs\":[\"https:\\\/\\\/www.facebook.com\\\/AcademiaEmpleate\\\/\",\"https:\\\/\\\/x.com\\\/Emplea_Te\",\"https:\\\/\\\/www.instagram.com\\\/academia_empleate\\\/\"]},{\"@type\":\"Person\",\"@id\":\"https:\\\/\\\/www.emplea-te.com\\\/noticias-oposiciones\\\/#\\\/schema\\\/person\\\/d1bc587e1af2b95e9c32aba1795509a6\",\"name\":\"Empleate\"}]}<\/script>\n<!-- \/ Yoast SEO plugin. -->","yoast_head_json":{"title":"Ayuntamiento de Pontes de Garcia Rodriguez. Publicada relaci\u00f3n provisional de aspirantes admitidos y excluidos en proceso selectivo para cubrir 3 plazas de Administrativo C1","description":"Ayuntamiento de Pontes de Garcia Rodriguez. Publicada relaci\u00f3n provisional de aspirantes admitidos y excluidos en proceso selectivo para cubrir 3 plazas de Administrativo C1","robots":{"index":"index","follow":"follow","max-snippet":"max-snippet:-1","max-image-preview":"max-image-preview:large","max-video-preview":"max-video-preview:-1"},"canonical":"https:\/\/www.emplea-te.com\/noticias-oposiciones\/ayuntamiento-de-pontes-de-garcia-rodriguez-publicada-relacion-provisional-de-aspirantes-admitidos-y-excluidos-en-proceso-selectivo-para-cubrir-3-plazas-de-administrativo-c1-acceso-libre-de-la-oep-2\/","og_locale":"es_ES","og_type":"article","og_title":"Ayuntamiento de Pontes de Garcia Rodriguez. Publicada relaci\u00f3n provisional de aspirantes admitidos y excluidos en proceso selectivo para cubrir 3 plazas de Administrativo C1","og_description":"Ayuntamiento de Pontes de Garcia Rodriguez. Publicada relaci\u00f3n provisional de aspirantes admitidos y excluidos en proceso selectivo para cubrir 3 plazas de Administrativo C1","og_url":"https:\/\/www.emplea-te.com\/noticias-oposiciones\/ayuntamiento-de-pontes-de-garcia-rodriguez-publicada-relacion-provisional-de-aspirantes-admitidos-y-excluidos-en-proceso-selectivo-para-cubrir-3-plazas-de-administrativo-c1-acceso-libre-de-la-oep-2\/","og_site_name":"Noticas de oposiciones por Academia Emplea-te","article_publisher":"https:\/\/www.facebook.com\/AcademiaEmpleate\/","article_published_time":"2021-07-05T08:52:08+00:00","author":"Empleate","twitter_card":"summary_large_image","twitter_creator":"@Emplea_Te","twitter_site":"@Emplea_Te","twitter_misc":{"Escrito por":"Empleate","Tiempo de lectura":"1 minuto"},"schema":{"@context":"https:\/\/schema.org","@graph":[{"@type":"Article","@id":"https:\/\/www.emplea-te.com\/noticias-oposiciones\/ayuntamiento-de-pontes-de-garcia-rodriguez-publicada-relacion-provisional-de-aspirantes-admitidos-y-excluidos-en-proceso-selectivo-para-cubrir-3-plazas-de-administrativo-c1-acceso-libre-de-la-oep-2\/#article","isPartOf":{"@id":"https:\/\/www.emplea-te.com\/noticias-oposiciones\/ayuntamiento-de-pontes-de-garcia-rodriguez-publicada-relacion-provisional-de-aspirantes-admitidos-y-excluidos-en-proceso-selectivo-para-cubrir-3-plazas-de-administrativo-c1-acceso-libre-de-la-oep-2\/"},"author":{"name":"Empleate","@id":"https:\/\/www.emplea-te.com\/noticias-oposiciones\/#\/schema\/person\/d1bc587e1af2b95e9c32aba1795509a6"},"headline":"Ayuntamiento de Pontes de Garc\u00eda Rodriguez. Publicada relaci\u00f3n provisional de aspirantes admitidos y excluidos en proceso selectivo para cubrir 3 plazas de Administrativo C1 (acceso libre) de la OEP 2018","datePublished":"2021-07-05T08:52:08+00:00","mainEntityOfPage":{"@id":"https:\/\/www.emplea-te.com\/noticias-oposiciones\/ayuntamiento-de-pontes-de-garcia-rodriguez-publicada-relacion-provisional-de-aspirantes-admitidos-y-excluidos-en-proceso-selectivo-para-cubrir-3-plazas-de-administrativo-c1-acceso-libre-de-la-oep-2\/"},"wordCount":109,"publisher":{"@id":"https:\/\/www.emplea-te.com\/noticias-oposiciones\/#organization"},"keywords":["Acceso libre"],"articleSection":["Convocatorias Ayuntamientos","Oposiciones Auton\u00f3micas Galicia"],"inLanguage":"es"},{"@type":"WebPage","@id":"https:\/\/www.emplea-te.com\/noticias-oposiciones\/ayuntamiento-de-pontes-de-garcia-rodriguez-publicada-relacion-provisional-de-aspirantes-admitidos-y-excluidos-en-proceso-selectivo-para-cubrir-3-plazas-de-administrativo-c1-acceso-libre-de-la-oep-2\/","url":"https:\/\/www.emplea-te.com\/noticias-oposiciones\/ayuntamiento-de-pontes-de-garcia-rodriguez-publicada-relacion-provisional-de-aspirantes-admitidos-y-excluidos-en-proceso-selectivo-para-cubrir-3-plazas-de-administrativo-c1-acceso-libre-de-la-oep-2\/","name":"Ayuntamiento de Pontes de Garcia Rodriguez. Publicada relaci\u00f3n provisional de aspirantes admitidos y excluidos en proceso selectivo para cubrir 3 plazas de Administrativo C1","isPartOf":{"@id":"https:\/\/www.emplea-te.com\/noticias-oposiciones\/#website"},"datePublished":"2021-07-05T08:52:08+00:00","description":"Ayuntamiento de Pontes de Garcia Rodriguez. Publicada relaci\u00f3n provisional de aspirantes admitidos y excluidos en proceso selectivo para cubrir 3 plazas de Administrativo C1","breadcrumb":{"@id":"https:\/\/www.emplea-te.com\/noticias-oposiciones\/ayuntamiento-de-pontes-de-garcia-rodriguez-publicada-relacion-provisional-de-aspirantes-admitidos-y-excluidos-en-proceso-selectivo-para-cubrir-3-plazas-de-administrativo-c1-acceso-libre-de-la-oep-2\/#breadcrumb"},"inLanguage":"es","potentialAction":[{"@type":"ReadAction","target":["https:\/\/www.emplea-te.com\/noticias-oposiciones\/ayuntamiento-de-pontes-de-garcia-rodriguez-publicada-relacion-provisional-de-aspirantes-admitidos-y-excluidos-en-proceso-selectivo-para-cubrir-3-plazas-de-administrativo-c1-acceso-libre-de-la-oep-2\/"]}]},{"@type":"BreadcrumbList","@id":"https:\/\/www.emplea-te.com\/noticias-oposiciones\/ayuntamiento-de-pontes-de-garcia-rodriguez-publicada-relacion-provisional-de-aspirantes-admitidos-y-excluidos-en-proceso-selectivo-para-cubrir-3-plazas-de-administrativo-c1-acceso-libre-de-la-oep-2\/#breadcrumb","itemListElement":[{"@type":"ListItem","position":1,"name":"Noticias Oposiciones","item":"https:\/\/www.emplea-te.com\/noticias-oposiciones\/"},{"@type":"ListItem","position":2,"name":"Oposiciones Auton\u00f3micas Galicia","item":"https:\/\/www.emplea-te.com\/noticias-oposiciones\/categoria\/oposiciones-autonomicas-galicia\/"},{"@type":"ListItem","position":3,"name":"Ayuntamiento de Pontes de Garc\u00eda Rodriguez. Publicada relaci\u00f3n provisional de aspirantes admitidos y excluidos en proceso selectivo para cubrir 3 plazas de Administrativo C1 (acceso libre) de la OEP 2018"}]},{"@type":"WebSite","@id":"https:\/\/www.emplea-te.com\/noticias-oposiciones\/#website","url":"https:\/\/www.emplea-te.com\/noticias-oposiciones\/","name":"Noticas de oposiciones por Academia Emplea-te","description":"Toda la actualidad de las ofertas y convocatorias.","publisher":{"@id":"https:\/\/www.emplea-te.com\/noticias-oposiciones\/#organization"},"potentialAction":[{"@type":"SearchAction","target":{"@type":"EntryPoint","urlTemplate":"https:\/\/www.emplea-te.com\/noticias-oposiciones\/?s={search_term_string}"},"query-input":{"@type":"PropertyValueSpecification","valueRequired":true,"valueName":"search_term_string"}}],"inLanguage":"es"},{"@type":"Organization","@id":"https:\/\/www.emplea-te.com\/noticias-oposiciones\/#organization","name":"Academia de oposiciones Empl\u00e9ate","url":"https:\/\/www.emplea-te.com\/noticias-oposiciones\/","logo":{"@type":"ImageObject","inLanguage":"es","@id":"https:\/\/www.emplea-te.com\/noticias-oposiciones\/#\/schema\/logo\/image\/","url":"https:\/\/www.emplea-te.com\/noticias-oposiciones\/wp-content\/uploads\/2019\/04\/empleate.jpg","contentUrl":"https:\/\/www.emplea-te.com\/noticias-oposiciones\/wp-content\/uploads\/2019\/04\/empleate.jpg","width":250,"height":150,"caption":"Academia de oposiciones Empl\u00e9ate"},"image":{"@id":"https:\/\/www.emplea-te.com\/noticias-oposiciones\/#\/schema\/logo\/image\/"},"sameAs":["https:\/\/www.facebook.com\/AcademiaEmpleate\/","https:\/\/x.com\/Emplea_Te","https:\/\/www.instagram.com\/academia_empleate\/"]},{"@type":"Person","@id":"https:\/\/www.emplea-te.com\/noticias-oposiciones\/#\/schema\/person\/d1bc587e1af2b95e9c32aba1795509a6","name":"Empleate"}]}},"_links":{"self":[{"href":"https:\/\/www.emplea-te.com\/noticias-oposiciones\/wp-json\/wp\/v2\/posts\/4933","targetHints":{"allow":["GET"]}}],"collection":[{"href":"https:\/\/www.emplea-te.com\/noticias-oposiciones\/wp-json\/wp\/v2\/posts"}],"about":[{"href":"https:\/\/www.emplea-te.com\/noticias-oposiciones\/wp-json\/wp\/v2\/types\/post"}],"author":[{"embeddable":true,"href":"https:\/\/www.emplea-te.com\/noticias-oposiciones\/wp-json\/wp\/v2\/users\/1"}],"replies":[{"embeddable":true,"href":"https:\/\/www.emplea-te.com\/noticias-oposiciones\/wp-json\/wp\/v2\/comments?post=4933"}],"version-history":[{"count":1,"href":"https:\/\/www.emplea-te.com\/noticias-oposiciones\/wp-json\/wp\/v2\/posts\/4933\/revisions"}],"predecessor-version":[{"id":4934,"href":"https:\/\/www.emplea-te.com\/noticias-oposiciones\/wp-json\/wp\/v2\/posts\/4933\/revisions\/4934"}],"wp:attachment":[{"href":"https:\/\/www.emplea-te.com\/noticias-oposiciones\/wp-json\/wp\/v2\/media?parent=4933"}],"wp:term":[{"taxonomy":"category","embeddable":true,"href":"https:\/\/www.emplea-te.com\/noticias-oposiciones\/wp-json\/wp\/v2\/categories?post=4933"},{"taxonomy":"post_tag","embeddable":true,"href":"https:\/\/www.emplea-te.com\/noticias-oposiciones\/wp-json\/wp\/v2\/tags?post=4933"}],"curies":[{"name":"wp","href":"https:\/\/api.w.org\/{rel}","templated":true}]}}