{"id":4935,"date":"2021-07-05T12:51:06","date_gmt":"2021-07-05T10:51:06","guid":{"rendered":"https:\/\/www.emplea-te.com\/noticias-oposiciones\/?p=4935"},"modified":"2021-07-05T12:52:52","modified_gmt":"2021-07-05T10:52:52","slug":"auxilio-judicial-abierto-plazo-para-presentacion-de-meritos-hasta-el-dia-30-de-julio-de-2021-de-la-fase-de-oposicion-del-proceso-selectivo","status":"publish","type":"post","link":"https:\/\/www.emplea-te.com\/noticias-oposiciones\/auxilio-judicial-abierto-plazo-para-presentacion-de-meritos-hasta-el-dia-30-de-julio-de-2021-de-la-fase-de-oposicion-del-proceso-selectivo\/","title":{"rendered":"Auxilio Judicial. Acuerdo del Tribunal Calificador, por el que se da inicio a la fase de concurso del proceso selectivo. Presentaci\u00f3n m\u00e9ritos hasta el d\u00eda 30 de julio de 2021"},"content":{"rendered":"<p>&nbsp;<\/p>\n<p><img decoding=\"async\" class=\"alignleft wp-image-2662 size-thumbnail\" src=\"https:\/\/www.emplea-te.com\/noticias-oposiciones\/wp-content\/uploads\/2019\/12\/Mazo-justicia-150x150.jpg\" alt=\"\" width=\"150\" height=\"150\" \/><\/p>\n<p>Auxilio Judicial\u00a0 Acceso libre. Orden JUS\/60\/2020, de 15 de enero (BOE de 27)<\/p>\n<p>Se publica en la Web del Ministerio de Justicia :<\/p>\n<div class=\"procesoSeguimientoTitulo\">\n<p><strong>Acuerdo del Tribunal Calificador, por el que se da inicio a la fase de concurso del proceso selectivo para acceso al Cuerpo de Auxilio Judicial<\/strong><\/p>\n<\/div>\n<div class=\"procesoSeguimientoFecha\"><\/div>\n<div class=\"procesoSeguimientoDescripcion\">\n<div class=\"ExternalClassE7B14417AEFC40EE8A9B5C8B83D99927\">\n<p><strong>Acuerdo del Tribunal Calificador<\/strong> por el que se inicia la fase de concurso del proceso selectivo para acceso en el Cuerpo de Auxilio Judicial, seg\u00fan los establecido en el Anexo I-B de la convocatoria, a los aspirantes que figuran en el Anexo III del Acuerdo de 24 de junio, del Tribunal Calificador, por el que se publicaba la relaci\u00f3n de aprobados de la fase de oposici\u00f3n.<\/p>\n<p><strong>Se publica Manual de Instrucciones para la presentaci\u00f3n<\/strong> de la documentaci\u00f3n acreditativa,\u00a0<strong>\u00fanicamente de los m\u00e9ritos indicados en el apartado B (Historial Profesional, apartados B-1 y B-2) del baremo contenido en el Anexo I-B de la Orden de convocatoria,\u00a0<\/strong>as\u00ed como el enlace que les llevar\u00e1 al asistente para la aportaci\u00f3n telem\u00e1tica de dichos m\u00e9ritos.<\/p>\n<p><strong>El plazo de presentaci\u00f3n de estos m\u00e9ritos ser\u00e1 del 5 al 30 de julio, ambos incluidos.<\/strong><\/p>\n<p><a href=\"https:\/\/pubwebseal.justicia.es\/sap\/public\/sap\/bc\/webdynpro\/sap\/zasistente_co_gta_acceso#\" target=\"_blank\" rel=\"noopener noreferrer\">https:\/\/pubwebseal.justicia.es\/sap\/public\/sap\/bc\/webdynpro\/sap\/zasistente_co_gta_acceso#<\/a><\/p>\n<p>&nbsp;<\/p>\n<\/div>\n<\/div>\n<div class=\"tituloListaExtras\">\n<h5>Documentos Asociados<\/h5>\n<\/div>\n<ul class=\"listasExtras\" data-id=\"128204\">\n<li><a class=\"enlacePantallaNueva\" href=\"https:\/\/www.mjusticia.gob.es\/es\/Ciudadano\/EmpleoPublico\/Documents\/MANUAL%20INSTRUCCIONES%20PARA%20APORTAR%20M%C3%89RITOS%20AUXILIO%20JUDICIAL.pdf\" target=\"_blank\" rel=\"noopener noreferrer\">MANUAL INSTRUCCIONES PARA APORTAR M\u00c9RITOS AUXILIO JUDICIAL\u00a0(pdf. 481.13 KB)<\/a><\/li>\n<\/ul>\n<p>&nbsp;<\/p>\n","protected":false},"excerpt":{"rendered":"<p>&nbsp; Auxilio Judicial\u00a0 Acceso libre. Orden JUS\/60\/2020, de 15 de enero (BOE de 27) Se publica en la Web del Ministerio de Justicia : Acuerdo del Tribunal Calificador, por el que se da inicio a la fase de concurso del proceso selectivo para acceso al Cuerpo de Auxilio Judicial Acuerdo del Tribunal Calificador por el &hellip; <a href=\"https:\/\/www.emplea-te.com\/noticias-oposiciones\/auxilio-judicial-abierto-plazo-para-presentacion-de-meritos-hasta-el-dia-30-de-julio-de-2021-de-la-fase-de-oposicion-del-proceso-selectivo\/\" class=\"more-link\">Continuar leyendo<span class=\"screen-reader-text\"> \u00abAuxilio Judicial. Acuerdo del Tribunal Calificador, por el que se da inicio a la fase de concurso del proceso selectivo. Presentaci\u00f3n m\u00e9ritos hasta el d\u00eda 30 de julio de 2021\u00bb<\/span><\/a><\/p>\n","protected":false},"author":1,"featured_media":0,"comment_status":"closed","ping_status":"closed","sticky":false,"template":"","format":"standard","meta":{"footnotes":""},"categories":[15,14],"tags":[82,49],"class_list":["post-4935","post","type-post","status-publish","format-standard","hentry","category-oposiciones-auxilio-judicial","category-oposiciones-justicia","tag-acceso-libre","tag-convocatorias-de-oposiciones"],"yoast_head":"<!-- This site is optimized with the Yoast SEO plugin v27.5 - https:\/\/yoast.com\/product\/yoast-seo-wordpress\/ -->\n<title>Auxilio Judicial Acceso libre. Abierto plazo presentaci\u00f3n m\u00e9ritos hasta el d\u00eda 30 de julio de 2021<\/title>\n<meta name=\"description\" content=\"Auxilio Judicial Acceso libre. Abierto plazo presentaci\u00f3n m\u00e9ritos hasta el d\u00eda 30 de julio de 2021\" \/>\n<meta name=\"robots\" content=\"index, follow, max-snippet:-1, max-image-preview:large, max-video-preview:-1\" \/>\n<link rel=\"canonical\" href=\"https:\/\/www.emplea-te.com\/noticias-oposiciones\/auxilio-judicial-abierto-plazo-para-presentacion-de-meritos-hasta-el-dia-30-de-julio-de-2021-de-la-fase-de-oposicion-del-proceso-selectivo\/\" \/>\n<meta property=\"og:locale\" content=\"es_ES\" \/>\n<meta property=\"og:type\" content=\"article\" \/>\n<meta property=\"og:title\" content=\"Auxilio Judicial Acceso libre. Abierto plazo presentaci\u00f3n m\u00e9ritos hasta el d\u00eda 30 de julio de 2021\" \/>\n<meta property=\"og:description\" content=\"Auxilio Judicial Acceso libre. Abierto plazo presentaci\u00f3n m\u00e9ritos hasta el d\u00eda 30 de julio de 2021\" \/>\n<meta property=\"og:url\" content=\"https:\/\/www.emplea-te.com\/noticias-oposiciones\/auxilio-judicial-abierto-plazo-para-presentacion-de-meritos-hasta-el-dia-30-de-julio-de-2021-de-la-fase-de-oposicion-del-proceso-selectivo\/\" \/>\n<meta property=\"og:site_name\" content=\"Noticas de oposiciones por Academia Emplea-te\" \/>\n<meta property=\"article:publisher\" content=\"https:\/\/www.facebook.com\/AcademiaEmpleate\/\" \/>\n<meta property=\"article:published_time\" content=\"2021-07-05T10:51:06+00:00\" \/>\n<meta property=\"article:modified_time\" content=\"2021-07-05T10:52:52+00:00\" \/>\n<meta property=\"og:image\" content=\"https:\/\/www.emplea-te.com\/noticias-oposiciones\/wp-content\/uploads\/2019\/12\/Mazo-justicia-150x150.jpg\" \/>\n<meta name=\"author\" content=\"Empleate\" \/>\n<meta name=\"twitter:card\" content=\"summary_large_image\" \/>\n<meta name=\"twitter:creator\" content=\"@Emplea_Te\" \/>\n<meta name=\"twitter:site\" content=\"@Emplea_Te\" \/>\n<meta name=\"twitter:label1\" content=\"Escrito por\" \/>\n\t<meta name=\"twitter:data1\" content=\"Empleate\" \/>\n\t<meta name=\"twitter:label2\" content=\"Tiempo de lectura\" \/>\n\t<meta name=\"twitter:data2\" content=\"2 minutos\" \/>\n<script type=\"application\/ld+json\" class=\"yoast-schema-graph\">{\"@context\":\"https:\\\/\\\/schema.org\",\"@graph\":[{\"@type\":\"Article\",\"@id\":\"https:\\\/\\\/www.emplea-te.com\\\/noticias-oposiciones\\\/auxilio-judicial-abierto-plazo-para-presentacion-de-meritos-hasta-el-dia-30-de-julio-de-2021-de-la-fase-de-oposicion-del-proceso-selectivo\\\/#article\",\"isPartOf\":{\"@id\":\"https:\\\/\\\/www.emplea-te.com\\\/noticias-oposiciones\\\/auxilio-judicial-abierto-plazo-para-presentacion-de-meritos-hasta-el-dia-30-de-julio-de-2021-de-la-fase-de-oposicion-del-proceso-selectivo\\\/\"},\"author\":{\"name\":\"Empleate\",\"@id\":\"https:\\\/\\\/www.emplea-te.com\\\/noticias-oposiciones\\\/#\\\/schema\\\/person\\\/d1bc587e1af2b95e9c32aba1795509a6\"},\"headline\":\"Auxilio Judicial. Acuerdo del Tribunal Calificador, por el que se da inicio a la fase de concurso del proceso selectivo. Presentaci\u00f3n m\u00e9ritos hasta el d\u00eda 30 de julio de 2021\",\"datePublished\":\"2021-07-05T10:51:06+00:00\",\"dateModified\":\"2021-07-05T10:52:52+00:00\",\"mainEntityOfPage\":{\"@id\":\"https:\\\/\\\/www.emplea-te.com\\\/noticias-oposiciones\\\/auxilio-judicial-abierto-plazo-para-presentacion-de-meritos-hasta-el-dia-30-de-julio-de-2021-de-la-fase-de-oposicion-del-proceso-selectivo\\\/\"},\"wordCount\":250,\"publisher\":{\"@id\":\"https:\\\/\\\/www.emplea-te.com\\\/noticias-oposiciones\\\/#organization\"},\"image\":{\"@id\":\"https:\\\/\\\/www.emplea-te.com\\\/noticias-oposiciones\\\/auxilio-judicial-abierto-plazo-para-presentacion-de-meritos-hasta-el-dia-30-de-julio-de-2021-de-la-fase-de-oposicion-del-proceso-selectivo\\\/#primaryimage\"},\"thumbnailUrl\":\"https:\\\/\\\/www.emplea-te.com\\\/noticias-oposiciones\\\/wp-content\\\/uploads\\\/2019\\\/12\\\/Mazo-justicia-150x150.jpg\",\"keywords\":[\"Acceso libre\",\"Convocatoria\"],\"articleSection\":[\"Oposiciones Auxilio Judicial\",\"Oposiciones Justicia\"],\"inLanguage\":\"es\"},{\"@type\":\"WebPage\",\"@id\":\"https:\\\/\\\/www.emplea-te.com\\\/noticias-oposiciones\\\/auxilio-judicial-abierto-plazo-para-presentacion-de-meritos-hasta-el-dia-30-de-julio-de-2021-de-la-fase-de-oposicion-del-proceso-selectivo\\\/\",\"url\":\"https:\\\/\\\/www.emplea-te.com\\\/noticias-oposiciones\\\/auxilio-judicial-abierto-plazo-para-presentacion-de-meritos-hasta-el-dia-30-de-julio-de-2021-de-la-fase-de-oposicion-del-proceso-selectivo\\\/\",\"name\":\"Auxilio Judicial Acceso libre. Abierto plazo presentaci\u00f3n m\u00e9ritos hasta el d\u00eda 30 de julio de 2021\",\"isPartOf\":{\"@id\":\"https:\\\/\\\/www.emplea-te.com\\\/noticias-oposiciones\\\/#website\"},\"primaryImageOfPage\":{\"@id\":\"https:\\\/\\\/www.emplea-te.com\\\/noticias-oposiciones\\\/auxilio-judicial-abierto-plazo-para-presentacion-de-meritos-hasta-el-dia-30-de-julio-de-2021-de-la-fase-de-oposicion-del-proceso-selectivo\\\/#primaryimage\"},\"image\":{\"@id\":\"https:\\\/\\\/www.emplea-te.com\\\/noticias-oposiciones\\\/auxilio-judicial-abierto-plazo-para-presentacion-de-meritos-hasta-el-dia-30-de-julio-de-2021-de-la-fase-de-oposicion-del-proceso-selectivo\\\/#primaryimage\"},\"thumbnailUrl\":\"https:\\\/\\\/www.emplea-te.com\\\/noticias-oposiciones\\\/wp-content\\\/uploads\\\/2019\\\/12\\\/Mazo-justicia-150x150.jpg\",\"datePublished\":\"2021-07-05T10:51:06+00:00\",\"dateModified\":\"2021-07-05T10:52:52+00:00\",\"description\":\"Auxilio Judicial Acceso libre. Abierto plazo presentaci\u00f3n m\u00e9ritos hasta el d\u00eda 30 de julio de 2021\",\"breadcrumb\":{\"@id\":\"https:\\\/\\\/www.emplea-te.com\\\/noticias-oposiciones\\\/auxilio-judicial-abierto-plazo-para-presentacion-de-meritos-hasta-el-dia-30-de-julio-de-2021-de-la-fase-de-oposicion-del-proceso-selectivo\\\/#breadcrumb\"},\"inLanguage\":\"es\",\"potentialAction\":[{\"@type\":\"ReadAction\",\"target\":[\"https:\\\/\\\/www.emplea-te.com\\\/noticias-oposiciones\\\/auxilio-judicial-abierto-plazo-para-presentacion-de-meritos-hasta-el-dia-30-de-julio-de-2021-de-la-fase-de-oposicion-del-proceso-selectivo\\\/\"]}]},{\"@type\":\"ImageObject\",\"inLanguage\":\"es\",\"@id\":\"https:\\\/\\\/www.emplea-te.com\\\/noticias-oposiciones\\\/auxilio-judicial-abierto-plazo-para-presentacion-de-meritos-hasta-el-dia-30-de-julio-de-2021-de-la-fase-de-oposicion-del-proceso-selectivo\\\/#primaryimage\",\"url\":\"https:\\\/\\\/www.emplea-te.com\\\/noticias-oposiciones\\\/wp-content\\\/uploads\\\/2019\\\/12\\\/Mazo-justicia.jpg\",\"contentUrl\":\"https:\\\/\\\/www.emplea-te.com\\\/noticias-oposiciones\\\/wp-content\\\/uploads\\\/2019\\\/12\\\/Mazo-justicia.jpg\",\"width\":1280,\"height\":960},{\"@type\":\"BreadcrumbList\",\"@id\":\"https:\\\/\\\/www.emplea-te.com\\\/noticias-oposiciones\\\/auxilio-judicial-abierto-plazo-para-presentacion-de-meritos-hasta-el-dia-30-de-julio-de-2021-de-la-fase-de-oposicion-del-proceso-selectivo\\\/#breadcrumb\",\"itemListElement\":[{\"@type\":\"ListItem\",\"position\":1,\"name\":\"Noticias Oposiciones\",\"item\":\"https:\\\/\\\/www.emplea-te.com\\\/noticias-oposiciones\\\/\"},{\"@type\":\"ListItem\",\"position\":2,\"name\":\"Oposiciones Justicia\",\"item\":\"https:\\\/\\\/www.emplea-te.com\\\/noticias-oposiciones\\\/categoria\\\/oposiciones-justicia\\\/\"},{\"@type\":\"ListItem\",\"position\":3,\"name\":\"Oposiciones Auxilio Judicial\",\"item\":\"https:\\\/\\\/www.emplea-te.com\\\/noticias-oposiciones\\\/categoria\\\/oposiciones-justicia\\\/oposiciones-auxilio-judicial\\\/\"},{\"@type\":\"ListItem\",\"position\":4,\"name\":\"Auxilio Judicial. Acuerdo del Tribunal Calificador, por el que se da inicio a la fase de concurso del proceso selectivo. Presentaci\u00f3n m\u00e9ritos hasta el d\u00eda 30 de julio de 2021\"}]},{\"@type\":\"WebSite\",\"@id\":\"https:\\\/\\\/www.emplea-te.com\\\/noticias-oposiciones\\\/#website\",\"url\":\"https:\\\/\\\/www.emplea-te.com\\\/noticias-oposiciones\\\/\",\"name\":\"Noticas de oposiciones por Academia Emplea-te\",\"description\":\"Toda la actualidad de las ofertas y convocatorias.\",\"publisher\":{\"@id\":\"https:\\\/\\\/www.emplea-te.com\\\/noticias-oposiciones\\\/#organization\"},\"potentialAction\":[{\"@type\":\"SearchAction\",\"target\":{\"@type\":\"EntryPoint\",\"urlTemplate\":\"https:\\\/\\\/www.emplea-te.com\\\/noticias-oposiciones\\\/?s={search_term_string}\"},\"query-input\":{\"@type\":\"PropertyValueSpecification\",\"valueRequired\":true,\"valueName\":\"search_term_string\"}}],\"inLanguage\":\"es\"},{\"@type\":\"Organization\",\"@id\":\"https:\\\/\\\/www.emplea-te.com\\\/noticias-oposiciones\\\/#organization\",\"name\":\"Academia de oposiciones Empl\u00e9ate\",\"url\":\"https:\\\/\\\/www.emplea-te.com\\\/noticias-oposiciones\\\/\",\"logo\":{\"@type\":\"ImageObject\",\"inLanguage\":\"es\",\"@id\":\"https:\\\/\\\/www.emplea-te.com\\\/noticias-oposiciones\\\/#\\\/schema\\\/logo\\\/image\\\/\",\"url\":\"https:\\\/\\\/www.emplea-te.com\\\/noticias-oposiciones\\\/wp-content\\\/uploads\\\/2019\\\/04\\\/empleate.jpg\",\"contentUrl\":\"https:\\\/\\\/www.emplea-te.com\\\/noticias-oposiciones\\\/wp-content\\\/uploads\\\/2019\\\/04\\\/empleate.jpg\",\"width\":250,\"height\":150,\"caption\":\"Academia de oposiciones Empl\u00e9ate\"},\"image\":{\"@id\":\"https:\\\/\\\/www.emplea-te.com\\\/noticias-oposiciones\\\/#\\\/schema\\\/logo\\\/image\\\/\"},\"sameAs\":[\"https:\\\/\\\/www.facebook.com\\\/AcademiaEmpleate\\\/\",\"https:\\\/\\\/x.com\\\/Emplea_Te\",\"https:\\\/\\\/www.instagram.com\\\/academia_empleate\\\/\"]},{\"@type\":\"Person\",\"@id\":\"https:\\\/\\\/www.emplea-te.com\\\/noticias-oposiciones\\\/#\\\/schema\\\/person\\\/d1bc587e1af2b95e9c32aba1795509a6\",\"name\":\"Empleate\"}]}<\/script>\n<!-- \/ Yoast SEO plugin. -->","yoast_head_json":{"title":"Auxilio Judicial Acceso libre. Abierto plazo presentaci\u00f3n m\u00e9ritos hasta el d\u00eda 30 de julio de 2021","description":"Auxilio Judicial Acceso libre. Abierto plazo presentaci\u00f3n m\u00e9ritos hasta el d\u00eda 30 de julio de 2021","robots":{"index":"index","follow":"follow","max-snippet":"max-snippet:-1","max-image-preview":"max-image-preview:large","max-video-preview":"max-video-preview:-1"},"canonical":"https:\/\/www.emplea-te.com\/noticias-oposiciones\/auxilio-judicial-abierto-plazo-para-presentacion-de-meritos-hasta-el-dia-30-de-julio-de-2021-de-la-fase-de-oposicion-del-proceso-selectivo\/","og_locale":"es_ES","og_type":"article","og_title":"Auxilio Judicial Acceso libre. Abierto plazo presentaci\u00f3n m\u00e9ritos hasta el d\u00eda 30 de julio de 2021","og_description":"Auxilio Judicial Acceso libre. Abierto plazo presentaci\u00f3n m\u00e9ritos hasta el d\u00eda 30 de julio de 2021","og_url":"https:\/\/www.emplea-te.com\/noticias-oposiciones\/auxilio-judicial-abierto-plazo-para-presentacion-de-meritos-hasta-el-dia-30-de-julio-de-2021-de-la-fase-de-oposicion-del-proceso-selectivo\/","og_site_name":"Noticas de oposiciones por Academia Emplea-te","article_publisher":"https:\/\/www.facebook.com\/AcademiaEmpleate\/","article_published_time":"2021-07-05T10:51:06+00:00","article_modified_time":"2021-07-05T10:52:52+00:00","og_image":[{"url":"https:\/\/www.emplea-te.com\/noticias-oposiciones\/wp-content\/uploads\/2019\/12\/Mazo-justicia-150x150.jpg","type":"","width":"","height":""}],"author":"Empleate","twitter_card":"summary_large_image","twitter_creator":"@Emplea_Te","twitter_site":"@Emplea_Te","twitter_misc":{"Escrito por":"Empleate","Tiempo de lectura":"2 minutos"},"schema":{"@context":"https:\/\/schema.org","@graph":[{"@type":"Article","@id":"https:\/\/www.emplea-te.com\/noticias-oposiciones\/auxilio-judicial-abierto-plazo-para-presentacion-de-meritos-hasta-el-dia-30-de-julio-de-2021-de-la-fase-de-oposicion-del-proceso-selectivo\/#article","isPartOf":{"@id":"https:\/\/www.emplea-te.com\/noticias-oposiciones\/auxilio-judicial-abierto-plazo-para-presentacion-de-meritos-hasta-el-dia-30-de-julio-de-2021-de-la-fase-de-oposicion-del-proceso-selectivo\/"},"author":{"name":"Empleate","@id":"https:\/\/www.emplea-te.com\/noticias-oposiciones\/#\/schema\/person\/d1bc587e1af2b95e9c32aba1795509a6"},"headline":"Auxilio Judicial. Acuerdo del Tribunal Calificador, por el que se da inicio a la fase de concurso del proceso selectivo. Presentaci\u00f3n m\u00e9ritos hasta el d\u00eda 30 de julio de 2021","datePublished":"2021-07-05T10:51:06+00:00","dateModified":"2021-07-05T10:52:52+00:00","mainEntityOfPage":{"@id":"https:\/\/www.emplea-te.com\/noticias-oposiciones\/auxilio-judicial-abierto-plazo-para-presentacion-de-meritos-hasta-el-dia-30-de-julio-de-2021-de-la-fase-de-oposicion-del-proceso-selectivo\/"},"wordCount":250,"publisher":{"@id":"https:\/\/www.emplea-te.com\/noticias-oposiciones\/#organization"},"image":{"@id":"https:\/\/www.emplea-te.com\/noticias-oposiciones\/auxilio-judicial-abierto-plazo-para-presentacion-de-meritos-hasta-el-dia-30-de-julio-de-2021-de-la-fase-de-oposicion-del-proceso-selectivo\/#primaryimage"},"thumbnailUrl":"https:\/\/www.emplea-te.com\/noticias-oposiciones\/wp-content\/uploads\/2019\/12\/Mazo-justicia-150x150.jpg","keywords":["Acceso libre","Convocatoria"],"articleSection":["Oposiciones Auxilio Judicial","Oposiciones Justicia"],"inLanguage":"es"},{"@type":"WebPage","@id":"https:\/\/www.emplea-te.com\/noticias-oposiciones\/auxilio-judicial-abierto-plazo-para-presentacion-de-meritos-hasta-el-dia-30-de-julio-de-2021-de-la-fase-de-oposicion-del-proceso-selectivo\/","url":"https:\/\/www.emplea-te.com\/noticias-oposiciones\/auxilio-judicial-abierto-plazo-para-presentacion-de-meritos-hasta-el-dia-30-de-julio-de-2021-de-la-fase-de-oposicion-del-proceso-selectivo\/","name":"Auxilio Judicial Acceso libre. Abierto plazo presentaci\u00f3n m\u00e9ritos hasta el d\u00eda 30 de julio de 2021","isPartOf":{"@id":"https:\/\/www.emplea-te.com\/noticias-oposiciones\/#website"},"primaryImageOfPage":{"@id":"https:\/\/www.emplea-te.com\/noticias-oposiciones\/auxilio-judicial-abierto-plazo-para-presentacion-de-meritos-hasta-el-dia-30-de-julio-de-2021-de-la-fase-de-oposicion-del-proceso-selectivo\/#primaryimage"},"image":{"@id":"https:\/\/www.emplea-te.com\/noticias-oposiciones\/auxilio-judicial-abierto-plazo-para-presentacion-de-meritos-hasta-el-dia-30-de-julio-de-2021-de-la-fase-de-oposicion-del-proceso-selectivo\/#primaryimage"},"thumbnailUrl":"https:\/\/www.emplea-te.com\/noticias-oposiciones\/wp-content\/uploads\/2019\/12\/Mazo-justicia-150x150.jpg","datePublished":"2021-07-05T10:51:06+00:00","dateModified":"2021-07-05T10:52:52+00:00","description":"Auxilio Judicial Acceso libre. Abierto plazo presentaci\u00f3n m\u00e9ritos hasta el d\u00eda 30 de julio de 2021","breadcrumb":{"@id":"https:\/\/www.emplea-te.com\/noticias-oposiciones\/auxilio-judicial-abierto-plazo-para-presentacion-de-meritos-hasta-el-dia-30-de-julio-de-2021-de-la-fase-de-oposicion-del-proceso-selectivo\/#breadcrumb"},"inLanguage":"es","potentialAction":[{"@type":"ReadAction","target":["https:\/\/www.emplea-te.com\/noticias-oposiciones\/auxilio-judicial-abierto-plazo-para-presentacion-de-meritos-hasta-el-dia-30-de-julio-de-2021-de-la-fase-de-oposicion-del-proceso-selectivo\/"]}]},{"@type":"ImageObject","inLanguage":"es","@id":"https:\/\/www.emplea-te.com\/noticias-oposiciones\/auxilio-judicial-abierto-plazo-para-presentacion-de-meritos-hasta-el-dia-30-de-julio-de-2021-de-la-fase-de-oposicion-del-proceso-selectivo\/#primaryimage","url":"https:\/\/www.emplea-te.com\/noticias-oposiciones\/wp-content\/uploads\/2019\/12\/Mazo-justicia.jpg","contentUrl":"https:\/\/www.emplea-te.com\/noticias-oposiciones\/wp-content\/uploads\/2019\/12\/Mazo-justicia.jpg","width":1280,"height":960},{"@type":"BreadcrumbList","@id":"https:\/\/www.emplea-te.com\/noticias-oposiciones\/auxilio-judicial-abierto-plazo-para-presentacion-de-meritos-hasta-el-dia-30-de-julio-de-2021-de-la-fase-de-oposicion-del-proceso-selectivo\/#breadcrumb","itemListElement":[{"@type":"ListItem","position":1,"name":"Noticias Oposiciones","item":"https:\/\/www.emplea-te.com\/noticias-oposiciones\/"},{"@type":"ListItem","position":2,"name":"Oposiciones Justicia","item":"https:\/\/www.emplea-te.com\/noticias-oposiciones\/categoria\/oposiciones-justicia\/"},{"@type":"ListItem","position":3,"name":"Oposiciones Auxilio Judicial","item":"https:\/\/www.emplea-te.com\/noticias-oposiciones\/categoria\/oposiciones-justicia\/oposiciones-auxilio-judicial\/"},{"@type":"ListItem","position":4,"name":"Auxilio Judicial. Acuerdo del Tribunal Calificador, por el que se da inicio a la fase de concurso del proceso selectivo. Presentaci\u00f3n m\u00e9ritos hasta el d\u00eda 30 de julio de 2021"}]},{"@type":"WebSite","@id":"https:\/\/www.emplea-te.com\/noticias-oposiciones\/#website","url":"https:\/\/www.emplea-te.com\/noticias-oposiciones\/","name":"Noticas de oposiciones por Academia Emplea-te","description":"Toda la actualidad de las ofertas y convocatorias.","publisher":{"@id":"https:\/\/www.emplea-te.com\/noticias-oposiciones\/#organization"},"potentialAction":[{"@type":"SearchAction","target":{"@type":"EntryPoint","urlTemplate":"https:\/\/www.emplea-te.com\/noticias-oposiciones\/?s={search_term_string}"},"query-input":{"@type":"PropertyValueSpecification","valueRequired":true,"valueName":"search_term_string"}}],"inLanguage":"es"},{"@type":"Organization","@id":"https:\/\/www.emplea-te.com\/noticias-oposiciones\/#organization","name":"Academia de oposiciones Empl\u00e9ate","url":"https:\/\/www.emplea-te.com\/noticias-oposiciones\/","logo":{"@type":"ImageObject","inLanguage":"es","@id":"https:\/\/www.emplea-te.com\/noticias-oposiciones\/#\/schema\/logo\/image\/","url":"https:\/\/www.emplea-te.com\/noticias-oposiciones\/wp-content\/uploads\/2019\/04\/empleate.jpg","contentUrl":"https:\/\/www.emplea-te.com\/noticias-oposiciones\/wp-content\/uploads\/2019\/04\/empleate.jpg","width":250,"height":150,"caption":"Academia de oposiciones Empl\u00e9ate"},"image":{"@id":"https:\/\/www.emplea-te.com\/noticias-oposiciones\/#\/schema\/logo\/image\/"},"sameAs":["https:\/\/www.facebook.com\/AcademiaEmpleate\/","https:\/\/x.com\/Emplea_Te","https:\/\/www.instagram.com\/academia_empleate\/"]},{"@type":"Person","@id":"https:\/\/www.emplea-te.com\/noticias-oposiciones\/#\/schema\/person\/d1bc587e1af2b95e9c32aba1795509a6","name":"Empleate"}]}},"_links":{"self":[{"href":"https:\/\/www.emplea-te.com\/noticias-oposiciones\/wp-json\/wp\/v2\/posts\/4935","targetHints":{"allow":["GET"]}}],"collection":[{"href":"https:\/\/www.emplea-te.com\/noticias-oposiciones\/wp-json\/wp\/v2\/posts"}],"about":[{"href":"https:\/\/www.emplea-te.com\/noticias-oposiciones\/wp-json\/wp\/v2\/types\/post"}],"author":[{"embeddable":true,"href":"https:\/\/www.emplea-te.com\/noticias-oposiciones\/wp-json\/wp\/v2\/users\/1"}],"replies":[{"embeddable":true,"href":"https:\/\/www.emplea-te.com\/noticias-oposiciones\/wp-json\/wp\/v2\/comments?post=4935"}],"version-history":[{"count":2,"href":"https:\/\/www.emplea-te.com\/noticias-oposiciones\/wp-json\/wp\/v2\/posts\/4935\/revisions"}],"predecessor-version":[{"id":4937,"href":"https:\/\/www.emplea-te.com\/noticias-oposiciones\/wp-json\/wp\/v2\/posts\/4935\/revisions\/4937"}],"wp:attachment":[{"href":"https:\/\/www.emplea-te.com\/noticias-oposiciones\/wp-json\/wp\/v2\/media?parent=4935"}],"wp:term":[{"taxonomy":"category","embeddable":true,"href":"https:\/\/www.emplea-te.com\/noticias-oposiciones\/wp-json\/wp\/v2\/categories?post=4935"},{"taxonomy":"post_tag","embeddable":true,"href":"https:\/\/www.emplea-te.com\/noticias-oposiciones\/wp-json\/wp\/v2\/tags?post=4935"}],"curies":[{"name":"wp","href":"https:\/\/api.w.org\/{rel}","templated":true}]}}