{"id":5099,"date":"2021-08-03T09:45:30","date_gmt":"2021-08-03T07:45:30","guid":{"rendered":"https:\/\/www.emplea-te.com\/noticias-oposiciones\/?p=5099"},"modified":"2021-08-03T10:12:07","modified_gmt":"2021-08-03T08:12:07","slug":"ayuntamiento-de-a-estrada-lugo-se-publica-anuncio-de-convocatoria-para-proceso-selectivo-para-cubrir-una-plaza-de-auxiliar-de-bibliotecas-c1-por-turno-libre","status":"publish","type":"post","link":"https:\/\/www.emplea-te.com\/noticias-oposiciones\/ayuntamiento-de-a-estrada-lugo-se-publica-anuncio-de-convocatoria-para-proceso-selectivo-para-cubrir-una-plaza-de-auxiliar-de-bibliotecas-c1-por-turno-libre\/","title":{"rendered":"Ayuntamiento de A Estrada . Se publica Anuncio de convocatoria para  proceso selectivo para cubrir  una plaza de Auxiliar de Bibliotecas C1  por turno libre."},"content":{"rendered":"<p><strong>Ayuntamiento de A Estrada.<\/strong><br \/>\nSe publica en el DOG de hoy, d\u00eda 3 de Agosto de 20212, el Anuncio de convocatoria para proceso selectivo para cubrir una plaza de Auxiliar de Bibliotecas C1 por turno libre.<\/p>\n<p class=\"dog-base-sangria\"><a href=\"https:\/\/boppo.depo.gal\/web\/boppo\/detalle\/-\/boppo\/2021\/06\/29\/2021033994\" target=\"_blank\" rel=\"noopener noreferrer\">En el\u00a0<span class=\"dog-cursiva\">Bolet\u00edn Oficial<\/span><\/a> de la provincia de Pontevedra n\u00famero 122, de 29 de junio de 2021, se publicaron \u00edntegramente las bases que regir\u00e1n la convocatoria por el sistema de libre oposici\u00f3n.<\/p>\n<p class=\"dog-base-sangria\"><strong>El plazo para la presentaci\u00f3n de solicitudes ser\u00e1 de veinte (20) d\u00edas h\u00e1biles contados a partir del d\u00eda siguiente a la publicaci\u00f3n <\/strong>del anuncio de la<strong> convocatoria en el\u00a0<span class=\"dog-cursiva\">Bolet\u00edn Oficial del Estado<\/span><\/strong><strong>\u00a0<\/strong>.<br \/>\nLos anuncios posteriores relacionados con esta convocatoria se har\u00e1n p\u00fablicos en la forma prevista en las propias bases.<\/p>\n<p><a href=\"https:\/\/www.xunta.gal\/dog\/Publicados\/2021\/20210803\/AnuncioL217-130721-0001_gl.html\" target=\"_blank\" rel=\"noopener noreferrer\">Enlace al Anuncio de la convocatoria publicado en el DOG\u00a0<\/a><\/p>\n<p><a href=\"https:\/\/www.emplea-te.com\/55\/oposiciones-de-comunidad-autonoma-de-galicia#informacionoposiciones\" target=\"_blank\" rel=\"noopener noreferrer\">Prep\u00e1rate en nuestros grupos presenciales y online. Inf\u00f3rmate.\u00a0<\/a><\/p>\n<p>&nbsp;<\/p>\n","protected":false},"excerpt":{"rendered":"<p>Ayuntamiento de A Estrada. Se publica en el DOG de hoy, d\u00eda 3 de Agosto de 20212, el Anuncio de convocatoria para proceso selectivo para cubrir una plaza de Auxiliar de Bibliotecas C1 por turno libre. En el\u00a0Bolet\u00edn Oficial de la provincia de Pontevedra n\u00famero 122, de 29 de junio de 2021, se publicaron \u00edntegramente &hellip; <a href=\"https:\/\/www.emplea-te.com\/noticias-oposiciones\/ayuntamiento-de-a-estrada-lugo-se-publica-anuncio-de-convocatoria-para-proceso-selectivo-para-cubrir-una-plaza-de-auxiliar-de-bibliotecas-c1-por-turno-libre\/\" class=\"more-link\">Continuar leyendo<span class=\"screen-reader-text\"> \u00abAyuntamiento de A Estrada . Se publica Anuncio de convocatoria para  proceso selectivo para cubrir  una plaza de Auxiliar de Bibliotecas C1  por turno libre.\u00bb<\/span><\/a><\/p>\n","protected":false},"author":1,"featured_media":0,"comment_status":"closed","ping_status":"closed","sticky":false,"template":"","format":"standard","meta":{"footnotes":""},"categories":[37,56],"tags":[49],"class_list":["post-5099","post","type-post","status-publish","format-standard","hentry","category-convocatorias-ayuntamientos","category-oposiciones-autonomicas-galicia","tag-convocatorias-de-oposiciones"],"yoast_head":"<!-- This site is optimized with the Yoast SEO plugin v27.5 - https:\/\/yoast.com\/product\/yoast-seo-wordpress\/ -->\n<title>Ayuntamiento de A Estrada. Anuncio de convocatoria para proceso selectivo para cubrir una plaza de Auxiliar de Bibliotecas C1 por turno libre.<\/title>\n<meta name=\"description\" content=\"Ayuntamiento de A Estrada. Anuncio de convocatoria para proceso selectivo para cubrir una plaza de Auxiliar de Bibliotecas C1 por turno libre.\" \/>\n<meta name=\"robots\" content=\"index, follow, max-snippet:-1, max-image-preview:large, max-video-preview:-1\" \/>\n<link rel=\"canonical\" href=\"https:\/\/www.emplea-te.com\/noticias-oposiciones\/ayuntamiento-de-a-estrada-lugo-se-publica-anuncio-de-convocatoria-para-proceso-selectivo-para-cubrir-una-plaza-de-auxiliar-de-bibliotecas-c1-por-turno-libre\/\" \/>\n<meta property=\"og:locale\" content=\"es_ES\" \/>\n<meta property=\"og:type\" content=\"article\" \/>\n<meta property=\"og:title\" content=\"Ayuntamiento de A Estrada. Anuncio de convocatoria para proceso selectivo para cubrir una plaza de Auxiliar de Bibliotecas C1 por turno libre.\" \/>\n<meta property=\"og:description\" content=\"Ayuntamiento de A Estrada. Anuncio de convocatoria para proceso selectivo para cubrir una plaza de Auxiliar de Bibliotecas C1 por turno libre.\" \/>\n<meta property=\"og:url\" content=\"https:\/\/www.emplea-te.com\/noticias-oposiciones\/ayuntamiento-de-a-estrada-lugo-se-publica-anuncio-de-convocatoria-para-proceso-selectivo-para-cubrir-una-plaza-de-auxiliar-de-bibliotecas-c1-por-turno-libre\/\" \/>\n<meta property=\"og:site_name\" content=\"Noticas de oposiciones por Academia Emplea-te\" \/>\n<meta property=\"article:publisher\" content=\"https:\/\/www.facebook.com\/AcademiaEmpleate\/\" \/>\n<meta property=\"article:published_time\" content=\"2021-08-03T07:45:30+00:00\" \/>\n<meta property=\"article:modified_time\" content=\"2021-08-03T08:12:07+00:00\" \/>\n<meta name=\"author\" content=\"Empleate\" \/>\n<meta name=\"twitter:card\" content=\"summary_large_image\" \/>\n<meta name=\"twitter:creator\" content=\"@Emplea_Te\" \/>\n<meta name=\"twitter:site\" content=\"@Emplea_Te\" \/>\n<meta name=\"twitter:label1\" content=\"Escrito por\" \/>\n\t<meta name=\"twitter:data1\" content=\"Empleate\" \/>\n\t<meta name=\"twitter:label2\" content=\"Tiempo de lectura\" \/>\n\t<meta name=\"twitter:data2\" content=\"1 minuto\" \/>\n<script type=\"application\/ld+json\" class=\"yoast-schema-graph\">{\"@context\":\"https:\\\/\\\/schema.org\",\"@graph\":[{\"@type\":\"Article\",\"@id\":\"https:\\\/\\\/www.emplea-te.com\\\/noticias-oposiciones\\\/ayuntamiento-de-a-estrada-lugo-se-publica-anuncio-de-convocatoria-para-proceso-selectivo-para-cubrir-una-plaza-de-auxiliar-de-bibliotecas-c1-por-turno-libre\\\/#article\",\"isPartOf\":{\"@id\":\"https:\\\/\\\/www.emplea-te.com\\\/noticias-oposiciones\\\/ayuntamiento-de-a-estrada-lugo-se-publica-anuncio-de-convocatoria-para-proceso-selectivo-para-cubrir-una-plaza-de-auxiliar-de-bibliotecas-c1-por-turno-libre\\\/\"},\"author\":{\"name\":\"Empleate\",\"@id\":\"https:\\\/\\\/www.emplea-te.com\\\/noticias-oposiciones\\\/#\\\/schema\\\/person\\\/d1bc587e1af2b95e9c32aba1795509a6\"},\"headline\":\"Ayuntamiento de A Estrada . Se publica Anuncio de convocatoria para proceso selectivo para cubrir una plaza de Auxiliar de Bibliotecas C1 por turno libre.\",\"datePublished\":\"2021-08-03T07:45:30+00:00\",\"dateModified\":\"2021-08-03T08:12:07+00:00\",\"mainEntityOfPage\":{\"@id\":\"https:\\\/\\\/www.emplea-te.com\\\/noticias-oposiciones\\\/ayuntamiento-de-a-estrada-lugo-se-publica-anuncio-de-convocatoria-para-proceso-selectivo-para-cubrir-una-plaza-de-auxiliar-de-bibliotecas-c1-por-turno-libre\\\/\"},\"wordCount\":171,\"publisher\":{\"@id\":\"https:\\\/\\\/www.emplea-te.com\\\/noticias-oposiciones\\\/#organization\"},\"keywords\":[\"Convocatoria\"],\"articleSection\":[\"Convocatorias Ayuntamientos\",\"Oposiciones Auton\u00f3micas Galicia\"],\"inLanguage\":\"es\"},{\"@type\":\"WebPage\",\"@id\":\"https:\\\/\\\/www.emplea-te.com\\\/noticias-oposiciones\\\/ayuntamiento-de-a-estrada-lugo-se-publica-anuncio-de-convocatoria-para-proceso-selectivo-para-cubrir-una-plaza-de-auxiliar-de-bibliotecas-c1-por-turno-libre\\\/\",\"url\":\"https:\\\/\\\/www.emplea-te.com\\\/noticias-oposiciones\\\/ayuntamiento-de-a-estrada-lugo-se-publica-anuncio-de-convocatoria-para-proceso-selectivo-para-cubrir-una-plaza-de-auxiliar-de-bibliotecas-c1-por-turno-libre\\\/\",\"name\":\"Ayuntamiento de A Estrada. Anuncio de convocatoria para proceso selectivo para cubrir una plaza de Auxiliar de Bibliotecas C1 por turno libre.\",\"isPartOf\":{\"@id\":\"https:\\\/\\\/www.emplea-te.com\\\/noticias-oposiciones\\\/#website\"},\"datePublished\":\"2021-08-03T07:45:30+00:00\",\"dateModified\":\"2021-08-03T08:12:07+00:00\",\"description\":\"Ayuntamiento de A Estrada. Anuncio de convocatoria para proceso selectivo para cubrir una plaza de Auxiliar de Bibliotecas C1 por turno libre.\",\"breadcrumb\":{\"@id\":\"https:\\\/\\\/www.emplea-te.com\\\/noticias-oposiciones\\\/ayuntamiento-de-a-estrada-lugo-se-publica-anuncio-de-convocatoria-para-proceso-selectivo-para-cubrir-una-plaza-de-auxiliar-de-bibliotecas-c1-por-turno-libre\\\/#breadcrumb\"},\"inLanguage\":\"es\",\"potentialAction\":[{\"@type\":\"ReadAction\",\"target\":[\"https:\\\/\\\/www.emplea-te.com\\\/noticias-oposiciones\\\/ayuntamiento-de-a-estrada-lugo-se-publica-anuncio-de-convocatoria-para-proceso-selectivo-para-cubrir-una-plaza-de-auxiliar-de-bibliotecas-c1-por-turno-libre\\\/\"]}]},{\"@type\":\"BreadcrumbList\",\"@id\":\"https:\\\/\\\/www.emplea-te.com\\\/noticias-oposiciones\\\/ayuntamiento-de-a-estrada-lugo-se-publica-anuncio-de-convocatoria-para-proceso-selectivo-para-cubrir-una-plaza-de-auxiliar-de-bibliotecas-c1-por-turno-libre\\\/#breadcrumb\",\"itemListElement\":[{\"@type\":\"ListItem\",\"position\":1,\"name\":\"Noticias Oposiciones\",\"item\":\"https:\\\/\\\/www.emplea-te.com\\\/noticias-oposiciones\\\/\"},{\"@type\":\"ListItem\",\"position\":2,\"name\":\"Oposiciones Auton\u00f3micas Galicia\",\"item\":\"https:\\\/\\\/www.emplea-te.com\\\/noticias-oposiciones\\\/categoria\\\/oposiciones-autonomicas-galicia\\\/\"},{\"@type\":\"ListItem\",\"position\":3,\"name\":\"Ayuntamiento de A Estrada . Se publica Anuncio de convocatoria para proceso selectivo para cubrir una plaza de Auxiliar de Bibliotecas C1 por turno libre.\"}]},{\"@type\":\"WebSite\",\"@id\":\"https:\\\/\\\/www.emplea-te.com\\\/noticias-oposiciones\\\/#website\",\"url\":\"https:\\\/\\\/www.emplea-te.com\\\/noticias-oposiciones\\\/\",\"name\":\"Noticas de oposiciones por Academia Emplea-te\",\"description\":\"Toda la actualidad de las ofertas y convocatorias.\",\"publisher\":{\"@id\":\"https:\\\/\\\/www.emplea-te.com\\\/noticias-oposiciones\\\/#organization\"},\"potentialAction\":[{\"@type\":\"SearchAction\",\"target\":{\"@type\":\"EntryPoint\",\"urlTemplate\":\"https:\\\/\\\/www.emplea-te.com\\\/noticias-oposiciones\\\/?s={search_term_string}\"},\"query-input\":{\"@type\":\"PropertyValueSpecification\",\"valueRequired\":true,\"valueName\":\"search_term_string\"}}],\"inLanguage\":\"es\"},{\"@type\":\"Organization\",\"@id\":\"https:\\\/\\\/www.emplea-te.com\\\/noticias-oposiciones\\\/#organization\",\"name\":\"Academia de oposiciones Empl\u00e9ate\",\"url\":\"https:\\\/\\\/www.emplea-te.com\\\/noticias-oposiciones\\\/\",\"logo\":{\"@type\":\"ImageObject\",\"inLanguage\":\"es\",\"@id\":\"https:\\\/\\\/www.emplea-te.com\\\/noticias-oposiciones\\\/#\\\/schema\\\/logo\\\/image\\\/\",\"url\":\"https:\\\/\\\/www.emplea-te.com\\\/noticias-oposiciones\\\/wp-content\\\/uploads\\\/2019\\\/04\\\/empleate.jpg\",\"contentUrl\":\"https:\\\/\\\/www.emplea-te.com\\\/noticias-oposiciones\\\/wp-content\\\/uploads\\\/2019\\\/04\\\/empleate.jpg\",\"width\":250,\"height\":150,\"caption\":\"Academia de oposiciones Empl\u00e9ate\"},\"image\":{\"@id\":\"https:\\\/\\\/www.emplea-te.com\\\/noticias-oposiciones\\\/#\\\/schema\\\/logo\\\/image\\\/\"},\"sameAs\":[\"https:\\\/\\\/www.facebook.com\\\/AcademiaEmpleate\\\/\",\"https:\\\/\\\/x.com\\\/Emplea_Te\",\"https:\\\/\\\/www.instagram.com\\\/academia_empleate\\\/\"]},{\"@type\":\"Person\",\"@id\":\"https:\\\/\\\/www.emplea-te.com\\\/noticias-oposiciones\\\/#\\\/schema\\\/person\\\/d1bc587e1af2b95e9c32aba1795509a6\",\"name\":\"Empleate\"}]}<\/script>\n<!-- \/ Yoast SEO plugin. -->","yoast_head_json":{"title":"Ayuntamiento de A Estrada. Anuncio de convocatoria para proceso selectivo para cubrir una plaza de Auxiliar de Bibliotecas C1 por turno libre.","description":"Ayuntamiento de A Estrada. Anuncio de convocatoria para proceso selectivo para cubrir una plaza de Auxiliar de Bibliotecas C1 por turno libre.","robots":{"index":"index","follow":"follow","max-snippet":"max-snippet:-1","max-image-preview":"max-image-preview:large","max-video-preview":"max-video-preview:-1"},"canonical":"https:\/\/www.emplea-te.com\/noticias-oposiciones\/ayuntamiento-de-a-estrada-lugo-se-publica-anuncio-de-convocatoria-para-proceso-selectivo-para-cubrir-una-plaza-de-auxiliar-de-bibliotecas-c1-por-turno-libre\/","og_locale":"es_ES","og_type":"article","og_title":"Ayuntamiento de A Estrada. Anuncio de convocatoria para proceso selectivo para cubrir una plaza de Auxiliar de Bibliotecas C1 por turno libre.","og_description":"Ayuntamiento de A Estrada. Anuncio de convocatoria para proceso selectivo para cubrir una plaza de Auxiliar de Bibliotecas C1 por turno libre.","og_url":"https:\/\/www.emplea-te.com\/noticias-oposiciones\/ayuntamiento-de-a-estrada-lugo-se-publica-anuncio-de-convocatoria-para-proceso-selectivo-para-cubrir-una-plaza-de-auxiliar-de-bibliotecas-c1-por-turno-libre\/","og_site_name":"Noticas de oposiciones por Academia Emplea-te","article_publisher":"https:\/\/www.facebook.com\/AcademiaEmpleate\/","article_published_time":"2021-08-03T07:45:30+00:00","article_modified_time":"2021-08-03T08:12:07+00:00","author":"Empleate","twitter_card":"summary_large_image","twitter_creator":"@Emplea_Te","twitter_site":"@Emplea_Te","twitter_misc":{"Escrito por":"Empleate","Tiempo de lectura":"1 minuto"},"schema":{"@context":"https:\/\/schema.org","@graph":[{"@type":"Article","@id":"https:\/\/www.emplea-te.com\/noticias-oposiciones\/ayuntamiento-de-a-estrada-lugo-se-publica-anuncio-de-convocatoria-para-proceso-selectivo-para-cubrir-una-plaza-de-auxiliar-de-bibliotecas-c1-por-turno-libre\/#article","isPartOf":{"@id":"https:\/\/www.emplea-te.com\/noticias-oposiciones\/ayuntamiento-de-a-estrada-lugo-se-publica-anuncio-de-convocatoria-para-proceso-selectivo-para-cubrir-una-plaza-de-auxiliar-de-bibliotecas-c1-por-turno-libre\/"},"author":{"name":"Empleate","@id":"https:\/\/www.emplea-te.com\/noticias-oposiciones\/#\/schema\/person\/d1bc587e1af2b95e9c32aba1795509a6"},"headline":"Ayuntamiento de A Estrada . Se publica Anuncio de convocatoria para proceso selectivo para cubrir una plaza de Auxiliar de Bibliotecas C1 por turno libre.","datePublished":"2021-08-03T07:45:30+00:00","dateModified":"2021-08-03T08:12:07+00:00","mainEntityOfPage":{"@id":"https:\/\/www.emplea-te.com\/noticias-oposiciones\/ayuntamiento-de-a-estrada-lugo-se-publica-anuncio-de-convocatoria-para-proceso-selectivo-para-cubrir-una-plaza-de-auxiliar-de-bibliotecas-c1-por-turno-libre\/"},"wordCount":171,"publisher":{"@id":"https:\/\/www.emplea-te.com\/noticias-oposiciones\/#organization"},"keywords":["Convocatoria"],"articleSection":["Convocatorias Ayuntamientos","Oposiciones Auton\u00f3micas Galicia"],"inLanguage":"es"},{"@type":"WebPage","@id":"https:\/\/www.emplea-te.com\/noticias-oposiciones\/ayuntamiento-de-a-estrada-lugo-se-publica-anuncio-de-convocatoria-para-proceso-selectivo-para-cubrir-una-plaza-de-auxiliar-de-bibliotecas-c1-por-turno-libre\/","url":"https:\/\/www.emplea-te.com\/noticias-oposiciones\/ayuntamiento-de-a-estrada-lugo-se-publica-anuncio-de-convocatoria-para-proceso-selectivo-para-cubrir-una-plaza-de-auxiliar-de-bibliotecas-c1-por-turno-libre\/","name":"Ayuntamiento de A Estrada. Anuncio de convocatoria para proceso selectivo para cubrir una plaza de Auxiliar de Bibliotecas C1 por turno libre.","isPartOf":{"@id":"https:\/\/www.emplea-te.com\/noticias-oposiciones\/#website"},"datePublished":"2021-08-03T07:45:30+00:00","dateModified":"2021-08-03T08:12:07+00:00","description":"Ayuntamiento de A Estrada. Anuncio de convocatoria para proceso selectivo para cubrir una plaza de Auxiliar de Bibliotecas C1 por turno libre.","breadcrumb":{"@id":"https:\/\/www.emplea-te.com\/noticias-oposiciones\/ayuntamiento-de-a-estrada-lugo-se-publica-anuncio-de-convocatoria-para-proceso-selectivo-para-cubrir-una-plaza-de-auxiliar-de-bibliotecas-c1-por-turno-libre\/#breadcrumb"},"inLanguage":"es","potentialAction":[{"@type":"ReadAction","target":["https:\/\/www.emplea-te.com\/noticias-oposiciones\/ayuntamiento-de-a-estrada-lugo-se-publica-anuncio-de-convocatoria-para-proceso-selectivo-para-cubrir-una-plaza-de-auxiliar-de-bibliotecas-c1-por-turno-libre\/"]}]},{"@type":"BreadcrumbList","@id":"https:\/\/www.emplea-te.com\/noticias-oposiciones\/ayuntamiento-de-a-estrada-lugo-se-publica-anuncio-de-convocatoria-para-proceso-selectivo-para-cubrir-una-plaza-de-auxiliar-de-bibliotecas-c1-por-turno-libre\/#breadcrumb","itemListElement":[{"@type":"ListItem","position":1,"name":"Noticias Oposiciones","item":"https:\/\/www.emplea-te.com\/noticias-oposiciones\/"},{"@type":"ListItem","position":2,"name":"Oposiciones Auton\u00f3micas Galicia","item":"https:\/\/www.emplea-te.com\/noticias-oposiciones\/categoria\/oposiciones-autonomicas-galicia\/"},{"@type":"ListItem","position":3,"name":"Ayuntamiento de A Estrada . Se publica Anuncio de convocatoria para proceso selectivo para cubrir una plaza de Auxiliar de Bibliotecas C1 por turno libre."}]},{"@type":"WebSite","@id":"https:\/\/www.emplea-te.com\/noticias-oposiciones\/#website","url":"https:\/\/www.emplea-te.com\/noticias-oposiciones\/","name":"Noticas de oposiciones por Academia Emplea-te","description":"Toda la actualidad de las ofertas y convocatorias.","publisher":{"@id":"https:\/\/www.emplea-te.com\/noticias-oposiciones\/#organization"},"potentialAction":[{"@type":"SearchAction","target":{"@type":"EntryPoint","urlTemplate":"https:\/\/www.emplea-te.com\/noticias-oposiciones\/?s={search_term_string}"},"query-input":{"@type":"PropertyValueSpecification","valueRequired":true,"valueName":"search_term_string"}}],"inLanguage":"es"},{"@type":"Organization","@id":"https:\/\/www.emplea-te.com\/noticias-oposiciones\/#organization","name":"Academia de oposiciones Empl\u00e9ate","url":"https:\/\/www.emplea-te.com\/noticias-oposiciones\/","logo":{"@type":"ImageObject","inLanguage":"es","@id":"https:\/\/www.emplea-te.com\/noticias-oposiciones\/#\/schema\/logo\/image\/","url":"https:\/\/www.emplea-te.com\/noticias-oposiciones\/wp-content\/uploads\/2019\/04\/empleate.jpg","contentUrl":"https:\/\/www.emplea-te.com\/noticias-oposiciones\/wp-content\/uploads\/2019\/04\/empleate.jpg","width":250,"height":150,"caption":"Academia de oposiciones Empl\u00e9ate"},"image":{"@id":"https:\/\/www.emplea-te.com\/noticias-oposiciones\/#\/schema\/logo\/image\/"},"sameAs":["https:\/\/www.facebook.com\/AcademiaEmpleate\/","https:\/\/x.com\/Emplea_Te","https:\/\/www.instagram.com\/academia_empleate\/"]},{"@type":"Person","@id":"https:\/\/www.emplea-te.com\/noticias-oposiciones\/#\/schema\/person\/d1bc587e1af2b95e9c32aba1795509a6","name":"Empleate"}]}},"_links":{"self":[{"href":"https:\/\/www.emplea-te.com\/noticias-oposiciones\/wp-json\/wp\/v2\/posts\/5099","targetHints":{"allow":["GET"]}}],"collection":[{"href":"https:\/\/www.emplea-te.com\/noticias-oposiciones\/wp-json\/wp\/v2\/posts"}],"about":[{"href":"https:\/\/www.emplea-te.com\/noticias-oposiciones\/wp-json\/wp\/v2\/types\/post"}],"author":[{"embeddable":true,"href":"https:\/\/www.emplea-te.com\/noticias-oposiciones\/wp-json\/wp\/v2\/users\/1"}],"replies":[{"embeddable":true,"href":"https:\/\/www.emplea-te.com\/noticias-oposiciones\/wp-json\/wp\/v2\/comments?post=5099"}],"version-history":[{"count":2,"href":"https:\/\/www.emplea-te.com\/noticias-oposiciones\/wp-json\/wp\/v2\/posts\/5099\/revisions"}],"predecessor-version":[{"id":5105,"href":"https:\/\/www.emplea-te.com\/noticias-oposiciones\/wp-json\/wp\/v2\/posts\/5099\/revisions\/5105"}],"wp:attachment":[{"href":"https:\/\/www.emplea-te.com\/noticias-oposiciones\/wp-json\/wp\/v2\/media?parent=5099"}],"wp:term":[{"taxonomy":"category","embeddable":true,"href":"https:\/\/www.emplea-te.com\/noticias-oposiciones\/wp-json\/wp\/v2\/categories?post=5099"},{"taxonomy":"post_tag","embeddable":true,"href":"https:\/\/www.emplea-te.com\/noticias-oposiciones\/wp-json\/wp\/v2\/tags?post=5099"}],"curies":[{"name":"wp","href":"https:\/\/api.w.org\/{rel}","templated":true}]}}