{"id":5103,"date":"2021-08-03T10:03:54","date_gmt":"2021-08-03T08:03:54","guid":{"rendered":"https:\/\/www.emplea-te.com\/noticias-oposiciones\/?p=5103"},"modified":"2021-08-03T10:03:54","modified_gmt":"2021-08-03T08:03:54","slug":"auxiliar-de-bibliotecas-museos-y-archivos-del-ministerio-de-cultura-publicada-modificacion-de-la-resolucion-por-la-que-se-convocan-179-plazas-de-las-oeps-2018-2019","status":"publish","type":"post","link":"https:\/\/www.emplea-te.com\/noticias-oposiciones\/auxiliar-de-bibliotecas-museos-y-archivos-del-ministerio-de-cultura-publicada-modificacion-de-la-resolucion-por-la-que-se-convocan-179-plazas-de-las-oeps-2018-2019\/","title":{"rendered":"Auxiliar de Bibliotecas, Museos y Archivos del Ministerio de Cultura. Publicada modificaci\u00f3n de la Resoluci\u00f3n por la que se convocan 179 plazas de las OEPs 2018-2019."},"content":{"rendered":"<p><strong>Escala de Auxiliares de Archivos, Bibliotecas y Museos de Organismos<\/strong><br \/>\n<strong>Aut\u00f3nomos del Ministerio de Cultura.<\/strong><\/p>\n<p>Se publica en el BOE de hoy ,d\u00eda 3 de agosto de 2021, Resoluci\u00f3n de 29 de julio de 2021, de la Subsecretar\u00eda, por la que se corrigen errores en la de 6 de julio de 2021, por la que se convoca proceso selectivo para ingreso, por el sistema general de acceso libre y promoci\u00f3n interna, en la Escala de Auxiliares de Archivos, Bibliotecas y Museos de Organismos Aut\u00f3nomos del Ministerio de Cultura.<\/p>\n<p><a href=\"https:\/\/www.boe.es\/boe\/dias\/2021\/08\/03\/pdfs\/BOE-A-2021-13188.pdf\" target=\"_blank\" rel=\"noopener noreferrer\">Desde este enlace puedes acceder a la Resoluci\u00f3n modificada con la convocatoria para cubrir un total de 179 plazas por acceso libre y promoci\u00f3n interna correspondientes a\u00a0 las OEPs 2018-2019.<\/a><\/p>\n<p><a href=\"https:\/\/www.emplea-te.com\/#informacionoposiciones\" target=\"_blank\" rel=\"noopener noreferrer\">Prep\u00e1rate en nuestros grupos Presenciales y Online\u00a0<\/a><\/p>\n<p>&nbsp;<\/p>\n","protected":false},"excerpt":{"rendered":"<p>Escala de Auxiliares de Archivos, Bibliotecas y Museos de Organismos Aut\u00f3nomos del Ministerio de Cultura. Se publica en el BOE de hoy ,d\u00eda 3 de agosto de 2021, Resoluci\u00f3n de 29 de julio de 2021, de la Subsecretar\u00eda, por la que se corrigen errores en la de 6 de julio de 2021, por la que &hellip; <a href=\"https:\/\/www.emplea-te.com\/noticias-oposiciones\/auxiliar-de-bibliotecas-museos-y-archivos-del-ministerio-de-cultura-publicada-modificacion-de-la-resolucion-por-la-que-se-convocan-179-plazas-de-las-oeps-2018-2019\/\" class=\"more-link\">Continuar leyendo<span class=\"screen-reader-text\"> \u00abAuxiliar de Bibliotecas, Museos y Archivos del Ministerio de Cultura. Publicada modificaci\u00f3n de la Resoluci\u00f3n por la que se convocan 179 plazas de las OEPs 2018-2019.\u00bb<\/span><\/a><\/p>\n","protected":false},"author":1,"featured_media":0,"comment_status":"closed","ping_status":"closed","sticky":false,"template":"","format":"standard","meta":{"footnotes":""},"categories":[47,108,107,23],"tags":[49],"class_list":["post-5103","post","type-post","status-publish","format-standard","hentry","category-administracion-general-del-estado","category-archivo-y-museos","category-auxiliar-de-bibliotecas","category-auxiliar-de-bibliotecas-c1","tag-convocatorias-de-oposiciones"],"yoast_head":"<!-- This site is optimized with the Yoast SEO plugin v27.5 - https:\/\/yoast.com\/product\/yoast-seo-wordpress\/ -->\n<title>Escala de Auxiliares de Archivos, Bibliotecas y Museos de OrganismosAut\u00f3nomos del Ministerio de Cultura.\u00a0<\/title>\n<meta name=\"description\" content=\"Convocatoria para cubrir plazas en la Escala de Auxiliares de Archivos, Bibliotecas y Museos de Organismos Aut\u00f3nomos del Ministerio de Cultura.\u00a0\" \/>\n<meta name=\"robots\" content=\"index, follow, max-snippet:-1, max-image-preview:large, max-video-preview:-1\" \/>\n<link rel=\"canonical\" href=\"https:\/\/www.emplea-te.com\/noticias-oposiciones\/auxiliar-de-bibliotecas-museos-y-archivos-del-ministerio-de-cultura-publicada-modificacion-de-la-resolucion-por-la-que-se-convocan-179-plazas-de-las-oeps-2018-2019\/\" \/>\n<meta property=\"og:locale\" content=\"es_ES\" \/>\n<meta property=\"og:type\" content=\"article\" \/>\n<meta property=\"og:title\" content=\"Escala de Auxiliares de Archivos, Bibliotecas y Museos de OrganismosAut\u00f3nomos del Ministerio de Cultura.\u00a0\" \/>\n<meta property=\"og:description\" content=\"Convocatoria para cubrir plazas en la Escala de Auxiliares de Archivos, Bibliotecas y Museos de Organismos Aut\u00f3nomos del Ministerio de Cultura.\u00a0\" \/>\n<meta property=\"og:url\" content=\"https:\/\/www.emplea-te.com\/noticias-oposiciones\/auxiliar-de-bibliotecas-museos-y-archivos-del-ministerio-de-cultura-publicada-modificacion-de-la-resolucion-por-la-que-se-convocan-179-plazas-de-las-oeps-2018-2019\/\" \/>\n<meta property=\"og:site_name\" content=\"Noticas de oposiciones por Academia Emplea-te\" \/>\n<meta property=\"article:publisher\" content=\"https:\/\/www.facebook.com\/AcademiaEmpleate\/\" \/>\n<meta property=\"article:published_time\" content=\"2021-08-03T08:03:54+00:00\" \/>\n<meta name=\"author\" content=\"Empleate\" \/>\n<meta name=\"twitter:card\" content=\"summary_large_image\" \/>\n<meta name=\"twitter:creator\" content=\"@Emplea_Te\" \/>\n<meta name=\"twitter:site\" content=\"@Emplea_Te\" \/>\n<meta name=\"twitter:label1\" content=\"Escrito por\" \/>\n\t<meta name=\"twitter:data1\" content=\"Empleate\" \/>\n\t<meta name=\"twitter:label2\" content=\"Tiempo de lectura\" \/>\n\t<meta name=\"twitter:data2\" content=\"1 minuto\" \/>\n<script type=\"application\/ld+json\" class=\"yoast-schema-graph\">{\"@context\":\"https:\\\/\\\/schema.org\",\"@graph\":[{\"@type\":\"Article\",\"@id\":\"https:\\\/\\\/www.emplea-te.com\\\/noticias-oposiciones\\\/auxiliar-de-bibliotecas-museos-y-archivos-del-ministerio-de-cultura-publicada-modificacion-de-la-resolucion-por-la-que-se-convocan-179-plazas-de-las-oeps-2018-2019\\\/#article\",\"isPartOf\":{\"@id\":\"https:\\\/\\\/www.emplea-te.com\\\/noticias-oposiciones\\\/auxiliar-de-bibliotecas-museos-y-archivos-del-ministerio-de-cultura-publicada-modificacion-de-la-resolucion-por-la-que-se-convocan-179-plazas-de-las-oeps-2018-2019\\\/\"},\"author\":{\"name\":\"Empleate\",\"@id\":\"https:\\\/\\\/www.emplea-te.com\\\/noticias-oposiciones\\\/#\\\/schema\\\/person\\\/d1bc587e1af2b95e9c32aba1795509a6\"},\"headline\":\"Auxiliar de Bibliotecas, Museos y Archivos del Ministerio de Cultura. Publicada modificaci\u00f3n de la Resoluci\u00f3n por la que se convocan 179 plazas de las OEPs 2018-2019.\",\"datePublished\":\"2021-08-03T08:03:54+00:00\",\"mainEntityOfPage\":{\"@id\":\"https:\\\/\\\/www.emplea-te.com\\\/noticias-oposiciones\\\/auxiliar-de-bibliotecas-museos-y-archivos-del-ministerio-de-cultura-publicada-modificacion-de-la-resolucion-por-la-que-se-convocan-179-plazas-de-las-oeps-2018-2019\\\/\"},\"wordCount\":155,\"publisher\":{\"@id\":\"https:\\\/\\\/www.emplea-te.com\\\/noticias-oposiciones\\\/#organization\"},\"keywords\":[\"Convocatoria\"],\"articleSection\":[\"Administraci\u00f3n General del Estado.\",\"Archivo y Museos\",\"Auxiliar de Bibliotecas\",\"Auxiliar de Bibliotecas C1\"],\"inLanguage\":\"es\"},{\"@type\":\"WebPage\",\"@id\":\"https:\\\/\\\/www.emplea-te.com\\\/noticias-oposiciones\\\/auxiliar-de-bibliotecas-museos-y-archivos-del-ministerio-de-cultura-publicada-modificacion-de-la-resolucion-por-la-que-se-convocan-179-plazas-de-las-oeps-2018-2019\\\/\",\"url\":\"https:\\\/\\\/www.emplea-te.com\\\/noticias-oposiciones\\\/auxiliar-de-bibliotecas-museos-y-archivos-del-ministerio-de-cultura-publicada-modificacion-de-la-resolucion-por-la-que-se-convocan-179-plazas-de-las-oeps-2018-2019\\\/\",\"name\":\"Escala de Auxiliares de Archivos, Bibliotecas y Museos de OrganismosAut\u00f3nomos del Ministerio de Cultura.\u00a0\",\"isPartOf\":{\"@id\":\"https:\\\/\\\/www.emplea-te.com\\\/noticias-oposiciones\\\/#website\"},\"datePublished\":\"2021-08-03T08:03:54+00:00\",\"description\":\"Convocatoria para cubrir plazas en la Escala de Auxiliares de Archivos, Bibliotecas y Museos de Organismos Aut\u00f3nomos del Ministerio de Cultura.\u00a0\",\"breadcrumb\":{\"@id\":\"https:\\\/\\\/www.emplea-te.com\\\/noticias-oposiciones\\\/auxiliar-de-bibliotecas-museos-y-archivos-del-ministerio-de-cultura-publicada-modificacion-de-la-resolucion-por-la-que-se-convocan-179-plazas-de-las-oeps-2018-2019\\\/#breadcrumb\"},\"inLanguage\":\"es\",\"potentialAction\":[{\"@type\":\"ReadAction\",\"target\":[\"https:\\\/\\\/www.emplea-te.com\\\/noticias-oposiciones\\\/auxiliar-de-bibliotecas-museos-y-archivos-del-ministerio-de-cultura-publicada-modificacion-de-la-resolucion-por-la-que-se-convocan-179-plazas-de-las-oeps-2018-2019\\\/\"]}]},{\"@type\":\"BreadcrumbList\",\"@id\":\"https:\\\/\\\/www.emplea-te.com\\\/noticias-oposiciones\\\/auxiliar-de-bibliotecas-museos-y-archivos-del-ministerio-de-cultura-publicada-modificacion-de-la-resolucion-por-la-que-se-convocan-179-plazas-de-las-oeps-2018-2019\\\/#breadcrumb\",\"itemListElement\":[{\"@type\":\"ListItem\",\"position\":1,\"name\":\"Noticias Oposiciones\",\"item\":\"https:\\\/\\\/www.emplea-te.com\\\/noticias-oposiciones\\\/\"},{\"@type\":\"ListItem\",\"position\":2,\"name\":\"Administraci\u00f3n General del Estado.\",\"item\":\"https:\\\/\\\/www.emplea-te.com\\\/noticias-oposiciones\\\/categoria\\\/administracion-general-del-estado\\\/\"},{\"@type\":\"ListItem\",\"position\":3,\"name\":\"Auxiliar de Bibliotecas, Museos y Archivos del Ministerio de Cultura. Publicada modificaci\u00f3n de la Resoluci\u00f3n por la que se convocan 179 plazas de las OEPs 2018-2019.\"}]},{\"@type\":\"WebSite\",\"@id\":\"https:\\\/\\\/www.emplea-te.com\\\/noticias-oposiciones\\\/#website\",\"url\":\"https:\\\/\\\/www.emplea-te.com\\\/noticias-oposiciones\\\/\",\"name\":\"Noticas de oposiciones por Academia Emplea-te\",\"description\":\"Toda la actualidad de las ofertas y convocatorias.\",\"publisher\":{\"@id\":\"https:\\\/\\\/www.emplea-te.com\\\/noticias-oposiciones\\\/#organization\"},\"potentialAction\":[{\"@type\":\"SearchAction\",\"target\":{\"@type\":\"EntryPoint\",\"urlTemplate\":\"https:\\\/\\\/www.emplea-te.com\\\/noticias-oposiciones\\\/?s={search_term_string}\"},\"query-input\":{\"@type\":\"PropertyValueSpecification\",\"valueRequired\":true,\"valueName\":\"search_term_string\"}}],\"inLanguage\":\"es\"},{\"@type\":\"Organization\",\"@id\":\"https:\\\/\\\/www.emplea-te.com\\\/noticias-oposiciones\\\/#organization\",\"name\":\"Academia de oposiciones Empl\u00e9ate\",\"url\":\"https:\\\/\\\/www.emplea-te.com\\\/noticias-oposiciones\\\/\",\"logo\":{\"@type\":\"ImageObject\",\"inLanguage\":\"es\",\"@id\":\"https:\\\/\\\/www.emplea-te.com\\\/noticias-oposiciones\\\/#\\\/schema\\\/logo\\\/image\\\/\",\"url\":\"https:\\\/\\\/www.emplea-te.com\\\/noticias-oposiciones\\\/wp-content\\\/uploads\\\/2019\\\/04\\\/empleate.jpg\",\"contentUrl\":\"https:\\\/\\\/www.emplea-te.com\\\/noticias-oposiciones\\\/wp-content\\\/uploads\\\/2019\\\/04\\\/empleate.jpg\",\"width\":250,\"height\":150,\"caption\":\"Academia de oposiciones Empl\u00e9ate\"},\"image\":{\"@id\":\"https:\\\/\\\/www.emplea-te.com\\\/noticias-oposiciones\\\/#\\\/schema\\\/logo\\\/image\\\/\"},\"sameAs\":[\"https:\\\/\\\/www.facebook.com\\\/AcademiaEmpleate\\\/\",\"https:\\\/\\\/x.com\\\/Emplea_Te\",\"https:\\\/\\\/www.instagram.com\\\/academia_empleate\\\/\"]},{\"@type\":\"Person\",\"@id\":\"https:\\\/\\\/www.emplea-te.com\\\/noticias-oposiciones\\\/#\\\/schema\\\/person\\\/d1bc587e1af2b95e9c32aba1795509a6\",\"name\":\"Empleate\"}]}<\/script>\n<!-- \/ Yoast SEO plugin. -->","yoast_head_json":{"title":"Escala de Auxiliares de Archivos, Bibliotecas y Museos de OrganismosAut\u00f3nomos del Ministerio de Cultura.\u00a0","description":"Convocatoria para cubrir plazas en la Escala de Auxiliares de Archivos, Bibliotecas y Museos de Organismos Aut\u00f3nomos del Ministerio de Cultura.\u00a0","robots":{"index":"index","follow":"follow","max-snippet":"max-snippet:-1","max-image-preview":"max-image-preview:large","max-video-preview":"max-video-preview:-1"},"canonical":"https:\/\/www.emplea-te.com\/noticias-oposiciones\/auxiliar-de-bibliotecas-museos-y-archivos-del-ministerio-de-cultura-publicada-modificacion-de-la-resolucion-por-la-que-se-convocan-179-plazas-de-las-oeps-2018-2019\/","og_locale":"es_ES","og_type":"article","og_title":"Escala de Auxiliares de Archivos, Bibliotecas y Museos de OrganismosAut\u00f3nomos del Ministerio de Cultura.\u00a0","og_description":"Convocatoria para cubrir plazas en la Escala de Auxiliares de Archivos, Bibliotecas y Museos de Organismos Aut\u00f3nomos del Ministerio de Cultura.\u00a0","og_url":"https:\/\/www.emplea-te.com\/noticias-oposiciones\/auxiliar-de-bibliotecas-museos-y-archivos-del-ministerio-de-cultura-publicada-modificacion-de-la-resolucion-por-la-que-se-convocan-179-plazas-de-las-oeps-2018-2019\/","og_site_name":"Noticas de oposiciones por Academia Emplea-te","article_publisher":"https:\/\/www.facebook.com\/AcademiaEmpleate\/","article_published_time":"2021-08-03T08:03:54+00:00","author":"Empleate","twitter_card":"summary_large_image","twitter_creator":"@Emplea_Te","twitter_site":"@Emplea_Te","twitter_misc":{"Escrito por":"Empleate","Tiempo de lectura":"1 minuto"},"schema":{"@context":"https:\/\/schema.org","@graph":[{"@type":"Article","@id":"https:\/\/www.emplea-te.com\/noticias-oposiciones\/auxiliar-de-bibliotecas-museos-y-archivos-del-ministerio-de-cultura-publicada-modificacion-de-la-resolucion-por-la-que-se-convocan-179-plazas-de-las-oeps-2018-2019\/#article","isPartOf":{"@id":"https:\/\/www.emplea-te.com\/noticias-oposiciones\/auxiliar-de-bibliotecas-museos-y-archivos-del-ministerio-de-cultura-publicada-modificacion-de-la-resolucion-por-la-que-se-convocan-179-plazas-de-las-oeps-2018-2019\/"},"author":{"name":"Empleate","@id":"https:\/\/www.emplea-te.com\/noticias-oposiciones\/#\/schema\/person\/d1bc587e1af2b95e9c32aba1795509a6"},"headline":"Auxiliar de Bibliotecas, Museos y Archivos del Ministerio de Cultura. Publicada modificaci\u00f3n de la Resoluci\u00f3n por la que se convocan 179 plazas de las OEPs 2018-2019.","datePublished":"2021-08-03T08:03:54+00:00","mainEntityOfPage":{"@id":"https:\/\/www.emplea-te.com\/noticias-oposiciones\/auxiliar-de-bibliotecas-museos-y-archivos-del-ministerio-de-cultura-publicada-modificacion-de-la-resolucion-por-la-que-se-convocan-179-plazas-de-las-oeps-2018-2019\/"},"wordCount":155,"publisher":{"@id":"https:\/\/www.emplea-te.com\/noticias-oposiciones\/#organization"},"keywords":["Convocatoria"],"articleSection":["Administraci\u00f3n General del Estado.","Archivo y Museos","Auxiliar de Bibliotecas","Auxiliar de Bibliotecas C1"],"inLanguage":"es"},{"@type":"WebPage","@id":"https:\/\/www.emplea-te.com\/noticias-oposiciones\/auxiliar-de-bibliotecas-museos-y-archivos-del-ministerio-de-cultura-publicada-modificacion-de-la-resolucion-por-la-que-se-convocan-179-plazas-de-las-oeps-2018-2019\/","url":"https:\/\/www.emplea-te.com\/noticias-oposiciones\/auxiliar-de-bibliotecas-museos-y-archivos-del-ministerio-de-cultura-publicada-modificacion-de-la-resolucion-por-la-que-se-convocan-179-plazas-de-las-oeps-2018-2019\/","name":"Escala de Auxiliares de Archivos, Bibliotecas y Museos de OrganismosAut\u00f3nomos del Ministerio de Cultura.\u00a0","isPartOf":{"@id":"https:\/\/www.emplea-te.com\/noticias-oposiciones\/#website"},"datePublished":"2021-08-03T08:03:54+00:00","description":"Convocatoria para cubrir plazas en la Escala de Auxiliares de Archivos, Bibliotecas y Museos de Organismos Aut\u00f3nomos del Ministerio de Cultura.\u00a0","breadcrumb":{"@id":"https:\/\/www.emplea-te.com\/noticias-oposiciones\/auxiliar-de-bibliotecas-museos-y-archivos-del-ministerio-de-cultura-publicada-modificacion-de-la-resolucion-por-la-que-se-convocan-179-plazas-de-las-oeps-2018-2019\/#breadcrumb"},"inLanguage":"es","potentialAction":[{"@type":"ReadAction","target":["https:\/\/www.emplea-te.com\/noticias-oposiciones\/auxiliar-de-bibliotecas-museos-y-archivos-del-ministerio-de-cultura-publicada-modificacion-de-la-resolucion-por-la-que-se-convocan-179-plazas-de-las-oeps-2018-2019\/"]}]},{"@type":"BreadcrumbList","@id":"https:\/\/www.emplea-te.com\/noticias-oposiciones\/auxiliar-de-bibliotecas-museos-y-archivos-del-ministerio-de-cultura-publicada-modificacion-de-la-resolucion-por-la-que-se-convocan-179-plazas-de-las-oeps-2018-2019\/#breadcrumb","itemListElement":[{"@type":"ListItem","position":1,"name":"Noticias Oposiciones","item":"https:\/\/www.emplea-te.com\/noticias-oposiciones\/"},{"@type":"ListItem","position":2,"name":"Administraci\u00f3n General del Estado.","item":"https:\/\/www.emplea-te.com\/noticias-oposiciones\/categoria\/administracion-general-del-estado\/"},{"@type":"ListItem","position":3,"name":"Auxiliar de Bibliotecas, Museos y Archivos del Ministerio de Cultura. Publicada modificaci\u00f3n de la Resoluci\u00f3n por la que se convocan 179 plazas de las OEPs 2018-2019."}]},{"@type":"WebSite","@id":"https:\/\/www.emplea-te.com\/noticias-oposiciones\/#website","url":"https:\/\/www.emplea-te.com\/noticias-oposiciones\/","name":"Noticas de oposiciones por Academia Emplea-te","description":"Toda la actualidad de las ofertas y convocatorias.","publisher":{"@id":"https:\/\/www.emplea-te.com\/noticias-oposiciones\/#organization"},"potentialAction":[{"@type":"SearchAction","target":{"@type":"EntryPoint","urlTemplate":"https:\/\/www.emplea-te.com\/noticias-oposiciones\/?s={search_term_string}"},"query-input":{"@type":"PropertyValueSpecification","valueRequired":true,"valueName":"search_term_string"}}],"inLanguage":"es"},{"@type":"Organization","@id":"https:\/\/www.emplea-te.com\/noticias-oposiciones\/#organization","name":"Academia de oposiciones Empl\u00e9ate","url":"https:\/\/www.emplea-te.com\/noticias-oposiciones\/","logo":{"@type":"ImageObject","inLanguage":"es","@id":"https:\/\/www.emplea-te.com\/noticias-oposiciones\/#\/schema\/logo\/image\/","url":"https:\/\/www.emplea-te.com\/noticias-oposiciones\/wp-content\/uploads\/2019\/04\/empleate.jpg","contentUrl":"https:\/\/www.emplea-te.com\/noticias-oposiciones\/wp-content\/uploads\/2019\/04\/empleate.jpg","width":250,"height":150,"caption":"Academia de oposiciones Empl\u00e9ate"},"image":{"@id":"https:\/\/www.emplea-te.com\/noticias-oposiciones\/#\/schema\/logo\/image\/"},"sameAs":["https:\/\/www.facebook.com\/AcademiaEmpleate\/","https:\/\/x.com\/Emplea_Te","https:\/\/www.instagram.com\/academia_empleate\/"]},{"@type":"Person","@id":"https:\/\/www.emplea-te.com\/noticias-oposiciones\/#\/schema\/person\/d1bc587e1af2b95e9c32aba1795509a6","name":"Empleate"}]}},"_links":{"self":[{"href":"https:\/\/www.emplea-te.com\/noticias-oposiciones\/wp-json\/wp\/v2\/posts\/5103","targetHints":{"allow":["GET"]}}],"collection":[{"href":"https:\/\/www.emplea-te.com\/noticias-oposiciones\/wp-json\/wp\/v2\/posts"}],"about":[{"href":"https:\/\/www.emplea-te.com\/noticias-oposiciones\/wp-json\/wp\/v2\/types\/post"}],"author":[{"embeddable":true,"href":"https:\/\/www.emplea-te.com\/noticias-oposiciones\/wp-json\/wp\/v2\/users\/1"}],"replies":[{"embeddable":true,"href":"https:\/\/www.emplea-te.com\/noticias-oposiciones\/wp-json\/wp\/v2\/comments?post=5103"}],"version-history":[{"count":1,"href":"https:\/\/www.emplea-te.com\/noticias-oposiciones\/wp-json\/wp\/v2\/posts\/5103\/revisions"}],"predecessor-version":[{"id":5104,"href":"https:\/\/www.emplea-te.com\/noticias-oposiciones\/wp-json\/wp\/v2\/posts\/5103\/revisions\/5104"}],"wp:attachment":[{"href":"https:\/\/www.emplea-te.com\/noticias-oposiciones\/wp-json\/wp\/v2\/media?parent=5103"}],"wp:term":[{"taxonomy":"category","embeddable":true,"href":"https:\/\/www.emplea-te.com\/noticias-oposiciones\/wp-json\/wp\/v2\/categories?post=5103"},{"taxonomy":"post_tag","embeddable":true,"href":"https:\/\/www.emplea-te.com\/noticias-oposiciones\/wp-json\/wp\/v2\/tags?post=5103"}],"curies":[{"name":"wp","href":"https:\/\/api.w.org\/{rel}","templated":true}]}}