{"id":5110,"date":"2021-08-04T09:47:54","date_gmt":"2021-08-04T07:47:54","guid":{"rendered":"https:\/\/www.emplea-te.com\/noticias-oposiciones\/?p=5110"},"modified":"2021-08-04T09:47:54","modified_gmt":"2021-08-04T07:47:54","slug":"ayuntamiento-de-noia-aprobada-la-oep-2021-con-entre-otras-una-plaza-de-ordenanza-subescala-subalterno-cuyo-proceso-selectivo-se-realizara-por-el-sistema-oposicion-libre","status":"publish","type":"post","link":"https:\/\/www.emplea-te.com\/noticias-oposiciones\/ayuntamiento-de-noia-aprobada-la-oep-2021-con-entre-otras-una-plaza-de-ordenanza-subescala-subalterno-cuyo-proceso-selectivo-se-realizara-por-el-sistema-oposicion-libre\/","title":{"rendered":"Ayuntamiento de Noia. Aprobada la OEP 2021 con, entre otras, una plaza de Ordenanza (subescala subalterno) cuyo proceso selectivo se realizar\u00e1  por el sistema oposici\u00f3n libre."},"content":{"rendered":"<p><strong>Ayuntamiento de Noia.<br \/>\n<\/strong><br \/>\nAprobada la OEP 2021 con, entre otras, una plaza de Ordenanza (subescala subalterno) por el sistema oposici\u00f3n libre.<\/p>\n<p>Descripci\u00f3n de la plaza.<\/p>\n<p class=\"P-rrafo-texto-negrita\"><span>PERSONAL FUNCIONARIO:<\/span><\/p>\n<p class=\"P-rrafo-texto-normal\"><span>Oficiales de carrera;\u00a0escala de administraci\u00f3n general, subescala subalterna.<\/span><\/p>\n<table id=\"table-1\" class=\"Estilo-de-tabla-normal\">\n<colgroup>\n<col class=\"Row-Column-1\" \/>\n<col class=\"Row-Column-2\" \/>\n<col class=\"Row-Column-3\" \/>\n<col class=\"Row-Column-4\" \/>\n<col class=\"Row-Column-5\" \/><\/colgroup>\n<tbody>\n<tr class=\"Row-Column-6\">\n<td class=\"Estilo-de-celda-cabeza\">\n<p class=\"Tabla-cabecera-1 para-style-override-1\"><span>GRUPO<\/span><\/p>\n<\/td>\n<td class=\"Estilo-de-celda-cabeza\">\n<p class=\"Tabla-cabecera-1 para-style-override-1\"><span>CLASIFICACI\u00d3N<\/span><\/p>\n<\/td>\n<td class=\"Estilo-de-celda-cabeza\">\n<p class=\"Tabla-cabecera-1 para-style-override-1\"><span>Num.\u00a0VACANTES<\/span><\/p>\n<\/td>\n<td class=\"Estilo-de-celda-cabeza\">\n<p class=\"Tabla-cabecera-1 para-style-override-1\"><span>NOMBRE<\/span><\/p>\n<\/td>\n<td class=\"Estilo-de-celda-cabeza\">\n<p class=\"Tabla-cabecera-1 para-style-override-1\"><span>SISTEMA DE ACCESO<\/span><\/p>\n<\/td>\n<\/tr>\n<tr class=\"Row-Column-7\">\n<td class=\"Estilo-de-celda-1\">\n<p class=\"Tabla-texto-1 para-style-override-2\">\n<\/td>\n<td class=\"Estilo-de-celda-1\">\n<p class=\"Tabla-texto-1 para-style-override-2\"><span>Funcionarios<\/span><\/p>\n<\/td>\n<td class=\"Estilo-de-celda-1\">\n<p class=\"Tabla-texto-1 para-style-override-2\"><span>1<\/span><\/p>\n<\/td>\n<td class=\"Estilo-de-celda-1\">\n<p class=\"Tabla-texto-1 para-style-override-2\"><span>Ordenanza<\/span><\/p>\n<\/td>\n<td class=\"Estilo-de-celda-1\">\n<p class=\"Tabla-texto-1 para-style-override-2\"><span>Oposici\u00f3n libre<\/span><\/p>\n<\/td>\n<\/tr>\n<\/tbody>\n<\/table>\n<p>&nbsp;<\/p>\n<p>La ejecuci\u00f3n de esta Oferta P\u00fablica de Empleo dentro del plazo improrrogable de tres a\u00f1os desde su fecha de publicaci\u00f3n, y se deber\u00e1 certificar en ese momento la existencia de una dotaci\u00f3n presupuestaria adecuada y suficiente \u201d.<\/p>\n<p><a href=\"https:\/\/bop.dicoruna.es\/bopportal\/publicado\/2021\/08\/04\/2021_0000006044.html\" target=\"_blank\" rel=\"noopener noreferrer\">Accede desde este enlace a la aprobaci\u00f3n de la OEP 2021 del Ayuntamiento de Noia en el BOP de la provincia de\u00a0 A Coru\u00f1a de hoy.<\/a><\/p>\n<p><a href=\"https:\/\/www.emplea-te.com\/55\/oposiciones-de-comunidad-autonoma-de-galicia\" target=\"_blank\" rel=\"noopener noreferrer\">Solicita informaci\u00f3n desde este enlace para prepararte en nuestros grupos presenciales y online.\u00a0<\/a><\/p>\n","protected":false},"excerpt":{"rendered":"<p>Ayuntamiento de Noia. Aprobada la OEP 2021 con, entre otras, una plaza de Ordenanza (subescala subalterno) por el sistema oposici\u00f3n libre. Descripci\u00f3n de la plaza. PERSONAL FUNCIONARIO: Oficiales de carrera;\u00a0escala de administraci\u00f3n general, subescala subalterna. GRUPO CLASIFICACI\u00d3N Num.\u00a0VACANTES NOMBRE SISTEMA DE ACCESO Funcionarios 1 Ordenanza Oposici\u00f3n libre &nbsp; La ejecuci\u00f3n de esta Oferta P\u00fablica de &hellip; <a href=\"https:\/\/www.emplea-te.com\/noticias-oposiciones\/ayuntamiento-de-noia-aprobada-la-oep-2021-con-entre-otras-una-plaza-de-ordenanza-subescala-subalterno-cuyo-proceso-selectivo-se-realizara-por-el-sistema-oposicion-libre\/\" class=\"more-link\">Continuar leyendo<span class=\"screen-reader-text\"> \u00abAyuntamiento de Noia. Aprobada la OEP 2021 con, entre otras, una plaza de Ordenanza (subescala subalterno) cuyo proceso selectivo se realizar\u00e1  por el sistema oposici\u00f3n libre.\u00bb<\/span><\/a><\/p>\n","protected":false},"author":1,"featured_media":0,"comment_status":"closed","ping_status":"closed","sticky":false,"template":"","format":"standard","meta":{"footnotes":""},"categories":[98,56],"tags":[84],"class_list":["post-5110","post","type-post","status-publish","format-standard","hentry","category-oep-2021-ayuntamientos","category-oposiciones-autonomicas-galicia","tag-oferta-de-empleo-publico"],"yoast_head":"<!-- This site is optimized with the Yoast SEO plugin v27.5 - https:\/\/yoast.com\/product\/yoast-seo-wordpress\/ -->\n<title>Ayuntamiento de Noia. Aprobada la OEP 2021 con una plaza de Ordenanza (subescala subalterno) por el sistema oposici\u00f3n libre.<\/title>\n<meta name=\"description\" content=\"Ayuntamiento de Noia. Aprobada la OEP 2021 con una plaza de Ordenanza (subescala subalterno) por el sistema oposici\u00f3n libre.\" \/>\n<meta name=\"robots\" content=\"index, follow, max-snippet:-1, max-image-preview:large, max-video-preview:-1\" \/>\n<link rel=\"canonical\" href=\"https:\/\/www.emplea-te.com\/noticias-oposiciones\/ayuntamiento-de-noia-aprobada-la-oep-2021-con-entre-otras-una-plaza-de-ordenanza-subescala-subalterno-cuyo-proceso-selectivo-se-realizara-por-el-sistema-oposicion-libre\/\" \/>\n<meta property=\"og:locale\" content=\"es_ES\" \/>\n<meta property=\"og:type\" content=\"article\" \/>\n<meta property=\"og:title\" content=\"Ayuntamiento de Noia. Aprobada la OEP 2021 con una plaza de Ordenanza (subescala subalterno) por el sistema oposici\u00f3n libre.\" \/>\n<meta property=\"og:description\" content=\"Ayuntamiento de Noia. Aprobada la OEP 2021 con una plaza de Ordenanza (subescala subalterno) por el sistema oposici\u00f3n libre.\" \/>\n<meta property=\"og:url\" content=\"https:\/\/www.emplea-te.com\/noticias-oposiciones\/ayuntamiento-de-noia-aprobada-la-oep-2021-con-entre-otras-una-plaza-de-ordenanza-subescala-subalterno-cuyo-proceso-selectivo-se-realizara-por-el-sistema-oposicion-libre\/\" \/>\n<meta property=\"og:site_name\" content=\"Noticas de oposiciones por Academia Emplea-te\" \/>\n<meta property=\"article:publisher\" content=\"https:\/\/www.facebook.com\/AcademiaEmpleate\/\" \/>\n<meta property=\"article:published_time\" content=\"2021-08-04T07:47:54+00:00\" \/>\n<meta name=\"author\" content=\"Empleate\" \/>\n<meta name=\"twitter:card\" content=\"summary_large_image\" \/>\n<meta name=\"twitter:creator\" content=\"@Emplea_Te\" \/>\n<meta name=\"twitter:site\" content=\"@Emplea_Te\" \/>\n<meta name=\"twitter:label1\" content=\"Escrito por\" \/>\n\t<meta name=\"twitter:data1\" content=\"Empleate\" \/>\n\t<meta name=\"twitter:label2\" content=\"Tiempo de lectura\" \/>\n\t<meta name=\"twitter:data2\" content=\"1 minuto\" \/>\n<script type=\"application\/ld+json\" class=\"yoast-schema-graph\">{\"@context\":\"https:\\\/\\\/schema.org\",\"@graph\":[{\"@type\":\"Article\",\"@id\":\"https:\\\/\\\/www.emplea-te.com\\\/noticias-oposiciones\\\/ayuntamiento-de-noia-aprobada-la-oep-2021-con-entre-otras-una-plaza-de-ordenanza-subescala-subalterno-cuyo-proceso-selectivo-se-realizara-por-el-sistema-oposicion-libre\\\/#article\",\"isPartOf\":{\"@id\":\"https:\\\/\\\/www.emplea-te.com\\\/noticias-oposiciones\\\/ayuntamiento-de-noia-aprobada-la-oep-2021-con-entre-otras-una-plaza-de-ordenanza-subescala-subalterno-cuyo-proceso-selectivo-se-realizara-por-el-sistema-oposicion-libre\\\/\"},\"author\":{\"name\":\"Empleate\",\"@id\":\"https:\\\/\\\/www.emplea-te.com\\\/noticias-oposiciones\\\/#\\\/schema\\\/person\\\/d1bc587e1af2b95e9c32aba1795509a6\"},\"headline\":\"Ayuntamiento de Noia. Aprobada la OEP 2021 con, entre otras, una plaza de Ordenanza (subescala subalterno) cuyo proceso selectivo se realizar\u00e1 por el sistema oposici\u00f3n libre.\",\"datePublished\":\"2021-08-04T07:47:54+00:00\",\"mainEntityOfPage\":{\"@id\":\"https:\\\/\\\/www.emplea-te.com\\\/noticias-oposiciones\\\/ayuntamiento-de-noia-aprobada-la-oep-2021-con-entre-otras-una-plaza-de-ordenanza-subescala-subalterno-cuyo-proceso-selectivo-se-realizara-por-el-sistema-oposicion-libre\\\/\"},\"wordCount\":161,\"publisher\":{\"@id\":\"https:\\\/\\\/www.emplea-te.com\\\/noticias-oposiciones\\\/#organization\"},\"keywords\":[\"Oferta de Empleo P\u00fablico\"],\"articleSection\":[\"OEP 2021 Ayuntamientos\",\"Oposiciones Auton\u00f3micas Galicia\"],\"inLanguage\":\"es\"},{\"@type\":\"WebPage\",\"@id\":\"https:\\\/\\\/www.emplea-te.com\\\/noticias-oposiciones\\\/ayuntamiento-de-noia-aprobada-la-oep-2021-con-entre-otras-una-plaza-de-ordenanza-subescala-subalterno-cuyo-proceso-selectivo-se-realizara-por-el-sistema-oposicion-libre\\\/\",\"url\":\"https:\\\/\\\/www.emplea-te.com\\\/noticias-oposiciones\\\/ayuntamiento-de-noia-aprobada-la-oep-2021-con-entre-otras-una-plaza-de-ordenanza-subescala-subalterno-cuyo-proceso-selectivo-se-realizara-por-el-sistema-oposicion-libre\\\/\",\"name\":\"Ayuntamiento de Noia. Aprobada la OEP 2021 con una plaza de Ordenanza (subescala subalterno) por el sistema oposici\u00f3n libre.\",\"isPartOf\":{\"@id\":\"https:\\\/\\\/www.emplea-te.com\\\/noticias-oposiciones\\\/#website\"},\"datePublished\":\"2021-08-04T07:47:54+00:00\",\"description\":\"Ayuntamiento de Noia. Aprobada la OEP 2021 con una plaza de Ordenanza (subescala subalterno) por el sistema oposici\u00f3n libre.\",\"breadcrumb\":{\"@id\":\"https:\\\/\\\/www.emplea-te.com\\\/noticias-oposiciones\\\/ayuntamiento-de-noia-aprobada-la-oep-2021-con-entre-otras-una-plaza-de-ordenanza-subescala-subalterno-cuyo-proceso-selectivo-se-realizara-por-el-sistema-oposicion-libre\\\/#breadcrumb\"},\"inLanguage\":\"es\",\"potentialAction\":[{\"@type\":\"ReadAction\",\"target\":[\"https:\\\/\\\/www.emplea-te.com\\\/noticias-oposiciones\\\/ayuntamiento-de-noia-aprobada-la-oep-2021-con-entre-otras-una-plaza-de-ordenanza-subescala-subalterno-cuyo-proceso-selectivo-se-realizara-por-el-sistema-oposicion-libre\\\/\"]}]},{\"@type\":\"BreadcrumbList\",\"@id\":\"https:\\\/\\\/www.emplea-te.com\\\/noticias-oposiciones\\\/ayuntamiento-de-noia-aprobada-la-oep-2021-con-entre-otras-una-plaza-de-ordenanza-subescala-subalterno-cuyo-proceso-selectivo-se-realizara-por-el-sistema-oposicion-libre\\\/#breadcrumb\",\"itemListElement\":[{\"@type\":\"ListItem\",\"position\":1,\"name\":\"Noticias Oposiciones\",\"item\":\"https:\\\/\\\/www.emplea-te.com\\\/noticias-oposiciones\\\/\"},{\"@type\":\"ListItem\",\"position\":2,\"name\":\"Oposiciones Auton\u00f3micas Galicia\",\"item\":\"https:\\\/\\\/www.emplea-te.com\\\/noticias-oposiciones\\\/categoria\\\/oposiciones-autonomicas-galicia\\\/\"},{\"@type\":\"ListItem\",\"position\":3,\"name\":\"Ayuntamiento de Noia. Aprobada la OEP 2021 con, entre otras, una plaza de Ordenanza (subescala subalterno) cuyo proceso selectivo se realizar\u00e1 por el sistema oposici\u00f3n libre.\"}]},{\"@type\":\"WebSite\",\"@id\":\"https:\\\/\\\/www.emplea-te.com\\\/noticias-oposiciones\\\/#website\",\"url\":\"https:\\\/\\\/www.emplea-te.com\\\/noticias-oposiciones\\\/\",\"name\":\"Noticas de oposiciones por Academia Emplea-te\",\"description\":\"Toda la actualidad de las ofertas y convocatorias.\",\"publisher\":{\"@id\":\"https:\\\/\\\/www.emplea-te.com\\\/noticias-oposiciones\\\/#organization\"},\"potentialAction\":[{\"@type\":\"SearchAction\",\"target\":{\"@type\":\"EntryPoint\",\"urlTemplate\":\"https:\\\/\\\/www.emplea-te.com\\\/noticias-oposiciones\\\/?s={search_term_string}\"},\"query-input\":{\"@type\":\"PropertyValueSpecification\",\"valueRequired\":true,\"valueName\":\"search_term_string\"}}],\"inLanguage\":\"es\"},{\"@type\":\"Organization\",\"@id\":\"https:\\\/\\\/www.emplea-te.com\\\/noticias-oposiciones\\\/#organization\",\"name\":\"Academia de oposiciones Empl\u00e9ate\",\"url\":\"https:\\\/\\\/www.emplea-te.com\\\/noticias-oposiciones\\\/\",\"logo\":{\"@type\":\"ImageObject\",\"inLanguage\":\"es\",\"@id\":\"https:\\\/\\\/www.emplea-te.com\\\/noticias-oposiciones\\\/#\\\/schema\\\/logo\\\/image\\\/\",\"url\":\"https:\\\/\\\/www.emplea-te.com\\\/noticias-oposiciones\\\/wp-content\\\/uploads\\\/2019\\\/04\\\/empleate.jpg\",\"contentUrl\":\"https:\\\/\\\/www.emplea-te.com\\\/noticias-oposiciones\\\/wp-content\\\/uploads\\\/2019\\\/04\\\/empleate.jpg\",\"width\":250,\"height\":150,\"caption\":\"Academia de oposiciones Empl\u00e9ate\"},\"image\":{\"@id\":\"https:\\\/\\\/www.emplea-te.com\\\/noticias-oposiciones\\\/#\\\/schema\\\/logo\\\/image\\\/\"},\"sameAs\":[\"https:\\\/\\\/www.facebook.com\\\/AcademiaEmpleate\\\/\",\"https:\\\/\\\/x.com\\\/Emplea_Te\",\"https:\\\/\\\/www.instagram.com\\\/academia_empleate\\\/\"]},{\"@type\":\"Person\",\"@id\":\"https:\\\/\\\/www.emplea-te.com\\\/noticias-oposiciones\\\/#\\\/schema\\\/person\\\/d1bc587e1af2b95e9c32aba1795509a6\",\"name\":\"Empleate\"}]}<\/script>\n<!-- \/ Yoast SEO plugin. -->","yoast_head_json":{"title":"Ayuntamiento de Noia. Aprobada la OEP 2021 con una plaza de Ordenanza (subescala subalterno) por el sistema oposici\u00f3n libre.","description":"Ayuntamiento de Noia. Aprobada la OEP 2021 con una plaza de Ordenanza (subescala subalterno) por el sistema oposici\u00f3n libre.","robots":{"index":"index","follow":"follow","max-snippet":"max-snippet:-1","max-image-preview":"max-image-preview:large","max-video-preview":"max-video-preview:-1"},"canonical":"https:\/\/www.emplea-te.com\/noticias-oposiciones\/ayuntamiento-de-noia-aprobada-la-oep-2021-con-entre-otras-una-plaza-de-ordenanza-subescala-subalterno-cuyo-proceso-selectivo-se-realizara-por-el-sistema-oposicion-libre\/","og_locale":"es_ES","og_type":"article","og_title":"Ayuntamiento de Noia. Aprobada la OEP 2021 con una plaza de Ordenanza (subescala subalterno) por el sistema oposici\u00f3n libre.","og_description":"Ayuntamiento de Noia. Aprobada la OEP 2021 con una plaza de Ordenanza (subescala subalterno) por el sistema oposici\u00f3n libre.","og_url":"https:\/\/www.emplea-te.com\/noticias-oposiciones\/ayuntamiento-de-noia-aprobada-la-oep-2021-con-entre-otras-una-plaza-de-ordenanza-subescala-subalterno-cuyo-proceso-selectivo-se-realizara-por-el-sistema-oposicion-libre\/","og_site_name":"Noticas de oposiciones por Academia Emplea-te","article_publisher":"https:\/\/www.facebook.com\/AcademiaEmpleate\/","article_published_time":"2021-08-04T07:47:54+00:00","author":"Empleate","twitter_card":"summary_large_image","twitter_creator":"@Emplea_Te","twitter_site":"@Emplea_Te","twitter_misc":{"Escrito por":"Empleate","Tiempo de lectura":"1 minuto"},"schema":{"@context":"https:\/\/schema.org","@graph":[{"@type":"Article","@id":"https:\/\/www.emplea-te.com\/noticias-oposiciones\/ayuntamiento-de-noia-aprobada-la-oep-2021-con-entre-otras-una-plaza-de-ordenanza-subescala-subalterno-cuyo-proceso-selectivo-se-realizara-por-el-sistema-oposicion-libre\/#article","isPartOf":{"@id":"https:\/\/www.emplea-te.com\/noticias-oposiciones\/ayuntamiento-de-noia-aprobada-la-oep-2021-con-entre-otras-una-plaza-de-ordenanza-subescala-subalterno-cuyo-proceso-selectivo-se-realizara-por-el-sistema-oposicion-libre\/"},"author":{"name":"Empleate","@id":"https:\/\/www.emplea-te.com\/noticias-oposiciones\/#\/schema\/person\/d1bc587e1af2b95e9c32aba1795509a6"},"headline":"Ayuntamiento de Noia. Aprobada la OEP 2021 con, entre otras, una plaza de Ordenanza (subescala subalterno) cuyo proceso selectivo se realizar\u00e1 por el sistema oposici\u00f3n libre.","datePublished":"2021-08-04T07:47:54+00:00","mainEntityOfPage":{"@id":"https:\/\/www.emplea-te.com\/noticias-oposiciones\/ayuntamiento-de-noia-aprobada-la-oep-2021-con-entre-otras-una-plaza-de-ordenanza-subescala-subalterno-cuyo-proceso-selectivo-se-realizara-por-el-sistema-oposicion-libre\/"},"wordCount":161,"publisher":{"@id":"https:\/\/www.emplea-te.com\/noticias-oposiciones\/#organization"},"keywords":["Oferta de Empleo P\u00fablico"],"articleSection":["OEP 2021 Ayuntamientos","Oposiciones Auton\u00f3micas Galicia"],"inLanguage":"es"},{"@type":"WebPage","@id":"https:\/\/www.emplea-te.com\/noticias-oposiciones\/ayuntamiento-de-noia-aprobada-la-oep-2021-con-entre-otras-una-plaza-de-ordenanza-subescala-subalterno-cuyo-proceso-selectivo-se-realizara-por-el-sistema-oposicion-libre\/","url":"https:\/\/www.emplea-te.com\/noticias-oposiciones\/ayuntamiento-de-noia-aprobada-la-oep-2021-con-entre-otras-una-plaza-de-ordenanza-subescala-subalterno-cuyo-proceso-selectivo-se-realizara-por-el-sistema-oposicion-libre\/","name":"Ayuntamiento de Noia. Aprobada la OEP 2021 con una plaza de Ordenanza (subescala subalterno) por el sistema oposici\u00f3n libre.","isPartOf":{"@id":"https:\/\/www.emplea-te.com\/noticias-oposiciones\/#website"},"datePublished":"2021-08-04T07:47:54+00:00","description":"Ayuntamiento de Noia. Aprobada la OEP 2021 con una plaza de Ordenanza (subescala subalterno) por el sistema oposici\u00f3n libre.","breadcrumb":{"@id":"https:\/\/www.emplea-te.com\/noticias-oposiciones\/ayuntamiento-de-noia-aprobada-la-oep-2021-con-entre-otras-una-plaza-de-ordenanza-subescala-subalterno-cuyo-proceso-selectivo-se-realizara-por-el-sistema-oposicion-libre\/#breadcrumb"},"inLanguage":"es","potentialAction":[{"@type":"ReadAction","target":["https:\/\/www.emplea-te.com\/noticias-oposiciones\/ayuntamiento-de-noia-aprobada-la-oep-2021-con-entre-otras-una-plaza-de-ordenanza-subescala-subalterno-cuyo-proceso-selectivo-se-realizara-por-el-sistema-oposicion-libre\/"]}]},{"@type":"BreadcrumbList","@id":"https:\/\/www.emplea-te.com\/noticias-oposiciones\/ayuntamiento-de-noia-aprobada-la-oep-2021-con-entre-otras-una-plaza-de-ordenanza-subescala-subalterno-cuyo-proceso-selectivo-se-realizara-por-el-sistema-oposicion-libre\/#breadcrumb","itemListElement":[{"@type":"ListItem","position":1,"name":"Noticias Oposiciones","item":"https:\/\/www.emplea-te.com\/noticias-oposiciones\/"},{"@type":"ListItem","position":2,"name":"Oposiciones Auton\u00f3micas Galicia","item":"https:\/\/www.emplea-te.com\/noticias-oposiciones\/categoria\/oposiciones-autonomicas-galicia\/"},{"@type":"ListItem","position":3,"name":"Ayuntamiento de Noia. Aprobada la OEP 2021 con, entre otras, una plaza de Ordenanza (subescala subalterno) cuyo proceso selectivo se realizar\u00e1 por el sistema oposici\u00f3n libre."}]},{"@type":"WebSite","@id":"https:\/\/www.emplea-te.com\/noticias-oposiciones\/#website","url":"https:\/\/www.emplea-te.com\/noticias-oposiciones\/","name":"Noticas de oposiciones por Academia Emplea-te","description":"Toda la actualidad de las ofertas y convocatorias.","publisher":{"@id":"https:\/\/www.emplea-te.com\/noticias-oposiciones\/#organization"},"potentialAction":[{"@type":"SearchAction","target":{"@type":"EntryPoint","urlTemplate":"https:\/\/www.emplea-te.com\/noticias-oposiciones\/?s={search_term_string}"},"query-input":{"@type":"PropertyValueSpecification","valueRequired":true,"valueName":"search_term_string"}}],"inLanguage":"es"},{"@type":"Organization","@id":"https:\/\/www.emplea-te.com\/noticias-oposiciones\/#organization","name":"Academia de oposiciones Empl\u00e9ate","url":"https:\/\/www.emplea-te.com\/noticias-oposiciones\/","logo":{"@type":"ImageObject","inLanguage":"es","@id":"https:\/\/www.emplea-te.com\/noticias-oposiciones\/#\/schema\/logo\/image\/","url":"https:\/\/www.emplea-te.com\/noticias-oposiciones\/wp-content\/uploads\/2019\/04\/empleate.jpg","contentUrl":"https:\/\/www.emplea-te.com\/noticias-oposiciones\/wp-content\/uploads\/2019\/04\/empleate.jpg","width":250,"height":150,"caption":"Academia de oposiciones Empl\u00e9ate"},"image":{"@id":"https:\/\/www.emplea-te.com\/noticias-oposiciones\/#\/schema\/logo\/image\/"},"sameAs":["https:\/\/www.facebook.com\/AcademiaEmpleate\/","https:\/\/x.com\/Emplea_Te","https:\/\/www.instagram.com\/academia_empleate\/"]},{"@type":"Person","@id":"https:\/\/www.emplea-te.com\/noticias-oposiciones\/#\/schema\/person\/d1bc587e1af2b95e9c32aba1795509a6","name":"Empleate"}]}},"_links":{"self":[{"href":"https:\/\/www.emplea-te.com\/noticias-oposiciones\/wp-json\/wp\/v2\/posts\/5110","targetHints":{"allow":["GET"]}}],"collection":[{"href":"https:\/\/www.emplea-te.com\/noticias-oposiciones\/wp-json\/wp\/v2\/posts"}],"about":[{"href":"https:\/\/www.emplea-te.com\/noticias-oposiciones\/wp-json\/wp\/v2\/types\/post"}],"author":[{"embeddable":true,"href":"https:\/\/www.emplea-te.com\/noticias-oposiciones\/wp-json\/wp\/v2\/users\/1"}],"replies":[{"embeddable":true,"href":"https:\/\/www.emplea-te.com\/noticias-oposiciones\/wp-json\/wp\/v2\/comments?post=5110"}],"version-history":[{"count":1,"href":"https:\/\/www.emplea-te.com\/noticias-oposiciones\/wp-json\/wp\/v2\/posts\/5110\/revisions"}],"predecessor-version":[{"id":5111,"href":"https:\/\/www.emplea-te.com\/noticias-oposiciones\/wp-json\/wp\/v2\/posts\/5110\/revisions\/5111"}],"wp:attachment":[{"href":"https:\/\/www.emplea-te.com\/noticias-oposiciones\/wp-json\/wp\/v2\/media?parent=5110"}],"wp:term":[{"taxonomy":"category","embeddable":true,"href":"https:\/\/www.emplea-te.com\/noticias-oposiciones\/wp-json\/wp\/v2\/categories?post=5110"},{"taxonomy":"post_tag","embeddable":true,"href":"https:\/\/www.emplea-te.com\/noticias-oposiciones\/wp-json\/wp\/v2\/tags?post=5110"}],"curies":[{"name":"wp","href":"https:\/\/api.w.org\/{rel}","templated":true}]}}