{"id":5207,"date":"2021-09-01T10:46:38","date_gmt":"2021-09-01T08:46:38","guid":{"rendered":"https:\/\/www.emplea-te.com\/noticias-oposiciones\/?p=5207"},"modified":"2021-09-01T10:46:38","modified_gmt":"2021-09-01T08:46:38","slug":"ayuntamiento-de-avia-publicadas-bases-de-convocatoria-para-cubrir-una-plaza-de-administrativo-c1","status":"publish","type":"post","link":"https:\/\/www.emplea-te.com\/noticias-oposiciones\/ayuntamiento-de-avia-publicadas-bases-de-convocatoria-para-cubrir-una-plaza-de-administrativo-c1\/","title":{"rendered":"Ayuntamiento de Avia. Publicadas bases de convocatoria para cubrir una plaza de Administrativo C1"},"content":{"rendered":"<p>Ayuntamiento de Avia.<\/p>\n<p>Se publican en el DOG de hoy , d\u00eda 1 de septiembre de 2021, las\u00a0 bases de la convocatoria para la provisi\u00f3n de plaza de funcionario de Administraci\u00f3n general, subescala administrativa, grupo C1.<\/p>\n<div class=\"story\">\n<p class=\"dog-base-sangria\"><span><a href=\"https:\/\/bop.depourense.es\/portal\/cambioBoletin.do\" target=\"_blank\" rel=\"noopener noreferrer\"><strong>En el Bolet\u00edn Oficial de la provincia de Ourense n\u00famero 196<\/strong>, <strong>de 26 de<\/strong> <strong>agosto de 2021<\/strong><\/a>, se publican<strong> \u00edntegramente las bases que regir\u00e1n la convocatoria de la provisi\u00f3n de cargo administrativo,<\/strong> perteneciente al grupo C1, de la escala de Administraci\u00f3n General, por concurso oposici\u00f3n\u00a0 , incluida en la oferta de trabajo 2021, publicada en el BOP no. 126, de 5 de junio de 2021 y en DOG no.\u00a0107, de 8 de junio de 2021.<\/span><\/p>\n<p class=\"dog-base-sangria\"><span>El <strong>plazo para la presentaci\u00f3n de solicitudes ser\u00e1 de veinte d\u00edas h\u00e1biles<\/strong> a <strong>partir de la publicaci\u00f3n en el Bolet\u00edn Oficial del Estado (BOE<\/strong>), seg\u00fan se establece en el reglamento de la convocatoria.<\/span><\/p>\n<p class=\"dog-base-sangria\"><span>Los anuncios posteriores relacionados con esta convocatoria, cuando corresponda de acuerdo con las normas, se har\u00e1n p\u00fablicos en la forma prevista en la misma.<\/span><\/p>\n<p><strong><a href=\"https:\/\/www.xunta.gal\/dog\/Publicados\/2021\/20210901\/AnuncioL318-260821-0001_gl.html\" target=\"_blank\" rel=\"noopener noreferrer\">Enlace a bases convocatoria publicada en el DOG de hoy. <\/a><\/strong><\/p>\n<p><a href=\"https:\/\/www.emplea-te.com\/cursos-para-oposiciones#informacionoposiciones\" target=\"_blank\" rel=\"noopener noreferrer\">\u00a1Inf\u00f3rmate de nuestros grupos presenciales y on line para preparar estas oposiciones!<\/a><\/p>\n<p>&nbsp;<\/p>\n<p>&nbsp;<\/p>\n<\/div>\n","protected":false},"excerpt":{"rendered":"<p>Ayuntamiento de Avia. Se publican en el DOG de hoy , d\u00eda 1 de septiembre de 2021, las\u00a0 bases de la convocatoria para la provisi\u00f3n de plaza de funcionario de Administraci\u00f3n general, subescala administrativa, grupo C1. En el Bolet\u00edn Oficial de la provincia de Ourense n\u00famero 196, de 26 de agosto de 2021, se publican &hellip; <a href=\"https:\/\/www.emplea-te.com\/noticias-oposiciones\/ayuntamiento-de-avia-publicadas-bases-de-convocatoria-para-cubrir-una-plaza-de-administrativo-c1\/\" class=\"more-link\">Continuar leyendo<span class=\"screen-reader-text\"> \u00abAyuntamiento de Avia. Publicadas bases de convocatoria para cubrir una plaza de Administrativo C1\u00bb<\/span><\/a><\/p>\n","protected":false},"author":1,"featured_media":0,"comment_status":"closed","ping_status":"closed","sticky":false,"template":"","format":"standard","meta":{"footnotes":""},"categories":[37,56],"tags":[49],"class_list":["post-5207","post","type-post","status-publish","format-standard","hentry","category-convocatorias-ayuntamientos","category-oposiciones-autonomicas-galicia","tag-convocatorias-de-oposiciones"],"yoast_head":"<!-- This site is optimized with the Yoast SEO plugin v27.3 - https:\/\/yoast.com\/product\/yoast-seo-wordpress\/ -->\n<title>Ayuntamiento de Avia. Bases Convocatoria para la provisi\u00f3n de plaza de funcionario de Administrativo C1<\/title>\n<meta name=\"description\" content=\"Ayuntamiento de Avia. Bases Convocatoria para la provisi\u00f3n de plaza de funcionario de Administrativo C1\" \/>\n<meta name=\"robots\" content=\"index, follow, max-snippet:-1, max-image-preview:large, max-video-preview:-1\" \/>\n<link rel=\"canonical\" href=\"https:\/\/www.emplea-te.com\/noticias-oposiciones\/ayuntamiento-de-avia-publicadas-bases-de-convocatoria-para-cubrir-una-plaza-de-administrativo-c1\/\" \/>\n<meta property=\"og:locale\" content=\"es_ES\" \/>\n<meta property=\"og:type\" content=\"article\" \/>\n<meta property=\"og:title\" content=\"Ayuntamiento de Avia. Bases Convocatoria para la provisi\u00f3n de plaza de funcionario de Administrativo C1\" \/>\n<meta property=\"og:description\" content=\"Ayuntamiento de Avia. Bases Convocatoria para la provisi\u00f3n de plaza de funcionario de Administrativo C1\" \/>\n<meta property=\"og:url\" content=\"https:\/\/www.emplea-te.com\/noticias-oposiciones\/ayuntamiento-de-avia-publicadas-bases-de-convocatoria-para-cubrir-una-plaza-de-administrativo-c1\/\" \/>\n<meta property=\"og:site_name\" content=\"Noticas de oposiciones por Academia Emplea-te\" \/>\n<meta property=\"article:publisher\" content=\"https:\/\/www.facebook.com\/AcademiaEmpleate\/\" \/>\n<meta property=\"article:published_time\" content=\"2021-09-01T08:46:38+00:00\" \/>\n<meta name=\"author\" content=\"Empleate\" \/>\n<meta name=\"twitter:card\" content=\"summary_large_image\" \/>\n<meta name=\"twitter:creator\" content=\"@Emplea_Te\" \/>\n<meta name=\"twitter:site\" content=\"@Emplea_Te\" \/>\n<meta name=\"twitter:label1\" content=\"Escrito por\" \/>\n\t<meta name=\"twitter:data1\" content=\"Empleate\" \/>\n\t<meta name=\"twitter:label2\" content=\"Tiempo de lectura\" \/>\n\t<meta name=\"twitter:data2\" content=\"1 minuto\" \/>\n<script type=\"application\/ld+json\" class=\"yoast-schema-graph\">{\"@context\":\"https:\\\/\\\/schema.org\",\"@graph\":[{\"@type\":\"Article\",\"@id\":\"https:\\\/\\\/www.emplea-te.com\\\/noticias-oposiciones\\\/ayuntamiento-de-avia-publicadas-bases-de-convocatoria-para-cubrir-una-plaza-de-administrativo-c1\\\/#article\",\"isPartOf\":{\"@id\":\"https:\\\/\\\/www.emplea-te.com\\\/noticias-oposiciones\\\/ayuntamiento-de-avia-publicadas-bases-de-convocatoria-para-cubrir-una-plaza-de-administrativo-c1\\\/\"},\"author\":{\"name\":\"Empleate\",\"@id\":\"https:\\\/\\\/www.emplea-te.com\\\/noticias-oposiciones\\\/#\\\/schema\\\/person\\\/d1bc587e1af2b95e9c32aba1795509a6\"},\"headline\":\"Ayuntamiento de Avia. Publicadas bases de convocatoria para cubrir una plaza de Administrativo C1\",\"datePublished\":\"2021-09-01T08:46:38+00:00\",\"mainEntityOfPage\":{\"@id\":\"https:\\\/\\\/www.emplea-te.com\\\/noticias-oposiciones\\\/ayuntamiento-de-avia-publicadas-bases-de-convocatoria-para-cubrir-una-plaza-de-administrativo-c1\\\/\"},\"wordCount\":211,\"publisher\":{\"@id\":\"https:\\\/\\\/www.emplea-te.com\\\/noticias-oposiciones\\\/#organization\"},\"keywords\":[\"Convocatoria\"],\"articleSection\":[\"Convocatorias Ayuntamientos\",\"Oposiciones Auton\u00f3micas Galicia\"],\"inLanguage\":\"es\"},{\"@type\":\"WebPage\",\"@id\":\"https:\\\/\\\/www.emplea-te.com\\\/noticias-oposiciones\\\/ayuntamiento-de-avia-publicadas-bases-de-convocatoria-para-cubrir-una-plaza-de-administrativo-c1\\\/\",\"url\":\"https:\\\/\\\/www.emplea-te.com\\\/noticias-oposiciones\\\/ayuntamiento-de-avia-publicadas-bases-de-convocatoria-para-cubrir-una-plaza-de-administrativo-c1\\\/\",\"name\":\"Ayuntamiento de Avia. Bases Convocatoria para la provisi\u00f3n de plaza de funcionario de Administrativo C1\",\"isPartOf\":{\"@id\":\"https:\\\/\\\/www.emplea-te.com\\\/noticias-oposiciones\\\/#website\"},\"datePublished\":\"2021-09-01T08:46:38+00:00\",\"description\":\"Ayuntamiento de Avia. Bases Convocatoria para la provisi\u00f3n de plaza de funcionario de Administrativo C1\",\"breadcrumb\":{\"@id\":\"https:\\\/\\\/www.emplea-te.com\\\/noticias-oposiciones\\\/ayuntamiento-de-avia-publicadas-bases-de-convocatoria-para-cubrir-una-plaza-de-administrativo-c1\\\/#breadcrumb\"},\"inLanguage\":\"es\",\"potentialAction\":[{\"@type\":\"ReadAction\",\"target\":[\"https:\\\/\\\/www.emplea-te.com\\\/noticias-oposiciones\\\/ayuntamiento-de-avia-publicadas-bases-de-convocatoria-para-cubrir-una-plaza-de-administrativo-c1\\\/\"]}]},{\"@type\":\"BreadcrumbList\",\"@id\":\"https:\\\/\\\/www.emplea-te.com\\\/noticias-oposiciones\\\/ayuntamiento-de-avia-publicadas-bases-de-convocatoria-para-cubrir-una-plaza-de-administrativo-c1\\\/#breadcrumb\",\"itemListElement\":[{\"@type\":\"ListItem\",\"position\":1,\"name\":\"Noticias Oposiciones\",\"item\":\"https:\\\/\\\/www.emplea-te.com\\\/noticias-oposiciones\\\/\"},{\"@type\":\"ListItem\",\"position\":2,\"name\":\"Oposiciones Auton\u00f3micas Galicia\",\"item\":\"https:\\\/\\\/www.emplea-te.com\\\/noticias-oposiciones\\\/categoria\\\/oposiciones-autonomicas-galicia\\\/\"},{\"@type\":\"ListItem\",\"position\":3,\"name\":\"Ayuntamiento de Avia. Publicadas bases de convocatoria para cubrir una plaza de Administrativo C1\"}]},{\"@type\":\"WebSite\",\"@id\":\"https:\\\/\\\/www.emplea-te.com\\\/noticias-oposiciones\\\/#website\",\"url\":\"https:\\\/\\\/www.emplea-te.com\\\/noticias-oposiciones\\\/\",\"name\":\"Noticas de oposiciones por Academia Emplea-te\",\"description\":\"Toda la actualidad de las ofertas y convocatorias.\",\"publisher\":{\"@id\":\"https:\\\/\\\/www.emplea-te.com\\\/noticias-oposiciones\\\/#organization\"},\"potentialAction\":[{\"@type\":\"SearchAction\",\"target\":{\"@type\":\"EntryPoint\",\"urlTemplate\":\"https:\\\/\\\/www.emplea-te.com\\\/noticias-oposiciones\\\/?s={search_term_string}\"},\"query-input\":{\"@type\":\"PropertyValueSpecification\",\"valueRequired\":true,\"valueName\":\"search_term_string\"}}],\"inLanguage\":\"es\"},{\"@type\":\"Organization\",\"@id\":\"https:\\\/\\\/www.emplea-te.com\\\/noticias-oposiciones\\\/#organization\",\"name\":\"Academia de oposiciones Empl\u00e9ate\",\"url\":\"https:\\\/\\\/www.emplea-te.com\\\/noticias-oposiciones\\\/\",\"logo\":{\"@type\":\"ImageObject\",\"inLanguage\":\"es\",\"@id\":\"https:\\\/\\\/www.emplea-te.com\\\/noticias-oposiciones\\\/#\\\/schema\\\/logo\\\/image\\\/\",\"url\":\"https:\\\/\\\/www.emplea-te.com\\\/noticias-oposiciones\\\/wp-content\\\/uploads\\\/2019\\\/04\\\/empleate.jpg\",\"contentUrl\":\"https:\\\/\\\/www.emplea-te.com\\\/noticias-oposiciones\\\/wp-content\\\/uploads\\\/2019\\\/04\\\/empleate.jpg\",\"width\":250,\"height\":150,\"caption\":\"Academia de oposiciones Empl\u00e9ate\"},\"image\":{\"@id\":\"https:\\\/\\\/www.emplea-te.com\\\/noticias-oposiciones\\\/#\\\/schema\\\/logo\\\/image\\\/\"},\"sameAs\":[\"https:\\\/\\\/www.facebook.com\\\/AcademiaEmpleate\\\/\",\"https:\\\/\\\/x.com\\\/Emplea_Te\",\"https:\\\/\\\/www.instagram.com\\\/academia_empleate\\\/\"]},{\"@type\":\"Person\",\"@id\":\"https:\\\/\\\/www.emplea-te.com\\\/noticias-oposiciones\\\/#\\\/schema\\\/person\\\/d1bc587e1af2b95e9c32aba1795509a6\",\"name\":\"Empleate\"}]}<\/script>\n<!-- \/ Yoast SEO plugin. -->","yoast_head_json":{"title":"Ayuntamiento de Avia. Bases Convocatoria para la provisi\u00f3n de plaza de funcionario de Administrativo C1","description":"Ayuntamiento de Avia. Bases Convocatoria para la provisi\u00f3n de plaza de funcionario de Administrativo C1","robots":{"index":"index","follow":"follow","max-snippet":"max-snippet:-1","max-image-preview":"max-image-preview:large","max-video-preview":"max-video-preview:-1"},"canonical":"https:\/\/www.emplea-te.com\/noticias-oposiciones\/ayuntamiento-de-avia-publicadas-bases-de-convocatoria-para-cubrir-una-plaza-de-administrativo-c1\/","og_locale":"es_ES","og_type":"article","og_title":"Ayuntamiento de Avia. Bases Convocatoria para la provisi\u00f3n de plaza de funcionario de Administrativo C1","og_description":"Ayuntamiento de Avia. Bases Convocatoria para la provisi\u00f3n de plaza de funcionario de Administrativo C1","og_url":"https:\/\/www.emplea-te.com\/noticias-oposiciones\/ayuntamiento-de-avia-publicadas-bases-de-convocatoria-para-cubrir-una-plaza-de-administrativo-c1\/","og_site_name":"Noticas de oposiciones por Academia Emplea-te","article_publisher":"https:\/\/www.facebook.com\/AcademiaEmpleate\/","article_published_time":"2021-09-01T08:46:38+00:00","author":"Empleate","twitter_card":"summary_large_image","twitter_creator":"@Emplea_Te","twitter_site":"@Emplea_Te","twitter_misc":{"Escrito por":"Empleate","Tiempo de lectura":"1 minuto"},"schema":{"@context":"https:\/\/schema.org","@graph":[{"@type":"Article","@id":"https:\/\/www.emplea-te.com\/noticias-oposiciones\/ayuntamiento-de-avia-publicadas-bases-de-convocatoria-para-cubrir-una-plaza-de-administrativo-c1\/#article","isPartOf":{"@id":"https:\/\/www.emplea-te.com\/noticias-oposiciones\/ayuntamiento-de-avia-publicadas-bases-de-convocatoria-para-cubrir-una-plaza-de-administrativo-c1\/"},"author":{"name":"Empleate","@id":"https:\/\/www.emplea-te.com\/noticias-oposiciones\/#\/schema\/person\/d1bc587e1af2b95e9c32aba1795509a6"},"headline":"Ayuntamiento de Avia. Publicadas bases de convocatoria para cubrir una plaza de Administrativo C1","datePublished":"2021-09-01T08:46:38+00:00","mainEntityOfPage":{"@id":"https:\/\/www.emplea-te.com\/noticias-oposiciones\/ayuntamiento-de-avia-publicadas-bases-de-convocatoria-para-cubrir-una-plaza-de-administrativo-c1\/"},"wordCount":211,"publisher":{"@id":"https:\/\/www.emplea-te.com\/noticias-oposiciones\/#organization"},"keywords":["Convocatoria"],"articleSection":["Convocatorias Ayuntamientos","Oposiciones Auton\u00f3micas Galicia"],"inLanguage":"es"},{"@type":"WebPage","@id":"https:\/\/www.emplea-te.com\/noticias-oposiciones\/ayuntamiento-de-avia-publicadas-bases-de-convocatoria-para-cubrir-una-plaza-de-administrativo-c1\/","url":"https:\/\/www.emplea-te.com\/noticias-oposiciones\/ayuntamiento-de-avia-publicadas-bases-de-convocatoria-para-cubrir-una-plaza-de-administrativo-c1\/","name":"Ayuntamiento de Avia. Bases Convocatoria para la provisi\u00f3n de plaza de funcionario de Administrativo C1","isPartOf":{"@id":"https:\/\/www.emplea-te.com\/noticias-oposiciones\/#website"},"datePublished":"2021-09-01T08:46:38+00:00","description":"Ayuntamiento de Avia. Bases Convocatoria para la provisi\u00f3n de plaza de funcionario de Administrativo C1","breadcrumb":{"@id":"https:\/\/www.emplea-te.com\/noticias-oposiciones\/ayuntamiento-de-avia-publicadas-bases-de-convocatoria-para-cubrir-una-plaza-de-administrativo-c1\/#breadcrumb"},"inLanguage":"es","potentialAction":[{"@type":"ReadAction","target":["https:\/\/www.emplea-te.com\/noticias-oposiciones\/ayuntamiento-de-avia-publicadas-bases-de-convocatoria-para-cubrir-una-plaza-de-administrativo-c1\/"]}]},{"@type":"BreadcrumbList","@id":"https:\/\/www.emplea-te.com\/noticias-oposiciones\/ayuntamiento-de-avia-publicadas-bases-de-convocatoria-para-cubrir-una-plaza-de-administrativo-c1\/#breadcrumb","itemListElement":[{"@type":"ListItem","position":1,"name":"Noticias Oposiciones","item":"https:\/\/www.emplea-te.com\/noticias-oposiciones\/"},{"@type":"ListItem","position":2,"name":"Oposiciones Auton\u00f3micas Galicia","item":"https:\/\/www.emplea-te.com\/noticias-oposiciones\/categoria\/oposiciones-autonomicas-galicia\/"},{"@type":"ListItem","position":3,"name":"Ayuntamiento de Avia. Publicadas bases de convocatoria para cubrir una plaza de Administrativo C1"}]},{"@type":"WebSite","@id":"https:\/\/www.emplea-te.com\/noticias-oposiciones\/#website","url":"https:\/\/www.emplea-te.com\/noticias-oposiciones\/","name":"Noticas de oposiciones por Academia Emplea-te","description":"Toda la actualidad de las ofertas y convocatorias.","publisher":{"@id":"https:\/\/www.emplea-te.com\/noticias-oposiciones\/#organization"},"potentialAction":[{"@type":"SearchAction","target":{"@type":"EntryPoint","urlTemplate":"https:\/\/www.emplea-te.com\/noticias-oposiciones\/?s={search_term_string}"},"query-input":{"@type":"PropertyValueSpecification","valueRequired":true,"valueName":"search_term_string"}}],"inLanguage":"es"},{"@type":"Organization","@id":"https:\/\/www.emplea-te.com\/noticias-oposiciones\/#organization","name":"Academia de oposiciones Empl\u00e9ate","url":"https:\/\/www.emplea-te.com\/noticias-oposiciones\/","logo":{"@type":"ImageObject","inLanguage":"es","@id":"https:\/\/www.emplea-te.com\/noticias-oposiciones\/#\/schema\/logo\/image\/","url":"https:\/\/www.emplea-te.com\/noticias-oposiciones\/wp-content\/uploads\/2019\/04\/empleate.jpg","contentUrl":"https:\/\/www.emplea-te.com\/noticias-oposiciones\/wp-content\/uploads\/2019\/04\/empleate.jpg","width":250,"height":150,"caption":"Academia de oposiciones Empl\u00e9ate"},"image":{"@id":"https:\/\/www.emplea-te.com\/noticias-oposiciones\/#\/schema\/logo\/image\/"},"sameAs":["https:\/\/www.facebook.com\/AcademiaEmpleate\/","https:\/\/x.com\/Emplea_Te","https:\/\/www.instagram.com\/academia_empleate\/"]},{"@type":"Person","@id":"https:\/\/www.emplea-te.com\/noticias-oposiciones\/#\/schema\/person\/d1bc587e1af2b95e9c32aba1795509a6","name":"Empleate"}]}},"_links":{"self":[{"href":"https:\/\/www.emplea-te.com\/noticias-oposiciones\/wp-json\/wp\/v2\/posts\/5207","targetHints":{"allow":["GET"]}}],"collection":[{"href":"https:\/\/www.emplea-te.com\/noticias-oposiciones\/wp-json\/wp\/v2\/posts"}],"about":[{"href":"https:\/\/www.emplea-te.com\/noticias-oposiciones\/wp-json\/wp\/v2\/types\/post"}],"author":[{"embeddable":true,"href":"https:\/\/www.emplea-te.com\/noticias-oposiciones\/wp-json\/wp\/v2\/users\/1"}],"replies":[{"embeddable":true,"href":"https:\/\/www.emplea-te.com\/noticias-oposiciones\/wp-json\/wp\/v2\/comments?post=5207"}],"version-history":[{"count":1,"href":"https:\/\/www.emplea-te.com\/noticias-oposiciones\/wp-json\/wp\/v2\/posts\/5207\/revisions"}],"predecessor-version":[{"id":5208,"href":"https:\/\/www.emplea-te.com\/noticias-oposiciones\/wp-json\/wp\/v2\/posts\/5207\/revisions\/5208"}],"wp:attachment":[{"href":"https:\/\/www.emplea-te.com\/noticias-oposiciones\/wp-json\/wp\/v2\/media?parent=5207"}],"wp:term":[{"taxonomy":"category","embeddable":true,"href":"https:\/\/www.emplea-te.com\/noticias-oposiciones\/wp-json\/wp\/v2\/categories?post=5207"},{"taxonomy":"post_tag","embeddable":true,"href":"https:\/\/www.emplea-te.com\/noticias-oposiciones\/wp-json\/wp\/v2\/tags?post=5207"}],"curies":[{"name":"wp","href":"https:\/\/api.w.org\/{rel}","templated":true}]}}