{"id":5216,"date":"2021-09-02T10:40:35","date_gmt":"2021-09-02T08:40:35","guid":{"rendered":"https:\/\/www.emplea-te.com\/noticias-oposiciones\/?p=5216"},"modified":"2021-09-02T10:40:35","modified_gmt":"2021-09-02T08:40:35","slug":"cuerpo-de-ayudante-de-instituciones-penitenciarias-publicada-fecha-y-lugar-realizacion-del-primer-ejercicio-por-el-sistema-de-acceso-libre","status":"publish","type":"post","link":"https:\/\/www.emplea-te.com\/noticias-oposiciones\/cuerpo-de-ayudante-de-instituciones-penitenciarias-publicada-fecha-y-lugar-realizacion-del-primer-ejercicio-por-el-sistema-de-acceso-libre\/","title":{"rendered":"Cuerpo de Ayudante de Instituciones Penitenciarias. Publicada Fecha y lugar realizaci\u00f3n del primer ejercicio por el sistema de acceso libre."},"content":{"rendered":"<p><strong>Cuerpo de Ayudante de Instituciones Penitenciarias (acceso libre) convocado por Resoluci\u00f3n de 18 de mayo de 2021.<\/strong><\/p>\n<p>Se publica en el BOE de hoy, d\u00eda 2 de septiembre de 2021, la Resoluci\u00f3n por la que se aprueba el listado provisional de aspirantes admitidos y excluidos en proceso selectivo y se anuncia la fecha y lugar realizaci\u00f3n del primer ejercicio.<\/p>\n<p><strong>El primer ejercicio de la convocatoria<\/strong> de las 900 plazas de la OEP 2020, se realizar\u00e1 <strong>en Madrid, el d\u00eda 14 de noviembre de 2021 , a las 10:00 horas.<br \/>\n<\/strong><br \/>\nCon la <strong>posterior publicaci\u00f3n de listados definitivos de aspirantes admitidos y excluidos,<\/strong> se <strong>concretar\u00e1 el lugar de celebraci\u00f3n<\/strong> del primer ejercicio <strong>as\u00ed como su distribuci\u00f3n por Facultades y Aulas de los aspirantes<\/strong>.<\/p>\n<p>Los <strong>aspirantes<\/strong> concurrir\u00e1n a la prueba provistos del <strong>Documento Nacional de Identidad o Pasaporte<\/strong> y deber\u00e1n ir provistos de <strong>bol\u00edgrafo azul o negro.<\/strong><\/p>\n<p><strong>Todos los aspirantes excluidos, as\u00ed como los omitidos<\/strong> por no figurar en la lista publicada disponen de un <strong>plazo de diez d\u00edas h\u00e1biles<\/strong>, contados a partir del siguiente al de la publicaci\u00f3n de esta Resoluci\u00f3n en el \u00abBolet\u00edn Oficial del Estado\u00bb,<strong> para subsanar los defectos que hayan motivado su exclusi\u00f3n u omisi\u00f3n.<\/strong><\/p>\n<p>La\u00a0<strong> subsanaci\u00f3n de las solicitudes<\/strong> se realizar\u00e1 por <strong>v\u00eda<\/strong><br \/>\n<strong>electr\u00f3nica<\/strong>, haciendo uso del servicio Inscripci\u00f3n en Procesos Pruebas Selectivas del punto de acceso general <strong>(<a href=\"http:\/\/administracion.gob.es\/PAG\/ips\" target=\"_blank\" rel=\"noopener noreferrer\">http:\/\/administracion.gob.es\/PAG\/ips<\/a>)<\/strong>, siguiendo las instrucciones que se le indiquen, siendo necesario identificarse mediante la plataforma de identificaci\u00f3n y firma electr\u00f3nica cl@ve, en cualquiera de sus modalidades.<\/p>\n<p><a href=\"https:\/\/www.boe.es\/boe\/dias\/2021\/09\/02\/pdfs\/BOE-A-2021-14424.pdf\" target=\"_blank\" rel=\"noopener noreferrer\">Enlace a Resoluci\u00f3n publicada en el BOE\u00a0<\/a><\/p>\n<p>&nbsp;<\/p>\n<p>&nbsp;<\/p>\n","protected":false},"excerpt":{"rendered":"<p>Cuerpo de Ayudante de Instituciones Penitenciarias (acceso libre) convocado por Resoluci\u00f3n de 18 de mayo de 2021. Se publica en el BOE de hoy, d\u00eda 2 de septiembre de 2021, la Resoluci\u00f3n por la que se aprueba el listado provisional de aspirantes admitidos y excluidos en proceso selectivo y se anuncia la fecha y lugar &hellip; <a href=\"https:\/\/www.emplea-te.com\/noticias-oposiciones\/cuerpo-de-ayudante-de-instituciones-penitenciarias-publicada-fecha-y-lugar-realizacion-del-primer-ejercicio-por-el-sistema-de-acceso-libre\/\" class=\"more-link\">Continuar leyendo<span class=\"screen-reader-text\"> \u00abCuerpo de Ayudante de Instituciones Penitenciarias. Publicada Fecha y lugar realizaci\u00f3n del primer ejercicio por el sistema de acceso libre.\u00bb<\/span><\/a><\/p>\n","protected":false},"author":1,"featured_media":0,"comment_status":"closed","ping_status":"closed","sticky":false,"template":"","format":"standard","meta":{"footnotes":""},"categories":[47,13],"tags":[49],"class_list":["post-5216","post","type-post","status-publish","format-standard","hentry","category-administracion-general-del-estado","category-ayudantes-de-instituciones-penitenciarias-c1-acceso-libre","tag-convocatorias-de-oposiciones"],"yoast_head":"<!-- This site is optimized with the Yoast SEO plugin v27.3 - https:\/\/yoast.com\/product\/yoast-seo-wordpress\/ -->\n<title>Cuerpo de Ayudante de Instituciones Penitenciarias. Publicada fecha realizaci\u00f3n primer ejercicio y listado provisional de aspirantes admitidos y excluidos.<\/title>\n<meta name=\"description\" content=\"Cuerpo de Ayudante de Instituciones Penitenciarias. Publicada fecha realizaci\u00f3n primer ejercicio y listado provisional de aspirantes admitidos y excluidos.\" \/>\n<meta name=\"robots\" content=\"index, follow, max-snippet:-1, max-image-preview:large, max-video-preview:-1\" \/>\n<link rel=\"canonical\" href=\"https:\/\/www.emplea-te.com\/noticias-oposiciones\/cuerpo-de-ayudante-de-instituciones-penitenciarias-publicada-fecha-y-lugar-realizacion-del-primer-ejercicio-por-el-sistema-de-acceso-libre\/\" \/>\n<meta property=\"og:locale\" content=\"es_ES\" \/>\n<meta property=\"og:type\" content=\"article\" \/>\n<meta property=\"og:title\" content=\"Cuerpo de Ayudante de Instituciones Penitenciarias. Publicada fecha realizaci\u00f3n primer ejercicio y listado provisional de aspirantes admitidos y excluidos.\" \/>\n<meta property=\"og:description\" content=\"Cuerpo de Ayudante de Instituciones Penitenciarias. Publicada fecha realizaci\u00f3n primer ejercicio y listado provisional de aspirantes admitidos y excluidos.\" \/>\n<meta property=\"og:url\" content=\"https:\/\/www.emplea-te.com\/noticias-oposiciones\/cuerpo-de-ayudante-de-instituciones-penitenciarias-publicada-fecha-y-lugar-realizacion-del-primer-ejercicio-por-el-sistema-de-acceso-libre\/\" \/>\n<meta property=\"og:site_name\" content=\"Noticas de oposiciones por Academia Emplea-te\" \/>\n<meta property=\"article:publisher\" content=\"https:\/\/www.facebook.com\/AcademiaEmpleate\/\" \/>\n<meta property=\"article:published_time\" content=\"2021-09-02T08:40:35+00:00\" \/>\n<meta name=\"author\" content=\"Empleate\" \/>\n<meta name=\"twitter:card\" content=\"summary_large_image\" \/>\n<meta name=\"twitter:creator\" content=\"@Emplea_Te\" \/>\n<meta name=\"twitter:site\" content=\"@Emplea_Te\" \/>\n<meta name=\"twitter:label1\" content=\"Escrito por\" \/>\n\t<meta name=\"twitter:data1\" content=\"Empleate\" \/>\n\t<meta name=\"twitter:label2\" content=\"Tiempo de lectura\" \/>\n\t<meta name=\"twitter:data2\" content=\"2 minutos\" \/>\n<script type=\"application\/ld+json\" class=\"yoast-schema-graph\">{\"@context\":\"https:\\\/\\\/schema.org\",\"@graph\":[{\"@type\":\"Article\",\"@id\":\"https:\\\/\\\/www.emplea-te.com\\\/noticias-oposiciones\\\/cuerpo-de-ayudante-de-instituciones-penitenciarias-publicada-fecha-y-lugar-realizacion-del-primer-ejercicio-por-el-sistema-de-acceso-libre\\\/#article\",\"isPartOf\":{\"@id\":\"https:\\\/\\\/www.emplea-te.com\\\/noticias-oposiciones\\\/cuerpo-de-ayudante-de-instituciones-penitenciarias-publicada-fecha-y-lugar-realizacion-del-primer-ejercicio-por-el-sistema-de-acceso-libre\\\/\"},\"author\":{\"name\":\"Empleate\",\"@id\":\"https:\\\/\\\/www.emplea-te.com\\\/noticias-oposiciones\\\/#\\\/schema\\\/person\\\/d1bc587e1af2b95e9c32aba1795509a6\"},\"headline\":\"Cuerpo de Ayudante de Instituciones Penitenciarias. Publicada Fecha y lugar realizaci\u00f3n del primer ejercicio por el sistema de acceso libre.\",\"datePublished\":\"2021-09-02T08:40:35+00:00\",\"mainEntityOfPage\":{\"@id\":\"https:\\\/\\\/www.emplea-te.com\\\/noticias-oposiciones\\\/cuerpo-de-ayudante-de-instituciones-penitenciarias-publicada-fecha-y-lugar-realizacion-del-primer-ejercicio-por-el-sistema-de-acceso-libre\\\/\"},\"wordCount\":296,\"publisher\":{\"@id\":\"https:\\\/\\\/www.emplea-te.com\\\/noticias-oposiciones\\\/#organization\"},\"keywords\":[\"Convocatoria\"],\"articleSection\":[\"Administraci\u00f3n General del Estado.\",\"Oposiciones Ayudantes de Instituciones Penitenciarias C1\"],\"inLanguage\":\"es\"},{\"@type\":\"WebPage\",\"@id\":\"https:\\\/\\\/www.emplea-te.com\\\/noticias-oposiciones\\\/cuerpo-de-ayudante-de-instituciones-penitenciarias-publicada-fecha-y-lugar-realizacion-del-primer-ejercicio-por-el-sistema-de-acceso-libre\\\/\",\"url\":\"https:\\\/\\\/www.emplea-te.com\\\/noticias-oposiciones\\\/cuerpo-de-ayudante-de-instituciones-penitenciarias-publicada-fecha-y-lugar-realizacion-del-primer-ejercicio-por-el-sistema-de-acceso-libre\\\/\",\"name\":\"Cuerpo de Ayudante de Instituciones Penitenciarias. Publicada fecha realizaci\u00f3n primer ejercicio y listado provisional de aspirantes admitidos y excluidos.\",\"isPartOf\":{\"@id\":\"https:\\\/\\\/www.emplea-te.com\\\/noticias-oposiciones\\\/#website\"},\"datePublished\":\"2021-09-02T08:40:35+00:00\",\"description\":\"Cuerpo de Ayudante de Instituciones Penitenciarias. Publicada fecha realizaci\u00f3n primer ejercicio y listado provisional de aspirantes admitidos y excluidos.\",\"breadcrumb\":{\"@id\":\"https:\\\/\\\/www.emplea-te.com\\\/noticias-oposiciones\\\/cuerpo-de-ayudante-de-instituciones-penitenciarias-publicada-fecha-y-lugar-realizacion-del-primer-ejercicio-por-el-sistema-de-acceso-libre\\\/#breadcrumb\"},\"inLanguage\":\"es\",\"potentialAction\":[{\"@type\":\"ReadAction\",\"target\":[\"https:\\\/\\\/www.emplea-te.com\\\/noticias-oposiciones\\\/cuerpo-de-ayudante-de-instituciones-penitenciarias-publicada-fecha-y-lugar-realizacion-del-primer-ejercicio-por-el-sistema-de-acceso-libre\\\/\"]}]},{\"@type\":\"BreadcrumbList\",\"@id\":\"https:\\\/\\\/www.emplea-te.com\\\/noticias-oposiciones\\\/cuerpo-de-ayudante-de-instituciones-penitenciarias-publicada-fecha-y-lugar-realizacion-del-primer-ejercicio-por-el-sistema-de-acceso-libre\\\/#breadcrumb\",\"itemListElement\":[{\"@type\":\"ListItem\",\"position\":1,\"name\":\"Noticias Oposiciones\",\"item\":\"https:\\\/\\\/www.emplea-te.com\\\/noticias-oposiciones\\\/\"},{\"@type\":\"ListItem\",\"position\":2,\"name\":\"Administraci\u00f3n General del Estado.\",\"item\":\"https:\\\/\\\/www.emplea-te.com\\\/noticias-oposiciones\\\/categoria\\\/administracion-general-del-estado\\\/\"},{\"@type\":\"ListItem\",\"position\":3,\"name\":\"Oposiciones Ayudantes de Instituciones Penitenciarias C1\",\"item\":\"https:\\\/\\\/www.emplea-te.com\\\/noticias-oposiciones\\\/categoria\\\/administracion-general-del-estado\\\/ayudantes-de-instituciones-penitenciarias-c1-acceso-libre\\\/\"},{\"@type\":\"ListItem\",\"position\":4,\"name\":\"Cuerpo de Ayudante de Instituciones Penitenciarias. Publicada Fecha y lugar realizaci\u00f3n del primer ejercicio por el sistema de acceso libre.\"}]},{\"@type\":\"WebSite\",\"@id\":\"https:\\\/\\\/www.emplea-te.com\\\/noticias-oposiciones\\\/#website\",\"url\":\"https:\\\/\\\/www.emplea-te.com\\\/noticias-oposiciones\\\/\",\"name\":\"Noticas de oposiciones por Academia Emplea-te\",\"description\":\"Toda la actualidad de las ofertas y convocatorias.\",\"publisher\":{\"@id\":\"https:\\\/\\\/www.emplea-te.com\\\/noticias-oposiciones\\\/#organization\"},\"potentialAction\":[{\"@type\":\"SearchAction\",\"target\":{\"@type\":\"EntryPoint\",\"urlTemplate\":\"https:\\\/\\\/www.emplea-te.com\\\/noticias-oposiciones\\\/?s={search_term_string}\"},\"query-input\":{\"@type\":\"PropertyValueSpecification\",\"valueRequired\":true,\"valueName\":\"search_term_string\"}}],\"inLanguage\":\"es\"},{\"@type\":\"Organization\",\"@id\":\"https:\\\/\\\/www.emplea-te.com\\\/noticias-oposiciones\\\/#organization\",\"name\":\"Academia de oposiciones Empl\u00e9ate\",\"url\":\"https:\\\/\\\/www.emplea-te.com\\\/noticias-oposiciones\\\/\",\"logo\":{\"@type\":\"ImageObject\",\"inLanguage\":\"es\",\"@id\":\"https:\\\/\\\/www.emplea-te.com\\\/noticias-oposiciones\\\/#\\\/schema\\\/logo\\\/image\\\/\",\"url\":\"https:\\\/\\\/www.emplea-te.com\\\/noticias-oposiciones\\\/wp-content\\\/uploads\\\/2019\\\/04\\\/empleate.jpg\",\"contentUrl\":\"https:\\\/\\\/www.emplea-te.com\\\/noticias-oposiciones\\\/wp-content\\\/uploads\\\/2019\\\/04\\\/empleate.jpg\",\"width\":250,\"height\":150,\"caption\":\"Academia de oposiciones Empl\u00e9ate\"},\"image\":{\"@id\":\"https:\\\/\\\/www.emplea-te.com\\\/noticias-oposiciones\\\/#\\\/schema\\\/logo\\\/image\\\/\"},\"sameAs\":[\"https:\\\/\\\/www.facebook.com\\\/AcademiaEmpleate\\\/\",\"https:\\\/\\\/x.com\\\/Emplea_Te\",\"https:\\\/\\\/www.instagram.com\\\/academia_empleate\\\/\"]},{\"@type\":\"Person\",\"@id\":\"https:\\\/\\\/www.emplea-te.com\\\/noticias-oposiciones\\\/#\\\/schema\\\/person\\\/d1bc587e1af2b95e9c32aba1795509a6\",\"name\":\"Empleate\"}]}<\/script>\n<!-- \/ Yoast SEO plugin. -->","yoast_head_json":{"title":"Cuerpo de Ayudante de Instituciones Penitenciarias. Publicada fecha realizaci\u00f3n primer ejercicio y listado provisional de aspirantes admitidos y excluidos.","description":"Cuerpo de Ayudante de Instituciones Penitenciarias. Publicada fecha realizaci\u00f3n primer ejercicio y listado provisional de aspirantes admitidos y excluidos.","robots":{"index":"index","follow":"follow","max-snippet":"max-snippet:-1","max-image-preview":"max-image-preview:large","max-video-preview":"max-video-preview:-1"},"canonical":"https:\/\/www.emplea-te.com\/noticias-oposiciones\/cuerpo-de-ayudante-de-instituciones-penitenciarias-publicada-fecha-y-lugar-realizacion-del-primer-ejercicio-por-el-sistema-de-acceso-libre\/","og_locale":"es_ES","og_type":"article","og_title":"Cuerpo de Ayudante de Instituciones Penitenciarias. Publicada fecha realizaci\u00f3n primer ejercicio y listado provisional de aspirantes admitidos y excluidos.","og_description":"Cuerpo de Ayudante de Instituciones Penitenciarias. Publicada fecha realizaci\u00f3n primer ejercicio y listado provisional de aspirantes admitidos y excluidos.","og_url":"https:\/\/www.emplea-te.com\/noticias-oposiciones\/cuerpo-de-ayudante-de-instituciones-penitenciarias-publicada-fecha-y-lugar-realizacion-del-primer-ejercicio-por-el-sistema-de-acceso-libre\/","og_site_name":"Noticas de oposiciones por Academia Emplea-te","article_publisher":"https:\/\/www.facebook.com\/AcademiaEmpleate\/","article_published_time":"2021-09-02T08:40:35+00:00","author":"Empleate","twitter_card":"summary_large_image","twitter_creator":"@Emplea_Te","twitter_site":"@Emplea_Te","twitter_misc":{"Escrito por":"Empleate","Tiempo de lectura":"2 minutos"},"schema":{"@context":"https:\/\/schema.org","@graph":[{"@type":"Article","@id":"https:\/\/www.emplea-te.com\/noticias-oposiciones\/cuerpo-de-ayudante-de-instituciones-penitenciarias-publicada-fecha-y-lugar-realizacion-del-primer-ejercicio-por-el-sistema-de-acceso-libre\/#article","isPartOf":{"@id":"https:\/\/www.emplea-te.com\/noticias-oposiciones\/cuerpo-de-ayudante-de-instituciones-penitenciarias-publicada-fecha-y-lugar-realizacion-del-primer-ejercicio-por-el-sistema-de-acceso-libre\/"},"author":{"name":"Empleate","@id":"https:\/\/www.emplea-te.com\/noticias-oposiciones\/#\/schema\/person\/d1bc587e1af2b95e9c32aba1795509a6"},"headline":"Cuerpo de Ayudante de Instituciones Penitenciarias. Publicada Fecha y lugar realizaci\u00f3n del primer ejercicio por el sistema de acceso libre.","datePublished":"2021-09-02T08:40:35+00:00","mainEntityOfPage":{"@id":"https:\/\/www.emplea-te.com\/noticias-oposiciones\/cuerpo-de-ayudante-de-instituciones-penitenciarias-publicada-fecha-y-lugar-realizacion-del-primer-ejercicio-por-el-sistema-de-acceso-libre\/"},"wordCount":296,"publisher":{"@id":"https:\/\/www.emplea-te.com\/noticias-oposiciones\/#organization"},"keywords":["Convocatoria"],"articleSection":["Administraci\u00f3n General del Estado.","Oposiciones Ayudantes de Instituciones Penitenciarias C1"],"inLanguage":"es"},{"@type":"WebPage","@id":"https:\/\/www.emplea-te.com\/noticias-oposiciones\/cuerpo-de-ayudante-de-instituciones-penitenciarias-publicada-fecha-y-lugar-realizacion-del-primer-ejercicio-por-el-sistema-de-acceso-libre\/","url":"https:\/\/www.emplea-te.com\/noticias-oposiciones\/cuerpo-de-ayudante-de-instituciones-penitenciarias-publicada-fecha-y-lugar-realizacion-del-primer-ejercicio-por-el-sistema-de-acceso-libre\/","name":"Cuerpo de Ayudante de Instituciones Penitenciarias. Publicada fecha realizaci\u00f3n primer ejercicio y listado provisional de aspirantes admitidos y excluidos.","isPartOf":{"@id":"https:\/\/www.emplea-te.com\/noticias-oposiciones\/#website"},"datePublished":"2021-09-02T08:40:35+00:00","description":"Cuerpo de Ayudante de Instituciones Penitenciarias. Publicada fecha realizaci\u00f3n primer ejercicio y listado provisional de aspirantes admitidos y excluidos.","breadcrumb":{"@id":"https:\/\/www.emplea-te.com\/noticias-oposiciones\/cuerpo-de-ayudante-de-instituciones-penitenciarias-publicada-fecha-y-lugar-realizacion-del-primer-ejercicio-por-el-sistema-de-acceso-libre\/#breadcrumb"},"inLanguage":"es","potentialAction":[{"@type":"ReadAction","target":["https:\/\/www.emplea-te.com\/noticias-oposiciones\/cuerpo-de-ayudante-de-instituciones-penitenciarias-publicada-fecha-y-lugar-realizacion-del-primer-ejercicio-por-el-sistema-de-acceso-libre\/"]}]},{"@type":"BreadcrumbList","@id":"https:\/\/www.emplea-te.com\/noticias-oposiciones\/cuerpo-de-ayudante-de-instituciones-penitenciarias-publicada-fecha-y-lugar-realizacion-del-primer-ejercicio-por-el-sistema-de-acceso-libre\/#breadcrumb","itemListElement":[{"@type":"ListItem","position":1,"name":"Noticias Oposiciones","item":"https:\/\/www.emplea-te.com\/noticias-oposiciones\/"},{"@type":"ListItem","position":2,"name":"Administraci\u00f3n General del Estado.","item":"https:\/\/www.emplea-te.com\/noticias-oposiciones\/categoria\/administracion-general-del-estado\/"},{"@type":"ListItem","position":3,"name":"Oposiciones Ayudantes de Instituciones Penitenciarias C1","item":"https:\/\/www.emplea-te.com\/noticias-oposiciones\/categoria\/administracion-general-del-estado\/ayudantes-de-instituciones-penitenciarias-c1-acceso-libre\/"},{"@type":"ListItem","position":4,"name":"Cuerpo de Ayudante de Instituciones Penitenciarias. Publicada Fecha y lugar realizaci\u00f3n del primer ejercicio por el sistema de acceso libre."}]},{"@type":"WebSite","@id":"https:\/\/www.emplea-te.com\/noticias-oposiciones\/#website","url":"https:\/\/www.emplea-te.com\/noticias-oposiciones\/","name":"Noticas de oposiciones por Academia Emplea-te","description":"Toda la actualidad de las ofertas y convocatorias.","publisher":{"@id":"https:\/\/www.emplea-te.com\/noticias-oposiciones\/#organization"},"potentialAction":[{"@type":"SearchAction","target":{"@type":"EntryPoint","urlTemplate":"https:\/\/www.emplea-te.com\/noticias-oposiciones\/?s={search_term_string}"},"query-input":{"@type":"PropertyValueSpecification","valueRequired":true,"valueName":"search_term_string"}}],"inLanguage":"es"},{"@type":"Organization","@id":"https:\/\/www.emplea-te.com\/noticias-oposiciones\/#organization","name":"Academia de oposiciones Empl\u00e9ate","url":"https:\/\/www.emplea-te.com\/noticias-oposiciones\/","logo":{"@type":"ImageObject","inLanguage":"es","@id":"https:\/\/www.emplea-te.com\/noticias-oposiciones\/#\/schema\/logo\/image\/","url":"https:\/\/www.emplea-te.com\/noticias-oposiciones\/wp-content\/uploads\/2019\/04\/empleate.jpg","contentUrl":"https:\/\/www.emplea-te.com\/noticias-oposiciones\/wp-content\/uploads\/2019\/04\/empleate.jpg","width":250,"height":150,"caption":"Academia de oposiciones Empl\u00e9ate"},"image":{"@id":"https:\/\/www.emplea-te.com\/noticias-oposiciones\/#\/schema\/logo\/image\/"},"sameAs":["https:\/\/www.facebook.com\/AcademiaEmpleate\/","https:\/\/x.com\/Emplea_Te","https:\/\/www.instagram.com\/academia_empleate\/"]},{"@type":"Person","@id":"https:\/\/www.emplea-te.com\/noticias-oposiciones\/#\/schema\/person\/d1bc587e1af2b95e9c32aba1795509a6","name":"Empleate"}]}},"_links":{"self":[{"href":"https:\/\/www.emplea-te.com\/noticias-oposiciones\/wp-json\/wp\/v2\/posts\/5216","targetHints":{"allow":["GET"]}}],"collection":[{"href":"https:\/\/www.emplea-te.com\/noticias-oposiciones\/wp-json\/wp\/v2\/posts"}],"about":[{"href":"https:\/\/www.emplea-te.com\/noticias-oposiciones\/wp-json\/wp\/v2\/types\/post"}],"author":[{"embeddable":true,"href":"https:\/\/www.emplea-te.com\/noticias-oposiciones\/wp-json\/wp\/v2\/users\/1"}],"replies":[{"embeddable":true,"href":"https:\/\/www.emplea-te.com\/noticias-oposiciones\/wp-json\/wp\/v2\/comments?post=5216"}],"version-history":[{"count":1,"href":"https:\/\/www.emplea-te.com\/noticias-oposiciones\/wp-json\/wp\/v2\/posts\/5216\/revisions"}],"predecessor-version":[{"id":5217,"href":"https:\/\/www.emplea-te.com\/noticias-oposiciones\/wp-json\/wp\/v2\/posts\/5216\/revisions\/5217"}],"wp:attachment":[{"href":"https:\/\/www.emplea-te.com\/noticias-oposiciones\/wp-json\/wp\/v2\/media?parent=5216"}],"wp:term":[{"taxonomy":"category","embeddable":true,"href":"https:\/\/www.emplea-te.com\/noticias-oposiciones\/wp-json\/wp\/v2\/categories?post=5216"},{"taxonomy":"post_tag","embeddable":true,"href":"https:\/\/www.emplea-te.com\/noticias-oposiciones\/wp-json\/wp\/v2\/tags?post=5216"}],"curies":[{"name":"wp","href":"https:\/\/api.w.org\/{rel}","templated":true}]}}